{"id":24961,"date":"2026-09-03T23:34:14","date_gmt":"2026-09-04T05:34:14","guid":{"rendered":"https:\/\/masquenoticias.mx\/?p=24961"},"modified":"2026-09-03T23:34:14","modified_gmt":"2026-09-04T05:34:14","slug":"estrenan-en-festival-de-venecia-salon-de-belleza-filme-grabado-en-manzanillo","status":"publish","type":"post","link":"https:\/\/masquenoticias.mx\/index.php\/2026\/09\/03\/estrenan-en-festival-de-venecia-salon-de-belleza-filme-grabado-en-manzanillo\/","title":{"rendered":"Estrenan en Festival de Venecia \u2018Sal\u00f3n de Belleza\u2019, filme grabado en Manzanillo"},"content":{"rendered":"<p>Este mi\u00e9rcoles se present\u00f3 el filme \u2018Sal\u00f3n de Belleza\u2019, adaptaci\u00f3n cinematogr\u00e1fica de la c\u00e9lebre novela hom\u00f3nima del escritor Mario Bellatin; que tuvo su estreno mundial en la secci\u00f3n Giornate degli Autori, dentro del Festival Internacional de Cine de Venecia. La producci\u00f3n fue filmada principalmente en el puerto de Manzanillo, Colima, cuyas locaciones contribuyeron a construir la atm\u00f3sfera visual y narrativa de esta propuesta cinematogr\u00e1fica.<\/p>\n<p>El proyecto cont\u00f3 con el acompa\u00f1amiento de la oficina de enlace de la Comisi\u00f3n Mexicana de Filmaciones (Comefilm) y la Subsecretar\u00eda de Turismo (Subsectur) del Gobierno del Estado de Colima que preside la mandataria Indira Vizca\u00edno Silva, que particip\u00f3 en diversas gestiones, permisos y b\u00fasqueda de locaciones para facilitar el desarrollo de la producci\u00f3n en territorio colimense.<\/p>\n<p>\u2018Sal\u00f3n de Belleza\u2019 fue protagonizada por Sam Louwyck y Erwan Kepoa Fal\u00e9, con una adaptaci\u00f3n cinematogr\u00e1fica escrita por Nathalia Acevedo y Diego Sep\u00falveda. El subsecretario de Turismo, Jorge Padilla Castillo, destac\u00f3 la importancia de este proyecto y su contribuci\u00f3n en la proyecci\u00f3n internacional de Manzanillo #DelMarALaMonta\u00f1a<\/p>\n","protected":false},"excerpt":{"rendered":"<p>Este mi\u00e9rcoles se present\u00f3 el filme \u2018Sal\u00f3n de Belleza\u2019, adaptaci\u00f3n cinematogr\u00e1fica de la c\u00e9lebre novela hom\u00f3nima del escritor Mario Bellatin; que tuvo su estreno mundial en la secci\u00f3n Giornate degli Autori, dentro del Festival Internacional de Cine de Venecia. La producci\u00f3n fue filmada principalmente en el puerto de Manzanillo, Colima, cuyas locaciones contribuyeron a construir [&hellip;]<\/p>\n","protected":false},"author":1,"featured_media":24962,"comment_status":"open","ping_status":"open","sticky":false,"template":"","format":"standard","meta":{"_jetpack_memberships_contains_paid_content":false,"footnotes":""},"categories":[24],"tags":[37,96],"class_list":["post-24961","post","type-post","status-publish","format-standard","has-post-thumbnail","hentry","category-estado","tag-manzanillo","tag-turismo"],"yoast_head":"<!-- This site is optimized with the Yoast SEO plugin v26.6 - https:\/\/yoast.com\/wordpress\/plugins\/seo\/ -->\n<title>Estrenan en Festival de Venecia \u2018Sal\u00f3n de Belleza\u2019, filme grabado en Manzanillo - M\u00e1s Que Noticias<\/title>\n<meta name=\"robots\" content=\"index, follow, max-snippet:-1, max-image-preview:large, max-video-preview:-1\" \/>\n<link rel=\"canonical\" href=\"https:\/\/masquenoticias.mx\/index.php\/2026\/09\/03\/estrenan-en-festival-de-venecia-salon-de-belleza-filme-grabado-en-manzanillo\/\" \/>\n<meta property=\"og:locale\" content=\"es_MX\" \/>\n<meta property=\"og:type\" content=\"article\" \/>\n<meta property=\"og:title\" content=\"Estrenan en Festival de Venecia \u2018Sal\u00f3n de Belleza\u2019, filme grabado en Manzanillo - M\u00e1s Que Noticias\" \/>\n<meta property=\"og:description\" content=\"Este mi\u00e9rcoles se present\u00f3 el filme \u2018Sal\u00f3n de Belleza\u2019, adaptaci\u00f3n cinematogr\u00e1fica de la c\u00e9lebre novela hom\u00f3nima del escritor Mario Bellatin; que tuvo su estreno mundial en la secci\u00f3n Giornate degli Autori, dentro del Festival Internacional de Cine de Venecia. La producci\u00f3n fue filmada principalmente en el puerto de Manzanillo, Colima, cuyas locaciones contribuyeron a construir [&hellip;]\" \/>\n<meta property=\"og:url\" content=\"https:\/\/masquenoticias.mx\/index.php\/2026\/09\/03\/estrenan-en-festival-de-venecia-salon-de-belleza-filme-grabado-en-manzanillo\/\" \/>\n<meta property=\"og:site_name\" content=\"M\u00e1s Que Noticias\" \/>\n<meta property=\"article:publisher\" content=\"https:\/\/www.facebook.com\/masquenoticiascolima\" \/>\n<meta property=\"article:published_time\" content=\"2026-09-04T05:34:14+00:00\" \/>\n<meta property=\"og:image\" content=\"https:\/\/masquenoticias.mx\/wp-content\/uploads\/2026\/09\/cultura.jpeg\" \/>\n\t<meta property=\"og:image:width\" content=\"399\" \/>\n\t<meta property=\"og:image:height\" content=\"501\" \/>\n\t<meta property=\"og:image:type\" content=\"image\/jpeg\" \/>\n<meta name=\"author\" content=\"Redacci\u00f3n\" \/>\n<meta name=\"twitter:card\" content=\"summary_large_image\" \/>\n<meta name=\"twitter:creator\" content=\"@edgartove\" \/>\n<meta name=\"twitter:site\" content=\"@edgartove\" \/>\n<meta name=\"twitter:label1\" content=\"Escrito por\" \/>\n\t<meta name=\"twitter:data1\" content=\"Redacci\u00f3n\" \/>\n\t<meta name=\"twitter:label2\" content=\"Tiempo de lectura\" \/>\n\t<meta name=\"twitter:data2\" content=\"1 minuto\" \/>\n<script type=\"application\/ld+json\" class=\"yoast-schema-graph\">{\"@context\":\"https:\/\/schema.org\",\"@graph\":[{\"@type\":\"Article\",\"@id\":\"https:\/\/masquenoticias.mx\/index.php\/2026\/09\/03\/estrenan-en-festival-de-venecia-salon-de-belleza-filme-grabado-en-manzanillo\/#article\",\"isPartOf\":{\"@id\":\"https:\/\/masquenoticias.mx\/index.php\/2026\/09\/03\/estrenan-en-festival-de-venecia-salon-de-belleza-filme-grabado-en-manzanillo\/\"},\"author\":{\"name\":\"Redacci\u00f3n\",\"@id\":\"https:\/\/masquenoticias.mx\/#\/schema\/person\/544d19989ef23d34615f691f7a96e622\"},\"headline\":\"Estrenan en Festival de Venecia \u2018Sal\u00f3n de Belleza\u2019, filme grabado en Manzanillo\",\"datePublished\":\"2026-09-04T05:34:14+00:00\",\"mainEntityOfPage\":{\"@id\":\"https:\/\/masquenoticias.mx\/index.php\/2026\/09\/03\/estrenan-en-festival-de-venecia-salon-de-belleza-filme-grabado-en-manzanillo\/\"},\"wordCount\":203,\"commentCount\":0,\"publisher\":{\"@id\":\"https:\/\/masquenoticias.mx\/#organization\"},\"image\":{\"@id\":\"https:\/\/masquenoticias.mx\/index.php\/2026\/09\/03\/estrenan-en-festival-de-venecia-salon-de-belleza-filme-grabado-en-manzanillo\/#primaryimage\"},\"thumbnailUrl\":\"https:\/\/i0.wp.com\/masquenoticias.mx\/wp-content\/uploads\/2026\/09\/cultura.jpeg?fit=399%2C501&ssl=1\",\"keywords\":[\"Manzanillo\",\"Turismo\"],\"articleSection\":[\"Estado\"],\"inLanguage\":\"es\",\"potentialAction\":[{\"@type\":\"CommentAction\",\"name\":\"Comment\",\"target\":[\"https:\/\/masquenoticias.mx\/index.php\/2026\/09\/03\/estrenan-en-festival-de-venecia-salon-de-belleza-filme-grabado-en-manzanillo\/#respond\"]}]},{\"@type\":\"WebPage\",\"@id\":\"https:\/\/masquenoticias.mx\/index.php\/2026\/09\/03\/estrenan-en-festival-de-venecia-salon-de-belleza-filme-grabado-en-manzanillo\/\",\"url\":\"https:\/\/masquenoticias.mx\/index.php\/2026\/09\/03\/estrenan-en-festival-de-venecia-salon-de-belleza-filme-grabado-en-manzanillo\/\",\"name\":\"Estrenan en Festival de Venecia \u2018Sal\u00f3n de Belleza\u2019, filme grabado en Manzanillo - M\u00e1s Que Noticias\",\"isPartOf\":{\"@id\":\"https:\/\/masquenoticias.mx\/#website\"},\"primaryImageOfPage\":{\"@id\":\"https:\/\/masquenoticias.mx\/index.php\/2026\/09\/03\/estrenan-en-festival-de-venecia-salon-de-belleza-filme-grabado-en-manzanillo\/#primaryimage\"},\"image\":{\"@id\":\"https:\/\/masquenoticias.mx\/index.php\/2026\/09\/03\/estrenan-en-festival-de-venecia-salon-de-belleza-filme-grabado-en-manzanillo\/#primaryimage\"},\"thumbnailUrl\":\"https:\/\/i0.wp.com\/masquenoticias.mx\/wp-content\/uploads\/2026\/09\/cultura.jpeg?fit=399%2C501&ssl=1\",\"datePublished\":\"2026-09-04T05:34:14+00:00\",\"breadcrumb\":{\"@id\":\"https:\/\/masquenoticias.mx\/index.php\/2026\/09\/03\/estrenan-en-festival-de-venecia-salon-de-belleza-filme-grabado-en-manzanillo\/#breadcrumb\"},\"inLanguage\":\"es\",\"potentialAction\":[{\"@type\":\"ReadAction\",\"target\":[\"https:\/\/masquenoticias.mx\/index.php\/2026\/09\/03\/estrenan-en-festival-de-venecia-salon-de-belleza-filme-grabado-en-manzanillo\/\"]}]},{\"@type\":\"ImageObject\",\"inLanguage\":\"es\",\"@id\":\"https:\/\/masquenoticias.mx\/index.php\/2026\/09\/03\/estrenan-en-festival-de-venecia-salon-de-belleza-filme-grabado-en-manzanillo\/#primaryimage\",\"url\":\"https:\/\/i0.wp.com\/masquenoticias.mx\/wp-content\/uploads\/2026\/09\/cultura.jpeg?fit=399%2C501&ssl=1\",\"contentUrl\":\"https:\/\/i0.wp.com\/masquenoticias.mx\/wp-content\/uploads\/2026\/09\/cultura.jpeg?fit=399%2C501&ssl=1\",\"width\":399,\"height\":501},{\"@type\":\"BreadcrumbList\",\"@id\":\"https:\/\/masquenoticias.mx\/index.php\/2026\/09\/03\/estrenan-en-festival-de-venecia-salon-de-belleza-filme-grabado-en-manzanillo\/#breadcrumb\",\"itemListElement\":[{\"@type\":\"ListItem\",\"position\":1,\"name\":\"Inicio\",\"item\":\"https:\/\/masquenoticias.mx\/\"},{\"@type\":\"ListItem\",\"position\":2,\"name\":\"Estrenan en Festival de Venecia \u2018Sal\u00f3n de Belleza\u2019, filme grabado en Manzanillo\"}]},{\"@type\":\"WebSite\",\"@id\":\"https:\/\/masquenoticias.mx\/#website\",\"url\":\"https:\/\/masquenoticias.mx\/\",\"name\":\"M\u00e1s Que Noticias\",\"description\":\"Noticias de Colima, M\u00e9xico y el Mundo\",\"publisher\":{\"@id\":\"https:\/\/masquenoticias.mx\/#organization\"},\"potentialAction\":[{\"@type\":\"SearchAction\",\"target\":{\"@type\":\"EntryPoint\",\"urlTemplate\":\"https:\/\/masquenoticias.mx\/?s={search_term_string}\"},\"query-input\":{\"@type\":\"PropertyValueSpecification\",\"valueRequired\":true,\"valueName\":\"search_term_string\"}}],\"inLanguage\":\"es\"},{\"@type\":\"Organization\",\"@id\":\"https:\/\/masquenoticias.mx\/#organization\",\"name\":\"M\u00e1s Que Noticias\",\"url\":\"https:\/\/masquenoticias.mx\/\",\"logo\":{\"@type\":\"ImageObject\",\"inLanguage\":\"es\",\"@id\":\"https:\/\/masquenoticias.mx\/#\/schema\/logo\/image\/\",\"url\":\"https:\/\/i0.wp.com\/masquenoticias.mx\/wp-content\/uploads\/2024\/04\/IMG_0004.png?fit=2560%2C1656&ssl=1\",\"contentUrl\":\"https:\/\/i0.wp.com\/masquenoticias.mx\/wp-content\/uploads\/2024\/04\/IMG_0004.png?fit=2560%2C1656&ssl=1\",\"width\":2560,\"height\":1656,\"caption\":\"M\u00e1s Que Noticias\"},\"image\":{\"@id\":\"https:\/\/masquenoticias.mx\/#\/schema\/logo\/image\/\"},\"sameAs\":[\"https:\/\/www.facebook.com\/masquenoticiascolima\",\"https:\/\/x.com\/edgartove\",\"https:\/\/www.instagram.com\/masquenoticiascolima\/\"]},{\"@type\":\"Person\",\"@id\":\"https:\/\/masquenoticias.mx\/#\/schema\/person\/544d19989ef23d34615f691f7a96e622\",\"name\":\"Redacci\u00f3n\",\"image\":{\"@type\":\"ImageObject\",\"inLanguage\":\"es\",\"@id\":\"https:\/\/masquenoticias.mx\/#\/schema\/person\/image\/\",\"url\":\"https:\/\/secure.gravatar.com\/avatar\/7fcc926d5b058d3f3d52d95b4d05dd58?s=96&d=mm&r=g\",\"contentUrl\":\"https:\/\/secure.gravatar.com\/avatar\/7fcc926d5b058d3f3d52d95b4d05dd58?s=96&d=mm&r=g\",\"caption\":\"Redacci\u00f3n\"},\"sameAs\":[\"http:\/\/masquenoticias.mx\"],\"url\":\"https:\/\/masquenoticias.mx\/index.php\/author\/edgartovegmail-com\/\"}]}<\/script>\n<!-- \/ Yoast SEO plugin. -->","yoast_head_json":{"title":"Estrenan en Festival de Venecia \u2018Sal\u00f3n de Belleza\u2019, filme grabado en Manzanillo - M\u00e1s Que Noticias","robots":{"index":"index","follow":"follow","max-snippet":"max-snippet:-1","max-image-preview":"max-image-preview:large","max-video-preview":"max-video-preview:-1"},"canonical":"https:\/\/masquenoticias.mx\/index.php\/2026\/09\/03\/estrenan-en-festival-de-venecia-salon-de-belleza-filme-grabado-en-manzanillo\/","og_locale":"es_MX","og_type":"article","og_title":"Estrenan en Festival de Venecia \u2018Sal\u00f3n de Belleza\u2019, filme grabado en Manzanillo - M\u00e1s Que Noticias","og_description":"Este mi\u00e9rcoles se present\u00f3 el filme \u2018Sal\u00f3n de Belleza\u2019, adaptaci\u00f3n cinematogr\u00e1fica de la c\u00e9lebre novela hom\u00f3nima del escritor Mario Bellatin; que tuvo su estreno mundial en la secci\u00f3n Giornate degli Autori, dentro del Festival Internacional de Cine de Venecia. La producci\u00f3n fue filmada principalmente en el puerto de Manzanillo, Colima, cuyas locaciones contribuyeron a construir [&hellip;]","og_url":"https:\/\/masquenoticias.mx\/index.php\/2026\/09\/03\/estrenan-en-festival-de-venecia-salon-de-belleza-filme-grabado-en-manzanillo\/","og_site_name":"M\u00e1s Que Noticias","article_publisher":"https:\/\/www.facebook.com\/masquenoticiascolima","article_published_time":"2026-09-04T05:34:14+00:00","og_image":[{"width":399,"height":501,"url":"https:\/\/masquenoticias.mx\/wp-content\/uploads\/2026\/09\/cultura.jpeg","type":"image\/jpeg"}],"author":"Redacci\u00f3n","twitter_card":"summary_large_image","twitter_creator":"@edgartove","twitter_site":"@edgartove","twitter_misc":{"Escrito por":"Redacci\u00f3n","Tiempo de lectura":"1 minuto"},"schema":{"@context":"https:\/\/schema.org","@graph":[{"@type":"Article","@id":"https:\/\/masquenoticias.mx\/index.php\/2026\/09\/03\/estrenan-en-festival-de-venecia-salon-de-belleza-filme-grabado-en-manzanillo\/#article","isPartOf":{"@id":"https:\/\/masquenoticias.mx\/index.php\/2026\/09\/03\/estrenan-en-festival-de-venecia-salon-de-belleza-filme-grabado-en-manzanillo\/"},"author":{"name":"Redacci\u00f3n","@id":"https:\/\/masquenoticias.mx\/#\/schema\/person\/544d19989ef23d34615f691f7a96e622"},"headline":"Estrenan en Festival de Venecia \u2018Sal\u00f3n de Belleza\u2019, filme grabado en Manzanillo","datePublished":"2026-09-04T05:34:14+00:00","mainEntityOfPage":{"@id":"https:\/\/masquenoticias.mx\/index.php\/2026\/09\/03\/estrenan-en-festival-de-venecia-salon-de-belleza-filme-grabado-en-manzanillo\/"},"wordCount":203,"commentCount":0,"publisher":{"@id":"https:\/\/masquenoticias.mx\/#organization"},"image":{"@id":"https:\/\/masquenoticias.mx\/index.php\/2026\/09\/03\/estrenan-en-festival-de-venecia-salon-de-belleza-filme-grabado-en-manzanillo\/#primaryimage"},"thumbnailUrl":"https:\/\/i0.wp.com\/masquenoticias.mx\/wp-content\/uploads\/2026\/09\/cultura.jpeg?fit=399%2C501&ssl=1","keywords":["Manzanillo","Turismo"],"articleSection":["Estado"],"inLanguage":"es","potentialAction":[{"@type":"CommentAction","name":"Comment","target":["https:\/\/masquenoticias.mx\/index.php\/2026\/09\/03\/estrenan-en-festival-de-venecia-salon-de-belleza-filme-grabado-en-manzanillo\/#respond"]}]},{"@type":"WebPage","@id":"https:\/\/masquenoticias.mx\/index.php\/2026\/09\/03\/estrenan-en-festival-de-venecia-salon-de-belleza-filme-grabado-en-manzanillo\/","url":"https:\/\/masquenoticias.mx\/index.php\/2026\/09\/03\/estrenan-en-festival-de-venecia-salon-de-belleza-filme-grabado-en-manzanillo\/","name":"Estrenan en Festival de Venecia \u2018Sal\u00f3n de Belleza\u2019, filme grabado en Manzanillo - M\u00e1s Que Noticias","isPartOf":{"@id":"https:\/\/masquenoticias.mx\/#website"},"primaryImageOfPage":{"@id":"https:\/\/masquenoticias.mx\/index.php\/2026\/09\/03\/estrenan-en-festival-de-venecia-salon-de-belleza-filme-grabado-en-manzanillo\/#primaryimage"},"image":{"@id":"https:\/\/masquenoticias.mx\/index.php\/2026\/09\/03\/estrenan-en-festival-de-venecia-salon-de-belleza-filme-grabado-en-manzanillo\/#primaryimage"},"thumbnailUrl":"https:\/\/i0.wp.com\/masquenoticias.mx\/wp-content\/uploads\/2026\/09\/cultura.jpeg?fit=399%2C501&ssl=1","datePublished":"2026-09-04T05:34:14+00:00","breadcrumb":{"@id":"https:\/\/masquenoticias.mx\/index.php\/2026\/09\/03\/estrenan-en-festival-de-venecia-salon-de-belleza-filme-grabado-en-manzanillo\/#breadcrumb"},"inLanguage":"es","potentialAction":[{"@type":"ReadAction","target":["https:\/\/masquenoticias.mx\/index.php\/2026\/09\/03\/estrenan-en-festival-de-venecia-salon-de-belleza-filme-grabado-en-manzanillo\/"]}]},{"@type":"ImageObject","inLanguage":"es","@id":"https:\/\/masquenoticias.mx\/index.php\/2026\/09\/03\/estrenan-en-festival-de-venecia-salon-de-belleza-filme-grabado-en-manzanillo\/#primaryimage","url":"https:\/\/i0.wp.com\/masquenoticias.mx\/wp-content\/uploads\/2026\/09\/cultura.jpeg?fit=399%2C501&ssl=1","contentUrl":"https:\/\/i0.wp.com\/masquenoticias.mx\/wp-content\/uploads\/2026\/09\/cultura.jpeg?fit=399%2C501&ssl=1","width":399,"height":501},{"@type":"BreadcrumbList","@id":"https:\/\/masquenoticias.mx\/index.php\/2026\/09\/03\/estrenan-en-festival-de-venecia-salon-de-belleza-filme-grabado-en-manzanillo\/#breadcrumb","itemListElement":[{"@type":"ListItem","position":1,"name":"Inicio","item":"https:\/\/masquenoticias.mx\/"},{"@type":"ListItem","position":2,"name":"Estrenan en Festival de Venecia \u2018Sal\u00f3n de Belleza\u2019, filme grabado en Manzanillo"}]},{"@type":"WebSite","@id":"https:\/\/masquenoticias.mx\/#website","url":"https:\/\/masquenoticias.mx\/","name":"M\u00e1s Que Noticias","description":"Noticias de Colima, M\u00e9xico y el Mundo","publisher":{"@id":"https:\/\/masquenoticias.mx\/#organization"},"potentialAction":[{"@type":"SearchAction","target":{"@type":"EntryPoint","urlTemplate":"https:\/\/masquenoticias.mx\/?s={search_term_string}"},"query-input":{"@type":"PropertyValueSpecification","valueRequired":true,"valueName":"search_term_string"}}],"inLanguage":"es"},{"@type":"Organization","@id":"https:\/\/masquenoticias.mx\/#organization","name":"M\u00e1s Que Noticias","url":"https:\/\/masquenoticias.mx\/","logo":{"@type":"ImageObject","inLanguage":"es","@id":"https:\/\/masquenoticias.mx\/#\/schema\/logo\/image\/","url":"https:\/\/i0.wp.com\/masquenoticias.mx\/wp-content\/uploads\/2024\/04\/IMG_0004.png?fit=2560%2C1656&ssl=1","contentUrl":"https:\/\/i0.wp.com\/masquenoticias.mx\/wp-content\/uploads\/2024\/04\/IMG_0004.png?fit=2560%2C1656&ssl=1","width":2560,"height":1656,"caption":"M\u00e1s Que Noticias"},"image":{"@id":"https:\/\/masquenoticias.mx\/#\/schema\/logo\/image\/"},"sameAs":["https:\/\/www.facebook.com\/masquenoticiascolima","https:\/\/x.com\/edgartove","https:\/\/www.instagram.com\/masquenoticiascolima\/"]},{"@type":"Person","@id":"https:\/\/masquenoticias.mx\/#\/schema\/person\/544d19989ef23d34615f691f7a96e622","name":"Redacci\u00f3n","image":{"@type":"ImageObject","inLanguage":"es","@id":"https:\/\/masquenoticias.mx\/#\/schema\/person\/image\/","url":"https:\/\/secure.gravatar.com\/avatar\/7fcc926d5b058d3f3d52d95b4d05dd58?s=96&d=mm&r=g","contentUrl":"https:\/\/secure.gravatar.com\/avatar\/7fcc926d5b058d3f3d52d95b4d05dd58?s=96&d=mm&r=g","caption":"Redacci\u00f3n"},"sameAs":["http:\/\/masquenoticias.mx"],"url":"https:\/\/masquenoticias.mx\/index.php\/author\/edgartovegmail-com\/"}]}},"jetpack_featured_media_url":"https:\/\/i0.wp.com\/masquenoticias.mx\/wp-content\/uploads\/2026\/09\/cultura.jpeg?fit=399%2C501&ssl=1","blog_post_layout_featured_media_urls":{"thumbnail":["https:\/\/i0.wp.com\/masquenoticias.mx\/wp-content\/uploads\/2026\/09\/cultura.jpeg?resize=150%2C150&ssl=1",150,150,true],"full":["https:\/\/i0.wp.com\/masquenoticias.mx\/wp-content\/uploads\/2026\/09\/cultura.jpeg?fit=399%2C501&ssl=1",399,501,false]},"categories_names":{"24":{"name":"Estado","link":"https:\/\/masquenoticias.mx\/index.php\/category\/estado\/"}},"tags_names":{"37":{"name":"Manzanillo","link":"https:\/\/masquenoticias.mx\/index.php\/tag\/manzanillo\/"},"96":{"name":"Turismo","link":"https:\/\/masquenoticias.mx\/index.php\/tag\/turismo\/"}},"comments_number":"0","wpmagazine_modules_lite_featured_media_urls":{"thumbnail":["https:\/\/i0.wp.com\/masquenoticias.mx\/wp-content\/uploads\/2026\/09\/cultura.jpeg?resize=150%2C150&ssl=1",150,150,true],"cvmm-medium":["https:\/\/i0.wp.com\/masquenoticias.mx\/wp-content\/uploads\/2026\/09\/cultura.jpeg?resize=300%2C300&ssl=1",300,300,true],"cvmm-medium-plus":["https:\/\/i0.wp.com\/masquenoticias.mx\/wp-content\/uploads\/2026\/09\/cultura.jpeg?resize=305%2C207&ssl=1",305,207,true],"cvmm-portrait":["https:\/\/i0.wp.com\/masquenoticias.mx\/wp-content\/uploads\/2026\/09\/cultura.jpeg?resize=399%2C501&ssl=1",399,501,true],"cvmm-medium-square":["https:\/\/i0.wp.com\/masquenoticias.mx\/wp-content\/uploads\/2026\/09\/cultura.jpeg?resize=399%2C501&ssl=1",399,501,true],"cvmm-large":["https:\/\/i0.wp.com\/masquenoticias.mx\/wp-content\/uploads\/2026\/09\/cultura.jpeg?resize=399%2C501&ssl=1",399,501,true],"cvmm-small":["https:\/\/i0.wp.com\/masquenoticias.mx\/wp-content\/uploads\/2026\/09\/cultura.jpeg?resize=130%2C95&ssl=1",130,95,true],"full":["https:\/\/i0.wp.com\/masquenoticias.mx\/wp-content\/uploads\/2026\/09\/cultura.jpeg?fit=399%2C501&ssl=1",399,501,false]},"jetpack-related-posts":[],"jetpack_sharing_enabled":true,"jetpack_likes_enabled":true,"jetpack_shortlink":"https:\/\/wp.me\/pf7pkt-6uB","_links":{"self":[{"href":"https:\/\/masquenoticias.mx\/index.php\/wp-json\/wp\/v2\/posts\/24961","targetHints":{"allow":["GET"]}}],"collection":[{"href":"https:\/\/masquenoticias.mx\/index.php\/wp-json\/wp\/v2\/posts"}],"about":[{"href":"https:\/\/masquenoticias.mx\/index.php\/wp-json\/wp\/v2\/types\/post"}],"author":[{"embeddable":true,"href":"https:\/\/masquenoticias.mx\/index.php\/wp-json\/wp\/v2\/users\/1"}],"replies":[{"embeddable":true,"href":"https:\/\/masquenoticias.mx\/index.php\/wp-json\/wp\/v2\/comments?post=24961"}],"version-history":[{"count":1,"href":"https:\/\/masquenoticias.mx\/index.php\/wp-json\/wp\/v2\/posts\/24961\/revisions"}],"predecessor-version":[{"id":24963,"href":"https:\/\/masquenoticias.mx\/index.php\/wp-json\/wp\/v2\/posts\/24961\/revisions\/24963"}],"wp:featuredmedia":[{"embeddable":true,"href":"https:\/\/masquenoticias.mx\/index.php\/wp-json\/wp\/v2\/media\/24962"}],"wp:attachment":[{"href":"https:\/\/masquenoticias.mx\/index.php\/wp-json\/wp\/v2\/media?parent=24961"}],"wp:term":[{"taxonomy":"category","embeddable":true,"href":"https:\/\/masquenoticias.mx\/index.php\/wp-json\/wp\/v2\/categories?post=24961"},{"taxonomy":"post_tag","embeddable":true,"href":"https:\/\/masquenoticias.mx\/index.php\/wp-json\/wp\/v2\/tags?post=24961"}],"curies":[{"name":"wp","href":"https:\/\/api.w.org\/{rel}","templated":true}]}}