{"id":24955,"date":"2026-09-03T23:29:14","date_gmt":"2026-09-04T05:29:14","guid":{"rendered":"https:\/\/masquenoticias.mx\/?p=24955"},"modified":"2026-09-03T23:29:14","modified_gmt":"2026-09-04T05:29:14","slug":"educacion-colima-invita-a-estudiantes-a-participar-en-3-convocatorias-que-fortalecen-identidad-y-conciencia-ambiental","status":"publish","type":"post","link":"https:\/\/masquenoticias.mx\/index.php\/2026\/09\/03\/educacion-colima-invita-a-estudiantes-a-participar-en-3-convocatorias-que-fortalecen-identidad-y-conciencia-ambiental\/","title":{"rendered":"Educaci\u00f3n Colima invita a estudiantes a participar en 3 convocatorias que fortalecen identidad y conciencia ambiental"},"content":{"rendered":"<p>La Secretar\u00eda de Educaci\u00f3n y Cultura del Gobierno del Estado de Colima que preside la mandataria Indira Vizca\u00edno Silva present\u00f3 tres convocatorias dirigidas a alumnas y alumnos de Educaci\u00f3n B\u00e1sica de escuelas p\u00fablicas y particulares, entre ellas el concurso de interpretaci\u00f3n del Himno del Estado de Colima. El evento fue encabezado por el titular Adolfo N\u00fa\u00f1ez Gonz\u00e1lez y la subsecretaria Katia Paola V\u00e1zquez Sol\u00f3rzano.<\/p>\n<p>Este concurso tiene como objetivo fortalecer en las nuevas generaciones el sentido de identidad, pertenencia y orgullo por nuestra entidad. Podr\u00e1n participar coros integrados por estudiantes de preescolar, primaria y secundaria de instituciones p\u00fablicas y particulares, en categor\u00edas con o sin profesor especializado en m\u00fasica. El certamen ser\u00e1 en etapas municipal y estatal; las escuelas participantes recibir\u00e1n constancia de participaci\u00f3n y se premiar\u00e1n los tres primeros lugares de cada categor\u00eda.<\/p>\n<p>Asimismo, se present\u00f3 la convocatoria \u201cVisitas guiadas al Centro Ecol\u00f3gico de Cuyutl\u00e1n, El Tortugario\u201d, con la presencia del diputado local Jaime Sotelo Garc\u00eda, la cual contempla una experiencia educativa guiada para que las y los estudiantes conozcan las instalaciones y fortalezcan sus conocimientos sobre el cuidado y la conservaci\u00f3n del medio ambiente. Con estas visitas se busca acercar al alumnado a espacios naturales y promover aprendizajes fuera del aula mediante experiencias que contribuyan a su formaci\u00f3n integral.<\/p>\n<p>Finalmente, con la participaci\u00f3n de la titular de Bienestar, Inclusi\u00f3n Social y Mujeres, Viridiana Valencia Vargas, se dio a conocer la convocatoria \u201cAdopta un amigo y transforma tu escuela\u201d, que se llevar\u00e1 a cabo en coordinaci\u00f3n con Sebiinsom; Secretar\u00eda de Desarrollo Rural e Imades. Esta iniciativa est\u00e1 dirigida a escuelas primarias y busca promover la cultura del cuidado ambiental mediante la adopci\u00f3n, cuidado y seguimiento del crecimiento de \u00e1rboles y plantas, fortaleciendo en ni\u00f1as y ni\u00f1os valores como la responsabilidad, el respeto por la naturaleza, el trabajo colaborativo y la participaci\u00f3n comunitaria.<\/p>\n","protected":false},"excerpt":{"rendered":"<p>La Secretar\u00eda de Educaci\u00f3n y Cultura del Gobierno del Estado de Colima que preside la mandataria Indira Vizca\u00edno Silva present\u00f3 tres convocatorias dirigidas a alumnas y alumnos de Educaci\u00f3n B\u00e1sica de escuelas p\u00fablicas y particulares, entre ellas el concurso de interpretaci\u00f3n del Himno del Estado de Colima. El evento fue encabezado por el titular Adolfo [&hellip;]<\/p>\n","protected":false},"author":1,"featured_media":24956,"comment_status":"open","ping_status":"open","sticky":false,"template":"","format":"standard","meta":{"_jetpack_memberships_contains_paid_content":false,"footnotes":""},"categories":[24],"tags":[45,369],"class_list":["post-24955","post","type-post","status-publish","format-standard","has-post-thumbnail","hentry","category-estado","tag-educacion","tag-viri-valencia"],"yoast_head":"<!-- This site is optimized with the Yoast SEO plugin v26.6 - https:\/\/yoast.com\/wordpress\/plugins\/seo\/ -->\n<title>Educaci\u00f3n Colima invita a estudiantes a participar en 3 convocatorias que fortalecen identidad y conciencia ambiental - M\u00e1s Que Noticias<\/title>\n<meta name=\"robots\" content=\"index, follow, max-snippet:-1, max-image-preview:large, max-video-preview:-1\" \/>\n<link rel=\"canonical\" href=\"https:\/\/masquenoticias.mx\/index.php\/2026\/09\/03\/educacion-colima-invita-a-estudiantes-a-participar-en-3-convocatorias-que-fortalecen-identidad-y-conciencia-ambiental\/\" \/>\n<meta property=\"og:locale\" content=\"es_MX\" \/>\n<meta property=\"og:type\" content=\"article\" \/>\n<meta property=\"og:title\" content=\"Educaci\u00f3n Colima invita a estudiantes a participar en 3 convocatorias que fortalecen identidad y conciencia ambiental - M\u00e1s Que Noticias\" \/>\n<meta property=\"og:description\" content=\"La Secretar\u00eda de Educaci\u00f3n y Cultura del Gobierno del Estado de Colima que preside la mandataria Indira Vizca\u00edno Silva present\u00f3 tres convocatorias dirigidas a alumnas y alumnos de Educaci\u00f3n B\u00e1sica de escuelas p\u00fablicas y particulares, entre ellas el concurso de interpretaci\u00f3n del Himno del Estado de Colima. El evento fue encabezado por el titular Adolfo [&hellip;]\" \/>\n<meta property=\"og:url\" content=\"https:\/\/masquenoticias.mx\/index.php\/2026\/09\/03\/educacion-colima-invita-a-estudiantes-a-participar-en-3-convocatorias-que-fortalecen-identidad-y-conciencia-ambiental\/\" \/>\n<meta property=\"og:site_name\" content=\"M\u00e1s Que Noticias\" \/>\n<meta property=\"article:publisher\" content=\"https:\/\/www.facebook.com\/masquenoticiascolima\" \/>\n<meta property=\"article:published_time\" content=\"2026-09-04T05:29:14+00:00\" \/>\n<meta property=\"og:image\" content=\"https:\/\/masquenoticias.mx\/wp-content\/uploads\/2026\/09\/Sepviri.jpeg\" \/>\n\t<meta property=\"og:image:width\" content=\"1280\" \/>\n\t<meta property=\"og:image:height\" content=\"852\" \/>\n\t<meta property=\"og:image:type\" content=\"image\/jpeg\" \/>\n<meta name=\"author\" content=\"Redacci\u00f3n\" \/>\n<meta name=\"twitter:card\" content=\"summary_large_image\" \/>\n<meta name=\"twitter:creator\" content=\"@edgartove\" \/>\n<meta name=\"twitter:site\" content=\"@edgartove\" \/>\n<meta name=\"twitter:label1\" content=\"Escrito por\" \/>\n\t<meta name=\"twitter:data1\" content=\"Redacci\u00f3n\" \/>\n\t<meta name=\"twitter:label2\" content=\"Tiempo de lectura\" \/>\n\t<meta name=\"twitter:data2\" content=\"2 minutos\" \/>\n<script type=\"application\/ld+json\" class=\"yoast-schema-graph\">{\"@context\":\"https:\/\/schema.org\",\"@graph\":[{\"@type\":\"Article\",\"@id\":\"https:\/\/masquenoticias.mx\/index.php\/2026\/09\/03\/educacion-colima-invita-a-estudiantes-a-participar-en-3-convocatorias-que-fortalecen-identidad-y-conciencia-ambiental\/#article\",\"isPartOf\":{\"@id\":\"https:\/\/masquenoticias.mx\/index.php\/2026\/09\/03\/educacion-colima-invita-a-estudiantes-a-participar-en-3-convocatorias-que-fortalecen-identidad-y-conciencia-ambiental\/\"},\"author\":{\"name\":\"Redacci\u00f3n\",\"@id\":\"https:\/\/masquenoticias.mx\/#\/schema\/person\/544d19989ef23d34615f691f7a96e622\"},\"headline\":\"Educaci\u00f3n Colima invita a estudiantes a participar en 3 convocatorias que fortalecen identidad y conciencia ambiental\",\"datePublished\":\"2026-09-04T05:29:14+00:00\",\"mainEntityOfPage\":{\"@id\":\"https:\/\/masquenoticias.mx\/index.php\/2026\/09\/03\/educacion-colima-invita-a-estudiantes-a-participar-en-3-convocatorias-que-fortalecen-identidad-y-conciencia-ambiental\/\"},\"wordCount\":351,\"commentCount\":0,\"publisher\":{\"@id\":\"https:\/\/masquenoticias.mx\/#organization\"},\"image\":{\"@id\":\"https:\/\/masquenoticias.mx\/index.php\/2026\/09\/03\/educacion-colima-invita-a-estudiantes-a-participar-en-3-convocatorias-que-fortalecen-identidad-y-conciencia-ambiental\/#primaryimage\"},\"thumbnailUrl\":\"https:\/\/i0.wp.com\/masquenoticias.mx\/wp-content\/uploads\/2026\/09\/Sepviri.jpeg?fit=1280%2C852&ssl=1\",\"keywords\":[\"Educaci\u00f3n\",\"Viri Valencia\"],\"articleSection\":[\"Estado\"],\"inLanguage\":\"es\",\"potentialAction\":[{\"@type\":\"CommentAction\",\"name\":\"Comment\",\"target\":[\"https:\/\/masquenoticias.mx\/index.php\/2026\/09\/03\/educacion-colima-invita-a-estudiantes-a-participar-en-3-convocatorias-que-fortalecen-identidad-y-conciencia-ambiental\/#respond\"]}]},{\"@type\":\"WebPage\",\"@id\":\"https:\/\/masquenoticias.mx\/index.php\/2026\/09\/03\/educacion-colima-invita-a-estudiantes-a-participar-en-3-convocatorias-que-fortalecen-identidad-y-conciencia-ambiental\/\",\"url\":\"https:\/\/masquenoticias.mx\/index.php\/2026\/09\/03\/educacion-colima-invita-a-estudiantes-a-participar-en-3-convocatorias-que-fortalecen-identidad-y-conciencia-ambiental\/\",\"name\":\"Educaci\u00f3n Colima invita a estudiantes a participar en 3 convocatorias que fortalecen identidad y conciencia ambiental - M\u00e1s Que Noticias\",\"isPartOf\":{\"@id\":\"https:\/\/masquenoticias.mx\/#website\"},\"primaryImageOfPage\":{\"@id\":\"https:\/\/masquenoticias.mx\/index.php\/2026\/09\/03\/educacion-colima-invita-a-estudiantes-a-participar-en-3-convocatorias-que-fortalecen-identidad-y-conciencia-ambiental\/#primaryimage\"},\"image\":{\"@id\":\"https:\/\/masquenoticias.mx\/index.php\/2026\/09\/03\/educacion-colima-invita-a-estudiantes-a-participar-en-3-convocatorias-que-fortalecen-identidad-y-conciencia-ambiental\/#primaryimage\"},\"thumbnailUrl\":\"https:\/\/i0.wp.com\/masquenoticias.mx\/wp-content\/uploads\/2026\/09\/Sepviri.jpeg?fit=1280%2C852&ssl=1\",\"datePublished\":\"2026-09-04T05:29:14+00:00\",\"breadcrumb\":{\"@id\":\"https:\/\/masquenoticias.mx\/index.php\/2026\/09\/03\/educacion-colima-invita-a-estudiantes-a-participar-en-3-convocatorias-que-fortalecen-identidad-y-conciencia-ambiental\/#breadcrumb\"},\"inLanguage\":\"es\",\"potentialAction\":[{\"@type\":\"ReadAction\",\"target\":[\"https:\/\/masquenoticias.mx\/index.php\/2026\/09\/03\/educacion-colima-invita-a-estudiantes-a-participar-en-3-convocatorias-que-fortalecen-identidad-y-conciencia-ambiental\/\"]}]},{\"@type\":\"ImageObject\",\"inLanguage\":\"es\",\"@id\":\"https:\/\/masquenoticias.mx\/index.php\/2026\/09\/03\/educacion-colima-invita-a-estudiantes-a-participar-en-3-convocatorias-que-fortalecen-identidad-y-conciencia-ambiental\/#primaryimage\",\"url\":\"https:\/\/i0.wp.com\/masquenoticias.mx\/wp-content\/uploads\/2026\/09\/Sepviri.jpeg?fit=1280%2C852&ssl=1\",\"contentUrl\":\"https:\/\/i0.wp.com\/masquenoticias.mx\/wp-content\/uploads\/2026\/09\/Sepviri.jpeg?fit=1280%2C852&ssl=1\",\"width\":1280,\"height\":852},{\"@type\":\"BreadcrumbList\",\"@id\":\"https:\/\/masquenoticias.mx\/index.php\/2026\/09\/03\/educacion-colima-invita-a-estudiantes-a-participar-en-3-convocatorias-que-fortalecen-identidad-y-conciencia-ambiental\/#breadcrumb\",\"itemListElement\":[{\"@type\":\"ListItem\",\"position\":1,\"name\":\"Inicio\",\"item\":\"https:\/\/masquenoticias.mx\/\"},{\"@type\":\"ListItem\",\"position\":2,\"name\":\"Educaci\u00f3n Colima invita a estudiantes a participar en 3 convocatorias que fortalecen identidad y conciencia ambiental\"}]},{\"@type\":\"WebSite\",\"@id\":\"https:\/\/masquenoticias.mx\/#website\",\"url\":\"https:\/\/masquenoticias.mx\/\",\"name\":\"M\u00e1s Que Noticias\",\"description\":\"Noticias de Colima, M\u00e9xico y el Mundo\",\"publisher\":{\"@id\":\"https:\/\/masquenoticias.mx\/#organization\"},\"potentialAction\":[{\"@type\":\"SearchAction\",\"target\":{\"@type\":\"EntryPoint\",\"urlTemplate\":\"https:\/\/masquenoticias.mx\/?s={search_term_string}\"},\"query-input\":{\"@type\":\"PropertyValueSpecification\",\"valueRequired\":true,\"valueName\":\"search_term_string\"}}],\"inLanguage\":\"es\"},{\"@type\":\"Organization\",\"@id\":\"https:\/\/masquenoticias.mx\/#organization\",\"name\":\"M\u00e1s Que Noticias\",\"url\":\"https:\/\/masquenoticias.mx\/\",\"logo\":{\"@type\":\"ImageObject\",\"inLanguage\":\"es\",\"@id\":\"https:\/\/masquenoticias.mx\/#\/schema\/logo\/image\/\",\"url\":\"https:\/\/i0.wp.com\/masquenoticias.mx\/wp-content\/uploads\/2024\/04\/IMG_0004.png?fit=2560%2C1656&ssl=1\",\"contentUrl\":\"https:\/\/i0.wp.com\/masquenoticias.mx\/wp-content\/uploads\/2024\/04\/IMG_0004.png?fit=2560%2C1656&ssl=1\",\"width\":2560,\"height\":1656,\"caption\":\"M\u00e1s Que Noticias\"},\"image\":{\"@id\":\"https:\/\/masquenoticias.mx\/#\/schema\/logo\/image\/\"},\"sameAs\":[\"https:\/\/www.facebook.com\/masquenoticiascolima\",\"https:\/\/x.com\/edgartove\",\"https:\/\/www.instagram.com\/masquenoticiascolima\/\"]},{\"@type\":\"Person\",\"@id\":\"https:\/\/masquenoticias.mx\/#\/schema\/person\/544d19989ef23d34615f691f7a96e622\",\"name\":\"Redacci\u00f3n\",\"image\":{\"@type\":\"ImageObject\",\"inLanguage\":\"es\",\"@id\":\"https:\/\/masquenoticias.mx\/#\/schema\/person\/image\/\",\"url\":\"https:\/\/secure.gravatar.com\/avatar\/7fcc926d5b058d3f3d52d95b4d05dd58?s=96&d=mm&r=g\",\"contentUrl\":\"https:\/\/secure.gravatar.com\/avatar\/7fcc926d5b058d3f3d52d95b4d05dd58?s=96&d=mm&r=g\",\"caption\":\"Redacci\u00f3n\"},\"sameAs\":[\"http:\/\/masquenoticias.mx\"],\"url\":\"https:\/\/masquenoticias.mx\/index.php\/author\/edgartovegmail-com\/\"}]}<\/script>\n<!-- \/ Yoast SEO plugin. -->","yoast_head_json":{"title":"Educaci\u00f3n Colima invita a estudiantes a participar en 3 convocatorias que fortalecen identidad y conciencia ambiental - M\u00e1s Que Noticias","robots":{"index":"index","follow":"follow","max-snippet":"max-snippet:-1","max-image-preview":"max-image-preview:large","max-video-preview":"max-video-preview:-1"},"canonical":"https:\/\/masquenoticias.mx\/index.php\/2026\/09\/03\/educacion-colima-invita-a-estudiantes-a-participar-en-3-convocatorias-que-fortalecen-identidad-y-conciencia-ambiental\/","og_locale":"es_MX","og_type":"article","og_title":"Educaci\u00f3n Colima invita a estudiantes a participar en 3 convocatorias que fortalecen identidad y conciencia ambiental - M\u00e1s Que Noticias","og_description":"La Secretar\u00eda de Educaci\u00f3n y Cultura del Gobierno del Estado de Colima que preside la mandataria Indira Vizca\u00edno Silva present\u00f3 tres convocatorias dirigidas a alumnas y alumnos de Educaci\u00f3n B\u00e1sica de escuelas p\u00fablicas y particulares, entre ellas el concurso de interpretaci\u00f3n del Himno del Estado de Colima. El evento fue encabezado por el titular Adolfo [&hellip;]","og_url":"https:\/\/masquenoticias.mx\/index.php\/2026\/09\/03\/educacion-colima-invita-a-estudiantes-a-participar-en-3-convocatorias-que-fortalecen-identidad-y-conciencia-ambiental\/","og_site_name":"M\u00e1s Que Noticias","article_publisher":"https:\/\/www.facebook.com\/masquenoticiascolima","article_published_time":"2026-09-04T05:29:14+00:00","og_image":[{"width":1280,"height":852,"url":"https:\/\/masquenoticias.mx\/wp-content\/uploads\/2026\/09\/Sepviri.jpeg","type":"image\/jpeg"}],"author":"Redacci\u00f3n","twitter_card":"summary_large_image","twitter_creator":"@edgartove","twitter_site":"@edgartove","twitter_misc":{"Escrito por":"Redacci\u00f3n","Tiempo de lectura":"2 minutos"},"schema":{"@context":"https:\/\/schema.org","@graph":[{"@type":"Article","@id":"https:\/\/masquenoticias.mx\/index.php\/2026\/09\/03\/educacion-colima-invita-a-estudiantes-a-participar-en-3-convocatorias-que-fortalecen-identidad-y-conciencia-ambiental\/#article","isPartOf":{"@id":"https:\/\/masquenoticias.mx\/index.php\/2026\/09\/03\/educacion-colima-invita-a-estudiantes-a-participar-en-3-convocatorias-que-fortalecen-identidad-y-conciencia-ambiental\/"},"author":{"name":"Redacci\u00f3n","@id":"https:\/\/masquenoticias.mx\/#\/schema\/person\/544d19989ef23d34615f691f7a96e622"},"headline":"Educaci\u00f3n Colima invita a estudiantes a participar en 3 convocatorias que fortalecen identidad y conciencia ambiental","datePublished":"2026-09-04T05:29:14+00:00","mainEntityOfPage":{"@id":"https:\/\/masquenoticias.mx\/index.php\/2026\/09\/03\/educacion-colima-invita-a-estudiantes-a-participar-en-3-convocatorias-que-fortalecen-identidad-y-conciencia-ambiental\/"},"wordCount":351,"commentCount":0,"publisher":{"@id":"https:\/\/masquenoticias.mx\/#organization"},"image":{"@id":"https:\/\/masquenoticias.mx\/index.php\/2026\/09\/03\/educacion-colima-invita-a-estudiantes-a-participar-en-3-convocatorias-que-fortalecen-identidad-y-conciencia-ambiental\/#primaryimage"},"thumbnailUrl":"https:\/\/i0.wp.com\/masquenoticias.mx\/wp-content\/uploads\/2026\/09\/Sepviri.jpeg?fit=1280%2C852&ssl=1","keywords":["Educaci\u00f3n","Viri Valencia"],"articleSection":["Estado"],"inLanguage":"es","potentialAction":[{"@type":"CommentAction","name":"Comment","target":["https:\/\/masquenoticias.mx\/index.php\/2026\/09\/03\/educacion-colima-invita-a-estudiantes-a-participar-en-3-convocatorias-que-fortalecen-identidad-y-conciencia-ambiental\/#respond"]}]},{"@type":"WebPage","@id":"https:\/\/masquenoticias.mx\/index.php\/2026\/09\/03\/educacion-colima-invita-a-estudiantes-a-participar-en-3-convocatorias-que-fortalecen-identidad-y-conciencia-ambiental\/","url":"https:\/\/masquenoticias.mx\/index.php\/2026\/09\/03\/educacion-colima-invita-a-estudiantes-a-participar-en-3-convocatorias-que-fortalecen-identidad-y-conciencia-ambiental\/","name":"Educaci\u00f3n Colima invita a estudiantes a participar en 3 convocatorias que fortalecen identidad y conciencia ambiental - M\u00e1s Que Noticias","isPartOf":{"@id":"https:\/\/masquenoticias.mx\/#website"},"primaryImageOfPage":{"@id":"https:\/\/masquenoticias.mx\/index.php\/2026\/09\/03\/educacion-colima-invita-a-estudiantes-a-participar-en-3-convocatorias-que-fortalecen-identidad-y-conciencia-ambiental\/#primaryimage"},"image":{"@id":"https:\/\/masquenoticias.mx\/index.php\/2026\/09\/03\/educacion-colima-invita-a-estudiantes-a-participar-en-3-convocatorias-que-fortalecen-identidad-y-conciencia-ambiental\/#primaryimage"},"thumbnailUrl":"https:\/\/i0.wp.com\/masquenoticias.mx\/wp-content\/uploads\/2026\/09\/Sepviri.jpeg?fit=1280%2C852&ssl=1","datePublished":"2026-09-04T05:29:14+00:00","breadcrumb":{"@id":"https:\/\/masquenoticias.mx\/index.php\/2026\/09\/03\/educacion-colima-invita-a-estudiantes-a-participar-en-3-convocatorias-que-fortalecen-identidad-y-conciencia-ambiental\/#breadcrumb"},"inLanguage":"es","potentialAction":[{"@type":"ReadAction","target":["https:\/\/masquenoticias.mx\/index.php\/2026\/09\/03\/educacion-colima-invita-a-estudiantes-a-participar-en-3-convocatorias-que-fortalecen-identidad-y-conciencia-ambiental\/"]}]},{"@type":"ImageObject","inLanguage":"es","@id":"https:\/\/masquenoticias.mx\/index.php\/2026\/09\/03\/educacion-colima-invita-a-estudiantes-a-participar-en-3-convocatorias-que-fortalecen-identidad-y-conciencia-ambiental\/#primaryimage","url":"https:\/\/i0.wp.com\/masquenoticias.mx\/wp-content\/uploads\/2026\/09\/Sepviri.jpeg?fit=1280%2C852&ssl=1","contentUrl":"https:\/\/i0.wp.com\/masquenoticias.mx\/wp-content\/uploads\/2026\/09\/Sepviri.jpeg?fit=1280%2C852&ssl=1","width":1280,"height":852},{"@type":"BreadcrumbList","@id":"https:\/\/masquenoticias.mx\/index.php\/2026\/09\/03\/educacion-colima-invita-a-estudiantes-a-participar-en-3-convocatorias-que-fortalecen-identidad-y-conciencia-ambiental\/#breadcrumb","itemListElement":[{"@type":"ListItem","position":1,"name":"Inicio","item":"https:\/\/masquenoticias.mx\/"},{"@type":"ListItem","position":2,"name":"Educaci\u00f3n Colima invita a estudiantes a participar en 3 convocatorias que fortalecen identidad y conciencia ambiental"}]},{"@type":"WebSite","@id":"https:\/\/masquenoticias.mx\/#website","url":"https:\/\/masquenoticias.mx\/","name":"M\u00e1s Que Noticias","description":"Noticias de Colima, M\u00e9xico y el Mundo","publisher":{"@id":"https:\/\/masquenoticias.mx\/#organization"},"potentialAction":[{"@type":"SearchAction","target":{"@type":"EntryPoint","urlTemplate":"https:\/\/masquenoticias.mx\/?s={search_term_string}"},"query-input":{"@type":"PropertyValueSpecification","valueRequired":true,"valueName":"search_term_string"}}],"inLanguage":"es"},{"@type":"Organization","@id":"https:\/\/masquenoticias.mx\/#organization","name":"M\u00e1s Que Noticias","url":"https:\/\/masquenoticias.mx\/","logo":{"@type":"ImageObject","inLanguage":"es","@id":"https:\/\/masquenoticias.mx\/#\/schema\/logo\/image\/","url":"https:\/\/i0.wp.com\/masquenoticias.mx\/wp-content\/uploads\/2024\/04\/IMG_0004.png?fit=2560%2C1656&ssl=1","contentUrl":"https:\/\/i0.wp.com\/masquenoticias.mx\/wp-content\/uploads\/2024\/04\/IMG_0004.png?fit=2560%2C1656&ssl=1","width":2560,"height":1656,"caption":"M\u00e1s Que Noticias"},"image":{"@id":"https:\/\/masquenoticias.mx\/#\/schema\/logo\/image\/"},"sameAs":["https:\/\/www.facebook.com\/masquenoticiascolima","https:\/\/x.com\/edgartove","https:\/\/www.instagram.com\/masquenoticiascolima\/"]},{"@type":"Person","@id":"https:\/\/masquenoticias.mx\/#\/schema\/person\/544d19989ef23d34615f691f7a96e622","name":"Redacci\u00f3n","image":{"@type":"ImageObject","inLanguage":"es","@id":"https:\/\/masquenoticias.mx\/#\/schema\/person\/image\/","url":"https:\/\/secure.gravatar.com\/avatar\/7fcc926d5b058d3f3d52d95b4d05dd58?s=96&d=mm&r=g","contentUrl":"https:\/\/secure.gravatar.com\/avatar\/7fcc926d5b058d3f3d52d95b4d05dd58?s=96&d=mm&r=g","caption":"Redacci\u00f3n"},"sameAs":["http:\/\/masquenoticias.mx"],"url":"https:\/\/masquenoticias.mx\/index.php\/author\/edgartovegmail-com\/"}]}},"jetpack_featured_media_url":"https:\/\/i0.wp.com\/masquenoticias.mx\/wp-content\/uploads\/2026\/09\/Sepviri.jpeg?fit=1280%2C852&ssl=1","blog_post_layout_featured_media_urls":{"thumbnail":["https:\/\/i0.wp.com\/masquenoticias.mx\/wp-content\/uploads\/2026\/09\/Sepviri.jpeg?resize=150%2C150&ssl=1",150,150,true],"full":["https:\/\/i0.wp.com\/masquenoticias.mx\/wp-content\/uploads\/2026\/09\/Sepviri.jpeg?fit=1280%2C852&ssl=1",1280,852,false]},"categories_names":{"24":{"name":"Estado","link":"https:\/\/masquenoticias.mx\/index.php\/category\/estado\/"}},"tags_names":{"45":{"name":"Educaci\u00f3n","link":"https:\/\/masquenoticias.mx\/index.php\/tag\/educacion\/"},"369":{"name":"Viri Valencia","link":"https:\/\/masquenoticias.mx\/index.php\/tag\/viri-valencia\/"}},"comments_number":"0","wpmagazine_modules_lite_featured_media_urls":{"thumbnail":["https:\/\/i0.wp.com\/masquenoticias.mx\/wp-content\/uploads\/2026\/09\/Sepviri.jpeg?resize=150%2C150&ssl=1",150,150,true],"cvmm-medium":["https:\/\/i0.wp.com\/masquenoticias.mx\/wp-content\/uploads\/2026\/09\/Sepviri.jpeg?resize=300%2C300&ssl=1",300,300,true],"cvmm-medium-plus":["https:\/\/i0.wp.com\/masquenoticias.mx\/wp-content\/uploads\/2026\/09\/Sepviri.jpeg?resize=305%2C207&ssl=1",305,207,true],"cvmm-portrait":["https:\/\/i0.wp.com\/masquenoticias.mx\/wp-content\/uploads\/2026\/09\/Sepviri.jpeg?resize=400%2C600&ssl=1",400,600,true],"cvmm-medium-square":["https:\/\/i0.wp.com\/masquenoticias.mx\/wp-content\/uploads\/2026\/09\/Sepviri.jpeg?resize=600%2C600&ssl=1",600,600,true],"cvmm-large":["https:\/\/i0.wp.com\/masquenoticias.mx\/wp-content\/uploads\/2026\/09\/Sepviri.jpeg?resize=1024%2C852&ssl=1",1024,852,true],"cvmm-small":["https:\/\/i0.wp.com\/masquenoticias.mx\/wp-content\/uploads\/2026\/09\/Sepviri.jpeg?resize=130%2C95&ssl=1",130,95,true],"full":["https:\/\/i0.wp.com\/masquenoticias.mx\/wp-content\/uploads\/2026\/09\/Sepviri.jpeg?fit=1280%2C852&ssl=1",1280,852,false]},"jetpack-related-posts":[],"jetpack_sharing_enabled":true,"jetpack_likes_enabled":true,"jetpack_shortlink":"https:\/\/wp.me\/pf7pkt-6uv","_links":{"self":[{"href":"https:\/\/masquenoticias.mx\/index.php\/wp-json\/wp\/v2\/posts\/24955","targetHints":{"allow":["GET"]}}],"collection":[{"href":"https:\/\/masquenoticias.mx\/index.php\/wp-json\/wp\/v2\/posts"}],"about":[{"href":"https:\/\/masquenoticias.mx\/index.php\/wp-json\/wp\/v2\/types\/post"}],"author":[{"embeddable":true,"href":"https:\/\/masquenoticias.mx\/index.php\/wp-json\/wp\/v2\/users\/1"}],"replies":[{"embeddable":true,"href":"https:\/\/masquenoticias.mx\/index.php\/wp-json\/wp\/v2\/comments?post=24955"}],"version-history":[{"count":1,"href":"https:\/\/masquenoticias.mx\/index.php\/wp-json\/wp\/v2\/posts\/24955\/revisions"}],"predecessor-version":[{"id":24957,"href":"https:\/\/masquenoticias.mx\/index.php\/wp-json\/wp\/v2\/posts\/24955\/revisions\/24957"}],"wp:featuredmedia":[{"embeddable":true,"href":"https:\/\/masquenoticias.mx\/index.php\/wp-json\/wp\/v2\/media\/24956"}],"wp:attachment":[{"href":"https:\/\/masquenoticias.mx\/index.php\/wp-json\/wp\/v2\/media?parent=24955"}],"wp:term":[{"taxonomy":"category","embeddable":true,"href":"https:\/\/masquenoticias.mx\/index.php\/wp-json\/wp\/v2\/categories?post=24955"},{"taxonomy":"post_tag","embeddable":true,"href":"https:\/\/masquenoticias.mx\/index.php\/wp-json\/wp\/v2\/tags?post=24955"}],"curies":[{"name":"wp","href":"https:\/\/api.w.org\/{rel}","templated":true}]}}