{"id":24952,"date":"2026-09-03T23:27:17","date_gmt":"2026-09-04T05:27:17","guid":{"rendered":"https:\/\/masquenoticias.mx\/?p=24952"},"modified":"2026-09-03T23:27:17","modified_gmt":"2026-09-04T05:27:17","slug":"subsectur-informa-80-de-ocupacion-del-vuelo-aifa-manzanillo-en-sus-primeros-dos-meses-de-operacion","status":"publish","type":"post","link":"https:\/\/masquenoticias.mx\/index.php\/2026\/09\/03\/subsectur-informa-80-de-ocupacion-del-vuelo-aifa-manzanillo-en-sus-primeros-dos-meses-de-operacion\/","title":{"rendered":"Subsectur informa 80% de ocupaci\u00f3n del vuelo AIFA-Manzanillo en sus primeros dos meses de operaci\u00f3n"},"content":{"rendered":"<p>El subsecretario de Turismo del Gobierno del Estado de Colima, Jorge Padilla Castillo, inform\u00f3 que el vuelo Ciudad de M\u00e9xico-AIFA-Manzanillo de Viva Aerob\u00fas alcanz\u00f3 una ocupaci\u00f3n promedio del 80% durante sus primeros dos meses de operaci\u00f3n, de acuerdo con datos de la propia aerol\u00ednea y dijo que estos resultados confirman la viabilidad de la nueva conexi\u00f3n y su potencial para seguir fortaleciendo la llegada de visitantes a Colima, desde nuevos mercados.<\/p>\n<p>Como parte de los resultados, Viva Aerob\u00fas anunci\u00f3 una nueva frecuencia para la temporada invernal a partir del 17 de diciembre, que operar\u00e1 los s\u00e1bados y que ya puede adquirirse en el sitio de la aerol\u00ednea. En la misma fecha, se incorporar\u00e1 una conexi\u00f3n expr\u00e9s Tijuana-Manzanillo, con escala de 30 minutos en el AIFA sin necesidad de que el pasaje transborde, ampliando as\u00ed las posibilidades de conectividad de Manzanillo con el noroeste de la Rep\u00fablica Mexicana; esta nueva conexi\u00f3n expr\u00e9s desde Tijuana se reforzar\u00e1 la promoci\u00f3n en esa regi\u00f3n.<\/p>\n<p>Jorge Padilla record\u00f3 que, como parte del convenio para concretar esta ruta, la administraci\u00f3n de la gobernadora Indira Vizca\u00edno Silva mantiene acciones permanentes de promoci\u00f3n, campa\u00f1as digitales, espectaculares en Ciudad de M\u00e9xico, pantallas digitales en el Aeropuerto Internacional \u201cBenito Ju\u00e1rez\u201d y publicidad impresa en diversos medios nacionales como El Heraldo de M\u00e9xico y Milenio.<\/p>\n","protected":false},"excerpt":{"rendered":"<p>El subsecretario de Turismo del Gobierno del Estado de Colima, Jorge Padilla Castillo, inform\u00f3 que el vuelo Ciudad de M\u00e9xico-AIFA-Manzanillo de Viva Aerob\u00fas alcanz\u00f3 una ocupaci\u00f3n promedio del 80% durante sus primeros dos meses de operaci\u00f3n, de acuerdo con datos de la propia aerol\u00ednea y dijo que estos resultados confirman la viabilidad de la nueva [&hellip;]<\/p>\n","protected":false},"author":1,"featured_media":24953,"comment_status":"open","ping_status":"open","sticky":false,"template":"","format":"standard","meta":{"_jetpack_memberships_contains_paid_content":false,"footnotes":""},"categories":[24],"tags":[96],"class_list":["post-24952","post","type-post","status-publish","format-standard","has-post-thumbnail","hentry","category-estado","tag-turismo"],"yoast_head":"<!-- This site is optimized with the Yoast SEO plugin v26.6 - https:\/\/yoast.com\/wordpress\/plugins\/seo\/ -->\n<title>Subsectur informa 80% de ocupaci\u00f3n del vuelo AIFA-Manzanillo en sus primeros dos meses de operaci\u00f3n - M\u00e1s Que Noticias<\/title>\n<meta name=\"robots\" content=\"index, follow, max-snippet:-1, max-image-preview:large, max-video-preview:-1\" \/>\n<link rel=\"canonical\" href=\"https:\/\/masquenoticias.mx\/index.php\/2026\/09\/03\/subsectur-informa-80-de-ocupacion-del-vuelo-aifa-manzanillo-en-sus-primeros-dos-meses-de-operacion\/\" \/>\n<meta property=\"og:locale\" content=\"es_MX\" \/>\n<meta property=\"og:type\" content=\"article\" \/>\n<meta property=\"og:title\" content=\"Subsectur informa 80% de ocupaci\u00f3n del vuelo AIFA-Manzanillo en sus primeros dos meses de operaci\u00f3n - M\u00e1s Que Noticias\" \/>\n<meta property=\"og:description\" content=\"El subsecretario de Turismo del Gobierno del Estado de Colima, Jorge Padilla Castillo, inform\u00f3 que el vuelo Ciudad de M\u00e9xico-AIFA-Manzanillo de Viva Aerob\u00fas alcanz\u00f3 una ocupaci\u00f3n promedio del 80% durante sus primeros dos meses de operaci\u00f3n, de acuerdo con datos de la propia aerol\u00ednea y dijo que estos resultados confirman la viabilidad de la nueva [&hellip;]\" \/>\n<meta property=\"og:url\" content=\"https:\/\/masquenoticias.mx\/index.php\/2026\/09\/03\/subsectur-informa-80-de-ocupacion-del-vuelo-aifa-manzanillo-en-sus-primeros-dos-meses-de-operacion\/\" \/>\n<meta property=\"og:site_name\" content=\"M\u00e1s Que Noticias\" \/>\n<meta property=\"article:publisher\" content=\"https:\/\/www.facebook.com\/masquenoticiascolima\" \/>\n<meta property=\"article:published_time\" content=\"2026-09-04T05:27:17+00:00\" \/>\n<meta property=\"og:image\" content=\"https:\/\/masquenoticias.mx\/wp-content\/uploads\/2026\/09\/turismo-colima.jpeg\" \/>\n\t<meta property=\"og:image:width\" content=\"1500\" \/>\n\t<meta property=\"og:image:height\" content=\"1125\" \/>\n\t<meta property=\"og:image:type\" content=\"image\/jpeg\" \/>\n<meta name=\"author\" content=\"Redacci\u00f3n\" \/>\n<meta name=\"twitter:card\" content=\"summary_large_image\" \/>\n<meta name=\"twitter:creator\" content=\"@edgartove\" \/>\n<meta name=\"twitter:site\" content=\"@edgartove\" \/>\n<meta name=\"twitter:label1\" content=\"Escrito por\" \/>\n\t<meta name=\"twitter:data1\" content=\"Redacci\u00f3n\" \/>\n\t<meta name=\"twitter:label2\" content=\"Tiempo de lectura\" \/>\n\t<meta name=\"twitter:data2\" content=\"2 minutos\" \/>\n<script type=\"application\/ld+json\" class=\"yoast-schema-graph\">{\"@context\":\"https:\/\/schema.org\",\"@graph\":[{\"@type\":\"Article\",\"@id\":\"https:\/\/masquenoticias.mx\/index.php\/2026\/09\/03\/subsectur-informa-80-de-ocupacion-del-vuelo-aifa-manzanillo-en-sus-primeros-dos-meses-de-operacion\/#article\",\"isPartOf\":{\"@id\":\"https:\/\/masquenoticias.mx\/index.php\/2026\/09\/03\/subsectur-informa-80-de-ocupacion-del-vuelo-aifa-manzanillo-en-sus-primeros-dos-meses-de-operacion\/\"},\"author\":{\"name\":\"Redacci\u00f3n\",\"@id\":\"https:\/\/masquenoticias.mx\/#\/schema\/person\/544d19989ef23d34615f691f7a96e622\"},\"headline\":\"Subsectur informa 80% de ocupaci\u00f3n del vuelo AIFA-Manzanillo en sus primeros dos meses de operaci\u00f3n\",\"datePublished\":\"2026-09-04T05:27:17+00:00\",\"mainEntityOfPage\":{\"@id\":\"https:\/\/masquenoticias.mx\/index.php\/2026\/09\/03\/subsectur-informa-80-de-ocupacion-del-vuelo-aifa-manzanillo-en-sus-primeros-dos-meses-de-operacion\/\"},\"wordCount\":250,\"commentCount\":0,\"publisher\":{\"@id\":\"https:\/\/masquenoticias.mx\/#organization\"},\"image\":{\"@id\":\"https:\/\/masquenoticias.mx\/index.php\/2026\/09\/03\/subsectur-informa-80-de-ocupacion-del-vuelo-aifa-manzanillo-en-sus-primeros-dos-meses-de-operacion\/#primaryimage\"},\"thumbnailUrl\":\"https:\/\/i0.wp.com\/masquenoticias.mx\/wp-content\/uploads\/2026\/09\/turismo-colima.jpeg?fit=1500%2C1125&ssl=1\",\"keywords\":[\"Turismo\"],\"articleSection\":[\"Estado\"],\"inLanguage\":\"es\",\"potentialAction\":[{\"@type\":\"CommentAction\",\"name\":\"Comment\",\"target\":[\"https:\/\/masquenoticias.mx\/index.php\/2026\/09\/03\/subsectur-informa-80-de-ocupacion-del-vuelo-aifa-manzanillo-en-sus-primeros-dos-meses-de-operacion\/#respond\"]}]},{\"@type\":\"WebPage\",\"@id\":\"https:\/\/masquenoticias.mx\/index.php\/2026\/09\/03\/subsectur-informa-80-de-ocupacion-del-vuelo-aifa-manzanillo-en-sus-primeros-dos-meses-de-operacion\/\",\"url\":\"https:\/\/masquenoticias.mx\/index.php\/2026\/09\/03\/subsectur-informa-80-de-ocupacion-del-vuelo-aifa-manzanillo-en-sus-primeros-dos-meses-de-operacion\/\",\"name\":\"Subsectur informa 80% de ocupaci\u00f3n del vuelo AIFA-Manzanillo en sus primeros dos meses de operaci\u00f3n - M\u00e1s Que Noticias\",\"isPartOf\":{\"@id\":\"https:\/\/masquenoticias.mx\/#website\"},\"primaryImageOfPage\":{\"@id\":\"https:\/\/masquenoticias.mx\/index.php\/2026\/09\/03\/subsectur-informa-80-de-ocupacion-del-vuelo-aifa-manzanillo-en-sus-primeros-dos-meses-de-operacion\/#primaryimage\"},\"image\":{\"@id\":\"https:\/\/masquenoticias.mx\/index.php\/2026\/09\/03\/subsectur-informa-80-de-ocupacion-del-vuelo-aifa-manzanillo-en-sus-primeros-dos-meses-de-operacion\/#primaryimage\"},\"thumbnailUrl\":\"https:\/\/i0.wp.com\/masquenoticias.mx\/wp-content\/uploads\/2026\/09\/turismo-colima.jpeg?fit=1500%2C1125&ssl=1\",\"datePublished\":\"2026-09-04T05:27:17+00:00\",\"breadcrumb\":{\"@id\":\"https:\/\/masquenoticias.mx\/index.php\/2026\/09\/03\/subsectur-informa-80-de-ocupacion-del-vuelo-aifa-manzanillo-en-sus-primeros-dos-meses-de-operacion\/#breadcrumb\"},\"inLanguage\":\"es\",\"potentialAction\":[{\"@type\":\"ReadAction\",\"target\":[\"https:\/\/masquenoticias.mx\/index.php\/2026\/09\/03\/subsectur-informa-80-de-ocupacion-del-vuelo-aifa-manzanillo-en-sus-primeros-dos-meses-de-operacion\/\"]}]},{\"@type\":\"ImageObject\",\"inLanguage\":\"es\",\"@id\":\"https:\/\/masquenoticias.mx\/index.php\/2026\/09\/03\/subsectur-informa-80-de-ocupacion-del-vuelo-aifa-manzanillo-en-sus-primeros-dos-meses-de-operacion\/#primaryimage\",\"url\":\"https:\/\/i0.wp.com\/masquenoticias.mx\/wp-content\/uploads\/2026\/09\/turismo-colima.jpeg?fit=1500%2C1125&ssl=1\",\"contentUrl\":\"https:\/\/i0.wp.com\/masquenoticias.mx\/wp-content\/uploads\/2026\/09\/turismo-colima.jpeg?fit=1500%2C1125&ssl=1\",\"width\":1500,\"height\":1125},{\"@type\":\"BreadcrumbList\",\"@id\":\"https:\/\/masquenoticias.mx\/index.php\/2026\/09\/03\/subsectur-informa-80-de-ocupacion-del-vuelo-aifa-manzanillo-en-sus-primeros-dos-meses-de-operacion\/#breadcrumb\",\"itemListElement\":[{\"@type\":\"ListItem\",\"position\":1,\"name\":\"Inicio\",\"item\":\"https:\/\/masquenoticias.mx\/\"},{\"@type\":\"ListItem\",\"position\":2,\"name\":\"Subsectur informa 80% de ocupaci\u00f3n del vuelo AIFA-Manzanillo en sus primeros dos meses de operaci\u00f3n\"}]},{\"@type\":\"WebSite\",\"@id\":\"https:\/\/masquenoticias.mx\/#website\",\"url\":\"https:\/\/masquenoticias.mx\/\",\"name\":\"M\u00e1s Que Noticias\",\"description\":\"Noticias de Colima, M\u00e9xico y el Mundo\",\"publisher\":{\"@id\":\"https:\/\/masquenoticias.mx\/#organization\"},\"potentialAction\":[{\"@type\":\"SearchAction\",\"target\":{\"@type\":\"EntryPoint\",\"urlTemplate\":\"https:\/\/masquenoticias.mx\/?s={search_term_string}\"},\"query-input\":{\"@type\":\"PropertyValueSpecification\",\"valueRequired\":true,\"valueName\":\"search_term_string\"}}],\"inLanguage\":\"es\"},{\"@type\":\"Organization\",\"@id\":\"https:\/\/masquenoticias.mx\/#organization\",\"name\":\"M\u00e1s Que Noticias\",\"url\":\"https:\/\/masquenoticias.mx\/\",\"logo\":{\"@type\":\"ImageObject\",\"inLanguage\":\"es\",\"@id\":\"https:\/\/masquenoticias.mx\/#\/schema\/logo\/image\/\",\"url\":\"https:\/\/i0.wp.com\/masquenoticias.mx\/wp-content\/uploads\/2024\/04\/IMG_0004.png?fit=2560%2C1656&ssl=1\",\"contentUrl\":\"https:\/\/i0.wp.com\/masquenoticias.mx\/wp-content\/uploads\/2024\/04\/IMG_0004.png?fit=2560%2C1656&ssl=1\",\"width\":2560,\"height\":1656,\"caption\":\"M\u00e1s Que Noticias\"},\"image\":{\"@id\":\"https:\/\/masquenoticias.mx\/#\/schema\/logo\/image\/\"},\"sameAs\":[\"https:\/\/www.facebook.com\/masquenoticiascolima\",\"https:\/\/x.com\/edgartove\",\"https:\/\/www.instagram.com\/masquenoticiascolima\/\"]},{\"@type\":\"Person\",\"@id\":\"https:\/\/masquenoticias.mx\/#\/schema\/person\/544d19989ef23d34615f691f7a96e622\",\"name\":\"Redacci\u00f3n\",\"image\":{\"@type\":\"ImageObject\",\"inLanguage\":\"es\",\"@id\":\"https:\/\/masquenoticias.mx\/#\/schema\/person\/image\/\",\"url\":\"https:\/\/secure.gravatar.com\/avatar\/7fcc926d5b058d3f3d52d95b4d05dd58?s=96&d=mm&r=g\",\"contentUrl\":\"https:\/\/secure.gravatar.com\/avatar\/7fcc926d5b058d3f3d52d95b4d05dd58?s=96&d=mm&r=g\",\"caption\":\"Redacci\u00f3n\"},\"sameAs\":[\"http:\/\/masquenoticias.mx\"],\"url\":\"https:\/\/masquenoticias.mx\/index.php\/author\/edgartovegmail-com\/\"}]}<\/script>\n<!-- \/ Yoast SEO plugin. -->","yoast_head_json":{"title":"Subsectur informa 80% de ocupaci\u00f3n del vuelo AIFA-Manzanillo en sus primeros dos meses de operaci\u00f3n - M\u00e1s Que Noticias","robots":{"index":"index","follow":"follow","max-snippet":"max-snippet:-1","max-image-preview":"max-image-preview:large","max-video-preview":"max-video-preview:-1"},"canonical":"https:\/\/masquenoticias.mx\/index.php\/2026\/09\/03\/subsectur-informa-80-de-ocupacion-del-vuelo-aifa-manzanillo-en-sus-primeros-dos-meses-de-operacion\/","og_locale":"es_MX","og_type":"article","og_title":"Subsectur informa 80% de ocupaci\u00f3n del vuelo AIFA-Manzanillo en sus primeros dos meses de operaci\u00f3n - M\u00e1s Que Noticias","og_description":"El subsecretario de Turismo del Gobierno del Estado de Colima, Jorge Padilla Castillo, inform\u00f3 que el vuelo Ciudad de M\u00e9xico-AIFA-Manzanillo de Viva Aerob\u00fas alcanz\u00f3 una ocupaci\u00f3n promedio del 80% durante sus primeros dos meses de operaci\u00f3n, de acuerdo con datos de la propia aerol\u00ednea y dijo que estos resultados confirman la viabilidad de la nueva [&hellip;]","og_url":"https:\/\/masquenoticias.mx\/index.php\/2026\/09\/03\/subsectur-informa-80-de-ocupacion-del-vuelo-aifa-manzanillo-en-sus-primeros-dos-meses-de-operacion\/","og_site_name":"M\u00e1s Que Noticias","article_publisher":"https:\/\/www.facebook.com\/masquenoticiascolima","article_published_time":"2026-09-04T05:27:17+00:00","og_image":[{"width":1500,"height":1125,"url":"https:\/\/masquenoticias.mx\/wp-content\/uploads\/2026\/09\/turismo-colima.jpeg","type":"image\/jpeg"}],"author":"Redacci\u00f3n","twitter_card":"summary_large_image","twitter_creator":"@edgartove","twitter_site":"@edgartove","twitter_misc":{"Escrito por":"Redacci\u00f3n","Tiempo de lectura":"2 minutos"},"schema":{"@context":"https:\/\/schema.org","@graph":[{"@type":"Article","@id":"https:\/\/masquenoticias.mx\/index.php\/2026\/09\/03\/subsectur-informa-80-de-ocupacion-del-vuelo-aifa-manzanillo-en-sus-primeros-dos-meses-de-operacion\/#article","isPartOf":{"@id":"https:\/\/masquenoticias.mx\/index.php\/2026\/09\/03\/subsectur-informa-80-de-ocupacion-del-vuelo-aifa-manzanillo-en-sus-primeros-dos-meses-de-operacion\/"},"author":{"name":"Redacci\u00f3n","@id":"https:\/\/masquenoticias.mx\/#\/schema\/person\/544d19989ef23d34615f691f7a96e622"},"headline":"Subsectur informa 80% de ocupaci\u00f3n del vuelo AIFA-Manzanillo en sus primeros dos meses de operaci\u00f3n","datePublished":"2026-09-04T05:27:17+00:00","mainEntityOfPage":{"@id":"https:\/\/masquenoticias.mx\/index.php\/2026\/09\/03\/subsectur-informa-80-de-ocupacion-del-vuelo-aifa-manzanillo-en-sus-primeros-dos-meses-de-operacion\/"},"wordCount":250,"commentCount":0,"publisher":{"@id":"https:\/\/masquenoticias.mx\/#organization"},"image":{"@id":"https:\/\/masquenoticias.mx\/index.php\/2026\/09\/03\/subsectur-informa-80-de-ocupacion-del-vuelo-aifa-manzanillo-en-sus-primeros-dos-meses-de-operacion\/#primaryimage"},"thumbnailUrl":"https:\/\/i0.wp.com\/masquenoticias.mx\/wp-content\/uploads\/2026\/09\/turismo-colima.jpeg?fit=1500%2C1125&ssl=1","keywords":["Turismo"],"articleSection":["Estado"],"inLanguage":"es","potentialAction":[{"@type":"CommentAction","name":"Comment","target":["https:\/\/masquenoticias.mx\/index.php\/2026\/09\/03\/subsectur-informa-80-de-ocupacion-del-vuelo-aifa-manzanillo-en-sus-primeros-dos-meses-de-operacion\/#respond"]}]},{"@type":"WebPage","@id":"https:\/\/masquenoticias.mx\/index.php\/2026\/09\/03\/subsectur-informa-80-de-ocupacion-del-vuelo-aifa-manzanillo-en-sus-primeros-dos-meses-de-operacion\/","url":"https:\/\/masquenoticias.mx\/index.php\/2026\/09\/03\/subsectur-informa-80-de-ocupacion-del-vuelo-aifa-manzanillo-en-sus-primeros-dos-meses-de-operacion\/","name":"Subsectur informa 80% de ocupaci\u00f3n del vuelo AIFA-Manzanillo en sus primeros dos meses de operaci\u00f3n - M\u00e1s Que Noticias","isPartOf":{"@id":"https:\/\/masquenoticias.mx\/#website"},"primaryImageOfPage":{"@id":"https:\/\/masquenoticias.mx\/index.php\/2026\/09\/03\/subsectur-informa-80-de-ocupacion-del-vuelo-aifa-manzanillo-en-sus-primeros-dos-meses-de-operacion\/#primaryimage"},"image":{"@id":"https:\/\/masquenoticias.mx\/index.php\/2026\/09\/03\/subsectur-informa-80-de-ocupacion-del-vuelo-aifa-manzanillo-en-sus-primeros-dos-meses-de-operacion\/#primaryimage"},"thumbnailUrl":"https:\/\/i0.wp.com\/masquenoticias.mx\/wp-content\/uploads\/2026\/09\/turismo-colima.jpeg?fit=1500%2C1125&ssl=1","datePublished":"2026-09-04T05:27:17+00:00","breadcrumb":{"@id":"https:\/\/masquenoticias.mx\/index.php\/2026\/09\/03\/subsectur-informa-80-de-ocupacion-del-vuelo-aifa-manzanillo-en-sus-primeros-dos-meses-de-operacion\/#breadcrumb"},"inLanguage":"es","potentialAction":[{"@type":"ReadAction","target":["https:\/\/masquenoticias.mx\/index.php\/2026\/09\/03\/subsectur-informa-80-de-ocupacion-del-vuelo-aifa-manzanillo-en-sus-primeros-dos-meses-de-operacion\/"]}]},{"@type":"ImageObject","inLanguage":"es","@id":"https:\/\/masquenoticias.mx\/index.php\/2026\/09\/03\/subsectur-informa-80-de-ocupacion-del-vuelo-aifa-manzanillo-en-sus-primeros-dos-meses-de-operacion\/#primaryimage","url":"https:\/\/i0.wp.com\/masquenoticias.mx\/wp-content\/uploads\/2026\/09\/turismo-colima.jpeg?fit=1500%2C1125&ssl=1","contentUrl":"https:\/\/i0.wp.com\/masquenoticias.mx\/wp-content\/uploads\/2026\/09\/turismo-colima.jpeg?fit=1500%2C1125&ssl=1","width":1500,"height":1125},{"@type":"BreadcrumbList","@id":"https:\/\/masquenoticias.mx\/index.php\/2026\/09\/03\/subsectur-informa-80-de-ocupacion-del-vuelo-aifa-manzanillo-en-sus-primeros-dos-meses-de-operacion\/#breadcrumb","itemListElement":[{"@type":"ListItem","position":1,"name":"Inicio","item":"https:\/\/masquenoticias.mx\/"},{"@type":"ListItem","position":2,"name":"Subsectur informa 80% de ocupaci\u00f3n del vuelo AIFA-Manzanillo en sus primeros dos meses de operaci\u00f3n"}]},{"@type":"WebSite","@id":"https:\/\/masquenoticias.mx\/#website","url":"https:\/\/masquenoticias.mx\/","name":"M\u00e1s Que Noticias","description":"Noticias de Colima, M\u00e9xico y el Mundo","publisher":{"@id":"https:\/\/masquenoticias.mx\/#organization"},"potentialAction":[{"@type":"SearchAction","target":{"@type":"EntryPoint","urlTemplate":"https:\/\/masquenoticias.mx\/?s={search_term_string}"},"query-input":{"@type":"PropertyValueSpecification","valueRequired":true,"valueName":"search_term_string"}}],"inLanguage":"es"},{"@type":"Organization","@id":"https:\/\/masquenoticias.mx\/#organization","name":"M\u00e1s Que Noticias","url":"https:\/\/masquenoticias.mx\/","logo":{"@type":"ImageObject","inLanguage":"es","@id":"https:\/\/masquenoticias.mx\/#\/schema\/logo\/image\/","url":"https:\/\/i0.wp.com\/masquenoticias.mx\/wp-content\/uploads\/2024\/04\/IMG_0004.png?fit=2560%2C1656&ssl=1","contentUrl":"https:\/\/i0.wp.com\/masquenoticias.mx\/wp-content\/uploads\/2024\/04\/IMG_0004.png?fit=2560%2C1656&ssl=1","width":2560,"height":1656,"caption":"M\u00e1s Que Noticias"},"image":{"@id":"https:\/\/masquenoticias.mx\/#\/schema\/logo\/image\/"},"sameAs":["https:\/\/www.facebook.com\/masquenoticiascolima","https:\/\/x.com\/edgartove","https:\/\/www.instagram.com\/masquenoticiascolima\/"]},{"@type":"Person","@id":"https:\/\/masquenoticias.mx\/#\/schema\/person\/544d19989ef23d34615f691f7a96e622","name":"Redacci\u00f3n","image":{"@type":"ImageObject","inLanguage":"es","@id":"https:\/\/masquenoticias.mx\/#\/schema\/person\/image\/","url":"https:\/\/secure.gravatar.com\/avatar\/7fcc926d5b058d3f3d52d95b4d05dd58?s=96&d=mm&r=g","contentUrl":"https:\/\/secure.gravatar.com\/avatar\/7fcc926d5b058d3f3d52d95b4d05dd58?s=96&d=mm&r=g","caption":"Redacci\u00f3n"},"sameAs":["http:\/\/masquenoticias.mx"],"url":"https:\/\/masquenoticias.mx\/index.php\/author\/edgartovegmail-com\/"}]}},"jetpack_featured_media_url":"https:\/\/i0.wp.com\/masquenoticias.mx\/wp-content\/uploads\/2026\/09\/turismo-colima.jpeg?fit=1500%2C1125&ssl=1","blog_post_layout_featured_media_urls":{"thumbnail":["https:\/\/i0.wp.com\/masquenoticias.mx\/wp-content\/uploads\/2026\/09\/turismo-colima.jpeg?resize=150%2C150&ssl=1",150,150,true],"full":["https:\/\/i0.wp.com\/masquenoticias.mx\/wp-content\/uploads\/2026\/09\/turismo-colima.jpeg?fit=1500%2C1125&ssl=1",1500,1125,false]},"categories_names":{"24":{"name":"Estado","link":"https:\/\/masquenoticias.mx\/index.php\/category\/estado\/"}},"tags_names":{"96":{"name":"Turismo","link":"https:\/\/masquenoticias.mx\/index.php\/tag\/turismo\/"}},"comments_number":"0","wpmagazine_modules_lite_featured_media_urls":{"thumbnail":["https:\/\/i0.wp.com\/masquenoticias.mx\/wp-content\/uploads\/2026\/09\/turismo-colima.jpeg?resize=150%2C150&ssl=1",150,150,true],"cvmm-medium":["https:\/\/i0.wp.com\/masquenoticias.mx\/wp-content\/uploads\/2026\/09\/turismo-colima.jpeg?resize=300%2C300&ssl=1",300,300,true],"cvmm-medium-plus":["https:\/\/i0.wp.com\/masquenoticias.mx\/wp-content\/uploads\/2026\/09\/turismo-colima.jpeg?resize=305%2C207&ssl=1",305,207,true],"cvmm-portrait":["https:\/\/i0.wp.com\/masquenoticias.mx\/wp-content\/uploads\/2026\/09\/turismo-colima.jpeg?resize=400%2C600&ssl=1",400,600,true],"cvmm-medium-square":["https:\/\/i0.wp.com\/masquenoticias.mx\/wp-content\/uploads\/2026\/09\/turismo-colima.jpeg?resize=600%2C600&ssl=1",600,600,true],"cvmm-large":["https:\/\/i0.wp.com\/masquenoticias.mx\/wp-content\/uploads\/2026\/09\/turismo-colima.jpeg?resize=1024%2C1024&ssl=1",1024,1024,true],"cvmm-small":["https:\/\/i0.wp.com\/masquenoticias.mx\/wp-content\/uploads\/2026\/09\/turismo-colima.jpeg?resize=130%2C95&ssl=1",130,95,true],"full":["https:\/\/i0.wp.com\/masquenoticias.mx\/wp-content\/uploads\/2026\/09\/turismo-colima.jpeg?fit=1500%2C1125&ssl=1",1500,1125,false]},"jetpack-related-posts":[],"jetpack_sharing_enabled":true,"jetpack_likes_enabled":true,"jetpack_shortlink":"https:\/\/wp.me\/pf7pkt-6us","_links":{"self":[{"href":"https:\/\/masquenoticias.mx\/index.php\/wp-json\/wp\/v2\/posts\/24952","targetHints":{"allow":["GET"]}}],"collection":[{"href":"https:\/\/masquenoticias.mx\/index.php\/wp-json\/wp\/v2\/posts"}],"about":[{"href":"https:\/\/masquenoticias.mx\/index.php\/wp-json\/wp\/v2\/types\/post"}],"author":[{"embeddable":true,"href":"https:\/\/masquenoticias.mx\/index.php\/wp-json\/wp\/v2\/users\/1"}],"replies":[{"embeddable":true,"href":"https:\/\/masquenoticias.mx\/index.php\/wp-json\/wp\/v2\/comments?post=24952"}],"version-history":[{"count":1,"href":"https:\/\/masquenoticias.mx\/index.php\/wp-json\/wp\/v2\/posts\/24952\/revisions"}],"predecessor-version":[{"id":24954,"href":"https:\/\/masquenoticias.mx\/index.php\/wp-json\/wp\/v2\/posts\/24952\/revisions\/24954"}],"wp:featuredmedia":[{"embeddable":true,"href":"https:\/\/masquenoticias.mx\/index.php\/wp-json\/wp\/v2\/media\/24953"}],"wp:attachment":[{"href":"https:\/\/masquenoticias.mx\/index.php\/wp-json\/wp\/v2\/media?parent=24952"}],"wp:term":[{"taxonomy":"category","embeddable":true,"href":"https:\/\/masquenoticias.mx\/index.php\/wp-json\/wp\/v2\/categories?post=24952"},{"taxonomy":"post_tag","embeddable":true,"href":"https:\/\/masquenoticias.mx\/index.php\/wp-json\/wp\/v2\/tags?post=24952"}],"curies":[{"name":"wp","href":"https:\/\/api.w.org\/{rel}","templated":true}]}}