{"id":24949,"date":"2026-09-03T22:31:07","date_gmt":"2026-09-04T04:31:07","guid":{"rendered":"https:\/\/masquenoticias.mx\/?p=24949"},"modified":"2026-09-03T22:31:07","modified_gmt":"2026-09-04T04:31:07","slug":"seidum-informa-que-habra-cierre-parcial-en-el-libramiento-comala-a-partir-del-proximo-lunes","status":"publish","type":"post","link":"https:\/\/masquenoticias.mx\/index.php\/2026\/09\/03\/seidum-informa-que-habra-cierre-parcial-en-el-libramiento-comala-a-partir-del-proximo-lunes\/","title":{"rendered":"Seidum informa que habr\u00e1 cierre parcial en el Libramiento Comala a partir del pr\u00f3ximo lunes"},"content":{"rendered":"<p>La Secretar\u00eda de Infraestructura, Desarrollo Urbano y Movilidad (Seidum) del Gobierno del Estado de Colima informa que a partir del lunes 7 de septiembre se implementar\u00e1 un cierre parcial en el Libramiento Comala, en el sentido de Villa de \u00c1lvarez a Suchitl\u00e1n, debido a los trabajos de construcci\u00f3n del Acueducto \u2018Agua para Colima\u2019, proyecto gestionado por la gobernadora Indira Vizca\u00edno Silva ante la presidenta de M\u00e9xico, Claudia Sheinbaum Pardo, para mejorar el abastecimiento del vital l\u00edquido en beneficio de las familias de la zona conurbada.<\/p>\n<p>Las labores en este tramo se mantendr\u00e1n durante un periodo estimado de dos meses y como parte de las medidas de seguridad y operaci\u00f3n vial, se realizar\u00e1 el cierre de uno de los carriles, por lo que la circulaci\u00f3n permanecer\u00e1 abierta de manera intermitente en ambos sentidos a trav\u00e9s del carril disponible. La dependencia estatal recomienda a las y los conductores respetar en todo momento la se\u00f1alizaci\u00f3n y las indicaciones del personal vial que participa en estas #ObrasQueTransforman, para evitar alg\u00fan accidente.<\/p>\n","protected":false},"excerpt":{"rendered":"<p>La Secretar\u00eda de Infraestructura, Desarrollo Urbano y Movilidad (Seidum) del Gobierno del Estado de Colima informa que a partir del lunes 7 de septiembre se implementar\u00e1 un cierre parcial en el Libramiento Comala, en el sentido de Villa de \u00c1lvarez a Suchitl\u00e1n, debido a los trabajos de construcci\u00f3n del Acueducto \u2018Agua para Colima\u2019, proyecto gestionado [&hellip;]<\/p>\n","protected":false},"author":1,"featured_media":24950,"comment_status":"open","ping_status":"open","sticky":false,"template":"","format":"standard","meta":{"_jetpack_memberships_contains_paid_content":false,"footnotes":""},"categories":[24],"tags":[175],"class_list":["post-24949","post","type-post","status-publish","format-standard","has-post-thumbnail","hentry","category-estado","tag-seidum"],"yoast_head":"<!-- This site is optimized with the Yoast SEO plugin v26.6 - https:\/\/yoast.com\/wordpress\/plugins\/seo\/ -->\n<title>Seidum informa que habr\u00e1 cierre parcial en el Libramiento Comala a partir del pr\u00f3ximo lunes - M\u00e1s Que Noticias<\/title>\n<meta name=\"robots\" content=\"index, follow, max-snippet:-1, max-image-preview:large, max-video-preview:-1\" \/>\n<link rel=\"canonical\" href=\"https:\/\/masquenoticias.mx\/index.php\/2026\/09\/03\/seidum-informa-que-habra-cierre-parcial-en-el-libramiento-comala-a-partir-del-proximo-lunes\/\" \/>\n<meta property=\"og:locale\" content=\"es_MX\" \/>\n<meta property=\"og:type\" content=\"article\" \/>\n<meta property=\"og:title\" content=\"Seidum informa que habr\u00e1 cierre parcial en el Libramiento Comala a partir del pr\u00f3ximo lunes - M\u00e1s Que Noticias\" \/>\n<meta property=\"og:description\" content=\"La Secretar\u00eda de Infraestructura, Desarrollo Urbano y Movilidad (Seidum) del Gobierno del Estado de Colima informa que a partir del lunes 7 de septiembre se implementar\u00e1 un cierre parcial en el Libramiento Comala, en el sentido de Villa de \u00c1lvarez a Suchitl\u00e1n, debido a los trabajos de construcci\u00f3n del Acueducto \u2018Agua para Colima\u2019, proyecto gestionado [&hellip;]\" \/>\n<meta property=\"og:url\" content=\"https:\/\/masquenoticias.mx\/index.php\/2026\/09\/03\/seidum-informa-que-habra-cierre-parcial-en-el-libramiento-comala-a-partir-del-proximo-lunes\/\" \/>\n<meta property=\"og:site_name\" content=\"M\u00e1s Que Noticias\" \/>\n<meta property=\"article:publisher\" content=\"https:\/\/www.facebook.com\/masquenoticiascolima\" \/>\n<meta property=\"article:published_time\" content=\"2026-09-04T04:31:07+00:00\" \/>\n<meta property=\"og:image\" content=\"https:\/\/masquenoticias.mx\/wp-content\/uploads\/2026\/09\/WhatsApp-Image-2026-09-02-at-2.01.42-PM.jpeg\" \/>\n\t<meta property=\"og:image:width\" content=\"1280\" \/>\n\t<meta property=\"og:image:height\" content=\"1600\" \/>\n\t<meta property=\"og:image:type\" content=\"image\/jpeg\" \/>\n<meta name=\"author\" content=\"Redacci\u00f3n\" \/>\n<meta name=\"twitter:card\" content=\"summary_large_image\" \/>\n<meta name=\"twitter:creator\" content=\"@edgartove\" \/>\n<meta name=\"twitter:site\" content=\"@edgartove\" \/>\n<meta name=\"twitter:label1\" content=\"Escrito por\" \/>\n\t<meta name=\"twitter:data1\" content=\"Redacci\u00f3n\" \/>\n\t<meta name=\"twitter:label2\" content=\"Tiempo de lectura\" \/>\n\t<meta name=\"twitter:data2\" content=\"1 minuto\" \/>\n<script type=\"application\/ld+json\" class=\"yoast-schema-graph\">{\"@context\":\"https:\/\/schema.org\",\"@graph\":[{\"@type\":\"Article\",\"@id\":\"https:\/\/masquenoticias.mx\/index.php\/2026\/09\/03\/seidum-informa-que-habra-cierre-parcial-en-el-libramiento-comala-a-partir-del-proximo-lunes\/#article\",\"isPartOf\":{\"@id\":\"https:\/\/masquenoticias.mx\/index.php\/2026\/09\/03\/seidum-informa-que-habra-cierre-parcial-en-el-libramiento-comala-a-partir-del-proximo-lunes\/\"},\"author\":{\"name\":\"Redacci\u00f3n\",\"@id\":\"https:\/\/masquenoticias.mx\/#\/schema\/person\/544d19989ef23d34615f691f7a96e622\"},\"headline\":\"Seidum informa que habr\u00e1 cierre parcial en el Libramiento Comala a partir del pr\u00f3ximo lunes\",\"datePublished\":\"2026-09-04T04:31:07+00:00\",\"mainEntityOfPage\":{\"@id\":\"https:\/\/masquenoticias.mx\/index.php\/2026\/09\/03\/seidum-informa-que-habra-cierre-parcial-en-el-libramiento-comala-a-partir-del-proximo-lunes\/\"},\"wordCount\":195,\"commentCount\":0,\"publisher\":{\"@id\":\"https:\/\/masquenoticias.mx\/#organization\"},\"image\":{\"@id\":\"https:\/\/masquenoticias.mx\/index.php\/2026\/09\/03\/seidum-informa-que-habra-cierre-parcial-en-el-libramiento-comala-a-partir-del-proximo-lunes\/#primaryimage\"},\"thumbnailUrl\":\"https:\/\/i0.wp.com\/masquenoticias.mx\/wp-content\/uploads\/2026\/09\/WhatsApp-Image-2026-09-02-at-2.01.42-PM.jpeg?fit=1280%2C1600&ssl=1\",\"keywords\":[\"Seidum\"],\"articleSection\":[\"Estado\"],\"inLanguage\":\"es\",\"potentialAction\":[{\"@type\":\"CommentAction\",\"name\":\"Comment\",\"target\":[\"https:\/\/masquenoticias.mx\/index.php\/2026\/09\/03\/seidum-informa-que-habra-cierre-parcial-en-el-libramiento-comala-a-partir-del-proximo-lunes\/#respond\"]}]},{\"@type\":\"WebPage\",\"@id\":\"https:\/\/masquenoticias.mx\/index.php\/2026\/09\/03\/seidum-informa-que-habra-cierre-parcial-en-el-libramiento-comala-a-partir-del-proximo-lunes\/\",\"url\":\"https:\/\/masquenoticias.mx\/index.php\/2026\/09\/03\/seidum-informa-que-habra-cierre-parcial-en-el-libramiento-comala-a-partir-del-proximo-lunes\/\",\"name\":\"Seidum informa que habr\u00e1 cierre parcial en el Libramiento Comala a partir del pr\u00f3ximo lunes - M\u00e1s Que Noticias\",\"isPartOf\":{\"@id\":\"https:\/\/masquenoticias.mx\/#website\"},\"primaryImageOfPage\":{\"@id\":\"https:\/\/masquenoticias.mx\/index.php\/2026\/09\/03\/seidum-informa-que-habra-cierre-parcial-en-el-libramiento-comala-a-partir-del-proximo-lunes\/#primaryimage\"},\"image\":{\"@id\":\"https:\/\/masquenoticias.mx\/index.php\/2026\/09\/03\/seidum-informa-que-habra-cierre-parcial-en-el-libramiento-comala-a-partir-del-proximo-lunes\/#primaryimage\"},\"thumbnailUrl\":\"https:\/\/i0.wp.com\/masquenoticias.mx\/wp-content\/uploads\/2026\/09\/WhatsApp-Image-2026-09-02-at-2.01.42-PM.jpeg?fit=1280%2C1600&ssl=1\",\"datePublished\":\"2026-09-04T04:31:07+00:00\",\"breadcrumb\":{\"@id\":\"https:\/\/masquenoticias.mx\/index.php\/2026\/09\/03\/seidum-informa-que-habra-cierre-parcial-en-el-libramiento-comala-a-partir-del-proximo-lunes\/#breadcrumb\"},\"inLanguage\":\"es\",\"potentialAction\":[{\"@type\":\"ReadAction\",\"target\":[\"https:\/\/masquenoticias.mx\/index.php\/2026\/09\/03\/seidum-informa-que-habra-cierre-parcial-en-el-libramiento-comala-a-partir-del-proximo-lunes\/\"]}]},{\"@type\":\"ImageObject\",\"inLanguage\":\"es\",\"@id\":\"https:\/\/masquenoticias.mx\/index.php\/2026\/09\/03\/seidum-informa-que-habra-cierre-parcial-en-el-libramiento-comala-a-partir-del-proximo-lunes\/#primaryimage\",\"url\":\"https:\/\/i0.wp.com\/masquenoticias.mx\/wp-content\/uploads\/2026\/09\/WhatsApp-Image-2026-09-02-at-2.01.42-PM.jpeg?fit=1280%2C1600&ssl=1\",\"contentUrl\":\"https:\/\/i0.wp.com\/masquenoticias.mx\/wp-content\/uploads\/2026\/09\/WhatsApp-Image-2026-09-02-at-2.01.42-PM.jpeg?fit=1280%2C1600&ssl=1\",\"width\":1280,\"height\":1600},{\"@type\":\"BreadcrumbList\",\"@id\":\"https:\/\/masquenoticias.mx\/index.php\/2026\/09\/03\/seidum-informa-que-habra-cierre-parcial-en-el-libramiento-comala-a-partir-del-proximo-lunes\/#breadcrumb\",\"itemListElement\":[{\"@type\":\"ListItem\",\"position\":1,\"name\":\"Inicio\",\"item\":\"https:\/\/masquenoticias.mx\/\"},{\"@type\":\"ListItem\",\"position\":2,\"name\":\"Seidum informa que habr\u00e1 cierre parcial en el Libramiento Comala a partir del pr\u00f3ximo lunes\"}]},{\"@type\":\"WebSite\",\"@id\":\"https:\/\/masquenoticias.mx\/#website\",\"url\":\"https:\/\/masquenoticias.mx\/\",\"name\":\"M\u00e1s Que Noticias\",\"description\":\"Noticias de Colima, M\u00e9xico y el Mundo\",\"publisher\":{\"@id\":\"https:\/\/masquenoticias.mx\/#organization\"},\"potentialAction\":[{\"@type\":\"SearchAction\",\"target\":{\"@type\":\"EntryPoint\",\"urlTemplate\":\"https:\/\/masquenoticias.mx\/?s={search_term_string}\"},\"query-input\":{\"@type\":\"PropertyValueSpecification\",\"valueRequired\":true,\"valueName\":\"search_term_string\"}}],\"inLanguage\":\"es\"},{\"@type\":\"Organization\",\"@id\":\"https:\/\/masquenoticias.mx\/#organization\",\"name\":\"M\u00e1s Que Noticias\",\"url\":\"https:\/\/masquenoticias.mx\/\",\"logo\":{\"@type\":\"ImageObject\",\"inLanguage\":\"es\",\"@id\":\"https:\/\/masquenoticias.mx\/#\/schema\/logo\/image\/\",\"url\":\"https:\/\/i0.wp.com\/masquenoticias.mx\/wp-content\/uploads\/2024\/04\/IMG_0004.png?fit=2560%2C1656&ssl=1\",\"contentUrl\":\"https:\/\/i0.wp.com\/masquenoticias.mx\/wp-content\/uploads\/2024\/04\/IMG_0004.png?fit=2560%2C1656&ssl=1\",\"width\":2560,\"height\":1656,\"caption\":\"M\u00e1s Que Noticias\"},\"image\":{\"@id\":\"https:\/\/masquenoticias.mx\/#\/schema\/logo\/image\/\"},\"sameAs\":[\"https:\/\/www.facebook.com\/masquenoticiascolima\",\"https:\/\/x.com\/edgartove\",\"https:\/\/www.instagram.com\/masquenoticiascolima\/\"]},{\"@type\":\"Person\",\"@id\":\"https:\/\/masquenoticias.mx\/#\/schema\/person\/544d19989ef23d34615f691f7a96e622\",\"name\":\"Redacci\u00f3n\",\"image\":{\"@type\":\"ImageObject\",\"inLanguage\":\"es\",\"@id\":\"https:\/\/masquenoticias.mx\/#\/schema\/person\/image\/\",\"url\":\"https:\/\/secure.gravatar.com\/avatar\/7fcc926d5b058d3f3d52d95b4d05dd58?s=96&d=mm&r=g\",\"contentUrl\":\"https:\/\/secure.gravatar.com\/avatar\/7fcc926d5b058d3f3d52d95b4d05dd58?s=96&d=mm&r=g\",\"caption\":\"Redacci\u00f3n\"},\"sameAs\":[\"http:\/\/masquenoticias.mx\"],\"url\":\"https:\/\/masquenoticias.mx\/index.php\/author\/edgartovegmail-com\/\"}]}<\/script>\n<!-- \/ Yoast SEO plugin. -->","yoast_head_json":{"title":"Seidum informa que habr\u00e1 cierre parcial en el Libramiento Comala a partir del pr\u00f3ximo lunes - M\u00e1s Que Noticias","robots":{"index":"index","follow":"follow","max-snippet":"max-snippet:-1","max-image-preview":"max-image-preview:large","max-video-preview":"max-video-preview:-1"},"canonical":"https:\/\/masquenoticias.mx\/index.php\/2026\/09\/03\/seidum-informa-que-habra-cierre-parcial-en-el-libramiento-comala-a-partir-del-proximo-lunes\/","og_locale":"es_MX","og_type":"article","og_title":"Seidum informa que habr\u00e1 cierre parcial en el Libramiento Comala a partir del pr\u00f3ximo lunes - M\u00e1s Que Noticias","og_description":"La Secretar\u00eda de Infraestructura, Desarrollo Urbano y Movilidad (Seidum) del Gobierno del Estado de Colima informa que a partir del lunes 7 de septiembre se implementar\u00e1 un cierre parcial en el Libramiento Comala, en el sentido de Villa de \u00c1lvarez a Suchitl\u00e1n, debido a los trabajos de construcci\u00f3n del Acueducto \u2018Agua para Colima\u2019, proyecto gestionado [&hellip;]","og_url":"https:\/\/masquenoticias.mx\/index.php\/2026\/09\/03\/seidum-informa-que-habra-cierre-parcial-en-el-libramiento-comala-a-partir-del-proximo-lunes\/","og_site_name":"M\u00e1s Que Noticias","article_publisher":"https:\/\/www.facebook.com\/masquenoticiascolima","article_published_time":"2026-09-04T04:31:07+00:00","og_image":[{"width":1280,"height":1600,"url":"https:\/\/masquenoticias.mx\/wp-content\/uploads\/2026\/09\/WhatsApp-Image-2026-09-02-at-2.01.42-PM.jpeg","type":"image\/jpeg"}],"author":"Redacci\u00f3n","twitter_card":"summary_large_image","twitter_creator":"@edgartove","twitter_site":"@edgartove","twitter_misc":{"Escrito por":"Redacci\u00f3n","Tiempo de lectura":"1 minuto"},"schema":{"@context":"https:\/\/schema.org","@graph":[{"@type":"Article","@id":"https:\/\/masquenoticias.mx\/index.php\/2026\/09\/03\/seidum-informa-que-habra-cierre-parcial-en-el-libramiento-comala-a-partir-del-proximo-lunes\/#article","isPartOf":{"@id":"https:\/\/masquenoticias.mx\/index.php\/2026\/09\/03\/seidum-informa-que-habra-cierre-parcial-en-el-libramiento-comala-a-partir-del-proximo-lunes\/"},"author":{"name":"Redacci\u00f3n","@id":"https:\/\/masquenoticias.mx\/#\/schema\/person\/544d19989ef23d34615f691f7a96e622"},"headline":"Seidum informa que habr\u00e1 cierre parcial en el Libramiento Comala a partir del pr\u00f3ximo lunes","datePublished":"2026-09-04T04:31:07+00:00","mainEntityOfPage":{"@id":"https:\/\/masquenoticias.mx\/index.php\/2026\/09\/03\/seidum-informa-que-habra-cierre-parcial-en-el-libramiento-comala-a-partir-del-proximo-lunes\/"},"wordCount":195,"commentCount":0,"publisher":{"@id":"https:\/\/masquenoticias.mx\/#organization"},"image":{"@id":"https:\/\/masquenoticias.mx\/index.php\/2026\/09\/03\/seidum-informa-que-habra-cierre-parcial-en-el-libramiento-comala-a-partir-del-proximo-lunes\/#primaryimage"},"thumbnailUrl":"https:\/\/i0.wp.com\/masquenoticias.mx\/wp-content\/uploads\/2026\/09\/WhatsApp-Image-2026-09-02-at-2.01.42-PM.jpeg?fit=1280%2C1600&ssl=1","keywords":["Seidum"],"articleSection":["Estado"],"inLanguage":"es","potentialAction":[{"@type":"CommentAction","name":"Comment","target":["https:\/\/masquenoticias.mx\/index.php\/2026\/09\/03\/seidum-informa-que-habra-cierre-parcial-en-el-libramiento-comala-a-partir-del-proximo-lunes\/#respond"]}]},{"@type":"WebPage","@id":"https:\/\/masquenoticias.mx\/index.php\/2026\/09\/03\/seidum-informa-que-habra-cierre-parcial-en-el-libramiento-comala-a-partir-del-proximo-lunes\/","url":"https:\/\/masquenoticias.mx\/index.php\/2026\/09\/03\/seidum-informa-que-habra-cierre-parcial-en-el-libramiento-comala-a-partir-del-proximo-lunes\/","name":"Seidum informa que habr\u00e1 cierre parcial en el Libramiento Comala a partir del pr\u00f3ximo lunes - M\u00e1s Que Noticias","isPartOf":{"@id":"https:\/\/masquenoticias.mx\/#website"},"primaryImageOfPage":{"@id":"https:\/\/masquenoticias.mx\/index.php\/2026\/09\/03\/seidum-informa-que-habra-cierre-parcial-en-el-libramiento-comala-a-partir-del-proximo-lunes\/#primaryimage"},"image":{"@id":"https:\/\/masquenoticias.mx\/index.php\/2026\/09\/03\/seidum-informa-que-habra-cierre-parcial-en-el-libramiento-comala-a-partir-del-proximo-lunes\/#primaryimage"},"thumbnailUrl":"https:\/\/i0.wp.com\/masquenoticias.mx\/wp-content\/uploads\/2026\/09\/WhatsApp-Image-2026-09-02-at-2.01.42-PM.jpeg?fit=1280%2C1600&ssl=1","datePublished":"2026-09-04T04:31:07+00:00","breadcrumb":{"@id":"https:\/\/masquenoticias.mx\/index.php\/2026\/09\/03\/seidum-informa-que-habra-cierre-parcial-en-el-libramiento-comala-a-partir-del-proximo-lunes\/#breadcrumb"},"inLanguage":"es","potentialAction":[{"@type":"ReadAction","target":["https:\/\/masquenoticias.mx\/index.php\/2026\/09\/03\/seidum-informa-que-habra-cierre-parcial-en-el-libramiento-comala-a-partir-del-proximo-lunes\/"]}]},{"@type":"ImageObject","inLanguage":"es","@id":"https:\/\/masquenoticias.mx\/index.php\/2026\/09\/03\/seidum-informa-que-habra-cierre-parcial-en-el-libramiento-comala-a-partir-del-proximo-lunes\/#primaryimage","url":"https:\/\/i0.wp.com\/masquenoticias.mx\/wp-content\/uploads\/2026\/09\/WhatsApp-Image-2026-09-02-at-2.01.42-PM.jpeg?fit=1280%2C1600&ssl=1","contentUrl":"https:\/\/i0.wp.com\/masquenoticias.mx\/wp-content\/uploads\/2026\/09\/WhatsApp-Image-2026-09-02-at-2.01.42-PM.jpeg?fit=1280%2C1600&ssl=1","width":1280,"height":1600},{"@type":"BreadcrumbList","@id":"https:\/\/masquenoticias.mx\/index.php\/2026\/09\/03\/seidum-informa-que-habra-cierre-parcial-en-el-libramiento-comala-a-partir-del-proximo-lunes\/#breadcrumb","itemListElement":[{"@type":"ListItem","position":1,"name":"Inicio","item":"https:\/\/masquenoticias.mx\/"},{"@type":"ListItem","position":2,"name":"Seidum informa que habr\u00e1 cierre parcial en el Libramiento Comala a partir del pr\u00f3ximo lunes"}]},{"@type":"WebSite","@id":"https:\/\/masquenoticias.mx\/#website","url":"https:\/\/masquenoticias.mx\/","name":"M\u00e1s Que Noticias","description":"Noticias de Colima, M\u00e9xico y el Mundo","publisher":{"@id":"https:\/\/masquenoticias.mx\/#organization"},"potentialAction":[{"@type":"SearchAction","target":{"@type":"EntryPoint","urlTemplate":"https:\/\/masquenoticias.mx\/?s={search_term_string}"},"query-input":{"@type":"PropertyValueSpecification","valueRequired":true,"valueName":"search_term_string"}}],"inLanguage":"es"},{"@type":"Organization","@id":"https:\/\/masquenoticias.mx\/#organization","name":"M\u00e1s Que Noticias","url":"https:\/\/masquenoticias.mx\/","logo":{"@type":"ImageObject","inLanguage":"es","@id":"https:\/\/masquenoticias.mx\/#\/schema\/logo\/image\/","url":"https:\/\/i0.wp.com\/masquenoticias.mx\/wp-content\/uploads\/2024\/04\/IMG_0004.png?fit=2560%2C1656&ssl=1","contentUrl":"https:\/\/i0.wp.com\/masquenoticias.mx\/wp-content\/uploads\/2024\/04\/IMG_0004.png?fit=2560%2C1656&ssl=1","width":2560,"height":1656,"caption":"M\u00e1s Que Noticias"},"image":{"@id":"https:\/\/masquenoticias.mx\/#\/schema\/logo\/image\/"},"sameAs":["https:\/\/www.facebook.com\/masquenoticiascolima","https:\/\/x.com\/edgartove","https:\/\/www.instagram.com\/masquenoticiascolima\/"]},{"@type":"Person","@id":"https:\/\/masquenoticias.mx\/#\/schema\/person\/544d19989ef23d34615f691f7a96e622","name":"Redacci\u00f3n","image":{"@type":"ImageObject","inLanguage":"es","@id":"https:\/\/masquenoticias.mx\/#\/schema\/person\/image\/","url":"https:\/\/secure.gravatar.com\/avatar\/7fcc926d5b058d3f3d52d95b4d05dd58?s=96&d=mm&r=g","contentUrl":"https:\/\/secure.gravatar.com\/avatar\/7fcc926d5b058d3f3d52d95b4d05dd58?s=96&d=mm&r=g","caption":"Redacci\u00f3n"},"sameAs":["http:\/\/masquenoticias.mx"],"url":"https:\/\/masquenoticias.mx\/index.php\/author\/edgartovegmail-com\/"}]}},"jetpack_featured_media_url":"https:\/\/i0.wp.com\/masquenoticias.mx\/wp-content\/uploads\/2026\/09\/WhatsApp-Image-2026-09-02-at-2.01.42-PM.jpeg?fit=1280%2C1600&ssl=1","blog_post_layout_featured_media_urls":{"thumbnail":["https:\/\/i0.wp.com\/masquenoticias.mx\/wp-content\/uploads\/2026\/09\/WhatsApp-Image-2026-09-02-at-2.01.42-PM.jpeg?resize=150%2C150&ssl=1",150,150,true],"full":["https:\/\/i0.wp.com\/masquenoticias.mx\/wp-content\/uploads\/2026\/09\/WhatsApp-Image-2026-09-02-at-2.01.42-PM.jpeg?fit=1280%2C1600&ssl=1",1280,1600,false]},"categories_names":{"24":{"name":"Estado","link":"https:\/\/masquenoticias.mx\/index.php\/category\/estado\/"}},"tags_names":{"175":{"name":"Seidum","link":"https:\/\/masquenoticias.mx\/index.php\/tag\/seidum\/"}},"comments_number":"0","wpmagazine_modules_lite_featured_media_urls":{"thumbnail":["https:\/\/i0.wp.com\/masquenoticias.mx\/wp-content\/uploads\/2026\/09\/WhatsApp-Image-2026-09-02-at-2.01.42-PM.jpeg?resize=150%2C150&ssl=1",150,150,true],"cvmm-medium":["https:\/\/i0.wp.com\/masquenoticias.mx\/wp-content\/uploads\/2026\/09\/WhatsApp-Image-2026-09-02-at-2.01.42-PM.jpeg?resize=300%2C300&ssl=1",300,300,true],"cvmm-medium-plus":["https:\/\/i0.wp.com\/masquenoticias.mx\/wp-content\/uploads\/2026\/09\/WhatsApp-Image-2026-09-02-at-2.01.42-PM.jpeg?resize=305%2C207&ssl=1",305,207,true],"cvmm-portrait":["https:\/\/i0.wp.com\/masquenoticias.mx\/wp-content\/uploads\/2026\/09\/WhatsApp-Image-2026-09-02-at-2.01.42-PM.jpeg?resize=400%2C600&ssl=1",400,600,true],"cvmm-medium-square":["https:\/\/i0.wp.com\/masquenoticias.mx\/wp-content\/uploads\/2026\/09\/WhatsApp-Image-2026-09-02-at-2.01.42-PM.jpeg?resize=600%2C600&ssl=1",600,600,true],"cvmm-large":["https:\/\/i0.wp.com\/masquenoticias.mx\/wp-content\/uploads\/2026\/09\/WhatsApp-Image-2026-09-02-at-2.01.42-PM.jpeg?resize=1024%2C1024&ssl=1",1024,1024,true],"cvmm-small":["https:\/\/i0.wp.com\/masquenoticias.mx\/wp-content\/uploads\/2026\/09\/WhatsApp-Image-2026-09-02-at-2.01.42-PM.jpeg?resize=130%2C95&ssl=1",130,95,true],"full":["https:\/\/i0.wp.com\/masquenoticias.mx\/wp-content\/uploads\/2026\/09\/WhatsApp-Image-2026-09-02-at-2.01.42-PM.jpeg?fit=1280%2C1600&ssl=1",1280,1600,false]},"jetpack-related-posts":[],"jetpack_sharing_enabled":true,"jetpack_likes_enabled":true,"jetpack_shortlink":"https:\/\/wp.me\/pf7pkt-6up","_links":{"self":[{"href":"https:\/\/masquenoticias.mx\/index.php\/wp-json\/wp\/v2\/posts\/24949","targetHints":{"allow":["GET"]}}],"collection":[{"href":"https:\/\/masquenoticias.mx\/index.php\/wp-json\/wp\/v2\/posts"}],"about":[{"href":"https:\/\/masquenoticias.mx\/index.php\/wp-json\/wp\/v2\/types\/post"}],"author":[{"embeddable":true,"href":"https:\/\/masquenoticias.mx\/index.php\/wp-json\/wp\/v2\/users\/1"}],"replies":[{"embeddable":true,"href":"https:\/\/masquenoticias.mx\/index.php\/wp-json\/wp\/v2\/comments?post=24949"}],"version-history":[{"count":1,"href":"https:\/\/masquenoticias.mx\/index.php\/wp-json\/wp\/v2\/posts\/24949\/revisions"}],"predecessor-version":[{"id":24951,"href":"https:\/\/masquenoticias.mx\/index.php\/wp-json\/wp\/v2\/posts\/24949\/revisions\/24951"}],"wp:featuredmedia":[{"embeddable":true,"href":"https:\/\/masquenoticias.mx\/index.php\/wp-json\/wp\/v2\/media\/24950"}],"wp:attachment":[{"href":"https:\/\/masquenoticias.mx\/index.php\/wp-json\/wp\/v2\/media?parent=24949"}],"wp:term":[{"taxonomy":"category","embeddable":true,"href":"https:\/\/masquenoticias.mx\/index.php\/wp-json\/wp\/v2\/categories?post=24949"},{"taxonomy":"post_tag","embeddable":true,"href":"https:\/\/masquenoticias.mx\/index.php\/wp-json\/wp\/v2\/tags?post=24949"}],"curies":[{"name":"wp","href":"https:\/\/api.w.org\/{rel}","templated":true}]}}