{"id":24946,"date":"2026-09-03T22:28:59","date_gmt":"2026-09-04T04:28:59","guid":{"rendered":"https:\/\/masquenoticias.mx\/?p=24946"},"modified":"2026-09-03T22:28:59","modified_gmt":"2026-09-04T04:28:59","slug":"este-miercoles-se-entregaron-52-hogares-del-programa-viviendas-para-el-bienestar-en-villa-de-alvarez","status":"publish","type":"post","link":"https:\/\/masquenoticias.mx\/index.php\/2026\/09\/03\/este-miercoles-se-entregaron-52-hogares-del-programa-viviendas-para-el-bienestar-en-villa-de-alvarez\/","title":{"rendered":"Este mi\u00e9rcoles se entregaron 52 hogares del programa Viviendas para el Bienestar en Villa de \u00c1lvarez"},"content":{"rendered":"<p>Dentro del programa Viviendas para el Bienestar que impulsa la presidenta Claudia Sheinbaum Pardo, en coordinaci\u00f3n con el Gobierno del Estado de Colima que encabeza Indira Vizca\u00edno Silva, este mi\u00e9rcoles se entregaron 52 viviendas en el fraccionamiento Infonavit La Fortuna en Villa de \u00c1lvarez; esto se suma a las 119 viviendas otorgadas, de las 237 contempladas para este conjunto habitacional.<\/p>\n<p>A la entrega de estas viviendas asistieron la secretar\u00eda de Desarrollo Agrario, Territorial y Urbano (Sedatu) del Gobierno de M\u00e9xico, Edna Elena Vega Rangel; el titular del Instituto del Fondo Nacional de la Vivienda para los Trabajadores (Infonavit), Octavio Romero Oropeza; la secretaria de Infraestructura, Desarrollo Urbano y Movilidad (Seidum), Marisol Neri Le\u00f3n; y la presidenta municipal de Villa de \u00c1lvarez, Esther Guti\u00e9rrez Andrade.<\/p>\n<p>Edna Vega destac\u00f3 que Vivienda para el Bienestar es un programa hist\u00f3rico que impulsa hogares dignos, habitables y accesibles, colocando a las familias que m\u00e1s lo necesitan, en el centro de las pol\u00edticas p\u00fablicas. En Colima, el programa contempla la construcci\u00f3n de 20 mil 700 nuevas viviendas, con una inversi\u00f3n superior a 2 mil 400 millones de pesos por parte de las instituciones involucradas. Este esfuerzo contribuir\u00e1 a la generaci\u00f3n de alrededor de 62 mil empleos directos y beneficiar\u00e1 a casi 74 mil personas.<\/p>\n<p>Octavio Romero resalt\u00f3 que la meta de vivienda para Colima se increment\u00f3 gracias a la voluntad y gesti\u00f3n de la gobernadora Indira Vizca\u00edno, al pasar de 15 mil a 20 mil viviendas proyectadas para el estado en el sexenio. Actualmente hay 6 mil viviendas en construcci\u00f3n y se prev\u00e9 iniciar cerca de 8 mil m\u00e1s en los pr\u00f3ximos meses; \u201ceste avance es resultado de la coordinaci\u00f3n entre los gobiernos, desarrolladores y municipios para agilizar los procesos y ampliar el acceso de las familias colimenses a una vivienda adecuada\u201d.<\/p>\n<p>Marisol Neri destac\u00f3 que estas acciones son resultado de la coordinaci\u00f3n entre los gobiernos federal, estatal y municipales, as\u00ed como del trabajo conjunto del Infonavit y la Comisi\u00f3n Nacional de Vivienda (Conavi), para ampliar las oportunidades de acceso a una vivienda adecuada para miles de familias colimenses.<\/p>\n","protected":false},"excerpt":{"rendered":"<p>Dentro del programa Viviendas para el Bienestar que impulsa la presidenta Claudia Sheinbaum Pardo, en coordinaci\u00f3n con el Gobierno del Estado de Colima que encabeza Indira Vizca\u00edno Silva, este mi\u00e9rcoles se entregaron 52 viviendas en el fraccionamiento Infonavit La Fortuna en Villa de \u00c1lvarez; esto se suma a las 119 viviendas otorgadas, de las 237 [&hellip;]<\/p>\n","protected":false},"author":1,"featured_media":24947,"comment_status":"open","ping_status":"open","sticky":false,"template":"","format":"standard","meta":{"_jetpack_memberships_contains_paid_content":false,"footnotes":""},"categories":[24],"tags":[125,740],"class_list":["post-24946","post","type-post","status-publish","format-standard","has-post-thumbnail","hentry","category-estado","tag-infonavit","tag-viviendas-bienestar"],"yoast_head":"<!-- This site is optimized with the Yoast SEO plugin v26.6 - https:\/\/yoast.com\/wordpress\/plugins\/seo\/ -->\n<title>Este mi\u00e9rcoles se entregaron 52 hogares del programa Viviendas para el Bienestar en Villa de \u00c1lvarez - M\u00e1s Que Noticias<\/title>\n<meta name=\"robots\" content=\"index, follow, max-snippet:-1, max-image-preview:large, max-video-preview:-1\" \/>\n<link rel=\"canonical\" href=\"https:\/\/masquenoticias.mx\/index.php\/2026\/09\/03\/este-miercoles-se-entregaron-52-hogares-del-programa-viviendas-para-el-bienestar-en-villa-de-alvarez\/\" \/>\n<meta property=\"og:locale\" content=\"es_MX\" \/>\n<meta property=\"og:type\" content=\"article\" \/>\n<meta property=\"og:title\" content=\"Este mi\u00e9rcoles se entregaron 52 hogares del programa Viviendas para el Bienestar en Villa de \u00c1lvarez - M\u00e1s Que Noticias\" \/>\n<meta property=\"og:description\" content=\"Dentro del programa Viviendas para el Bienestar que impulsa la presidenta Claudia Sheinbaum Pardo, en coordinaci\u00f3n con el Gobierno del Estado de Colima que encabeza Indira Vizca\u00edno Silva, este mi\u00e9rcoles se entregaron 52 viviendas en el fraccionamiento Infonavit La Fortuna en Villa de \u00c1lvarez; esto se suma a las 119 viviendas otorgadas, de las 237 [&hellip;]\" \/>\n<meta property=\"og:url\" content=\"https:\/\/masquenoticias.mx\/index.php\/2026\/09\/03\/este-miercoles-se-entregaron-52-hogares-del-programa-viviendas-para-el-bienestar-en-villa-de-alvarez\/\" \/>\n<meta property=\"og:site_name\" content=\"M\u00e1s Que Noticias\" \/>\n<meta property=\"article:publisher\" content=\"https:\/\/www.facebook.com\/masquenoticiascolima\" \/>\n<meta property=\"article:published_time\" content=\"2026-09-04T04:28:59+00:00\" \/>\n<meta property=\"og:image\" content=\"https:\/\/masquenoticias.mx\/wp-content\/uploads\/2026\/09\/WhatsApp-Image-2026-09-02-at-1.10.27-PM.jpeg\" \/>\n\t<meta property=\"og:image:width\" content=\"1600\" \/>\n\t<meta property=\"og:image:height\" content=\"1066\" \/>\n\t<meta property=\"og:image:type\" content=\"image\/jpeg\" \/>\n<meta name=\"author\" content=\"Redacci\u00f3n\" \/>\n<meta name=\"twitter:card\" content=\"summary_large_image\" \/>\n<meta name=\"twitter:creator\" content=\"@edgartove\" \/>\n<meta name=\"twitter:site\" content=\"@edgartove\" \/>\n<meta name=\"twitter:label1\" content=\"Escrito por\" \/>\n\t<meta name=\"twitter:data1\" content=\"Redacci\u00f3n\" \/>\n\t<meta name=\"twitter:label2\" content=\"Tiempo de lectura\" \/>\n\t<meta name=\"twitter:data2\" content=\"2 minutos\" \/>\n<script type=\"application\/ld+json\" class=\"yoast-schema-graph\">{\"@context\":\"https:\/\/schema.org\",\"@graph\":[{\"@type\":\"Article\",\"@id\":\"https:\/\/masquenoticias.mx\/index.php\/2026\/09\/03\/este-miercoles-se-entregaron-52-hogares-del-programa-viviendas-para-el-bienestar-en-villa-de-alvarez\/#article\",\"isPartOf\":{\"@id\":\"https:\/\/masquenoticias.mx\/index.php\/2026\/09\/03\/este-miercoles-se-entregaron-52-hogares-del-programa-viviendas-para-el-bienestar-en-villa-de-alvarez\/\"},\"author\":{\"name\":\"Redacci\u00f3n\",\"@id\":\"https:\/\/masquenoticias.mx\/#\/schema\/person\/544d19989ef23d34615f691f7a96e622\"},\"headline\":\"Este mi\u00e9rcoles se entregaron 52 hogares del programa Viviendas para el Bienestar en Villa de \u00c1lvarez\",\"datePublished\":\"2026-09-04T04:28:59+00:00\",\"mainEntityOfPage\":{\"@id\":\"https:\/\/masquenoticias.mx\/index.php\/2026\/09\/03\/este-miercoles-se-entregaron-52-hogares-del-programa-viviendas-para-el-bienestar-en-villa-de-alvarez\/\"},\"wordCount\":368,\"commentCount\":0,\"publisher\":{\"@id\":\"https:\/\/masquenoticias.mx\/#organization\"},\"image\":{\"@id\":\"https:\/\/masquenoticias.mx\/index.php\/2026\/09\/03\/este-miercoles-se-entregaron-52-hogares-del-programa-viviendas-para-el-bienestar-en-villa-de-alvarez\/#primaryimage\"},\"thumbnailUrl\":\"https:\/\/i0.wp.com\/masquenoticias.mx\/wp-content\/uploads\/2026\/09\/WhatsApp-Image-2026-09-02-at-1.10.27-PM.jpeg?fit=1600%2C1066&ssl=1\",\"keywords\":[\"Infonavit\",\"Viviendas Bienestar\"],\"articleSection\":[\"Estado\"],\"inLanguage\":\"es\",\"potentialAction\":[{\"@type\":\"CommentAction\",\"name\":\"Comment\",\"target\":[\"https:\/\/masquenoticias.mx\/index.php\/2026\/09\/03\/este-miercoles-se-entregaron-52-hogares-del-programa-viviendas-para-el-bienestar-en-villa-de-alvarez\/#respond\"]}]},{\"@type\":\"WebPage\",\"@id\":\"https:\/\/masquenoticias.mx\/index.php\/2026\/09\/03\/este-miercoles-se-entregaron-52-hogares-del-programa-viviendas-para-el-bienestar-en-villa-de-alvarez\/\",\"url\":\"https:\/\/masquenoticias.mx\/index.php\/2026\/09\/03\/este-miercoles-se-entregaron-52-hogares-del-programa-viviendas-para-el-bienestar-en-villa-de-alvarez\/\",\"name\":\"Este mi\u00e9rcoles se entregaron 52 hogares del programa Viviendas para el Bienestar en Villa de \u00c1lvarez - M\u00e1s Que Noticias\",\"isPartOf\":{\"@id\":\"https:\/\/masquenoticias.mx\/#website\"},\"primaryImageOfPage\":{\"@id\":\"https:\/\/masquenoticias.mx\/index.php\/2026\/09\/03\/este-miercoles-se-entregaron-52-hogares-del-programa-viviendas-para-el-bienestar-en-villa-de-alvarez\/#primaryimage\"},\"image\":{\"@id\":\"https:\/\/masquenoticias.mx\/index.php\/2026\/09\/03\/este-miercoles-se-entregaron-52-hogares-del-programa-viviendas-para-el-bienestar-en-villa-de-alvarez\/#primaryimage\"},\"thumbnailUrl\":\"https:\/\/i0.wp.com\/masquenoticias.mx\/wp-content\/uploads\/2026\/09\/WhatsApp-Image-2026-09-02-at-1.10.27-PM.jpeg?fit=1600%2C1066&ssl=1\",\"datePublished\":\"2026-09-04T04:28:59+00:00\",\"breadcrumb\":{\"@id\":\"https:\/\/masquenoticias.mx\/index.php\/2026\/09\/03\/este-miercoles-se-entregaron-52-hogares-del-programa-viviendas-para-el-bienestar-en-villa-de-alvarez\/#breadcrumb\"},\"inLanguage\":\"es\",\"potentialAction\":[{\"@type\":\"ReadAction\",\"target\":[\"https:\/\/masquenoticias.mx\/index.php\/2026\/09\/03\/este-miercoles-se-entregaron-52-hogares-del-programa-viviendas-para-el-bienestar-en-villa-de-alvarez\/\"]}]},{\"@type\":\"ImageObject\",\"inLanguage\":\"es\",\"@id\":\"https:\/\/masquenoticias.mx\/index.php\/2026\/09\/03\/este-miercoles-se-entregaron-52-hogares-del-programa-viviendas-para-el-bienestar-en-villa-de-alvarez\/#primaryimage\",\"url\":\"https:\/\/i0.wp.com\/masquenoticias.mx\/wp-content\/uploads\/2026\/09\/WhatsApp-Image-2026-09-02-at-1.10.27-PM.jpeg?fit=1600%2C1066&ssl=1\",\"contentUrl\":\"https:\/\/i0.wp.com\/masquenoticias.mx\/wp-content\/uploads\/2026\/09\/WhatsApp-Image-2026-09-02-at-1.10.27-PM.jpeg?fit=1600%2C1066&ssl=1\",\"width\":1600,\"height\":1066},{\"@type\":\"BreadcrumbList\",\"@id\":\"https:\/\/masquenoticias.mx\/index.php\/2026\/09\/03\/este-miercoles-se-entregaron-52-hogares-del-programa-viviendas-para-el-bienestar-en-villa-de-alvarez\/#breadcrumb\",\"itemListElement\":[{\"@type\":\"ListItem\",\"position\":1,\"name\":\"Inicio\",\"item\":\"https:\/\/masquenoticias.mx\/\"},{\"@type\":\"ListItem\",\"position\":2,\"name\":\"Este mi\u00e9rcoles se entregaron 52 hogares del programa Viviendas para el Bienestar en Villa de \u00c1lvarez\"}]},{\"@type\":\"WebSite\",\"@id\":\"https:\/\/masquenoticias.mx\/#website\",\"url\":\"https:\/\/masquenoticias.mx\/\",\"name\":\"M\u00e1s Que Noticias\",\"description\":\"Noticias de Colima, M\u00e9xico y el Mundo\",\"publisher\":{\"@id\":\"https:\/\/masquenoticias.mx\/#organization\"},\"potentialAction\":[{\"@type\":\"SearchAction\",\"target\":{\"@type\":\"EntryPoint\",\"urlTemplate\":\"https:\/\/masquenoticias.mx\/?s={search_term_string}\"},\"query-input\":{\"@type\":\"PropertyValueSpecification\",\"valueRequired\":true,\"valueName\":\"search_term_string\"}}],\"inLanguage\":\"es\"},{\"@type\":\"Organization\",\"@id\":\"https:\/\/masquenoticias.mx\/#organization\",\"name\":\"M\u00e1s Que Noticias\",\"url\":\"https:\/\/masquenoticias.mx\/\",\"logo\":{\"@type\":\"ImageObject\",\"inLanguage\":\"es\",\"@id\":\"https:\/\/masquenoticias.mx\/#\/schema\/logo\/image\/\",\"url\":\"https:\/\/i0.wp.com\/masquenoticias.mx\/wp-content\/uploads\/2024\/04\/IMG_0004.png?fit=2560%2C1656&ssl=1\",\"contentUrl\":\"https:\/\/i0.wp.com\/masquenoticias.mx\/wp-content\/uploads\/2024\/04\/IMG_0004.png?fit=2560%2C1656&ssl=1\",\"width\":2560,\"height\":1656,\"caption\":\"M\u00e1s Que Noticias\"},\"image\":{\"@id\":\"https:\/\/masquenoticias.mx\/#\/schema\/logo\/image\/\"},\"sameAs\":[\"https:\/\/www.facebook.com\/masquenoticiascolima\",\"https:\/\/x.com\/edgartove\",\"https:\/\/www.instagram.com\/masquenoticiascolima\/\"]},{\"@type\":\"Person\",\"@id\":\"https:\/\/masquenoticias.mx\/#\/schema\/person\/544d19989ef23d34615f691f7a96e622\",\"name\":\"Redacci\u00f3n\",\"image\":{\"@type\":\"ImageObject\",\"inLanguage\":\"es\",\"@id\":\"https:\/\/masquenoticias.mx\/#\/schema\/person\/image\/\",\"url\":\"https:\/\/secure.gravatar.com\/avatar\/7fcc926d5b058d3f3d52d95b4d05dd58?s=96&d=mm&r=g\",\"contentUrl\":\"https:\/\/secure.gravatar.com\/avatar\/7fcc926d5b058d3f3d52d95b4d05dd58?s=96&d=mm&r=g\",\"caption\":\"Redacci\u00f3n\"},\"sameAs\":[\"http:\/\/masquenoticias.mx\"],\"url\":\"https:\/\/masquenoticias.mx\/index.php\/author\/edgartovegmail-com\/\"}]}<\/script>\n<!-- \/ Yoast SEO plugin. -->","yoast_head_json":{"title":"Este mi\u00e9rcoles se entregaron 52 hogares del programa Viviendas para el Bienestar en Villa de \u00c1lvarez - M\u00e1s Que Noticias","robots":{"index":"index","follow":"follow","max-snippet":"max-snippet:-1","max-image-preview":"max-image-preview:large","max-video-preview":"max-video-preview:-1"},"canonical":"https:\/\/masquenoticias.mx\/index.php\/2026\/09\/03\/este-miercoles-se-entregaron-52-hogares-del-programa-viviendas-para-el-bienestar-en-villa-de-alvarez\/","og_locale":"es_MX","og_type":"article","og_title":"Este mi\u00e9rcoles se entregaron 52 hogares del programa Viviendas para el Bienestar en Villa de \u00c1lvarez - M\u00e1s Que Noticias","og_description":"Dentro del programa Viviendas para el Bienestar que impulsa la presidenta Claudia Sheinbaum Pardo, en coordinaci\u00f3n con el Gobierno del Estado de Colima que encabeza Indira Vizca\u00edno Silva, este mi\u00e9rcoles se entregaron 52 viviendas en el fraccionamiento Infonavit La Fortuna en Villa de \u00c1lvarez; esto se suma a las 119 viviendas otorgadas, de las 237 [&hellip;]","og_url":"https:\/\/masquenoticias.mx\/index.php\/2026\/09\/03\/este-miercoles-se-entregaron-52-hogares-del-programa-viviendas-para-el-bienestar-en-villa-de-alvarez\/","og_site_name":"M\u00e1s Que Noticias","article_publisher":"https:\/\/www.facebook.com\/masquenoticiascolima","article_published_time":"2026-09-04T04:28:59+00:00","og_image":[{"width":1600,"height":1066,"url":"https:\/\/masquenoticias.mx\/wp-content\/uploads\/2026\/09\/WhatsApp-Image-2026-09-02-at-1.10.27-PM.jpeg","type":"image\/jpeg"}],"author":"Redacci\u00f3n","twitter_card":"summary_large_image","twitter_creator":"@edgartove","twitter_site":"@edgartove","twitter_misc":{"Escrito por":"Redacci\u00f3n","Tiempo de lectura":"2 minutos"},"schema":{"@context":"https:\/\/schema.org","@graph":[{"@type":"Article","@id":"https:\/\/masquenoticias.mx\/index.php\/2026\/09\/03\/este-miercoles-se-entregaron-52-hogares-del-programa-viviendas-para-el-bienestar-en-villa-de-alvarez\/#article","isPartOf":{"@id":"https:\/\/masquenoticias.mx\/index.php\/2026\/09\/03\/este-miercoles-se-entregaron-52-hogares-del-programa-viviendas-para-el-bienestar-en-villa-de-alvarez\/"},"author":{"name":"Redacci\u00f3n","@id":"https:\/\/masquenoticias.mx\/#\/schema\/person\/544d19989ef23d34615f691f7a96e622"},"headline":"Este mi\u00e9rcoles se entregaron 52 hogares del programa Viviendas para el Bienestar en Villa de \u00c1lvarez","datePublished":"2026-09-04T04:28:59+00:00","mainEntityOfPage":{"@id":"https:\/\/masquenoticias.mx\/index.php\/2026\/09\/03\/este-miercoles-se-entregaron-52-hogares-del-programa-viviendas-para-el-bienestar-en-villa-de-alvarez\/"},"wordCount":368,"commentCount":0,"publisher":{"@id":"https:\/\/masquenoticias.mx\/#organization"},"image":{"@id":"https:\/\/masquenoticias.mx\/index.php\/2026\/09\/03\/este-miercoles-se-entregaron-52-hogares-del-programa-viviendas-para-el-bienestar-en-villa-de-alvarez\/#primaryimage"},"thumbnailUrl":"https:\/\/i0.wp.com\/masquenoticias.mx\/wp-content\/uploads\/2026\/09\/WhatsApp-Image-2026-09-02-at-1.10.27-PM.jpeg?fit=1600%2C1066&ssl=1","keywords":["Infonavit","Viviendas Bienestar"],"articleSection":["Estado"],"inLanguage":"es","potentialAction":[{"@type":"CommentAction","name":"Comment","target":["https:\/\/masquenoticias.mx\/index.php\/2026\/09\/03\/este-miercoles-se-entregaron-52-hogares-del-programa-viviendas-para-el-bienestar-en-villa-de-alvarez\/#respond"]}]},{"@type":"WebPage","@id":"https:\/\/masquenoticias.mx\/index.php\/2026\/09\/03\/este-miercoles-se-entregaron-52-hogares-del-programa-viviendas-para-el-bienestar-en-villa-de-alvarez\/","url":"https:\/\/masquenoticias.mx\/index.php\/2026\/09\/03\/este-miercoles-se-entregaron-52-hogares-del-programa-viviendas-para-el-bienestar-en-villa-de-alvarez\/","name":"Este mi\u00e9rcoles se entregaron 52 hogares del programa Viviendas para el Bienestar en Villa de \u00c1lvarez - M\u00e1s Que Noticias","isPartOf":{"@id":"https:\/\/masquenoticias.mx\/#website"},"primaryImageOfPage":{"@id":"https:\/\/masquenoticias.mx\/index.php\/2026\/09\/03\/este-miercoles-se-entregaron-52-hogares-del-programa-viviendas-para-el-bienestar-en-villa-de-alvarez\/#primaryimage"},"image":{"@id":"https:\/\/masquenoticias.mx\/index.php\/2026\/09\/03\/este-miercoles-se-entregaron-52-hogares-del-programa-viviendas-para-el-bienestar-en-villa-de-alvarez\/#primaryimage"},"thumbnailUrl":"https:\/\/i0.wp.com\/masquenoticias.mx\/wp-content\/uploads\/2026\/09\/WhatsApp-Image-2026-09-02-at-1.10.27-PM.jpeg?fit=1600%2C1066&ssl=1","datePublished":"2026-09-04T04:28:59+00:00","breadcrumb":{"@id":"https:\/\/masquenoticias.mx\/index.php\/2026\/09\/03\/este-miercoles-se-entregaron-52-hogares-del-programa-viviendas-para-el-bienestar-en-villa-de-alvarez\/#breadcrumb"},"inLanguage":"es","potentialAction":[{"@type":"ReadAction","target":["https:\/\/masquenoticias.mx\/index.php\/2026\/09\/03\/este-miercoles-se-entregaron-52-hogares-del-programa-viviendas-para-el-bienestar-en-villa-de-alvarez\/"]}]},{"@type":"ImageObject","inLanguage":"es","@id":"https:\/\/masquenoticias.mx\/index.php\/2026\/09\/03\/este-miercoles-se-entregaron-52-hogares-del-programa-viviendas-para-el-bienestar-en-villa-de-alvarez\/#primaryimage","url":"https:\/\/i0.wp.com\/masquenoticias.mx\/wp-content\/uploads\/2026\/09\/WhatsApp-Image-2026-09-02-at-1.10.27-PM.jpeg?fit=1600%2C1066&ssl=1","contentUrl":"https:\/\/i0.wp.com\/masquenoticias.mx\/wp-content\/uploads\/2026\/09\/WhatsApp-Image-2026-09-02-at-1.10.27-PM.jpeg?fit=1600%2C1066&ssl=1","width":1600,"height":1066},{"@type":"BreadcrumbList","@id":"https:\/\/masquenoticias.mx\/index.php\/2026\/09\/03\/este-miercoles-se-entregaron-52-hogares-del-programa-viviendas-para-el-bienestar-en-villa-de-alvarez\/#breadcrumb","itemListElement":[{"@type":"ListItem","position":1,"name":"Inicio","item":"https:\/\/masquenoticias.mx\/"},{"@type":"ListItem","position":2,"name":"Este mi\u00e9rcoles se entregaron 52 hogares del programa Viviendas para el Bienestar en Villa de \u00c1lvarez"}]},{"@type":"WebSite","@id":"https:\/\/masquenoticias.mx\/#website","url":"https:\/\/masquenoticias.mx\/","name":"M\u00e1s Que Noticias","description":"Noticias de Colima, M\u00e9xico y el Mundo","publisher":{"@id":"https:\/\/masquenoticias.mx\/#organization"},"potentialAction":[{"@type":"SearchAction","target":{"@type":"EntryPoint","urlTemplate":"https:\/\/masquenoticias.mx\/?s={search_term_string}"},"query-input":{"@type":"PropertyValueSpecification","valueRequired":true,"valueName":"search_term_string"}}],"inLanguage":"es"},{"@type":"Organization","@id":"https:\/\/masquenoticias.mx\/#organization","name":"M\u00e1s Que Noticias","url":"https:\/\/masquenoticias.mx\/","logo":{"@type":"ImageObject","inLanguage":"es","@id":"https:\/\/masquenoticias.mx\/#\/schema\/logo\/image\/","url":"https:\/\/i0.wp.com\/masquenoticias.mx\/wp-content\/uploads\/2024\/04\/IMG_0004.png?fit=2560%2C1656&ssl=1","contentUrl":"https:\/\/i0.wp.com\/masquenoticias.mx\/wp-content\/uploads\/2024\/04\/IMG_0004.png?fit=2560%2C1656&ssl=1","width":2560,"height":1656,"caption":"M\u00e1s Que Noticias"},"image":{"@id":"https:\/\/masquenoticias.mx\/#\/schema\/logo\/image\/"},"sameAs":["https:\/\/www.facebook.com\/masquenoticiascolima","https:\/\/x.com\/edgartove","https:\/\/www.instagram.com\/masquenoticiascolima\/"]},{"@type":"Person","@id":"https:\/\/masquenoticias.mx\/#\/schema\/person\/544d19989ef23d34615f691f7a96e622","name":"Redacci\u00f3n","image":{"@type":"ImageObject","inLanguage":"es","@id":"https:\/\/masquenoticias.mx\/#\/schema\/person\/image\/","url":"https:\/\/secure.gravatar.com\/avatar\/7fcc926d5b058d3f3d52d95b4d05dd58?s=96&d=mm&r=g","contentUrl":"https:\/\/secure.gravatar.com\/avatar\/7fcc926d5b058d3f3d52d95b4d05dd58?s=96&d=mm&r=g","caption":"Redacci\u00f3n"},"sameAs":["http:\/\/masquenoticias.mx"],"url":"https:\/\/masquenoticias.mx\/index.php\/author\/edgartovegmail-com\/"}]}},"jetpack_featured_media_url":"https:\/\/i0.wp.com\/masquenoticias.mx\/wp-content\/uploads\/2026\/09\/WhatsApp-Image-2026-09-02-at-1.10.27-PM.jpeg?fit=1600%2C1066&ssl=1","blog_post_layout_featured_media_urls":{"thumbnail":["https:\/\/i0.wp.com\/masquenoticias.mx\/wp-content\/uploads\/2026\/09\/WhatsApp-Image-2026-09-02-at-1.10.27-PM.jpeg?resize=150%2C150&ssl=1",150,150,true],"full":["https:\/\/i0.wp.com\/masquenoticias.mx\/wp-content\/uploads\/2026\/09\/WhatsApp-Image-2026-09-02-at-1.10.27-PM.jpeg?fit=1600%2C1066&ssl=1",1600,1066,false]},"categories_names":{"24":{"name":"Estado","link":"https:\/\/masquenoticias.mx\/index.php\/category\/estado\/"}},"tags_names":{"125":{"name":"Infonavit","link":"https:\/\/masquenoticias.mx\/index.php\/tag\/infonavit\/"},"740":{"name":"Viviendas Bienestar","link":"https:\/\/masquenoticias.mx\/index.php\/tag\/viviendas-bienestar\/"}},"comments_number":"0","wpmagazine_modules_lite_featured_media_urls":{"thumbnail":["https:\/\/i0.wp.com\/masquenoticias.mx\/wp-content\/uploads\/2026\/09\/WhatsApp-Image-2026-09-02-at-1.10.27-PM.jpeg?resize=150%2C150&ssl=1",150,150,true],"cvmm-medium":["https:\/\/i0.wp.com\/masquenoticias.mx\/wp-content\/uploads\/2026\/09\/WhatsApp-Image-2026-09-02-at-1.10.27-PM.jpeg?resize=300%2C300&ssl=1",300,300,true],"cvmm-medium-plus":["https:\/\/i0.wp.com\/masquenoticias.mx\/wp-content\/uploads\/2026\/09\/WhatsApp-Image-2026-09-02-at-1.10.27-PM.jpeg?resize=305%2C207&ssl=1",305,207,true],"cvmm-portrait":["https:\/\/i0.wp.com\/masquenoticias.mx\/wp-content\/uploads\/2026\/09\/WhatsApp-Image-2026-09-02-at-1.10.27-PM.jpeg?resize=400%2C600&ssl=1",400,600,true],"cvmm-medium-square":["https:\/\/i0.wp.com\/masquenoticias.mx\/wp-content\/uploads\/2026\/09\/WhatsApp-Image-2026-09-02-at-1.10.27-PM.jpeg?resize=600%2C600&ssl=1",600,600,true],"cvmm-large":["https:\/\/i0.wp.com\/masquenoticias.mx\/wp-content\/uploads\/2026\/09\/WhatsApp-Image-2026-09-02-at-1.10.27-PM.jpeg?resize=1024%2C1024&ssl=1",1024,1024,true],"cvmm-small":["https:\/\/i0.wp.com\/masquenoticias.mx\/wp-content\/uploads\/2026\/09\/WhatsApp-Image-2026-09-02-at-1.10.27-PM.jpeg?resize=130%2C95&ssl=1",130,95,true],"full":["https:\/\/i0.wp.com\/masquenoticias.mx\/wp-content\/uploads\/2026\/09\/WhatsApp-Image-2026-09-02-at-1.10.27-PM.jpeg?fit=1600%2C1066&ssl=1",1600,1066,false]},"jetpack-related-posts":[],"jetpack_sharing_enabled":true,"jetpack_likes_enabled":true,"jetpack_shortlink":"https:\/\/wp.me\/pf7pkt-6um","_links":{"self":[{"href":"https:\/\/masquenoticias.mx\/index.php\/wp-json\/wp\/v2\/posts\/24946","targetHints":{"allow":["GET"]}}],"collection":[{"href":"https:\/\/masquenoticias.mx\/index.php\/wp-json\/wp\/v2\/posts"}],"about":[{"href":"https:\/\/masquenoticias.mx\/index.php\/wp-json\/wp\/v2\/types\/post"}],"author":[{"embeddable":true,"href":"https:\/\/masquenoticias.mx\/index.php\/wp-json\/wp\/v2\/users\/1"}],"replies":[{"embeddable":true,"href":"https:\/\/masquenoticias.mx\/index.php\/wp-json\/wp\/v2\/comments?post=24946"}],"version-history":[{"count":1,"href":"https:\/\/masquenoticias.mx\/index.php\/wp-json\/wp\/v2\/posts\/24946\/revisions"}],"predecessor-version":[{"id":24948,"href":"https:\/\/masquenoticias.mx\/index.php\/wp-json\/wp\/v2\/posts\/24946\/revisions\/24948"}],"wp:featuredmedia":[{"embeddable":true,"href":"https:\/\/masquenoticias.mx\/index.php\/wp-json\/wp\/v2\/media\/24947"}],"wp:attachment":[{"href":"https:\/\/masquenoticias.mx\/index.php\/wp-json\/wp\/v2\/media?parent=24946"}],"wp:term":[{"taxonomy":"category","embeddable":true,"href":"https:\/\/masquenoticias.mx\/index.php\/wp-json\/wp\/v2\/categories?post=24946"},{"taxonomy":"post_tag","embeddable":true,"href":"https:\/\/masquenoticias.mx\/index.php\/wp-json\/wp\/v2\/tags?post=24946"}],"curies":[{"name":"wp","href":"https:\/\/api.w.org\/{rel}","templated":true}]}}