{"id":24941,"date":"2026-09-03T22:26:43","date_gmt":"2026-09-04T04:26:43","guid":{"rendered":"https:\/\/masquenoticias.mx\/?p=24941"},"modified":"2026-09-03T22:26:43","modified_gmt":"2026-09-04T04:26:43","slug":"coepra-colima-refuerza-capacitacion-en-uso-de-desfibriladores-para-prevenir-accidentes-en-los-municipios","status":"publish","type":"post","link":"https:\/\/masquenoticias.mx\/index.php\/2026\/09\/03\/coepra-colima-refuerza-capacitacion-en-uso-de-desfibriladores-para-prevenir-accidentes-en-los-municipios\/","title":{"rendered":"Coepra Colima refuerza capacitaci\u00f3n en uso de desfibriladores para prevenir accidentes en los municipios"},"content":{"rendered":"<p>El Gobierno del Estado de Colima que encabeza la gobernadora Indira Vizca\u00edno Silva llev\u00f3 a cabo la Quinta Sesi\u00f3n Ordinaria del Consejo Estatal para la Prevenci\u00f3n de Accidentes (Coepra) a trav\u00e9s de la Secretar\u00eda de Salud, para dar continuidad al trabajo interinstitucional, revisar avances y cumplimiento de acuerdos, como reforzar capacitaciones para el uso de los desfibriladores externos autom\u00e1ticos (DEA) instalados en distintos puntos del estado, fortalecer la coordinaci\u00f3n con instituciones para incorporar acciones de salud mental a las estrategias de prevenci\u00f3n de accidentes.<\/p>\n<p>El secretario de Salud, V\u00edctor Manuel Torrero Enr\u00edquez, reconoci\u00f3 el compromiso de las instituciones que participan y se\u00f1al\u00f3 que, desde la Red de Municipios por la Salud, a\u00fan existen \u00e1reas que deben fortalecerse para generar condiciones m\u00e1s seguras y saludables en cada ayuntamiento. Destac\u00f3 que los recursos deben dirigirse siempre al bienestar de la poblaci\u00f3n y subray\u00f3 que los DEA representan una herramienta que fortalece la prevenci\u00f3n y atenci\u00f3n oportuna, por lo que anunci\u00f3 el reforzamiento de la capacitaci\u00f3n para su utilizaci\u00f3n y llam\u00f3 a mantener el trabajo coordinado para proteger la vida y la salud de las y los colimenses.<\/p>\n","protected":false},"excerpt":{"rendered":"<p>El Gobierno del Estado de Colima que encabeza la gobernadora Indira Vizca\u00edno Silva llev\u00f3 a cabo la Quinta Sesi\u00f3n Ordinaria del Consejo Estatal para la Prevenci\u00f3n de Accidentes (Coepra) a trav\u00e9s de la Secretar\u00eda de Salud, para dar continuidad al trabajo interinstitucional, revisar avances y cumplimiento de acuerdos, como reforzar capacitaciones para el uso de [&hellip;]<\/p>\n","protected":false},"author":1,"featured_media":24944,"comment_status":"open","ping_status":"open","sticky":false,"template":"","format":"standard","meta":{"_jetpack_memberships_contains_paid_content":false,"footnotes":""},"categories":[24],"tags":[63],"class_list":["post-24941","post","type-post","status-publish","format-standard","has-post-thumbnail","hentry","category-estado","tag-salud"],"yoast_head":"<!-- This site is optimized with the Yoast SEO plugin v26.6 - https:\/\/yoast.com\/wordpress\/plugins\/seo\/ -->\n<title>Coepra Colima refuerza capacitaci\u00f3n en uso de desfibriladores para prevenir accidentes en los municipios - M\u00e1s Que Noticias<\/title>\n<meta name=\"robots\" content=\"index, follow, max-snippet:-1, max-image-preview:large, max-video-preview:-1\" \/>\n<link rel=\"canonical\" href=\"https:\/\/masquenoticias.mx\/index.php\/2026\/09\/03\/coepra-colima-refuerza-capacitacion-en-uso-de-desfibriladores-para-prevenir-accidentes-en-los-municipios\/\" \/>\n<meta property=\"og:locale\" content=\"es_MX\" \/>\n<meta property=\"og:type\" content=\"article\" \/>\n<meta property=\"og:title\" content=\"Coepra Colima refuerza capacitaci\u00f3n en uso de desfibriladores para prevenir accidentes en los municipios - M\u00e1s Que Noticias\" \/>\n<meta property=\"og:description\" content=\"El Gobierno del Estado de Colima que encabeza la gobernadora Indira Vizca\u00edno Silva llev\u00f3 a cabo la Quinta Sesi\u00f3n Ordinaria del Consejo Estatal para la Prevenci\u00f3n de Accidentes (Coepra) a trav\u00e9s de la Secretar\u00eda de Salud, para dar continuidad al trabajo interinstitucional, revisar avances y cumplimiento de acuerdos, como reforzar capacitaciones para el uso de [&hellip;]\" \/>\n<meta property=\"og:url\" content=\"https:\/\/masquenoticias.mx\/index.php\/2026\/09\/03\/coepra-colima-refuerza-capacitacion-en-uso-de-desfibriladores-para-prevenir-accidentes-en-los-municipios\/\" \/>\n<meta property=\"og:site_name\" content=\"M\u00e1s Que Noticias\" \/>\n<meta property=\"article:publisher\" content=\"https:\/\/www.facebook.com\/masquenoticiascolima\" \/>\n<meta property=\"article:published_time\" content=\"2026-09-04T04:26:43+00:00\" \/>\n<meta property=\"og:image\" content=\"https:\/\/masquenoticias.mx\/wp-content\/uploads\/2026\/09\/coepra.jpeg\" \/>\n\t<meta property=\"og:image:width\" content=\"1280\" \/>\n\t<meta property=\"og:image:height\" content=\"704\" \/>\n\t<meta property=\"og:image:type\" content=\"image\/jpeg\" \/>\n<meta name=\"author\" content=\"Redacci\u00f3n\" \/>\n<meta name=\"twitter:card\" content=\"summary_large_image\" \/>\n<meta name=\"twitter:creator\" content=\"@edgartove\" \/>\n<meta name=\"twitter:site\" content=\"@edgartove\" \/>\n<meta name=\"twitter:label1\" content=\"Escrito por\" \/>\n\t<meta name=\"twitter:data1\" content=\"Redacci\u00f3n\" \/>\n\t<meta name=\"twitter:label2\" content=\"Tiempo de lectura\" \/>\n\t<meta name=\"twitter:data2\" content=\"2 minutos\" \/>\n<script type=\"application\/ld+json\" class=\"yoast-schema-graph\">{\"@context\":\"https:\/\/schema.org\",\"@graph\":[{\"@type\":\"Article\",\"@id\":\"https:\/\/masquenoticias.mx\/index.php\/2026\/09\/03\/coepra-colima-refuerza-capacitacion-en-uso-de-desfibriladores-para-prevenir-accidentes-en-los-municipios\/#article\",\"isPartOf\":{\"@id\":\"https:\/\/masquenoticias.mx\/index.php\/2026\/09\/03\/coepra-colima-refuerza-capacitacion-en-uso-de-desfibriladores-para-prevenir-accidentes-en-los-municipios\/\"},\"author\":{\"name\":\"Redacci\u00f3n\",\"@id\":\"https:\/\/masquenoticias.mx\/#\/schema\/person\/544d19989ef23d34615f691f7a96e622\"},\"headline\":\"Coepra Colima refuerza capacitaci\u00f3n en uso de desfibriladores para prevenir accidentes en los municipios\",\"datePublished\":\"2026-09-04T04:26:43+00:00\",\"mainEntityOfPage\":{\"@id\":\"https:\/\/masquenoticias.mx\/index.php\/2026\/09\/03\/coepra-colima-refuerza-capacitacion-en-uso-de-desfibriladores-para-prevenir-accidentes-en-los-municipios\/\"},\"wordCount\":218,\"commentCount\":0,\"publisher\":{\"@id\":\"https:\/\/masquenoticias.mx\/#organization\"},\"image\":{\"@id\":\"https:\/\/masquenoticias.mx\/index.php\/2026\/09\/03\/coepra-colima-refuerza-capacitacion-en-uso-de-desfibriladores-para-prevenir-accidentes-en-los-municipios\/#primaryimage\"},\"thumbnailUrl\":\"https:\/\/i0.wp.com\/masquenoticias.mx\/wp-content\/uploads\/2026\/09\/coepra.jpeg?fit=1280%2C704&ssl=1\",\"keywords\":[\"Salud\"],\"articleSection\":[\"Estado\"],\"inLanguage\":\"es\",\"potentialAction\":[{\"@type\":\"CommentAction\",\"name\":\"Comment\",\"target\":[\"https:\/\/masquenoticias.mx\/index.php\/2026\/09\/03\/coepra-colima-refuerza-capacitacion-en-uso-de-desfibriladores-para-prevenir-accidentes-en-los-municipios\/#respond\"]}]},{\"@type\":\"WebPage\",\"@id\":\"https:\/\/masquenoticias.mx\/index.php\/2026\/09\/03\/coepra-colima-refuerza-capacitacion-en-uso-de-desfibriladores-para-prevenir-accidentes-en-los-municipios\/\",\"url\":\"https:\/\/masquenoticias.mx\/index.php\/2026\/09\/03\/coepra-colima-refuerza-capacitacion-en-uso-de-desfibriladores-para-prevenir-accidentes-en-los-municipios\/\",\"name\":\"Coepra Colima refuerza capacitaci\u00f3n en uso de desfibriladores para prevenir accidentes en los municipios - M\u00e1s Que Noticias\",\"isPartOf\":{\"@id\":\"https:\/\/masquenoticias.mx\/#website\"},\"primaryImageOfPage\":{\"@id\":\"https:\/\/masquenoticias.mx\/index.php\/2026\/09\/03\/coepra-colima-refuerza-capacitacion-en-uso-de-desfibriladores-para-prevenir-accidentes-en-los-municipios\/#primaryimage\"},\"image\":{\"@id\":\"https:\/\/masquenoticias.mx\/index.php\/2026\/09\/03\/coepra-colima-refuerza-capacitacion-en-uso-de-desfibriladores-para-prevenir-accidentes-en-los-municipios\/#primaryimage\"},\"thumbnailUrl\":\"https:\/\/i0.wp.com\/masquenoticias.mx\/wp-content\/uploads\/2026\/09\/coepra.jpeg?fit=1280%2C704&ssl=1\",\"datePublished\":\"2026-09-04T04:26:43+00:00\",\"breadcrumb\":{\"@id\":\"https:\/\/masquenoticias.mx\/index.php\/2026\/09\/03\/coepra-colima-refuerza-capacitacion-en-uso-de-desfibriladores-para-prevenir-accidentes-en-los-municipios\/#breadcrumb\"},\"inLanguage\":\"es\",\"potentialAction\":[{\"@type\":\"ReadAction\",\"target\":[\"https:\/\/masquenoticias.mx\/index.php\/2026\/09\/03\/coepra-colima-refuerza-capacitacion-en-uso-de-desfibriladores-para-prevenir-accidentes-en-los-municipios\/\"]}]},{\"@type\":\"ImageObject\",\"inLanguage\":\"es\",\"@id\":\"https:\/\/masquenoticias.mx\/index.php\/2026\/09\/03\/coepra-colima-refuerza-capacitacion-en-uso-de-desfibriladores-para-prevenir-accidentes-en-los-municipios\/#primaryimage\",\"url\":\"https:\/\/i0.wp.com\/masquenoticias.mx\/wp-content\/uploads\/2026\/09\/coepra.jpeg?fit=1280%2C704&ssl=1\",\"contentUrl\":\"https:\/\/i0.wp.com\/masquenoticias.mx\/wp-content\/uploads\/2026\/09\/coepra.jpeg?fit=1280%2C704&ssl=1\",\"width\":1280,\"height\":704},{\"@type\":\"BreadcrumbList\",\"@id\":\"https:\/\/masquenoticias.mx\/index.php\/2026\/09\/03\/coepra-colima-refuerza-capacitacion-en-uso-de-desfibriladores-para-prevenir-accidentes-en-los-municipios\/#breadcrumb\",\"itemListElement\":[{\"@type\":\"ListItem\",\"position\":1,\"name\":\"Inicio\",\"item\":\"https:\/\/masquenoticias.mx\/\"},{\"@type\":\"ListItem\",\"position\":2,\"name\":\"Coepra Colima refuerza capacitaci\u00f3n en uso de desfibriladores para prevenir accidentes en los municipios\"}]},{\"@type\":\"WebSite\",\"@id\":\"https:\/\/masquenoticias.mx\/#website\",\"url\":\"https:\/\/masquenoticias.mx\/\",\"name\":\"M\u00e1s Que Noticias\",\"description\":\"Noticias de Colima, M\u00e9xico y el Mundo\",\"publisher\":{\"@id\":\"https:\/\/masquenoticias.mx\/#organization\"},\"potentialAction\":[{\"@type\":\"SearchAction\",\"target\":{\"@type\":\"EntryPoint\",\"urlTemplate\":\"https:\/\/masquenoticias.mx\/?s={search_term_string}\"},\"query-input\":{\"@type\":\"PropertyValueSpecification\",\"valueRequired\":true,\"valueName\":\"search_term_string\"}}],\"inLanguage\":\"es\"},{\"@type\":\"Organization\",\"@id\":\"https:\/\/masquenoticias.mx\/#organization\",\"name\":\"M\u00e1s Que Noticias\",\"url\":\"https:\/\/masquenoticias.mx\/\",\"logo\":{\"@type\":\"ImageObject\",\"inLanguage\":\"es\",\"@id\":\"https:\/\/masquenoticias.mx\/#\/schema\/logo\/image\/\",\"url\":\"https:\/\/i0.wp.com\/masquenoticias.mx\/wp-content\/uploads\/2024\/04\/IMG_0004.png?fit=2560%2C1656&ssl=1\",\"contentUrl\":\"https:\/\/i0.wp.com\/masquenoticias.mx\/wp-content\/uploads\/2024\/04\/IMG_0004.png?fit=2560%2C1656&ssl=1\",\"width\":2560,\"height\":1656,\"caption\":\"M\u00e1s Que Noticias\"},\"image\":{\"@id\":\"https:\/\/masquenoticias.mx\/#\/schema\/logo\/image\/\"},\"sameAs\":[\"https:\/\/www.facebook.com\/masquenoticiascolima\",\"https:\/\/x.com\/edgartove\",\"https:\/\/www.instagram.com\/masquenoticiascolima\/\"]},{\"@type\":\"Person\",\"@id\":\"https:\/\/masquenoticias.mx\/#\/schema\/person\/544d19989ef23d34615f691f7a96e622\",\"name\":\"Redacci\u00f3n\",\"image\":{\"@type\":\"ImageObject\",\"inLanguage\":\"es\",\"@id\":\"https:\/\/masquenoticias.mx\/#\/schema\/person\/image\/\",\"url\":\"https:\/\/secure.gravatar.com\/avatar\/7fcc926d5b058d3f3d52d95b4d05dd58?s=96&d=mm&r=g\",\"contentUrl\":\"https:\/\/secure.gravatar.com\/avatar\/7fcc926d5b058d3f3d52d95b4d05dd58?s=96&d=mm&r=g\",\"caption\":\"Redacci\u00f3n\"},\"sameAs\":[\"http:\/\/masquenoticias.mx\"],\"url\":\"https:\/\/masquenoticias.mx\/index.php\/author\/edgartovegmail-com\/\"}]}<\/script>\n<!-- \/ Yoast SEO plugin. -->","yoast_head_json":{"title":"Coepra Colima refuerza capacitaci\u00f3n en uso de desfibriladores para prevenir accidentes en los municipios - M\u00e1s Que Noticias","robots":{"index":"index","follow":"follow","max-snippet":"max-snippet:-1","max-image-preview":"max-image-preview:large","max-video-preview":"max-video-preview:-1"},"canonical":"https:\/\/masquenoticias.mx\/index.php\/2026\/09\/03\/coepra-colima-refuerza-capacitacion-en-uso-de-desfibriladores-para-prevenir-accidentes-en-los-municipios\/","og_locale":"es_MX","og_type":"article","og_title":"Coepra Colima refuerza capacitaci\u00f3n en uso de desfibriladores para prevenir accidentes en los municipios - M\u00e1s Que Noticias","og_description":"El Gobierno del Estado de Colima que encabeza la gobernadora Indira Vizca\u00edno Silva llev\u00f3 a cabo la Quinta Sesi\u00f3n Ordinaria del Consejo Estatal para la Prevenci\u00f3n de Accidentes (Coepra) a trav\u00e9s de la Secretar\u00eda de Salud, para dar continuidad al trabajo interinstitucional, revisar avances y cumplimiento de acuerdos, como reforzar capacitaciones para el uso de [&hellip;]","og_url":"https:\/\/masquenoticias.mx\/index.php\/2026\/09\/03\/coepra-colima-refuerza-capacitacion-en-uso-de-desfibriladores-para-prevenir-accidentes-en-los-municipios\/","og_site_name":"M\u00e1s Que Noticias","article_publisher":"https:\/\/www.facebook.com\/masquenoticiascolima","article_published_time":"2026-09-04T04:26:43+00:00","og_image":[{"width":1280,"height":704,"url":"https:\/\/masquenoticias.mx\/wp-content\/uploads\/2026\/09\/coepra.jpeg","type":"image\/jpeg"}],"author":"Redacci\u00f3n","twitter_card":"summary_large_image","twitter_creator":"@edgartove","twitter_site":"@edgartove","twitter_misc":{"Escrito por":"Redacci\u00f3n","Tiempo de lectura":"2 minutos"},"schema":{"@context":"https:\/\/schema.org","@graph":[{"@type":"Article","@id":"https:\/\/masquenoticias.mx\/index.php\/2026\/09\/03\/coepra-colima-refuerza-capacitacion-en-uso-de-desfibriladores-para-prevenir-accidentes-en-los-municipios\/#article","isPartOf":{"@id":"https:\/\/masquenoticias.mx\/index.php\/2026\/09\/03\/coepra-colima-refuerza-capacitacion-en-uso-de-desfibriladores-para-prevenir-accidentes-en-los-municipios\/"},"author":{"name":"Redacci\u00f3n","@id":"https:\/\/masquenoticias.mx\/#\/schema\/person\/544d19989ef23d34615f691f7a96e622"},"headline":"Coepra Colima refuerza capacitaci\u00f3n en uso de desfibriladores para prevenir accidentes en los municipios","datePublished":"2026-09-04T04:26:43+00:00","mainEntityOfPage":{"@id":"https:\/\/masquenoticias.mx\/index.php\/2026\/09\/03\/coepra-colima-refuerza-capacitacion-en-uso-de-desfibriladores-para-prevenir-accidentes-en-los-municipios\/"},"wordCount":218,"commentCount":0,"publisher":{"@id":"https:\/\/masquenoticias.mx\/#organization"},"image":{"@id":"https:\/\/masquenoticias.mx\/index.php\/2026\/09\/03\/coepra-colima-refuerza-capacitacion-en-uso-de-desfibriladores-para-prevenir-accidentes-en-los-municipios\/#primaryimage"},"thumbnailUrl":"https:\/\/i0.wp.com\/masquenoticias.mx\/wp-content\/uploads\/2026\/09\/coepra.jpeg?fit=1280%2C704&ssl=1","keywords":["Salud"],"articleSection":["Estado"],"inLanguage":"es","potentialAction":[{"@type":"CommentAction","name":"Comment","target":["https:\/\/masquenoticias.mx\/index.php\/2026\/09\/03\/coepra-colima-refuerza-capacitacion-en-uso-de-desfibriladores-para-prevenir-accidentes-en-los-municipios\/#respond"]}]},{"@type":"WebPage","@id":"https:\/\/masquenoticias.mx\/index.php\/2026\/09\/03\/coepra-colima-refuerza-capacitacion-en-uso-de-desfibriladores-para-prevenir-accidentes-en-los-municipios\/","url":"https:\/\/masquenoticias.mx\/index.php\/2026\/09\/03\/coepra-colima-refuerza-capacitacion-en-uso-de-desfibriladores-para-prevenir-accidentes-en-los-municipios\/","name":"Coepra Colima refuerza capacitaci\u00f3n en uso de desfibriladores para prevenir accidentes en los municipios - M\u00e1s Que Noticias","isPartOf":{"@id":"https:\/\/masquenoticias.mx\/#website"},"primaryImageOfPage":{"@id":"https:\/\/masquenoticias.mx\/index.php\/2026\/09\/03\/coepra-colima-refuerza-capacitacion-en-uso-de-desfibriladores-para-prevenir-accidentes-en-los-municipios\/#primaryimage"},"image":{"@id":"https:\/\/masquenoticias.mx\/index.php\/2026\/09\/03\/coepra-colima-refuerza-capacitacion-en-uso-de-desfibriladores-para-prevenir-accidentes-en-los-municipios\/#primaryimage"},"thumbnailUrl":"https:\/\/i0.wp.com\/masquenoticias.mx\/wp-content\/uploads\/2026\/09\/coepra.jpeg?fit=1280%2C704&ssl=1","datePublished":"2026-09-04T04:26:43+00:00","breadcrumb":{"@id":"https:\/\/masquenoticias.mx\/index.php\/2026\/09\/03\/coepra-colima-refuerza-capacitacion-en-uso-de-desfibriladores-para-prevenir-accidentes-en-los-municipios\/#breadcrumb"},"inLanguage":"es","potentialAction":[{"@type":"ReadAction","target":["https:\/\/masquenoticias.mx\/index.php\/2026\/09\/03\/coepra-colima-refuerza-capacitacion-en-uso-de-desfibriladores-para-prevenir-accidentes-en-los-municipios\/"]}]},{"@type":"ImageObject","inLanguage":"es","@id":"https:\/\/masquenoticias.mx\/index.php\/2026\/09\/03\/coepra-colima-refuerza-capacitacion-en-uso-de-desfibriladores-para-prevenir-accidentes-en-los-municipios\/#primaryimage","url":"https:\/\/i0.wp.com\/masquenoticias.mx\/wp-content\/uploads\/2026\/09\/coepra.jpeg?fit=1280%2C704&ssl=1","contentUrl":"https:\/\/i0.wp.com\/masquenoticias.mx\/wp-content\/uploads\/2026\/09\/coepra.jpeg?fit=1280%2C704&ssl=1","width":1280,"height":704},{"@type":"BreadcrumbList","@id":"https:\/\/masquenoticias.mx\/index.php\/2026\/09\/03\/coepra-colima-refuerza-capacitacion-en-uso-de-desfibriladores-para-prevenir-accidentes-en-los-municipios\/#breadcrumb","itemListElement":[{"@type":"ListItem","position":1,"name":"Inicio","item":"https:\/\/masquenoticias.mx\/"},{"@type":"ListItem","position":2,"name":"Coepra Colima refuerza capacitaci\u00f3n en uso de desfibriladores para prevenir accidentes en los municipios"}]},{"@type":"WebSite","@id":"https:\/\/masquenoticias.mx\/#website","url":"https:\/\/masquenoticias.mx\/","name":"M\u00e1s Que Noticias","description":"Noticias de Colima, M\u00e9xico y el Mundo","publisher":{"@id":"https:\/\/masquenoticias.mx\/#organization"},"potentialAction":[{"@type":"SearchAction","target":{"@type":"EntryPoint","urlTemplate":"https:\/\/masquenoticias.mx\/?s={search_term_string}"},"query-input":{"@type":"PropertyValueSpecification","valueRequired":true,"valueName":"search_term_string"}}],"inLanguage":"es"},{"@type":"Organization","@id":"https:\/\/masquenoticias.mx\/#organization","name":"M\u00e1s Que Noticias","url":"https:\/\/masquenoticias.mx\/","logo":{"@type":"ImageObject","inLanguage":"es","@id":"https:\/\/masquenoticias.mx\/#\/schema\/logo\/image\/","url":"https:\/\/i0.wp.com\/masquenoticias.mx\/wp-content\/uploads\/2024\/04\/IMG_0004.png?fit=2560%2C1656&ssl=1","contentUrl":"https:\/\/i0.wp.com\/masquenoticias.mx\/wp-content\/uploads\/2024\/04\/IMG_0004.png?fit=2560%2C1656&ssl=1","width":2560,"height":1656,"caption":"M\u00e1s Que Noticias"},"image":{"@id":"https:\/\/masquenoticias.mx\/#\/schema\/logo\/image\/"},"sameAs":["https:\/\/www.facebook.com\/masquenoticiascolima","https:\/\/x.com\/edgartove","https:\/\/www.instagram.com\/masquenoticiascolima\/"]},{"@type":"Person","@id":"https:\/\/masquenoticias.mx\/#\/schema\/person\/544d19989ef23d34615f691f7a96e622","name":"Redacci\u00f3n","image":{"@type":"ImageObject","inLanguage":"es","@id":"https:\/\/masquenoticias.mx\/#\/schema\/person\/image\/","url":"https:\/\/secure.gravatar.com\/avatar\/7fcc926d5b058d3f3d52d95b4d05dd58?s=96&d=mm&r=g","contentUrl":"https:\/\/secure.gravatar.com\/avatar\/7fcc926d5b058d3f3d52d95b4d05dd58?s=96&d=mm&r=g","caption":"Redacci\u00f3n"},"sameAs":["http:\/\/masquenoticias.mx"],"url":"https:\/\/masquenoticias.mx\/index.php\/author\/edgartovegmail-com\/"}]}},"jetpack_featured_media_url":"https:\/\/i0.wp.com\/masquenoticias.mx\/wp-content\/uploads\/2026\/09\/coepra.jpeg?fit=1280%2C704&ssl=1","blog_post_layout_featured_media_urls":{"thumbnail":["https:\/\/i0.wp.com\/masquenoticias.mx\/wp-content\/uploads\/2026\/09\/coepra.jpeg?resize=150%2C150&ssl=1",150,150,true],"full":["https:\/\/i0.wp.com\/masquenoticias.mx\/wp-content\/uploads\/2026\/09\/coepra.jpeg?fit=1280%2C704&ssl=1",1280,704,false]},"categories_names":{"24":{"name":"Estado","link":"https:\/\/masquenoticias.mx\/index.php\/category\/estado\/"}},"tags_names":{"63":{"name":"Salud","link":"https:\/\/masquenoticias.mx\/index.php\/tag\/salud\/"}},"comments_number":"0","wpmagazine_modules_lite_featured_media_urls":{"thumbnail":["https:\/\/i0.wp.com\/masquenoticias.mx\/wp-content\/uploads\/2026\/09\/coepra.jpeg?resize=150%2C150&ssl=1",150,150,true],"cvmm-medium":["https:\/\/i0.wp.com\/masquenoticias.mx\/wp-content\/uploads\/2026\/09\/coepra.jpeg?resize=300%2C300&ssl=1",300,300,true],"cvmm-medium-plus":["https:\/\/i0.wp.com\/masquenoticias.mx\/wp-content\/uploads\/2026\/09\/coepra.jpeg?resize=305%2C207&ssl=1",305,207,true],"cvmm-portrait":["https:\/\/i0.wp.com\/masquenoticias.mx\/wp-content\/uploads\/2026\/09\/coepra.jpeg?resize=400%2C600&ssl=1",400,600,true],"cvmm-medium-square":["https:\/\/i0.wp.com\/masquenoticias.mx\/wp-content\/uploads\/2026\/09\/coepra.jpeg?resize=600%2C600&ssl=1",600,600,true],"cvmm-large":["https:\/\/i0.wp.com\/masquenoticias.mx\/wp-content\/uploads\/2026\/09\/coepra.jpeg?resize=1024%2C704&ssl=1",1024,704,true],"cvmm-small":["https:\/\/i0.wp.com\/masquenoticias.mx\/wp-content\/uploads\/2026\/09\/coepra.jpeg?resize=130%2C95&ssl=1",130,95,true],"full":["https:\/\/i0.wp.com\/masquenoticias.mx\/wp-content\/uploads\/2026\/09\/coepra.jpeg?fit=1280%2C704&ssl=1",1280,704,false]},"jetpack-related-posts":[],"jetpack_sharing_enabled":true,"jetpack_likes_enabled":true,"jetpack_shortlink":"https:\/\/wp.me\/pf7pkt-6uh","_links":{"self":[{"href":"https:\/\/masquenoticias.mx\/index.php\/wp-json\/wp\/v2\/posts\/24941","targetHints":{"allow":["GET"]}}],"collection":[{"href":"https:\/\/masquenoticias.mx\/index.php\/wp-json\/wp\/v2\/posts"}],"about":[{"href":"https:\/\/masquenoticias.mx\/index.php\/wp-json\/wp\/v2\/types\/post"}],"author":[{"embeddable":true,"href":"https:\/\/masquenoticias.mx\/index.php\/wp-json\/wp\/v2\/users\/1"}],"replies":[{"embeddable":true,"href":"https:\/\/masquenoticias.mx\/index.php\/wp-json\/wp\/v2\/comments?post=24941"}],"version-history":[{"count":1,"href":"https:\/\/masquenoticias.mx\/index.php\/wp-json\/wp\/v2\/posts\/24941\/revisions"}],"predecessor-version":[{"id":24945,"href":"https:\/\/masquenoticias.mx\/index.php\/wp-json\/wp\/v2\/posts\/24941\/revisions\/24945"}],"wp:featuredmedia":[{"embeddable":true,"href":"https:\/\/masquenoticias.mx\/index.php\/wp-json\/wp\/v2\/media\/24944"}],"wp:attachment":[{"href":"https:\/\/masquenoticias.mx\/index.php\/wp-json\/wp\/v2\/media?parent=24941"}],"wp:term":[{"taxonomy":"category","embeddable":true,"href":"https:\/\/masquenoticias.mx\/index.php\/wp-json\/wp\/v2\/categories?post=24941"},{"taxonomy":"post_tag","embeddable":true,"href":"https:\/\/masquenoticias.mx\/index.php\/wp-json\/wp\/v2\/tags?post=24941"}],"curies":[{"name":"wp","href":"https:\/\/api.w.org\/{rel}","templated":true}]}}