{"id":24935,"date":"2026-09-02T13:44:14","date_gmt":"2026-09-02T19:44:14","guid":{"rendered":"https:\/\/masquenoticias.mx\/?p=24935"},"modified":"2026-09-02T13:44:14","modified_gmt":"2026-09-02T19:44:14","slug":"por-novena-ocasion-la-presidenta-claudia-sheinbaum-visitara-colima-este-sabado","status":"publish","type":"post","link":"https:\/\/masquenoticias.mx\/index.php\/2026\/09\/02\/por-novena-ocasion-la-presidenta-claudia-sheinbaum-visitara-colima-este-sabado\/","title":{"rendered":"Por novena ocasi\u00f3n, la Presidenta Claudia Sheinbaum visitar\u00e1 Colima este s\u00e1bado"},"content":{"rendered":"<p>La presidenta de M\u00e9xico, Claudia Sheinbaum Pardo, estar\u00e1 por novena ocasi\u00f3n en el estado de Colima este s\u00e1bado 5 de septiembre a partir de las 8:00 de la ma\u00f1ana en la unidad deportiva \u2018Jos\u00e9 Morelos y Pav\u00f3n\u2019 de esta ciudad capital, donde ser\u00e1 recibida por la gobernadora Indira Vizca\u00edno Silva, iniciando su gira por todas las entidades del pa\u00eds con motivo de la presentaci\u00f3n de su segundo informe anual de gobierno.<\/p>\n<p>Con el evento p\u00fablico de este s\u00e1bado la Jefa del Ejecutivo federal estar\u00e1 cumpliendo su novena visita a la entidad, lo que constituye una cifra r\u00e9cord que la propia gobernadora Indira Vizca\u00edno ha destacado como un hecho sin precedentes.<\/p>\n<p>Esta cantidad de visitas al estado de Colima refleja el cari\u00f1o que la presidenta Claudia Sheinbaum siente por nuestra entidad y por la poblaci\u00f3n colimense, lo que se ha traducido en innumerables obras de infraestructura carretera, obras hidr\u00e1ulicas, as\u00ed como el fortalecimiento de los programas sociales para los sectores que m\u00e1s lo necesitan.<\/p>\n<p>Apenas en junio pasado, Sheinbaum realiz\u00f3 su octava gira por la entidad, entregando en Villa de \u00c1lvarez el programa nacional de Becas \u2018Rita Cetina\u2019; supervis\u00f3 los avances en la ampliaci\u00f3n de las #ObrasQueTransforman la autopista Colima-Manzanillo; en Armer\u00eda revis\u00f3 los trabajos de construcci\u00f3n de la presa derivadora, y finalmente coloc\u00f3 la primera piedra del nuevo Hospital de Especialidades del Instituto Mexicano del Seguro Social (IMSS) en Manzanillo.<\/p>\n","protected":false},"excerpt":{"rendered":"<p>La presidenta de M\u00e9xico, Claudia Sheinbaum Pardo, estar\u00e1 por novena ocasi\u00f3n en el estado de Colima este s\u00e1bado 5 de septiembre a partir de las 8:00 de la ma\u00f1ana en la unidad deportiva \u2018Jos\u00e9 Morelos y Pav\u00f3n\u2019 de esta ciudad capital, donde ser\u00e1 recibida por la gobernadora Indira Vizca\u00edno Silva, iniciando su gira por todas [&hellip;]<\/p>\n","protected":false},"author":1,"featured_media":24936,"comment_status":"open","ping_status":"open","sticky":false,"template":"","format":"standard","meta":{"_jetpack_memberships_contains_paid_content":false,"footnotes":""},"categories":[24],"tags":[181,26],"class_list":["post-24935","post","type-post","status-publish","format-standard","has-post-thumbnail","hentry","category-estado","tag-claudia-sheinbaum","tag-indira-vizcaino"],"yoast_head":"<!-- This site is optimized with the Yoast SEO plugin v26.6 - https:\/\/yoast.com\/wordpress\/plugins\/seo\/ -->\n<title>Por novena ocasi\u00f3n, la Presidenta Claudia Sheinbaum visitar\u00e1 Colima este s\u00e1bado - M\u00e1s Que Noticias<\/title>\n<meta name=\"robots\" content=\"index, follow, max-snippet:-1, max-image-preview:large, max-video-preview:-1\" \/>\n<link rel=\"canonical\" href=\"https:\/\/masquenoticias.mx\/index.php\/2026\/09\/02\/por-novena-ocasion-la-presidenta-claudia-sheinbaum-visitara-colima-este-sabado\/\" \/>\n<meta property=\"og:locale\" content=\"es_MX\" \/>\n<meta property=\"og:type\" content=\"article\" \/>\n<meta property=\"og:title\" content=\"Por novena ocasi\u00f3n, la Presidenta Claudia Sheinbaum visitar\u00e1 Colima este s\u00e1bado - M\u00e1s Que Noticias\" \/>\n<meta property=\"og:description\" content=\"La presidenta de M\u00e9xico, Claudia Sheinbaum Pardo, estar\u00e1 por novena ocasi\u00f3n en el estado de Colima este s\u00e1bado 5 de septiembre a partir de las 8:00 de la ma\u00f1ana en la unidad deportiva \u2018Jos\u00e9 Morelos y Pav\u00f3n\u2019 de esta ciudad capital, donde ser\u00e1 recibida por la gobernadora Indira Vizca\u00edno Silva, iniciando su gira por todas [&hellip;]\" \/>\n<meta property=\"og:url\" content=\"https:\/\/masquenoticias.mx\/index.php\/2026\/09\/02\/por-novena-ocasion-la-presidenta-claudia-sheinbaum-visitara-colima-este-sabado\/\" \/>\n<meta property=\"og:site_name\" content=\"M\u00e1s Que Noticias\" \/>\n<meta property=\"article:publisher\" content=\"https:\/\/www.facebook.com\/masquenoticiascolima\" \/>\n<meta property=\"article:published_time\" content=\"2026-09-02T19:44:14+00:00\" \/>\n<meta property=\"og:image\" content=\"https:\/\/masquenoticias.mx\/wp-content\/uploads\/2026\/09\/WhatsApp-Image-2026-09-01-at-2.05.35-PM.jpeg\" \/>\n\t<meta property=\"og:image:width\" content=\"1600\" \/>\n\t<meta property=\"og:image:height\" content=\"1066\" \/>\n\t<meta property=\"og:image:type\" content=\"image\/jpeg\" \/>\n<meta name=\"author\" content=\"Redacci\u00f3n\" \/>\n<meta name=\"twitter:card\" content=\"summary_large_image\" \/>\n<meta name=\"twitter:creator\" content=\"@edgartove\" \/>\n<meta name=\"twitter:site\" content=\"@edgartove\" \/>\n<meta name=\"twitter:label1\" content=\"Escrito por\" \/>\n\t<meta name=\"twitter:data1\" content=\"Redacci\u00f3n\" \/>\n\t<meta name=\"twitter:label2\" content=\"Tiempo de lectura\" \/>\n\t<meta name=\"twitter:data2\" content=\"2 minutos\" \/>\n<script type=\"application\/ld+json\" class=\"yoast-schema-graph\">{\"@context\":\"https:\/\/schema.org\",\"@graph\":[{\"@type\":\"Article\",\"@id\":\"https:\/\/masquenoticias.mx\/index.php\/2026\/09\/02\/por-novena-ocasion-la-presidenta-claudia-sheinbaum-visitara-colima-este-sabado\/#article\",\"isPartOf\":{\"@id\":\"https:\/\/masquenoticias.mx\/index.php\/2026\/09\/02\/por-novena-ocasion-la-presidenta-claudia-sheinbaum-visitara-colima-este-sabado\/\"},\"author\":{\"name\":\"Redacci\u00f3n\",\"@id\":\"https:\/\/masquenoticias.mx\/#\/schema\/person\/544d19989ef23d34615f691f7a96e622\"},\"headline\":\"Por novena ocasi\u00f3n, la Presidenta Claudia Sheinbaum visitar\u00e1 Colima este s\u00e1bado\",\"datePublished\":\"2026-09-02T19:44:14+00:00\",\"mainEntityOfPage\":{\"@id\":\"https:\/\/masquenoticias.mx\/index.php\/2026\/09\/02\/por-novena-ocasion-la-presidenta-claudia-sheinbaum-visitara-colima-este-sabado\/\"},\"wordCount\":260,\"commentCount\":0,\"publisher\":{\"@id\":\"https:\/\/masquenoticias.mx\/#organization\"},\"image\":{\"@id\":\"https:\/\/masquenoticias.mx\/index.php\/2026\/09\/02\/por-novena-ocasion-la-presidenta-claudia-sheinbaum-visitara-colima-este-sabado\/#primaryimage\"},\"thumbnailUrl\":\"https:\/\/i0.wp.com\/masquenoticias.mx\/wp-content\/uploads\/2026\/09\/WhatsApp-Image-2026-09-01-at-2.05.35-PM.jpeg?fit=1600%2C1066&ssl=1\",\"keywords\":[\"Claudia Sheinbaum\",\"Indira Vizca\u00edno\"],\"articleSection\":[\"Estado\"],\"inLanguage\":\"es\",\"potentialAction\":[{\"@type\":\"CommentAction\",\"name\":\"Comment\",\"target\":[\"https:\/\/masquenoticias.mx\/index.php\/2026\/09\/02\/por-novena-ocasion-la-presidenta-claudia-sheinbaum-visitara-colima-este-sabado\/#respond\"]}]},{\"@type\":\"WebPage\",\"@id\":\"https:\/\/masquenoticias.mx\/index.php\/2026\/09\/02\/por-novena-ocasion-la-presidenta-claudia-sheinbaum-visitara-colima-este-sabado\/\",\"url\":\"https:\/\/masquenoticias.mx\/index.php\/2026\/09\/02\/por-novena-ocasion-la-presidenta-claudia-sheinbaum-visitara-colima-este-sabado\/\",\"name\":\"Por novena ocasi\u00f3n, la Presidenta Claudia Sheinbaum visitar\u00e1 Colima este s\u00e1bado - M\u00e1s Que Noticias\",\"isPartOf\":{\"@id\":\"https:\/\/masquenoticias.mx\/#website\"},\"primaryImageOfPage\":{\"@id\":\"https:\/\/masquenoticias.mx\/index.php\/2026\/09\/02\/por-novena-ocasion-la-presidenta-claudia-sheinbaum-visitara-colima-este-sabado\/#primaryimage\"},\"image\":{\"@id\":\"https:\/\/masquenoticias.mx\/index.php\/2026\/09\/02\/por-novena-ocasion-la-presidenta-claudia-sheinbaum-visitara-colima-este-sabado\/#primaryimage\"},\"thumbnailUrl\":\"https:\/\/i0.wp.com\/masquenoticias.mx\/wp-content\/uploads\/2026\/09\/WhatsApp-Image-2026-09-01-at-2.05.35-PM.jpeg?fit=1600%2C1066&ssl=1\",\"datePublished\":\"2026-09-02T19:44:14+00:00\",\"breadcrumb\":{\"@id\":\"https:\/\/masquenoticias.mx\/index.php\/2026\/09\/02\/por-novena-ocasion-la-presidenta-claudia-sheinbaum-visitara-colima-este-sabado\/#breadcrumb\"},\"inLanguage\":\"es\",\"potentialAction\":[{\"@type\":\"ReadAction\",\"target\":[\"https:\/\/masquenoticias.mx\/index.php\/2026\/09\/02\/por-novena-ocasion-la-presidenta-claudia-sheinbaum-visitara-colima-este-sabado\/\"]}]},{\"@type\":\"ImageObject\",\"inLanguage\":\"es\",\"@id\":\"https:\/\/masquenoticias.mx\/index.php\/2026\/09\/02\/por-novena-ocasion-la-presidenta-claudia-sheinbaum-visitara-colima-este-sabado\/#primaryimage\",\"url\":\"https:\/\/i0.wp.com\/masquenoticias.mx\/wp-content\/uploads\/2026\/09\/WhatsApp-Image-2026-09-01-at-2.05.35-PM.jpeg?fit=1600%2C1066&ssl=1\",\"contentUrl\":\"https:\/\/i0.wp.com\/masquenoticias.mx\/wp-content\/uploads\/2026\/09\/WhatsApp-Image-2026-09-01-at-2.05.35-PM.jpeg?fit=1600%2C1066&ssl=1\",\"width\":1600,\"height\":1066},{\"@type\":\"BreadcrumbList\",\"@id\":\"https:\/\/masquenoticias.mx\/index.php\/2026\/09\/02\/por-novena-ocasion-la-presidenta-claudia-sheinbaum-visitara-colima-este-sabado\/#breadcrumb\",\"itemListElement\":[{\"@type\":\"ListItem\",\"position\":1,\"name\":\"Inicio\",\"item\":\"https:\/\/masquenoticias.mx\/\"},{\"@type\":\"ListItem\",\"position\":2,\"name\":\"Por novena ocasi\u00f3n, la Presidenta Claudia Sheinbaum visitar\u00e1 Colima este s\u00e1bado\"}]},{\"@type\":\"WebSite\",\"@id\":\"https:\/\/masquenoticias.mx\/#website\",\"url\":\"https:\/\/masquenoticias.mx\/\",\"name\":\"M\u00e1s Que Noticias\",\"description\":\"Noticias de Colima, M\u00e9xico y el Mundo\",\"publisher\":{\"@id\":\"https:\/\/masquenoticias.mx\/#organization\"},\"potentialAction\":[{\"@type\":\"SearchAction\",\"target\":{\"@type\":\"EntryPoint\",\"urlTemplate\":\"https:\/\/masquenoticias.mx\/?s={search_term_string}\"},\"query-input\":{\"@type\":\"PropertyValueSpecification\",\"valueRequired\":true,\"valueName\":\"search_term_string\"}}],\"inLanguage\":\"es\"},{\"@type\":\"Organization\",\"@id\":\"https:\/\/masquenoticias.mx\/#organization\",\"name\":\"M\u00e1s Que Noticias\",\"url\":\"https:\/\/masquenoticias.mx\/\",\"logo\":{\"@type\":\"ImageObject\",\"inLanguage\":\"es\",\"@id\":\"https:\/\/masquenoticias.mx\/#\/schema\/logo\/image\/\",\"url\":\"https:\/\/i0.wp.com\/masquenoticias.mx\/wp-content\/uploads\/2024\/04\/IMG_0004.png?fit=2560%2C1656&ssl=1\",\"contentUrl\":\"https:\/\/i0.wp.com\/masquenoticias.mx\/wp-content\/uploads\/2024\/04\/IMG_0004.png?fit=2560%2C1656&ssl=1\",\"width\":2560,\"height\":1656,\"caption\":\"M\u00e1s Que Noticias\"},\"image\":{\"@id\":\"https:\/\/masquenoticias.mx\/#\/schema\/logo\/image\/\"},\"sameAs\":[\"https:\/\/www.facebook.com\/masquenoticiascolima\",\"https:\/\/x.com\/edgartove\",\"https:\/\/www.instagram.com\/masquenoticiascolima\/\"]},{\"@type\":\"Person\",\"@id\":\"https:\/\/masquenoticias.mx\/#\/schema\/person\/544d19989ef23d34615f691f7a96e622\",\"name\":\"Redacci\u00f3n\",\"image\":{\"@type\":\"ImageObject\",\"inLanguage\":\"es\",\"@id\":\"https:\/\/masquenoticias.mx\/#\/schema\/person\/image\/\",\"url\":\"https:\/\/secure.gravatar.com\/avatar\/7fcc926d5b058d3f3d52d95b4d05dd58?s=96&d=mm&r=g\",\"contentUrl\":\"https:\/\/secure.gravatar.com\/avatar\/7fcc926d5b058d3f3d52d95b4d05dd58?s=96&d=mm&r=g\",\"caption\":\"Redacci\u00f3n\"},\"sameAs\":[\"http:\/\/masquenoticias.mx\"],\"url\":\"https:\/\/masquenoticias.mx\/index.php\/author\/edgartovegmail-com\/\"}]}<\/script>\n<!-- \/ Yoast SEO plugin. -->","yoast_head_json":{"title":"Por novena ocasi\u00f3n, la Presidenta Claudia Sheinbaum visitar\u00e1 Colima este s\u00e1bado - M\u00e1s Que Noticias","robots":{"index":"index","follow":"follow","max-snippet":"max-snippet:-1","max-image-preview":"max-image-preview:large","max-video-preview":"max-video-preview:-1"},"canonical":"https:\/\/masquenoticias.mx\/index.php\/2026\/09\/02\/por-novena-ocasion-la-presidenta-claudia-sheinbaum-visitara-colima-este-sabado\/","og_locale":"es_MX","og_type":"article","og_title":"Por novena ocasi\u00f3n, la Presidenta Claudia Sheinbaum visitar\u00e1 Colima este s\u00e1bado - M\u00e1s Que Noticias","og_description":"La presidenta de M\u00e9xico, Claudia Sheinbaum Pardo, estar\u00e1 por novena ocasi\u00f3n en el estado de Colima este s\u00e1bado 5 de septiembre a partir de las 8:00 de la ma\u00f1ana en la unidad deportiva \u2018Jos\u00e9 Morelos y Pav\u00f3n\u2019 de esta ciudad capital, donde ser\u00e1 recibida por la gobernadora Indira Vizca\u00edno Silva, iniciando su gira por todas [&hellip;]","og_url":"https:\/\/masquenoticias.mx\/index.php\/2026\/09\/02\/por-novena-ocasion-la-presidenta-claudia-sheinbaum-visitara-colima-este-sabado\/","og_site_name":"M\u00e1s Que Noticias","article_publisher":"https:\/\/www.facebook.com\/masquenoticiascolima","article_published_time":"2026-09-02T19:44:14+00:00","og_image":[{"width":1600,"height":1066,"url":"https:\/\/masquenoticias.mx\/wp-content\/uploads\/2026\/09\/WhatsApp-Image-2026-09-01-at-2.05.35-PM.jpeg","type":"image\/jpeg"}],"author":"Redacci\u00f3n","twitter_card":"summary_large_image","twitter_creator":"@edgartove","twitter_site":"@edgartove","twitter_misc":{"Escrito por":"Redacci\u00f3n","Tiempo de lectura":"2 minutos"},"schema":{"@context":"https:\/\/schema.org","@graph":[{"@type":"Article","@id":"https:\/\/masquenoticias.mx\/index.php\/2026\/09\/02\/por-novena-ocasion-la-presidenta-claudia-sheinbaum-visitara-colima-este-sabado\/#article","isPartOf":{"@id":"https:\/\/masquenoticias.mx\/index.php\/2026\/09\/02\/por-novena-ocasion-la-presidenta-claudia-sheinbaum-visitara-colima-este-sabado\/"},"author":{"name":"Redacci\u00f3n","@id":"https:\/\/masquenoticias.mx\/#\/schema\/person\/544d19989ef23d34615f691f7a96e622"},"headline":"Por novena ocasi\u00f3n, la Presidenta Claudia Sheinbaum visitar\u00e1 Colima este s\u00e1bado","datePublished":"2026-09-02T19:44:14+00:00","mainEntityOfPage":{"@id":"https:\/\/masquenoticias.mx\/index.php\/2026\/09\/02\/por-novena-ocasion-la-presidenta-claudia-sheinbaum-visitara-colima-este-sabado\/"},"wordCount":260,"commentCount":0,"publisher":{"@id":"https:\/\/masquenoticias.mx\/#organization"},"image":{"@id":"https:\/\/masquenoticias.mx\/index.php\/2026\/09\/02\/por-novena-ocasion-la-presidenta-claudia-sheinbaum-visitara-colima-este-sabado\/#primaryimage"},"thumbnailUrl":"https:\/\/i0.wp.com\/masquenoticias.mx\/wp-content\/uploads\/2026\/09\/WhatsApp-Image-2026-09-01-at-2.05.35-PM.jpeg?fit=1600%2C1066&ssl=1","keywords":["Claudia Sheinbaum","Indira Vizca\u00edno"],"articleSection":["Estado"],"inLanguage":"es","potentialAction":[{"@type":"CommentAction","name":"Comment","target":["https:\/\/masquenoticias.mx\/index.php\/2026\/09\/02\/por-novena-ocasion-la-presidenta-claudia-sheinbaum-visitara-colima-este-sabado\/#respond"]}]},{"@type":"WebPage","@id":"https:\/\/masquenoticias.mx\/index.php\/2026\/09\/02\/por-novena-ocasion-la-presidenta-claudia-sheinbaum-visitara-colima-este-sabado\/","url":"https:\/\/masquenoticias.mx\/index.php\/2026\/09\/02\/por-novena-ocasion-la-presidenta-claudia-sheinbaum-visitara-colima-este-sabado\/","name":"Por novena ocasi\u00f3n, la Presidenta Claudia Sheinbaum visitar\u00e1 Colima este s\u00e1bado - M\u00e1s Que Noticias","isPartOf":{"@id":"https:\/\/masquenoticias.mx\/#website"},"primaryImageOfPage":{"@id":"https:\/\/masquenoticias.mx\/index.php\/2026\/09\/02\/por-novena-ocasion-la-presidenta-claudia-sheinbaum-visitara-colima-este-sabado\/#primaryimage"},"image":{"@id":"https:\/\/masquenoticias.mx\/index.php\/2026\/09\/02\/por-novena-ocasion-la-presidenta-claudia-sheinbaum-visitara-colima-este-sabado\/#primaryimage"},"thumbnailUrl":"https:\/\/i0.wp.com\/masquenoticias.mx\/wp-content\/uploads\/2026\/09\/WhatsApp-Image-2026-09-01-at-2.05.35-PM.jpeg?fit=1600%2C1066&ssl=1","datePublished":"2026-09-02T19:44:14+00:00","breadcrumb":{"@id":"https:\/\/masquenoticias.mx\/index.php\/2026\/09\/02\/por-novena-ocasion-la-presidenta-claudia-sheinbaum-visitara-colima-este-sabado\/#breadcrumb"},"inLanguage":"es","potentialAction":[{"@type":"ReadAction","target":["https:\/\/masquenoticias.mx\/index.php\/2026\/09\/02\/por-novena-ocasion-la-presidenta-claudia-sheinbaum-visitara-colima-este-sabado\/"]}]},{"@type":"ImageObject","inLanguage":"es","@id":"https:\/\/masquenoticias.mx\/index.php\/2026\/09\/02\/por-novena-ocasion-la-presidenta-claudia-sheinbaum-visitara-colima-este-sabado\/#primaryimage","url":"https:\/\/i0.wp.com\/masquenoticias.mx\/wp-content\/uploads\/2026\/09\/WhatsApp-Image-2026-09-01-at-2.05.35-PM.jpeg?fit=1600%2C1066&ssl=1","contentUrl":"https:\/\/i0.wp.com\/masquenoticias.mx\/wp-content\/uploads\/2026\/09\/WhatsApp-Image-2026-09-01-at-2.05.35-PM.jpeg?fit=1600%2C1066&ssl=1","width":1600,"height":1066},{"@type":"BreadcrumbList","@id":"https:\/\/masquenoticias.mx\/index.php\/2026\/09\/02\/por-novena-ocasion-la-presidenta-claudia-sheinbaum-visitara-colima-este-sabado\/#breadcrumb","itemListElement":[{"@type":"ListItem","position":1,"name":"Inicio","item":"https:\/\/masquenoticias.mx\/"},{"@type":"ListItem","position":2,"name":"Por novena ocasi\u00f3n, la Presidenta Claudia Sheinbaum visitar\u00e1 Colima este s\u00e1bado"}]},{"@type":"WebSite","@id":"https:\/\/masquenoticias.mx\/#website","url":"https:\/\/masquenoticias.mx\/","name":"M\u00e1s Que Noticias","description":"Noticias de Colima, M\u00e9xico y el Mundo","publisher":{"@id":"https:\/\/masquenoticias.mx\/#organization"},"potentialAction":[{"@type":"SearchAction","target":{"@type":"EntryPoint","urlTemplate":"https:\/\/masquenoticias.mx\/?s={search_term_string}"},"query-input":{"@type":"PropertyValueSpecification","valueRequired":true,"valueName":"search_term_string"}}],"inLanguage":"es"},{"@type":"Organization","@id":"https:\/\/masquenoticias.mx\/#organization","name":"M\u00e1s Que Noticias","url":"https:\/\/masquenoticias.mx\/","logo":{"@type":"ImageObject","inLanguage":"es","@id":"https:\/\/masquenoticias.mx\/#\/schema\/logo\/image\/","url":"https:\/\/i0.wp.com\/masquenoticias.mx\/wp-content\/uploads\/2024\/04\/IMG_0004.png?fit=2560%2C1656&ssl=1","contentUrl":"https:\/\/i0.wp.com\/masquenoticias.mx\/wp-content\/uploads\/2024\/04\/IMG_0004.png?fit=2560%2C1656&ssl=1","width":2560,"height":1656,"caption":"M\u00e1s Que Noticias"},"image":{"@id":"https:\/\/masquenoticias.mx\/#\/schema\/logo\/image\/"},"sameAs":["https:\/\/www.facebook.com\/masquenoticiascolima","https:\/\/x.com\/edgartove","https:\/\/www.instagram.com\/masquenoticiascolima\/"]},{"@type":"Person","@id":"https:\/\/masquenoticias.mx\/#\/schema\/person\/544d19989ef23d34615f691f7a96e622","name":"Redacci\u00f3n","image":{"@type":"ImageObject","inLanguage":"es","@id":"https:\/\/masquenoticias.mx\/#\/schema\/person\/image\/","url":"https:\/\/secure.gravatar.com\/avatar\/7fcc926d5b058d3f3d52d95b4d05dd58?s=96&d=mm&r=g","contentUrl":"https:\/\/secure.gravatar.com\/avatar\/7fcc926d5b058d3f3d52d95b4d05dd58?s=96&d=mm&r=g","caption":"Redacci\u00f3n"},"sameAs":["http:\/\/masquenoticias.mx"],"url":"https:\/\/masquenoticias.mx\/index.php\/author\/edgartovegmail-com\/"}]}},"jetpack_featured_media_url":"https:\/\/i0.wp.com\/masquenoticias.mx\/wp-content\/uploads\/2026\/09\/WhatsApp-Image-2026-09-01-at-2.05.35-PM.jpeg?fit=1600%2C1066&ssl=1","blog_post_layout_featured_media_urls":{"thumbnail":["https:\/\/i0.wp.com\/masquenoticias.mx\/wp-content\/uploads\/2026\/09\/WhatsApp-Image-2026-09-01-at-2.05.35-PM.jpeg?resize=150%2C150&ssl=1",150,150,true],"full":["https:\/\/i0.wp.com\/masquenoticias.mx\/wp-content\/uploads\/2026\/09\/WhatsApp-Image-2026-09-01-at-2.05.35-PM.jpeg?fit=1600%2C1066&ssl=1",1600,1066,false]},"categories_names":{"24":{"name":"Estado","link":"https:\/\/masquenoticias.mx\/index.php\/category\/estado\/"}},"tags_names":{"181":{"name":"Claudia Sheinbaum","link":"https:\/\/masquenoticias.mx\/index.php\/tag\/claudia-sheinbaum\/"},"26":{"name":"Indira Vizca\u00edno","link":"https:\/\/masquenoticias.mx\/index.php\/tag\/indira-vizcaino\/"}},"comments_number":"0","wpmagazine_modules_lite_featured_media_urls":{"thumbnail":["https:\/\/i0.wp.com\/masquenoticias.mx\/wp-content\/uploads\/2026\/09\/WhatsApp-Image-2026-09-01-at-2.05.35-PM.jpeg?resize=150%2C150&ssl=1",150,150,true],"cvmm-medium":["https:\/\/i0.wp.com\/masquenoticias.mx\/wp-content\/uploads\/2026\/09\/WhatsApp-Image-2026-09-01-at-2.05.35-PM.jpeg?resize=300%2C300&ssl=1",300,300,true],"cvmm-medium-plus":["https:\/\/i0.wp.com\/masquenoticias.mx\/wp-content\/uploads\/2026\/09\/WhatsApp-Image-2026-09-01-at-2.05.35-PM.jpeg?resize=305%2C207&ssl=1",305,207,true],"cvmm-portrait":["https:\/\/i0.wp.com\/masquenoticias.mx\/wp-content\/uploads\/2026\/09\/WhatsApp-Image-2026-09-01-at-2.05.35-PM.jpeg?resize=400%2C600&ssl=1",400,600,true],"cvmm-medium-square":["https:\/\/i0.wp.com\/masquenoticias.mx\/wp-content\/uploads\/2026\/09\/WhatsApp-Image-2026-09-01-at-2.05.35-PM.jpeg?resize=600%2C600&ssl=1",600,600,true],"cvmm-large":["https:\/\/i0.wp.com\/masquenoticias.mx\/wp-content\/uploads\/2026\/09\/WhatsApp-Image-2026-09-01-at-2.05.35-PM.jpeg?resize=1024%2C1024&ssl=1",1024,1024,true],"cvmm-small":["https:\/\/i0.wp.com\/masquenoticias.mx\/wp-content\/uploads\/2026\/09\/WhatsApp-Image-2026-09-01-at-2.05.35-PM.jpeg?resize=130%2C95&ssl=1",130,95,true],"full":["https:\/\/i0.wp.com\/masquenoticias.mx\/wp-content\/uploads\/2026\/09\/WhatsApp-Image-2026-09-01-at-2.05.35-PM.jpeg?fit=1600%2C1066&ssl=1",1600,1066,false]},"jetpack-related-posts":[],"jetpack_sharing_enabled":true,"jetpack_likes_enabled":true,"jetpack_shortlink":"https:\/\/wp.me\/pf7pkt-6ub","_links":{"self":[{"href":"https:\/\/masquenoticias.mx\/index.php\/wp-json\/wp\/v2\/posts\/24935","targetHints":{"allow":["GET"]}}],"collection":[{"href":"https:\/\/masquenoticias.mx\/index.php\/wp-json\/wp\/v2\/posts"}],"about":[{"href":"https:\/\/masquenoticias.mx\/index.php\/wp-json\/wp\/v2\/types\/post"}],"author":[{"embeddable":true,"href":"https:\/\/masquenoticias.mx\/index.php\/wp-json\/wp\/v2\/users\/1"}],"replies":[{"embeddable":true,"href":"https:\/\/masquenoticias.mx\/index.php\/wp-json\/wp\/v2\/comments?post=24935"}],"version-history":[{"count":1,"href":"https:\/\/masquenoticias.mx\/index.php\/wp-json\/wp\/v2\/posts\/24935\/revisions"}],"predecessor-version":[{"id":24937,"href":"https:\/\/masquenoticias.mx\/index.php\/wp-json\/wp\/v2\/posts\/24935\/revisions\/24937"}],"wp:featuredmedia":[{"embeddable":true,"href":"https:\/\/masquenoticias.mx\/index.php\/wp-json\/wp\/v2\/media\/24936"}],"wp:attachment":[{"href":"https:\/\/masquenoticias.mx\/index.php\/wp-json\/wp\/v2\/media?parent=24935"}],"wp:term":[{"taxonomy":"category","embeddable":true,"href":"https:\/\/masquenoticias.mx\/index.php\/wp-json\/wp\/v2\/categories?post=24935"},{"taxonomy":"post_tag","embeddable":true,"href":"https:\/\/masquenoticias.mx\/index.php\/wp-json\/wp\/v2\/tags?post=24935"}],"curies":[{"name":"wp","href":"https:\/\/api.w.org\/{rel}","templated":true}]}}