{"id":24932,"date":"2026-09-02T13:39:19","date_gmt":"2026-09-02T19:39:19","guid":{"rendered":"https:\/\/masquenoticias.mx\/?p=24932"},"modified":"2026-09-02T13:39:19","modified_gmt":"2026-09-02T19:39:19","slug":"caricaturista-colimense-monero-ponce-presentara-su-primera-exposicion-este-viernes-en-el-museo-fernando-del-paso","status":"publish","type":"post","link":"https:\/\/masquenoticias.mx\/index.php\/2026\/09\/02\/caricaturista-colimense-monero-ponce-presentara-su-primera-exposicion-este-viernes-en-el-museo-fernando-del-paso\/","title":{"rendered":"Caricaturista colimense Monero Ponce presentar\u00e1 su primera exposici\u00f3n este viernes en el Museo \u2018Fernando del Paso\u2019"},"content":{"rendered":"<p>El Gobierno del Estado de Colima que encabeza la mandataria Indira Vizca\u00edno Silva invita a la inauguraci\u00f3n de Ratos libres: exploraci\u00f3n del c\u00f3mic en aguada, este viernes 4 de septiembre a las 19:00 horas en el Museo \u2018Fernando del Paso\u2019 en calle 27 de septiembre 119 de esta capital, con entrada gratuita. Ser\u00e1 la primera exposici\u00f3n del caricaturista colimense Alejandro Ponce de Le\u00f3n Pagaza -mejor conocido Monero Ponce-, quien realizar\u00e1 la presentaci\u00f3n de su nuevo c\u00f3mic, a trav\u00e9s de Subsecretar\u00eda de Cultura y Universidad de Colima.<\/p>\n<p>La exposici\u00f3n est\u00e1 integrada por una serie de vi\u00f1etas originales e in\u00e9ditas que convergen en un micro-universo de humor que tienen como hilo conductor situaciones cotidianas. Monero Ponce, quien fue beneficiado por el Programa de Est\u00edmulos a la Creaci\u00f3n y Desarrollo Art\u00edstico (PECDA) 2025, otorgado por la Secretar\u00eda de Cultura el Gobierno de M\u00e9xico y el Gobierno del Estado de Colima, se caracteriza por un humor que busca la complicidad a trav\u00e9s de sus trazos modulados negros y la limpieza de su obra. La entrada para apreciar esta exposici\u00f3n no tiene costo.<\/p>\n","protected":false},"excerpt":{"rendered":"<p>El Gobierno del Estado de Colima que encabeza la mandataria Indira Vizca\u00edno Silva invita a la inauguraci\u00f3n de Ratos libres: exploraci\u00f3n del c\u00f3mic en aguada, este viernes 4 de septiembre a las 19:00 horas en el Museo \u2018Fernando del Paso\u2019 en calle 27 de septiembre 119 de esta capital, con entrada gratuita. Ser\u00e1 la primera [&hellip;]<\/p>\n","protected":false},"author":1,"featured_media":24933,"comment_status":"open","ping_status":"open","sticky":false,"template":"","format":"standard","meta":{"_jetpack_memberships_contains_paid_content":false,"footnotes":""},"categories":[24],"tags":[118],"class_list":["post-24932","post","type-post","status-publish","format-standard","has-post-thumbnail","hentry","category-estado","tag-cultura"],"yoast_head":"<!-- This site is optimized with the Yoast SEO plugin v26.6 - https:\/\/yoast.com\/wordpress\/plugins\/seo\/ -->\n<title>Caricaturista colimense Monero Ponce presentar\u00e1 su primera exposici\u00f3n este viernes en el Museo \u2018Fernando del Paso\u2019 - M\u00e1s Que Noticias<\/title>\n<meta name=\"robots\" content=\"index, follow, max-snippet:-1, max-image-preview:large, max-video-preview:-1\" \/>\n<link rel=\"canonical\" href=\"https:\/\/masquenoticias.mx\/index.php\/2026\/09\/02\/caricaturista-colimense-monero-ponce-presentara-su-primera-exposicion-este-viernes-en-el-museo-fernando-del-paso\/\" \/>\n<meta property=\"og:locale\" content=\"es_MX\" \/>\n<meta property=\"og:type\" content=\"article\" \/>\n<meta property=\"og:title\" content=\"Caricaturista colimense Monero Ponce presentar\u00e1 su primera exposici\u00f3n este viernes en el Museo \u2018Fernando del Paso\u2019 - M\u00e1s Que Noticias\" \/>\n<meta property=\"og:description\" content=\"El Gobierno del Estado de Colima que encabeza la mandataria Indira Vizca\u00edno Silva invita a la inauguraci\u00f3n de Ratos libres: exploraci\u00f3n del c\u00f3mic en aguada, este viernes 4 de septiembre a las 19:00 horas en el Museo \u2018Fernando del Paso\u2019 en calle 27 de septiembre 119 de esta capital, con entrada gratuita. Ser\u00e1 la primera [&hellip;]\" \/>\n<meta property=\"og:url\" content=\"https:\/\/masquenoticias.mx\/index.php\/2026\/09\/02\/caricaturista-colimense-monero-ponce-presentara-su-primera-exposicion-este-viernes-en-el-museo-fernando-del-paso\/\" \/>\n<meta property=\"og:site_name\" content=\"M\u00e1s Que Noticias\" \/>\n<meta property=\"article:publisher\" content=\"https:\/\/www.facebook.com\/masquenoticiascolima\" \/>\n<meta property=\"article:published_time\" content=\"2026-09-02T19:39:19+00:00\" \/>\n<meta property=\"og:image\" content=\"https:\/\/masquenoticias.mx\/wp-content\/uploads\/2026\/09\/WhatsApp-Image-2026-09-01-at-4.20.25-PM-2.jpeg\" \/>\n\t<meta property=\"og:image:width\" content=\"1440\" \/>\n\t<meta property=\"og:image:height\" content=\"960\" \/>\n\t<meta property=\"og:image:type\" content=\"image\/jpeg\" \/>\n<meta name=\"author\" content=\"Redacci\u00f3n\" \/>\n<meta name=\"twitter:card\" content=\"summary_large_image\" \/>\n<meta name=\"twitter:creator\" content=\"@edgartove\" \/>\n<meta name=\"twitter:site\" content=\"@edgartove\" \/>\n<meta name=\"twitter:label1\" content=\"Escrito por\" \/>\n\t<meta name=\"twitter:data1\" content=\"Redacci\u00f3n\" \/>\n\t<meta name=\"twitter:label2\" content=\"Tiempo de lectura\" \/>\n\t<meta name=\"twitter:data2\" content=\"2 minutos\" \/>\n<script type=\"application\/ld+json\" class=\"yoast-schema-graph\">{\"@context\":\"https:\/\/schema.org\",\"@graph\":[{\"@type\":\"Article\",\"@id\":\"https:\/\/masquenoticias.mx\/index.php\/2026\/09\/02\/caricaturista-colimense-monero-ponce-presentara-su-primera-exposicion-este-viernes-en-el-museo-fernando-del-paso\/#article\",\"isPartOf\":{\"@id\":\"https:\/\/masquenoticias.mx\/index.php\/2026\/09\/02\/caricaturista-colimense-monero-ponce-presentara-su-primera-exposicion-este-viernes-en-el-museo-fernando-del-paso\/\"},\"author\":{\"name\":\"Redacci\u00f3n\",\"@id\":\"https:\/\/masquenoticias.mx\/#\/schema\/person\/544d19989ef23d34615f691f7a96e622\"},\"headline\":\"Caricaturista colimense Monero Ponce presentar\u00e1 su primera exposici\u00f3n este viernes en el Museo \u2018Fernando del Paso\u2019\",\"datePublished\":\"2026-09-02T19:39:19+00:00\",\"mainEntityOfPage\":{\"@id\":\"https:\/\/masquenoticias.mx\/index.php\/2026\/09\/02\/caricaturista-colimense-monero-ponce-presentara-su-primera-exposicion-este-viernes-en-el-museo-fernando-del-paso\/\"},\"wordCount\":210,\"commentCount\":0,\"publisher\":{\"@id\":\"https:\/\/masquenoticias.mx\/#organization\"},\"image\":{\"@id\":\"https:\/\/masquenoticias.mx\/index.php\/2026\/09\/02\/caricaturista-colimense-monero-ponce-presentara-su-primera-exposicion-este-viernes-en-el-museo-fernando-del-paso\/#primaryimage\"},\"thumbnailUrl\":\"https:\/\/i0.wp.com\/masquenoticias.mx\/wp-content\/uploads\/2026\/09\/WhatsApp-Image-2026-09-01-at-4.20.25-PM-2.jpeg?fit=1440%2C960&ssl=1\",\"keywords\":[\"Cultura\"],\"articleSection\":[\"Estado\"],\"inLanguage\":\"es\",\"potentialAction\":[{\"@type\":\"CommentAction\",\"name\":\"Comment\",\"target\":[\"https:\/\/masquenoticias.mx\/index.php\/2026\/09\/02\/caricaturista-colimense-monero-ponce-presentara-su-primera-exposicion-este-viernes-en-el-museo-fernando-del-paso\/#respond\"]}]},{\"@type\":\"WebPage\",\"@id\":\"https:\/\/masquenoticias.mx\/index.php\/2026\/09\/02\/caricaturista-colimense-monero-ponce-presentara-su-primera-exposicion-este-viernes-en-el-museo-fernando-del-paso\/\",\"url\":\"https:\/\/masquenoticias.mx\/index.php\/2026\/09\/02\/caricaturista-colimense-monero-ponce-presentara-su-primera-exposicion-este-viernes-en-el-museo-fernando-del-paso\/\",\"name\":\"Caricaturista colimense Monero Ponce presentar\u00e1 su primera exposici\u00f3n este viernes en el Museo \u2018Fernando del Paso\u2019 - M\u00e1s Que Noticias\",\"isPartOf\":{\"@id\":\"https:\/\/masquenoticias.mx\/#website\"},\"primaryImageOfPage\":{\"@id\":\"https:\/\/masquenoticias.mx\/index.php\/2026\/09\/02\/caricaturista-colimense-monero-ponce-presentara-su-primera-exposicion-este-viernes-en-el-museo-fernando-del-paso\/#primaryimage\"},\"image\":{\"@id\":\"https:\/\/masquenoticias.mx\/index.php\/2026\/09\/02\/caricaturista-colimense-monero-ponce-presentara-su-primera-exposicion-este-viernes-en-el-museo-fernando-del-paso\/#primaryimage\"},\"thumbnailUrl\":\"https:\/\/i0.wp.com\/masquenoticias.mx\/wp-content\/uploads\/2026\/09\/WhatsApp-Image-2026-09-01-at-4.20.25-PM-2.jpeg?fit=1440%2C960&ssl=1\",\"datePublished\":\"2026-09-02T19:39:19+00:00\",\"breadcrumb\":{\"@id\":\"https:\/\/masquenoticias.mx\/index.php\/2026\/09\/02\/caricaturista-colimense-monero-ponce-presentara-su-primera-exposicion-este-viernes-en-el-museo-fernando-del-paso\/#breadcrumb\"},\"inLanguage\":\"es\",\"potentialAction\":[{\"@type\":\"ReadAction\",\"target\":[\"https:\/\/masquenoticias.mx\/index.php\/2026\/09\/02\/caricaturista-colimense-monero-ponce-presentara-su-primera-exposicion-este-viernes-en-el-museo-fernando-del-paso\/\"]}]},{\"@type\":\"ImageObject\",\"inLanguage\":\"es\",\"@id\":\"https:\/\/masquenoticias.mx\/index.php\/2026\/09\/02\/caricaturista-colimense-monero-ponce-presentara-su-primera-exposicion-este-viernes-en-el-museo-fernando-del-paso\/#primaryimage\",\"url\":\"https:\/\/i0.wp.com\/masquenoticias.mx\/wp-content\/uploads\/2026\/09\/WhatsApp-Image-2026-09-01-at-4.20.25-PM-2.jpeg?fit=1440%2C960&ssl=1\",\"contentUrl\":\"https:\/\/i0.wp.com\/masquenoticias.mx\/wp-content\/uploads\/2026\/09\/WhatsApp-Image-2026-09-01-at-4.20.25-PM-2.jpeg?fit=1440%2C960&ssl=1\",\"width\":1440,\"height\":960},{\"@type\":\"BreadcrumbList\",\"@id\":\"https:\/\/masquenoticias.mx\/index.php\/2026\/09\/02\/caricaturista-colimense-monero-ponce-presentara-su-primera-exposicion-este-viernes-en-el-museo-fernando-del-paso\/#breadcrumb\",\"itemListElement\":[{\"@type\":\"ListItem\",\"position\":1,\"name\":\"Inicio\",\"item\":\"https:\/\/masquenoticias.mx\/\"},{\"@type\":\"ListItem\",\"position\":2,\"name\":\"Caricaturista colimense Monero Ponce presentar\u00e1 su primera exposici\u00f3n este viernes en el Museo \u2018Fernando del Paso\u2019\"}]},{\"@type\":\"WebSite\",\"@id\":\"https:\/\/masquenoticias.mx\/#website\",\"url\":\"https:\/\/masquenoticias.mx\/\",\"name\":\"M\u00e1s Que Noticias\",\"description\":\"Noticias de Colima, M\u00e9xico y el Mundo\",\"publisher\":{\"@id\":\"https:\/\/masquenoticias.mx\/#organization\"},\"potentialAction\":[{\"@type\":\"SearchAction\",\"target\":{\"@type\":\"EntryPoint\",\"urlTemplate\":\"https:\/\/masquenoticias.mx\/?s={search_term_string}\"},\"query-input\":{\"@type\":\"PropertyValueSpecification\",\"valueRequired\":true,\"valueName\":\"search_term_string\"}}],\"inLanguage\":\"es\"},{\"@type\":\"Organization\",\"@id\":\"https:\/\/masquenoticias.mx\/#organization\",\"name\":\"M\u00e1s Que Noticias\",\"url\":\"https:\/\/masquenoticias.mx\/\",\"logo\":{\"@type\":\"ImageObject\",\"inLanguage\":\"es\",\"@id\":\"https:\/\/masquenoticias.mx\/#\/schema\/logo\/image\/\",\"url\":\"https:\/\/i0.wp.com\/masquenoticias.mx\/wp-content\/uploads\/2024\/04\/IMG_0004.png?fit=2560%2C1656&ssl=1\",\"contentUrl\":\"https:\/\/i0.wp.com\/masquenoticias.mx\/wp-content\/uploads\/2024\/04\/IMG_0004.png?fit=2560%2C1656&ssl=1\",\"width\":2560,\"height\":1656,\"caption\":\"M\u00e1s Que Noticias\"},\"image\":{\"@id\":\"https:\/\/masquenoticias.mx\/#\/schema\/logo\/image\/\"},\"sameAs\":[\"https:\/\/www.facebook.com\/masquenoticiascolima\",\"https:\/\/x.com\/edgartove\",\"https:\/\/www.instagram.com\/masquenoticiascolima\/\"]},{\"@type\":\"Person\",\"@id\":\"https:\/\/masquenoticias.mx\/#\/schema\/person\/544d19989ef23d34615f691f7a96e622\",\"name\":\"Redacci\u00f3n\",\"image\":{\"@type\":\"ImageObject\",\"inLanguage\":\"es\",\"@id\":\"https:\/\/masquenoticias.mx\/#\/schema\/person\/image\/\",\"url\":\"https:\/\/secure.gravatar.com\/avatar\/7fcc926d5b058d3f3d52d95b4d05dd58?s=96&d=mm&r=g\",\"contentUrl\":\"https:\/\/secure.gravatar.com\/avatar\/7fcc926d5b058d3f3d52d95b4d05dd58?s=96&d=mm&r=g\",\"caption\":\"Redacci\u00f3n\"},\"sameAs\":[\"http:\/\/masquenoticias.mx\"],\"url\":\"https:\/\/masquenoticias.mx\/index.php\/author\/edgartovegmail-com\/\"}]}<\/script>\n<!-- \/ Yoast SEO plugin. -->","yoast_head_json":{"title":"Caricaturista colimense Monero Ponce presentar\u00e1 su primera exposici\u00f3n este viernes en el Museo \u2018Fernando del Paso\u2019 - M\u00e1s Que Noticias","robots":{"index":"index","follow":"follow","max-snippet":"max-snippet:-1","max-image-preview":"max-image-preview:large","max-video-preview":"max-video-preview:-1"},"canonical":"https:\/\/masquenoticias.mx\/index.php\/2026\/09\/02\/caricaturista-colimense-monero-ponce-presentara-su-primera-exposicion-este-viernes-en-el-museo-fernando-del-paso\/","og_locale":"es_MX","og_type":"article","og_title":"Caricaturista colimense Monero Ponce presentar\u00e1 su primera exposici\u00f3n este viernes en el Museo \u2018Fernando del Paso\u2019 - M\u00e1s Que Noticias","og_description":"El Gobierno del Estado de Colima que encabeza la mandataria Indira Vizca\u00edno Silva invita a la inauguraci\u00f3n de Ratos libres: exploraci\u00f3n del c\u00f3mic en aguada, este viernes 4 de septiembre a las 19:00 horas en el Museo \u2018Fernando del Paso\u2019 en calle 27 de septiembre 119 de esta capital, con entrada gratuita. Ser\u00e1 la primera [&hellip;]","og_url":"https:\/\/masquenoticias.mx\/index.php\/2026\/09\/02\/caricaturista-colimense-monero-ponce-presentara-su-primera-exposicion-este-viernes-en-el-museo-fernando-del-paso\/","og_site_name":"M\u00e1s Que Noticias","article_publisher":"https:\/\/www.facebook.com\/masquenoticiascolima","article_published_time":"2026-09-02T19:39:19+00:00","og_image":[{"width":1440,"height":960,"url":"https:\/\/masquenoticias.mx\/wp-content\/uploads\/2026\/09\/WhatsApp-Image-2026-09-01-at-4.20.25-PM-2.jpeg","type":"image\/jpeg"}],"author":"Redacci\u00f3n","twitter_card":"summary_large_image","twitter_creator":"@edgartove","twitter_site":"@edgartove","twitter_misc":{"Escrito por":"Redacci\u00f3n","Tiempo de lectura":"2 minutos"},"schema":{"@context":"https:\/\/schema.org","@graph":[{"@type":"Article","@id":"https:\/\/masquenoticias.mx\/index.php\/2026\/09\/02\/caricaturista-colimense-monero-ponce-presentara-su-primera-exposicion-este-viernes-en-el-museo-fernando-del-paso\/#article","isPartOf":{"@id":"https:\/\/masquenoticias.mx\/index.php\/2026\/09\/02\/caricaturista-colimense-monero-ponce-presentara-su-primera-exposicion-este-viernes-en-el-museo-fernando-del-paso\/"},"author":{"name":"Redacci\u00f3n","@id":"https:\/\/masquenoticias.mx\/#\/schema\/person\/544d19989ef23d34615f691f7a96e622"},"headline":"Caricaturista colimense Monero Ponce presentar\u00e1 su primera exposici\u00f3n este viernes en el Museo \u2018Fernando del Paso\u2019","datePublished":"2026-09-02T19:39:19+00:00","mainEntityOfPage":{"@id":"https:\/\/masquenoticias.mx\/index.php\/2026\/09\/02\/caricaturista-colimense-monero-ponce-presentara-su-primera-exposicion-este-viernes-en-el-museo-fernando-del-paso\/"},"wordCount":210,"commentCount":0,"publisher":{"@id":"https:\/\/masquenoticias.mx\/#organization"},"image":{"@id":"https:\/\/masquenoticias.mx\/index.php\/2026\/09\/02\/caricaturista-colimense-monero-ponce-presentara-su-primera-exposicion-este-viernes-en-el-museo-fernando-del-paso\/#primaryimage"},"thumbnailUrl":"https:\/\/i0.wp.com\/masquenoticias.mx\/wp-content\/uploads\/2026\/09\/WhatsApp-Image-2026-09-01-at-4.20.25-PM-2.jpeg?fit=1440%2C960&ssl=1","keywords":["Cultura"],"articleSection":["Estado"],"inLanguage":"es","potentialAction":[{"@type":"CommentAction","name":"Comment","target":["https:\/\/masquenoticias.mx\/index.php\/2026\/09\/02\/caricaturista-colimense-monero-ponce-presentara-su-primera-exposicion-este-viernes-en-el-museo-fernando-del-paso\/#respond"]}]},{"@type":"WebPage","@id":"https:\/\/masquenoticias.mx\/index.php\/2026\/09\/02\/caricaturista-colimense-monero-ponce-presentara-su-primera-exposicion-este-viernes-en-el-museo-fernando-del-paso\/","url":"https:\/\/masquenoticias.mx\/index.php\/2026\/09\/02\/caricaturista-colimense-monero-ponce-presentara-su-primera-exposicion-este-viernes-en-el-museo-fernando-del-paso\/","name":"Caricaturista colimense Monero Ponce presentar\u00e1 su primera exposici\u00f3n este viernes en el Museo \u2018Fernando del Paso\u2019 - M\u00e1s Que Noticias","isPartOf":{"@id":"https:\/\/masquenoticias.mx\/#website"},"primaryImageOfPage":{"@id":"https:\/\/masquenoticias.mx\/index.php\/2026\/09\/02\/caricaturista-colimense-monero-ponce-presentara-su-primera-exposicion-este-viernes-en-el-museo-fernando-del-paso\/#primaryimage"},"image":{"@id":"https:\/\/masquenoticias.mx\/index.php\/2026\/09\/02\/caricaturista-colimense-monero-ponce-presentara-su-primera-exposicion-este-viernes-en-el-museo-fernando-del-paso\/#primaryimage"},"thumbnailUrl":"https:\/\/i0.wp.com\/masquenoticias.mx\/wp-content\/uploads\/2026\/09\/WhatsApp-Image-2026-09-01-at-4.20.25-PM-2.jpeg?fit=1440%2C960&ssl=1","datePublished":"2026-09-02T19:39:19+00:00","breadcrumb":{"@id":"https:\/\/masquenoticias.mx\/index.php\/2026\/09\/02\/caricaturista-colimense-monero-ponce-presentara-su-primera-exposicion-este-viernes-en-el-museo-fernando-del-paso\/#breadcrumb"},"inLanguage":"es","potentialAction":[{"@type":"ReadAction","target":["https:\/\/masquenoticias.mx\/index.php\/2026\/09\/02\/caricaturista-colimense-monero-ponce-presentara-su-primera-exposicion-este-viernes-en-el-museo-fernando-del-paso\/"]}]},{"@type":"ImageObject","inLanguage":"es","@id":"https:\/\/masquenoticias.mx\/index.php\/2026\/09\/02\/caricaturista-colimense-monero-ponce-presentara-su-primera-exposicion-este-viernes-en-el-museo-fernando-del-paso\/#primaryimage","url":"https:\/\/i0.wp.com\/masquenoticias.mx\/wp-content\/uploads\/2026\/09\/WhatsApp-Image-2026-09-01-at-4.20.25-PM-2.jpeg?fit=1440%2C960&ssl=1","contentUrl":"https:\/\/i0.wp.com\/masquenoticias.mx\/wp-content\/uploads\/2026\/09\/WhatsApp-Image-2026-09-01-at-4.20.25-PM-2.jpeg?fit=1440%2C960&ssl=1","width":1440,"height":960},{"@type":"BreadcrumbList","@id":"https:\/\/masquenoticias.mx\/index.php\/2026\/09\/02\/caricaturista-colimense-monero-ponce-presentara-su-primera-exposicion-este-viernes-en-el-museo-fernando-del-paso\/#breadcrumb","itemListElement":[{"@type":"ListItem","position":1,"name":"Inicio","item":"https:\/\/masquenoticias.mx\/"},{"@type":"ListItem","position":2,"name":"Caricaturista colimense Monero Ponce presentar\u00e1 su primera exposici\u00f3n este viernes en el Museo \u2018Fernando del Paso\u2019"}]},{"@type":"WebSite","@id":"https:\/\/masquenoticias.mx\/#website","url":"https:\/\/masquenoticias.mx\/","name":"M\u00e1s Que Noticias","description":"Noticias de Colima, M\u00e9xico y el Mundo","publisher":{"@id":"https:\/\/masquenoticias.mx\/#organization"},"potentialAction":[{"@type":"SearchAction","target":{"@type":"EntryPoint","urlTemplate":"https:\/\/masquenoticias.mx\/?s={search_term_string}"},"query-input":{"@type":"PropertyValueSpecification","valueRequired":true,"valueName":"search_term_string"}}],"inLanguage":"es"},{"@type":"Organization","@id":"https:\/\/masquenoticias.mx\/#organization","name":"M\u00e1s Que Noticias","url":"https:\/\/masquenoticias.mx\/","logo":{"@type":"ImageObject","inLanguage":"es","@id":"https:\/\/masquenoticias.mx\/#\/schema\/logo\/image\/","url":"https:\/\/i0.wp.com\/masquenoticias.mx\/wp-content\/uploads\/2024\/04\/IMG_0004.png?fit=2560%2C1656&ssl=1","contentUrl":"https:\/\/i0.wp.com\/masquenoticias.mx\/wp-content\/uploads\/2024\/04\/IMG_0004.png?fit=2560%2C1656&ssl=1","width":2560,"height":1656,"caption":"M\u00e1s Que Noticias"},"image":{"@id":"https:\/\/masquenoticias.mx\/#\/schema\/logo\/image\/"},"sameAs":["https:\/\/www.facebook.com\/masquenoticiascolima","https:\/\/x.com\/edgartove","https:\/\/www.instagram.com\/masquenoticiascolima\/"]},{"@type":"Person","@id":"https:\/\/masquenoticias.mx\/#\/schema\/person\/544d19989ef23d34615f691f7a96e622","name":"Redacci\u00f3n","image":{"@type":"ImageObject","inLanguage":"es","@id":"https:\/\/masquenoticias.mx\/#\/schema\/person\/image\/","url":"https:\/\/secure.gravatar.com\/avatar\/7fcc926d5b058d3f3d52d95b4d05dd58?s=96&d=mm&r=g","contentUrl":"https:\/\/secure.gravatar.com\/avatar\/7fcc926d5b058d3f3d52d95b4d05dd58?s=96&d=mm&r=g","caption":"Redacci\u00f3n"},"sameAs":["http:\/\/masquenoticias.mx"],"url":"https:\/\/masquenoticias.mx\/index.php\/author\/edgartovegmail-com\/"}]}},"jetpack_featured_media_url":"https:\/\/i0.wp.com\/masquenoticias.mx\/wp-content\/uploads\/2026\/09\/WhatsApp-Image-2026-09-01-at-4.20.25-PM-2.jpeg?fit=1440%2C960&ssl=1","blog_post_layout_featured_media_urls":{"thumbnail":["https:\/\/i0.wp.com\/masquenoticias.mx\/wp-content\/uploads\/2026\/09\/WhatsApp-Image-2026-09-01-at-4.20.25-PM-2.jpeg?resize=150%2C150&ssl=1",150,150,true],"full":["https:\/\/i0.wp.com\/masquenoticias.mx\/wp-content\/uploads\/2026\/09\/WhatsApp-Image-2026-09-01-at-4.20.25-PM-2.jpeg?fit=1440%2C960&ssl=1",1440,960,false]},"categories_names":{"24":{"name":"Estado","link":"https:\/\/masquenoticias.mx\/index.php\/category\/estado\/"}},"tags_names":{"118":{"name":"Cultura","link":"https:\/\/masquenoticias.mx\/index.php\/tag\/cultura\/"}},"comments_number":"0","wpmagazine_modules_lite_featured_media_urls":{"thumbnail":["https:\/\/i0.wp.com\/masquenoticias.mx\/wp-content\/uploads\/2026\/09\/WhatsApp-Image-2026-09-01-at-4.20.25-PM-2.jpeg?resize=150%2C150&ssl=1",150,150,true],"cvmm-medium":["https:\/\/i0.wp.com\/masquenoticias.mx\/wp-content\/uploads\/2026\/09\/WhatsApp-Image-2026-09-01-at-4.20.25-PM-2.jpeg?resize=300%2C300&ssl=1",300,300,true],"cvmm-medium-plus":["https:\/\/i0.wp.com\/masquenoticias.mx\/wp-content\/uploads\/2026\/09\/WhatsApp-Image-2026-09-01-at-4.20.25-PM-2.jpeg?resize=305%2C207&ssl=1",305,207,true],"cvmm-portrait":["https:\/\/i0.wp.com\/masquenoticias.mx\/wp-content\/uploads\/2026\/09\/WhatsApp-Image-2026-09-01-at-4.20.25-PM-2.jpeg?resize=400%2C600&ssl=1",400,600,true],"cvmm-medium-square":["https:\/\/i0.wp.com\/masquenoticias.mx\/wp-content\/uploads\/2026\/09\/WhatsApp-Image-2026-09-01-at-4.20.25-PM-2.jpeg?resize=600%2C600&ssl=1",600,600,true],"cvmm-large":["https:\/\/i0.wp.com\/masquenoticias.mx\/wp-content\/uploads\/2026\/09\/WhatsApp-Image-2026-09-01-at-4.20.25-PM-2.jpeg?resize=1024%2C960&ssl=1",1024,960,true],"cvmm-small":["https:\/\/i0.wp.com\/masquenoticias.mx\/wp-content\/uploads\/2026\/09\/WhatsApp-Image-2026-09-01-at-4.20.25-PM-2.jpeg?resize=130%2C95&ssl=1",130,95,true],"full":["https:\/\/i0.wp.com\/masquenoticias.mx\/wp-content\/uploads\/2026\/09\/WhatsApp-Image-2026-09-01-at-4.20.25-PM-2.jpeg?fit=1440%2C960&ssl=1",1440,960,false]},"jetpack-related-posts":[],"jetpack_sharing_enabled":true,"jetpack_likes_enabled":true,"jetpack_shortlink":"https:\/\/wp.me\/pf7pkt-6u8","_links":{"self":[{"href":"https:\/\/masquenoticias.mx\/index.php\/wp-json\/wp\/v2\/posts\/24932","targetHints":{"allow":["GET"]}}],"collection":[{"href":"https:\/\/masquenoticias.mx\/index.php\/wp-json\/wp\/v2\/posts"}],"about":[{"href":"https:\/\/masquenoticias.mx\/index.php\/wp-json\/wp\/v2\/types\/post"}],"author":[{"embeddable":true,"href":"https:\/\/masquenoticias.mx\/index.php\/wp-json\/wp\/v2\/users\/1"}],"replies":[{"embeddable":true,"href":"https:\/\/masquenoticias.mx\/index.php\/wp-json\/wp\/v2\/comments?post=24932"}],"version-history":[{"count":1,"href":"https:\/\/masquenoticias.mx\/index.php\/wp-json\/wp\/v2\/posts\/24932\/revisions"}],"predecessor-version":[{"id":24934,"href":"https:\/\/masquenoticias.mx\/index.php\/wp-json\/wp\/v2\/posts\/24932\/revisions\/24934"}],"wp:featuredmedia":[{"embeddable":true,"href":"https:\/\/masquenoticias.mx\/index.php\/wp-json\/wp\/v2\/media\/24933"}],"wp:attachment":[{"href":"https:\/\/masquenoticias.mx\/index.php\/wp-json\/wp\/v2\/media?parent=24932"}],"wp:term":[{"taxonomy":"category","embeddable":true,"href":"https:\/\/masquenoticias.mx\/index.php\/wp-json\/wp\/v2\/categories?post=24932"},{"taxonomy":"post_tag","embeddable":true,"href":"https:\/\/masquenoticias.mx\/index.php\/wp-json\/wp\/v2\/tags?post=24932"}],"curies":[{"name":"wp","href":"https:\/\/api.w.org\/{rel}","templated":true}]}}