{"id":24929,"date":"2026-09-02T13:36:20","date_gmt":"2026-09-02T19:36:20","guid":{"rendered":"https:\/\/masquenoticias.mx\/?p=24929"},"modified":"2026-09-02T13:36:20","modified_gmt":"2026-09-02T19:36:20","slug":"presidenta-sheinbaum-reafirma-su-respaldo-al-desarrollo-del-estado-de-colima-en-su-2-informe","status":"publish","type":"post","link":"https:\/\/masquenoticias.mx\/index.php\/2026\/09\/02\/presidenta-sheinbaum-reafirma-su-respaldo-al-desarrollo-del-estado-de-colima-en-su-2-informe\/","title":{"rendered":"Presidenta Sheinbaum reafirma su respaldo al desarrollo del estado de Colima en su 2\u00b0 Informe"},"content":{"rendered":"<p>Durante su segundo informe anual de gobierno, la presidenta de M\u00e9xico, Claudia Sheinbaum Pardo, refrend\u00f3 su respaldo al desarrollo y bienestar del estado de Colima y de sus habitantes, al destacar los diversos programas y las #ObrasQueTransforman esta entidad, ceremonia a la que asisti\u00f3 como invitada de honor la gobernadora Indira Vizca\u00edno Silva este 1 de septiembre en el Patio de Honor de Palacio Nacional.<\/p>\n<p>En presencia de gobernadoras y gobernadores de la Rep\u00fablica Mexicana, representantes de los Poderes Legislativo y Judicial, as\u00ed como diversas personalidades, la Jefa del Ejecutivo federal destac\u00f3 los proyectos que forman parte de la estrategia nacional para fortalecer la infraestructura y mejorar las condiciones de vida de la poblaci\u00f3n.<\/p>\n<p>En materia de infraestructura carretera, Sheinbaum Pardo inform\u00f3 la construcci\u00f3n de 70 puentes y distribuidores viales en el pa\u00eds, de los cuales siete corresponden al estado de Colima, mientras que actualmente se encuentran en proceso de construcci\u00f3n otros 35 proyectos de este tipo a nivel nacional.<\/p>\n<p>Claudia Sheinbaum resalt\u00f3 la construcci\u00f3n del nuevo acueducto \u2018Agua para Colima\u2019 destinado a llevar el vital l\u00edquido a las y los habitantes de la zona conurbada de Colima y Villa de \u00c1lvarez, obra considerada como parte de las acciones encaminadas a garantizar el abasto de agua potable para la poblaci\u00f3n en las siguientes d\u00e9cadas.<\/p>\n<p>De igual manera, la presidenta de M\u00e9xico destac\u00f3 el programa de modernizaci\u00f3n portuaria en el pa\u00eds, entre los que destaca el Puerto de Manzanillo, considerado como el m\u00e1s importante de la Rep\u00fablica Mexicana, por ser punto estrat\u00e9gico para el comercio exterior y la actividad econ\u00f3mica nacional.<\/p>\n","protected":false},"excerpt":{"rendered":"<p>Durante su segundo informe anual de gobierno, la presidenta de M\u00e9xico, Claudia Sheinbaum Pardo, refrend\u00f3 su respaldo al desarrollo y bienestar del estado de Colima y de sus habitantes, al destacar los diversos programas y las #ObrasQueTransforman esta entidad, ceremonia a la que asisti\u00f3 como invitada de honor la gobernadora Indira Vizca\u00edno Silva este 1 [&hellip;]<\/p>\n","protected":false},"author":1,"featured_media":24930,"comment_status":"open","ping_status":"open","sticky":false,"template":"","format":"standard","meta":{"_jetpack_memberships_contains_paid_content":false,"footnotes":""},"categories":[24],"tags":[26,599],"class_list":["post-24929","post","type-post","status-publish","format-standard","has-post-thumbnail","hentry","category-estado","tag-indira-vizcaino","tag-sheinbaum"],"yoast_head":"<!-- This site is optimized with the Yoast SEO plugin v26.6 - https:\/\/yoast.com\/wordpress\/plugins\/seo\/ -->\n<title>Presidenta Sheinbaum reafirma su respaldo al desarrollo del estado de Colima en su 2\u00b0 Informe - M\u00e1s Que Noticias<\/title>\n<meta name=\"robots\" content=\"index, follow, max-snippet:-1, max-image-preview:large, max-video-preview:-1\" \/>\n<link rel=\"canonical\" href=\"https:\/\/masquenoticias.mx\/index.php\/2026\/09\/02\/presidenta-sheinbaum-reafirma-su-respaldo-al-desarrollo-del-estado-de-colima-en-su-2-informe\/\" \/>\n<meta property=\"og:locale\" content=\"es_MX\" \/>\n<meta property=\"og:type\" content=\"article\" \/>\n<meta property=\"og:title\" content=\"Presidenta Sheinbaum reafirma su respaldo al desarrollo del estado de Colima en su 2\u00b0 Informe - M\u00e1s Que Noticias\" \/>\n<meta property=\"og:description\" content=\"Durante su segundo informe anual de gobierno, la presidenta de M\u00e9xico, Claudia Sheinbaum Pardo, refrend\u00f3 su respaldo al desarrollo y bienestar del estado de Colima y de sus habitantes, al destacar los diversos programas y las #ObrasQueTransforman esta entidad, ceremonia a la que asisti\u00f3 como invitada de honor la gobernadora Indira Vizca\u00edno Silva este 1 [&hellip;]\" \/>\n<meta property=\"og:url\" content=\"https:\/\/masquenoticias.mx\/index.php\/2026\/09\/02\/presidenta-sheinbaum-reafirma-su-respaldo-al-desarrollo-del-estado-de-colima-en-su-2-informe\/\" \/>\n<meta property=\"og:site_name\" content=\"M\u00e1s Que Noticias\" \/>\n<meta property=\"article:publisher\" content=\"https:\/\/www.facebook.com\/masquenoticiascolima\" \/>\n<meta property=\"article:published_time\" content=\"2026-09-02T19:36:20+00:00\" \/>\n<meta property=\"og:image\" content=\"https:\/\/masquenoticias.mx\/wp-content\/uploads\/2026\/09\/WhatsApp-Image-2026-09-01-at-2.05.34-PM.jpeg\" \/>\n\t<meta property=\"og:image:width\" content=\"1600\" \/>\n\t<meta property=\"og:image:height\" content=\"1092\" \/>\n\t<meta property=\"og:image:type\" content=\"image\/jpeg\" \/>\n<meta name=\"author\" content=\"Redacci\u00f3n\" \/>\n<meta name=\"twitter:card\" content=\"summary_large_image\" \/>\n<meta name=\"twitter:creator\" content=\"@edgartove\" \/>\n<meta name=\"twitter:site\" content=\"@edgartove\" \/>\n<meta name=\"twitter:label1\" content=\"Escrito por\" \/>\n\t<meta name=\"twitter:data1\" content=\"Redacci\u00f3n\" \/>\n\t<meta name=\"twitter:label2\" content=\"Tiempo de lectura\" \/>\n\t<meta name=\"twitter:data2\" content=\"2 minutos\" \/>\n<script type=\"application\/ld+json\" class=\"yoast-schema-graph\">{\"@context\":\"https:\/\/schema.org\",\"@graph\":[{\"@type\":\"Article\",\"@id\":\"https:\/\/masquenoticias.mx\/index.php\/2026\/09\/02\/presidenta-sheinbaum-reafirma-su-respaldo-al-desarrollo-del-estado-de-colima-en-su-2-informe\/#article\",\"isPartOf\":{\"@id\":\"https:\/\/masquenoticias.mx\/index.php\/2026\/09\/02\/presidenta-sheinbaum-reafirma-su-respaldo-al-desarrollo-del-estado-de-colima-en-su-2-informe\/\"},\"author\":{\"name\":\"Redacci\u00f3n\",\"@id\":\"https:\/\/masquenoticias.mx\/#\/schema\/person\/544d19989ef23d34615f691f7a96e622\"},\"headline\":\"Presidenta Sheinbaum reafirma su respaldo al desarrollo del estado de Colima en su 2\u00b0 Informe\",\"datePublished\":\"2026-09-02T19:36:20+00:00\",\"mainEntityOfPage\":{\"@id\":\"https:\/\/masquenoticias.mx\/index.php\/2026\/09\/02\/presidenta-sheinbaum-reafirma-su-respaldo-al-desarrollo-del-estado-de-colima-en-su-2-informe\/\"},\"wordCount\":289,\"commentCount\":0,\"publisher\":{\"@id\":\"https:\/\/masquenoticias.mx\/#organization\"},\"image\":{\"@id\":\"https:\/\/masquenoticias.mx\/index.php\/2026\/09\/02\/presidenta-sheinbaum-reafirma-su-respaldo-al-desarrollo-del-estado-de-colima-en-su-2-informe\/#primaryimage\"},\"thumbnailUrl\":\"https:\/\/i0.wp.com\/masquenoticias.mx\/wp-content\/uploads\/2026\/09\/WhatsApp-Image-2026-09-01-at-2.05.34-PM.jpeg?fit=1600%2C1092&ssl=1\",\"keywords\":[\"Indira Vizca\u00edno\",\"Sheinbaum\"],\"articleSection\":[\"Estado\"],\"inLanguage\":\"es\",\"potentialAction\":[{\"@type\":\"CommentAction\",\"name\":\"Comment\",\"target\":[\"https:\/\/masquenoticias.mx\/index.php\/2026\/09\/02\/presidenta-sheinbaum-reafirma-su-respaldo-al-desarrollo-del-estado-de-colima-en-su-2-informe\/#respond\"]}]},{\"@type\":\"WebPage\",\"@id\":\"https:\/\/masquenoticias.mx\/index.php\/2026\/09\/02\/presidenta-sheinbaum-reafirma-su-respaldo-al-desarrollo-del-estado-de-colima-en-su-2-informe\/\",\"url\":\"https:\/\/masquenoticias.mx\/index.php\/2026\/09\/02\/presidenta-sheinbaum-reafirma-su-respaldo-al-desarrollo-del-estado-de-colima-en-su-2-informe\/\",\"name\":\"Presidenta Sheinbaum reafirma su respaldo al desarrollo del estado de Colima en su 2\u00b0 Informe - M\u00e1s Que Noticias\",\"isPartOf\":{\"@id\":\"https:\/\/masquenoticias.mx\/#website\"},\"primaryImageOfPage\":{\"@id\":\"https:\/\/masquenoticias.mx\/index.php\/2026\/09\/02\/presidenta-sheinbaum-reafirma-su-respaldo-al-desarrollo-del-estado-de-colima-en-su-2-informe\/#primaryimage\"},\"image\":{\"@id\":\"https:\/\/masquenoticias.mx\/index.php\/2026\/09\/02\/presidenta-sheinbaum-reafirma-su-respaldo-al-desarrollo-del-estado-de-colima-en-su-2-informe\/#primaryimage\"},\"thumbnailUrl\":\"https:\/\/i0.wp.com\/masquenoticias.mx\/wp-content\/uploads\/2026\/09\/WhatsApp-Image-2026-09-01-at-2.05.34-PM.jpeg?fit=1600%2C1092&ssl=1\",\"datePublished\":\"2026-09-02T19:36:20+00:00\",\"breadcrumb\":{\"@id\":\"https:\/\/masquenoticias.mx\/index.php\/2026\/09\/02\/presidenta-sheinbaum-reafirma-su-respaldo-al-desarrollo-del-estado-de-colima-en-su-2-informe\/#breadcrumb\"},\"inLanguage\":\"es\",\"potentialAction\":[{\"@type\":\"ReadAction\",\"target\":[\"https:\/\/masquenoticias.mx\/index.php\/2026\/09\/02\/presidenta-sheinbaum-reafirma-su-respaldo-al-desarrollo-del-estado-de-colima-en-su-2-informe\/\"]}]},{\"@type\":\"ImageObject\",\"inLanguage\":\"es\",\"@id\":\"https:\/\/masquenoticias.mx\/index.php\/2026\/09\/02\/presidenta-sheinbaum-reafirma-su-respaldo-al-desarrollo-del-estado-de-colima-en-su-2-informe\/#primaryimage\",\"url\":\"https:\/\/i0.wp.com\/masquenoticias.mx\/wp-content\/uploads\/2026\/09\/WhatsApp-Image-2026-09-01-at-2.05.34-PM.jpeg?fit=1600%2C1092&ssl=1\",\"contentUrl\":\"https:\/\/i0.wp.com\/masquenoticias.mx\/wp-content\/uploads\/2026\/09\/WhatsApp-Image-2026-09-01-at-2.05.34-PM.jpeg?fit=1600%2C1092&ssl=1\",\"width\":1600,\"height\":1092},{\"@type\":\"BreadcrumbList\",\"@id\":\"https:\/\/masquenoticias.mx\/index.php\/2026\/09\/02\/presidenta-sheinbaum-reafirma-su-respaldo-al-desarrollo-del-estado-de-colima-en-su-2-informe\/#breadcrumb\",\"itemListElement\":[{\"@type\":\"ListItem\",\"position\":1,\"name\":\"Inicio\",\"item\":\"https:\/\/masquenoticias.mx\/\"},{\"@type\":\"ListItem\",\"position\":2,\"name\":\"Presidenta Sheinbaum reafirma su respaldo al desarrollo del estado de Colima en su 2\u00b0 Informe\"}]},{\"@type\":\"WebSite\",\"@id\":\"https:\/\/masquenoticias.mx\/#website\",\"url\":\"https:\/\/masquenoticias.mx\/\",\"name\":\"M\u00e1s Que Noticias\",\"description\":\"Noticias de Colima, M\u00e9xico y el Mundo\",\"publisher\":{\"@id\":\"https:\/\/masquenoticias.mx\/#organization\"},\"potentialAction\":[{\"@type\":\"SearchAction\",\"target\":{\"@type\":\"EntryPoint\",\"urlTemplate\":\"https:\/\/masquenoticias.mx\/?s={search_term_string}\"},\"query-input\":{\"@type\":\"PropertyValueSpecification\",\"valueRequired\":true,\"valueName\":\"search_term_string\"}}],\"inLanguage\":\"es\"},{\"@type\":\"Organization\",\"@id\":\"https:\/\/masquenoticias.mx\/#organization\",\"name\":\"M\u00e1s Que Noticias\",\"url\":\"https:\/\/masquenoticias.mx\/\",\"logo\":{\"@type\":\"ImageObject\",\"inLanguage\":\"es\",\"@id\":\"https:\/\/masquenoticias.mx\/#\/schema\/logo\/image\/\",\"url\":\"https:\/\/i0.wp.com\/masquenoticias.mx\/wp-content\/uploads\/2024\/04\/IMG_0004.png?fit=2560%2C1656&ssl=1\",\"contentUrl\":\"https:\/\/i0.wp.com\/masquenoticias.mx\/wp-content\/uploads\/2024\/04\/IMG_0004.png?fit=2560%2C1656&ssl=1\",\"width\":2560,\"height\":1656,\"caption\":\"M\u00e1s Que Noticias\"},\"image\":{\"@id\":\"https:\/\/masquenoticias.mx\/#\/schema\/logo\/image\/\"},\"sameAs\":[\"https:\/\/www.facebook.com\/masquenoticiascolima\",\"https:\/\/x.com\/edgartove\",\"https:\/\/www.instagram.com\/masquenoticiascolima\/\"]},{\"@type\":\"Person\",\"@id\":\"https:\/\/masquenoticias.mx\/#\/schema\/person\/544d19989ef23d34615f691f7a96e622\",\"name\":\"Redacci\u00f3n\",\"image\":{\"@type\":\"ImageObject\",\"inLanguage\":\"es\",\"@id\":\"https:\/\/masquenoticias.mx\/#\/schema\/person\/image\/\",\"url\":\"https:\/\/secure.gravatar.com\/avatar\/7fcc926d5b058d3f3d52d95b4d05dd58?s=96&d=mm&r=g\",\"contentUrl\":\"https:\/\/secure.gravatar.com\/avatar\/7fcc926d5b058d3f3d52d95b4d05dd58?s=96&d=mm&r=g\",\"caption\":\"Redacci\u00f3n\"},\"sameAs\":[\"http:\/\/masquenoticias.mx\"],\"url\":\"https:\/\/masquenoticias.mx\/index.php\/author\/edgartovegmail-com\/\"}]}<\/script>\n<!-- \/ Yoast SEO plugin. -->","yoast_head_json":{"title":"Presidenta Sheinbaum reafirma su respaldo al desarrollo del estado de Colima en su 2\u00b0 Informe - M\u00e1s Que Noticias","robots":{"index":"index","follow":"follow","max-snippet":"max-snippet:-1","max-image-preview":"max-image-preview:large","max-video-preview":"max-video-preview:-1"},"canonical":"https:\/\/masquenoticias.mx\/index.php\/2026\/09\/02\/presidenta-sheinbaum-reafirma-su-respaldo-al-desarrollo-del-estado-de-colima-en-su-2-informe\/","og_locale":"es_MX","og_type":"article","og_title":"Presidenta Sheinbaum reafirma su respaldo al desarrollo del estado de Colima en su 2\u00b0 Informe - M\u00e1s Que Noticias","og_description":"Durante su segundo informe anual de gobierno, la presidenta de M\u00e9xico, Claudia Sheinbaum Pardo, refrend\u00f3 su respaldo al desarrollo y bienestar del estado de Colima y de sus habitantes, al destacar los diversos programas y las #ObrasQueTransforman esta entidad, ceremonia a la que asisti\u00f3 como invitada de honor la gobernadora Indira Vizca\u00edno Silva este 1 [&hellip;]","og_url":"https:\/\/masquenoticias.mx\/index.php\/2026\/09\/02\/presidenta-sheinbaum-reafirma-su-respaldo-al-desarrollo-del-estado-de-colima-en-su-2-informe\/","og_site_name":"M\u00e1s Que Noticias","article_publisher":"https:\/\/www.facebook.com\/masquenoticiascolima","article_published_time":"2026-09-02T19:36:20+00:00","og_image":[{"width":1600,"height":1092,"url":"https:\/\/masquenoticias.mx\/wp-content\/uploads\/2026\/09\/WhatsApp-Image-2026-09-01-at-2.05.34-PM.jpeg","type":"image\/jpeg"}],"author":"Redacci\u00f3n","twitter_card":"summary_large_image","twitter_creator":"@edgartove","twitter_site":"@edgartove","twitter_misc":{"Escrito por":"Redacci\u00f3n","Tiempo de lectura":"2 minutos"},"schema":{"@context":"https:\/\/schema.org","@graph":[{"@type":"Article","@id":"https:\/\/masquenoticias.mx\/index.php\/2026\/09\/02\/presidenta-sheinbaum-reafirma-su-respaldo-al-desarrollo-del-estado-de-colima-en-su-2-informe\/#article","isPartOf":{"@id":"https:\/\/masquenoticias.mx\/index.php\/2026\/09\/02\/presidenta-sheinbaum-reafirma-su-respaldo-al-desarrollo-del-estado-de-colima-en-su-2-informe\/"},"author":{"name":"Redacci\u00f3n","@id":"https:\/\/masquenoticias.mx\/#\/schema\/person\/544d19989ef23d34615f691f7a96e622"},"headline":"Presidenta Sheinbaum reafirma su respaldo al desarrollo del estado de Colima en su 2\u00b0 Informe","datePublished":"2026-09-02T19:36:20+00:00","mainEntityOfPage":{"@id":"https:\/\/masquenoticias.mx\/index.php\/2026\/09\/02\/presidenta-sheinbaum-reafirma-su-respaldo-al-desarrollo-del-estado-de-colima-en-su-2-informe\/"},"wordCount":289,"commentCount":0,"publisher":{"@id":"https:\/\/masquenoticias.mx\/#organization"},"image":{"@id":"https:\/\/masquenoticias.mx\/index.php\/2026\/09\/02\/presidenta-sheinbaum-reafirma-su-respaldo-al-desarrollo-del-estado-de-colima-en-su-2-informe\/#primaryimage"},"thumbnailUrl":"https:\/\/i0.wp.com\/masquenoticias.mx\/wp-content\/uploads\/2026\/09\/WhatsApp-Image-2026-09-01-at-2.05.34-PM.jpeg?fit=1600%2C1092&ssl=1","keywords":["Indira Vizca\u00edno","Sheinbaum"],"articleSection":["Estado"],"inLanguage":"es","potentialAction":[{"@type":"CommentAction","name":"Comment","target":["https:\/\/masquenoticias.mx\/index.php\/2026\/09\/02\/presidenta-sheinbaum-reafirma-su-respaldo-al-desarrollo-del-estado-de-colima-en-su-2-informe\/#respond"]}]},{"@type":"WebPage","@id":"https:\/\/masquenoticias.mx\/index.php\/2026\/09\/02\/presidenta-sheinbaum-reafirma-su-respaldo-al-desarrollo-del-estado-de-colima-en-su-2-informe\/","url":"https:\/\/masquenoticias.mx\/index.php\/2026\/09\/02\/presidenta-sheinbaum-reafirma-su-respaldo-al-desarrollo-del-estado-de-colima-en-su-2-informe\/","name":"Presidenta Sheinbaum reafirma su respaldo al desarrollo del estado de Colima en su 2\u00b0 Informe - M\u00e1s Que Noticias","isPartOf":{"@id":"https:\/\/masquenoticias.mx\/#website"},"primaryImageOfPage":{"@id":"https:\/\/masquenoticias.mx\/index.php\/2026\/09\/02\/presidenta-sheinbaum-reafirma-su-respaldo-al-desarrollo-del-estado-de-colima-en-su-2-informe\/#primaryimage"},"image":{"@id":"https:\/\/masquenoticias.mx\/index.php\/2026\/09\/02\/presidenta-sheinbaum-reafirma-su-respaldo-al-desarrollo-del-estado-de-colima-en-su-2-informe\/#primaryimage"},"thumbnailUrl":"https:\/\/i0.wp.com\/masquenoticias.mx\/wp-content\/uploads\/2026\/09\/WhatsApp-Image-2026-09-01-at-2.05.34-PM.jpeg?fit=1600%2C1092&ssl=1","datePublished":"2026-09-02T19:36:20+00:00","breadcrumb":{"@id":"https:\/\/masquenoticias.mx\/index.php\/2026\/09\/02\/presidenta-sheinbaum-reafirma-su-respaldo-al-desarrollo-del-estado-de-colima-en-su-2-informe\/#breadcrumb"},"inLanguage":"es","potentialAction":[{"@type":"ReadAction","target":["https:\/\/masquenoticias.mx\/index.php\/2026\/09\/02\/presidenta-sheinbaum-reafirma-su-respaldo-al-desarrollo-del-estado-de-colima-en-su-2-informe\/"]}]},{"@type":"ImageObject","inLanguage":"es","@id":"https:\/\/masquenoticias.mx\/index.php\/2026\/09\/02\/presidenta-sheinbaum-reafirma-su-respaldo-al-desarrollo-del-estado-de-colima-en-su-2-informe\/#primaryimage","url":"https:\/\/i0.wp.com\/masquenoticias.mx\/wp-content\/uploads\/2026\/09\/WhatsApp-Image-2026-09-01-at-2.05.34-PM.jpeg?fit=1600%2C1092&ssl=1","contentUrl":"https:\/\/i0.wp.com\/masquenoticias.mx\/wp-content\/uploads\/2026\/09\/WhatsApp-Image-2026-09-01-at-2.05.34-PM.jpeg?fit=1600%2C1092&ssl=1","width":1600,"height":1092},{"@type":"BreadcrumbList","@id":"https:\/\/masquenoticias.mx\/index.php\/2026\/09\/02\/presidenta-sheinbaum-reafirma-su-respaldo-al-desarrollo-del-estado-de-colima-en-su-2-informe\/#breadcrumb","itemListElement":[{"@type":"ListItem","position":1,"name":"Inicio","item":"https:\/\/masquenoticias.mx\/"},{"@type":"ListItem","position":2,"name":"Presidenta Sheinbaum reafirma su respaldo al desarrollo del estado de Colima en su 2\u00b0 Informe"}]},{"@type":"WebSite","@id":"https:\/\/masquenoticias.mx\/#website","url":"https:\/\/masquenoticias.mx\/","name":"M\u00e1s Que Noticias","description":"Noticias de Colima, M\u00e9xico y el Mundo","publisher":{"@id":"https:\/\/masquenoticias.mx\/#organization"},"potentialAction":[{"@type":"SearchAction","target":{"@type":"EntryPoint","urlTemplate":"https:\/\/masquenoticias.mx\/?s={search_term_string}"},"query-input":{"@type":"PropertyValueSpecification","valueRequired":true,"valueName":"search_term_string"}}],"inLanguage":"es"},{"@type":"Organization","@id":"https:\/\/masquenoticias.mx\/#organization","name":"M\u00e1s Que Noticias","url":"https:\/\/masquenoticias.mx\/","logo":{"@type":"ImageObject","inLanguage":"es","@id":"https:\/\/masquenoticias.mx\/#\/schema\/logo\/image\/","url":"https:\/\/i0.wp.com\/masquenoticias.mx\/wp-content\/uploads\/2024\/04\/IMG_0004.png?fit=2560%2C1656&ssl=1","contentUrl":"https:\/\/i0.wp.com\/masquenoticias.mx\/wp-content\/uploads\/2024\/04\/IMG_0004.png?fit=2560%2C1656&ssl=1","width":2560,"height":1656,"caption":"M\u00e1s Que Noticias"},"image":{"@id":"https:\/\/masquenoticias.mx\/#\/schema\/logo\/image\/"},"sameAs":["https:\/\/www.facebook.com\/masquenoticiascolima","https:\/\/x.com\/edgartove","https:\/\/www.instagram.com\/masquenoticiascolima\/"]},{"@type":"Person","@id":"https:\/\/masquenoticias.mx\/#\/schema\/person\/544d19989ef23d34615f691f7a96e622","name":"Redacci\u00f3n","image":{"@type":"ImageObject","inLanguage":"es","@id":"https:\/\/masquenoticias.mx\/#\/schema\/person\/image\/","url":"https:\/\/secure.gravatar.com\/avatar\/7fcc926d5b058d3f3d52d95b4d05dd58?s=96&d=mm&r=g","contentUrl":"https:\/\/secure.gravatar.com\/avatar\/7fcc926d5b058d3f3d52d95b4d05dd58?s=96&d=mm&r=g","caption":"Redacci\u00f3n"},"sameAs":["http:\/\/masquenoticias.mx"],"url":"https:\/\/masquenoticias.mx\/index.php\/author\/edgartovegmail-com\/"}]}},"jetpack_featured_media_url":"https:\/\/i0.wp.com\/masquenoticias.mx\/wp-content\/uploads\/2026\/09\/WhatsApp-Image-2026-09-01-at-2.05.34-PM.jpeg?fit=1600%2C1092&ssl=1","blog_post_layout_featured_media_urls":{"thumbnail":["https:\/\/i0.wp.com\/masquenoticias.mx\/wp-content\/uploads\/2026\/09\/WhatsApp-Image-2026-09-01-at-2.05.34-PM.jpeg?resize=150%2C150&ssl=1",150,150,true],"full":["https:\/\/i0.wp.com\/masquenoticias.mx\/wp-content\/uploads\/2026\/09\/WhatsApp-Image-2026-09-01-at-2.05.34-PM.jpeg?fit=1600%2C1092&ssl=1",1600,1092,false]},"categories_names":{"24":{"name":"Estado","link":"https:\/\/masquenoticias.mx\/index.php\/category\/estado\/"}},"tags_names":{"26":{"name":"Indira Vizca\u00edno","link":"https:\/\/masquenoticias.mx\/index.php\/tag\/indira-vizcaino\/"},"599":{"name":"Sheinbaum","link":"https:\/\/masquenoticias.mx\/index.php\/tag\/sheinbaum\/"}},"comments_number":"0","wpmagazine_modules_lite_featured_media_urls":{"thumbnail":["https:\/\/i0.wp.com\/masquenoticias.mx\/wp-content\/uploads\/2026\/09\/WhatsApp-Image-2026-09-01-at-2.05.34-PM.jpeg?resize=150%2C150&ssl=1",150,150,true],"cvmm-medium":["https:\/\/i0.wp.com\/masquenoticias.mx\/wp-content\/uploads\/2026\/09\/WhatsApp-Image-2026-09-01-at-2.05.34-PM.jpeg?resize=300%2C300&ssl=1",300,300,true],"cvmm-medium-plus":["https:\/\/i0.wp.com\/masquenoticias.mx\/wp-content\/uploads\/2026\/09\/WhatsApp-Image-2026-09-01-at-2.05.34-PM.jpeg?resize=305%2C207&ssl=1",305,207,true],"cvmm-portrait":["https:\/\/i0.wp.com\/masquenoticias.mx\/wp-content\/uploads\/2026\/09\/WhatsApp-Image-2026-09-01-at-2.05.34-PM.jpeg?resize=400%2C600&ssl=1",400,600,true],"cvmm-medium-square":["https:\/\/i0.wp.com\/masquenoticias.mx\/wp-content\/uploads\/2026\/09\/WhatsApp-Image-2026-09-01-at-2.05.34-PM.jpeg?resize=600%2C600&ssl=1",600,600,true],"cvmm-large":["https:\/\/i0.wp.com\/masquenoticias.mx\/wp-content\/uploads\/2026\/09\/WhatsApp-Image-2026-09-01-at-2.05.34-PM.jpeg?resize=1024%2C1024&ssl=1",1024,1024,true],"cvmm-small":["https:\/\/i0.wp.com\/masquenoticias.mx\/wp-content\/uploads\/2026\/09\/WhatsApp-Image-2026-09-01-at-2.05.34-PM.jpeg?resize=130%2C95&ssl=1",130,95,true],"full":["https:\/\/i0.wp.com\/masquenoticias.mx\/wp-content\/uploads\/2026\/09\/WhatsApp-Image-2026-09-01-at-2.05.34-PM.jpeg?fit=1600%2C1092&ssl=1",1600,1092,false]},"jetpack-related-posts":[],"jetpack_sharing_enabled":true,"jetpack_likes_enabled":true,"jetpack_shortlink":"https:\/\/wp.me\/pf7pkt-6u5","_links":{"self":[{"href":"https:\/\/masquenoticias.mx\/index.php\/wp-json\/wp\/v2\/posts\/24929","targetHints":{"allow":["GET"]}}],"collection":[{"href":"https:\/\/masquenoticias.mx\/index.php\/wp-json\/wp\/v2\/posts"}],"about":[{"href":"https:\/\/masquenoticias.mx\/index.php\/wp-json\/wp\/v2\/types\/post"}],"author":[{"embeddable":true,"href":"https:\/\/masquenoticias.mx\/index.php\/wp-json\/wp\/v2\/users\/1"}],"replies":[{"embeddable":true,"href":"https:\/\/masquenoticias.mx\/index.php\/wp-json\/wp\/v2\/comments?post=24929"}],"version-history":[{"count":1,"href":"https:\/\/masquenoticias.mx\/index.php\/wp-json\/wp\/v2\/posts\/24929\/revisions"}],"predecessor-version":[{"id":24931,"href":"https:\/\/masquenoticias.mx\/index.php\/wp-json\/wp\/v2\/posts\/24929\/revisions\/24931"}],"wp:featuredmedia":[{"embeddable":true,"href":"https:\/\/masquenoticias.mx\/index.php\/wp-json\/wp\/v2\/media\/24930"}],"wp:attachment":[{"href":"https:\/\/masquenoticias.mx\/index.php\/wp-json\/wp\/v2\/media?parent=24929"}],"wp:term":[{"taxonomy":"category","embeddable":true,"href":"https:\/\/masquenoticias.mx\/index.php\/wp-json\/wp\/v2\/categories?post=24929"},{"taxonomy":"post_tag","embeddable":true,"href":"https:\/\/masquenoticias.mx\/index.php\/wp-json\/wp\/v2\/tags?post=24929"}],"curies":[{"name":"wp","href":"https:\/\/api.w.org\/{rel}","templated":true}]}}