{"id":24920,"date":"2026-09-02T13:20:27","date_gmt":"2026-09-02T19:20:27","guid":{"rendered":"https:\/\/masquenoticias.mx\/?p=24920"},"modified":"2026-09-02T13:20:27","modified_gmt":"2026-09-02T19:20:27","slug":"subsectur-colima-y-ayuntamiento-de-tecoman-capacitan-a-prestadores-de-servicios-para-mejorar-atencion-y-ventas","status":"publish","type":"post","link":"https:\/\/masquenoticias.mx\/index.php\/2026\/09\/02\/subsectur-colima-y-ayuntamiento-de-tecoman-capacitan-a-prestadores-de-servicios-para-mejorar-atencion-y-ventas\/","title":{"rendered":"Subsectur Colima y Ayuntamiento de Tecom\u00e1n capacitan a prestadores de servicios para mejorar atenci\u00f3n y ventas"},"content":{"rendered":"<p>La Subsecretar\u00eda de Turismo (Subsectur) del Gobierno del Estado de Colima que encabeza la mandataria Indira Vizca\u00edno Silva brind\u00f3 una capacitaci\u00f3n dirigida a prestadores de servicios tur\u00edsticos en Playa El Real, en coordinaci\u00f3n con el Ayuntamiento de Tecom\u00e1n, a fin de mejorar la atenci\u00f3n que se brinda a las y los clientes que acuden a los diversos establecimientos y que estos puedan tener mayores ventas y mejores ingresos.<\/p>\n<p>Se compartieron temas como ventas estrat\u00e9gicas y Atenci\u00f3n con calidad en el servicio a clientes, orientados a fortalecer sus herramientas comerciales y mejorar la experiencia de quienes visitan este destino. Jorge Padilla Castillo, subsecretario de Turismo en la entidad, destac\u00f3 la importancia de impulsar la profesionalizaci\u00f3n de este sector para elevar la calidad de los servicios tur\u00edsticos que se ofrecen a las y los visitantes.<\/p>\n<p>Estas acciones forman parte de la estrategia de capacitaci\u00f3n permanente de Subsectur, para fortalecer las capacidades de quienes integran la cadena de valor en turismo y contribuir a una atenci\u00f3n cada vez m\u00e1s profesional y competitiva. La administraci\u00f3n de la gobernadora Indira Vizca\u00edno refrenda su compromiso de generar herramientas de capacitaci\u00f3n que fortalezcan al sector y contribuyan al desarrollo tur\u00edstico de Colima.<\/p>\n","protected":false},"excerpt":{"rendered":"<p>La Subsecretar\u00eda de Turismo (Subsectur) del Gobierno del Estado de Colima que encabeza la mandataria Indira Vizca\u00edno Silva brind\u00f3 una capacitaci\u00f3n dirigida a prestadores de servicios tur\u00edsticos en Playa El Real, en coordinaci\u00f3n con el Ayuntamiento de Tecom\u00e1n, a fin de mejorar la atenci\u00f3n que se brinda a las y los clientes que acuden a [&hellip;]<\/p>\n","protected":false},"author":1,"featured_media":24921,"comment_status":"open","ping_status":"open","sticky":false,"template":"","format":"standard","meta":{"_jetpack_memberships_contains_paid_content":false,"footnotes":""},"categories":[24],"tags":[96],"class_list":["post-24920","post","type-post","status-publish","format-standard","has-post-thumbnail","hentry","category-estado","tag-turismo"],"yoast_head":"<!-- This site is optimized with the Yoast SEO plugin v26.6 - https:\/\/yoast.com\/wordpress\/plugins\/seo\/ -->\n<title>Subsectur Colima y Ayuntamiento de Tecom\u00e1n capacitan a prestadores de servicios para mejorar atenci\u00f3n y ventas - M\u00e1s Que Noticias<\/title>\n<meta name=\"robots\" content=\"index, follow, max-snippet:-1, max-image-preview:large, max-video-preview:-1\" \/>\n<link rel=\"canonical\" href=\"https:\/\/masquenoticias.mx\/index.php\/2026\/09\/02\/subsectur-colima-y-ayuntamiento-de-tecoman-capacitan-a-prestadores-de-servicios-para-mejorar-atencion-y-ventas\/\" \/>\n<meta property=\"og:locale\" content=\"es_MX\" \/>\n<meta property=\"og:type\" content=\"article\" \/>\n<meta property=\"og:title\" content=\"Subsectur Colima y Ayuntamiento de Tecom\u00e1n capacitan a prestadores de servicios para mejorar atenci\u00f3n y ventas - M\u00e1s Que Noticias\" \/>\n<meta property=\"og:description\" content=\"La Subsecretar\u00eda de Turismo (Subsectur) del Gobierno del Estado de Colima que encabeza la mandataria Indira Vizca\u00edno Silva brind\u00f3 una capacitaci\u00f3n dirigida a prestadores de servicios tur\u00edsticos en Playa El Real, en coordinaci\u00f3n con el Ayuntamiento de Tecom\u00e1n, a fin de mejorar la atenci\u00f3n que se brinda a las y los clientes que acuden a [&hellip;]\" \/>\n<meta property=\"og:url\" content=\"https:\/\/masquenoticias.mx\/index.php\/2026\/09\/02\/subsectur-colima-y-ayuntamiento-de-tecoman-capacitan-a-prestadores-de-servicios-para-mejorar-atencion-y-ventas\/\" \/>\n<meta property=\"og:site_name\" content=\"M\u00e1s Que Noticias\" \/>\n<meta property=\"article:publisher\" content=\"https:\/\/www.facebook.com\/masquenoticiascolima\" \/>\n<meta property=\"article:published_time\" content=\"2026-09-02T19:20:27+00:00\" \/>\n<meta property=\"og:image\" content=\"https:\/\/masquenoticias.mx\/wp-content\/uploads\/2026\/09\/WhatsApp-Image-2026-09-01-at-12.45.07-PM.jpeg\" \/>\n\t<meta property=\"og:image:width\" content=\"1600\" \/>\n\t<meta property=\"og:image:height\" content=\"900\" \/>\n\t<meta property=\"og:image:type\" content=\"image\/jpeg\" \/>\n<meta name=\"author\" content=\"Redacci\u00f3n\" \/>\n<meta name=\"twitter:card\" content=\"summary_large_image\" \/>\n<meta name=\"twitter:creator\" content=\"@edgartove\" \/>\n<meta name=\"twitter:site\" content=\"@edgartove\" \/>\n<meta name=\"twitter:label1\" content=\"Escrito por\" \/>\n\t<meta name=\"twitter:data1\" content=\"Redacci\u00f3n\" \/>\n\t<meta name=\"twitter:label2\" content=\"Tiempo de lectura\" \/>\n\t<meta name=\"twitter:data2\" content=\"2 minutos\" \/>\n<script type=\"application\/ld+json\" class=\"yoast-schema-graph\">{\"@context\":\"https:\/\/schema.org\",\"@graph\":[{\"@type\":\"Article\",\"@id\":\"https:\/\/masquenoticias.mx\/index.php\/2026\/09\/02\/subsectur-colima-y-ayuntamiento-de-tecoman-capacitan-a-prestadores-de-servicios-para-mejorar-atencion-y-ventas\/#article\",\"isPartOf\":{\"@id\":\"https:\/\/masquenoticias.mx\/index.php\/2026\/09\/02\/subsectur-colima-y-ayuntamiento-de-tecoman-capacitan-a-prestadores-de-servicios-para-mejorar-atencion-y-ventas\/\"},\"author\":{\"name\":\"Redacci\u00f3n\",\"@id\":\"https:\/\/masquenoticias.mx\/#\/schema\/person\/544d19989ef23d34615f691f7a96e622\"},\"headline\":\"Subsectur Colima y Ayuntamiento de Tecom\u00e1n capacitan a prestadores de servicios para mejorar atenci\u00f3n y ventas\",\"datePublished\":\"2026-09-02T19:20:27+00:00\",\"mainEntityOfPage\":{\"@id\":\"https:\/\/masquenoticias.mx\/index.php\/2026\/09\/02\/subsectur-colima-y-ayuntamiento-de-tecoman-capacitan-a-prestadores-de-servicios-para-mejorar-atencion-y-ventas\/\"},\"wordCount\":231,\"commentCount\":0,\"publisher\":{\"@id\":\"https:\/\/masquenoticias.mx\/#organization\"},\"image\":{\"@id\":\"https:\/\/masquenoticias.mx\/index.php\/2026\/09\/02\/subsectur-colima-y-ayuntamiento-de-tecoman-capacitan-a-prestadores-de-servicios-para-mejorar-atencion-y-ventas\/#primaryimage\"},\"thumbnailUrl\":\"https:\/\/i0.wp.com\/masquenoticias.mx\/wp-content\/uploads\/2026\/09\/WhatsApp-Image-2026-09-01-at-12.45.07-PM.jpeg?fit=1600%2C900&ssl=1\",\"keywords\":[\"Turismo\"],\"articleSection\":[\"Estado\"],\"inLanguage\":\"es\",\"potentialAction\":[{\"@type\":\"CommentAction\",\"name\":\"Comment\",\"target\":[\"https:\/\/masquenoticias.mx\/index.php\/2026\/09\/02\/subsectur-colima-y-ayuntamiento-de-tecoman-capacitan-a-prestadores-de-servicios-para-mejorar-atencion-y-ventas\/#respond\"]}]},{\"@type\":\"WebPage\",\"@id\":\"https:\/\/masquenoticias.mx\/index.php\/2026\/09\/02\/subsectur-colima-y-ayuntamiento-de-tecoman-capacitan-a-prestadores-de-servicios-para-mejorar-atencion-y-ventas\/\",\"url\":\"https:\/\/masquenoticias.mx\/index.php\/2026\/09\/02\/subsectur-colima-y-ayuntamiento-de-tecoman-capacitan-a-prestadores-de-servicios-para-mejorar-atencion-y-ventas\/\",\"name\":\"Subsectur Colima y Ayuntamiento de Tecom\u00e1n capacitan a prestadores de servicios para mejorar atenci\u00f3n y ventas - M\u00e1s Que Noticias\",\"isPartOf\":{\"@id\":\"https:\/\/masquenoticias.mx\/#website\"},\"primaryImageOfPage\":{\"@id\":\"https:\/\/masquenoticias.mx\/index.php\/2026\/09\/02\/subsectur-colima-y-ayuntamiento-de-tecoman-capacitan-a-prestadores-de-servicios-para-mejorar-atencion-y-ventas\/#primaryimage\"},\"image\":{\"@id\":\"https:\/\/masquenoticias.mx\/index.php\/2026\/09\/02\/subsectur-colima-y-ayuntamiento-de-tecoman-capacitan-a-prestadores-de-servicios-para-mejorar-atencion-y-ventas\/#primaryimage\"},\"thumbnailUrl\":\"https:\/\/i0.wp.com\/masquenoticias.mx\/wp-content\/uploads\/2026\/09\/WhatsApp-Image-2026-09-01-at-12.45.07-PM.jpeg?fit=1600%2C900&ssl=1\",\"datePublished\":\"2026-09-02T19:20:27+00:00\",\"breadcrumb\":{\"@id\":\"https:\/\/masquenoticias.mx\/index.php\/2026\/09\/02\/subsectur-colima-y-ayuntamiento-de-tecoman-capacitan-a-prestadores-de-servicios-para-mejorar-atencion-y-ventas\/#breadcrumb\"},\"inLanguage\":\"es\",\"potentialAction\":[{\"@type\":\"ReadAction\",\"target\":[\"https:\/\/masquenoticias.mx\/index.php\/2026\/09\/02\/subsectur-colima-y-ayuntamiento-de-tecoman-capacitan-a-prestadores-de-servicios-para-mejorar-atencion-y-ventas\/\"]}]},{\"@type\":\"ImageObject\",\"inLanguage\":\"es\",\"@id\":\"https:\/\/masquenoticias.mx\/index.php\/2026\/09\/02\/subsectur-colima-y-ayuntamiento-de-tecoman-capacitan-a-prestadores-de-servicios-para-mejorar-atencion-y-ventas\/#primaryimage\",\"url\":\"https:\/\/i0.wp.com\/masquenoticias.mx\/wp-content\/uploads\/2026\/09\/WhatsApp-Image-2026-09-01-at-12.45.07-PM.jpeg?fit=1600%2C900&ssl=1\",\"contentUrl\":\"https:\/\/i0.wp.com\/masquenoticias.mx\/wp-content\/uploads\/2026\/09\/WhatsApp-Image-2026-09-01-at-12.45.07-PM.jpeg?fit=1600%2C900&ssl=1\",\"width\":1600,\"height\":900},{\"@type\":\"BreadcrumbList\",\"@id\":\"https:\/\/masquenoticias.mx\/index.php\/2026\/09\/02\/subsectur-colima-y-ayuntamiento-de-tecoman-capacitan-a-prestadores-de-servicios-para-mejorar-atencion-y-ventas\/#breadcrumb\",\"itemListElement\":[{\"@type\":\"ListItem\",\"position\":1,\"name\":\"Inicio\",\"item\":\"https:\/\/masquenoticias.mx\/\"},{\"@type\":\"ListItem\",\"position\":2,\"name\":\"Subsectur Colima y Ayuntamiento de Tecom\u00e1n capacitan a prestadores de servicios para mejorar atenci\u00f3n y ventas\"}]},{\"@type\":\"WebSite\",\"@id\":\"https:\/\/masquenoticias.mx\/#website\",\"url\":\"https:\/\/masquenoticias.mx\/\",\"name\":\"M\u00e1s Que Noticias\",\"description\":\"Noticias de Colima, M\u00e9xico y el Mundo\",\"publisher\":{\"@id\":\"https:\/\/masquenoticias.mx\/#organization\"},\"potentialAction\":[{\"@type\":\"SearchAction\",\"target\":{\"@type\":\"EntryPoint\",\"urlTemplate\":\"https:\/\/masquenoticias.mx\/?s={search_term_string}\"},\"query-input\":{\"@type\":\"PropertyValueSpecification\",\"valueRequired\":true,\"valueName\":\"search_term_string\"}}],\"inLanguage\":\"es\"},{\"@type\":\"Organization\",\"@id\":\"https:\/\/masquenoticias.mx\/#organization\",\"name\":\"M\u00e1s Que Noticias\",\"url\":\"https:\/\/masquenoticias.mx\/\",\"logo\":{\"@type\":\"ImageObject\",\"inLanguage\":\"es\",\"@id\":\"https:\/\/masquenoticias.mx\/#\/schema\/logo\/image\/\",\"url\":\"https:\/\/i0.wp.com\/masquenoticias.mx\/wp-content\/uploads\/2024\/04\/IMG_0004.png?fit=2560%2C1656&ssl=1\",\"contentUrl\":\"https:\/\/i0.wp.com\/masquenoticias.mx\/wp-content\/uploads\/2024\/04\/IMG_0004.png?fit=2560%2C1656&ssl=1\",\"width\":2560,\"height\":1656,\"caption\":\"M\u00e1s Que Noticias\"},\"image\":{\"@id\":\"https:\/\/masquenoticias.mx\/#\/schema\/logo\/image\/\"},\"sameAs\":[\"https:\/\/www.facebook.com\/masquenoticiascolima\",\"https:\/\/x.com\/edgartove\",\"https:\/\/www.instagram.com\/masquenoticiascolima\/\"]},{\"@type\":\"Person\",\"@id\":\"https:\/\/masquenoticias.mx\/#\/schema\/person\/544d19989ef23d34615f691f7a96e622\",\"name\":\"Redacci\u00f3n\",\"image\":{\"@type\":\"ImageObject\",\"inLanguage\":\"es\",\"@id\":\"https:\/\/masquenoticias.mx\/#\/schema\/person\/image\/\",\"url\":\"https:\/\/secure.gravatar.com\/avatar\/7fcc926d5b058d3f3d52d95b4d05dd58?s=96&d=mm&r=g\",\"contentUrl\":\"https:\/\/secure.gravatar.com\/avatar\/7fcc926d5b058d3f3d52d95b4d05dd58?s=96&d=mm&r=g\",\"caption\":\"Redacci\u00f3n\"},\"sameAs\":[\"http:\/\/masquenoticias.mx\"],\"url\":\"https:\/\/masquenoticias.mx\/index.php\/author\/edgartovegmail-com\/\"}]}<\/script>\n<!-- \/ Yoast SEO plugin. -->","yoast_head_json":{"title":"Subsectur Colima y Ayuntamiento de Tecom\u00e1n capacitan a prestadores de servicios para mejorar atenci\u00f3n y ventas - M\u00e1s Que Noticias","robots":{"index":"index","follow":"follow","max-snippet":"max-snippet:-1","max-image-preview":"max-image-preview:large","max-video-preview":"max-video-preview:-1"},"canonical":"https:\/\/masquenoticias.mx\/index.php\/2026\/09\/02\/subsectur-colima-y-ayuntamiento-de-tecoman-capacitan-a-prestadores-de-servicios-para-mejorar-atencion-y-ventas\/","og_locale":"es_MX","og_type":"article","og_title":"Subsectur Colima y Ayuntamiento de Tecom\u00e1n capacitan a prestadores de servicios para mejorar atenci\u00f3n y ventas - M\u00e1s Que Noticias","og_description":"La Subsecretar\u00eda de Turismo (Subsectur) del Gobierno del Estado de Colima que encabeza la mandataria Indira Vizca\u00edno Silva brind\u00f3 una capacitaci\u00f3n dirigida a prestadores de servicios tur\u00edsticos en Playa El Real, en coordinaci\u00f3n con el Ayuntamiento de Tecom\u00e1n, a fin de mejorar la atenci\u00f3n que se brinda a las y los clientes que acuden a [&hellip;]","og_url":"https:\/\/masquenoticias.mx\/index.php\/2026\/09\/02\/subsectur-colima-y-ayuntamiento-de-tecoman-capacitan-a-prestadores-de-servicios-para-mejorar-atencion-y-ventas\/","og_site_name":"M\u00e1s Que Noticias","article_publisher":"https:\/\/www.facebook.com\/masquenoticiascolima","article_published_time":"2026-09-02T19:20:27+00:00","og_image":[{"width":1600,"height":900,"url":"https:\/\/masquenoticias.mx\/wp-content\/uploads\/2026\/09\/WhatsApp-Image-2026-09-01-at-12.45.07-PM.jpeg","type":"image\/jpeg"}],"author":"Redacci\u00f3n","twitter_card":"summary_large_image","twitter_creator":"@edgartove","twitter_site":"@edgartove","twitter_misc":{"Escrito por":"Redacci\u00f3n","Tiempo de lectura":"2 minutos"},"schema":{"@context":"https:\/\/schema.org","@graph":[{"@type":"Article","@id":"https:\/\/masquenoticias.mx\/index.php\/2026\/09\/02\/subsectur-colima-y-ayuntamiento-de-tecoman-capacitan-a-prestadores-de-servicios-para-mejorar-atencion-y-ventas\/#article","isPartOf":{"@id":"https:\/\/masquenoticias.mx\/index.php\/2026\/09\/02\/subsectur-colima-y-ayuntamiento-de-tecoman-capacitan-a-prestadores-de-servicios-para-mejorar-atencion-y-ventas\/"},"author":{"name":"Redacci\u00f3n","@id":"https:\/\/masquenoticias.mx\/#\/schema\/person\/544d19989ef23d34615f691f7a96e622"},"headline":"Subsectur Colima y Ayuntamiento de Tecom\u00e1n capacitan a prestadores de servicios para mejorar atenci\u00f3n y ventas","datePublished":"2026-09-02T19:20:27+00:00","mainEntityOfPage":{"@id":"https:\/\/masquenoticias.mx\/index.php\/2026\/09\/02\/subsectur-colima-y-ayuntamiento-de-tecoman-capacitan-a-prestadores-de-servicios-para-mejorar-atencion-y-ventas\/"},"wordCount":231,"commentCount":0,"publisher":{"@id":"https:\/\/masquenoticias.mx\/#organization"},"image":{"@id":"https:\/\/masquenoticias.mx\/index.php\/2026\/09\/02\/subsectur-colima-y-ayuntamiento-de-tecoman-capacitan-a-prestadores-de-servicios-para-mejorar-atencion-y-ventas\/#primaryimage"},"thumbnailUrl":"https:\/\/i0.wp.com\/masquenoticias.mx\/wp-content\/uploads\/2026\/09\/WhatsApp-Image-2026-09-01-at-12.45.07-PM.jpeg?fit=1600%2C900&ssl=1","keywords":["Turismo"],"articleSection":["Estado"],"inLanguage":"es","potentialAction":[{"@type":"CommentAction","name":"Comment","target":["https:\/\/masquenoticias.mx\/index.php\/2026\/09\/02\/subsectur-colima-y-ayuntamiento-de-tecoman-capacitan-a-prestadores-de-servicios-para-mejorar-atencion-y-ventas\/#respond"]}]},{"@type":"WebPage","@id":"https:\/\/masquenoticias.mx\/index.php\/2026\/09\/02\/subsectur-colima-y-ayuntamiento-de-tecoman-capacitan-a-prestadores-de-servicios-para-mejorar-atencion-y-ventas\/","url":"https:\/\/masquenoticias.mx\/index.php\/2026\/09\/02\/subsectur-colima-y-ayuntamiento-de-tecoman-capacitan-a-prestadores-de-servicios-para-mejorar-atencion-y-ventas\/","name":"Subsectur Colima y Ayuntamiento de Tecom\u00e1n capacitan a prestadores de servicios para mejorar atenci\u00f3n y ventas - M\u00e1s Que Noticias","isPartOf":{"@id":"https:\/\/masquenoticias.mx\/#website"},"primaryImageOfPage":{"@id":"https:\/\/masquenoticias.mx\/index.php\/2026\/09\/02\/subsectur-colima-y-ayuntamiento-de-tecoman-capacitan-a-prestadores-de-servicios-para-mejorar-atencion-y-ventas\/#primaryimage"},"image":{"@id":"https:\/\/masquenoticias.mx\/index.php\/2026\/09\/02\/subsectur-colima-y-ayuntamiento-de-tecoman-capacitan-a-prestadores-de-servicios-para-mejorar-atencion-y-ventas\/#primaryimage"},"thumbnailUrl":"https:\/\/i0.wp.com\/masquenoticias.mx\/wp-content\/uploads\/2026\/09\/WhatsApp-Image-2026-09-01-at-12.45.07-PM.jpeg?fit=1600%2C900&ssl=1","datePublished":"2026-09-02T19:20:27+00:00","breadcrumb":{"@id":"https:\/\/masquenoticias.mx\/index.php\/2026\/09\/02\/subsectur-colima-y-ayuntamiento-de-tecoman-capacitan-a-prestadores-de-servicios-para-mejorar-atencion-y-ventas\/#breadcrumb"},"inLanguage":"es","potentialAction":[{"@type":"ReadAction","target":["https:\/\/masquenoticias.mx\/index.php\/2026\/09\/02\/subsectur-colima-y-ayuntamiento-de-tecoman-capacitan-a-prestadores-de-servicios-para-mejorar-atencion-y-ventas\/"]}]},{"@type":"ImageObject","inLanguage":"es","@id":"https:\/\/masquenoticias.mx\/index.php\/2026\/09\/02\/subsectur-colima-y-ayuntamiento-de-tecoman-capacitan-a-prestadores-de-servicios-para-mejorar-atencion-y-ventas\/#primaryimage","url":"https:\/\/i0.wp.com\/masquenoticias.mx\/wp-content\/uploads\/2026\/09\/WhatsApp-Image-2026-09-01-at-12.45.07-PM.jpeg?fit=1600%2C900&ssl=1","contentUrl":"https:\/\/i0.wp.com\/masquenoticias.mx\/wp-content\/uploads\/2026\/09\/WhatsApp-Image-2026-09-01-at-12.45.07-PM.jpeg?fit=1600%2C900&ssl=1","width":1600,"height":900},{"@type":"BreadcrumbList","@id":"https:\/\/masquenoticias.mx\/index.php\/2026\/09\/02\/subsectur-colima-y-ayuntamiento-de-tecoman-capacitan-a-prestadores-de-servicios-para-mejorar-atencion-y-ventas\/#breadcrumb","itemListElement":[{"@type":"ListItem","position":1,"name":"Inicio","item":"https:\/\/masquenoticias.mx\/"},{"@type":"ListItem","position":2,"name":"Subsectur Colima y Ayuntamiento de Tecom\u00e1n capacitan a prestadores de servicios para mejorar atenci\u00f3n y ventas"}]},{"@type":"WebSite","@id":"https:\/\/masquenoticias.mx\/#website","url":"https:\/\/masquenoticias.mx\/","name":"M\u00e1s Que Noticias","description":"Noticias de Colima, M\u00e9xico y el Mundo","publisher":{"@id":"https:\/\/masquenoticias.mx\/#organization"},"potentialAction":[{"@type":"SearchAction","target":{"@type":"EntryPoint","urlTemplate":"https:\/\/masquenoticias.mx\/?s={search_term_string}"},"query-input":{"@type":"PropertyValueSpecification","valueRequired":true,"valueName":"search_term_string"}}],"inLanguage":"es"},{"@type":"Organization","@id":"https:\/\/masquenoticias.mx\/#organization","name":"M\u00e1s Que Noticias","url":"https:\/\/masquenoticias.mx\/","logo":{"@type":"ImageObject","inLanguage":"es","@id":"https:\/\/masquenoticias.mx\/#\/schema\/logo\/image\/","url":"https:\/\/i0.wp.com\/masquenoticias.mx\/wp-content\/uploads\/2024\/04\/IMG_0004.png?fit=2560%2C1656&ssl=1","contentUrl":"https:\/\/i0.wp.com\/masquenoticias.mx\/wp-content\/uploads\/2024\/04\/IMG_0004.png?fit=2560%2C1656&ssl=1","width":2560,"height":1656,"caption":"M\u00e1s Que Noticias"},"image":{"@id":"https:\/\/masquenoticias.mx\/#\/schema\/logo\/image\/"},"sameAs":["https:\/\/www.facebook.com\/masquenoticiascolima","https:\/\/x.com\/edgartove","https:\/\/www.instagram.com\/masquenoticiascolima\/"]},{"@type":"Person","@id":"https:\/\/masquenoticias.mx\/#\/schema\/person\/544d19989ef23d34615f691f7a96e622","name":"Redacci\u00f3n","image":{"@type":"ImageObject","inLanguage":"es","@id":"https:\/\/masquenoticias.mx\/#\/schema\/person\/image\/","url":"https:\/\/secure.gravatar.com\/avatar\/7fcc926d5b058d3f3d52d95b4d05dd58?s=96&d=mm&r=g","contentUrl":"https:\/\/secure.gravatar.com\/avatar\/7fcc926d5b058d3f3d52d95b4d05dd58?s=96&d=mm&r=g","caption":"Redacci\u00f3n"},"sameAs":["http:\/\/masquenoticias.mx"],"url":"https:\/\/masquenoticias.mx\/index.php\/author\/edgartovegmail-com\/"}]}},"jetpack_featured_media_url":"https:\/\/i0.wp.com\/masquenoticias.mx\/wp-content\/uploads\/2026\/09\/WhatsApp-Image-2026-09-01-at-12.45.07-PM.jpeg?fit=1600%2C900&ssl=1","blog_post_layout_featured_media_urls":{"thumbnail":["https:\/\/i0.wp.com\/masquenoticias.mx\/wp-content\/uploads\/2026\/09\/WhatsApp-Image-2026-09-01-at-12.45.07-PM.jpeg?resize=150%2C150&ssl=1",150,150,true],"full":["https:\/\/i0.wp.com\/masquenoticias.mx\/wp-content\/uploads\/2026\/09\/WhatsApp-Image-2026-09-01-at-12.45.07-PM.jpeg?fit=1600%2C900&ssl=1",1600,900,false]},"categories_names":{"24":{"name":"Estado","link":"https:\/\/masquenoticias.mx\/index.php\/category\/estado\/"}},"tags_names":{"96":{"name":"Turismo","link":"https:\/\/masquenoticias.mx\/index.php\/tag\/turismo\/"}},"comments_number":"0","wpmagazine_modules_lite_featured_media_urls":{"thumbnail":["https:\/\/i0.wp.com\/masquenoticias.mx\/wp-content\/uploads\/2026\/09\/WhatsApp-Image-2026-09-01-at-12.45.07-PM.jpeg?resize=150%2C150&ssl=1",150,150,true],"cvmm-medium":["https:\/\/i0.wp.com\/masquenoticias.mx\/wp-content\/uploads\/2026\/09\/WhatsApp-Image-2026-09-01-at-12.45.07-PM.jpeg?resize=300%2C300&ssl=1",300,300,true],"cvmm-medium-plus":["https:\/\/i0.wp.com\/masquenoticias.mx\/wp-content\/uploads\/2026\/09\/WhatsApp-Image-2026-09-01-at-12.45.07-PM.jpeg?resize=305%2C207&ssl=1",305,207,true],"cvmm-portrait":["https:\/\/i0.wp.com\/masquenoticias.mx\/wp-content\/uploads\/2026\/09\/WhatsApp-Image-2026-09-01-at-12.45.07-PM.jpeg?resize=400%2C600&ssl=1",400,600,true],"cvmm-medium-square":["https:\/\/i0.wp.com\/masquenoticias.mx\/wp-content\/uploads\/2026\/09\/WhatsApp-Image-2026-09-01-at-12.45.07-PM.jpeg?resize=600%2C600&ssl=1",600,600,true],"cvmm-large":["https:\/\/i0.wp.com\/masquenoticias.mx\/wp-content\/uploads\/2026\/09\/WhatsApp-Image-2026-09-01-at-12.45.07-PM.jpeg?resize=1024%2C900&ssl=1",1024,900,true],"cvmm-small":["https:\/\/i0.wp.com\/masquenoticias.mx\/wp-content\/uploads\/2026\/09\/WhatsApp-Image-2026-09-01-at-12.45.07-PM.jpeg?resize=130%2C95&ssl=1",130,95,true],"full":["https:\/\/i0.wp.com\/masquenoticias.mx\/wp-content\/uploads\/2026\/09\/WhatsApp-Image-2026-09-01-at-12.45.07-PM.jpeg?fit=1600%2C900&ssl=1",1600,900,false]},"jetpack-related-posts":[],"jetpack_sharing_enabled":true,"jetpack_likes_enabled":true,"jetpack_shortlink":"https:\/\/wp.me\/pf7pkt-6tW","_links":{"self":[{"href":"https:\/\/masquenoticias.mx\/index.php\/wp-json\/wp\/v2\/posts\/24920","targetHints":{"allow":["GET"]}}],"collection":[{"href":"https:\/\/masquenoticias.mx\/index.php\/wp-json\/wp\/v2\/posts"}],"about":[{"href":"https:\/\/masquenoticias.mx\/index.php\/wp-json\/wp\/v2\/types\/post"}],"author":[{"embeddable":true,"href":"https:\/\/masquenoticias.mx\/index.php\/wp-json\/wp\/v2\/users\/1"}],"replies":[{"embeddable":true,"href":"https:\/\/masquenoticias.mx\/index.php\/wp-json\/wp\/v2\/comments?post=24920"}],"version-history":[{"count":1,"href":"https:\/\/masquenoticias.mx\/index.php\/wp-json\/wp\/v2\/posts\/24920\/revisions"}],"predecessor-version":[{"id":24922,"href":"https:\/\/masquenoticias.mx\/index.php\/wp-json\/wp\/v2\/posts\/24920\/revisions\/24922"}],"wp:featuredmedia":[{"embeddable":true,"href":"https:\/\/masquenoticias.mx\/index.php\/wp-json\/wp\/v2\/media\/24921"}],"wp:attachment":[{"href":"https:\/\/masquenoticias.mx\/index.php\/wp-json\/wp\/v2\/media?parent=24920"}],"wp:term":[{"taxonomy":"category","embeddable":true,"href":"https:\/\/masquenoticias.mx\/index.php\/wp-json\/wp\/v2\/categories?post=24920"},{"taxonomy":"post_tag","embeddable":true,"href":"https:\/\/masquenoticias.mx\/index.php\/wp-json\/wp\/v2\/tags?post=24920"}],"curies":[{"name":"wp","href":"https:\/\/api.w.org\/{rel}","templated":true}]}}