{"id":24912,"date":"2026-09-01T15:20:42","date_gmt":"2026-09-01T21:20:42","guid":{"rendered":"https:\/\/masquenoticias.mx\/?p=24912"},"modified":"2026-09-01T15:20:42","modified_gmt":"2026-09-01T21:20:42","slug":"el-que-espera-desespera","status":"publish","type":"post","link":"https:\/\/masquenoticias.mx\/index.php\/2026\/09\/01\/el-que-espera-desespera\/","title":{"rendered":"El que espera desespera"},"content":{"rendered":"<p>Apuntes de reportero\/ Edgar Torres<\/p>\n<p>Mi madre siempre ha sido una persona de dichos. Los dice en el momento oportuno; la experiencia le ha ense\u00f1ado \u2014y a nosotros tambi\u00e9n\u2014 que en los dichos hay sabidur\u00eda. Mi madre tiene una forma peculiar de decirlos: los divide en dos. Dice la primera parte y despu\u00e9s hace un silencio, esperando que nosotros la completemos y la digamos al mismo tiempo.<\/p>\n<p>Uno de esos dichos es: \u201cEl que espera desespera\u201d, el cual utiliza cuando nos encontramos ansiosos porque algo suceda y, aunque sabemos que va a llegar s\u00ed o s\u00ed, manifestamos nuestra incomodidad por el tiempo que lleva.<\/p>\n<p>Pienso que as\u00ed ha pasado con las obras del Corredor Log\u00edstico Carretero, por el que transitan a diario m\u00e1s de 26 mil veh\u00edculos. Para dimensionar la cantidad que eso significa, el municipio de Comala tiene poco m\u00e1s de 21 mil habitantes; es como si cada uno de ellos abordara un autom\u00f3vil y circulara por ah\u00ed. Si pensamos en ese n\u00famero de veh\u00edculos, que incluye los de carga, pasaje, particulares, etc\u00e9tera, resulta evidente que obliga a que el trabajo se realice de forma adecuada y que garantice la seguridad y durabilidad de esa v\u00eda tan importante.<\/p>\n<p>Recientemente, en mi noticiero \u201cInforme 24\u201d, la secretaria de Infraestructura, Desarrollo Urbano y Movilidad (Seidum), Marisol Neri Le\u00f3n, reiter\u00f3 que el avance de la obra se encuentra en el 80 por ciento, lo que permitir\u00e1 que para las vacaciones de diciembre est\u00e9n terminados los carriles y resten solamente los pasos que conectar\u00e1n esta v\u00eda.<\/p>\n<p>S\u00ed, \u201cel que espera desespera\u201d. As\u00ed nos pas\u00f3 con la construcci\u00f3n del Paso Superior Arco Norte, en la ciudad de Colima, al igual que en el Arco Sur, con los cierres totales y parciales, largas filas y desviaciones, pero que ahora agilizan el traslado de quienes circulan por Tercer Anillo y Libramiento Sur.<\/p>\n<p>Es entendible que en las redes sociales abunden las quejas y expresiones de malestar por las molestias pasajeras, que quedar\u00e1n olvidadas cuando la carretera quede terminada. Pienso que hemos experimentado eso al circular por los tramos que ya est\u00e1n concluidos: una sensaci\u00f3n de respiro y libertad.<\/p>\n<p>Marisol Neri declar\u00f3 en mi noticiero que las reuniones con los involucrados en la construcci\u00f3n han sido permanentes y que el objetivo es que las obras se desarrollen de forma \u00e1gil, pero sin descuidar la calidad y eficiencia de las mismas. Al mismo tiempo, se ha exigido la presencia de se\u00f1alamientos y medidas de seguridad para disminuir los riesgos para los transe\u00fantes.<\/p>\n<p>Y, a prop\u00f3sito del dicho de mi madre, resulta que Thal\u00eda interpreta una canci\u00f3n titulada \u201cTen paciencia\u201d, que parece completar el dicho de mi madre, pues no solo dice \u201cEl que espera desespera\u201d, sino que a\u00f1ade: \u201cpero tiene su recompensa\u201d.<\/p>\n<p>Y hasta aqu\u00ed los apuntes de hoy.<\/p>\n<p>&nbsp;<\/p>\n","protected":false},"excerpt":{"rendered":"<p>Apuntes de reportero\/ Edgar Torres Mi madre siempre ha sido una persona de dichos. Los dice en el momento oportuno; la experiencia le ha ense\u00f1ado \u2014y a nosotros tambi\u00e9n\u2014 que en los dichos hay sabidur\u00eda. Mi madre tiene una forma peculiar de decirlos: los divide en dos. Dice la primera parte y despu\u00e9s hace un [&hellip;]<\/p>\n","protected":false},"author":1,"featured_media":21860,"comment_status":"open","ping_status":"open","sticky":false,"template":"","format":"standard","meta":{"_jetpack_memberships_contains_paid_content":false,"footnotes":""},"categories":[65],"tags":[425,67],"class_list":["post-24912","post","type-post","status-publish","format-standard","has-post-thumbnail","hentry","category-opinion","tag-apuntes-de-reportero","tag-opinion"],"yoast_head":"<!-- This site is optimized with the Yoast SEO plugin v26.6 - https:\/\/yoast.com\/wordpress\/plugins\/seo\/ -->\n<title>El que espera desespera - M\u00e1s Que Noticias<\/title>\n<meta name=\"robots\" content=\"index, follow, max-snippet:-1, max-image-preview:large, max-video-preview:-1\" \/>\n<link rel=\"canonical\" href=\"https:\/\/masquenoticias.mx\/index.php\/2026\/09\/01\/el-que-espera-desespera\/\" \/>\n<meta property=\"og:locale\" content=\"es_MX\" \/>\n<meta property=\"og:type\" content=\"article\" \/>\n<meta property=\"og:title\" content=\"El que espera desespera - M\u00e1s Que Noticias\" \/>\n<meta property=\"og:description\" content=\"Apuntes de reportero\/ Edgar Torres Mi madre siempre ha sido una persona de dichos. Los dice en el momento oportuno; la experiencia le ha ense\u00f1ado \u2014y a nosotros tambi\u00e9n\u2014 que en los dichos hay sabidur\u00eda. Mi madre tiene una forma peculiar de decirlos: los divide en dos. Dice la primera parte y despu\u00e9s hace un [&hellip;]\" \/>\n<meta property=\"og:url\" content=\"https:\/\/masquenoticias.mx\/index.php\/2026\/09\/01\/el-que-espera-desespera\/\" \/>\n<meta property=\"og:site_name\" content=\"M\u00e1s Que Noticias\" \/>\n<meta property=\"article:publisher\" content=\"https:\/\/www.facebook.com\/masquenoticiascolima\" \/>\n<meta property=\"article:published_time\" content=\"2026-09-01T21:20:42+00:00\" \/>\n<meta property=\"og:image\" content=\"https:\/\/masquenoticias.mx\/wp-content\/uploads\/2026\/03\/Apuntes_Edgar_Torres-1024x683.png\" \/>\n\t<meta property=\"og:image:width\" content=\"1024\" \/>\n\t<meta property=\"og:image:height\" content=\"683\" \/>\n\t<meta property=\"og:image:type\" content=\"image\/png\" \/>\n<meta name=\"author\" content=\"Redacci\u00f3n\" \/>\n<meta name=\"twitter:card\" content=\"summary_large_image\" \/>\n<meta name=\"twitter:creator\" content=\"@edgartove\" \/>\n<meta name=\"twitter:site\" content=\"@edgartove\" \/>\n<meta name=\"twitter:label1\" content=\"Escrito por\" \/>\n\t<meta name=\"twitter:data1\" content=\"Redacci\u00f3n\" \/>\n\t<meta name=\"twitter:label2\" content=\"Tiempo de lectura\" \/>\n\t<meta name=\"twitter:data2\" content=\"3 minutos\" \/>\n<script type=\"application\/ld+json\" class=\"yoast-schema-graph\">{\"@context\":\"https:\/\/schema.org\",\"@graph\":[{\"@type\":\"Article\",\"@id\":\"https:\/\/masquenoticias.mx\/index.php\/2026\/09\/01\/el-que-espera-desespera\/#article\",\"isPartOf\":{\"@id\":\"https:\/\/masquenoticias.mx\/index.php\/2026\/09\/01\/el-que-espera-desespera\/\"},\"author\":{\"name\":\"Redacci\u00f3n\",\"@id\":\"https:\/\/masquenoticias.mx\/#\/schema\/person\/544d19989ef23d34615f691f7a96e622\"},\"headline\":\"El que espera desespera\",\"datePublished\":\"2026-09-01T21:20:42+00:00\",\"mainEntityOfPage\":{\"@id\":\"https:\/\/masquenoticias.mx\/index.php\/2026\/09\/01\/el-que-espera-desespera\/\"},\"wordCount\":490,\"commentCount\":0,\"publisher\":{\"@id\":\"https:\/\/masquenoticias.mx\/#organization\"},\"image\":{\"@id\":\"https:\/\/masquenoticias.mx\/index.php\/2026\/09\/01\/el-que-espera-desespera\/#primaryimage\"},\"thumbnailUrl\":\"https:\/\/i0.wp.com\/masquenoticias.mx\/wp-content\/uploads\/2026\/03\/Apuntes_Edgar_Torres.png?fit=1536%2C1024&ssl=1\",\"keywords\":[\"Apuntes de reportero\",\"Opini\u00f3n\"],\"articleSection\":[\"Opini\u00f3n\"],\"inLanguage\":\"es\",\"potentialAction\":[{\"@type\":\"CommentAction\",\"name\":\"Comment\",\"target\":[\"https:\/\/masquenoticias.mx\/index.php\/2026\/09\/01\/el-que-espera-desespera\/#respond\"]}]},{\"@type\":\"WebPage\",\"@id\":\"https:\/\/masquenoticias.mx\/index.php\/2026\/09\/01\/el-que-espera-desespera\/\",\"url\":\"https:\/\/masquenoticias.mx\/index.php\/2026\/09\/01\/el-que-espera-desespera\/\",\"name\":\"El que espera desespera - M\u00e1s Que Noticias\",\"isPartOf\":{\"@id\":\"https:\/\/masquenoticias.mx\/#website\"},\"primaryImageOfPage\":{\"@id\":\"https:\/\/masquenoticias.mx\/index.php\/2026\/09\/01\/el-que-espera-desespera\/#primaryimage\"},\"image\":{\"@id\":\"https:\/\/masquenoticias.mx\/index.php\/2026\/09\/01\/el-que-espera-desespera\/#primaryimage\"},\"thumbnailUrl\":\"https:\/\/i0.wp.com\/masquenoticias.mx\/wp-content\/uploads\/2026\/03\/Apuntes_Edgar_Torres.png?fit=1536%2C1024&ssl=1\",\"datePublished\":\"2026-09-01T21:20:42+00:00\",\"breadcrumb\":{\"@id\":\"https:\/\/masquenoticias.mx\/index.php\/2026\/09\/01\/el-que-espera-desespera\/#breadcrumb\"},\"inLanguage\":\"es\",\"potentialAction\":[{\"@type\":\"ReadAction\",\"target\":[\"https:\/\/masquenoticias.mx\/index.php\/2026\/09\/01\/el-que-espera-desespera\/\"]}]},{\"@type\":\"ImageObject\",\"inLanguage\":\"es\",\"@id\":\"https:\/\/masquenoticias.mx\/index.php\/2026\/09\/01\/el-que-espera-desespera\/#primaryimage\",\"url\":\"https:\/\/i0.wp.com\/masquenoticias.mx\/wp-content\/uploads\/2026\/03\/Apuntes_Edgar_Torres.png?fit=1536%2C1024&ssl=1\",\"contentUrl\":\"https:\/\/i0.wp.com\/masquenoticias.mx\/wp-content\/uploads\/2026\/03\/Apuntes_Edgar_Torres.png?fit=1536%2C1024&ssl=1\",\"width\":1536,\"height\":1024},{\"@type\":\"BreadcrumbList\",\"@id\":\"https:\/\/masquenoticias.mx\/index.php\/2026\/09\/01\/el-que-espera-desespera\/#breadcrumb\",\"itemListElement\":[{\"@type\":\"ListItem\",\"position\":1,\"name\":\"Inicio\",\"item\":\"https:\/\/masquenoticias.mx\/\"},{\"@type\":\"ListItem\",\"position\":2,\"name\":\"El que espera desespera\"}]},{\"@type\":\"WebSite\",\"@id\":\"https:\/\/masquenoticias.mx\/#website\",\"url\":\"https:\/\/masquenoticias.mx\/\",\"name\":\"M\u00e1s Que Noticias\",\"description\":\"Noticias de Colima, M\u00e9xico y el Mundo\",\"publisher\":{\"@id\":\"https:\/\/masquenoticias.mx\/#organization\"},\"potentialAction\":[{\"@type\":\"SearchAction\",\"target\":{\"@type\":\"EntryPoint\",\"urlTemplate\":\"https:\/\/masquenoticias.mx\/?s={search_term_string}\"},\"query-input\":{\"@type\":\"PropertyValueSpecification\",\"valueRequired\":true,\"valueName\":\"search_term_string\"}}],\"inLanguage\":\"es\"},{\"@type\":\"Organization\",\"@id\":\"https:\/\/masquenoticias.mx\/#organization\",\"name\":\"M\u00e1s Que Noticias\",\"url\":\"https:\/\/masquenoticias.mx\/\",\"logo\":{\"@type\":\"ImageObject\",\"inLanguage\":\"es\",\"@id\":\"https:\/\/masquenoticias.mx\/#\/schema\/logo\/image\/\",\"url\":\"https:\/\/i0.wp.com\/masquenoticias.mx\/wp-content\/uploads\/2024\/04\/IMG_0004.png?fit=2560%2C1656&ssl=1\",\"contentUrl\":\"https:\/\/i0.wp.com\/masquenoticias.mx\/wp-content\/uploads\/2024\/04\/IMG_0004.png?fit=2560%2C1656&ssl=1\",\"width\":2560,\"height\":1656,\"caption\":\"M\u00e1s Que Noticias\"},\"image\":{\"@id\":\"https:\/\/masquenoticias.mx\/#\/schema\/logo\/image\/\"},\"sameAs\":[\"https:\/\/www.facebook.com\/masquenoticiascolima\",\"https:\/\/x.com\/edgartove\",\"https:\/\/www.instagram.com\/masquenoticiascolima\/\"]},{\"@type\":\"Person\",\"@id\":\"https:\/\/masquenoticias.mx\/#\/schema\/person\/544d19989ef23d34615f691f7a96e622\",\"name\":\"Redacci\u00f3n\",\"image\":{\"@type\":\"ImageObject\",\"inLanguage\":\"es\",\"@id\":\"https:\/\/masquenoticias.mx\/#\/schema\/person\/image\/\",\"url\":\"https:\/\/secure.gravatar.com\/avatar\/7fcc926d5b058d3f3d52d95b4d05dd58?s=96&d=mm&r=g\",\"contentUrl\":\"https:\/\/secure.gravatar.com\/avatar\/7fcc926d5b058d3f3d52d95b4d05dd58?s=96&d=mm&r=g\",\"caption\":\"Redacci\u00f3n\"},\"sameAs\":[\"http:\/\/masquenoticias.mx\"],\"url\":\"https:\/\/masquenoticias.mx\/index.php\/author\/edgartovegmail-com\/\"}]}<\/script>\n<!-- \/ Yoast SEO plugin. -->","yoast_head_json":{"title":"El que espera desespera - M\u00e1s Que Noticias","robots":{"index":"index","follow":"follow","max-snippet":"max-snippet:-1","max-image-preview":"max-image-preview:large","max-video-preview":"max-video-preview:-1"},"canonical":"https:\/\/masquenoticias.mx\/index.php\/2026\/09\/01\/el-que-espera-desespera\/","og_locale":"es_MX","og_type":"article","og_title":"El que espera desespera - M\u00e1s Que Noticias","og_description":"Apuntes de reportero\/ Edgar Torres Mi madre siempre ha sido una persona de dichos. Los dice en el momento oportuno; la experiencia le ha ense\u00f1ado \u2014y a nosotros tambi\u00e9n\u2014 que en los dichos hay sabidur\u00eda. Mi madre tiene una forma peculiar de decirlos: los divide en dos. Dice la primera parte y despu\u00e9s hace un [&hellip;]","og_url":"https:\/\/masquenoticias.mx\/index.php\/2026\/09\/01\/el-que-espera-desespera\/","og_site_name":"M\u00e1s Que Noticias","article_publisher":"https:\/\/www.facebook.com\/masquenoticiascolima","article_published_time":"2026-09-01T21:20:42+00:00","og_image":[{"width":1024,"height":683,"url":"https:\/\/masquenoticias.mx\/wp-content\/uploads\/2026\/03\/Apuntes_Edgar_Torres-1024x683.png","type":"image\/png"}],"author":"Redacci\u00f3n","twitter_card":"summary_large_image","twitter_creator":"@edgartove","twitter_site":"@edgartove","twitter_misc":{"Escrito por":"Redacci\u00f3n","Tiempo de lectura":"3 minutos"},"schema":{"@context":"https:\/\/schema.org","@graph":[{"@type":"Article","@id":"https:\/\/masquenoticias.mx\/index.php\/2026\/09\/01\/el-que-espera-desespera\/#article","isPartOf":{"@id":"https:\/\/masquenoticias.mx\/index.php\/2026\/09\/01\/el-que-espera-desespera\/"},"author":{"name":"Redacci\u00f3n","@id":"https:\/\/masquenoticias.mx\/#\/schema\/person\/544d19989ef23d34615f691f7a96e622"},"headline":"El que espera desespera","datePublished":"2026-09-01T21:20:42+00:00","mainEntityOfPage":{"@id":"https:\/\/masquenoticias.mx\/index.php\/2026\/09\/01\/el-que-espera-desespera\/"},"wordCount":490,"commentCount":0,"publisher":{"@id":"https:\/\/masquenoticias.mx\/#organization"},"image":{"@id":"https:\/\/masquenoticias.mx\/index.php\/2026\/09\/01\/el-que-espera-desespera\/#primaryimage"},"thumbnailUrl":"https:\/\/i0.wp.com\/masquenoticias.mx\/wp-content\/uploads\/2026\/03\/Apuntes_Edgar_Torres.png?fit=1536%2C1024&ssl=1","keywords":["Apuntes de reportero","Opini\u00f3n"],"articleSection":["Opini\u00f3n"],"inLanguage":"es","potentialAction":[{"@type":"CommentAction","name":"Comment","target":["https:\/\/masquenoticias.mx\/index.php\/2026\/09\/01\/el-que-espera-desespera\/#respond"]}]},{"@type":"WebPage","@id":"https:\/\/masquenoticias.mx\/index.php\/2026\/09\/01\/el-que-espera-desespera\/","url":"https:\/\/masquenoticias.mx\/index.php\/2026\/09\/01\/el-que-espera-desespera\/","name":"El que espera desespera - M\u00e1s Que Noticias","isPartOf":{"@id":"https:\/\/masquenoticias.mx\/#website"},"primaryImageOfPage":{"@id":"https:\/\/masquenoticias.mx\/index.php\/2026\/09\/01\/el-que-espera-desespera\/#primaryimage"},"image":{"@id":"https:\/\/masquenoticias.mx\/index.php\/2026\/09\/01\/el-que-espera-desespera\/#primaryimage"},"thumbnailUrl":"https:\/\/i0.wp.com\/masquenoticias.mx\/wp-content\/uploads\/2026\/03\/Apuntes_Edgar_Torres.png?fit=1536%2C1024&ssl=1","datePublished":"2026-09-01T21:20:42+00:00","breadcrumb":{"@id":"https:\/\/masquenoticias.mx\/index.php\/2026\/09\/01\/el-que-espera-desespera\/#breadcrumb"},"inLanguage":"es","potentialAction":[{"@type":"ReadAction","target":["https:\/\/masquenoticias.mx\/index.php\/2026\/09\/01\/el-que-espera-desespera\/"]}]},{"@type":"ImageObject","inLanguage":"es","@id":"https:\/\/masquenoticias.mx\/index.php\/2026\/09\/01\/el-que-espera-desespera\/#primaryimage","url":"https:\/\/i0.wp.com\/masquenoticias.mx\/wp-content\/uploads\/2026\/03\/Apuntes_Edgar_Torres.png?fit=1536%2C1024&ssl=1","contentUrl":"https:\/\/i0.wp.com\/masquenoticias.mx\/wp-content\/uploads\/2026\/03\/Apuntes_Edgar_Torres.png?fit=1536%2C1024&ssl=1","width":1536,"height":1024},{"@type":"BreadcrumbList","@id":"https:\/\/masquenoticias.mx\/index.php\/2026\/09\/01\/el-que-espera-desespera\/#breadcrumb","itemListElement":[{"@type":"ListItem","position":1,"name":"Inicio","item":"https:\/\/masquenoticias.mx\/"},{"@type":"ListItem","position":2,"name":"El que espera desespera"}]},{"@type":"WebSite","@id":"https:\/\/masquenoticias.mx\/#website","url":"https:\/\/masquenoticias.mx\/","name":"M\u00e1s Que Noticias","description":"Noticias de Colima, M\u00e9xico y el Mundo","publisher":{"@id":"https:\/\/masquenoticias.mx\/#organization"},"potentialAction":[{"@type":"SearchAction","target":{"@type":"EntryPoint","urlTemplate":"https:\/\/masquenoticias.mx\/?s={search_term_string}"},"query-input":{"@type":"PropertyValueSpecification","valueRequired":true,"valueName":"search_term_string"}}],"inLanguage":"es"},{"@type":"Organization","@id":"https:\/\/masquenoticias.mx\/#organization","name":"M\u00e1s Que Noticias","url":"https:\/\/masquenoticias.mx\/","logo":{"@type":"ImageObject","inLanguage":"es","@id":"https:\/\/masquenoticias.mx\/#\/schema\/logo\/image\/","url":"https:\/\/i0.wp.com\/masquenoticias.mx\/wp-content\/uploads\/2024\/04\/IMG_0004.png?fit=2560%2C1656&ssl=1","contentUrl":"https:\/\/i0.wp.com\/masquenoticias.mx\/wp-content\/uploads\/2024\/04\/IMG_0004.png?fit=2560%2C1656&ssl=1","width":2560,"height":1656,"caption":"M\u00e1s Que Noticias"},"image":{"@id":"https:\/\/masquenoticias.mx\/#\/schema\/logo\/image\/"},"sameAs":["https:\/\/www.facebook.com\/masquenoticiascolima","https:\/\/x.com\/edgartove","https:\/\/www.instagram.com\/masquenoticiascolima\/"]},{"@type":"Person","@id":"https:\/\/masquenoticias.mx\/#\/schema\/person\/544d19989ef23d34615f691f7a96e622","name":"Redacci\u00f3n","image":{"@type":"ImageObject","inLanguage":"es","@id":"https:\/\/masquenoticias.mx\/#\/schema\/person\/image\/","url":"https:\/\/secure.gravatar.com\/avatar\/7fcc926d5b058d3f3d52d95b4d05dd58?s=96&d=mm&r=g","contentUrl":"https:\/\/secure.gravatar.com\/avatar\/7fcc926d5b058d3f3d52d95b4d05dd58?s=96&d=mm&r=g","caption":"Redacci\u00f3n"},"sameAs":["http:\/\/masquenoticias.mx"],"url":"https:\/\/masquenoticias.mx\/index.php\/author\/edgartovegmail-com\/"}]}},"jetpack_featured_media_url":"https:\/\/i0.wp.com\/masquenoticias.mx\/wp-content\/uploads\/2026\/03\/Apuntes_Edgar_Torres.png?fit=1536%2C1024&ssl=1","blog_post_layout_featured_media_urls":{"thumbnail":["https:\/\/i0.wp.com\/masquenoticias.mx\/wp-content\/uploads\/2026\/03\/Apuntes_Edgar_Torres.png?resize=150%2C150&ssl=1",150,150,true],"full":["https:\/\/i0.wp.com\/masquenoticias.mx\/wp-content\/uploads\/2026\/03\/Apuntes_Edgar_Torres.png?fit=1536%2C1024&ssl=1",1536,1024,false]},"categories_names":{"65":{"name":"Opini\u00f3n","link":"https:\/\/masquenoticias.mx\/index.php\/category\/opinion\/"}},"tags_names":{"425":{"name":"Apuntes de reportero","link":"https:\/\/masquenoticias.mx\/index.php\/tag\/apuntes-de-reportero\/"},"67":{"name":"Opini\u00f3n","link":"https:\/\/masquenoticias.mx\/index.php\/tag\/opinion\/"}},"comments_number":"0","wpmagazine_modules_lite_featured_media_urls":{"thumbnail":["https:\/\/i0.wp.com\/masquenoticias.mx\/wp-content\/uploads\/2026\/03\/Apuntes_Edgar_Torres.png?resize=150%2C150&ssl=1",150,150,true],"cvmm-medium":["https:\/\/i0.wp.com\/masquenoticias.mx\/wp-content\/uploads\/2026\/03\/Apuntes_Edgar_Torres.png?resize=300%2C300&ssl=1",300,300,true],"cvmm-medium-plus":["https:\/\/i0.wp.com\/masquenoticias.mx\/wp-content\/uploads\/2026\/03\/Apuntes_Edgar_Torres.png?resize=305%2C207&ssl=1",305,207,true],"cvmm-portrait":["https:\/\/i0.wp.com\/masquenoticias.mx\/wp-content\/uploads\/2026\/03\/Apuntes_Edgar_Torres.png?resize=400%2C600&ssl=1",400,600,true],"cvmm-medium-square":["https:\/\/i0.wp.com\/masquenoticias.mx\/wp-content\/uploads\/2026\/03\/Apuntes_Edgar_Torres.png?resize=600%2C600&ssl=1",600,600,true],"cvmm-large":["https:\/\/i0.wp.com\/masquenoticias.mx\/wp-content\/uploads\/2026\/03\/Apuntes_Edgar_Torres.png?resize=1024%2C1024&ssl=1",1024,1024,true],"cvmm-small":["https:\/\/i0.wp.com\/masquenoticias.mx\/wp-content\/uploads\/2026\/03\/Apuntes_Edgar_Torres.png?resize=130%2C95&ssl=1",130,95,true],"full":["https:\/\/i0.wp.com\/masquenoticias.mx\/wp-content\/uploads\/2026\/03\/Apuntes_Edgar_Torres.png?fit=1536%2C1024&ssl=1",1536,1024,false]},"jetpack-related-posts":[],"jetpack_sharing_enabled":true,"jetpack_likes_enabled":true,"jetpack_shortlink":"https:\/\/wp.me\/pf7pkt-6tO","_links":{"self":[{"href":"https:\/\/masquenoticias.mx\/index.php\/wp-json\/wp\/v2\/posts\/24912","targetHints":{"allow":["GET"]}}],"collection":[{"href":"https:\/\/masquenoticias.mx\/index.php\/wp-json\/wp\/v2\/posts"}],"about":[{"href":"https:\/\/masquenoticias.mx\/index.php\/wp-json\/wp\/v2\/types\/post"}],"author":[{"embeddable":true,"href":"https:\/\/masquenoticias.mx\/index.php\/wp-json\/wp\/v2\/users\/1"}],"replies":[{"embeddable":true,"href":"https:\/\/masquenoticias.mx\/index.php\/wp-json\/wp\/v2\/comments?post=24912"}],"version-history":[{"count":1,"href":"https:\/\/masquenoticias.mx\/index.php\/wp-json\/wp\/v2\/posts\/24912\/revisions"}],"predecessor-version":[{"id":24913,"href":"https:\/\/masquenoticias.mx\/index.php\/wp-json\/wp\/v2\/posts\/24912\/revisions\/24913"}],"wp:featuredmedia":[{"embeddable":true,"href":"https:\/\/masquenoticias.mx\/index.php\/wp-json\/wp\/v2\/media\/21860"}],"wp:attachment":[{"href":"https:\/\/masquenoticias.mx\/index.php\/wp-json\/wp\/v2\/media?parent=24912"}],"wp:term":[{"taxonomy":"category","embeddable":true,"href":"https:\/\/masquenoticias.mx\/index.php\/wp-json\/wp\/v2\/categories?post=24912"},{"taxonomy":"post_tag","embeddable":true,"href":"https:\/\/masquenoticias.mx\/index.php\/wp-json\/wp\/v2\/tags?post=24912"}],"curies":[{"name":"wp","href":"https:\/\/api.w.org\/{rel}","templated":true}]}}