{"id":24909,"date":"2026-08-31T18:26:59","date_gmt":"2026-09-01T00:26:59","guid":{"rendered":"https:\/\/masquenoticias.mx\/?p=24909"},"modified":"2026-08-31T18:26:59","modified_gmt":"2026-09-01T00:26:59","slug":"concluye-lxi-legislatura-de-colima-su-segundo-periodo-ordinario-del-segundo-ano-de-ejercicio-constitucional","status":"publish","type":"post","link":"https:\/\/masquenoticias.mx\/index.php\/2026\/08\/31\/concluye-lxi-legislatura-de-colima-su-segundo-periodo-ordinario-del-segundo-ano-de-ejercicio-constitucional\/","title":{"rendered":"Concluye LXI Legislatura de Colima su Segundo Periodo Ordinario del Segundo A\u00f1o de Ejercicio Constitucional"},"content":{"rendered":"<p>La LXI Legislatura del Congreso del Estado de Colima declar\u00f3 formalmente clausurado, este 31 de agosto, su Segundo Periodo Ordinario de Sesiones, correspondiente al Segundo A\u00f1o de Ejercicio Constitucional.<\/p>\n<p>El presidente de la mesa directiva, Alfredo \u00c1lvarez Ram\u00edrez, comunic\u00f3 que a lo largo de estos meses se realizaron veintid\u00f3s Sesiones Ordinarias y siete Sesiones Solemnes, con un total de total de 99 Decretos, 12 Acuerdos, y la presentaci\u00f3n de 8 Puntos de Acuerdo, de los cuales 5 fueron aprobados y 3 se desecharon por no haber alcanzado la votaci\u00f3n reglamentaria. Asimismo, se presentaron 84 iniciativas, de las cuales 53 fueron dictaminadas y 1 desechada por no alcanzar la votaci\u00f3n reglamentaria; quedando 30 pendientes de dictaminar, mismas que se encuentran en comisiones para su estudio, an\u00e1lisis y dictamen correspondiente.<\/p>\n<p>En los posicionamientos de los Grupos Parlamentarios, la diputada \u00fanica de Nueva Alianza Colima, Martha Elia Far\u00edas R\u00edos, hizo un recuento de las iniciativas presentadas y las que ha apoyado. Adem\u00e1s, se\u00f1al\u00f3 que seguir\u00e1 defendiendo una educaci\u00f3n p\u00fablica fuerte, instituciones eficientes, escuelas seguras y, sobre todo, el reconocimiento que merece el magisterio colimense.<\/p>\n<p>El coordinador de Movimiento Ciudadano (MC), diputado Israel Gonz\u00e1lez Mendoza, mencion\u00f3 que, desde su Grupo Parlamentario, han hecho propuestas en materia de una alimentaci\u00f3n sana y gratuita en las escuelas; del establecimiento de un sistema estatal de cuidados; la defensa del medio ambiente y conservaci\u00f3n de los manglares, entre otras; no solo para llenar un informe, sino para defender causas y exponer necesidades ciudadanas que deben ser atendidas.<\/p>\n<p>Del Partido Acci\u00f3n Nacional (PAN), la diputada Sof\u00eda Peralta Ferro, record\u00f3 que a lo largo del periodo presentaron iniciativas relacionadas a la preservaci\u00f3n de tradiciones; cuidado, protecci\u00f3n y acceso al agua; seguridad p\u00fablica; condiciones de las carreteras, entre otras. Hizo un llamado a proponer alternativas, construir consensos, y ponerse de acuerdo para legislar por las familias colimenses que exigen que se haga el trabajo con rendici\u00f3n de cuentas.<\/p>\n<p>Por su parte, el coordinador del Partido Revolucionario Institucional (PRI), Arnoldo Ochoa Gonz\u00e1lez, reconoci\u00f3 los acuerdos y consensos logrados para apoyar iniciativas independientemente de la fuerza pol\u00edtica que las haya presentado. Sin embargo, se\u00f1al\u00f3 que en muchas ocasiones los procesos se han hecho sin an\u00e1lisis suficiente, por lo que llam\u00f3 a que el Congreso sea un espacio de deliberaci\u00f3n, an\u00e1lisis y discusi\u00f3n con el objetivo de lograr acuerdos duraderos sin imposici\u00f3n.<\/p>\n<p>El diputado Juan Carlos Rend\u00f3n Garc\u00eda, coordinador del Partido Verde Ecologista de M\u00e9xico (PVEM), coment\u00f3 que por encima de las diferencias se avanz\u00f3 en temas importantes para las y los colimenses y, aunque a\u00fan quedan muchos retos y problem\u00e1ticas por atender, es justo reconocer lo que s\u00ed se hizo y los acuerdos alcanzados.<\/p>\n<p>La coordinadora del Grupo Parlamentario del Partido del Trabajo (PT), diputada Evangelina Bustamante, expres\u00f3 que desde el PT plantearon varias iniciativas con el objetivo de fortalecer esfuerzos en materia de derecho de las infancias; la salud mental; la educaci\u00f3n; la defensa de los derechos de las mujeres, as\u00ed como muchas que resultan favorables para la ciudadan\u00eda colimense. Destac\u00f3 tambi\u00e9n el Parlamento de Mujeres y la iniciativa para regular el uso de dispositivos celulares en las aulas. Hizo un llamado para actuar a tiempo y no esperar a que las coyunturas marquen la urgencia de dictaminar iniciativas.<\/p>\n<p>En el cierre de participaciones, la diputada Andrea Naranjo Alcaraz, coordinadora del Grupo Parlamentario de MORENA, inform\u00f3 que, durante este periodo, las y los diputados de Morena presentaron 20 iniciativas que representan una agenda legislativa construida desde el territorio y con la visi\u00f3n de que las leyes est\u00e9n al servicio de las personas. Insisti\u00f3 en que seguir\u00e1n poniendo su trabajo, voz y responsabilidad al servicio de las y los colimenses para seguir construyendo, transformando y para seguir haciendo historia de la mano del pueblo de Colima.<\/p>\n","protected":false},"excerpt":{"rendered":"<p>La LXI Legislatura del Congreso del Estado de Colima declar\u00f3 formalmente clausurado, este 31 de agosto, su Segundo Periodo Ordinario de Sesiones, correspondiente al Segundo A\u00f1o de Ejercicio Constitucional. El presidente de la mesa directiva, Alfredo \u00c1lvarez Ram\u00edrez, comunic\u00f3 que a lo largo de estos meses se realizaron veintid\u00f3s Sesiones Ordinarias y siete Sesiones Solemnes, [&hellip;]<\/p>\n","protected":false},"author":1,"featured_media":24910,"comment_status":"open","ping_status":"open","sticky":false,"template":"","format":"standard","meta":{"_jetpack_memberships_contains_paid_content":false,"footnotes":""},"categories":[32],"tags":[628],"class_list":["post-24909","post","type-post","status-publish","format-standard","has-post-thumbnail","hentry","category-politica","tag-congreso-colima"],"yoast_head":"<!-- This site is optimized with the Yoast SEO plugin v26.6 - https:\/\/yoast.com\/wordpress\/plugins\/seo\/ -->\n<title>Concluye LXI Legislatura de Colima su Segundo Periodo Ordinario del Segundo A\u00f1o de Ejercicio Constitucional - M\u00e1s Que Noticias<\/title>\n<meta name=\"robots\" content=\"index, follow, max-snippet:-1, max-image-preview:large, max-video-preview:-1\" \/>\n<link rel=\"canonical\" href=\"https:\/\/masquenoticias.mx\/index.php\/2026\/08\/31\/concluye-lxi-legislatura-de-colima-su-segundo-periodo-ordinario-del-segundo-ano-de-ejercicio-constitucional\/\" \/>\n<meta property=\"og:locale\" content=\"es_MX\" \/>\n<meta property=\"og:type\" content=\"article\" \/>\n<meta property=\"og:title\" content=\"Concluye LXI Legislatura de Colima su Segundo Periodo Ordinario del Segundo A\u00f1o de Ejercicio Constitucional - M\u00e1s Que Noticias\" \/>\n<meta property=\"og:description\" content=\"La LXI Legislatura del Congreso del Estado de Colima declar\u00f3 formalmente clausurado, este 31 de agosto, su Segundo Periodo Ordinario de Sesiones, correspondiente al Segundo A\u00f1o de Ejercicio Constitucional. El presidente de la mesa directiva, Alfredo \u00c1lvarez Ram\u00edrez, comunic\u00f3 que a lo largo de estos meses se realizaron veintid\u00f3s Sesiones Ordinarias y siete Sesiones Solemnes, [&hellip;]\" \/>\n<meta property=\"og:url\" content=\"https:\/\/masquenoticias.mx\/index.php\/2026\/08\/31\/concluye-lxi-legislatura-de-colima-su-segundo-periodo-ordinario-del-segundo-ano-de-ejercicio-constitucional\/\" \/>\n<meta property=\"og:site_name\" content=\"M\u00e1s Que Noticias\" \/>\n<meta property=\"article:publisher\" content=\"https:\/\/www.facebook.com\/masquenoticiascolima\" \/>\n<meta property=\"article:published_time\" content=\"2026-09-01T00:26:59+00:00\" \/>\n<meta property=\"og:image\" content=\"https:\/\/masquenoticias.mx\/wp-content\/uploads\/2026\/08\/WhatsApp-Image-2026-08-31-at-3.03.54-PM.jpeg\" \/>\n\t<meta property=\"og:image:width\" content=\"1280\" \/>\n\t<meta property=\"og:image:height\" content=\"853\" \/>\n\t<meta property=\"og:image:type\" content=\"image\/jpeg\" \/>\n<meta name=\"author\" content=\"Redacci\u00f3n\" \/>\n<meta name=\"twitter:card\" content=\"summary_large_image\" \/>\n<meta name=\"twitter:creator\" content=\"@edgartove\" \/>\n<meta name=\"twitter:site\" content=\"@edgartove\" \/>\n<meta name=\"twitter:label1\" content=\"Escrito por\" \/>\n\t<meta name=\"twitter:data1\" content=\"Redacci\u00f3n\" \/>\n\t<meta name=\"twitter:label2\" content=\"Tiempo de lectura\" \/>\n\t<meta name=\"twitter:data2\" content=\"4 minutos\" \/>\n<script type=\"application\/ld+json\" class=\"yoast-schema-graph\">{\"@context\":\"https:\/\/schema.org\",\"@graph\":[{\"@type\":\"Article\",\"@id\":\"https:\/\/masquenoticias.mx\/index.php\/2026\/08\/31\/concluye-lxi-legislatura-de-colima-su-segundo-periodo-ordinario-del-segundo-ano-de-ejercicio-constitucional\/#article\",\"isPartOf\":{\"@id\":\"https:\/\/masquenoticias.mx\/index.php\/2026\/08\/31\/concluye-lxi-legislatura-de-colima-su-segundo-periodo-ordinario-del-segundo-ano-de-ejercicio-constitucional\/\"},\"author\":{\"name\":\"Redacci\u00f3n\",\"@id\":\"https:\/\/masquenoticias.mx\/#\/schema\/person\/544d19989ef23d34615f691f7a96e622\"},\"headline\":\"Concluye LXI Legislatura de Colima su Segundo Periodo Ordinario del Segundo A\u00f1o de Ejercicio Constitucional\",\"datePublished\":\"2026-09-01T00:26:59+00:00\",\"mainEntityOfPage\":{\"@id\":\"https:\/\/masquenoticias.mx\/index.php\/2026\/08\/31\/concluye-lxi-legislatura-de-colima-su-segundo-periodo-ordinario-del-segundo-ano-de-ejercicio-constitucional\/\"},\"wordCount\":669,\"commentCount\":0,\"publisher\":{\"@id\":\"https:\/\/masquenoticias.mx\/#organization\"},\"image\":{\"@id\":\"https:\/\/masquenoticias.mx\/index.php\/2026\/08\/31\/concluye-lxi-legislatura-de-colima-su-segundo-periodo-ordinario-del-segundo-ano-de-ejercicio-constitucional\/#primaryimage\"},\"thumbnailUrl\":\"https:\/\/i0.wp.com\/masquenoticias.mx\/wp-content\/uploads\/2026\/08\/WhatsApp-Image-2026-08-31-at-3.03.54-PM.jpeg?fit=1280%2C853&ssl=1\",\"keywords\":[\"Congreso Colima\"],\"articleSection\":[\"Pol\u00edtica\"],\"inLanguage\":\"es\",\"potentialAction\":[{\"@type\":\"CommentAction\",\"name\":\"Comment\",\"target\":[\"https:\/\/masquenoticias.mx\/index.php\/2026\/08\/31\/concluye-lxi-legislatura-de-colima-su-segundo-periodo-ordinario-del-segundo-ano-de-ejercicio-constitucional\/#respond\"]}]},{\"@type\":\"WebPage\",\"@id\":\"https:\/\/masquenoticias.mx\/index.php\/2026\/08\/31\/concluye-lxi-legislatura-de-colima-su-segundo-periodo-ordinario-del-segundo-ano-de-ejercicio-constitucional\/\",\"url\":\"https:\/\/masquenoticias.mx\/index.php\/2026\/08\/31\/concluye-lxi-legislatura-de-colima-su-segundo-periodo-ordinario-del-segundo-ano-de-ejercicio-constitucional\/\",\"name\":\"Concluye LXI Legislatura de Colima su Segundo Periodo Ordinario del Segundo A\u00f1o de Ejercicio Constitucional - M\u00e1s Que Noticias\",\"isPartOf\":{\"@id\":\"https:\/\/masquenoticias.mx\/#website\"},\"primaryImageOfPage\":{\"@id\":\"https:\/\/masquenoticias.mx\/index.php\/2026\/08\/31\/concluye-lxi-legislatura-de-colima-su-segundo-periodo-ordinario-del-segundo-ano-de-ejercicio-constitucional\/#primaryimage\"},\"image\":{\"@id\":\"https:\/\/masquenoticias.mx\/index.php\/2026\/08\/31\/concluye-lxi-legislatura-de-colima-su-segundo-periodo-ordinario-del-segundo-ano-de-ejercicio-constitucional\/#primaryimage\"},\"thumbnailUrl\":\"https:\/\/i0.wp.com\/masquenoticias.mx\/wp-content\/uploads\/2026\/08\/WhatsApp-Image-2026-08-31-at-3.03.54-PM.jpeg?fit=1280%2C853&ssl=1\",\"datePublished\":\"2026-09-01T00:26:59+00:00\",\"breadcrumb\":{\"@id\":\"https:\/\/masquenoticias.mx\/index.php\/2026\/08\/31\/concluye-lxi-legislatura-de-colima-su-segundo-periodo-ordinario-del-segundo-ano-de-ejercicio-constitucional\/#breadcrumb\"},\"inLanguage\":\"es\",\"potentialAction\":[{\"@type\":\"ReadAction\",\"target\":[\"https:\/\/masquenoticias.mx\/index.php\/2026\/08\/31\/concluye-lxi-legislatura-de-colima-su-segundo-periodo-ordinario-del-segundo-ano-de-ejercicio-constitucional\/\"]}]},{\"@type\":\"ImageObject\",\"inLanguage\":\"es\",\"@id\":\"https:\/\/masquenoticias.mx\/index.php\/2026\/08\/31\/concluye-lxi-legislatura-de-colima-su-segundo-periodo-ordinario-del-segundo-ano-de-ejercicio-constitucional\/#primaryimage\",\"url\":\"https:\/\/i0.wp.com\/masquenoticias.mx\/wp-content\/uploads\/2026\/08\/WhatsApp-Image-2026-08-31-at-3.03.54-PM.jpeg?fit=1280%2C853&ssl=1\",\"contentUrl\":\"https:\/\/i0.wp.com\/masquenoticias.mx\/wp-content\/uploads\/2026\/08\/WhatsApp-Image-2026-08-31-at-3.03.54-PM.jpeg?fit=1280%2C853&ssl=1\",\"width\":1280,\"height\":853},{\"@type\":\"BreadcrumbList\",\"@id\":\"https:\/\/masquenoticias.mx\/index.php\/2026\/08\/31\/concluye-lxi-legislatura-de-colima-su-segundo-periodo-ordinario-del-segundo-ano-de-ejercicio-constitucional\/#breadcrumb\",\"itemListElement\":[{\"@type\":\"ListItem\",\"position\":1,\"name\":\"Inicio\",\"item\":\"https:\/\/masquenoticias.mx\/\"},{\"@type\":\"ListItem\",\"position\":2,\"name\":\"Concluye LXI Legislatura de Colima su Segundo Periodo Ordinario del Segundo A\u00f1o de Ejercicio Constitucional\"}]},{\"@type\":\"WebSite\",\"@id\":\"https:\/\/masquenoticias.mx\/#website\",\"url\":\"https:\/\/masquenoticias.mx\/\",\"name\":\"M\u00e1s Que Noticias\",\"description\":\"Noticias de Colima, M\u00e9xico y el Mundo\",\"publisher\":{\"@id\":\"https:\/\/masquenoticias.mx\/#organization\"},\"potentialAction\":[{\"@type\":\"SearchAction\",\"target\":{\"@type\":\"EntryPoint\",\"urlTemplate\":\"https:\/\/masquenoticias.mx\/?s={search_term_string}\"},\"query-input\":{\"@type\":\"PropertyValueSpecification\",\"valueRequired\":true,\"valueName\":\"search_term_string\"}}],\"inLanguage\":\"es\"},{\"@type\":\"Organization\",\"@id\":\"https:\/\/masquenoticias.mx\/#organization\",\"name\":\"M\u00e1s Que Noticias\",\"url\":\"https:\/\/masquenoticias.mx\/\",\"logo\":{\"@type\":\"ImageObject\",\"inLanguage\":\"es\",\"@id\":\"https:\/\/masquenoticias.mx\/#\/schema\/logo\/image\/\",\"url\":\"https:\/\/i0.wp.com\/masquenoticias.mx\/wp-content\/uploads\/2024\/04\/IMG_0004.png?fit=2560%2C1656&ssl=1\",\"contentUrl\":\"https:\/\/i0.wp.com\/masquenoticias.mx\/wp-content\/uploads\/2024\/04\/IMG_0004.png?fit=2560%2C1656&ssl=1\",\"width\":2560,\"height\":1656,\"caption\":\"M\u00e1s Que Noticias\"},\"image\":{\"@id\":\"https:\/\/masquenoticias.mx\/#\/schema\/logo\/image\/\"},\"sameAs\":[\"https:\/\/www.facebook.com\/masquenoticiascolima\",\"https:\/\/x.com\/edgartove\",\"https:\/\/www.instagram.com\/masquenoticiascolima\/\"]},{\"@type\":\"Person\",\"@id\":\"https:\/\/masquenoticias.mx\/#\/schema\/person\/544d19989ef23d34615f691f7a96e622\",\"name\":\"Redacci\u00f3n\",\"image\":{\"@type\":\"ImageObject\",\"inLanguage\":\"es\",\"@id\":\"https:\/\/masquenoticias.mx\/#\/schema\/person\/image\/\",\"url\":\"https:\/\/secure.gravatar.com\/avatar\/7fcc926d5b058d3f3d52d95b4d05dd58?s=96&d=mm&r=g\",\"contentUrl\":\"https:\/\/secure.gravatar.com\/avatar\/7fcc926d5b058d3f3d52d95b4d05dd58?s=96&d=mm&r=g\",\"caption\":\"Redacci\u00f3n\"},\"sameAs\":[\"http:\/\/masquenoticias.mx\"],\"url\":\"https:\/\/masquenoticias.mx\/index.php\/author\/edgartovegmail-com\/\"}]}<\/script>\n<!-- \/ Yoast SEO plugin. -->","yoast_head_json":{"title":"Concluye LXI Legislatura de Colima su Segundo Periodo Ordinario del Segundo A\u00f1o de Ejercicio Constitucional - M\u00e1s Que Noticias","robots":{"index":"index","follow":"follow","max-snippet":"max-snippet:-1","max-image-preview":"max-image-preview:large","max-video-preview":"max-video-preview:-1"},"canonical":"https:\/\/masquenoticias.mx\/index.php\/2026\/08\/31\/concluye-lxi-legislatura-de-colima-su-segundo-periodo-ordinario-del-segundo-ano-de-ejercicio-constitucional\/","og_locale":"es_MX","og_type":"article","og_title":"Concluye LXI Legislatura de Colima su Segundo Periodo Ordinario del Segundo A\u00f1o de Ejercicio Constitucional - M\u00e1s Que Noticias","og_description":"La LXI Legislatura del Congreso del Estado de Colima declar\u00f3 formalmente clausurado, este 31 de agosto, su Segundo Periodo Ordinario de Sesiones, correspondiente al Segundo A\u00f1o de Ejercicio Constitucional. El presidente de la mesa directiva, Alfredo \u00c1lvarez Ram\u00edrez, comunic\u00f3 que a lo largo de estos meses se realizaron veintid\u00f3s Sesiones Ordinarias y siete Sesiones Solemnes, [&hellip;]","og_url":"https:\/\/masquenoticias.mx\/index.php\/2026\/08\/31\/concluye-lxi-legislatura-de-colima-su-segundo-periodo-ordinario-del-segundo-ano-de-ejercicio-constitucional\/","og_site_name":"M\u00e1s Que Noticias","article_publisher":"https:\/\/www.facebook.com\/masquenoticiascolima","article_published_time":"2026-09-01T00:26:59+00:00","og_image":[{"width":1280,"height":853,"url":"https:\/\/masquenoticias.mx\/wp-content\/uploads\/2026\/08\/WhatsApp-Image-2026-08-31-at-3.03.54-PM.jpeg","type":"image\/jpeg"}],"author":"Redacci\u00f3n","twitter_card":"summary_large_image","twitter_creator":"@edgartove","twitter_site":"@edgartove","twitter_misc":{"Escrito por":"Redacci\u00f3n","Tiempo de lectura":"4 minutos"},"schema":{"@context":"https:\/\/schema.org","@graph":[{"@type":"Article","@id":"https:\/\/masquenoticias.mx\/index.php\/2026\/08\/31\/concluye-lxi-legislatura-de-colima-su-segundo-periodo-ordinario-del-segundo-ano-de-ejercicio-constitucional\/#article","isPartOf":{"@id":"https:\/\/masquenoticias.mx\/index.php\/2026\/08\/31\/concluye-lxi-legislatura-de-colima-su-segundo-periodo-ordinario-del-segundo-ano-de-ejercicio-constitucional\/"},"author":{"name":"Redacci\u00f3n","@id":"https:\/\/masquenoticias.mx\/#\/schema\/person\/544d19989ef23d34615f691f7a96e622"},"headline":"Concluye LXI Legislatura de Colima su Segundo Periodo Ordinario del Segundo A\u00f1o de Ejercicio Constitucional","datePublished":"2026-09-01T00:26:59+00:00","mainEntityOfPage":{"@id":"https:\/\/masquenoticias.mx\/index.php\/2026\/08\/31\/concluye-lxi-legislatura-de-colima-su-segundo-periodo-ordinario-del-segundo-ano-de-ejercicio-constitucional\/"},"wordCount":669,"commentCount":0,"publisher":{"@id":"https:\/\/masquenoticias.mx\/#organization"},"image":{"@id":"https:\/\/masquenoticias.mx\/index.php\/2026\/08\/31\/concluye-lxi-legislatura-de-colima-su-segundo-periodo-ordinario-del-segundo-ano-de-ejercicio-constitucional\/#primaryimage"},"thumbnailUrl":"https:\/\/i0.wp.com\/masquenoticias.mx\/wp-content\/uploads\/2026\/08\/WhatsApp-Image-2026-08-31-at-3.03.54-PM.jpeg?fit=1280%2C853&ssl=1","keywords":["Congreso Colima"],"articleSection":["Pol\u00edtica"],"inLanguage":"es","potentialAction":[{"@type":"CommentAction","name":"Comment","target":["https:\/\/masquenoticias.mx\/index.php\/2026\/08\/31\/concluye-lxi-legislatura-de-colima-su-segundo-periodo-ordinario-del-segundo-ano-de-ejercicio-constitucional\/#respond"]}]},{"@type":"WebPage","@id":"https:\/\/masquenoticias.mx\/index.php\/2026\/08\/31\/concluye-lxi-legislatura-de-colima-su-segundo-periodo-ordinario-del-segundo-ano-de-ejercicio-constitucional\/","url":"https:\/\/masquenoticias.mx\/index.php\/2026\/08\/31\/concluye-lxi-legislatura-de-colima-su-segundo-periodo-ordinario-del-segundo-ano-de-ejercicio-constitucional\/","name":"Concluye LXI Legislatura de Colima su Segundo Periodo Ordinario del Segundo A\u00f1o de Ejercicio Constitucional - M\u00e1s Que Noticias","isPartOf":{"@id":"https:\/\/masquenoticias.mx\/#website"},"primaryImageOfPage":{"@id":"https:\/\/masquenoticias.mx\/index.php\/2026\/08\/31\/concluye-lxi-legislatura-de-colima-su-segundo-periodo-ordinario-del-segundo-ano-de-ejercicio-constitucional\/#primaryimage"},"image":{"@id":"https:\/\/masquenoticias.mx\/index.php\/2026\/08\/31\/concluye-lxi-legislatura-de-colima-su-segundo-periodo-ordinario-del-segundo-ano-de-ejercicio-constitucional\/#primaryimage"},"thumbnailUrl":"https:\/\/i0.wp.com\/masquenoticias.mx\/wp-content\/uploads\/2026\/08\/WhatsApp-Image-2026-08-31-at-3.03.54-PM.jpeg?fit=1280%2C853&ssl=1","datePublished":"2026-09-01T00:26:59+00:00","breadcrumb":{"@id":"https:\/\/masquenoticias.mx\/index.php\/2026\/08\/31\/concluye-lxi-legislatura-de-colima-su-segundo-periodo-ordinario-del-segundo-ano-de-ejercicio-constitucional\/#breadcrumb"},"inLanguage":"es","potentialAction":[{"@type":"ReadAction","target":["https:\/\/masquenoticias.mx\/index.php\/2026\/08\/31\/concluye-lxi-legislatura-de-colima-su-segundo-periodo-ordinario-del-segundo-ano-de-ejercicio-constitucional\/"]}]},{"@type":"ImageObject","inLanguage":"es","@id":"https:\/\/masquenoticias.mx\/index.php\/2026\/08\/31\/concluye-lxi-legislatura-de-colima-su-segundo-periodo-ordinario-del-segundo-ano-de-ejercicio-constitucional\/#primaryimage","url":"https:\/\/i0.wp.com\/masquenoticias.mx\/wp-content\/uploads\/2026\/08\/WhatsApp-Image-2026-08-31-at-3.03.54-PM.jpeg?fit=1280%2C853&ssl=1","contentUrl":"https:\/\/i0.wp.com\/masquenoticias.mx\/wp-content\/uploads\/2026\/08\/WhatsApp-Image-2026-08-31-at-3.03.54-PM.jpeg?fit=1280%2C853&ssl=1","width":1280,"height":853},{"@type":"BreadcrumbList","@id":"https:\/\/masquenoticias.mx\/index.php\/2026\/08\/31\/concluye-lxi-legislatura-de-colima-su-segundo-periodo-ordinario-del-segundo-ano-de-ejercicio-constitucional\/#breadcrumb","itemListElement":[{"@type":"ListItem","position":1,"name":"Inicio","item":"https:\/\/masquenoticias.mx\/"},{"@type":"ListItem","position":2,"name":"Concluye LXI Legislatura de Colima su Segundo Periodo Ordinario del Segundo A\u00f1o de Ejercicio Constitucional"}]},{"@type":"WebSite","@id":"https:\/\/masquenoticias.mx\/#website","url":"https:\/\/masquenoticias.mx\/","name":"M\u00e1s Que Noticias","description":"Noticias de Colima, M\u00e9xico y el Mundo","publisher":{"@id":"https:\/\/masquenoticias.mx\/#organization"},"potentialAction":[{"@type":"SearchAction","target":{"@type":"EntryPoint","urlTemplate":"https:\/\/masquenoticias.mx\/?s={search_term_string}"},"query-input":{"@type":"PropertyValueSpecification","valueRequired":true,"valueName":"search_term_string"}}],"inLanguage":"es"},{"@type":"Organization","@id":"https:\/\/masquenoticias.mx\/#organization","name":"M\u00e1s Que Noticias","url":"https:\/\/masquenoticias.mx\/","logo":{"@type":"ImageObject","inLanguage":"es","@id":"https:\/\/masquenoticias.mx\/#\/schema\/logo\/image\/","url":"https:\/\/i0.wp.com\/masquenoticias.mx\/wp-content\/uploads\/2024\/04\/IMG_0004.png?fit=2560%2C1656&ssl=1","contentUrl":"https:\/\/i0.wp.com\/masquenoticias.mx\/wp-content\/uploads\/2024\/04\/IMG_0004.png?fit=2560%2C1656&ssl=1","width":2560,"height":1656,"caption":"M\u00e1s Que Noticias"},"image":{"@id":"https:\/\/masquenoticias.mx\/#\/schema\/logo\/image\/"},"sameAs":["https:\/\/www.facebook.com\/masquenoticiascolima","https:\/\/x.com\/edgartove","https:\/\/www.instagram.com\/masquenoticiascolima\/"]},{"@type":"Person","@id":"https:\/\/masquenoticias.mx\/#\/schema\/person\/544d19989ef23d34615f691f7a96e622","name":"Redacci\u00f3n","image":{"@type":"ImageObject","inLanguage":"es","@id":"https:\/\/masquenoticias.mx\/#\/schema\/person\/image\/","url":"https:\/\/secure.gravatar.com\/avatar\/7fcc926d5b058d3f3d52d95b4d05dd58?s=96&d=mm&r=g","contentUrl":"https:\/\/secure.gravatar.com\/avatar\/7fcc926d5b058d3f3d52d95b4d05dd58?s=96&d=mm&r=g","caption":"Redacci\u00f3n"},"sameAs":["http:\/\/masquenoticias.mx"],"url":"https:\/\/masquenoticias.mx\/index.php\/author\/edgartovegmail-com\/"}]}},"jetpack_featured_media_url":"https:\/\/i0.wp.com\/masquenoticias.mx\/wp-content\/uploads\/2026\/08\/WhatsApp-Image-2026-08-31-at-3.03.54-PM.jpeg?fit=1280%2C853&ssl=1","blog_post_layout_featured_media_urls":{"thumbnail":["https:\/\/i0.wp.com\/masquenoticias.mx\/wp-content\/uploads\/2026\/08\/WhatsApp-Image-2026-08-31-at-3.03.54-PM.jpeg?resize=150%2C150&ssl=1",150,150,true],"full":["https:\/\/i0.wp.com\/masquenoticias.mx\/wp-content\/uploads\/2026\/08\/WhatsApp-Image-2026-08-31-at-3.03.54-PM.jpeg?fit=1280%2C853&ssl=1",1280,853,false]},"categories_names":{"32":{"name":"Pol\u00edtica","link":"https:\/\/masquenoticias.mx\/index.php\/category\/politica\/"}},"tags_names":{"628":{"name":"Congreso Colima","link":"https:\/\/masquenoticias.mx\/index.php\/tag\/congreso-colima\/"}},"comments_number":"0","wpmagazine_modules_lite_featured_media_urls":{"thumbnail":["https:\/\/i0.wp.com\/masquenoticias.mx\/wp-content\/uploads\/2026\/08\/WhatsApp-Image-2026-08-31-at-3.03.54-PM.jpeg?resize=150%2C150&ssl=1",150,150,true],"cvmm-medium":["https:\/\/i0.wp.com\/masquenoticias.mx\/wp-content\/uploads\/2026\/08\/WhatsApp-Image-2026-08-31-at-3.03.54-PM.jpeg?resize=300%2C300&ssl=1",300,300,true],"cvmm-medium-plus":["https:\/\/i0.wp.com\/masquenoticias.mx\/wp-content\/uploads\/2026\/08\/WhatsApp-Image-2026-08-31-at-3.03.54-PM.jpeg?resize=305%2C207&ssl=1",305,207,true],"cvmm-portrait":["https:\/\/i0.wp.com\/masquenoticias.mx\/wp-content\/uploads\/2026\/08\/WhatsApp-Image-2026-08-31-at-3.03.54-PM.jpeg?resize=400%2C600&ssl=1",400,600,true],"cvmm-medium-square":["https:\/\/i0.wp.com\/masquenoticias.mx\/wp-content\/uploads\/2026\/08\/WhatsApp-Image-2026-08-31-at-3.03.54-PM.jpeg?resize=600%2C600&ssl=1",600,600,true],"cvmm-large":["https:\/\/i0.wp.com\/masquenoticias.mx\/wp-content\/uploads\/2026\/08\/WhatsApp-Image-2026-08-31-at-3.03.54-PM.jpeg?resize=1024%2C853&ssl=1",1024,853,true],"cvmm-small":["https:\/\/i0.wp.com\/masquenoticias.mx\/wp-content\/uploads\/2026\/08\/WhatsApp-Image-2026-08-31-at-3.03.54-PM.jpeg?resize=130%2C95&ssl=1",130,95,true],"full":["https:\/\/i0.wp.com\/masquenoticias.mx\/wp-content\/uploads\/2026\/08\/WhatsApp-Image-2026-08-31-at-3.03.54-PM.jpeg?fit=1280%2C853&ssl=1",1280,853,false]},"jetpack-related-posts":[],"jetpack_sharing_enabled":true,"jetpack_likes_enabled":true,"jetpack_shortlink":"https:\/\/wp.me\/pf7pkt-6tL","_links":{"self":[{"href":"https:\/\/masquenoticias.mx\/index.php\/wp-json\/wp\/v2\/posts\/24909","targetHints":{"allow":["GET"]}}],"collection":[{"href":"https:\/\/masquenoticias.mx\/index.php\/wp-json\/wp\/v2\/posts"}],"about":[{"href":"https:\/\/masquenoticias.mx\/index.php\/wp-json\/wp\/v2\/types\/post"}],"author":[{"embeddable":true,"href":"https:\/\/masquenoticias.mx\/index.php\/wp-json\/wp\/v2\/users\/1"}],"replies":[{"embeddable":true,"href":"https:\/\/masquenoticias.mx\/index.php\/wp-json\/wp\/v2\/comments?post=24909"}],"version-history":[{"count":1,"href":"https:\/\/masquenoticias.mx\/index.php\/wp-json\/wp\/v2\/posts\/24909\/revisions"}],"predecessor-version":[{"id":24911,"href":"https:\/\/masquenoticias.mx\/index.php\/wp-json\/wp\/v2\/posts\/24909\/revisions\/24911"}],"wp:featuredmedia":[{"embeddable":true,"href":"https:\/\/masquenoticias.mx\/index.php\/wp-json\/wp\/v2\/media\/24910"}],"wp:attachment":[{"href":"https:\/\/masquenoticias.mx\/index.php\/wp-json\/wp\/v2\/media?parent=24909"}],"wp:term":[{"taxonomy":"category","embeddable":true,"href":"https:\/\/masquenoticias.mx\/index.php\/wp-json\/wp\/v2\/categories?post=24909"},{"taxonomy":"post_tag","embeddable":true,"href":"https:\/\/masquenoticias.mx\/index.php\/wp-json\/wp\/v2\/tags?post=24909"}],"curies":[{"name":"wp","href":"https:\/\/api.w.org\/{rel}","templated":true}]}}