{"id":24906,"date":"2026-08-31T18:16:11","date_gmt":"2026-09-01T00:16:11","guid":{"rendered":"https:\/\/masquenoticias.mx\/?p=24906"},"modified":"2026-08-31T18:16:11","modified_gmt":"2026-09-01T00:16:11","slug":"un-nuevo-ciclo","status":"publish","type":"post","link":"https:\/\/masquenoticias.mx\/index.php\/2026\/08\/31\/un-nuevo-ciclo\/","title":{"rendered":"Un nuevo ciclo"},"content":{"rendered":"<p>Un nuevo ciclo por: <span class=\"xv78j7m\" spellcheck=\"false\">Julio Le\u00f3n<\/span><\/p>\n<p>Este lunes 31 de agosto millones de ni\u00f1as, ni\u00f1os y adolescentes regresar\u00e1n a las aulas para comenzar el ciclo escolar 2026-2027. M\u00e1s de 20 millones de estudiantes de educaci\u00f3n b\u00e1sica volver\u00e1n a clases. Para muchos ser\u00e1 un grado m\u00e1s, una nueva etapa o una meta que alcanzaron despu\u00e9s de mucho esfuerzo y, para las familias, tambi\u00e9n comienza un nuevo cap\u00edtulo.<\/p>\n<p>A m\u00ed el regreso a clases me hace pensar en lo r\u00e1pido que crecen nuestras hijas e hijos. Cada a\u00f1o los vemos avanzar un poco m\u00e1s y enfrentarse a cosas nuevas. Como padre, s\u00e9 que acompa\u00f1arlos tambi\u00e9n significa aprender con ellos y entender que nuestra manera de estar cerca tiene que cambiar conforme ellos crecen. A veces necesitan que los ayudemos y otras veces necesitan que confiemos en ellos y les demos espacio para avanzar por s\u00ed mismos.<\/p>\n<p>Eso tambi\u00e9n nos plantea nuevos retos como padres. Nuestros hijos est\u00e1n creciendo en un mundo muy distinto al que nosotros conocimos, en el que internet y las redes sociales forman parte de su vida desde muy temprano. Antes sal\u00edamos a echar la \u201ccascarita\u201d; hoy hasta la manera que tienen de divertirse y de convivir con otras ni\u00f1as y ni\u00f1os es diferente.<\/p>\n<p>Yo quiero motivar a mi hija y a mis hijos a descubrir otras formas de aprender y de disfrutar su tiempo. Tambi\u00e9n quiero fomentar en ellos el gusto por la lectura y eso me lleva a conversar m\u00e1s en casa, especialmente durante la cena, que es el momento en que estamos todos juntos. Son peque\u00f1as acciones, pero considero que pueden acompa\u00f1arlos durante toda su vida.<br \/>\nEse acompa\u00f1amiento tambi\u00e9n se construye en la escuela y requiere del respaldo del Gobierno. Por eso, millones de estudiantes cuentan hoy con una beca, sin importar el nivel educativo en el que se encuentren.<\/p>\n<p>Este sistema de becas ya es el m\u00e1s grande de M\u00e9xico y queremos seguir fortaleci\u00e9ndolo para que m\u00e1s estudiantes puedan continuar con sus estudios y ejercer plenamente su derecho a la educaci\u00f3n.<\/p>\n<p>Para lograrlo, durante este ciclo estaremos cerca de las familias y de las y los estudiantes mediante las Asambleas Informativas en las escuelas. Ah\u00ed podr\u00e1n conocer c\u00f3mo solicitar las becas, resolver sus dudas y recibir orientaci\u00f3n. Queremos que tengan toda la informaci\u00f3n necesaria para acceder a su apoyo.<\/p>\n<p>La Presidenta <span class=\"xv78j7m\" spellcheck=\"false\">Claudia Sheinbaum Pardo<\/span> ha hecho de las becas una prioridad de su Gobierno. Su impulso ha permitido ampliar este sistema y nuestra responsabilidad es seguir trabajando para que este esfuerzo llegue cada vez m\u00e1s lejos y para que Becas Bienestar funcione cada vez mejor, en beneficio de nuestros millones de becarios.<\/p>\n<p>Educar es transformar y es una tarea compartida. Como padres tenemos mucho que hacer en casa y las escuelas tienen una enorme responsabilidad en la formaci\u00f3n de nuestros hijos. Desde el Gobierno nos corresponde acompa\u00f1ar ese esfuerzo y garantizar que cada estudiante cuente con el respaldo que merece.<\/p>\n<p>A quienes este lunes comienzan un nuevo ciclo escolar les deseo que lo disfruten, que tengan curiosidad por aprender, confianza para preguntar y que se propongan nuevas metas. A las mam\u00e1s y pap\u00e1s les digo que no est\u00e1n solos en esto. Juntas y juntos lograremos que nuestras hijas e hijos, que son la ni\u00f1ez y la juventud de M\u00e9xico, salgan adelante.<\/p>\n<p>Tengan la seguridad de que seguiremos trabajando para que cada nuevo ciclo permita a nuestras ni\u00f1as, ni\u00f1os y j\u00f3venes seguir aprendiendo y creciendo. \u00a1Buen inicio de ciclo!<\/p>\n","protected":false},"excerpt":{"rendered":"<p>Un nuevo ciclo por: Julio Le\u00f3n Este lunes 31 de agosto millones de ni\u00f1as, ni\u00f1os y adolescentes regresar\u00e1n a las aulas para comenzar el ciclo escolar 2026-2027. M\u00e1s de 20 millones de estudiantes de educaci\u00f3n b\u00e1sica volver\u00e1n a clases. Para muchos ser\u00e1 un grado m\u00e1s, una nueva etapa o una meta que alcanzaron despu\u00e9s de [&hellip;]<\/p>\n","protected":false},"author":1,"featured_media":24907,"comment_status":"open","ping_status":"open","sticky":false,"template":"","format":"standard","meta":{"_jetpack_memberships_contains_paid_content":false,"footnotes":""},"categories":[65],"tags":[221,67],"class_list":["post-24906","post","type-post","status-publish","format-standard","has-post-thumbnail","hentry","category-opinion","tag-julio-leon","tag-opinion"],"yoast_head":"<!-- This site is optimized with the Yoast SEO plugin v26.6 - https:\/\/yoast.com\/wordpress\/plugins\/seo\/ -->\n<title>Un nuevo ciclo - M\u00e1s Que Noticias<\/title>\n<meta name=\"robots\" content=\"index, follow, max-snippet:-1, max-image-preview:large, max-video-preview:-1\" \/>\n<link rel=\"canonical\" href=\"https:\/\/masquenoticias.mx\/index.php\/2026\/08\/31\/un-nuevo-ciclo\/\" \/>\n<meta property=\"og:locale\" content=\"es_MX\" \/>\n<meta property=\"og:type\" content=\"article\" \/>\n<meta property=\"og:title\" content=\"Un nuevo ciclo - M\u00e1s Que Noticias\" \/>\n<meta property=\"og:description\" content=\"Un nuevo ciclo por: Julio Le\u00f3n Este lunes 31 de agosto millones de ni\u00f1as, ni\u00f1os y adolescentes regresar\u00e1n a las aulas para comenzar el ciclo escolar 2026-2027. M\u00e1s de 20 millones de estudiantes de educaci\u00f3n b\u00e1sica volver\u00e1n a clases. Para muchos ser\u00e1 un grado m\u00e1s, una nueva etapa o una meta que alcanzaron despu\u00e9s de [&hellip;]\" \/>\n<meta property=\"og:url\" content=\"https:\/\/masquenoticias.mx\/index.php\/2026\/08\/31\/un-nuevo-ciclo\/\" \/>\n<meta property=\"og:site_name\" content=\"M\u00e1s Que Noticias\" \/>\n<meta property=\"article:publisher\" content=\"https:\/\/www.facebook.com\/masquenoticiascolima\" \/>\n<meta property=\"article:published_time\" content=\"2026-09-01T00:16:11+00:00\" \/>\n<meta property=\"og:image\" content=\"https:\/\/masquenoticias.mx\/wp-content\/uploads\/2026\/08\/Julio_Leon.webp\" \/>\n\t<meta property=\"og:image:width\" content=\"1280\" \/>\n\t<meta property=\"og:image:height\" content=\"854\" \/>\n\t<meta property=\"og:image:type\" content=\"image\/webp\" \/>\n<meta name=\"author\" content=\"Redacci\u00f3n\" \/>\n<meta name=\"twitter:card\" content=\"summary_large_image\" \/>\n<meta name=\"twitter:creator\" content=\"@edgartove\" \/>\n<meta name=\"twitter:site\" content=\"@edgartove\" \/>\n<meta name=\"twitter:label1\" content=\"Escrito por\" \/>\n\t<meta name=\"twitter:data1\" content=\"Redacci\u00f3n\" \/>\n\t<meta name=\"twitter:label2\" content=\"Tiempo de lectura\" \/>\n\t<meta name=\"twitter:data2\" content=\"3 minutos\" \/>\n<script type=\"application\/ld+json\" class=\"yoast-schema-graph\">{\"@context\":\"https:\/\/schema.org\",\"@graph\":[{\"@type\":\"Article\",\"@id\":\"https:\/\/masquenoticias.mx\/index.php\/2026\/08\/31\/un-nuevo-ciclo\/#article\",\"isPartOf\":{\"@id\":\"https:\/\/masquenoticias.mx\/index.php\/2026\/08\/31\/un-nuevo-ciclo\/\"},\"author\":{\"name\":\"Redacci\u00f3n\",\"@id\":\"https:\/\/masquenoticias.mx\/#\/schema\/person\/544d19989ef23d34615f691f7a96e622\"},\"headline\":\"Un nuevo ciclo\",\"datePublished\":\"2026-09-01T00:16:11+00:00\",\"mainEntityOfPage\":{\"@id\":\"https:\/\/masquenoticias.mx\/index.php\/2026\/08\/31\/un-nuevo-ciclo\/\"},\"wordCount\":622,\"commentCount\":0,\"publisher\":{\"@id\":\"https:\/\/masquenoticias.mx\/#organization\"},\"image\":{\"@id\":\"https:\/\/masquenoticias.mx\/index.php\/2026\/08\/31\/un-nuevo-ciclo\/#primaryimage\"},\"thumbnailUrl\":\"https:\/\/i0.wp.com\/masquenoticias.mx\/wp-content\/uploads\/2026\/08\/Julio_Leon.webp?fit=1280%2C854&ssl=1\",\"keywords\":[\"Julio Le\u00f3n\",\"Opini\u00f3n\"],\"articleSection\":[\"Opini\u00f3n\"],\"inLanguage\":\"es\",\"potentialAction\":[{\"@type\":\"CommentAction\",\"name\":\"Comment\",\"target\":[\"https:\/\/masquenoticias.mx\/index.php\/2026\/08\/31\/un-nuevo-ciclo\/#respond\"]}]},{\"@type\":\"WebPage\",\"@id\":\"https:\/\/masquenoticias.mx\/index.php\/2026\/08\/31\/un-nuevo-ciclo\/\",\"url\":\"https:\/\/masquenoticias.mx\/index.php\/2026\/08\/31\/un-nuevo-ciclo\/\",\"name\":\"Un nuevo ciclo - M\u00e1s Que Noticias\",\"isPartOf\":{\"@id\":\"https:\/\/masquenoticias.mx\/#website\"},\"primaryImageOfPage\":{\"@id\":\"https:\/\/masquenoticias.mx\/index.php\/2026\/08\/31\/un-nuevo-ciclo\/#primaryimage\"},\"image\":{\"@id\":\"https:\/\/masquenoticias.mx\/index.php\/2026\/08\/31\/un-nuevo-ciclo\/#primaryimage\"},\"thumbnailUrl\":\"https:\/\/i0.wp.com\/masquenoticias.mx\/wp-content\/uploads\/2026\/08\/Julio_Leon.webp?fit=1280%2C854&ssl=1\",\"datePublished\":\"2026-09-01T00:16:11+00:00\",\"breadcrumb\":{\"@id\":\"https:\/\/masquenoticias.mx\/index.php\/2026\/08\/31\/un-nuevo-ciclo\/#breadcrumb\"},\"inLanguage\":\"es\",\"potentialAction\":[{\"@type\":\"ReadAction\",\"target\":[\"https:\/\/masquenoticias.mx\/index.php\/2026\/08\/31\/un-nuevo-ciclo\/\"]}]},{\"@type\":\"ImageObject\",\"inLanguage\":\"es\",\"@id\":\"https:\/\/masquenoticias.mx\/index.php\/2026\/08\/31\/un-nuevo-ciclo\/#primaryimage\",\"url\":\"https:\/\/i0.wp.com\/masquenoticias.mx\/wp-content\/uploads\/2026\/08\/Julio_Leon.webp?fit=1280%2C854&ssl=1\",\"contentUrl\":\"https:\/\/i0.wp.com\/masquenoticias.mx\/wp-content\/uploads\/2026\/08\/Julio_Leon.webp?fit=1280%2C854&ssl=1\",\"width\":1280,\"height\":854},{\"@type\":\"BreadcrumbList\",\"@id\":\"https:\/\/masquenoticias.mx\/index.php\/2026\/08\/31\/un-nuevo-ciclo\/#breadcrumb\",\"itemListElement\":[{\"@type\":\"ListItem\",\"position\":1,\"name\":\"Inicio\",\"item\":\"https:\/\/masquenoticias.mx\/\"},{\"@type\":\"ListItem\",\"position\":2,\"name\":\"Un nuevo ciclo\"}]},{\"@type\":\"WebSite\",\"@id\":\"https:\/\/masquenoticias.mx\/#website\",\"url\":\"https:\/\/masquenoticias.mx\/\",\"name\":\"M\u00e1s Que Noticias\",\"description\":\"Noticias de Colima, M\u00e9xico y el Mundo\",\"publisher\":{\"@id\":\"https:\/\/masquenoticias.mx\/#organization\"},\"potentialAction\":[{\"@type\":\"SearchAction\",\"target\":{\"@type\":\"EntryPoint\",\"urlTemplate\":\"https:\/\/masquenoticias.mx\/?s={search_term_string}\"},\"query-input\":{\"@type\":\"PropertyValueSpecification\",\"valueRequired\":true,\"valueName\":\"search_term_string\"}}],\"inLanguage\":\"es\"},{\"@type\":\"Organization\",\"@id\":\"https:\/\/masquenoticias.mx\/#organization\",\"name\":\"M\u00e1s Que Noticias\",\"url\":\"https:\/\/masquenoticias.mx\/\",\"logo\":{\"@type\":\"ImageObject\",\"inLanguage\":\"es\",\"@id\":\"https:\/\/masquenoticias.mx\/#\/schema\/logo\/image\/\",\"url\":\"https:\/\/i0.wp.com\/masquenoticias.mx\/wp-content\/uploads\/2024\/04\/IMG_0004.png?fit=2560%2C1656&ssl=1\",\"contentUrl\":\"https:\/\/i0.wp.com\/masquenoticias.mx\/wp-content\/uploads\/2024\/04\/IMG_0004.png?fit=2560%2C1656&ssl=1\",\"width\":2560,\"height\":1656,\"caption\":\"M\u00e1s Que Noticias\"},\"image\":{\"@id\":\"https:\/\/masquenoticias.mx\/#\/schema\/logo\/image\/\"},\"sameAs\":[\"https:\/\/www.facebook.com\/masquenoticiascolima\",\"https:\/\/x.com\/edgartove\",\"https:\/\/www.instagram.com\/masquenoticiascolima\/\"]},{\"@type\":\"Person\",\"@id\":\"https:\/\/masquenoticias.mx\/#\/schema\/person\/544d19989ef23d34615f691f7a96e622\",\"name\":\"Redacci\u00f3n\",\"image\":{\"@type\":\"ImageObject\",\"inLanguage\":\"es\",\"@id\":\"https:\/\/masquenoticias.mx\/#\/schema\/person\/image\/\",\"url\":\"https:\/\/secure.gravatar.com\/avatar\/7fcc926d5b058d3f3d52d95b4d05dd58?s=96&d=mm&r=g\",\"contentUrl\":\"https:\/\/secure.gravatar.com\/avatar\/7fcc926d5b058d3f3d52d95b4d05dd58?s=96&d=mm&r=g\",\"caption\":\"Redacci\u00f3n\"},\"sameAs\":[\"http:\/\/masquenoticias.mx\"],\"url\":\"https:\/\/masquenoticias.mx\/index.php\/author\/edgartovegmail-com\/\"}]}<\/script>\n<!-- \/ Yoast SEO plugin. -->","yoast_head_json":{"title":"Un nuevo ciclo - M\u00e1s Que Noticias","robots":{"index":"index","follow":"follow","max-snippet":"max-snippet:-1","max-image-preview":"max-image-preview:large","max-video-preview":"max-video-preview:-1"},"canonical":"https:\/\/masquenoticias.mx\/index.php\/2026\/08\/31\/un-nuevo-ciclo\/","og_locale":"es_MX","og_type":"article","og_title":"Un nuevo ciclo - M\u00e1s Que Noticias","og_description":"Un nuevo ciclo por: Julio Le\u00f3n Este lunes 31 de agosto millones de ni\u00f1as, ni\u00f1os y adolescentes regresar\u00e1n a las aulas para comenzar el ciclo escolar 2026-2027. M\u00e1s de 20 millones de estudiantes de educaci\u00f3n b\u00e1sica volver\u00e1n a clases. Para muchos ser\u00e1 un grado m\u00e1s, una nueva etapa o una meta que alcanzaron despu\u00e9s de [&hellip;]","og_url":"https:\/\/masquenoticias.mx\/index.php\/2026\/08\/31\/un-nuevo-ciclo\/","og_site_name":"M\u00e1s Que Noticias","article_publisher":"https:\/\/www.facebook.com\/masquenoticiascolima","article_published_time":"2026-09-01T00:16:11+00:00","og_image":[{"width":1280,"height":854,"url":"https:\/\/masquenoticias.mx\/wp-content\/uploads\/2026\/08\/Julio_Leon.webp","type":"image\/webp"}],"author":"Redacci\u00f3n","twitter_card":"summary_large_image","twitter_creator":"@edgartove","twitter_site":"@edgartove","twitter_misc":{"Escrito por":"Redacci\u00f3n","Tiempo de lectura":"3 minutos"},"schema":{"@context":"https:\/\/schema.org","@graph":[{"@type":"Article","@id":"https:\/\/masquenoticias.mx\/index.php\/2026\/08\/31\/un-nuevo-ciclo\/#article","isPartOf":{"@id":"https:\/\/masquenoticias.mx\/index.php\/2026\/08\/31\/un-nuevo-ciclo\/"},"author":{"name":"Redacci\u00f3n","@id":"https:\/\/masquenoticias.mx\/#\/schema\/person\/544d19989ef23d34615f691f7a96e622"},"headline":"Un nuevo ciclo","datePublished":"2026-09-01T00:16:11+00:00","mainEntityOfPage":{"@id":"https:\/\/masquenoticias.mx\/index.php\/2026\/08\/31\/un-nuevo-ciclo\/"},"wordCount":622,"commentCount":0,"publisher":{"@id":"https:\/\/masquenoticias.mx\/#organization"},"image":{"@id":"https:\/\/masquenoticias.mx\/index.php\/2026\/08\/31\/un-nuevo-ciclo\/#primaryimage"},"thumbnailUrl":"https:\/\/i0.wp.com\/masquenoticias.mx\/wp-content\/uploads\/2026\/08\/Julio_Leon.webp?fit=1280%2C854&ssl=1","keywords":["Julio Le\u00f3n","Opini\u00f3n"],"articleSection":["Opini\u00f3n"],"inLanguage":"es","potentialAction":[{"@type":"CommentAction","name":"Comment","target":["https:\/\/masquenoticias.mx\/index.php\/2026\/08\/31\/un-nuevo-ciclo\/#respond"]}]},{"@type":"WebPage","@id":"https:\/\/masquenoticias.mx\/index.php\/2026\/08\/31\/un-nuevo-ciclo\/","url":"https:\/\/masquenoticias.mx\/index.php\/2026\/08\/31\/un-nuevo-ciclo\/","name":"Un nuevo ciclo - M\u00e1s Que Noticias","isPartOf":{"@id":"https:\/\/masquenoticias.mx\/#website"},"primaryImageOfPage":{"@id":"https:\/\/masquenoticias.mx\/index.php\/2026\/08\/31\/un-nuevo-ciclo\/#primaryimage"},"image":{"@id":"https:\/\/masquenoticias.mx\/index.php\/2026\/08\/31\/un-nuevo-ciclo\/#primaryimage"},"thumbnailUrl":"https:\/\/i0.wp.com\/masquenoticias.mx\/wp-content\/uploads\/2026\/08\/Julio_Leon.webp?fit=1280%2C854&ssl=1","datePublished":"2026-09-01T00:16:11+00:00","breadcrumb":{"@id":"https:\/\/masquenoticias.mx\/index.php\/2026\/08\/31\/un-nuevo-ciclo\/#breadcrumb"},"inLanguage":"es","potentialAction":[{"@type":"ReadAction","target":["https:\/\/masquenoticias.mx\/index.php\/2026\/08\/31\/un-nuevo-ciclo\/"]}]},{"@type":"ImageObject","inLanguage":"es","@id":"https:\/\/masquenoticias.mx\/index.php\/2026\/08\/31\/un-nuevo-ciclo\/#primaryimage","url":"https:\/\/i0.wp.com\/masquenoticias.mx\/wp-content\/uploads\/2026\/08\/Julio_Leon.webp?fit=1280%2C854&ssl=1","contentUrl":"https:\/\/i0.wp.com\/masquenoticias.mx\/wp-content\/uploads\/2026\/08\/Julio_Leon.webp?fit=1280%2C854&ssl=1","width":1280,"height":854},{"@type":"BreadcrumbList","@id":"https:\/\/masquenoticias.mx\/index.php\/2026\/08\/31\/un-nuevo-ciclo\/#breadcrumb","itemListElement":[{"@type":"ListItem","position":1,"name":"Inicio","item":"https:\/\/masquenoticias.mx\/"},{"@type":"ListItem","position":2,"name":"Un nuevo ciclo"}]},{"@type":"WebSite","@id":"https:\/\/masquenoticias.mx\/#website","url":"https:\/\/masquenoticias.mx\/","name":"M\u00e1s Que Noticias","description":"Noticias de Colima, M\u00e9xico y el Mundo","publisher":{"@id":"https:\/\/masquenoticias.mx\/#organization"},"potentialAction":[{"@type":"SearchAction","target":{"@type":"EntryPoint","urlTemplate":"https:\/\/masquenoticias.mx\/?s={search_term_string}"},"query-input":{"@type":"PropertyValueSpecification","valueRequired":true,"valueName":"search_term_string"}}],"inLanguage":"es"},{"@type":"Organization","@id":"https:\/\/masquenoticias.mx\/#organization","name":"M\u00e1s Que Noticias","url":"https:\/\/masquenoticias.mx\/","logo":{"@type":"ImageObject","inLanguage":"es","@id":"https:\/\/masquenoticias.mx\/#\/schema\/logo\/image\/","url":"https:\/\/i0.wp.com\/masquenoticias.mx\/wp-content\/uploads\/2024\/04\/IMG_0004.png?fit=2560%2C1656&ssl=1","contentUrl":"https:\/\/i0.wp.com\/masquenoticias.mx\/wp-content\/uploads\/2024\/04\/IMG_0004.png?fit=2560%2C1656&ssl=1","width":2560,"height":1656,"caption":"M\u00e1s Que Noticias"},"image":{"@id":"https:\/\/masquenoticias.mx\/#\/schema\/logo\/image\/"},"sameAs":["https:\/\/www.facebook.com\/masquenoticiascolima","https:\/\/x.com\/edgartove","https:\/\/www.instagram.com\/masquenoticiascolima\/"]},{"@type":"Person","@id":"https:\/\/masquenoticias.mx\/#\/schema\/person\/544d19989ef23d34615f691f7a96e622","name":"Redacci\u00f3n","image":{"@type":"ImageObject","inLanguage":"es","@id":"https:\/\/masquenoticias.mx\/#\/schema\/person\/image\/","url":"https:\/\/secure.gravatar.com\/avatar\/7fcc926d5b058d3f3d52d95b4d05dd58?s=96&d=mm&r=g","contentUrl":"https:\/\/secure.gravatar.com\/avatar\/7fcc926d5b058d3f3d52d95b4d05dd58?s=96&d=mm&r=g","caption":"Redacci\u00f3n"},"sameAs":["http:\/\/masquenoticias.mx"],"url":"https:\/\/masquenoticias.mx\/index.php\/author\/edgartovegmail-com\/"}]}},"jetpack_featured_media_url":"https:\/\/i0.wp.com\/masquenoticias.mx\/wp-content\/uploads\/2026\/08\/Julio_Leon.webp?fit=1280%2C854&ssl=1","blog_post_layout_featured_media_urls":{"thumbnail":["https:\/\/i0.wp.com\/masquenoticias.mx\/wp-content\/uploads\/2026\/08\/Julio_Leon.webp?resize=150%2C150&ssl=1",150,150,true],"full":["https:\/\/i0.wp.com\/masquenoticias.mx\/wp-content\/uploads\/2026\/08\/Julio_Leon.webp?fit=1280%2C854&ssl=1",1280,854,false]},"categories_names":{"65":{"name":"Opini\u00f3n","link":"https:\/\/masquenoticias.mx\/index.php\/category\/opinion\/"}},"tags_names":{"221":{"name":"Julio Le\u00f3n","link":"https:\/\/masquenoticias.mx\/index.php\/tag\/julio-leon\/"},"67":{"name":"Opini\u00f3n","link":"https:\/\/masquenoticias.mx\/index.php\/tag\/opinion\/"}},"comments_number":"0","wpmagazine_modules_lite_featured_media_urls":{"thumbnail":["https:\/\/i0.wp.com\/masquenoticias.mx\/wp-content\/uploads\/2026\/08\/Julio_Leon.webp?resize=150%2C150&ssl=1",150,150,true],"cvmm-medium":["https:\/\/i0.wp.com\/masquenoticias.mx\/wp-content\/uploads\/2026\/08\/Julio_Leon.webp?resize=300%2C300&ssl=1",300,300,true],"cvmm-medium-plus":["https:\/\/i0.wp.com\/masquenoticias.mx\/wp-content\/uploads\/2026\/08\/Julio_Leon.webp?resize=305%2C207&ssl=1",305,207,true],"cvmm-portrait":["https:\/\/i0.wp.com\/masquenoticias.mx\/wp-content\/uploads\/2026\/08\/Julio_Leon.webp?resize=400%2C600&ssl=1",400,600,true],"cvmm-medium-square":["https:\/\/i0.wp.com\/masquenoticias.mx\/wp-content\/uploads\/2026\/08\/Julio_Leon.webp?resize=600%2C600&ssl=1",600,600,true],"cvmm-large":["https:\/\/i0.wp.com\/masquenoticias.mx\/wp-content\/uploads\/2026\/08\/Julio_Leon.webp?resize=1024%2C854&ssl=1",1024,854,true],"cvmm-small":["https:\/\/i0.wp.com\/masquenoticias.mx\/wp-content\/uploads\/2026\/08\/Julio_Leon.webp?resize=130%2C95&ssl=1",130,95,true],"full":["https:\/\/i0.wp.com\/masquenoticias.mx\/wp-content\/uploads\/2026\/08\/Julio_Leon.webp?fit=1280%2C854&ssl=1",1280,854,false]},"jetpack-related-posts":[],"jetpack_sharing_enabled":true,"jetpack_likes_enabled":true,"jetpack_shortlink":"https:\/\/wp.me\/pf7pkt-6tI","_links":{"self":[{"href":"https:\/\/masquenoticias.mx\/index.php\/wp-json\/wp\/v2\/posts\/24906","targetHints":{"allow":["GET"]}}],"collection":[{"href":"https:\/\/masquenoticias.mx\/index.php\/wp-json\/wp\/v2\/posts"}],"about":[{"href":"https:\/\/masquenoticias.mx\/index.php\/wp-json\/wp\/v2\/types\/post"}],"author":[{"embeddable":true,"href":"https:\/\/masquenoticias.mx\/index.php\/wp-json\/wp\/v2\/users\/1"}],"replies":[{"embeddable":true,"href":"https:\/\/masquenoticias.mx\/index.php\/wp-json\/wp\/v2\/comments?post=24906"}],"version-history":[{"count":1,"href":"https:\/\/masquenoticias.mx\/index.php\/wp-json\/wp\/v2\/posts\/24906\/revisions"}],"predecessor-version":[{"id":24908,"href":"https:\/\/masquenoticias.mx\/index.php\/wp-json\/wp\/v2\/posts\/24906\/revisions\/24908"}],"wp:featuredmedia":[{"embeddable":true,"href":"https:\/\/masquenoticias.mx\/index.php\/wp-json\/wp\/v2\/media\/24907"}],"wp:attachment":[{"href":"https:\/\/masquenoticias.mx\/index.php\/wp-json\/wp\/v2\/media?parent=24906"}],"wp:term":[{"taxonomy":"category","embeddable":true,"href":"https:\/\/masquenoticias.mx\/index.php\/wp-json\/wp\/v2\/categories?post=24906"},{"taxonomy":"post_tag","embeddable":true,"href":"https:\/\/masquenoticias.mx\/index.php\/wp-json\/wp\/v2\/tags?post=24906"}],"curies":[{"name":"wp","href":"https:\/\/api.w.org\/{rel}","templated":true}]}}