{"id":24902,"date":"2026-08-31T16:10:38","date_gmt":"2026-08-31T22:10:38","guid":{"rendered":"https:\/\/masquenoticias.mx\/?p=24902"},"modified":"2026-08-31T16:10:38","modified_gmt":"2026-08-31T22:10:38","slug":"vinculan-a-proceso-a-hombre-por-presunto-abuso-sexual","status":"publish","type":"post","link":"https:\/\/masquenoticias.mx\/index.php\/2026\/08\/31\/vinculan-a-proceso-a-hombre-por-presunto-abuso-sexual\/","title":{"rendered":"Vinculan a proceso a hombre por presunto abuso sexual"},"content":{"rendered":"<p>La Fiscal\u00eda General del Estado (FGE) obtuvo la vinculaci\u00f3n a proceso de Ulises Alejandro \u201cN\u201d, por su probable participaci\u00f3n en el hecho constitutivo del delito de abuso sexual, ocurrido en el municipio de Colima.<\/p>\n<p>De acuerdo con las investigaciones, los hechos se registraron el pasado 28 de agosto de 2026, cuando la v\u00edctima se encontraba en un domicilio ubicado en esta entidad, momento en el que el imputado habr\u00eda ingresado a su habitaci\u00f3n y realizado actos de car\u00e1cter sexual sin su consentimiento.<\/p>\n<p>Tras lo ocurrido y con la intervenci\u00f3n de las autoridades, se llevaron a cabo las investigaciones correspondientes que permitieron obtener los elementos necesarios para presentar al imputado ante la autoridad judicial.<\/p>\n<p>Durante la audiencia, el Juez de Control determin\u00f3 vincular a proceso a Ulises Alejandro \u201cN\u201d, adem\u00e1s de imponer las medidas cautelares correspondientes y establecer un plazo de tres meses para la investigaci\u00f3n complementaria.<\/p>\n<p>La Fiscal\u00eda General del Estado contin\u00faa con las investigaciones para el esclarecimiento de los hechos y el debido seguimiento del proceso conforme a derecho.<\/p>\n","protected":false},"excerpt":{"rendered":"<p>La Fiscal\u00eda General del Estado (FGE) obtuvo la vinculaci\u00f3n a proceso de Ulises Alejandro \u201cN\u201d, por su probable participaci\u00f3n en el hecho constitutivo del delito de abuso sexual, ocurrido en el municipio de Colima. De acuerdo con las investigaciones, los hechos se registraron el pasado 28 de agosto de 2026, cuando la v\u00edctima se encontraba [&hellip;]<\/p>\n","protected":false},"author":1,"featured_media":24903,"comment_status":"open","ping_status":"open","sticky":false,"template":"","format":"standard","meta":{"_jetpack_memberships_contains_paid_content":false,"footnotes":""},"categories":[58],"tags":[220],"class_list":["post-24902","post","type-post","status-publish","format-standard","has-post-thumbnail","hentry","category-seguridad","tag-fge"],"yoast_head":"<!-- This site is optimized with the Yoast SEO plugin v26.6 - https:\/\/yoast.com\/wordpress\/plugins\/seo\/ -->\n<title>Vinculan a proceso a hombre por presunto abuso sexual - M\u00e1s Que Noticias<\/title>\n<meta name=\"robots\" content=\"index, follow, max-snippet:-1, max-image-preview:large, max-video-preview:-1\" \/>\n<link rel=\"canonical\" href=\"https:\/\/masquenoticias.mx\/index.php\/2026\/08\/31\/vinculan-a-proceso-a-hombre-por-presunto-abuso-sexual\/\" \/>\n<meta property=\"og:locale\" content=\"es_MX\" \/>\n<meta property=\"og:type\" content=\"article\" \/>\n<meta property=\"og:title\" content=\"Vinculan a proceso a hombre por presunto abuso sexual - M\u00e1s Que Noticias\" \/>\n<meta property=\"og:description\" content=\"La Fiscal\u00eda General del Estado (FGE) obtuvo la vinculaci\u00f3n a proceso de Ulises Alejandro \u201cN\u201d, por su probable participaci\u00f3n en el hecho constitutivo del delito de abuso sexual, ocurrido en el municipio de Colima. De acuerdo con las investigaciones, los hechos se registraron el pasado 28 de agosto de 2026, cuando la v\u00edctima se encontraba [&hellip;]\" \/>\n<meta property=\"og:url\" content=\"https:\/\/masquenoticias.mx\/index.php\/2026\/08\/31\/vinculan-a-proceso-a-hombre-por-presunto-abuso-sexual\/\" \/>\n<meta property=\"og:site_name\" content=\"M\u00e1s Que Noticias\" \/>\n<meta property=\"article:publisher\" content=\"https:\/\/www.facebook.com\/masquenoticiascolima\" \/>\n<meta property=\"article:published_time\" content=\"2026-08-31T22:10:38+00:00\" \/>\n<meta property=\"og:image\" content=\"https:\/\/masquenoticias.mx\/wp-content\/uploads\/2026\/08\/WhatsApp-Image-2026-08-31-at-3.26.09-PM.jpeg\" \/>\n\t<meta property=\"og:image:width\" content=\"1600\" \/>\n\t<meta property=\"og:image:height\" content=\"1600\" \/>\n\t<meta property=\"og:image:type\" content=\"image\/jpeg\" \/>\n<meta name=\"author\" content=\"Redacci\u00f3n\" \/>\n<meta name=\"twitter:card\" content=\"summary_large_image\" \/>\n<meta name=\"twitter:creator\" content=\"@edgartove\" \/>\n<meta name=\"twitter:site\" content=\"@edgartove\" \/>\n<meta name=\"twitter:label1\" content=\"Escrito por\" \/>\n\t<meta name=\"twitter:data1\" content=\"Redacci\u00f3n\" \/>\n\t<meta name=\"twitter:label2\" content=\"Tiempo de lectura\" \/>\n\t<meta name=\"twitter:data2\" content=\"1 minuto\" \/>\n<script type=\"application\/ld+json\" class=\"yoast-schema-graph\">{\"@context\":\"https:\/\/schema.org\",\"@graph\":[{\"@type\":\"Article\",\"@id\":\"https:\/\/masquenoticias.mx\/index.php\/2026\/08\/31\/vinculan-a-proceso-a-hombre-por-presunto-abuso-sexual\/#article\",\"isPartOf\":{\"@id\":\"https:\/\/masquenoticias.mx\/index.php\/2026\/08\/31\/vinculan-a-proceso-a-hombre-por-presunto-abuso-sexual\/\"},\"author\":{\"name\":\"Redacci\u00f3n\",\"@id\":\"https:\/\/masquenoticias.mx\/#\/schema\/person\/544d19989ef23d34615f691f7a96e622\"},\"headline\":\"Vinculan a proceso a hombre por presunto abuso sexual\",\"datePublished\":\"2026-08-31T22:10:38+00:00\",\"mainEntityOfPage\":{\"@id\":\"https:\/\/masquenoticias.mx\/index.php\/2026\/08\/31\/vinculan-a-proceso-a-hombre-por-presunto-abuso-sexual\/\"},\"wordCount\":189,\"commentCount\":0,\"publisher\":{\"@id\":\"https:\/\/masquenoticias.mx\/#organization\"},\"image\":{\"@id\":\"https:\/\/masquenoticias.mx\/index.php\/2026\/08\/31\/vinculan-a-proceso-a-hombre-por-presunto-abuso-sexual\/#primaryimage\"},\"thumbnailUrl\":\"https:\/\/i0.wp.com\/masquenoticias.mx\/wp-content\/uploads\/2026\/08\/WhatsApp-Image-2026-08-31-at-3.26.09-PM.jpeg?fit=1600%2C1600&ssl=1\",\"keywords\":[\"FGE\"],\"articleSection\":[\"Seguridad\"],\"inLanguage\":\"es\",\"potentialAction\":[{\"@type\":\"CommentAction\",\"name\":\"Comment\",\"target\":[\"https:\/\/masquenoticias.mx\/index.php\/2026\/08\/31\/vinculan-a-proceso-a-hombre-por-presunto-abuso-sexual\/#respond\"]}]},{\"@type\":\"WebPage\",\"@id\":\"https:\/\/masquenoticias.mx\/index.php\/2026\/08\/31\/vinculan-a-proceso-a-hombre-por-presunto-abuso-sexual\/\",\"url\":\"https:\/\/masquenoticias.mx\/index.php\/2026\/08\/31\/vinculan-a-proceso-a-hombre-por-presunto-abuso-sexual\/\",\"name\":\"Vinculan a proceso a hombre por presunto abuso sexual - M\u00e1s Que Noticias\",\"isPartOf\":{\"@id\":\"https:\/\/masquenoticias.mx\/#website\"},\"primaryImageOfPage\":{\"@id\":\"https:\/\/masquenoticias.mx\/index.php\/2026\/08\/31\/vinculan-a-proceso-a-hombre-por-presunto-abuso-sexual\/#primaryimage\"},\"image\":{\"@id\":\"https:\/\/masquenoticias.mx\/index.php\/2026\/08\/31\/vinculan-a-proceso-a-hombre-por-presunto-abuso-sexual\/#primaryimage\"},\"thumbnailUrl\":\"https:\/\/i0.wp.com\/masquenoticias.mx\/wp-content\/uploads\/2026\/08\/WhatsApp-Image-2026-08-31-at-3.26.09-PM.jpeg?fit=1600%2C1600&ssl=1\",\"datePublished\":\"2026-08-31T22:10:38+00:00\",\"breadcrumb\":{\"@id\":\"https:\/\/masquenoticias.mx\/index.php\/2026\/08\/31\/vinculan-a-proceso-a-hombre-por-presunto-abuso-sexual\/#breadcrumb\"},\"inLanguage\":\"es\",\"potentialAction\":[{\"@type\":\"ReadAction\",\"target\":[\"https:\/\/masquenoticias.mx\/index.php\/2026\/08\/31\/vinculan-a-proceso-a-hombre-por-presunto-abuso-sexual\/\"]}]},{\"@type\":\"ImageObject\",\"inLanguage\":\"es\",\"@id\":\"https:\/\/masquenoticias.mx\/index.php\/2026\/08\/31\/vinculan-a-proceso-a-hombre-por-presunto-abuso-sexual\/#primaryimage\",\"url\":\"https:\/\/i0.wp.com\/masquenoticias.mx\/wp-content\/uploads\/2026\/08\/WhatsApp-Image-2026-08-31-at-3.26.09-PM.jpeg?fit=1600%2C1600&ssl=1\",\"contentUrl\":\"https:\/\/i0.wp.com\/masquenoticias.mx\/wp-content\/uploads\/2026\/08\/WhatsApp-Image-2026-08-31-at-3.26.09-PM.jpeg?fit=1600%2C1600&ssl=1\",\"width\":1600,\"height\":1600},{\"@type\":\"BreadcrumbList\",\"@id\":\"https:\/\/masquenoticias.mx\/index.php\/2026\/08\/31\/vinculan-a-proceso-a-hombre-por-presunto-abuso-sexual\/#breadcrumb\",\"itemListElement\":[{\"@type\":\"ListItem\",\"position\":1,\"name\":\"Inicio\",\"item\":\"https:\/\/masquenoticias.mx\/\"},{\"@type\":\"ListItem\",\"position\":2,\"name\":\"Vinculan a proceso a hombre por presunto abuso sexual\"}]},{\"@type\":\"WebSite\",\"@id\":\"https:\/\/masquenoticias.mx\/#website\",\"url\":\"https:\/\/masquenoticias.mx\/\",\"name\":\"M\u00e1s Que Noticias\",\"description\":\"Noticias de Colima, M\u00e9xico y el Mundo\",\"publisher\":{\"@id\":\"https:\/\/masquenoticias.mx\/#organization\"},\"potentialAction\":[{\"@type\":\"SearchAction\",\"target\":{\"@type\":\"EntryPoint\",\"urlTemplate\":\"https:\/\/masquenoticias.mx\/?s={search_term_string}\"},\"query-input\":{\"@type\":\"PropertyValueSpecification\",\"valueRequired\":true,\"valueName\":\"search_term_string\"}}],\"inLanguage\":\"es\"},{\"@type\":\"Organization\",\"@id\":\"https:\/\/masquenoticias.mx\/#organization\",\"name\":\"M\u00e1s Que Noticias\",\"url\":\"https:\/\/masquenoticias.mx\/\",\"logo\":{\"@type\":\"ImageObject\",\"inLanguage\":\"es\",\"@id\":\"https:\/\/masquenoticias.mx\/#\/schema\/logo\/image\/\",\"url\":\"https:\/\/i0.wp.com\/masquenoticias.mx\/wp-content\/uploads\/2024\/04\/IMG_0004.png?fit=2560%2C1656&ssl=1\",\"contentUrl\":\"https:\/\/i0.wp.com\/masquenoticias.mx\/wp-content\/uploads\/2024\/04\/IMG_0004.png?fit=2560%2C1656&ssl=1\",\"width\":2560,\"height\":1656,\"caption\":\"M\u00e1s Que Noticias\"},\"image\":{\"@id\":\"https:\/\/masquenoticias.mx\/#\/schema\/logo\/image\/\"},\"sameAs\":[\"https:\/\/www.facebook.com\/masquenoticiascolima\",\"https:\/\/x.com\/edgartove\",\"https:\/\/www.instagram.com\/masquenoticiascolima\/\"]},{\"@type\":\"Person\",\"@id\":\"https:\/\/masquenoticias.mx\/#\/schema\/person\/544d19989ef23d34615f691f7a96e622\",\"name\":\"Redacci\u00f3n\",\"image\":{\"@type\":\"ImageObject\",\"inLanguage\":\"es\",\"@id\":\"https:\/\/masquenoticias.mx\/#\/schema\/person\/image\/\",\"url\":\"https:\/\/secure.gravatar.com\/avatar\/7fcc926d5b058d3f3d52d95b4d05dd58?s=96&d=mm&r=g\",\"contentUrl\":\"https:\/\/secure.gravatar.com\/avatar\/7fcc926d5b058d3f3d52d95b4d05dd58?s=96&d=mm&r=g\",\"caption\":\"Redacci\u00f3n\"},\"sameAs\":[\"http:\/\/masquenoticias.mx\"],\"url\":\"https:\/\/masquenoticias.mx\/index.php\/author\/edgartovegmail-com\/\"}]}<\/script>\n<!-- \/ Yoast SEO plugin. -->","yoast_head_json":{"title":"Vinculan a proceso a hombre por presunto abuso sexual - M\u00e1s Que Noticias","robots":{"index":"index","follow":"follow","max-snippet":"max-snippet:-1","max-image-preview":"max-image-preview:large","max-video-preview":"max-video-preview:-1"},"canonical":"https:\/\/masquenoticias.mx\/index.php\/2026\/08\/31\/vinculan-a-proceso-a-hombre-por-presunto-abuso-sexual\/","og_locale":"es_MX","og_type":"article","og_title":"Vinculan a proceso a hombre por presunto abuso sexual - M\u00e1s Que Noticias","og_description":"La Fiscal\u00eda General del Estado (FGE) obtuvo la vinculaci\u00f3n a proceso de Ulises Alejandro \u201cN\u201d, por su probable participaci\u00f3n en el hecho constitutivo del delito de abuso sexual, ocurrido en el municipio de Colima. De acuerdo con las investigaciones, los hechos se registraron el pasado 28 de agosto de 2026, cuando la v\u00edctima se encontraba [&hellip;]","og_url":"https:\/\/masquenoticias.mx\/index.php\/2026\/08\/31\/vinculan-a-proceso-a-hombre-por-presunto-abuso-sexual\/","og_site_name":"M\u00e1s Que Noticias","article_publisher":"https:\/\/www.facebook.com\/masquenoticiascolima","article_published_time":"2026-08-31T22:10:38+00:00","og_image":[{"width":1600,"height":1600,"url":"https:\/\/masquenoticias.mx\/wp-content\/uploads\/2026\/08\/WhatsApp-Image-2026-08-31-at-3.26.09-PM.jpeg","type":"image\/jpeg"}],"author":"Redacci\u00f3n","twitter_card":"summary_large_image","twitter_creator":"@edgartove","twitter_site":"@edgartove","twitter_misc":{"Escrito por":"Redacci\u00f3n","Tiempo de lectura":"1 minuto"},"schema":{"@context":"https:\/\/schema.org","@graph":[{"@type":"Article","@id":"https:\/\/masquenoticias.mx\/index.php\/2026\/08\/31\/vinculan-a-proceso-a-hombre-por-presunto-abuso-sexual\/#article","isPartOf":{"@id":"https:\/\/masquenoticias.mx\/index.php\/2026\/08\/31\/vinculan-a-proceso-a-hombre-por-presunto-abuso-sexual\/"},"author":{"name":"Redacci\u00f3n","@id":"https:\/\/masquenoticias.mx\/#\/schema\/person\/544d19989ef23d34615f691f7a96e622"},"headline":"Vinculan a proceso a hombre por presunto abuso sexual","datePublished":"2026-08-31T22:10:38+00:00","mainEntityOfPage":{"@id":"https:\/\/masquenoticias.mx\/index.php\/2026\/08\/31\/vinculan-a-proceso-a-hombre-por-presunto-abuso-sexual\/"},"wordCount":189,"commentCount":0,"publisher":{"@id":"https:\/\/masquenoticias.mx\/#organization"},"image":{"@id":"https:\/\/masquenoticias.mx\/index.php\/2026\/08\/31\/vinculan-a-proceso-a-hombre-por-presunto-abuso-sexual\/#primaryimage"},"thumbnailUrl":"https:\/\/i0.wp.com\/masquenoticias.mx\/wp-content\/uploads\/2026\/08\/WhatsApp-Image-2026-08-31-at-3.26.09-PM.jpeg?fit=1600%2C1600&ssl=1","keywords":["FGE"],"articleSection":["Seguridad"],"inLanguage":"es","potentialAction":[{"@type":"CommentAction","name":"Comment","target":["https:\/\/masquenoticias.mx\/index.php\/2026\/08\/31\/vinculan-a-proceso-a-hombre-por-presunto-abuso-sexual\/#respond"]}]},{"@type":"WebPage","@id":"https:\/\/masquenoticias.mx\/index.php\/2026\/08\/31\/vinculan-a-proceso-a-hombre-por-presunto-abuso-sexual\/","url":"https:\/\/masquenoticias.mx\/index.php\/2026\/08\/31\/vinculan-a-proceso-a-hombre-por-presunto-abuso-sexual\/","name":"Vinculan a proceso a hombre por presunto abuso sexual - M\u00e1s Que Noticias","isPartOf":{"@id":"https:\/\/masquenoticias.mx\/#website"},"primaryImageOfPage":{"@id":"https:\/\/masquenoticias.mx\/index.php\/2026\/08\/31\/vinculan-a-proceso-a-hombre-por-presunto-abuso-sexual\/#primaryimage"},"image":{"@id":"https:\/\/masquenoticias.mx\/index.php\/2026\/08\/31\/vinculan-a-proceso-a-hombre-por-presunto-abuso-sexual\/#primaryimage"},"thumbnailUrl":"https:\/\/i0.wp.com\/masquenoticias.mx\/wp-content\/uploads\/2026\/08\/WhatsApp-Image-2026-08-31-at-3.26.09-PM.jpeg?fit=1600%2C1600&ssl=1","datePublished":"2026-08-31T22:10:38+00:00","breadcrumb":{"@id":"https:\/\/masquenoticias.mx\/index.php\/2026\/08\/31\/vinculan-a-proceso-a-hombre-por-presunto-abuso-sexual\/#breadcrumb"},"inLanguage":"es","potentialAction":[{"@type":"ReadAction","target":["https:\/\/masquenoticias.mx\/index.php\/2026\/08\/31\/vinculan-a-proceso-a-hombre-por-presunto-abuso-sexual\/"]}]},{"@type":"ImageObject","inLanguage":"es","@id":"https:\/\/masquenoticias.mx\/index.php\/2026\/08\/31\/vinculan-a-proceso-a-hombre-por-presunto-abuso-sexual\/#primaryimage","url":"https:\/\/i0.wp.com\/masquenoticias.mx\/wp-content\/uploads\/2026\/08\/WhatsApp-Image-2026-08-31-at-3.26.09-PM.jpeg?fit=1600%2C1600&ssl=1","contentUrl":"https:\/\/i0.wp.com\/masquenoticias.mx\/wp-content\/uploads\/2026\/08\/WhatsApp-Image-2026-08-31-at-3.26.09-PM.jpeg?fit=1600%2C1600&ssl=1","width":1600,"height":1600},{"@type":"BreadcrumbList","@id":"https:\/\/masquenoticias.mx\/index.php\/2026\/08\/31\/vinculan-a-proceso-a-hombre-por-presunto-abuso-sexual\/#breadcrumb","itemListElement":[{"@type":"ListItem","position":1,"name":"Inicio","item":"https:\/\/masquenoticias.mx\/"},{"@type":"ListItem","position":2,"name":"Vinculan a proceso a hombre por presunto abuso sexual"}]},{"@type":"WebSite","@id":"https:\/\/masquenoticias.mx\/#website","url":"https:\/\/masquenoticias.mx\/","name":"M\u00e1s Que Noticias","description":"Noticias de Colima, M\u00e9xico y el Mundo","publisher":{"@id":"https:\/\/masquenoticias.mx\/#organization"},"potentialAction":[{"@type":"SearchAction","target":{"@type":"EntryPoint","urlTemplate":"https:\/\/masquenoticias.mx\/?s={search_term_string}"},"query-input":{"@type":"PropertyValueSpecification","valueRequired":true,"valueName":"search_term_string"}}],"inLanguage":"es"},{"@type":"Organization","@id":"https:\/\/masquenoticias.mx\/#organization","name":"M\u00e1s Que Noticias","url":"https:\/\/masquenoticias.mx\/","logo":{"@type":"ImageObject","inLanguage":"es","@id":"https:\/\/masquenoticias.mx\/#\/schema\/logo\/image\/","url":"https:\/\/i0.wp.com\/masquenoticias.mx\/wp-content\/uploads\/2024\/04\/IMG_0004.png?fit=2560%2C1656&ssl=1","contentUrl":"https:\/\/i0.wp.com\/masquenoticias.mx\/wp-content\/uploads\/2024\/04\/IMG_0004.png?fit=2560%2C1656&ssl=1","width":2560,"height":1656,"caption":"M\u00e1s Que Noticias"},"image":{"@id":"https:\/\/masquenoticias.mx\/#\/schema\/logo\/image\/"},"sameAs":["https:\/\/www.facebook.com\/masquenoticiascolima","https:\/\/x.com\/edgartove","https:\/\/www.instagram.com\/masquenoticiascolima\/"]},{"@type":"Person","@id":"https:\/\/masquenoticias.mx\/#\/schema\/person\/544d19989ef23d34615f691f7a96e622","name":"Redacci\u00f3n","image":{"@type":"ImageObject","inLanguage":"es","@id":"https:\/\/masquenoticias.mx\/#\/schema\/person\/image\/","url":"https:\/\/secure.gravatar.com\/avatar\/7fcc926d5b058d3f3d52d95b4d05dd58?s=96&d=mm&r=g","contentUrl":"https:\/\/secure.gravatar.com\/avatar\/7fcc926d5b058d3f3d52d95b4d05dd58?s=96&d=mm&r=g","caption":"Redacci\u00f3n"},"sameAs":["http:\/\/masquenoticias.mx"],"url":"https:\/\/masquenoticias.mx\/index.php\/author\/edgartovegmail-com\/"}]}},"jetpack_featured_media_url":"https:\/\/i0.wp.com\/masquenoticias.mx\/wp-content\/uploads\/2026\/08\/WhatsApp-Image-2026-08-31-at-3.26.09-PM.jpeg?fit=1600%2C1600&ssl=1","blog_post_layout_featured_media_urls":{"thumbnail":["https:\/\/i0.wp.com\/masquenoticias.mx\/wp-content\/uploads\/2026\/08\/WhatsApp-Image-2026-08-31-at-3.26.09-PM.jpeg?resize=150%2C150&ssl=1",150,150,true],"full":["https:\/\/i0.wp.com\/masquenoticias.mx\/wp-content\/uploads\/2026\/08\/WhatsApp-Image-2026-08-31-at-3.26.09-PM.jpeg?fit=1600%2C1600&ssl=1",1600,1600,false]},"categories_names":{"58":{"name":"Seguridad","link":"https:\/\/masquenoticias.mx\/index.php\/category\/seguridad\/"}},"tags_names":{"220":{"name":"FGE","link":"https:\/\/masquenoticias.mx\/index.php\/tag\/fge\/"}},"comments_number":"0","wpmagazine_modules_lite_featured_media_urls":{"thumbnail":["https:\/\/i0.wp.com\/masquenoticias.mx\/wp-content\/uploads\/2026\/08\/WhatsApp-Image-2026-08-31-at-3.26.09-PM.jpeg?resize=150%2C150&ssl=1",150,150,true],"cvmm-medium":["https:\/\/i0.wp.com\/masquenoticias.mx\/wp-content\/uploads\/2026\/08\/WhatsApp-Image-2026-08-31-at-3.26.09-PM.jpeg?resize=300%2C300&ssl=1",300,300,true],"cvmm-medium-plus":["https:\/\/i0.wp.com\/masquenoticias.mx\/wp-content\/uploads\/2026\/08\/WhatsApp-Image-2026-08-31-at-3.26.09-PM.jpeg?resize=305%2C207&ssl=1",305,207,true],"cvmm-portrait":["https:\/\/i0.wp.com\/masquenoticias.mx\/wp-content\/uploads\/2026\/08\/WhatsApp-Image-2026-08-31-at-3.26.09-PM.jpeg?resize=400%2C600&ssl=1",400,600,true],"cvmm-medium-square":["https:\/\/i0.wp.com\/masquenoticias.mx\/wp-content\/uploads\/2026\/08\/WhatsApp-Image-2026-08-31-at-3.26.09-PM.jpeg?resize=600%2C600&ssl=1",600,600,true],"cvmm-large":["https:\/\/i0.wp.com\/masquenoticias.mx\/wp-content\/uploads\/2026\/08\/WhatsApp-Image-2026-08-31-at-3.26.09-PM.jpeg?resize=1024%2C1024&ssl=1",1024,1024,true],"cvmm-small":["https:\/\/i0.wp.com\/masquenoticias.mx\/wp-content\/uploads\/2026\/08\/WhatsApp-Image-2026-08-31-at-3.26.09-PM.jpeg?resize=130%2C95&ssl=1",130,95,true],"full":["https:\/\/i0.wp.com\/masquenoticias.mx\/wp-content\/uploads\/2026\/08\/WhatsApp-Image-2026-08-31-at-3.26.09-PM.jpeg?fit=1600%2C1600&ssl=1",1600,1600,false]},"jetpack-related-posts":[],"jetpack_sharing_enabled":true,"jetpack_likes_enabled":true,"jetpack_shortlink":"https:\/\/wp.me\/pf7pkt-6tE","_links":{"self":[{"href":"https:\/\/masquenoticias.mx\/index.php\/wp-json\/wp\/v2\/posts\/24902","targetHints":{"allow":["GET"]}}],"collection":[{"href":"https:\/\/masquenoticias.mx\/index.php\/wp-json\/wp\/v2\/posts"}],"about":[{"href":"https:\/\/masquenoticias.mx\/index.php\/wp-json\/wp\/v2\/types\/post"}],"author":[{"embeddable":true,"href":"https:\/\/masquenoticias.mx\/index.php\/wp-json\/wp\/v2\/users\/1"}],"replies":[{"embeddable":true,"href":"https:\/\/masquenoticias.mx\/index.php\/wp-json\/wp\/v2\/comments?post=24902"}],"version-history":[{"count":1,"href":"https:\/\/masquenoticias.mx\/index.php\/wp-json\/wp\/v2\/posts\/24902\/revisions"}],"predecessor-version":[{"id":24904,"href":"https:\/\/masquenoticias.mx\/index.php\/wp-json\/wp\/v2\/posts\/24902\/revisions\/24904"}],"wp:featuredmedia":[{"embeddable":true,"href":"https:\/\/masquenoticias.mx\/index.php\/wp-json\/wp\/v2\/media\/24903"}],"wp:attachment":[{"href":"https:\/\/masquenoticias.mx\/index.php\/wp-json\/wp\/v2\/media?parent=24902"}],"wp:term":[{"taxonomy":"category","embeddable":true,"href":"https:\/\/masquenoticias.mx\/index.php\/wp-json\/wp\/v2\/categories?post=24902"},{"taxonomy":"post_tag","embeddable":true,"href":"https:\/\/masquenoticias.mx\/index.php\/wp-json\/wp\/v2\/tags?post=24902"}],"curies":[{"name":"wp","href":"https:\/\/api.w.org\/{rel}","templated":true}]}}