{"id":24899,"date":"2026-08-31T16:06:45","date_gmt":"2026-08-31T22:06:45","guid":{"rendered":"https:\/\/masquenoticias.mx\/?p=24899"},"modified":"2026-08-31T16:06:45","modified_gmt":"2026-08-31T22:06:45","slug":"sspc-marina-y-fgr-detienen-a-3-presuntos-generadores-de-violencia-del-cartel-los-mezcales","status":"publish","type":"post","link":"https:\/\/masquenoticias.mx\/index.php\/2026\/08\/31\/sspc-marina-y-fgr-detienen-a-3-presuntos-generadores-de-violencia-del-cartel-los-mezcales\/","title":{"rendered":"SSPC, Marina y FGR detienen a 3 presuntos generadores de violencia del Cartel Los Mezcales"},"content":{"rendered":"<p>La Mesa de Coordinaci\u00f3n Estatal para la Construcci\u00f3n de Paz y Seguridad de Colima informa que, como resultado de trabajos de inteligencia, elementos de la Secretar\u00eda de Marina y de la Secretar\u00eda de Seguridad y Protecci\u00f3n Ciudadana (SSPC) del Gobierno del Estado de Colima, en coordinaci\u00f3n con la Fiscal\u00eda General de la Rep\u00fablica (FGR), lograron la detenci\u00f3n de Kevin Felipe \u201cN\u201d, Luis Daniel \u201cN\u201d y una persona menor de edad.<\/p>\n<p>De acuerdo con informes de inteligencia, las tres personas presuntamente ser\u00edan integrantes del C\u00e1rtel Independiente de Colima -tambi\u00e9n conocido como Los Mezcales-, y estar\u00edan vinculadas con diversos hechos violentos y actividades delictivas en la entidad.<\/p>\n<p>Durante la acci\u00f3n operativa les aseguraron dos armas largas (calibre .223 y calibre 5.56 mil\u00edmetros), dos cargadores, 39 cartuchos \u00fatiles y m\u00e1s de 2 mil dosis de una sustancia con caracter\u00edsticas similares a las metanfetaminas.<\/p>\n<p>Los detenidos y los indicios asegurados quedaron a disposici\u00f3n de la autoridad ministerial competente, que continuar\u00e1 con las investigaciones para determinar su situaci\u00f3n jur\u00eddica y establecer su posible relaci\u00f3n con otros hechos delictivos.<\/p>\n<p>Las instituciones federales y estatales de seguridad refrendan su compromiso de mantener acciones coordinadas para combatir a los principales generadores de violencia y debilitar las estructuras criminales que operan en el estado.<\/p>\n<p>Las personas citadas se presumen inocentes mientras no se declare su responsabilidad mediante sentencia emitida por el \u00f3rgano jurisdiccional correspondiente, conforme al art\u00edculo 13 del C\u00f3digo Nacional de Procedimientos Penales (CNPP).<\/p>\n<p>La Mesa de Coordinaci\u00f3n Estatal reitera que continuar\u00e1 realizando operativos buscando reducir la capacidad log\u00edstica de las organizaciones criminales, tanto en la capital del estado como en cada uno de los municipios.<\/p>\n","protected":false},"excerpt":{"rendered":"<p>La Mesa de Coordinaci\u00f3n Estatal para la Construcci\u00f3n de Paz y Seguridad de Colima informa que, como resultado de trabajos de inteligencia, elementos de la Secretar\u00eda de Marina y de la Secretar\u00eda de Seguridad y Protecci\u00f3n Ciudadana (SSPC) del Gobierno del Estado de Colima, en coordinaci\u00f3n con la Fiscal\u00eda General de la Rep\u00fablica (FGR), lograron [&hellip;]<\/p>\n","protected":false},"author":1,"featured_media":24900,"comment_status":"open","ping_status":"open","sticky":false,"template":"","format":"standard","meta":{"_jetpack_memberships_contains_paid_content":false,"footnotes":""},"categories":[58],"tags":[47],"class_list":["post-24899","post","type-post","status-publish","format-standard","has-post-thumbnail","hentry","category-seguridad","tag-seguridad"],"yoast_head":"<!-- This site is optimized with the Yoast SEO plugin v26.6 - https:\/\/yoast.com\/wordpress\/plugins\/seo\/ -->\n<title>SSPC, Marina y FGR detienen a 3 presuntos generadores de violencia del Cartel Los Mezcales - M\u00e1s Que Noticias<\/title>\n<meta name=\"robots\" content=\"index, follow, max-snippet:-1, max-image-preview:large, max-video-preview:-1\" \/>\n<link rel=\"canonical\" href=\"https:\/\/masquenoticias.mx\/index.php\/2026\/08\/31\/sspc-marina-y-fgr-detienen-a-3-presuntos-generadores-de-violencia-del-cartel-los-mezcales\/\" \/>\n<meta property=\"og:locale\" content=\"es_MX\" \/>\n<meta property=\"og:type\" content=\"article\" \/>\n<meta property=\"og:title\" content=\"SSPC, Marina y FGR detienen a 3 presuntos generadores de violencia del Cartel Los Mezcales - M\u00e1s Que Noticias\" \/>\n<meta property=\"og:description\" content=\"La Mesa de Coordinaci\u00f3n Estatal para la Construcci\u00f3n de Paz y Seguridad de Colima informa que, como resultado de trabajos de inteligencia, elementos de la Secretar\u00eda de Marina y de la Secretar\u00eda de Seguridad y Protecci\u00f3n Ciudadana (SSPC) del Gobierno del Estado de Colima, en coordinaci\u00f3n con la Fiscal\u00eda General de la Rep\u00fablica (FGR), lograron [&hellip;]\" \/>\n<meta property=\"og:url\" content=\"https:\/\/masquenoticias.mx\/index.php\/2026\/08\/31\/sspc-marina-y-fgr-detienen-a-3-presuntos-generadores-de-violencia-del-cartel-los-mezcales\/\" \/>\n<meta property=\"og:site_name\" content=\"M\u00e1s Que Noticias\" \/>\n<meta property=\"article:publisher\" content=\"https:\/\/www.facebook.com\/masquenoticiascolima\" \/>\n<meta property=\"article:published_time\" content=\"2026-08-31T22:06:45+00:00\" \/>\n<meta property=\"og:image\" content=\"https:\/\/masquenoticias.mx\/wp-content\/uploads\/2026\/08\/WhatsApp-Image-2026-08-31-at-3.35.18-PM.jpeg\" \/>\n\t<meta property=\"og:image:width\" content=\"1300\" \/>\n\t<meta property=\"og:image:height\" content=\"1034\" \/>\n\t<meta property=\"og:image:type\" content=\"image\/jpeg\" \/>\n<meta name=\"author\" content=\"Redacci\u00f3n\" \/>\n<meta name=\"twitter:card\" content=\"summary_large_image\" \/>\n<meta name=\"twitter:creator\" content=\"@edgartove\" \/>\n<meta name=\"twitter:site\" content=\"@edgartove\" \/>\n<meta name=\"twitter:label1\" content=\"Escrito por\" \/>\n\t<meta name=\"twitter:data1\" content=\"Redacci\u00f3n\" \/>\n\t<meta name=\"twitter:label2\" content=\"Tiempo de lectura\" \/>\n\t<meta name=\"twitter:data2\" content=\"2 minutos\" \/>\n<script type=\"application\/ld+json\" class=\"yoast-schema-graph\">{\"@context\":\"https:\/\/schema.org\",\"@graph\":[{\"@type\":\"Article\",\"@id\":\"https:\/\/masquenoticias.mx\/index.php\/2026\/08\/31\/sspc-marina-y-fgr-detienen-a-3-presuntos-generadores-de-violencia-del-cartel-los-mezcales\/#article\",\"isPartOf\":{\"@id\":\"https:\/\/masquenoticias.mx\/index.php\/2026\/08\/31\/sspc-marina-y-fgr-detienen-a-3-presuntos-generadores-de-violencia-del-cartel-los-mezcales\/\"},\"author\":{\"name\":\"Redacci\u00f3n\",\"@id\":\"https:\/\/masquenoticias.mx\/#\/schema\/person\/544d19989ef23d34615f691f7a96e622\"},\"headline\":\"SSPC, Marina y FGR detienen a 3 presuntos generadores de violencia del Cartel Los Mezcales\",\"datePublished\":\"2026-08-31T22:06:45+00:00\",\"mainEntityOfPage\":{\"@id\":\"https:\/\/masquenoticias.mx\/index.php\/2026\/08\/31\/sspc-marina-y-fgr-detienen-a-3-presuntos-generadores-de-violencia-del-cartel-los-mezcales\/\"},\"wordCount\":302,\"commentCount\":0,\"publisher\":{\"@id\":\"https:\/\/masquenoticias.mx\/#organization\"},\"image\":{\"@id\":\"https:\/\/masquenoticias.mx\/index.php\/2026\/08\/31\/sspc-marina-y-fgr-detienen-a-3-presuntos-generadores-de-violencia-del-cartel-los-mezcales\/#primaryimage\"},\"thumbnailUrl\":\"https:\/\/i0.wp.com\/masquenoticias.mx\/wp-content\/uploads\/2026\/08\/WhatsApp-Image-2026-08-31-at-3.35.18-PM.jpeg?fit=1300%2C1034&ssl=1\",\"keywords\":[\"Seguridad\"],\"articleSection\":[\"Seguridad\"],\"inLanguage\":\"es\",\"potentialAction\":[{\"@type\":\"CommentAction\",\"name\":\"Comment\",\"target\":[\"https:\/\/masquenoticias.mx\/index.php\/2026\/08\/31\/sspc-marina-y-fgr-detienen-a-3-presuntos-generadores-de-violencia-del-cartel-los-mezcales\/#respond\"]}]},{\"@type\":\"WebPage\",\"@id\":\"https:\/\/masquenoticias.mx\/index.php\/2026\/08\/31\/sspc-marina-y-fgr-detienen-a-3-presuntos-generadores-de-violencia-del-cartel-los-mezcales\/\",\"url\":\"https:\/\/masquenoticias.mx\/index.php\/2026\/08\/31\/sspc-marina-y-fgr-detienen-a-3-presuntos-generadores-de-violencia-del-cartel-los-mezcales\/\",\"name\":\"SSPC, Marina y FGR detienen a 3 presuntos generadores de violencia del Cartel Los Mezcales - M\u00e1s Que Noticias\",\"isPartOf\":{\"@id\":\"https:\/\/masquenoticias.mx\/#website\"},\"primaryImageOfPage\":{\"@id\":\"https:\/\/masquenoticias.mx\/index.php\/2026\/08\/31\/sspc-marina-y-fgr-detienen-a-3-presuntos-generadores-de-violencia-del-cartel-los-mezcales\/#primaryimage\"},\"image\":{\"@id\":\"https:\/\/masquenoticias.mx\/index.php\/2026\/08\/31\/sspc-marina-y-fgr-detienen-a-3-presuntos-generadores-de-violencia-del-cartel-los-mezcales\/#primaryimage\"},\"thumbnailUrl\":\"https:\/\/i0.wp.com\/masquenoticias.mx\/wp-content\/uploads\/2026\/08\/WhatsApp-Image-2026-08-31-at-3.35.18-PM.jpeg?fit=1300%2C1034&ssl=1\",\"datePublished\":\"2026-08-31T22:06:45+00:00\",\"breadcrumb\":{\"@id\":\"https:\/\/masquenoticias.mx\/index.php\/2026\/08\/31\/sspc-marina-y-fgr-detienen-a-3-presuntos-generadores-de-violencia-del-cartel-los-mezcales\/#breadcrumb\"},\"inLanguage\":\"es\",\"potentialAction\":[{\"@type\":\"ReadAction\",\"target\":[\"https:\/\/masquenoticias.mx\/index.php\/2026\/08\/31\/sspc-marina-y-fgr-detienen-a-3-presuntos-generadores-de-violencia-del-cartel-los-mezcales\/\"]}]},{\"@type\":\"ImageObject\",\"inLanguage\":\"es\",\"@id\":\"https:\/\/masquenoticias.mx\/index.php\/2026\/08\/31\/sspc-marina-y-fgr-detienen-a-3-presuntos-generadores-de-violencia-del-cartel-los-mezcales\/#primaryimage\",\"url\":\"https:\/\/i0.wp.com\/masquenoticias.mx\/wp-content\/uploads\/2026\/08\/WhatsApp-Image-2026-08-31-at-3.35.18-PM.jpeg?fit=1300%2C1034&ssl=1\",\"contentUrl\":\"https:\/\/i0.wp.com\/masquenoticias.mx\/wp-content\/uploads\/2026\/08\/WhatsApp-Image-2026-08-31-at-3.35.18-PM.jpeg?fit=1300%2C1034&ssl=1\",\"width\":1300,\"height\":1034},{\"@type\":\"BreadcrumbList\",\"@id\":\"https:\/\/masquenoticias.mx\/index.php\/2026\/08\/31\/sspc-marina-y-fgr-detienen-a-3-presuntos-generadores-de-violencia-del-cartel-los-mezcales\/#breadcrumb\",\"itemListElement\":[{\"@type\":\"ListItem\",\"position\":1,\"name\":\"Inicio\",\"item\":\"https:\/\/masquenoticias.mx\/\"},{\"@type\":\"ListItem\",\"position\":2,\"name\":\"SSPC, Marina y FGR detienen a 3 presuntos generadores de violencia del Cartel Los Mezcales\"}]},{\"@type\":\"WebSite\",\"@id\":\"https:\/\/masquenoticias.mx\/#website\",\"url\":\"https:\/\/masquenoticias.mx\/\",\"name\":\"M\u00e1s Que Noticias\",\"description\":\"Noticias de Colima, M\u00e9xico y el Mundo\",\"publisher\":{\"@id\":\"https:\/\/masquenoticias.mx\/#organization\"},\"potentialAction\":[{\"@type\":\"SearchAction\",\"target\":{\"@type\":\"EntryPoint\",\"urlTemplate\":\"https:\/\/masquenoticias.mx\/?s={search_term_string}\"},\"query-input\":{\"@type\":\"PropertyValueSpecification\",\"valueRequired\":true,\"valueName\":\"search_term_string\"}}],\"inLanguage\":\"es\"},{\"@type\":\"Organization\",\"@id\":\"https:\/\/masquenoticias.mx\/#organization\",\"name\":\"M\u00e1s Que Noticias\",\"url\":\"https:\/\/masquenoticias.mx\/\",\"logo\":{\"@type\":\"ImageObject\",\"inLanguage\":\"es\",\"@id\":\"https:\/\/masquenoticias.mx\/#\/schema\/logo\/image\/\",\"url\":\"https:\/\/i0.wp.com\/masquenoticias.mx\/wp-content\/uploads\/2024\/04\/IMG_0004.png?fit=2560%2C1656&ssl=1\",\"contentUrl\":\"https:\/\/i0.wp.com\/masquenoticias.mx\/wp-content\/uploads\/2024\/04\/IMG_0004.png?fit=2560%2C1656&ssl=1\",\"width\":2560,\"height\":1656,\"caption\":\"M\u00e1s Que Noticias\"},\"image\":{\"@id\":\"https:\/\/masquenoticias.mx\/#\/schema\/logo\/image\/\"},\"sameAs\":[\"https:\/\/www.facebook.com\/masquenoticiascolima\",\"https:\/\/x.com\/edgartove\",\"https:\/\/www.instagram.com\/masquenoticiascolima\/\"]},{\"@type\":\"Person\",\"@id\":\"https:\/\/masquenoticias.mx\/#\/schema\/person\/544d19989ef23d34615f691f7a96e622\",\"name\":\"Redacci\u00f3n\",\"image\":{\"@type\":\"ImageObject\",\"inLanguage\":\"es\",\"@id\":\"https:\/\/masquenoticias.mx\/#\/schema\/person\/image\/\",\"url\":\"https:\/\/secure.gravatar.com\/avatar\/7fcc926d5b058d3f3d52d95b4d05dd58?s=96&d=mm&r=g\",\"contentUrl\":\"https:\/\/secure.gravatar.com\/avatar\/7fcc926d5b058d3f3d52d95b4d05dd58?s=96&d=mm&r=g\",\"caption\":\"Redacci\u00f3n\"},\"sameAs\":[\"http:\/\/masquenoticias.mx\"],\"url\":\"https:\/\/masquenoticias.mx\/index.php\/author\/edgartovegmail-com\/\"}]}<\/script>\n<!-- \/ Yoast SEO plugin. -->","yoast_head_json":{"title":"SSPC, Marina y FGR detienen a 3 presuntos generadores de violencia del Cartel Los Mezcales - M\u00e1s Que Noticias","robots":{"index":"index","follow":"follow","max-snippet":"max-snippet:-1","max-image-preview":"max-image-preview:large","max-video-preview":"max-video-preview:-1"},"canonical":"https:\/\/masquenoticias.mx\/index.php\/2026\/08\/31\/sspc-marina-y-fgr-detienen-a-3-presuntos-generadores-de-violencia-del-cartel-los-mezcales\/","og_locale":"es_MX","og_type":"article","og_title":"SSPC, Marina y FGR detienen a 3 presuntos generadores de violencia del Cartel Los Mezcales - M\u00e1s Que Noticias","og_description":"La Mesa de Coordinaci\u00f3n Estatal para la Construcci\u00f3n de Paz y Seguridad de Colima informa que, como resultado de trabajos de inteligencia, elementos de la Secretar\u00eda de Marina y de la Secretar\u00eda de Seguridad y Protecci\u00f3n Ciudadana (SSPC) del Gobierno del Estado de Colima, en coordinaci\u00f3n con la Fiscal\u00eda General de la Rep\u00fablica (FGR), lograron [&hellip;]","og_url":"https:\/\/masquenoticias.mx\/index.php\/2026\/08\/31\/sspc-marina-y-fgr-detienen-a-3-presuntos-generadores-de-violencia-del-cartel-los-mezcales\/","og_site_name":"M\u00e1s Que Noticias","article_publisher":"https:\/\/www.facebook.com\/masquenoticiascolima","article_published_time":"2026-08-31T22:06:45+00:00","og_image":[{"width":1300,"height":1034,"url":"https:\/\/masquenoticias.mx\/wp-content\/uploads\/2026\/08\/WhatsApp-Image-2026-08-31-at-3.35.18-PM.jpeg","type":"image\/jpeg"}],"author":"Redacci\u00f3n","twitter_card":"summary_large_image","twitter_creator":"@edgartove","twitter_site":"@edgartove","twitter_misc":{"Escrito por":"Redacci\u00f3n","Tiempo de lectura":"2 minutos"},"schema":{"@context":"https:\/\/schema.org","@graph":[{"@type":"Article","@id":"https:\/\/masquenoticias.mx\/index.php\/2026\/08\/31\/sspc-marina-y-fgr-detienen-a-3-presuntos-generadores-de-violencia-del-cartel-los-mezcales\/#article","isPartOf":{"@id":"https:\/\/masquenoticias.mx\/index.php\/2026\/08\/31\/sspc-marina-y-fgr-detienen-a-3-presuntos-generadores-de-violencia-del-cartel-los-mezcales\/"},"author":{"name":"Redacci\u00f3n","@id":"https:\/\/masquenoticias.mx\/#\/schema\/person\/544d19989ef23d34615f691f7a96e622"},"headline":"SSPC, Marina y FGR detienen a 3 presuntos generadores de violencia del Cartel Los Mezcales","datePublished":"2026-08-31T22:06:45+00:00","mainEntityOfPage":{"@id":"https:\/\/masquenoticias.mx\/index.php\/2026\/08\/31\/sspc-marina-y-fgr-detienen-a-3-presuntos-generadores-de-violencia-del-cartel-los-mezcales\/"},"wordCount":302,"commentCount":0,"publisher":{"@id":"https:\/\/masquenoticias.mx\/#organization"},"image":{"@id":"https:\/\/masquenoticias.mx\/index.php\/2026\/08\/31\/sspc-marina-y-fgr-detienen-a-3-presuntos-generadores-de-violencia-del-cartel-los-mezcales\/#primaryimage"},"thumbnailUrl":"https:\/\/i0.wp.com\/masquenoticias.mx\/wp-content\/uploads\/2026\/08\/WhatsApp-Image-2026-08-31-at-3.35.18-PM.jpeg?fit=1300%2C1034&ssl=1","keywords":["Seguridad"],"articleSection":["Seguridad"],"inLanguage":"es","potentialAction":[{"@type":"CommentAction","name":"Comment","target":["https:\/\/masquenoticias.mx\/index.php\/2026\/08\/31\/sspc-marina-y-fgr-detienen-a-3-presuntos-generadores-de-violencia-del-cartel-los-mezcales\/#respond"]}]},{"@type":"WebPage","@id":"https:\/\/masquenoticias.mx\/index.php\/2026\/08\/31\/sspc-marina-y-fgr-detienen-a-3-presuntos-generadores-de-violencia-del-cartel-los-mezcales\/","url":"https:\/\/masquenoticias.mx\/index.php\/2026\/08\/31\/sspc-marina-y-fgr-detienen-a-3-presuntos-generadores-de-violencia-del-cartel-los-mezcales\/","name":"SSPC, Marina y FGR detienen a 3 presuntos generadores de violencia del Cartel Los Mezcales - M\u00e1s Que Noticias","isPartOf":{"@id":"https:\/\/masquenoticias.mx\/#website"},"primaryImageOfPage":{"@id":"https:\/\/masquenoticias.mx\/index.php\/2026\/08\/31\/sspc-marina-y-fgr-detienen-a-3-presuntos-generadores-de-violencia-del-cartel-los-mezcales\/#primaryimage"},"image":{"@id":"https:\/\/masquenoticias.mx\/index.php\/2026\/08\/31\/sspc-marina-y-fgr-detienen-a-3-presuntos-generadores-de-violencia-del-cartel-los-mezcales\/#primaryimage"},"thumbnailUrl":"https:\/\/i0.wp.com\/masquenoticias.mx\/wp-content\/uploads\/2026\/08\/WhatsApp-Image-2026-08-31-at-3.35.18-PM.jpeg?fit=1300%2C1034&ssl=1","datePublished":"2026-08-31T22:06:45+00:00","breadcrumb":{"@id":"https:\/\/masquenoticias.mx\/index.php\/2026\/08\/31\/sspc-marina-y-fgr-detienen-a-3-presuntos-generadores-de-violencia-del-cartel-los-mezcales\/#breadcrumb"},"inLanguage":"es","potentialAction":[{"@type":"ReadAction","target":["https:\/\/masquenoticias.mx\/index.php\/2026\/08\/31\/sspc-marina-y-fgr-detienen-a-3-presuntos-generadores-de-violencia-del-cartel-los-mezcales\/"]}]},{"@type":"ImageObject","inLanguage":"es","@id":"https:\/\/masquenoticias.mx\/index.php\/2026\/08\/31\/sspc-marina-y-fgr-detienen-a-3-presuntos-generadores-de-violencia-del-cartel-los-mezcales\/#primaryimage","url":"https:\/\/i0.wp.com\/masquenoticias.mx\/wp-content\/uploads\/2026\/08\/WhatsApp-Image-2026-08-31-at-3.35.18-PM.jpeg?fit=1300%2C1034&ssl=1","contentUrl":"https:\/\/i0.wp.com\/masquenoticias.mx\/wp-content\/uploads\/2026\/08\/WhatsApp-Image-2026-08-31-at-3.35.18-PM.jpeg?fit=1300%2C1034&ssl=1","width":1300,"height":1034},{"@type":"BreadcrumbList","@id":"https:\/\/masquenoticias.mx\/index.php\/2026\/08\/31\/sspc-marina-y-fgr-detienen-a-3-presuntos-generadores-de-violencia-del-cartel-los-mezcales\/#breadcrumb","itemListElement":[{"@type":"ListItem","position":1,"name":"Inicio","item":"https:\/\/masquenoticias.mx\/"},{"@type":"ListItem","position":2,"name":"SSPC, Marina y FGR detienen a 3 presuntos generadores de violencia del Cartel Los Mezcales"}]},{"@type":"WebSite","@id":"https:\/\/masquenoticias.mx\/#website","url":"https:\/\/masquenoticias.mx\/","name":"M\u00e1s Que Noticias","description":"Noticias de Colima, M\u00e9xico y el Mundo","publisher":{"@id":"https:\/\/masquenoticias.mx\/#organization"},"potentialAction":[{"@type":"SearchAction","target":{"@type":"EntryPoint","urlTemplate":"https:\/\/masquenoticias.mx\/?s={search_term_string}"},"query-input":{"@type":"PropertyValueSpecification","valueRequired":true,"valueName":"search_term_string"}}],"inLanguage":"es"},{"@type":"Organization","@id":"https:\/\/masquenoticias.mx\/#organization","name":"M\u00e1s Que Noticias","url":"https:\/\/masquenoticias.mx\/","logo":{"@type":"ImageObject","inLanguage":"es","@id":"https:\/\/masquenoticias.mx\/#\/schema\/logo\/image\/","url":"https:\/\/i0.wp.com\/masquenoticias.mx\/wp-content\/uploads\/2024\/04\/IMG_0004.png?fit=2560%2C1656&ssl=1","contentUrl":"https:\/\/i0.wp.com\/masquenoticias.mx\/wp-content\/uploads\/2024\/04\/IMG_0004.png?fit=2560%2C1656&ssl=1","width":2560,"height":1656,"caption":"M\u00e1s Que Noticias"},"image":{"@id":"https:\/\/masquenoticias.mx\/#\/schema\/logo\/image\/"},"sameAs":["https:\/\/www.facebook.com\/masquenoticiascolima","https:\/\/x.com\/edgartove","https:\/\/www.instagram.com\/masquenoticiascolima\/"]},{"@type":"Person","@id":"https:\/\/masquenoticias.mx\/#\/schema\/person\/544d19989ef23d34615f691f7a96e622","name":"Redacci\u00f3n","image":{"@type":"ImageObject","inLanguage":"es","@id":"https:\/\/masquenoticias.mx\/#\/schema\/person\/image\/","url":"https:\/\/secure.gravatar.com\/avatar\/7fcc926d5b058d3f3d52d95b4d05dd58?s=96&d=mm&r=g","contentUrl":"https:\/\/secure.gravatar.com\/avatar\/7fcc926d5b058d3f3d52d95b4d05dd58?s=96&d=mm&r=g","caption":"Redacci\u00f3n"},"sameAs":["http:\/\/masquenoticias.mx"],"url":"https:\/\/masquenoticias.mx\/index.php\/author\/edgartovegmail-com\/"}]}},"jetpack_featured_media_url":"https:\/\/i0.wp.com\/masquenoticias.mx\/wp-content\/uploads\/2026\/08\/WhatsApp-Image-2026-08-31-at-3.35.18-PM.jpeg?fit=1300%2C1034&ssl=1","blog_post_layout_featured_media_urls":{"thumbnail":["https:\/\/i0.wp.com\/masquenoticias.mx\/wp-content\/uploads\/2026\/08\/WhatsApp-Image-2026-08-31-at-3.35.18-PM.jpeg?resize=150%2C150&ssl=1",150,150,true],"full":["https:\/\/i0.wp.com\/masquenoticias.mx\/wp-content\/uploads\/2026\/08\/WhatsApp-Image-2026-08-31-at-3.35.18-PM.jpeg?fit=1300%2C1034&ssl=1",1300,1034,false]},"categories_names":{"58":{"name":"Seguridad","link":"https:\/\/masquenoticias.mx\/index.php\/category\/seguridad\/"}},"tags_names":{"47":{"name":"Seguridad","link":"https:\/\/masquenoticias.mx\/index.php\/tag\/seguridad\/"}},"comments_number":"0","wpmagazine_modules_lite_featured_media_urls":{"thumbnail":["https:\/\/i0.wp.com\/masquenoticias.mx\/wp-content\/uploads\/2026\/08\/WhatsApp-Image-2026-08-31-at-3.35.18-PM.jpeg?resize=150%2C150&ssl=1",150,150,true],"cvmm-medium":["https:\/\/i0.wp.com\/masquenoticias.mx\/wp-content\/uploads\/2026\/08\/WhatsApp-Image-2026-08-31-at-3.35.18-PM.jpeg?resize=300%2C300&ssl=1",300,300,true],"cvmm-medium-plus":["https:\/\/i0.wp.com\/masquenoticias.mx\/wp-content\/uploads\/2026\/08\/WhatsApp-Image-2026-08-31-at-3.35.18-PM.jpeg?resize=305%2C207&ssl=1",305,207,true],"cvmm-portrait":["https:\/\/i0.wp.com\/masquenoticias.mx\/wp-content\/uploads\/2026\/08\/WhatsApp-Image-2026-08-31-at-3.35.18-PM.jpeg?resize=400%2C600&ssl=1",400,600,true],"cvmm-medium-square":["https:\/\/i0.wp.com\/masquenoticias.mx\/wp-content\/uploads\/2026\/08\/WhatsApp-Image-2026-08-31-at-3.35.18-PM.jpeg?resize=600%2C600&ssl=1",600,600,true],"cvmm-large":["https:\/\/i0.wp.com\/masquenoticias.mx\/wp-content\/uploads\/2026\/08\/WhatsApp-Image-2026-08-31-at-3.35.18-PM.jpeg?resize=1024%2C1024&ssl=1",1024,1024,true],"cvmm-small":["https:\/\/i0.wp.com\/masquenoticias.mx\/wp-content\/uploads\/2026\/08\/WhatsApp-Image-2026-08-31-at-3.35.18-PM.jpeg?resize=130%2C95&ssl=1",130,95,true],"full":["https:\/\/i0.wp.com\/masquenoticias.mx\/wp-content\/uploads\/2026\/08\/WhatsApp-Image-2026-08-31-at-3.35.18-PM.jpeg?fit=1300%2C1034&ssl=1",1300,1034,false]},"jetpack-related-posts":[],"jetpack_sharing_enabled":true,"jetpack_likes_enabled":true,"jetpack_shortlink":"https:\/\/wp.me\/pf7pkt-6tB","_links":{"self":[{"href":"https:\/\/masquenoticias.mx\/index.php\/wp-json\/wp\/v2\/posts\/24899","targetHints":{"allow":["GET"]}}],"collection":[{"href":"https:\/\/masquenoticias.mx\/index.php\/wp-json\/wp\/v2\/posts"}],"about":[{"href":"https:\/\/masquenoticias.mx\/index.php\/wp-json\/wp\/v2\/types\/post"}],"author":[{"embeddable":true,"href":"https:\/\/masquenoticias.mx\/index.php\/wp-json\/wp\/v2\/users\/1"}],"replies":[{"embeddable":true,"href":"https:\/\/masquenoticias.mx\/index.php\/wp-json\/wp\/v2\/comments?post=24899"}],"version-history":[{"count":1,"href":"https:\/\/masquenoticias.mx\/index.php\/wp-json\/wp\/v2\/posts\/24899\/revisions"}],"predecessor-version":[{"id":24901,"href":"https:\/\/masquenoticias.mx\/index.php\/wp-json\/wp\/v2\/posts\/24899\/revisions\/24901"}],"wp:featuredmedia":[{"embeddable":true,"href":"https:\/\/masquenoticias.mx\/index.php\/wp-json\/wp\/v2\/media\/24900"}],"wp:attachment":[{"href":"https:\/\/masquenoticias.mx\/index.php\/wp-json\/wp\/v2\/media?parent=24899"}],"wp:term":[{"taxonomy":"category","embeddable":true,"href":"https:\/\/masquenoticias.mx\/index.php\/wp-json\/wp\/v2\/categories?post=24899"},{"taxonomy":"post_tag","embeddable":true,"href":"https:\/\/masquenoticias.mx\/index.php\/wp-json\/wp\/v2\/tags?post=24899"}],"curies":[{"name":"wp","href":"https:\/\/api.w.org\/{rel}","templated":true}]}}