{"id":24893,"date":"2026-08-31T15:59:34","date_gmt":"2026-08-31T21:59:34","guid":{"rendered":"https:\/\/masquenoticias.mx\/?p=24893"},"modified":"2026-08-31T15:59:34","modified_gmt":"2026-08-31T21:59:34","slug":"gobierno-del-estado-sodetam-e-inah-realizaran-viii-seminario-colima-en-el-tiempo-del-8-al-11-de-septiembre","status":"publish","type":"post","link":"https:\/\/masquenoticias.mx\/index.php\/2026\/08\/31\/gobierno-del-estado-sodetam-e-inah-realizaran-viii-seminario-colima-en-el-tiempo-del-8-al-11-de-septiembre\/","title":{"rendered":"Gobierno del Estado, Sodetam e INAH realizar\u00e1n VIII Seminario Colima en el Tiempo, del 8 al 11 de septiembre"},"content":{"rendered":"<p>En coordinaci\u00f3n con la Subsecretar\u00eda de Cultura del Gobierno del Estado de Colima que encabeza la mandataria Indira Vizca\u00edno Silva, la Sociedad Defensora del Tesoro Art\u00edstico de M\u00e9xico (Sodetam), Cap\u00edtulo Colima y el Centro INAH Colima realizar\u00e1n del 8 al 11 de septiembre el VIII Seminario Colima en el Tiempo: Ra\u00edces vivas de Colima, que rendir\u00e1 homenaje a las trayectoria de los historiadores Jos\u00e9 Miguel Romero de Sol\u00eds y Mar\u00eda de los \u00c1ngeles Rodr\u00edguez \u00c1lvarez, inform\u00f3 en conferencia de prensa Mar\u00eda Irma L\u00f3pez Rasgado, presidenta de la Sodetam.<\/p>\n<p>El subsecretario de Cultura, Juan Jos\u00e9 Arias Orozco, reiter\u00f3 el compromiso de la instituci\u00f3n estatal de seguir colaborando con iniciativas como el Seminario Colima en el Tiempo que buscan contribuir al rescate y preservaci\u00f3n de la memoria hist\u00f3rica de nuestro estado. La directora del Centro INAH Colima, Alex Ochoa Lozano, destac\u00f3 el valor del esfuerzo interinstitucional y colectivo en favor de la conservaci\u00f3n de la historia, el di\u00e1logo y la comunidad.<\/p>\n<p>Las conferencias del seminario se realizar\u00e1n del 8 al 11 de septiembre a las 18:00 horas en el Poliforum Cultural Mexiac (ubicado en el jard\u00edn de la Corregidora, en la capital colimense), con la participaci\u00f3n de destacadas historiadoras, historiadores e investigadores colimenses como Tonantzin Medina Garc\u00eda, Ma. de los \u00c1ngeles Olay Barrientos y Edwin G. Mayoral S\u00e1nchez.<\/p>\n","protected":false},"excerpt":{"rendered":"<p>En coordinaci\u00f3n con la Subsecretar\u00eda de Cultura del Gobierno del Estado de Colima que encabeza la mandataria Indira Vizca\u00edno Silva, la Sociedad Defensora del Tesoro Art\u00edstico de M\u00e9xico (Sodetam), Cap\u00edtulo Colima y el Centro INAH Colima realizar\u00e1n del 8 al 11 de septiembre el VIII Seminario Colima en el Tiempo: Ra\u00edces vivas de Colima, que [&hellip;]<\/p>\n","protected":false},"author":1,"featured_media":24894,"comment_status":"open","ping_status":"open","sticky":false,"template":"","format":"standard","meta":{"_jetpack_memberships_contains_paid_content":false,"footnotes":""},"categories":[24],"tags":[118],"class_list":["post-24893","post","type-post","status-publish","format-standard","has-post-thumbnail","hentry","category-estado","tag-cultura"],"yoast_head":"<!-- This site is optimized with the Yoast SEO plugin v26.6 - https:\/\/yoast.com\/wordpress\/plugins\/seo\/ -->\n<title>Gobierno del Estado, Sodetam e INAH realizar\u00e1n VIII Seminario Colima en el Tiempo, del 8 al 11 de septiembre - M\u00e1s Que Noticias<\/title>\n<meta name=\"robots\" content=\"index, follow, max-snippet:-1, max-image-preview:large, max-video-preview:-1\" \/>\n<link rel=\"canonical\" href=\"https:\/\/masquenoticias.mx\/index.php\/2026\/08\/31\/gobierno-del-estado-sodetam-e-inah-realizaran-viii-seminario-colima-en-el-tiempo-del-8-al-11-de-septiembre\/\" \/>\n<meta property=\"og:locale\" content=\"es_MX\" \/>\n<meta property=\"og:type\" content=\"article\" \/>\n<meta property=\"og:title\" content=\"Gobierno del Estado, Sodetam e INAH realizar\u00e1n VIII Seminario Colima en el Tiempo, del 8 al 11 de septiembre - M\u00e1s Que Noticias\" \/>\n<meta property=\"og:description\" content=\"En coordinaci\u00f3n con la Subsecretar\u00eda de Cultura del Gobierno del Estado de Colima que encabeza la mandataria Indira Vizca\u00edno Silva, la Sociedad Defensora del Tesoro Art\u00edstico de M\u00e9xico (Sodetam), Cap\u00edtulo Colima y el Centro INAH Colima realizar\u00e1n del 8 al 11 de septiembre el VIII Seminario Colima en el Tiempo: Ra\u00edces vivas de Colima, que [&hellip;]\" \/>\n<meta property=\"og:url\" content=\"https:\/\/masquenoticias.mx\/index.php\/2026\/08\/31\/gobierno-del-estado-sodetam-e-inah-realizaran-viii-seminario-colima-en-el-tiempo-del-8-al-11-de-septiembre\/\" \/>\n<meta property=\"og:site_name\" content=\"M\u00e1s Que Noticias\" \/>\n<meta property=\"article:publisher\" content=\"https:\/\/www.facebook.com\/masquenoticiascolima\" \/>\n<meta property=\"article:published_time\" content=\"2026-08-31T21:59:34+00:00\" \/>\n<meta property=\"og:image\" content=\"https:\/\/masquenoticias.mx\/wp-content\/uploads\/2026\/08\/WhatsApp-Image-2026-08-31-at-2.11.47-PM-1.jpeg\" \/>\n\t<meta property=\"og:image:width\" content=\"1600\" \/>\n\t<meta property=\"og:image:height\" content=\"1066\" \/>\n\t<meta property=\"og:image:type\" content=\"image\/jpeg\" \/>\n<meta name=\"author\" content=\"Redacci\u00f3n\" \/>\n<meta name=\"twitter:card\" content=\"summary_large_image\" \/>\n<meta name=\"twitter:creator\" content=\"@edgartove\" \/>\n<meta name=\"twitter:site\" content=\"@edgartove\" \/>\n<meta name=\"twitter:label1\" content=\"Escrito por\" \/>\n\t<meta name=\"twitter:data1\" content=\"Redacci\u00f3n\" \/>\n\t<meta name=\"twitter:label2\" content=\"Tiempo de lectura\" \/>\n\t<meta name=\"twitter:data2\" content=\"2 minutos\" \/>\n<script type=\"application\/ld+json\" class=\"yoast-schema-graph\">{\"@context\":\"https:\/\/schema.org\",\"@graph\":[{\"@type\":\"Article\",\"@id\":\"https:\/\/masquenoticias.mx\/index.php\/2026\/08\/31\/gobierno-del-estado-sodetam-e-inah-realizaran-viii-seminario-colima-en-el-tiempo-del-8-al-11-de-septiembre\/#article\",\"isPartOf\":{\"@id\":\"https:\/\/masquenoticias.mx\/index.php\/2026\/08\/31\/gobierno-del-estado-sodetam-e-inah-realizaran-viii-seminario-colima-en-el-tiempo-del-8-al-11-de-septiembre\/\"},\"author\":{\"name\":\"Redacci\u00f3n\",\"@id\":\"https:\/\/masquenoticias.mx\/#\/schema\/person\/544d19989ef23d34615f691f7a96e622\"},\"headline\":\"Gobierno del Estado, Sodetam e INAH realizar\u00e1n VIII Seminario Colima en el Tiempo, del 8 al 11 de septiembre\",\"datePublished\":\"2026-08-31T21:59:34+00:00\",\"mainEntityOfPage\":{\"@id\":\"https:\/\/masquenoticias.mx\/index.php\/2026\/08\/31\/gobierno-del-estado-sodetam-e-inah-realizaran-viii-seminario-colima-en-el-tiempo-del-8-al-11-de-septiembre\/\"},\"wordCount\":252,\"commentCount\":0,\"publisher\":{\"@id\":\"https:\/\/masquenoticias.mx\/#organization\"},\"image\":{\"@id\":\"https:\/\/masquenoticias.mx\/index.php\/2026\/08\/31\/gobierno-del-estado-sodetam-e-inah-realizaran-viii-seminario-colima-en-el-tiempo-del-8-al-11-de-septiembre\/#primaryimage\"},\"thumbnailUrl\":\"https:\/\/i0.wp.com\/masquenoticias.mx\/wp-content\/uploads\/2026\/08\/WhatsApp-Image-2026-08-31-at-2.11.47-PM-1.jpeg?fit=1600%2C1066&ssl=1\",\"keywords\":[\"Cultura\"],\"articleSection\":[\"Estado\"],\"inLanguage\":\"es\",\"potentialAction\":[{\"@type\":\"CommentAction\",\"name\":\"Comment\",\"target\":[\"https:\/\/masquenoticias.mx\/index.php\/2026\/08\/31\/gobierno-del-estado-sodetam-e-inah-realizaran-viii-seminario-colima-en-el-tiempo-del-8-al-11-de-septiembre\/#respond\"]}]},{\"@type\":\"WebPage\",\"@id\":\"https:\/\/masquenoticias.mx\/index.php\/2026\/08\/31\/gobierno-del-estado-sodetam-e-inah-realizaran-viii-seminario-colima-en-el-tiempo-del-8-al-11-de-septiembre\/\",\"url\":\"https:\/\/masquenoticias.mx\/index.php\/2026\/08\/31\/gobierno-del-estado-sodetam-e-inah-realizaran-viii-seminario-colima-en-el-tiempo-del-8-al-11-de-septiembre\/\",\"name\":\"Gobierno del Estado, Sodetam e INAH realizar\u00e1n VIII Seminario Colima en el Tiempo, del 8 al 11 de septiembre - M\u00e1s Que Noticias\",\"isPartOf\":{\"@id\":\"https:\/\/masquenoticias.mx\/#website\"},\"primaryImageOfPage\":{\"@id\":\"https:\/\/masquenoticias.mx\/index.php\/2026\/08\/31\/gobierno-del-estado-sodetam-e-inah-realizaran-viii-seminario-colima-en-el-tiempo-del-8-al-11-de-septiembre\/#primaryimage\"},\"image\":{\"@id\":\"https:\/\/masquenoticias.mx\/index.php\/2026\/08\/31\/gobierno-del-estado-sodetam-e-inah-realizaran-viii-seminario-colima-en-el-tiempo-del-8-al-11-de-septiembre\/#primaryimage\"},\"thumbnailUrl\":\"https:\/\/i0.wp.com\/masquenoticias.mx\/wp-content\/uploads\/2026\/08\/WhatsApp-Image-2026-08-31-at-2.11.47-PM-1.jpeg?fit=1600%2C1066&ssl=1\",\"datePublished\":\"2026-08-31T21:59:34+00:00\",\"breadcrumb\":{\"@id\":\"https:\/\/masquenoticias.mx\/index.php\/2026\/08\/31\/gobierno-del-estado-sodetam-e-inah-realizaran-viii-seminario-colima-en-el-tiempo-del-8-al-11-de-septiembre\/#breadcrumb\"},\"inLanguage\":\"es\",\"potentialAction\":[{\"@type\":\"ReadAction\",\"target\":[\"https:\/\/masquenoticias.mx\/index.php\/2026\/08\/31\/gobierno-del-estado-sodetam-e-inah-realizaran-viii-seminario-colima-en-el-tiempo-del-8-al-11-de-septiembre\/\"]}]},{\"@type\":\"ImageObject\",\"inLanguage\":\"es\",\"@id\":\"https:\/\/masquenoticias.mx\/index.php\/2026\/08\/31\/gobierno-del-estado-sodetam-e-inah-realizaran-viii-seminario-colima-en-el-tiempo-del-8-al-11-de-septiembre\/#primaryimage\",\"url\":\"https:\/\/i0.wp.com\/masquenoticias.mx\/wp-content\/uploads\/2026\/08\/WhatsApp-Image-2026-08-31-at-2.11.47-PM-1.jpeg?fit=1600%2C1066&ssl=1\",\"contentUrl\":\"https:\/\/i0.wp.com\/masquenoticias.mx\/wp-content\/uploads\/2026\/08\/WhatsApp-Image-2026-08-31-at-2.11.47-PM-1.jpeg?fit=1600%2C1066&ssl=1\",\"width\":1600,\"height\":1066},{\"@type\":\"BreadcrumbList\",\"@id\":\"https:\/\/masquenoticias.mx\/index.php\/2026\/08\/31\/gobierno-del-estado-sodetam-e-inah-realizaran-viii-seminario-colima-en-el-tiempo-del-8-al-11-de-septiembre\/#breadcrumb\",\"itemListElement\":[{\"@type\":\"ListItem\",\"position\":1,\"name\":\"Inicio\",\"item\":\"https:\/\/masquenoticias.mx\/\"},{\"@type\":\"ListItem\",\"position\":2,\"name\":\"Gobierno del Estado, Sodetam e INAH realizar\u00e1n VIII Seminario Colima en el Tiempo, del 8 al 11 de septiembre\"}]},{\"@type\":\"WebSite\",\"@id\":\"https:\/\/masquenoticias.mx\/#website\",\"url\":\"https:\/\/masquenoticias.mx\/\",\"name\":\"M\u00e1s Que Noticias\",\"description\":\"Noticias de Colima, M\u00e9xico y el Mundo\",\"publisher\":{\"@id\":\"https:\/\/masquenoticias.mx\/#organization\"},\"potentialAction\":[{\"@type\":\"SearchAction\",\"target\":{\"@type\":\"EntryPoint\",\"urlTemplate\":\"https:\/\/masquenoticias.mx\/?s={search_term_string}\"},\"query-input\":{\"@type\":\"PropertyValueSpecification\",\"valueRequired\":true,\"valueName\":\"search_term_string\"}}],\"inLanguage\":\"es\"},{\"@type\":\"Organization\",\"@id\":\"https:\/\/masquenoticias.mx\/#organization\",\"name\":\"M\u00e1s Que Noticias\",\"url\":\"https:\/\/masquenoticias.mx\/\",\"logo\":{\"@type\":\"ImageObject\",\"inLanguage\":\"es\",\"@id\":\"https:\/\/masquenoticias.mx\/#\/schema\/logo\/image\/\",\"url\":\"https:\/\/i0.wp.com\/masquenoticias.mx\/wp-content\/uploads\/2024\/04\/IMG_0004.png?fit=2560%2C1656&ssl=1\",\"contentUrl\":\"https:\/\/i0.wp.com\/masquenoticias.mx\/wp-content\/uploads\/2024\/04\/IMG_0004.png?fit=2560%2C1656&ssl=1\",\"width\":2560,\"height\":1656,\"caption\":\"M\u00e1s Que Noticias\"},\"image\":{\"@id\":\"https:\/\/masquenoticias.mx\/#\/schema\/logo\/image\/\"},\"sameAs\":[\"https:\/\/www.facebook.com\/masquenoticiascolima\",\"https:\/\/x.com\/edgartove\",\"https:\/\/www.instagram.com\/masquenoticiascolima\/\"]},{\"@type\":\"Person\",\"@id\":\"https:\/\/masquenoticias.mx\/#\/schema\/person\/544d19989ef23d34615f691f7a96e622\",\"name\":\"Redacci\u00f3n\",\"image\":{\"@type\":\"ImageObject\",\"inLanguage\":\"es\",\"@id\":\"https:\/\/masquenoticias.mx\/#\/schema\/person\/image\/\",\"url\":\"https:\/\/secure.gravatar.com\/avatar\/7fcc926d5b058d3f3d52d95b4d05dd58?s=96&d=mm&r=g\",\"contentUrl\":\"https:\/\/secure.gravatar.com\/avatar\/7fcc926d5b058d3f3d52d95b4d05dd58?s=96&d=mm&r=g\",\"caption\":\"Redacci\u00f3n\"},\"sameAs\":[\"http:\/\/masquenoticias.mx\"],\"url\":\"https:\/\/masquenoticias.mx\/index.php\/author\/edgartovegmail-com\/\"}]}<\/script>\n<!-- \/ Yoast SEO plugin. -->","yoast_head_json":{"title":"Gobierno del Estado, Sodetam e INAH realizar\u00e1n VIII Seminario Colima en el Tiempo, del 8 al 11 de septiembre - M\u00e1s Que Noticias","robots":{"index":"index","follow":"follow","max-snippet":"max-snippet:-1","max-image-preview":"max-image-preview:large","max-video-preview":"max-video-preview:-1"},"canonical":"https:\/\/masquenoticias.mx\/index.php\/2026\/08\/31\/gobierno-del-estado-sodetam-e-inah-realizaran-viii-seminario-colima-en-el-tiempo-del-8-al-11-de-septiembre\/","og_locale":"es_MX","og_type":"article","og_title":"Gobierno del Estado, Sodetam e INAH realizar\u00e1n VIII Seminario Colima en el Tiempo, del 8 al 11 de septiembre - M\u00e1s Que Noticias","og_description":"En coordinaci\u00f3n con la Subsecretar\u00eda de Cultura del Gobierno del Estado de Colima que encabeza la mandataria Indira Vizca\u00edno Silva, la Sociedad Defensora del Tesoro Art\u00edstico de M\u00e9xico (Sodetam), Cap\u00edtulo Colima y el Centro INAH Colima realizar\u00e1n del 8 al 11 de septiembre el VIII Seminario Colima en el Tiempo: Ra\u00edces vivas de Colima, que [&hellip;]","og_url":"https:\/\/masquenoticias.mx\/index.php\/2026\/08\/31\/gobierno-del-estado-sodetam-e-inah-realizaran-viii-seminario-colima-en-el-tiempo-del-8-al-11-de-septiembre\/","og_site_name":"M\u00e1s Que Noticias","article_publisher":"https:\/\/www.facebook.com\/masquenoticiascolima","article_published_time":"2026-08-31T21:59:34+00:00","og_image":[{"width":1600,"height":1066,"url":"https:\/\/masquenoticias.mx\/wp-content\/uploads\/2026\/08\/WhatsApp-Image-2026-08-31-at-2.11.47-PM-1.jpeg","type":"image\/jpeg"}],"author":"Redacci\u00f3n","twitter_card":"summary_large_image","twitter_creator":"@edgartove","twitter_site":"@edgartove","twitter_misc":{"Escrito por":"Redacci\u00f3n","Tiempo de lectura":"2 minutos"},"schema":{"@context":"https:\/\/schema.org","@graph":[{"@type":"Article","@id":"https:\/\/masquenoticias.mx\/index.php\/2026\/08\/31\/gobierno-del-estado-sodetam-e-inah-realizaran-viii-seminario-colima-en-el-tiempo-del-8-al-11-de-septiembre\/#article","isPartOf":{"@id":"https:\/\/masquenoticias.mx\/index.php\/2026\/08\/31\/gobierno-del-estado-sodetam-e-inah-realizaran-viii-seminario-colima-en-el-tiempo-del-8-al-11-de-septiembre\/"},"author":{"name":"Redacci\u00f3n","@id":"https:\/\/masquenoticias.mx\/#\/schema\/person\/544d19989ef23d34615f691f7a96e622"},"headline":"Gobierno del Estado, Sodetam e INAH realizar\u00e1n VIII Seminario Colima en el Tiempo, del 8 al 11 de septiembre","datePublished":"2026-08-31T21:59:34+00:00","mainEntityOfPage":{"@id":"https:\/\/masquenoticias.mx\/index.php\/2026\/08\/31\/gobierno-del-estado-sodetam-e-inah-realizaran-viii-seminario-colima-en-el-tiempo-del-8-al-11-de-septiembre\/"},"wordCount":252,"commentCount":0,"publisher":{"@id":"https:\/\/masquenoticias.mx\/#organization"},"image":{"@id":"https:\/\/masquenoticias.mx\/index.php\/2026\/08\/31\/gobierno-del-estado-sodetam-e-inah-realizaran-viii-seminario-colima-en-el-tiempo-del-8-al-11-de-septiembre\/#primaryimage"},"thumbnailUrl":"https:\/\/i0.wp.com\/masquenoticias.mx\/wp-content\/uploads\/2026\/08\/WhatsApp-Image-2026-08-31-at-2.11.47-PM-1.jpeg?fit=1600%2C1066&ssl=1","keywords":["Cultura"],"articleSection":["Estado"],"inLanguage":"es","potentialAction":[{"@type":"CommentAction","name":"Comment","target":["https:\/\/masquenoticias.mx\/index.php\/2026\/08\/31\/gobierno-del-estado-sodetam-e-inah-realizaran-viii-seminario-colima-en-el-tiempo-del-8-al-11-de-septiembre\/#respond"]}]},{"@type":"WebPage","@id":"https:\/\/masquenoticias.mx\/index.php\/2026\/08\/31\/gobierno-del-estado-sodetam-e-inah-realizaran-viii-seminario-colima-en-el-tiempo-del-8-al-11-de-septiembre\/","url":"https:\/\/masquenoticias.mx\/index.php\/2026\/08\/31\/gobierno-del-estado-sodetam-e-inah-realizaran-viii-seminario-colima-en-el-tiempo-del-8-al-11-de-septiembre\/","name":"Gobierno del Estado, Sodetam e INAH realizar\u00e1n VIII Seminario Colima en el Tiempo, del 8 al 11 de septiembre - M\u00e1s Que Noticias","isPartOf":{"@id":"https:\/\/masquenoticias.mx\/#website"},"primaryImageOfPage":{"@id":"https:\/\/masquenoticias.mx\/index.php\/2026\/08\/31\/gobierno-del-estado-sodetam-e-inah-realizaran-viii-seminario-colima-en-el-tiempo-del-8-al-11-de-septiembre\/#primaryimage"},"image":{"@id":"https:\/\/masquenoticias.mx\/index.php\/2026\/08\/31\/gobierno-del-estado-sodetam-e-inah-realizaran-viii-seminario-colima-en-el-tiempo-del-8-al-11-de-septiembre\/#primaryimage"},"thumbnailUrl":"https:\/\/i0.wp.com\/masquenoticias.mx\/wp-content\/uploads\/2026\/08\/WhatsApp-Image-2026-08-31-at-2.11.47-PM-1.jpeg?fit=1600%2C1066&ssl=1","datePublished":"2026-08-31T21:59:34+00:00","breadcrumb":{"@id":"https:\/\/masquenoticias.mx\/index.php\/2026\/08\/31\/gobierno-del-estado-sodetam-e-inah-realizaran-viii-seminario-colima-en-el-tiempo-del-8-al-11-de-septiembre\/#breadcrumb"},"inLanguage":"es","potentialAction":[{"@type":"ReadAction","target":["https:\/\/masquenoticias.mx\/index.php\/2026\/08\/31\/gobierno-del-estado-sodetam-e-inah-realizaran-viii-seminario-colima-en-el-tiempo-del-8-al-11-de-septiembre\/"]}]},{"@type":"ImageObject","inLanguage":"es","@id":"https:\/\/masquenoticias.mx\/index.php\/2026\/08\/31\/gobierno-del-estado-sodetam-e-inah-realizaran-viii-seminario-colima-en-el-tiempo-del-8-al-11-de-septiembre\/#primaryimage","url":"https:\/\/i0.wp.com\/masquenoticias.mx\/wp-content\/uploads\/2026\/08\/WhatsApp-Image-2026-08-31-at-2.11.47-PM-1.jpeg?fit=1600%2C1066&ssl=1","contentUrl":"https:\/\/i0.wp.com\/masquenoticias.mx\/wp-content\/uploads\/2026\/08\/WhatsApp-Image-2026-08-31-at-2.11.47-PM-1.jpeg?fit=1600%2C1066&ssl=1","width":1600,"height":1066},{"@type":"BreadcrumbList","@id":"https:\/\/masquenoticias.mx\/index.php\/2026\/08\/31\/gobierno-del-estado-sodetam-e-inah-realizaran-viii-seminario-colima-en-el-tiempo-del-8-al-11-de-septiembre\/#breadcrumb","itemListElement":[{"@type":"ListItem","position":1,"name":"Inicio","item":"https:\/\/masquenoticias.mx\/"},{"@type":"ListItem","position":2,"name":"Gobierno del Estado, Sodetam e INAH realizar\u00e1n VIII Seminario Colima en el Tiempo, del 8 al 11 de septiembre"}]},{"@type":"WebSite","@id":"https:\/\/masquenoticias.mx\/#website","url":"https:\/\/masquenoticias.mx\/","name":"M\u00e1s Que Noticias","description":"Noticias de Colima, M\u00e9xico y el Mundo","publisher":{"@id":"https:\/\/masquenoticias.mx\/#organization"},"potentialAction":[{"@type":"SearchAction","target":{"@type":"EntryPoint","urlTemplate":"https:\/\/masquenoticias.mx\/?s={search_term_string}"},"query-input":{"@type":"PropertyValueSpecification","valueRequired":true,"valueName":"search_term_string"}}],"inLanguage":"es"},{"@type":"Organization","@id":"https:\/\/masquenoticias.mx\/#organization","name":"M\u00e1s Que Noticias","url":"https:\/\/masquenoticias.mx\/","logo":{"@type":"ImageObject","inLanguage":"es","@id":"https:\/\/masquenoticias.mx\/#\/schema\/logo\/image\/","url":"https:\/\/i0.wp.com\/masquenoticias.mx\/wp-content\/uploads\/2024\/04\/IMG_0004.png?fit=2560%2C1656&ssl=1","contentUrl":"https:\/\/i0.wp.com\/masquenoticias.mx\/wp-content\/uploads\/2024\/04\/IMG_0004.png?fit=2560%2C1656&ssl=1","width":2560,"height":1656,"caption":"M\u00e1s Que Noticias"},"image":{"@id":"https:\/\/masquenoticias.mx\/#\/schema\/logo\/image\/"},"sameAs":["https:\/\/www.facebook.com\/masquenoticiascolima","https:\/\/x.com\/edgartove","https:\/\/www.instagram.com\/masquenoticiascolima\/"]},{"@type":"Person","@id":"https:\/\/masquenoticias.mx\/#\/schema\/person\/544d19989ef23d34615f691f7a96e622","name":"Redacci\u00f3n","image":{"@type":"ImageObject","inLanguage":"es","@id":"https:\/\/masquenoticias.mx\/#\/schema\/person\/image\/","url":"https:\/\/secure.gravatar.com\/avatar\/7fcc926d5b058d3f3d52d95b4d05dd58?s=96&d=mm&r=g","contentUrl":"https:\/\/secure.gravatar.com\/avatar\/7fcc926d5b058d3f3d52d95b4d05dd58?s=96&d=mm&r=g","caption":"Redacci\u00f3n"},"sameAs":["http:\/\/masquenoticias.mx"],"url":"https:\/\/masquenoticias.mx\/index.php\/author\/edgartovegmail-com\/"}]}},"jetpack_featured_media_url":"https:\/\/i0.wp.com\/masquenoticias.mx\/wp-content\/uploads\/2026\/08\/WhatsApp-Image-2026-08-31-at-2.11.47-PM-1.jpeg?fit=1600%2C1066&ssl=1","blog_post_layout_featured_media_urls":{"thumbnail":["https:\/\/i0.wp.com\/masquenoticias.mx\/wp-content\/uploads\/2026\/08\/WhatsApp-Image-2026-08-31-at-2.11.47-PM-1.jpeg?resize=150%2C150&ssl=1",150,150,true],"full":["https:\/\/i0.wp.com\/masquenoticias.mx\/wp-content\/uploads\/2026\/08\/WhatsApp-Image-2026-08-31-at-2.11.47-PM-1.jpeg?fit=1600%2C1066&ssl=1",1600,1066,false]},"categories_names":{"24":{"name":"Estado","link":"https:\/\/masquenoticias.mx\/index.php\/category\/estado\/"}},"tags_names":{"118":{"name":"Cultura","link":"https:\/\/masquenoticias.mx\/index.php\/tag\/cultura\/"}},"comments_number":"0","wpmagazine_modules_lite_featured_media_urls":{"thumbnail":["https:\/\/i0.wp.com\/masquenoticias.mx\/wp-content\/uploads\/2026\/08\/WhatsApp-Image-2026-08-31-at-2.11.47-PM-1.jpeg?resize=150%2C150&ssl=1",150,150,true],"cvmm-medium":["https:\/\/i0.wp.com\/masquenoticias.mx\/wp-content\/uploads\/2026\/08\/WhatsApp-Image-2026-08-31-at-2.11.47-PM-1.jpeg?resize=300%2C300&ssl=1",300,300,true],"cvmm-medium-plus":["https:\/\/i0.wp.com\/masquenoticias.mx\/wp-content\/uploads\/2026\/08\/WhatsApp-Image-2026-08-31-at-2.11.47-PM-1.jpeg?resize=305%2C207&ssl=1",305,207,true],"cvmm-portrait":["https:\/\/i0.wp.com\/masquenoticias.mx\/wp-content\/uploads\/2026\/08\/WhatsApp-Image-2026-08-31-at-2.11.47-PM-1.jpeg?resize=400%2C600&ssl=1",400,600,true],"cvmm-medium-square":["https:\/\/i0.wp.com\/masquenoticias.mx\/wp-content\/uploads\/2026\/08\/WhatsApp-Image-2026-08-31-at-2.11.47-PM-1.jpeg?resize=600%2C600&ssl=1",600,600,true],"cvmm-large":["https:\/\/i0.wp.com\/masquenoticias.mx\/wp-content\/uploads\/2026\/08\/WhatsApp-Image-2026-08-31-at-2.11.47-PM-1.jpeg?resize=1024%2C1024&ssl=1",1024,1024,true],"cvmm-small":["https:\/\/i0.wp.com\/masquenoticias.mx\/wp-content\/uploads\/2026\/08\/WhatsApp-Image-2026-08-31-at-2.11.47-PM-1.jpeg?resize=130%2C95&ssl=1",130,95,true],"full":["https:\/\/i0.wp.com\/masquenoticias.mx\/wp-content\/uploads\/2026\/08\/WhatsApp-Image-2026-08-31-at-2.11.47-PM-1.jpeg?fit=1600%2C1066&ssl=1",1600,1066,false]},"jetpack-related-posts":[],"jetpack_sharing_enabled":true,"jetpack_likes_enabled":true,"jetpack_shortlink":"https:\/\/wp.me\/pf7pkt-6tv","_links":{"self":[{"href":"https:\/\/masquenoticias.mx\/index.php\/wp-json\/wp\/v2\/posts\/24893","targetHints":{"allow":["GET"]}}],"collection":[{"href":"https:\/\/masquenoticias.mx\/index.php\/wp-json\/wp\/v2\/posts"}],"about":[{"href":"https:\/\/masquenoticias.mx\/index.php\/wp-json\/wp\/v2\/types\/post"}],"author":[{"embeddable":true,"href":"https:\/\/masquenoticias.mx\/index.php\/wp-json\/wp\/v2\/users\/1"}],"replies":[{"embeddable":true,"href":"https:\/\/masquenoticias.mx\/index.php\/wp-json\/wp\/v2\/comments?post=24893"}],"version-history":[{"count":1,"href":"https:\/\/masquenoticias.mx\/index.php\/wp-json\/wp\/v2\/posts\/24893\/revisions"}],"predecessor-version":[{"id":24895,"href":"https:\/\/masquenoticias.mx\/index.php\/wp-json\/wp\/v2\/posts\/24893\/revisions\/24895"}],"wp:featuredmedia":[{"embeddable":true,"href":"https:\/\/masquenoticias.mx\/index.php\/wp-json\/wp\/v2\/media\/24894"}],"wp:attachment":[{"href":"https:\/\/masquenoticias.mx\/index.php\/wp-json\/wp\/v2\/media?parent=24893"}],"wp:term":[{"taxonomy":"category","embeddable":true,"href":"https:\/\/masquenoticias.mx\/index.php\/wp-json\/wp\/v2\/categories?post=24893"},{"taxonomy":"post_tag","embeddable":true,"href":"https:\/\/masquenoticias.mx\/index.php\/wp-json\/wp\/v2\/tags?post=24893"}],"curies":[{"name":"wp","href":"https:\/\/api.w.org\/{rel}","templated":true}]}}