{"id":24890,"date":"2026-08-31T15:50:55","date_gmt":"2026-08-31T21:50:55","guid":{"rendered":"https:\/\/masquenoticias.mx\/?p=24890"},"modified":"2026-08-31T15:50:55","modified_gmt":"2026-08-31T21:50:55","slug":"festival-de-artes-vivas-de-la-costa-llegara-a-colima-jalisco-y-michoacan-del-17-al-27-de-septiembre","status":"publish","type":"post","link":"https:\/\/masquenoticias.mx\/index.php\/2026\/08\/31\/festival-de-artes-vivas-de-la-costa-llegara-a-colima-jalisco-y-michoacan-del-17-al-27-de-septiembre\/","title":{"rendered":"Festival de Artes Vivas de la Costa llegar\u00e1 a Colima, Jalisco y Michoac\u00e1n, del 17 al 27 de septiembre"},"content":{"rendered":"<p>Con apoyo del Gobierno del Estado de Colima que preside la gobernadora Indira Vizca\u00edno Silva, y con recursos otorgados por la Secretar\u00eda de Cultura del Gobierno de M\u00e9xico, a trav\u00e9s de Programa de Apoyo a Festivales Culturales y Art\u00edsticos (Profest), del 17 al 27 de septiembre, el d\u00e9cimo Festival de Artes Vivas de la Costa (Favic), organizado por la compa\u00f1\u00eda Puercoespines Teatro, llegar\u00e1 a Colima, Jalisco y Michoac\u00e1n, con 20 funciones gratuitas, adem\u00e1s de eventos especiales y talleres para artistas esc\u00e9nicos en formaci\u00f3n y con trayectoria.<\/p>\n<p>El subsecretario de Cultura, Juan Jos\u00e9 Arias Orozco, reconoci\u00f3 la importancia del Favic con el desarrollo de las artes esc\u00e9nicas en la entidad y celebr\u00f3 que en su d\u00e9cima edici\u00f3n apueste por la descentralizaci\u00f3n, una de las pol\u00edticas culturales m\u00e1s importantes en la actualidad. H\u00e9ctor Casta\u00f1eda Arceo, director del Festival, mencion\u00f3 que el Favic conservar\u00e1 su naturaleza comunitaria, promoviendo que p\u00fablico y artistas encuentren un espacio para la convivencia.<\/p>\n<p>La directora general de Difusi\u00f3n Cultural de la Universidad de Colima, Gilda Glenda Callejas Azoy, se\u00f1al\u00f3 que para la m\u00e1xima casa de estudios del estado es fundamental que la formaci\u00f3n integral de su estudiantado se complemente fuera de las aulas, refiri\u00e9ndose a la participaci\u00f3n que tendr\u00e1n las agrupaciones universitarias en el Favic. El programa completo del Festival puede ser consultado en el enlace https:\/\/bit.ly\/PROGRAMACIONFAViC2026.<\/p>\n","protected":false},"excerpt":{"rendered":"<p>Con apoyo del Gobierno del Estado de Colima que preside la gobernadora Indira Vizca\u00edno Silva, y con recursos otorgados por la Secretar\u00eda de Cultura del Gobierno de M\u00e9xico, a trav\u00e9s de Programa de Apoyo a Festivales Culturales y Art\u00edsticos (Profest), del 17 al 27 de septiembre, el d\u00e9cimo Festival de Artes Vivas de la Costa [&hellip;]<\/p>\n","protected":false},"author":1,"featured_media":24891,"comment_status":"open","ping_status":"open","sticky":false,"template":"","format":"standard","meta":{"_jetpack_memberships_contains_paid_content":false,"footnotes":""},"categories":[24],"tags":[118],"class_list":["post-24890","post","type-post","status-publish","format-standard","has-post-thumbnail","hentry","category-estado","tag-cultura"],"yoast_head":"<!-- This site is optimized with the Yoast SEO plugin v26.6 - https:\/\/yoast.com\/wordpress\/plugins\/seo\/ -->\n<title>Festival de Artes Vivas de la Costa llegar\u00e1 a Colima, Jalisco y Michoac\u00e1n, del 17 al 27 de septiembre - M\u00e1s Que Noticias<\/title>\n<meta name=\"robots\" content=\"index, follow, max-snippet:-1, max-image-preview:large, max-video-preview:-1\" \/>\n<link rel=\"canonical\" href=\"https:\/\/masquenoticias.mx\/index.php\/2026\/08\/31\/festival-de-artes-vivas-de-la-costa-llegara-a-colima-jalisco-y-michoacan-del-17-al-27-de-septiembre\/\" \/>\n<meta property=\"og:locale\" content=\"es_MX\" \/>\n<meta property=\"og:type\" content=\"article\" \/>\n<meta property=\"og:title\" content=\"Festival de Artes Vivas de la Costa llegar\u00e1 a Colima, Jalisco y Michoac\u00e1n, del 17 al 27 de septiembre - M\u00e1s Que Noticias\" \/>\n<meta property=\"og:description\" content=\"Con apoyo del Gobierno del Estado de Colima que preside la gobernadora Indira Vizca\u00edno Silva, y con recursos otorgados por la Secretar\u00eda de Cultura del Gobierno de M\u00e9xico, a trav\u00e9s de Programa de Apoyo a Festivales Culturales y Art\u00edsticos (Profest), del 17 al 27 de septiembre, el d\u00e9cimo Festival de Artes Vivas de la Costa [&hellip;]\" \/>\n<meta property=\"og:url\" content=\"https:\/\/masquenoticias.mx\/index.php\/2026\/08\/31\/festival-de-artes-vivas-de-la-costa-llegara-a-colima-jalisco-y-michoacan-del-17-al-27-de-septiembre\/\" \/>\n<meta property=\"og:site_name\" content=\"M\u00e1s Que Noticias\" \/>\n<meta property=\"article:publisher\" content=\"https:\/\/www.facebook.com\/masquenoticiascolima\" \/>\n<meta property=\"article:published_time\" content=\"2026-08-31T21:50:55+00:00\" \/>\n<meta property=\"og:image\" content=\"https:\/\/masquenoticias.mx\/wp-content\/uploads\/2026\/08\/WhatsApp-Image-2026-08-31-at-1.41.07-PM.jpeg\" \/>\n\t<meta property=\"og:image:width\" content=\"1600\" \/>\n\t<meta property=\"og:image:height\" content=\"1064\" \/>\n\t<meta property=\"og:image:type\" content=\"image\/jpeg\" \/>\n<meta name=\"author\" content=\"Redacci\u00f3n\" \/>\n<meta name=\"twitter:card\" content=\"summary_large_image\" \/>\n<meta name=\"twitter:creator\" content=\"@edgartove\" \/>\n<meta name=\"twitter:site\" content=\"@edgartove\" \/>\n<meta name=\"twitter:label1\" content=\"Escrito por\" \/>\n\t<meta name=\"twitter:data1\" content=\"Redacci\u00f3n\" \/>\n\t<meta name=\"twitter:label2\" content=\"Tiempo de lectura\" \/>\n\t<meta name=\"twitter:data2\" content=\"2 minutos\" \/>\n<script type=\"application\/ld+json\" class=\"yoast-schema-graph\">{\"@context\":\"https:\/\/schema.org\",\"@graph\":[{\"@type\":\"Article\",\"@id\":\"https:\/\/masquenoticias.mx\/index.php\/2026\/08\/31\/festival-de-artes-vivas-de-la-costa-llegara-a-colima-jalisco-y-michoacan-del-17-al-27-de-septiembre\/#article\",\"isPartOf\":{\"@id\":\"https:\/\/masquenoticias.mx\/index.php\/2026\/08\/31\/festival-de-artes-vivas-de-la-costa-llegara-a-colima-jalisco-y-michoacan-del-17-al-27-de-septiembre\/\"},\"author\":{\"name\":\"Redacci\u00f3n\",\"@id\":\"https:\/\/masquenoticias.mx\/#\/schema\/person\/544d19989ef23d34615f691f7a96e622\"},\"headline\":\"Festival de Artes Vivas de la Costa llegar\u00e1 a Colima, Jalisco y Michoac\u00e1n, del 17 al 27 de septiembre\",\"datePublished\":\"2026-08-31T21:50:55+00:00\",\"mainEntityOfPage\":{\"@id\":\"https:\/\/masquenoticias.mx\/index.php\/2026\/08\/31\/festival-de-artes-vivas-de-la-costa-llegara-a-colima-jalisco-y-michoacan-del-17-al-27-de-septiembre\/\"},\"wordCount\":264,\"commentCount\":0,\"publisher\":{\"@id\":\"https:\/\/masquenoticias.mx\/#organization\"},\"image\":{\"@id\":\"https:\/\/masquenoticias.mx\/index.php\/2026\/08\/31\/festival-de-artes-vivas-de-la-costa-llegara-a-colima-jalisco-y-michoacan-del-17-al-27-de-septiembre\/#primaryimage\"},\"thumbnailUrl\":\"https:\/\/i0.wp.com\/masquenoticias.mx\/wp-content\/uploads\/2026\/08\/WhatsApp-Image-2026-08-31-at-1.41.07-PM.jpeg?fit=1600%2C1064&ssl=1\",\"keywords\":[\"Cultura\"],\"articleSection\":[\"Estado\"],\"inLanguage\":\"es\",\"potentialAction\":[{\"@type\":\"CommentAction\",\"name\":\"Comment\",\"target\":[\"https:\/\/masquenoticias.mx\/index.php\/2026\/08\/31\/festival-de-artes-vivas-de-la-costa-llegara-a-colima-jalisco-y-michoacan-del-17-al-27-de-septiembre\/#respond\"]}]},{\"@type\":\"WebPage\",\"@id\":\"https:\/\/masquenoticias.mx\/index.php\/2026\/08\/31\/festival-de-artes-vivas-de-la-costa-llegara-a-colima-jalisco-y-michoacan-del-17-al-27-de-septiembre\/\",\"url\":\"https:\/\/masquenoticias.mx\/index.php\/2026\/08\/31\/festival-de-artes-vivas-de-la-costa-llegara-a-colima-jalisco-y-michoacan-del-17-al-27-de-septiembre\/\",\"name\":\"Festival de Artes Vivas de la Costa llegar\u00e1 a Colima, Jalisco y Michoac\u00e1n, del 17 al 27 de septiembre - M\u00e1s Que Noticias\",\"isPartOf\":{\"@id\":\"https:\/\/masquenoticias.mx\/#website\"},\"primaryImageOfPage\":{\"@id\":\"https:\/\/masquenoticias.mx\/index.php\/2026\/08\/31\/festival-de-artes-vivas-de-la-costa-llegara-a-colima-jalisco-y-michoacan-del-17-al-27-de-septiembre\/#primaryimage\"},\"image\":{\"@id\":\"https:\/\/masquenoticias.mx\/index.php\/2026\/08\/31\/festival-de-artes-vivas-de-la-costa-llegara-a-colima-jalisco-y-michoacan-del-17-al-27-de-septiembre\/#primaryimage\"},\"thumbnailUrl\":\"https:\/\/i0.wp.com\/masquenoticias.mx\/wp-content\/uploads\/2026\/08\/WhatsApp-Image-2026-08-31-at-1.41.07-PM.jpeg?fit=1600%2C1064&ssl=1\",\"datePublished\":\"2026-08-31T21:50:55+00:00\",\"breadcrumb\":{\"@id\":\"https:\/\/masquenoticias.mx\/index.php\/2026\/08\/31\/festival-de-artes-vivas-de-la-costa-llegara-a-colima-jalisco-y-michoacan-del-17-al-27-de-septiembre\/#breadcrumb\"},\"inLanguage\":\"es\",\"potentialAction\":[{\"@type\":\"ReadAction\",\"target\":[\"https:\/\/masquenoticias.mx\/index.php\/2026\/08\/31\/festival-de-artes-vivas-de-la-costa-llegara-a-colima-jalisco-y-michoacan-del-17-al-27-de-septiembre\/\"]}]},{\"@type\":\"ImageObject\",\"inLanguage\":\"es\",\"@id\":\"https:\/\/masquenoticias.mx\/index.php\/2026\/08\/31\/festival-de-artes-vivas-de-la-costa-llegara-a-colima-jalisco-y-michoacan-del-17-al-27-de-septiembre\/#primaryimage\",\"url\":\"https:\/\/i0.wp.com\/masquenoticias.mx\/wp-content\/uploads\/2026\/08\/WhatsApp-Image-2026-08-31-at-1.41.07-PM.jpeg?fit=1600%2C1064&ssl=1\",\"contentUrl\":\"https:\/\/i0.wp.com\/masquenoticias.mx\/wp-content\/uploads\/2026\/08\/WhatsApp-Image-2026-08-31-at-1.41.07-PM.jpeg?fit=1600%2C1064&ssl=1\",\"width\":1600,\"height\":1064},{\"@type\":\"BreadcrumbList\",\"@id\":\"https:\/\/masquenoticias.mx\/index.php\/2026\/08\/31\/festival-de-artes-vivas-de-la-costa-llegara-a-colima-jalisco-y-michoacan-del-17-al-27-de-septiembre\/#breadcrumb\",\"itemListElement\":[{\"@type\":\"ListItem\",\"position\":1,\"name\":\"Inicio\",\"item\":\"https:\/\/masquenoticias.mx\/\"},{\"@type\":\"ListItem\",\"position\":2,\"name\":\"Festival de Artes Vivas de la Costa llegar\u00e1 a Colima, Jalisco y Michoac\u00e1n, del 17 al 27 de septiembre\"}]},{\"@type\":\"WebSite\",\"@id\":\"https:\/\/masquenoticias.mx\/#website\",\"url\":\"https:\/\/masquenoticias.mx\/\",\"name\":\"M\u00e1s Que Noticias\",\"description\":\"Noticias de Colima, M\u00e9xico y el Mundo\",\"publisher\":{\"@id\":\"https:\/\/masquenoticias.mx\/#organization\"},\"potentialAction\":[{\"@type\":\"SearchAction\",\"target\":{\"@type\":\"EntryPoint\",\"urlTemplate\":\"https:\/\/masquenoticias.mx\/?s={search_term_string}\"},\"query-input\":{\"@type\":\"PropertyValueSpecification\",\"valueRequired\":true,\"valueName\":\"search_term_string\"}}],\"inLanguage\":\"es\"},{\"@type\":\"Organization\",\"@id\":\"https:\/\/masquenoticias.mx\/#organization\",\"name\":\"M\u00e1s Que Noticias\",\"url\":\"https:\/\/masquenoticias.mx\/\",\"logo\":{\"@type\":\"ImageObject\",\"inLanguage\":\"es\",\"@id\":\"https:\/\/masquenoticias.mx\/#\/schema\/logo\/image\/\",\"url\":\"https:\/\/i0.wp.com\/masquenoticias.mx\/wp-content\/uploads\/2024\/04\/IMG_0004.png?fit=2560%2C1656&ssl=1\",\"contentUrl\":\"https:\/\/i0.wp.com\/masquenoticias.mx\/wp-content\/uploads\/2024\/04\/IMG_0004.png?fit=2560%2C1656&ssl=1\",\"width\":2560,\"height\":1656,\"caption\":\"M\u00e1s Que Noticias\"},\"image\":{\"@id\":\"https:\/\/masquenoticias.mx\/#\/schema\/logo\/image\/\"},\"sameAs\":[\"https:\/\/www.facebook.com\/masquenoticiascolima\",\"https:\/\/x.com\/edgartove\",\"https:\/\/www.instagram.com\/masquenoticiascolima\/\"]},{\"@type\":\"Person\",\"@id\":\"https:\/\/masquenoticias.mx\/#\/schema\/person\/544d19989ef23d34615f691f7a96e622\",\"name\":\"Redacci\u00f3n\",\"image\":{\"@type\":\"ImageObject\",\"inLanguage\":\"es\",\"@id\":\"https:\/\/masquenoticias.mx\/#\/schema\/person\/image\/\",\"url\":\"https:\/\/secure.gravatar.com\/avatar\/7fcc926d5b058d3f3d52d95b4d05dd58?s=96&d=mm&r=g\",\"contentUrl\":\"https:\/\/secure.gravatar.com\/avatar\/7fcc926d5b058d3f3d52d95b4d05dd58?s=96&d=mm&r=g\",\"caption\":\"Redacci\u00f3n\"},\"sameAs\":[\"http:\/\/masquenoticias.mx\"],\"url\":\"https:\/\/masquenoticias.mx\/index.php\/author\/edgartovegmail-com\/\"}]}<\/script>\n<!-- \/ Yoast SEO plugin. -->","yoast_head_json":{"title":"Festival de Artes Vivas de la Costa llegar\u00e1 a Colima, Jalisco y Michoac\u00e1n, del 17 al 27 de septiembre - M\u00e1s Que Noticias","robots":{"index":"index","follow":"follow","max-snippet":"max-snippet:-1","max-image-preview":"max-image-preview:large","max-video-preview":"max-video-preview:-1"},"canonical":"https:\/\/masquenoticias.mx\/index.php\/2026\/08\/31\/festival-de-artes-vivas-de-la-costa-llegara-a-colima-jalisco-y-michoacan-del-17-al-27-de-septiembre\/","og_locale":"es_MX","og_type":"article","og_title":"Festival de Artes Vivas de la Costa llegar\u00e1 a Colima, Jalisco y Michoac\u00e1n, del 17 al 27 de septiembre - M\u00e1s Que Noticias","og_description":"Con apoyo del Gobierno del Estado de Colima que preside la gobernadora Indira Vizca\u00edno Silva, y con recursos otorgados por la Secretar\u00eda de Cultura del Gobierno de M\u00e9xico, a trav\u00e9s de Programa de Apoyo a Festivales Culturales y Art\u00edsticos (Profest), del 17 al 27 de septiembre, el d\u00e9cimo Festival de Artes Vivas de la Costa [&hellip;]","og_url":"https:\/\/masquenoticias.mx\/index.php\/2026\/08\/31\/festival-de-artes-vivas-de-la-costa-llegara-a-colima-jalisco-y-michoacan-del-17-al-27-de-septiembre\/","og_site_name":"M\u00e1s Que Noticias","article_publisher":"https:\/\/www.facebook.com\/masquenoticiascolima","article_published_time":"2026-08-31T21:50:55+00:00","og_image":[{"width":1600,"height":1064,"url":"https:\/\/masquenoticias.mx\/wp-content\/uploads\/2026\/08\/WhatsApp-Image-2026-08-31-at-1.41.07-PM.jpeg","type":"image\/jpeg"}],"author":"Redacci\u00f3n","twitter_card":"summary_large_image","twitter_creator":"@edgartove","twitter_site":"@edgartove","twitter_misc":{"Escrito por":"Redacci\u00f3n","Tiempo de lectura":"2 minutos"},"schema":{"@context":"https:\/\/schema.org","@graph":[{"@type":"Article","@id":"https:\/\/masquenoticias.mx\/index.php\/2026\/08\/31\/festival-de-artes-vivas-de-la-costa-llegara-a-colima-jalisco-y-michoacan-del-17-al-27-de-septiembre\/#article","isPartOf":{"@id":"https:\/\/masquenoticias.mx\/index.php\/2026\/08\/31\/festival-de-artes-vivas-de-la-costa-llegara-a-colima-jalisco-y-michoacan-del-17-al-27-de-septiembre\/"},"author":{"name":"Redacci\u00f3n","@id":"https:\/\/masquenoticias.mx\/#\/schema\/person\/544d19989ef23d34615f691f7a96e622"},"headline":"Festival de Artes Vivas de la Costa llegar\u00e1 a Colima, Jalisco y Michoac\u00e1n, del 17 al 27 de septiembre","datePublished":"2026-08-31T21:50:55+00:00","mainEntityOfPage":{"@id":"https:\/\/masquenoticias.mx\/index.php\/2026\/08\/31\/festival-de-artes-vivas-de-la-costa-llegara-a-colima-jalisco-y-michoacan-del-17-al-27-de-septiembre\/"},"wordCount":264,"commentCount":0,"publisher":{"@id":"https:\/\/masquenoticias.mx\/#organization"},"image":{"@id":"https:\/\/masquenoticias.mx\/index.php\/2026\/08\/31\/festival-de-artes-vivas-de-la-costa-llegara-a-colima-jalisco-y-michoacan-del-17-al-27-de-septiembre\/#primaryimage"},"thumbnailUrl":"https:\/\/i0.wp.com\/masquenoticias.mx\/wp-content\/uploads\/2026\/08\/WhatsApp-Image-2026-08-31-at-1.41.07-PM.jpeg?fit=1600%2C1064&ssl=1","keywords":["Cultura"],"articleSection":["Estado"],"inLanguage":"es","potentialAction":[{"@type":"CommentAction","name":"Comment","target":["https:\/\/masquenoticias.mx\/index.php\/2026\/08\/31\/festival-de-artes-vivas-de-la-costa-llegara-a-colima-jalisco-y-michoacan-del-17-al-27-de-septiembre\/#respond"]}]},{"@type":"WebPage","@id":"https:\/\/masquenoticias.mx\/index.php\/2026\/08\/31\/festival-de-artes-vivas-de-la-costa-llegara-a-colima-jalisco-y-michoacan-del-17-al-27-de-septiembre\/","url":"https:\/\/masquenoticias.mx\/index.php\/2026\/08\/31\/festival-de-artes-vivas-de-la-costa-llegara-a-colima-jalisco-y-michoacan-del-17-al-27-de-septiembre\/","name":"Festival de Artes Vivas de la Costa llegar\u00e1 a Colima, Jalisco y Michoac\u00e1n, del 17 al 27 de septiembre - M\u00e1s Que Noticias","isPartOf":{"@id":"https:\/\/masquenoticias.mx\/#website"},"primaryImageOfPage":{"@id":"https:\/\/masquenoticias.mx\/index.php\/2026\/08\/31\/festival-de-artes-vivas-de-la-costa-llegara-a-colima-jalisco-y-michoacan-del-17-al-27-de-septiembre\/#primaryimage"},"image":{"@id":"https:\/\/masquenoticias.mx\/index.php\/2026\/08\/31\/festival-de-artes-vivas-de-la-costa-llegara-a-colima-jalisco-y-michoacan-del-17-al-27-de-septiembre\/#primaryimage"},"thumbnailUrl":"https:\/\/i0.wp.com\/masquenoticias.mx\/wp-content\/uploads\/2026\/08\/WhatsApp-Image-2026-08-31-at-1.41.07-PM.jpeg?fit=1600%2C1064&ssl=1","datePublished":"2026-08-31T21:50:55+00:00","breadcrumb":{"@id":"https:\/\/masquenoticias.mx\/index.php\/2026\/08\/31\/festival-de-artes-vivas-de-la-costa-llegara-a-colima-jalisco-y-michoacan-del-17-al-27-de-septiembre\/#breadcrumb"},"inLanguage":"es","potentialAction":[{"@type":"ReadAction","target":["https:\/\/masquenoticias.mx\/index.php\/2026\/08\/31\/festival-de-artes-vivas-de-la-costa-llegara-a-colima-jalisco-y-michoacan-del-17-al-27-de-septiembre\/"]}]},{"@type":"ImageObject","inLanguage":"es","@id":"https:\/\/masquenoticias.mx\/index.php\/2026\/08\/31\/festival-de-artes-vivas-de-la-costa-llegara-a-colima-jalisco-y-michoacan-del-17-al-27-de-septiembre\/#primaryimage","url":"https:\/\/i0.wp.com\/masquenoticias.mx\/wp-content\/uploads\/2026\/08\/WhatsApp-Image-2026-08-31-at-1.41.07-PM.jpeg?fit=1600%2C1064&ssl=1","contentUrl":"https:\/\/i0.wp.com\/masquenoticias.mx\/wp-content\/uploads\/2026\/08\/WhatsApp-Image-2026-08-31-at-1.41.07-PM.jpeg?fit=1600%2C1064&ssl=1","width":1600,"height":1064},{"@type":"BreadcrumbList","@id":"https:\/\/masquenoticias.mx\/index.php\/2026\/08\/31\/festival-de-artes-vivas-de-la-costa-llegara-a-colima-jalisco-y-michoacan-del-17-al-27-de-septiembre\/#breadcrumb","itemListElement":[{"@type":"ListItem","position":1,"name":"Inicio","item":"https:\/\/masquenoticias.mx\/"},{"@type":"ListItem","position":2,"name":"Festival de Artes Vivas de la Costa llegar\u00e1 a Colima, Jalisco y Michoac\u00e1n, del 17 al 27 de septiembre"}]},{"@type":"WebSite","@id":"https:\/\/masquenoticias.mx\/#website","url":"https:\/\/masquenoticias.mx\/","name":"M\u00e1s Que Noticias","description":"Noticias de Colima, M\u00e9xico y el Mundo","publisher":{"@id":"https:\/\/masquenoticias.mx\/#organization"},"potentialAction":[{"@type":"SearchAction","target":{"@type":"EntryPoint","urlTemplate":"https:\/\/masquenoticias.mx\/?s={search_term_string}"},"query-input":{"@type":"PropertyValueSpecification","valueRequired":true,"valueName":"search_term_string"}}],"inLanguage":"es"},{"@type":"Organization","@id":"https:\/\/masquenoticias.mx\/#organization","name":"M\u00e1s Que Noticias","url":"https:\/\/masquenoticias.mx\/","logo":{"@type":"ImageObject","inLanguage":"es","@id":"https:\/\/masquenoticias.mx\/#\/schema\/logo\/image\/","url":"https:\/\/i0.wp.com\/masquenoticias.mx\/wp-content\/uploads\/2024\/04\/IMG_0004.png?fit=2560%2C1656&ssl=1","contentUrl":"https:\/\/i0.wp.com\/masquenoticias.mx\/wp-content\/uploads\/2024\/04\/IMG_0004.png?fit=2560%2C1656&ssl=1","width":2560,"height":1656,"caption":"M\u00e1s Que Noticias"},"image":{"@id":"https:\/\/masquenoticias.mx\/#\/schema\/logo\/image\/"},"sameAs":["https:\/\/www.facebook.com\/masquenoticiascolima","https:\/\/x.com\/edgartove","https:\/\/www.instagram.com\/masquenoticiascolima\/"]},{"@type":"Person","@id":"https:\/\/masquenoticias.mx\/#\/schema\/person\/544d19989ef23d34615f691f7a96e622","name":"Redacci\u00f3n","image":{"@type":"ImageObject","inLanguage":"es","@id":"https:\/\/masquenoticias.mx\/#\/schema\/person\/image\/","url":"https:\/\/secure.gravatar.com\/avatar\/7fcc926d5b058d3f3d52d95b4d05dd58?s=96&d=mm&r=g","contentUrl":"https:\/\/secure.gravatar.com\/avatar\/7fcc926d5b058d3f3d52d95b4d05dd58?s=96&d=mm&r=g","caption":"Redacci\u00f3n"},"sameAs":["http:\/\/masquenoticias.mx"],"url":"https:\/\/masquenoticias.mx\/index.php\/author\/edgartovegmail-com\/"}]}},"jetpack_featured_media_url":"https:\/\/i0.wp.com\/masquenoticias.mx\/wp-content\/uploads\/2026\/08\/WhatsApp-Image-2026-08-31-at-1.41.07-PM.jpeg?fit=1600%2C1064&ssl=1","blog_post_layout_featured_media_urls":{"thumbnail":["https:\/\/i0.wp.com\/masquenoticias.mx\/wp-content\/uploads\/2026\/08\/WhatsApp-Image-2026-08-31-at-1.41.07-PM.jpeg?resize=150%2C150&ssl=1",150,150,true],"full":["https:\/\/i0.wp.com\/masquenoticias.mx\/wp-content\/uploads\/2026\/08\/WhatsApp-Image-2026-08-31-at-1.41.07-PM.jpeg?fit=1600%2C1064&ssl=1",1600,1064,false]},"categories_names":{"24":{"name":"Estado","link":"https:\/\/masquenoticias.mx\/index.php\/category\/estado\/"}},"tags_names":{"118":{"name":"Cultura","link":"https:\/\/masquenoticias.mx\/index.php\/tag\/cultura\/"}},"comments_number":"0","wpmagazine_modules_lite_featured_media_urls":{"thumbnail":["https:\/\/i0.wp.com\/masquenoticias.mx\/wp-content\/uploads\/2026\/08\/WhatsApp-Image-2026-08-31-at-1.41.07-PM.jpeg?resize=150%2C150&ssl=1",150,150,true],"cvmm-medium":["https:\/\/i0.wp.com\/masquenoticias.mx\/wp-content\/uploads\/2026\/08\/WhatsApp-Image-2026-08-31-at-1.41.07-PM.jpeg?resize=300%2C300&ssl=1",300,300,true],"cvmm-medium-plus":["https:\/\/i0.wp.com\/masquenoticias.mx\/wp-content\/uploads\/2026\/08\/WhatsApp-Image-2026-08-31-at-1.41.07-PM.jpeg?resize=305%2C207&ssl=1",305,207,true],"cvmm-portrait":["https:\/\/i0.wp.com\/masquenoticias.mx\/wp-content\/uploads\/2026\/08\/WhatsApp-Image-2026-08-31-at-1.41.07-PM.jpeg?resize=400%2C600&ssl=1",400,600,true],"cvmm-medium-square":["https:\/\/i0.wp.com\/masquenoticias.mx\/wp-content\/uploads\/2026\/08\/WhatsApp-Image-2026-08-31-at-1.41.07-PM.jpeg?resize=600%2C600&ssl=1",600,600,true],"cvmm-large":["https:\/\/i0.wp.com\/masquenoticias.mx\/wp-content\/uploads\/2026\/08\/WhatsApp-Image-2026-08-31-at-1.41.07-PM.jpeg?resize=1024%2C1024&ssl=1",1024,1024,true],"cvmm-small":["https:\/\/i0.wp.com\/masquenoticias.mx\/wp-content\/uploads\/2026\/08\/WhatsApp-Image-2026-08-31-at-1.41.07-PM.jpeg?resize=130%2C95&ssl=1",130,95,true],"full":["https:\/\/i0.wp.com\/masquenoticias.mx\/wp-content\/uploads\/2026\/08\/WhatsApp-Image-2026-08-31-at-1.41.07-PM.jpeg?fit=1600%2C1064&ssl=1",1600,1064,false]},"jetpack-related-posts":[],"jetpack_sharing_enabled":true,"jetpack_likes_enabled":true,"jetpack_shortlink":"https:\/\/wp.me\/pf7pkt-6ts","_links":{"self":[{"href":"https:\/\/masquenoticias.mx\/index.php\/wp-json\/wp\/v2\/posts\/24890","targetHints":{"allow":["GET"]}}],"collection":[{"href":"https:\/\/masquenoticias.mx\/index.php\/wp-json\/wp\/v2\/posts"}],"about":[{"href":"https:\/\/masquenoticias.mx\/index.php\/wp-json\/wp\/v2\/types\/post"}],"author":[{"embeddable":true,"href":"https:\/\/masquenoticias.mx\/index.php\/wp-json\/wp\/v2\/users\/1"}],"replies":[{"embeddable":true,"href":"https:\/\/masquenoticias.mx\/index.php\/wp-json\/wp\/v2\/comments?post=24890"}],"version-history":[{"count":1,"href":"https:\/\/masquenoticias.mx\/index.php\/wp-json\/wp\/v2\/posts\/24890\/revisions"}],"predecessor-version":[{"id":24892,"href":"https:\/\/masquenoticias.mx\/index.php\/wp-json\/wp\/v2\/posts\/24890\/revisions\/24892"}],"wp:featuredmedia":[{"embeddable":true,"href":"https:\/\/masquenoticias.mx\/index.php\/wp-json\/wp\/v2\/media\/24891"}],"wp:attachment":[{"href":"https:\/\/masquenoticias.mx\/index.php\/wp-json\/wp\/v2\/media?parent=24890"}],"wp:term":[{"taxonomy":"category","embeddable":true,"href":"https:\/\/masquenoticias.mx\/index.php\/wp-json\/wp\/v2\/categories?post=24890"},{"taxonomy":"post_tag","embeddable":true,"href":"https:\/\/masquenoticias.mx\/index.php\/wp-json\/wp\/v2\/tags?post=24890"}],"curies":[{"name":"wp","href":"https:\/\/api.w.org\/{rel}","templated":true}]}}