{"id":24886,"date":"2026-08-31T15:47:13","date_gmt":"2026-08-31T21:47:13","guid":{"rendered":"https:\/\/masquenoticias.mx\/?p=24886"},"modified":"2026-08-31T15:47:13","modified_gmt":"2026-08-31T21:47:13","slug":"ieea-colima-refrenda-compromiso-de-llevar-educacion-y-oportunidades-a-personas-jovenes-y-adultas-de-los-10-municipios","status":"publish","type":"post","link":"https:\/\/masquenoticias.mx\/index.php\/2026\/08\/31\/ieea-colima-refrenda-compromiso-de-llevar-educacion-y-oportunidades-a-personas-jovenes-y-adultas-de-los-10-municipios\/","title":{"rendered":"IEEA Colima refrenda compromiso de llevar educaci\u00f3n y oportunidades a personas j\u00f3venes y adultas de los 10 municipios"},"content":{"rendered":"<p>A 45 a\u00f1os de la creaci\u00f3n del Instituto Nacional para la Educaci\u00f3n de los Adultos (INEA), el Instituto Estatal de Educaci\u00f3n para Adultos (IEEA) del Gobierno del Estado de Colima que encabeza la mandataria Indira Vizca\u00edno Silva, refrenda su compromiso de acercar los servicios de alfabetizaci\u00f3n, primaria y secundaria a personas j\u00f3venes y adultas de 15 a\u00f1os y m\u00e1s o que a\u00fan no saben leer y escribir que buscan cambiar su presente y abrir nuevas oportunidades para su futuro.<\/p>\n<p>Con presencia en los diez municipios, a trav\u00e9s de plazas comunitarias, figuras educativas y alianzas estrat\u00e9gicas, el IEEA trabaja todos los d\u00edas para acercar la alfabetizaci\u00f3n, la primaria y la secundaria a quienes m\u00e1s lo necesitan, convencido de que aprender a leer y escribir es mucho m\u00e1s que adquirir conocimientos; es abrir la puerta a nuevas oportunidades y transformar vidas.<\/p>\n<p>Bajo la direcci\u00f3n de Guillermo Toscano Reyes, IEEA trabaja para llegar a m\u00e1s comunidades y fortalecer sus acciones para avanzar hacia una sociedad libre de analfabetismo y contribuir desde el estado al reto nacional de garantizar el derecho a la educaci\u00f3n. Cada persona que aprende a leer y escribir, cada joven o adulto que concluye sus estudios y cada certificado entregado representa un paso hacia un Colima con mayores oportunidades y hacia un M\u00e9xico donde nadie se quede atr\u00e1s.<\/p>\n","protected":false},"excerpt":{"rendered":"<p>A 45 a\u00f1os de la creaci\u00f3n del Instituto Nacional para la Educaci\u00f3n de los Adultos (INEA), el Instituto Estatal de Educaci\u00f3n para Adultos (IEEA) del Gobierno del Estado de Colima que encabeza la mandataria Indira Vizca\u00edno Silva, refrenda su compromiso de acercar los servicios de alfabetizaci\u00f3n, primaria y secundaria a personas j\u00f3venes y adultas de [&hellip;]<\/p>\n","protected":false},"author":1,"featured_media":24887,"comment_status":"open","ping_status":"open","sticky":false,"template":"","format":"standard","meta":{"_jetpack_memberships_contains_paid_content":false,"footnotes":""},"categories":[24],"tags":[246],"class_list":["post-24886","post","type-post","status-publish","format-standard","has-post-thumbnail","hentry","category-estado","tag-ieea"],"yoast_head":"<!-- This site is optimized with the Yoast SEO plugin v26.6 - https:\/\/yoast.com\/wordpress\/plugins\/seo\/ -->\n<title>IEEA Colima refrenda compromiso de llevar educaci\u00f3n y oportunidades a personas j\u00f3venes y adultas de los 10 municipios - M\u00e1s Que Noticias<\/title>\n<meta name=\"robots\" content=\"index, follow, max-snippet:-1, max-image-preview:large, max-video-preview:-1\" \/>\n<link rel=\"canonical\" href=\"https:\/\/masquenoticias.mx\/index.php\/2026\/08\/31\/ieea-colima-refrenda-compromiso-de-llevar-educacion-y-oportunidades-a-personas-jovenes-y-adultas-de-los-10-municipios\/\" \/>\n<meta property=\"og:locale\" content=\"es_MX\" \/>\n<meta property=\"og:type\" content=\"article\" \/>\n<meta property=\"og:title\" content=\"IEEA Colima refrenda compromiso de llevar educaci\u00f3n y oportunidades a personas j\u00f3venes y adultas de los 10 municipios - M\u00e1s Que Noticias\" \/>\n<meta property=\"og:description\" content=\"A 45 a\u00f1os de la creaci\u00f3n del Instituto Nacional para la Educaci\u00f3n de los Adultos (INEA), el Instituto Estatal de Educaci\u00f3n para Adultos (IEEA) del Gobierno del Estado de Colima que encabeza la mandataria Indira Vizca\u00edno Silva, refrenda su compromiso de acercar los servicios de alfabetizaci\u00f3n, primaria y secundaria a personas j\u00f3venes y adultas de [&hellip;]\" \/>\n<meta property=\"og:url\" content=\"https:\/\/masquenoticias.mx\/index.php\/2026\/08\/31\/ieea-colima-refrenda-compromiso-de-llevar-educacion-y-oportunidades-a-personas-jovenes-y-adultas-de-los-10-municipios\/\" \/>\n<meta property=\"og:site_name\" content=\"M\u00e1s Que Noticias\" \/>\n<meta property=\"article:publisher\" content=\"https:\/\/www.facebook.com\/masquenoticiascolima\" \/>\n<meta property=\"article:published_time\" content=\"2026-08-31T21:47:13+00:00\" \/>\n<meta property=\"og:image\" content=\"https:\/\/masquenoticias.mx\/wp-content\/uploads\/2026\/08\/WhatsApp-Image-2026-08-31-at-12.34.30-PM.jpeg\" \/>\n\t<meta property=\"og:image:width\" content=\"1600\" \/>\n\t<meta property=\"og:image:height\" content=\"1200\" \/>\n\t<meta property=\"og:image:type\" content=\"image\/jpeg\" \/>\n<meta name=\"author\" content=\"Redacci\u00f3n\" \/>\n<meta name=\"twitter:card\" content=\"summary_large_image\" \/>\n<meta name=\"twitter:creator\" content=\"@edgartove\" \/>\n<meta name=\"twitter:site\" content=\"@edgartove\" \/>\n<meta name=\"twitter:label1\" content=\"Escrito por\" \/>\n\t<meta name=\"twitter:data1\" content=\"Redacci\u00f3n\" \/>\n\t<meta name=\"twitter:label2\" content=\"Tiempo de lectura\" \/>\n\t<meta name=\"twitter:data2\" content=\"2 minutos\" \/>\n<script type=\"application\/ld+json\" class=\"yoast-schema-graph\">{\"@context\":\"https:\/\/schema.org\",\"@graph\":[{\"@type\":\"Article\",\"@id\":\"https:\/\/masquenoticias.mx\/index.php\/2026\/08\/31\/ieea-colima-refrenda-compromiso-de-llevar-educacion-y-oportunidades-a-personas-jovenes-y-adultas-de-los-10-municipios\/#article\",\"isPartOf\":{\"@id\":\"https:\/\/masquenoticias.mx\/index.php\/2026\/08\/31\/ieea-colima-refrenda-compromiso-de-llevar-educacion-y-oportunidades-a-personas-jovenes-y-adultas-de-los-10-municipios\/\"},\"author\":{\"name\":\"Redacci\u00f3n\",\"@id\":\"https:\/\/masquenoticias.mx\/#\/schema\/person\/544d19989ef23d34615f691f7a96e622\"},\"headline\":\"IEEA Colima refrenda compromiso de llevar educaci\u00f3n y oportunidades a personas j\u00f3venes y adultas de los 10 municipios\",\"datePublished\":\"2026-08-31T21:47:13+00:00\",\"mainEntityOfPage\":{\"@id\":\"https:\/\/masquenoticias.mx\/index.php\/2026\/08\/31\/ieea-colima-refrenda-compromiso-de-llevar-educacion-y-oportunidades-a-personas-jovenes-y-adultas-de-los-10-municipios\/\"},\"wordCount\":256,\"commentCount\":0,\"publisher\":{\"@id\":\"https:\/\/masquenoticias.mx\/#organization\"},\"image\":{\"@id\":\"https:\/\/masquenoticias.mx\/index.php\/2026\/08\/31\/ieea-colima-refrenda-compromiso-de-llevar-educacion-y-oportunidades-a-personas-jovenes-y-adultas-de-los-10-municipios\/#primaryimage\"},\"thumbnailUrl\":\"https:\/\/i0.wp.com\/masquenoticias.mx\/wp-content\/uploads\/2026\/08\/WhatsApp-Image-2026-08-31-at-12.34.30-PM.jpeg?fit=1600%2C1200&ssl=1\",\"keywords\":[\"IEEA\"],\"articleSection\":[\"Estado\"],\"inLanguage\":\"es\",\"potentialAction\":[{\"@type\":\"CommentAction\",\"name\":\"Comment\",\"target\":[\"https:\/\/masquenoticias.mx\/index.php\/2026\/08\/31\/ieea-colima-refrenda-compromiso-de-llevar-educacion-y-oportunidades-a-personas-jovenes-y-adultas-de-los-10-municipios\/#respond\"]}]},{\"@type\":\"WebPage\",\"@id\":\"https:\/\/masquenoticias.mx\/index.php\/2026\/08\/31\/ieea-colima-refrenda-compromiso-de-llevar-educacion-y-oportunidades-a-personas-jovenes-y-adultas-de-los-10-municipios\/\",\"url\":\"https:\/\/masquenoticias.mx\/index.php\/2026\/08\/31\/ieea-colima-refrenda-compromiso-de-llevar-educacion-y-oportunidades-a-personas-jovenes-y-adultas-de-los-10-municipios\/\",\"name\":\"IEEA Colima refrenda compromiso de llevar educaci\u00f3n y oportunidades a personas j\u00f3venes y adultas de los 10 municipios - M\u00e1s Que Noticias\",\"isPartOf\":{\"@id\":\"https:\/\/masquenoticias.mx\/#website\"},\"primaryImageOfPage\":{\"@id\":\"https:\/\/masquenoticias.mx\/index.php\/2026\/08\/31\/ieea-colima-refrenda-compromiso-de-llevar-educacion-y-oportunidades-a-personas-jovenes-y-adultas-de-los-10-municipios\/#primaryimage\"},\"image\":{\"@id\":\"https:\/\/masquenoticias.mx\/index.php\/2026\/08\/31\/ieea-colima-refrenda-compromiso-de-llevar-educacion-y-oportunidades-a-personas-jovenes-y-adultas-de-los-10-municipios\/#primaryimage\"},\"thumbnailUrl\":\"https:\/\/i0.wp.com\/masquenoticias.mx\/wp-content\/uploads\/2026\/08\/WhatsApp-Image-2026-08-31-at-12.34.30-PM.jpeg?fit=1600%2C1200&ssl=1\",\"datePublished\":\"2026-08-31T21:47:13+00:00\",\"breadcrumb\":{\"@id\":\"https:\/\/masquenoticias.mx\/index.php\/2026\/08\/31\/ieea-colima-refrenda-compromiso-de-llevar-educacion-y-oportunidades-a-personas-jovenes-y-adultas-de-los-10-municipios\/#breadcrumb\"},\"inLanguage\":\"es\",\"potentialAction\":[{\"@type\":\"ReadAction\",\"target\":[\"https:\/\/masquenoticias.mx\/index.php\/2026\/08\/31\/ieea-colima-refrenda-compromiso-de-llevar-educacion-y-oportunidades-a-personas-jovenes-y-adultas-de-los-10-municipios\/\"]}]},{\"@type\":\"ImageObject\",\"inLanguage\":\"es\",\"@id\":\"https:\/\/masquenoticias.mx\/index.php\/2026\/08\/31\/ieea-colima-refrenda-compromiso-de-llevar-educacion-y-oportunidades-a-personas-jovenes-y-adultas-de-los-10-municipios\/#primaryimage\",\"url\":\"https:\/\/i0.wp.com\/masquenoticias.mx\/wp-content\/uploads\/2026\/08\/WhatsApp-Image-2026-08-31-at-12.34.30-PM.jpeg?fit=1600%2C1200&ssl=1\",\"contentUrl\":\"https:\/\/i0.wp.com\/masquenoticias.mx\/wp-content\/uploads\/2026\/08\/WhatsApp-Image-2026-08-31-at-12.34.30-PM.jpeg?fit=1600%2C1200&ssl=1\",\"width\":1600,\"height\":1200},{\"@type\":\"BreadcrumbList\",\"@id\":\"https:\/\/masquenoticias.mx\/index.php\/2026\/08\/31\/ieea-colima-refrenda-compromiso-de-llevar-educacion-y-oportunidades-a-personas-jovenes-y-adultas-de-los-10-municipios\/#breadcrumb\",\"itemListElement\":[{\"@type\":\"ListItem\",\"position\":1,\"name\":\"Inicio\",\"item\":\"https:\/\/masquenoticias.mx\/\"},{\"@type\":\"ListItem\",\"position\":2,\"name\":\"IEEA Colima refrenda compromiso de llevar educaci\u00f3n y oportunidades a personas j\u00f3venes y adultas de los 10 municipios\"}]},{\"@type\":\"WebSite\",\"@id\":\"https:\/\/masquenoticias.mx\/#website\",\"url\":\"https:\/\/masquenoticias.mx\/\",\"name\":\"M\u00e1s Que Noticias\",\"description\":\"Noticias de Colima, M\u00e9xico y el Mundo\",\"publisher\":{\"@id\":\"https:\/\/masquenoticias.mx\/#organization\"},\"potentialAction\":[{\"@type\":\"SearchAction\",\"target\":{\"@type\":\"EntryPoint\",\"urlTemplate\":\"https:\/\/masquenoticias.mx\/?s={search_term_string}\"},\"query-input\":{\"@type\":\"PropertyValueSpecification\",\"valueRequired\":true,\"valueName\":\"search_term_string\"}}],\"inLanguage\":\"es\"},{\"@type\":\"Organization\",\"@id\":\"https:\/\/masquenoticias.mx\/#organization\",\"name\":\"M\u00e1s Que Noticias\",\"url\":\"https:\/\/masquenoticias.mx\/\",\"logo\":{\"@type\":\"ImageObject\",\"inLanguage\":\"es\",\"@id\":\"https:\/\/masquenoticias.mx\/#\/schema\/logo\/image\/\",\"url\":\"https:\/\/i0.wp.com\/masquenoticias.mx\/wp-content\/uploads\/2024\/04\/IMG_0004.png?fit=2560%2C1656&ssl=1\",\"contentUrl\":\"https:\/\/i0.wp.com\/masquenoticias.mx\/wp-content\/uploads\/2024\/04\/IMG_0004.png?fit=2560%2C1656&ssl=1\",\"width\":2560,\"height\":1656,\"caption\":\"M\u00e1s Que Noticias\"},\"image\":{\"@id\":\"https:\/\/masquenoticias.mx\/#\/schema\/logo\/image\/\"},\"sameAs\":[\"https:\/\/www.facebook.com\/masquenoticiascolima\",\"https:\/\/x.com\/edgartove\",\"https:\/\/www.instagram.com\/masquenoticiascolima\/\"]},{\"@type\":\"Person\",\"@id\":\"https:\/\/masquenoticias.mx\/#\/schema\/person\/544d19989ef23d34615f691f7a96e622\",\"name\":\"Redacci\u00f3n\",\"image\":{\"@type\":\"ImageObject\",\"inLanguage\":\"es\",\"@id\":\"https:\/\/masquenoticias.mx\/#\/schema\/person\/image\/\",\"url\":\"https:\/\/secure.gravatar.com\/avatar\/7fcc926d5b058d3f3d52d95b4d05dd58?s=96&d=mm&r=g\",\"contentUrl\":\"https:\/\/secure.gravatar.com\/avatar\/7fcc926d5b058d3f3d52d95b4d05dd58?s=96&d=mm&r=g\",\"caption\":\"Redacci\u00f3n\"},\"sameAs\":[\"http:\/\/masquenoticias.mx\"],\"url\":\"https:\/\/masquenoticias.mx\/index.php\/author\/edgartovegmail-com\/\"}]}<\/script>\n<!-- \/ Yoast SEO plugin. -->","yoast_head_json":{"title":"IEEA Colima refrenda compromiso de llevar educaci\u00f3n y oportunidades a personas j\u00f3venes y adultas de los 10 municipios - M\u00e1s Que Noticias","robots":{"index":"index","follow":"follow","max-snippet":"max-snippet:-1","max-image-preview":"max-image-preview:large","max-video-preview":"max-video-preview:-1"},"canonical":"https:\/\/masquenoticias.mx\/index.php\/2026\/08\/31\/ieea-colima-refrenda-compromiso-de-llevar-educacion-y-oportunidades-a-personas-jovenes-y-adultas-de-los-10-municipios\/","og_locale":"es_MX","og_type":"article","og_title":"IEEA Colima refrenda compromiso de llevar educaci\u00f3n y oportunidades a personas j\u00f3venes y adultas de los 10 municipios - M\u00e1s Que Noticias","og_description":"A 45 a\u00f1os de la creaci\u00f3n del Instituto Nacional para la Educaci\u00f3n de los Adultos (INEA), el Instituto Estatal de Educaci\u00f3n para Adultos (IEEA) del Gobierno del Estado de Colima que encabeza la mandataria Indira Vizca\u00edno Silva, refrenda su compromiso de acercar los servicios de alfabetizaci\u00f3n, primaria y secundaria a personas j\u00f3venes y adultas de [&hellip;]","og_url":"https:\/\/masquenoticias.mx\/index.php\/2026\/08\/31\/ieea-colima-refrenda-compromiso-de-llevar-educacion-y-oportunidades-a-personas-jovenes-y-adultas-de-los-10-municipios\/","og_site_name":"M\u00e1s Que Noticias","article_publisher":"https:\/\/www.facebook.com\/masquenoticiascolima","article_published_time":"2026-08-31T21:47:13+00:00","og_image":[{"width":1600,"height":1200,"url":"https:\/\/masquenoticias.mx\/wp-content\/uploads\/2026\/08\/WhatsApp-Image-2026-08-31-at-12.34.30-PM.jpeg","type":"image\/jpeg"}],"author":"Redacci\u00f3n","twitter_card":"summary_large_image","twitter_creator":"@edgartove","twitter_site":"@edgartove","twitter_misc":{"Escrito por":"Redacci\u00f3n","Tiempo de lectura":"2 minutos"},"schema":{"@context":"https:\/\/schema.org","@graph":[{"@type":"Article","@id":"https:\/\/masquenoticias.mx\/index.php\/2026\/08\/31\/ieea-colima-refrenda-compromiso-de-llevar-educacion-y-oportunidades-a-personas-jovenes-y-adultas-de-los-10-municipios\/#article","isPartOf":{"@id":"https:\/\/masquenoticias.mx\/index.php\/2026\/08\/31\/ieea-colima-refrenda-compromiso-de-llevar-educacion-y-oportunidades-a-personas-jovenes-y-adultas-de-los-10-municipios\/"},"author":{"name":"Redacci\u00f3n","@id":"https:\/\/masquenoticias.mx\/#\/schema\/person\/544d19989ef23d34615f691f7a96e622"},"headline":"IEEA Colima refrenda compromiso de llevar educaci\u00f3n y oportunidades a personas j\u00f3venes y adultas de los 10 municipios","datePublished":"2026-08-31T21:47:13+00:00","mainEntityOfPage":{"@id":"https:\/\/masquenoticias.mx\/index.php\/2026\/08\/31\/ieea-colima-refrenda-compromiso-de-llevar-educacion-y-oportunidades-a-personas-jovenes-y-adultas-de-los-10-municipios\/"},"wordCount":256,"commentCount":0,"publisher":{"@id":"https:\/\/masquenoticias.mx\/#organization"},"image":{"@id":"https:\/\/masquenoticias.mx\/index.php\/2026\/08\/31\/ieea-colima-refrenda-compromiso-de-llevar-educacion-y-oportunidades-a-personas-jovenes-y-adultas-de-los-10-municipios\/#primaryimage"},"thumbnailUrl":"https:\/\/i0.wp.com\/masquenoticias.mx\/wp-content\/uploads\/2026\/08\/WhatsApp-Image-2026-08-31-at-12.34.30-PM.jpeg?fit=1600%2C1200&ssl=1","keywords":["IEEA"],"articleSection":["Estado"],"inLanguage":"es","potentialAction":[{"@type":"CommentAction","name":"Comment","target":["https:\/\/masquenoticias.mx\/index.php\/2026\/08\/31\/ieea-colima-refrenda-compromiso-de-llevar-educacion-y-oportunidades-a-personas-jovenes-y-adultas-de-los-10-municipios\/#respond"]}]},{"@type":"WebPage","@id":"https:\/\/masquenoticias.mx\/index.php\/2026\/08\/31\/ieea-colima-refrenda-compromiso-de-llevar-educacion-y-oportunidades-a-personas-jovenes-y-adultas-de-los-10-municipios\/","url":"https:\/\/masquenoticias.mx\/index.php\/2026\/08\/31\/ieea-colima-refrenda-compromiso-de-llevar-educacion-y-oportunidades-a-personas-jovenes-y-adultas-de-los-10-municipios\/","name":"IEEA Colima refrenda compromiso de llevar educaci\u00f3n y oportunidades a personas j\u00f3venes y adultas de los 10 municipios - M\u00e1s Que Noticias","isPartOf":{"@id":"https:\/\/masquenoticias.mx\/#website"},"primaryImageOfPage":{"@id":"https:\/\/masquenoticias.mx\/index.php\/2026\/08\/31\/ieea-colima-refrenda-compromiso-de-llevar-educacion-y-oportunidades-a-personas-jovenes-y-adultas-de-los-10-municipios\/#primaryimage"},"image":{"@id":"https:\/\/masquenoticias.mx\/index.php\/2026\/08\/31\/ieea-colima-refrenda-compromiso-de-llevar-educacion-y-oportunidades-a-personas-jovenes-y-adultas-de-los-10-municipios\/#primaryimage"},"thumbnailUrl":"https:\/\/i0.wp.com\/masquenoticias.mx\/wp-content\/uploads\/2026\/08\/WhatsApp-Image-2026-08-31-at-12.34.30-PM.jpeg?fit=1600%2C1200&ssl=1","datePublished":"2026-08-31T21:47:13+00:00","breadcrumb":{"@id":"https:\/\/masquenoticias.mx\/index.php\/2026\/08\/31\/ieea-colima-refrenda-compromiso-de-llevar-educacion-y-oportunidades-a-personas-jovenes-y-adultas-de-los-10-municipios\/#breadcrumb"},"inLanguage":"es","potentialAction":[{"@type":"ReadAction","target":["https:\/\/masquenoticias.mx\/index.php\/2026\/08\/31\/ieea-colima-refrenda-compromiso-de-llevar-educacion-y-oportunidades-a-personas-jovenes-y-adultas-de-los-10-municipios\/"]}]},{"@type":"ImageObject","inLanguage":"es","@id":"https:\/\/masquenoticias.mx\/index.php\/2026\/08\/31\/ieea-colima-refrenda-compromiso-de-llevar-educacion-y-oportunidades-a-personas-jovenes-y-adultas-de-los-10-municipios\/#primaryimage","url":"https:\/\/i0.wp.com\/masquenoticias.mx\/wp-content\/uploads\/2026\/08\/WhatsApp-Image-2026-08-31-at-12.34.30-PM.jpeg?fit=1600%2C1200&ssl=1","contentUrl":"https:\/\/i0.wp.com\/masquenoticias.mx\/wp-content\/uploads\/2026\/08\/WhatsApp-Image-2026-08-31-at-12.34.30-PM.jpeg?fit=1600%2C1200&ssl=1","width":1600,"height":1200},{"@type":"BreadcrumbList","@id":"https:\/\/masquenoticias.mx\/index.php\/2026\/08\/31\/ieea-colima-refrenda-compromiso-de-llevar-educacion-y-oportunidades-a-personas-jovenes-y-adultas-de-los-10-municipios\/#breadcrumb","itemListElement":[{"@type":"ListItem","position":1,"name":"Inicio","item":"https:\/\/masquenoticias.mx\/"},{"@type":"ListItem","position":2,"name":"IEEA Colima refrenda compromiso de llevar educaci\u00f3n y oportunidades a personas j\u00f3venes y adultas de los 10 municipios"}]},{"@type":"WebSite","@id":"https:\/\/masquenoticias.mx\/#website","url":"https:\/\/masquenoticias.mx\/","name":"M\u00e1s Que Noticias","description":"Noticias de Colima, M\u00e9xico y el Mundo","publisher":{"@id":"https:\/\/masquenoticias.mx\/#organization"},"potentialAction":[{"@type":"SearchAction","target":{"@type":"EntryPoint","urlTemplate":"https:\/\/masquenoticias.mx\/?s={search_term_string}"},"query-input":{"@type":"PropertyValueSpecification","valueRequired":true,"valueName":"search_term_string"}}],"inLanguage":"es"},{"@type":"Organization","@id":"https:\/\/masquenoticias.mx\/#organization","name":"M\u00e1s Que Noticias","url":"https:\/\/masquenoticias.mx\/","logo":{"@type":"ImageObject","inLanguage":"es","@id":"https:\/\/masquenoticias.mx\/#\/schema\/logo\/image\/","url":"https:\/\/i0.wp.com\/masquenoticias.mx\/wp-content\/uploads\/2024\/04\/IMG_0004.png?fit=2560%2C1656&ssl=1","contentUrl":"https:\/\/i0.wp.com\/masquenoticias.mx\/wp-content\/uploads\/2024\/04\/IMG_0004.png?fit=2560%2C1656&ssl=1","width":2560,"height":1656,"caption":"M\u00e1s Que Noticias"},"image":{"@id":"https:\/\/masquenoticias.mx\/#\/schema\/logo\/image\/"},"sameAs":["https:\/\/www.facebook.com\/masquenoticiascolima","https:\/\/x.com\/edgartove","https:\/\/www.instagram.com\/masquenoticiascolima\/"]},{"@type":"Person","@id":"https:\/\/masquenoticias.mx\/#\/schema\/person\/544d19989ef23d34615f691f7a96e622","name":"Redacci\u00f3n","image":{"@type":"ImageObject","inLanguage":"es","@id":"https:\/\/masquenoticias.mx\/#\/schema\/person\/image\/","url":"https:\/\/secure.gravatar.com\/avatar\/7fcc926d5b058d3f3d52d95b4d05dd58?s=96&d=mm&r=g","contentUrl":"https:\/\/secure.gravatar.com\/avatar\/7fcc926d5b058d3f3d52d95b4d05dd58?s=96&d=mm&r=g","caption":"Redacci\u00f3n"},"sameAs":["http:\/\/masquenoticias.mx"],"url":"https:\/\/masquenoticias.mx\/index.php\/author\/edgartovegmail-com\/"}]}},"jetpack_featured_media_url":"https:\/\/i0.wp.com\/masquenoticias.mx\/wp-content\/uploads\/2026\/08\/WhatsApp-Image-2026-08-31-at-12.34.30-PM.jpeg?fit=1600%2C1200&ssl=1","blog_post_layout_featured_media_urls":{"thumbnail":["https:\/\/i0.wp.com\/masquenoticias.mx\/wp-content\/uploads\/2026\/08\/WhatsApp-Image-2026-08-31-at-12.34.30-PM.jpeg?resize=150%2C150&ssl=1",150,150,true],"full":["https:\/\/i0.wp.com\/masquenoticias.mx\/wp-content\/uploads\/2026\/08\/WhatsApp-Image-2026-08-31-at-12.34.30-PM.jpeg?fit=1600%2C1200&ssl=1",1600,1200,false]},"categories_names":{"24":{"name":"Estado","link":"https:\/\/masquenoticias.mx\/index.php\/category\/estado\/"}},"tags_names":{"246":{"name":"IEEA","link":"https:\/\/masquenoticias.mx\/index.php\/tag\/ieea\/"}},"comments_number":"0","wpmagazine_modules_lite_featured_media_urls":{"thumbnail":["https:\/\/i0.wp.com\/masquenoticias.mx\/wp-content\/uploads\/2026\/08\/WhatsApp-Image-2026-08-31-at-12.34.30-PM.jpeg?resize=150%2C150&ssl=1",150,150,true],"cvmm-medium":["https:\/\/i0.wp.com\/masquenoticias.mx\/wp-content\/uploads\/2026\/08\/WhatsApp-Image-2026-08-31-at-12.34.30-PM.jpeg?resize=300%2C300&ssl=1",300,300,true],"cvmm-medium-plus":["https:\/\/i0.wp.com\/masquenoticias.mx\/wp-content\/uploads\/2026\/08\/WhatsApp-Image-2026-08-31-at-12.34.30-PM.jpeg?resize=305%2C207&ssl=1",305,207,true],"cvmm-portrait":["https:\/\/i0.wp.com\/masquenoticias.mx\/wp-content\/uploads\/2026\/08\/WhatsApp-Image-2026-08-31-at-12.34.30-PM.jpeg?resize=400%2C600&ssl=1",400,600,true],"cvmm-medium-square":["https:\/\/i0.wp.com\/masquenoticias.mx\/wp-content\/uploads\/2026\/08\/WhatsApp-Image-2026-08-31-at-12.34.30-PM.jpeg?resize=600%2C600&ssl=1",600,600,true],"cvmm-large":["https:\/\/i0.wp.com\/masquenoticias.mx\/wp-content\/uploads\/2026\/08\/WhatsApp-Image-2026-08-31-at-12.34.30-PM.jpeg?resize=1024%2C1024&ssl=1",1024,1024,true],"cvmm-small":["https:\/\/i0.wp.com\/masquenoticias.mx\/wp-content\/uploads\/2026\/08\/WhatsApp-Image-2026-08-31-at-12.34.30-PM.jpeg?resize=130%2C95&ssl=1",130,95,true],"full":["https:\/\/i0.wp.com\/masquenoticias.mx\/wp-content\/uploads\/2026\/08\/WhatsApp-Image-2026-08-31-at-12.34.30-PM.jpeg?fit=1600%2C1200&ssl=1",1600,1200,false]},"jetpack-related-posts":[],"jetpack_sharing_enabled":true,"jetpack_likes_enabled":true,"jetpack_shortlink":"https:\/\/wp.me\/pf7pkt-6to","_links":{"self":[{"href":"https:\/\/masquenoticias.mx\/index.php\/wp-json\/wp\/v2\/posts\/24886","targetHints":{"allow":["GET"]}}],"collection":[{"href":"https:\/\/masquenoticias.mx\/index.php\/wp-json\/wp\/v2\/posts"}],"about":[{"href":"https:\/\/masquenoticias.mx\/index.php\/wp-json\/wp\/v2\/types\/post"}],"author":[{"embeddable":true,"href":"https:\/\/masquenoticias.mx\/index.php\/wp-json\/wp\/v2\/users\/1"}],"replies":[{"embeddable":true,"href":"https:\/\/masquenoticias.mx\/index.php\/wp-json\/wp\/v2\/comments?post=24886"}],"version-history":[{"count":2,"href":"https:\/\/masquenoticias.mx\/index.php\/wp-json\/wp\/v2\/posts\/24886\/revisions"}],"predecessor-version":[{"id":24889,"href":"https:\/\/masquenoticias.mx\/index.php\/wp-json\/wp\/v2\/posts\/24886\/revisions\/24889"}],"wp:featuredmedia":[{"embeddable":true,"href":"https:\/\/masquenoticias.mx\/index.php\/wp-json\/wp\/v2\/media\/24887"}],"wp:attachment":[{"href":"https:\/\/masquenoticias.mx\/index.php\/wp-json\/wp\/v2\/media?parent=24886"}],"wp:term":[{"taxonomy":"category","embeddable":true,"href":"https:\/\/masquenoticias.mx\/index.php\/wp-json\/wp\/v2\/categories?post=24886"},{"taxonomy":"post_tag","embeddable":true,"href":"https:\/\/masquenoticias.mx\/index.php\/wp-json\/wp\/v2\/tags?post=24886"}],"curies":[{"name":"wp","href":"https:\/\/api.w.org\/{rel}","templated":true}]}}