{"id":24883,"date":"2026-08-31T13:59:42","date_gmt":"2026-08-31T19:59:42","guid":{"rendered":"https:\/\/masquenoticias.mx\/?p=24883"},"modified":"2026-08-31T13:59:42","modified_gmt":"2026-08-31T19:59:42","slug":"indira-vizcaino-inaugura-ciclo-escolar-y-da-la-bienvenida-a-mas-de-116-mil-estudiantes-y-mas-de-11-mil-docentes-de-educacion-basica","status":"publish","type":"post","link":"https:\/\/masquenoticias.mx\/index.php\/2026\/08\/31\/indira-vizcaino-inaugura-ciclo-escolar-y-da-la-bienvenida-a-mas-de-116-mil-estudiantes-y-mas-de-11-mil-docentes-de-educacion-basica\/","title":{"rendered":"Indira Vizca\u00edno inaugura ciclo escolar y da la bienvenida a m\u00e1s de 116 mil estudiantes y m\u00e1s de 11 mil docentes de educaci\u00f3n b\u00e1sica"},"content":{"rendered":"<p>Este lunes, la gobernadora de Colima Indira Vizca\u00edno Silva inaugur\u00f3 el ciclo escolar 2026-2027 desde la primaria \u2018Josefa Ortiz de Dom\u00ednguez\u2019 en Cuauht\u00e9moc, donde dio la bienvenida simb\u00f3lica a m\u00e1s de 116 mil alumnas y alumnos de educaci\u00f3n b\u00e1sica en todo el estado, guiados por m\u00e1s de 11 mil docentes.<\/p>\n<p>La titular del Gobierno del Estado de Colima pidi\u00f3 a las y los estudiantes no rendirse ante las dificultades y recordar que -con esfuerzo- pueden alcanzar todo lo que se propongan; \u201custedes son lo m\u00e1s importante que tenemos y queremos que puedan cumplir sus sue\u00f1os. En este gobierno estatal, una prioridad nuestra ha sido que a ustedes no les falte nada\u201d.<\/p>\n<p>Indira Vizca\u00edno resalt\u00f3 que maestras y maestros se prepararon profesionalmente para ejercer la docencia y expres\u00f3 su confianza en que inicien el ciclo con la misma convicci\u00f3n y entusiasmo de dedicar su esfuerzo a que cada vez m\u00e1s ni\u00f1as y ni\u00f1os crezcan y se preparen, adem\u00e1s de reconocer el trabajo que realizan frente a grupo.<\/p>\n<p>INVERSI\u00d3N PARA PREPARAR LAS ESCUELAS<\/p>\n<p>El secretario de Educaci\u00f3n y Cultura, Adolfo N\u00fa\u00f1ez Gonz\u00e1lez, explic\u00f3 que, de lo m\u00e1s de 116 mil estudiantes de educaci\u00f3n b\u00e1sica, 19 mil 090 son de preescolar; 64 mil 268 de primaria y 32 mil 642 de secundaria, que es el total de inscripciones al corte del 30 de agosto. Para respaldar este regreso, los libros de texto gratuitos para preescolar, primaria, secundaria y telesecundaria asciende a 837 mil 383 ejemplares, incluyendo ediciones en macrotipo y braille.<\/p>\n<p>Adolfo N\u00fa\u00f1ez agreg\u00f3 que se prepararon las escuelas para este regreso con inversi\u00f3n de 56 millones de pesos para obras de infraestructura y mantenimiento integral: construcci\u00f3n de seis nuevas aulas en igual n\u00famero de planteles en beneficio directo de 810 ni\u00f1as y ni\u00f1os; impermeabilizaci\u00f3n, rehabilitaci\u00f3n de sanitarios, reparaci\u00f3n de pisos e instalaciones el\u00e9ctricas.<\/p>\n<p>Alison Alejandra, alumna del plantel en nombre de las ni\u00f1as y ni\u00f1os, dio la bienvenida al nuevo ciclo escolar y agradeci\u00f3 a la gobernadora Indira Vizca\u00edno por visitar su escuela, a las maestras y maestros por recibirles con una sonrisa y a sus compa\u00f1eros, a quienes dijo que regresan con la mochila llena de cuadernos nuevos, con mucha alegr\u00eda y ganas de aprender, jugar y cumplir sus sue\u00f1os.<\/p>\n","protected":false},"excerpt":{"rendered":"<p>Este lunes, la gobernadora de Colima Indira Vizca\u00edno Silva inaugur\u00f3 el ciclo escolar 2026-2027 desde la primaria \u2018Josefa Ortiz de Dom\u00ednguez\u2019 en Cuauht\u00e9moc, donde dio la bienvenida simb\u00f3lica a m\u00e1s de 116 mil alumnas y alumnos de educaci\u00f3n b\u00e1sica en todo el estado, guiados por m\u00e1s de 11 mil docentes. La titular del Gobierno del [&hellip;]<\/p>\n","protected":false},"author":1,"featured_media":24884,"comment_status":"open","ping_status":"open","sticky":false,"template":"","format":"standard","meta":{"_jetpack_memberships_contains_paid_content":false,"footnotes":""},"categories":[24],"tags":[45],"class_list":["post-24883","post","type-post","status-publish","format-standard","has-post-thumbnail","hentry","category-estado","tag-educacion"],"yoast_head":"<!-- This site is optimized with the Yoast SEO plugin v26.6 - https:\/\/yoast.com\/wordpress\/plugins\/seo\/ -->\n<title>Indira Vizca\u00edno inaugura ciclo escolar y da la bienvenida a m\u00e1s de 116 mil estudiantes y m\u00e1s de 11 mil docentes de educaci\u00f3n b\u00e1sica - M\u00e1s Que Noticias<\/title>\n<meta name=\"robots\" content=\"index, follow, max-snippet:-1, max-image-preview:large, max-video-preview:-1\" \/>\n<link rel=\"canonical\" href=\"https:\/\/masquenoticias.mx\/index.php\/2026\/08\/31\/indira-vizcaino-inaugura-ciclo-escolar-y-da-la-bienvenida-a-mas-de-116-mil-estudiantes-y-mas-de-11-mil-docentes-de-educacion-basica\/\" \/>\n<meta property=\"og:locale\" content=\"es_MX\" \/>\n<meta property=\"og:type\" content=\"article\" \/>\n<meta property=\"og:title\" content=\"Indira Vizca\u00edno inaugura ciclo escolar y da la bienvenida a m\u00e1s de 116 mil estudiantes y m\u00e1s de 11 mil docentes de educaci\u00f3n b\u00e1sica - M\u00e1s Que Noticias\" \/>\n<meta property=\"og:description\" content=\"Este lunes, la gobernadora de Colima Indira Vizca\u00edno Silva inaugur\u00f3 el ciclo escolar 2026-2027 desde la primaria \u2018Josefa Ortiz de Dom\u00ednguez\u2019 en Cuauht\u00e9moc, donde dio la bienvenida simb\u00f3lica a m\u00e1s de 116 mil alumnas y alumnos de educaci\u00f3n b\u00e1sica en todo el estado, guiados por m\u00e1s de 11 mil docentes. La titular del Gobierno del [&hellip;]\" \/>\n<meta property=\"og:url\" content=\"https:\/\/masquenoticias.mx\/index.php\/2026\/08\/31\/indira-vizcaino-inaugura-ciclo-escolar-y-da-la-bienvenida-a-mas-de-116-mil-estudiantes-y-mas-de-11-mil-docentes-de-educacion-basica\/\" \/>\n<meta property=\"og:site_name\" content=\"M\u00e1s Que Noticias\" \/>\n<meta property=\"article:publisher\" content=\"https:\/\/www.facebook.com\/masquenoticiascolima\" \/>\n<meta property=\"article:published_time\" content=\"2026-08-31T19:59:42+00:00\" \/>\n<meta property=\"og:image\" content=\"https:\/\/masquenoticias.mx\/wp-content\/uploads\/2026\/08\/WhatsApp-Image-2026-08-31-at-12.26.59-PM.jpeg\" \/>\n\t<meta property=\"og:image:width\" content=\"1280\" \/>\n\t<meta property=\"og:image:height\" content=\"827\" \/>\n\t<meta property=\"og:image:type\" content=\"image\/jpeg\" \/>\n<meta name=\"author\" content=\"Redacci\u00f3n\" \/>\n<meta name=\"twitter:card\" content=\"summary_large_image\" \/>\n<meta name=\"twitter:creator\" content=\"@edgartove\" \/>\n<meta name=\"twitter:site\" content=\"@edgartove\" \/>\n<meta name=\"twitter:label1\" content=\"Escrito por\" \/>\n\t<meta name=\"twitter:data1\" content=\"Redacci\u00f3n\" \/>\n\t<meta name=\"twitter:label2\" content=\"Tiempo de lectura\" \/>\n\t<meta name=\"twitter:data2\" content=\"2 minutos\" \/>\n<script type=\"application\/ld+json\" class=\"yoast-schema-graph\">{\"@context\":\"https:\/\/schema.org\",\"@graph\":[{\"@type\":\"Article\",\"@id\":\"https:\/\/masquenoticias.mx\/index.php\/2026\/08\/31\/indira-vizcaino-inaugura-ciclo-escolar-y-da-la-bienvenida-a-mas-de-116-mil-estudiantes-y-mas-de-11-mil-docentes-de-educacion-basica\/#article\",\"isPartOf\":{\"@id\":\"https:\/\/masquenoticias.mx\/index.php\/2026\/08\/31\/indira-vizcaino-inaugura-ciclo-escolar-y-da-la-bienvenida-a-mas-de-116-mil-estudiantes-y-mas-de-11-mil-docentes-de-educacion-basica\/\"},\"author\":{\"name\":\"Redacci\u00f3n\",\"@id\":\"https:\/\/masquenoticias.mx\/#\/schema\/person\/544d19989ef23d34615f691f7a96e622\"},\"headline\":\"Indira Vizca\u00edno inaugura ciclo escolar y da la bienvenida a m\u00e1s de 116 mil estudiantes y m\u00e1s de 11 mil docentes de educaci\u00f3n b\u00e1sica\",\"datePublished\":\"2026-08-31T19:59:42+00:00\",\"mainEntityOfPage\":{\"@id\":\"https:\/\/masquenoticias.mx\/index.php\/2026\/08\/31\/indira-vizcaino-inaugura-ciclo-escolar-y-da-la-bienvenida-a-mas-de-116-mil-estudiantes-y-mas-de-11-mil-docentes-de-educacion-basica\/\"},\"wordCount\":421,\"commentCount\":0,\"publisher\":{\"@id\":\"https:\/\/masquenoticias.mx\/#organization\"},\"image\":{\"@id\":\"https:\/\/masquenoticias.mx\/index.php\/2026\/08\/31\/indira-vizcaino-inaugura-ciclo-escolar-y-da-la-bienvenida-a-mas-de-116-mil-estudiantes-y-mas-de-11-mil-docentes-de-educacion-basica\/#primaryimage\"},\"thumbnailUrl\":\"https:\/\/i0.wp.com\/masquenoticias.mx\/wp-content\/uploads\/2026\/08\/WhatsApp-Image-2026-08-31-at-12.26.59-PM.jpeg?fit=1280%2C827&ssl=1\",\"keywords\":[\"Educaci\u00f3n\"],\"articleSection\":[\"Estado\"],\"inLanguage\":\"es\",\"potentialAction\":[{\"@type\":\"CommentAction\",\"name\":\"Comment\",\"target\":[\"https:\/\/masquenoticias.mx\/index.php\/2026\/08\/31\/indira-vizcaino-inaugura-ciclo-escolar-y-da-la-bienvenida-a-mas-de-116-mil-estudiantes-y-mas-de-11-mil-docentes-de-educacion-basica\/#respond\"]}]},{\"@type\":\"WebPage\",\"@id\":\"https:\/\/masquenoticias.mx\/index.php\/2026\/08\/31\/indira-vizcaino-inaugura-ciclo-escolar-y-da-la-bienvenida-a-mas-de-116-mil-estudiantes-y-mas-de-11-mil-docentes-de-educacion-basica\/\",\"url\":\"https:\/\/masquenoticias.mx\/index.php\/2026\/08\/31\/indira-vizcaino-inaugura-ciclo-escolar-y-da-la-bienvenida-a-mas-de-116-mil-estudiantes-y-mas-de-11-mil-docentes-de-educacion-basica\/\",\"name\":\"Indira Vizca\u00edno inaugura ciclo escolar y da la bienvenida a m\u00e1s de 116 mil estudiantes y m\u00e1s de 11 mil docentes de educaci\u00f3n b\u00e1sica - M\u00e1s Que Noticias\",\"isPartOf\":{\"@id\":\"https:\/\/masquenoticias.mx\/#website\"},\"primaryImageOfPage\":{\"@id\":\"https:\/\/masquenoticias.mx\/index.php\/2026\/08\/31\/indira-vizcaino-inaugura-ciclo-escolar-y-da-la-bienvenida-a-mas-de-116-mil-estudiantes-y-mas-de-11-mil-docentes-de-educacion-basica\/#primaryimage\"},\"image\":{\"@id\":\"https:\/\/masquenoticias.mx\/index.php\/2026\/08\/31\/indira-vizcaino-inaugura-ciclo-escolar-y-da-la-bienvenida-a-mas-de-116-mil-estudiantes-y-mas-de-11-mil-docentes-de-educacion-basica\/#primaryimage\"},\"thumbnailUrl\":\"https:\/\/i0.wp.com\/masquenoticias.mx\/wp-content\/uploads\/2026\/08\/WhatsApp-Image-2026-08-31-at-12.26.59-PM.jpeg?fit=1280%2C827&ssl=1\",\"datePublished\":\"2026-08-31T19:59:42+00:00\",\"breadcrumb\":{\"@id\":\"https:\/\/masquenoticias.mx\/index.php\/2026\/08\/31\/indira-vizcaino-inaugura-ciclo-escolar-y-da-la-bienvenida-a-mas-de-116-mil-estudiantes-y-mas-de-11-mil-docentes-de-educacion-basica\/#breadcrumb\"},\"inLanguage\":\"es\",\"potentialAction\":[{\"@type\":\"ReadAction\",\"target\":[\"https:\/\/masquenoticias.mx\/index.php\/2026\/08\/31\/indira-vizcaino-inaugura-ciclo-escolar-y-da-la-bienvenida-a-mas-de-116-mil-estudiantes-y-mas-de-11-mil-docentes-de-educacion-basica\/\"]}]},{\"@type\":\"ImageObject\",\"inLanguage\":\"es\",\"@id\":\"https:\/\/masquenoticias.mx\/index.php\/2026\/08\/31\/indira-vizcaino-inaugura-ciclo-escolar-y-da-la-bienvenida-a-mas-de-116-mil-estudiantes-y-mas-de-11-mil-docentes-de-educacion-basica\/#primaryimage\",\"url\":\"https:\/\/i0.wp.com\/masquenoticias.mx\/wp-content\/uploads\/2026\/08\/WhatsApp-Image-2026-08-31-at-12.26.59-PM.jpeg?fit=1280%2C827&ssl=1\",\"contentUrl\":\"https:\/\/i0.wp.com\/masquenoticias.mx\/wp-content\/uploads\/2026\/08\/WhatsApp-Image-2026-08-31-at-12.26.59-PM.jpeg?fit=1280%2C827&ssl=1\",\"width\":1280,\"height\":827},{\"@type\":\"BreadcrumbList\",\"@id\":\"https:\/\/masquenoticias.mx\/index.php\/2026\/08\/31\/indira-vizcaino-inaugura-ciclo-escolar-y-da-la-bienvenida-a-mas-de-116-mil-estudiantes-y-mas-de-11-mil-docentes-de-educacion-basica\/#breadcrumb\",\"itemListElement\":[{\"@type\":\"ListItem\",\"position\":1,\"name\":\"Inicio\",\"item\":\"https:\/\/masquenoticias.mx\/\"},{\"@type\":\"ListItem\",\"position\":2,\"name\":\"Indira Vizca\u00edno inaugura ciclo escolar y da la bienvenida a m\u00e1s de 116 mil estudiantes y m\u00e1s de 11 mil docentes de educaci\u00f3n b\u00e1sica\"}]},{\"@type\":\"WebSite\",\"@id\":\"https:\/\/masquenoticias.mx\/#website\",\"url\":\"https:\/\/masquenoticias.mx\/\",\"name\":\"M\u00e1s Que Noticias\",\"description\":\"Noticias de Colima, M\u00e9xico y el Mundo\",\"publisher\":{\"@id\":\"https:\/\/masquenoticias.mx\/#organization\"},\"potentialAction\":[{\"@type\":\"SearchAction\",\"target\":{\"@type\":\"EntryPoint\",\"urlTemplate\":\"https:\/\/masquenoticias.mx\/?s={search_term_string}\"},\"query-input\":{\"@type\":\"PropertyValueSpecification\",\"valueRequired\":true,\"valueName\":\"search_term_string\"}}],\"inLanguage\":\"es\"},{\"@type\":\"Organization\",\"@id\":\"https:\/\/masquenoticias.mx\/#organization\",\"name\":\"M\u00e1s Que Noticias\",\"url\":\"https:\/\/masquenoticias.mx\/\",\"logo\":{\"@type\":\"ImageObject\",\"inLanguage\":\"es\",\"@id\":\"https:\/\/masquenoticias.mx\/#\/schema\/logo\/image\/\",\"url\":\"https:\/\/i0.wp.com\/masquenoticias.mx\/wp-content\/uploads\/2024\/04\/IMG_0004.png?fit=2560%2C1656&ssl=1\",\"contentUrl\":\"https:\/\/i0.wp.com\/masquenoticias.mx\/wp-content\/uploads\/2024\/04\/IMG_0004.png?fit=2560%2C1656&ssl=1\",\"width\":2560,\"height\":1656,\"caption\":\"M\u00e1s Que Noticias\"},\"image\":{\"@id\":\"https:\/\/masquenoticias.mx\/#\/schema\/logo\/image\/\"},\"sameAs\":[\"https:\/\/www.facebook.com\/masquenoticiascolima\",\"https:\/\/x.com\/edgartove\",\"https:\/\/www.instagram.com\/masquenoticiascolima\/\"]},{\"@type\":\"Person\",\"@id\":\"https:\/\/masquenoticias.mx\/#\/schema\/person\/544d19989ef23d34615f691f7a96e622\",\"name\":\"Redacci\u00f3n\",\"image\":{\"@type\":\"ImageObject\",\"inLanguage\":\"es\",\"@id\":\"https:\/\/masquenoticias.mx\/#\/schema\/person\/image\/\",\"url\":\"https:\/\/secure.gravatar.com\/avatar\/7fcc926d5b058d3f3d52d95b4d05dd58?s=96&d=mm&r=g\",\"contentUrl\":\"https:\/\/secure.gravatar.com\/avatar\/7fcc926d5b058d3f3d52d95b4d05dd58?s=96&d=mm&r=g\",\"caption\":\"Redacci\u00f3n\"},\"sameAs\":[\"http:\/\/masquenoticias.mx\"],\"url\":\"https:\/\/masquenoticias.mx\/index.php\/author\/edgartovegmail-com\/\"}]}<\/script>\n<!-- \/ Yoast SEO plugin. -->","yoast_head_json":{"title":"Indira Vizca\u00edno inaugura ciclo escolar y da la bienvenida a m\u00e1s de 116 mil estudiantes y m\u00e1s de 11 mil docentes de educaci\u00f3n b\u00e1sica - M\u00e1s Que Noticias","robots":{"index":"index","follow":"follow","max-snippet":"max-snippet:-1","max-image-preview":"max-image-preview:large","max-video-preview":"max-video-preview:-1"},"canonical":"https:\/\/masquenoticias.mx\/index.php\/2026\/08\/31\/indira-vizcaino-inaugura-ciclo-escolar-y-da-la-bienvenida-a-mas-de-116-mil-estudiantes-y-mas-de-11-mil-docentes-de-educacion-basica\/","og_locale":"es_MX","og_type":"article","og_title":"Indira Vizca\u00edno inaugura ciclo escolar y da la bienvenida a m\u00e1s de 116 mil estudiantes y m\u00e1s de 11 mil docentes de educaci\u00f3n b\u00e1sica - M\u00e1s Que Noticias","og_description":"Este lunes, la gobernadora de Colima Indira Vizca\u00edno Silva inaugur\u00f3 el ciclo escolar 2026-2027 desde la primaria \u2018Josefa Ortiz de Dom\u00ednguez\u2019 en Cuauht\u00e9moc, donde dio la bienvenida simb\u00f3lica a m\u00e1s de 116 mil alumnas y alumnos de educaci\u00f3n b\u00e1sica en todo el estado, guiados por m\u00e1s de 11 mil docentes. La titular del Gobierno del [&hellip;]","og_url":"https:\/\/masquenoticias.mx\/index.php\/2026\/08\/31\/indira-vizcaino-inaugura-ciclo-escolar-y-da-la-bienvenida-a-mas-de-116-mil-estudiantes-y-mas-de-11-mil-docentes-de-educacion-basica\/","og_site_name":"M\u00e1s Que Noticias","article_publisher":"https:\/\/www.facebook.com\/masquenoticiascolima","article_published_time":"2026-08-31T19:59:42+00:00","og_image":[{"width":1280,"height":827,"url":"https:\/\/masquenoticias.mx\/wp-content\/uploads\/2026\/08\/WhatsApp-Image-2026-08-31-at-12.26.59-PM.jpeg","type":"image\/jpeg"}],"author":"Redacci\u00f3n","twitter_card":"summary_large_image","twitter_creator":"@edgartove","twitter_site":"@edgartove","twitter_misc":{"Escrito por":"Redacci\u00f3n","Tiempo de lectura":"2 minutos"},"schema":{"@context":"https:\/\/schema.org","@graph":[{"@type":"Article","@id":"https:\/\/masquenoticias.mx\/index.php\/2026\/08\/31\/indira-vizcaino-inaugura-ciclo-escolar-y-da-la-bienvenida-a-mas-de-116-mil-estudiantes-y-mas-de-11-mil-docentes-de-educacion-basica\/#article","isPartOf":{"@id":"https:\/\/masquenoticias.mx\/index.php\/2026\/08\/31\/indira-vizcaino-inaugura-ciclo-escolar-y-da-la-bienvenida-a-mas-de-116-mil-estudiantes-y-mas-de-11-mil-docentes-de-educacion-basica\/"},"author":{"name":"Redacci\u00f3n","@id":"https:\/\/masquenoticias.mx\/#\/schema\/person\/544d19989ef23d34615f691f7a96e622"},"headline":"Indira Vizca\u00edno inaugura ciclo escolar y da la bienvenida a m\u00e1s de 116 mil estudiantes y m\u00e1s de 11 mil docentes de educaci\u00f3n b\u00e1sica","datePublished":"2026-08-31T19:59:42+00:00","mainEntityOfPage":{"@id":"https:\/\/masquenoticias.mx\/index.php\/2026\/08\/31\/indira-vizcaino-inaugura-ciclo-escolar-y-da-la-bienvenida-a-mas-de-116-mil-estudiantes-y-mas-de-11-mil-docentes-de-educacion-basica\/"},"wordCount":421,"commentCount":0,"publisher":{"@id":"https:\/\/masquenoticias.mx\/#organization"},"image":{"@id":"https:\/\/masquenoticias.mx\/index.php\/2026\/08\/31\/indira-vizcaino-inaugura-ciclo-escolar-y-da-la-bienvenida-a-mas-de-116-mil-estudiantes-y-mas-de-11-mil-docentes-de-educacion-basica\/#primaryimage"},"thumbnailUrl":"https:\/\/i0.wp.com\/masquenoticias.mx\/wp-content\/uploads\/2026\/08\/WhatsApp-Image-2026-08-31-at-12.26.59-PM.jpeg?fit=1280%2C827&ssl=1","keywords":["Educaci\u00f3n"],"articleSection":["Estado"],"inLanguage":"es","potentialAction":[{"@type":"CommentAction","name":"Comment","target":["https:\/\/masquenoticias.mx\/index.php\/2026\/08\/31\/indira-vizcaino-inaugura-ciclo-escolar-y-da-la-bienvenida-a-mas-de-116-mil-estudiantes-y-mas-de-11-mil-docentes-de-educacion-basica\/#respond"]}]},{"@type":"WebPage","@id":"https:\/\/masquenoticias.mx\/index.php\/2026\/08\/31\/indira-vizcaino-inaugura-ciclo-escolar-y-da-la-bienvenida-a-mas-de-116-mil-estudiantes-y-mas-de-11-mil-docentes-de-educacion-basica\/","url":"https:\/\/masquenoticias.mx\/index.php\/2026\/08\/31\/indira-vizcaino-inaugura-ciclo-escolar-y-da-la-bienvenida-a-mas-de-116-mil-estudiantes-y-mas-de-11-mil-docentes-de-educacion-basica\/","name":"Indira Vizca\u00edno inaugura ciclo escolar y da la bienvenida a m\u00e1s de 116 mil estudiantes y m\u00e1s de 11 mil docentes de educaci\u00f3n b\u00e1sica - M\u00e1s Que Noticias","isPartOf":{"@id":"https:\/\/masquenoticias.mx\/#website"},"primaryImageOfPage":{"@id":"https:\/\/masquenoticias.mx\/index.php\/2026\/08\/31\/indira-vizcaino-inaugura-ciclo-escolar-y-da-la-bienvenida-a-mas-de-116-mil-estudiantes-y-mas-de-11-mil-docentes-de-educacion-basica\/#primaryimage"},"image":{"@id":"https:\/\/masquenoticias.mx\/index.php\/2026\/08\/31\/indira-vizcaino-inaugura-ciclo-escolar-y-da-la-bienvenida-a-mas-de-116-mil-estudiantes-y-mas-de-11-mil-docentes-de-educacion-basica\/#primaryimage"},"thumbnailUrl":"https:\/\/i0.wp.com\/masquenoticias.mx\/wp-content\/uploads\/2026\/08\/WhatsApp-Image-2026-08-31-at-12.26.59-PM.jpeg?fit=1280%2C827&ssl=1","datePublished":"2026-08-31T19:59:42+00:00","breadcrumb":{"@id":"https:\/\/masquenoticias.mx\/index.php\/2026\/08\/31\/indira-vizcaino-inaugura-ciclo-escolar-y-da-la-bienvenida-a-mas-de-116-mil-estudiantes-y-mas-de-11-mil-docentes-de-educacion-basica\/#breadcrumb"},"inLanguage":"es","potentialAction":[{"@type":"ReadAction","target":["https:\/\/masquenoticias.mx\/index.php\/2026\/08\/31\/indira-vizcaino-inaugura-ciclo-escolar-y-da-la-bienvenida-a-mas-de-116-mil-estudiantes-y-mas-de-11-mil-docentes-de-educacion-basica\/"]}]},{"@type":"ImageObject","inLanguage":"es","@id":"https:\/\/masquenoticias.mx\/index.php\/2026\/08\/31\/indira-vizcaino-inaugura-ciclo-escolar-y-da-la-bienvenida-a-mas-de-116-mil-estudiantes-y-mas-de-11-mil-docentes-de-educacion-basica\/#primaryimage","url":"https:\/\/i0.wp.com\/masquenoticias.mx\/wp-content\/uploads\/2026\/08\/WhatsApp-Image-2026-08-31-at-12.26.59-PM.jpeg?fit=1280%2C827&ssl=1","contentUrl":"https:\/\/i0.wp.com\/masquenoticias.mx\/wp-content\/uploads\/2026\/08\/WhatsApp-Image-2026-08-31-at-12.26.59-PM.jpeg?fit=1280%2C827&ssl=1","width":1280,"height":827},{"@type":"BreadcrumbList","@id":"https:\/\/masquenoticias.mx\/index.php\/2026\/08\/31\/indira-vizcaino-inaugura-ciclo-escolar-y-da-la-bienvenida-a-mas-de-116-mil-estudiantes-y-mas-de-11-mil-docentes-de-educacion-basica\/#breadcrumb","itemListElement":[{"@type":"ListItem","position":1,"name":"Inicio","item":"https:\/\/masquenoticias.mx\/"},{"@type":"ListItem","position":2,"name":"Indira Vizca\u00edno inaugura ciclo escolar y da la bienvenida a m\u00e1s de 116 mil estudiantes y m\u00e1s de 11 mil docentes de educaci\u00f3n b\u00e1sica"}]},{"@type":"WebSite","@id":"https:\/\/masquenoticias.mx\/#website","url":"https:\/\/masquenoticias.mx\/","name":"M\u00e1s Que Noticias","description":"Noticias de Colima, M\u00e9xico y el Mundo","publisher":{"@id":"https:\/\/masquenoticias.mx\/#organization"},"potentialAction":[{"@type":"SearchAction","target":{"@type":"EntryPoint","urlTemplate":"https:\/\/masquenoticias.mx\/?s={search_term_string}"},"query-input":{"@type":"PropertyValueSpecification","valueRequired":true,"valueName":"search_term_string"}}],"inLanguage":"es"},{"@type":"Organization","@id":"https:\/\/masquenoticias.mx\/#organization","name":"M\u00e1s Que Noticias","url":"https:\/\/masquenoticias.mx\/","logo":{"@type":"ImageObject","inLanguage":"es","@id":"https:\/\/masquenoticias.mx\/#\/schema\/logo\/image\/","url":"https:\/\/i0.wp.com\/masquenoticias.mx\/wp-content\/uploads\/2024\/04\/IMG_0004.png?fit=2560%2C1656&ssl=1","contentUrl":"https:\/\/i0.wp.com\/masquenoticias.mx\/wp-content\/uploads\/2024\/04\/IMG_0004.png?fit=2560%2C1656&ssl=1","width":2560,"height":1656,"caption":"M\u00e1s Que Noticias"},"image":{"@id":"https:\/\/masquenoticias.mx\/#\/schema\/logo\/image\/"},"sameAs":["https:\/\/www.facebook.com\/masquenoticiascolima","https:\/\/x.com\/edgartove","https:\/\/www.instagram.com\/masquenoticiascolima\/"]},{"@type":"Person","@id":"https:\/\/masquenoticias.mx\/#\/schema\/person\/544d19989ef23d34615f691f7a96e622","name":"Redacci\u00f3n","image":{"@type":"ImageObject","inLanguage":"es","@id":"https:\/\/masquenoticias.mx\/#\/schema\/person\/image\/","url":"https:\/\/secure.gravatar.com\/avatar\/7fcc926d5b058d3f3d52d95b4d05dd58?s=96&d=mm&r=g","contentUrl":"https:\/\/secure.gravatar.com\/avatar\/7fcc926d5b058d3f3d52d95b4d05dd58?s=96&d=mm&r=g","caption":"Redacci\u00f3n"},"sameAs":["http:\/\/masquenoticias.mx"],"url":"https:\/\/masquenoticias.mx\/index.php\/author\/edgartovegmail-com\/"}]}},"jetpack_featured_media_url":"https:\/\/i0.wp.com\/masquenoticias.mx\/wp-content\/uploads\/2026\/08\/WhatsApp-Image-2026-08-31-at-12.26.59-PM.jpeg?fit=1280%2C827&ssl=1","blog_post_layout_featured_media_urls":{"thumbnail":["https:\/\/i0.wp.com\/masquenoticias.mx\/wp-content\/uploads\/2026\/08\/WhatsApp-Image-2026-08-31-at-12.26.59-PM.jpeg?resize=150%2C150&ssl=1",150,150,true],"full":["https:\/\/i0.wp.com\/masquenoticias.mx\/wp-content\/uploads\/2026\/08\/WhatsApp-Image-2026-08-31-at-12.26.59-PM.jpeg?fit=1280%2C827&ssl=1",1280,827,false]},"categories_names":{"24":{"name":"Estado","link":"https:\/\/masquenoticias.mx\/index.php\/category\/estado\/"}},"tags_names":{"45":{"name":"Educaci\u00f3n","link":"https:\/\/masquenoticias.mx\/index.php\/tag\/educacion\/"}},"comments_number":"0","wpmagazine_modules_lite_featured_media_urls":{"thumbnail":["https:\/\/i0.wp.com\/masquenoticias.mx\/wp-content\/uploads\/2026\/08\/WhatsApp-Image-2026-08-31-at-12.26.59-PM.jpeg?resize=150%2C150&ssl=1",150,150,true],"cvmm-medium":["https:\/\/i0.wp.com\/masquenoticias.mx\/wp-content\/uploads\/2026\/08\/WhatsApp-Image-2026-08-31-at-12.26.59-PM.jpeg?resize=300%2C300&ssl=1",300,300,true],"cvmm-medium-plus":["https:\/\/i0.wp.com\/masquenoticias.mx\/wp-content\/uploads\/2026\/08\/WhatsApp-Image-2026-08-31-at-12.26.59-PM.jpeg?resize=305%2C207&ssl=1",305,207,true],"cvmm-portrait":["https:\/\/i0.wp.com\/masquenoticias.mx\/wp-content\/uploads\/2026\/08\/WhatsApp-Image-2026-08-31-at-12.26.59-PM.jpeg?resize=400%2C600&ssl=1",400,600,true],"cvmm-medium-square":["https:\/\/i0.wp.com\/masquenoticias.mx\/wp-content\/uploads\/2026\/08\/WhatsApp-Image-2026-08-31-at-12.26.59-PM.jpeg?resize=600%2C600&ssl=1",600,600,true],"cvmm-large":["https:\/\/i0.wp.com\/masquenoticias.mx\/wp-content\/uploads\/2026\/08\/WhatsApp-Image-2026-08-31-at-12.26.59-PM.jpeg?resize=1024%2C827&ssl=1",1024,827,true],"cvmm-small":["https:\/\/i0.wp.com\/masquenoticias.mx\/wp-content\/uploads\/2026\/08\/WhatsApp-Image-2026-08-31-at-12.26.59-PM.jpeg?resize=130%2C95&ssl=1",130,95,true],"full":["https:\/\/i0.wp.com\/masquenoticias.mx\/wp-content\/uploads\/2026\/08\/WhatsApp-Image-2026-08-31-at-12.26.59-PM.jpeg?fit=1280%2C827&ssl=1",1280,827,false]},"jetpack-related-posts":[],"jetpack_sharing_enabled":true,"jetpack_likes_enabled":true,"jetpack_shortlink":"https:\/\/wp.me\/pf7pkt-6tl","_links":{"self":[{"href":"https:\/\/masquenoticias.mx\/index.php\/wp-json\/wp\/v2\/posts\/24883","targetHints":{"allow":["GET"]}}],"collection":[{"href":"https:\/\/masquenoticias.mx\/index.php\/wp-json\/wp\/v2\/posts"}],"about":[{"href":"https:\/\/masquenoticias.mx\/index.php\/wp-json\/wp\/v2\/types\/post"}],"author":[{"embeddable":true,"href":"https:\/\/masquenoticias.mx\/index.php\/wp-json\/wp\/v2\/users\/1"}],"replies":[{"embeddable":true,"href":"https:\/\/masquenoticias.mx\/index.php\/wp-json\/wp\/v2\/comments?post=24883"}],"version-history":[{"count":1,"href":"https:\/\/masquenoticias.mx\/index.php\/wp-json\/wp\/v2\/posts\/24883\/revisions"}],"predecessor-version":[{"id":24885,"href":"https:\/\/masquenoticias.mx\/index.php\/wp-json\/wp\/v2\/posts\/24883\/revisions\/24885"}],"wp:featuredmedia":[{"embeddable":true,"href":"https:\/\/masquenoticias.mx\/index.php\/wp-json\/wp\/v2\/media\/24884"}],"wp:attachment":[{"href":"https:\/\/masquenoticias.mx\/index.php\/wp-json\/wp\/v2\/media?parent=24883"}],"wp:term":[{"taxonomy":"category","embeddable":true,"href":"https:\/\/masquenoticias.mx\/index.php\/wp-json\/wp\/v2\/categories?post=24883"},{"taxonomy":"post_tag","embeddable":true,"href":"https:\/\/masquenoticias.mx\/index.php\/wp-json\/wp\/v2\/tags?post=24883"}],"curies":[{"name":"wp","href":"https:\/\/api.w.org\/{rel}","templated":true}]}}