{"id":2466,"date":"2023-09-13T19:11:35","date_gmt":"2023-09-14T01:11:35","guid":{"rendered":"https:\/\/masquenoticias.mx\/?p=2466"},"modified":"2023-09-13T19:11:35","modified_gmt":"2023-09-14T01:11:35","slug":"gesta-de-ninos-heroes-muestra-la-importancia-de-sembrar-amor-y-orgullo-por-mexico-en-las-nuevas-generaciones-indira","status":"publish","type":"post","link":"https:\/\/masquenoticias.mx\/index.php\/2023\/09\/13\/gesta-de-ninos-heroes-muestra-la-importancia-de-sembrar-amor-y-orgullo-por-mexico-en-las-nuevas-generaciones-indira\/","title":{"rendered":"Gesta de Ni\u00f1os H\u00e9roes muestra la importancia de sembrar amor y orgullo por M\u00e9xico en las nuevas generaciones: Indira"},"content":{"rendered":"<p>Al participar este mi\u00e9rcoles en la ceremonia por el 176 aniversario de la Gesta de los Ni\u00f1os H\u00e9roes de Chapultepec, la gobernadora de Colima, Indira Vizca\u00edno Silva, manifest\u00f3 que esta fecha debe llevar a reflexionar sobre la importancia de sembrar sentimientos de amor y orgullo por M\u00e9xico en las nuevas generaciones; &#8220;es indispensable que hagamos todo lo que est\u00e9 en nuestras manos para que nuestras ni\u00f1as, ni\u00f1os y j\u00f3venes conozcan su historia, sepan que las y los mexicanos somos resilientes, pues en muchas ocasiones hemos enfrentado desaf\u00edos que nos han hecho m\u00e1s fuertes&#8221;.<\/p>\n<p>Indira Vizca\u00edno subray\u00f3 que este hecho hist\u00f3rico es pertinente para enfatizar a las juventudes que en Colima no est\u00e1n solas ni solos, porque les acompa\u00f1an en el camino para cumplir sus anhelos, sus familias, su comunidad y el gobierno estatal; &#8220;estamos aqu\u00ed para apoyarles y brindarles herramientas que necesiten para alcanzar sus sue\u00f1os y que puedan contribuir al desarrollo de Colima y de nuestra patria&#8221;.<\/p>\n<p><img data-recalc-dims=\"1\" fetchpriority=\"high\" decoding=\"async\" class=\"alignnone size-large wp-image-2468\" src=\"https:\/\/i0.wp.com\/masquenoticias.mx\/wp-content\/uploads\/2023\/09\/WhatsApp-Image-2023-09-13-at-10.47.10-AM-1024x682.webp?resize=640%2C426&#038;ssl=1\" alt=\"\" width=\"640\" height=\"426\" srcset=\"https:\/\/i0.wp.com\/masquenoticias.mx\/wp-content\/uploads\/2023\/09\/WhatsApp-Image-2023-09-13-at-10.47.10-AM.jpeg?resize=1024%2C682&amp;ssl=1 1024w, https:\/\/i0.wp.com\/masquenoticias.mx\/wp-content\/uploads\/2023\/09\/WhatsApp-Image-2023-09-13-at-10.47.10-AM.jpeg?resize=300%2C200&amp;ssl=1 300w, https:\/\/i0.wp.com\/masquenoticias.mx\/wp-content\/uploads\/2023\/09\/WhatsApp-Image-2023-09-13-at-10.47.10-AM.jpeg?resize=768%2C512&amp;ssl=1 768w, https:\/\/i0.wp.com\/masquenoticias.mx\/wp-content\/uploads\/2023\/09\/WhatsApp-Image-2023-09-13-at-10.47.10-AM.jpeg?w=1280&amp;ssl=1 1280w\" sizes=\"(max-width: 640px) 100vw, 640px\" \/><\/p>\n<p>La mandataria indic\u00f3 que estas fechas deben llevar a las y los colimenses, as\u00ed como a las y los mexicanos a identificar bien sus principios, valores y objetivos y entregar la vida y esfuerzo diario por hacerlos valer; &#8220;estamos aqu\u00ed para materializar y para lograr una transformaci\u00f3n positiva de nuestra sociedad&#8221;, destac\u00f3.<\/p>\n<p>En su discurso, el comandante de la Vig\u00e9sima Zona Militar en Colima, Adolfo H\u00e9ctor Tonatiuh Velasco Bernal, se\u00f1al\u00f3 que \u00e9sta es una fecha significativa que presenta la oportunidad de reflexionar sobre los principios de libertad, igualdad y soberan\u00eda nacional.<\/p>\n<p>&#8220;Principios que nos dan identidad como mexicanos y que hoy, quiz\u00e1s m\u00e1s que antes, requerimos defender desde nuestra propia cotidianidad, la responsabilidad de la defensa de la naci\u00f3n que caracteriz\u00f3 a los cadetes del Heroico Colegio Militar, nos hereda el valor de la responsabilidad social que requerimos impulsar en el quehacer diario de nuestras obligaciones y en nuestras instituciones&#8221;, expres\u00f3 el representante de la Secretar\u00eda de la Defensa Nacional (Sedena) en Colima.<\/p>\n","protected":false},"excerpt":{"rendered":"<p>Al participar este mi\u00e9rcoles en la ceremonia por el 176 aniversario de la Gesta de los Ni\u00f1os H\u00e9roes de Chapultepec, la gobernadora de Colima, Indira Vizca\u00edno Silva, manifest\u00f3 que esta fecha debe llevar a reflexionar sobre la importancia de sembrar sentimientos de amor y orgullo por M\u00e9xico en las nuevas generaciones; &#8220;es indispensable que hagamos [&hellip;]<\/p>\n","protected":false},"author":1,"featured_media":2467,"comment_status":"open","ping_status":"open","sticky":false,"template":"","format":"standard","meta":{"_jetpack_memberships_contains_paid_content":false,"footnotes":""},"categories":[24],"tags":[26],"class_list":["post-2466","post","type-post","status-publish","format-standard","has-post-thumbnail","hentry","category-estado","tag-indira-vizcaino"],"yoast_head":"<!-- This site is optimized with the Yoast SEO plugin v26.6 - https:\/\/yoast.com\/wordpress\/plugins\/seo\/ -->\n<title>Gesta de Ni\u00f1os H\u00e9roes muestra la importancia de sembrar amor y orgullo por M\u00e9xico en las nuevas generaciones: Indira - M\u00e1s Que Noticias<\/title>\n<meta name=\"robots\" content=\"index, follow, max-snippet:-1, max-image-preview:large, max-video-preview:-1\" \/>\n<link rel=\"canonical\" href=\"https:\/\/masquenoticias.mx\/index.php\/2023\/09\/13\/gesta-de-ninos-heroes-muestra-la-importancia-de-sembrar-amor-y-orgullo-por-mexico-en-las-nuevas-generaciones-indira\/\" \/>\n<meta property=\"og:locale\" content=\"es_MX\" \/>\n<meta property=\"og:type\" content=\"article\" \/>\n<meta property=\"og:title\" content=\"Gesta de Ni\u00f1os H\u00e9roes muestra la importancia de sembrar amor y orgullo por M\u00e9xico en las nuevas generaciones: Indira - M\u00e1s Que Noticias\" \/>\n<meta property=\"og:description\" content=\"Al participar este mi\u00e9rcoles en la ceremonia por el 176 aniversario de la Gesta de los Ni\u00f1os H\u00e9roes de Chapultepec, la gobernadora de Colima, Indira Vizca\u00edno Silva, manifest\u00f3 que esta fecha debe llevar a reflexionar sobre la importancia de sembrar sentimientos de amor y orgullo por M\u00e9xico en las nuevas generaciones; &#8220;es indispensable que hagamos [&hellip;]\" \/>\n<meta property=\"og:url\" content=\"https:\/\/masquenoticias.mx\/index.php\/2023\/09\/13\/gesta-de-ninos-heroes-muestra-la-importancia-de-sembrar-amor-y-orgullo-por-mexico-en-las-nuevas-generaciones-indira\/\" \/>\n<meta property=\"og:site_name\" content=\"M\u00e1s Que Noticias\" \/>\n<meta property=\"article:publisher\" content=\"https:\/\/www.facebook.com\/masquenoticiascolima\" \/>\n<meta property=\"article:published_time\" content=\"2023-09-14T01:11:35+00:00\" \/>\n<meta property=\"og:image\" content=\"https:\/\/i0.wp.com\/masquenoticias.mx\/wp-content\/uploads\/2023\/09\/WhatsApp-Image-2023-09-13-at-10.47.09-AM-jpeg.webp?fit=1280%2C853&ssl=1\" \/>\n\t<meta property=\"og:image:width\" content=\"1280\" \/>\n\t<meta property=\"og:image:height\" content=\"853\" \/>\n\t<meta property=\"og:image:type\" content=\"image\/jpeg\" \/>\n<meta name=\"author\" content=\"Redacci\u00f3n\" \/>\n<meta name=\"twitter:card\" content=\"summary_large_image\" \/>\n<meta name=\"twitter:creator\" content=\"@edgartove\" \/>\n<meta name=\"twitter:site\" content=\"@edgartove\" \/>\n<meta name=\"twitter:label1\" content=\"Escrito por\" \/>\n\t<meta name=\"twitter:data1\" content=\"Redacci\u00f3n\" \/>\n\t<meta name=\"twitter:label2\" content=\"Tiempo de lectura\" \/>\n\t<meta name=\"twitter:data2\" content=\"2 minutos\" \/>\n<script type=\"application\/ld+json\" class=\"yoast-schema-graph\">{\"@context\":\"https:\/\/schema.org\",\"@graph\":[{\"@type\":\"Article\",\"@id\":\"https:\/\/masquenoticias.mx\/index.php\/2023\/09\/13\/gesta-de-ninos-heroes-muestra-la-importancia-de-sembrar-amor-y-orgullo-por-mexico-en-las-nuevas-generaciones-indira\/#article\",\"isPartOf\":{\"@id\":\"https:\/\/masquenoticias.mx\/index.php\/2023\/09\/13\/gesta-de-ninos-heroes-muestra-la-importancia-de-sembrar-amor-y-orgullo-por-mexico-en-las-nuevas-generaciones-indira\/\"},\"author\":{\"name\":\"Redacci\u00f3n\",\"@id\":\"https:\/\/masquenoticias.mx\/#\/schema\/person\/544d19989ef23d34615f691f7a96e622\"},\"headline\":\"Gesta de Ni\u00f1os H\u00e9roes muestra la importancia de sembrar amor y orgullo por M\u00e9xico en las nuevas generaciones: Indira\",\"datePublished\":\"2023-09-14T01:11:35+00:00\",\"mainEntityOfPage\":{\"@id\":\"https:\/\/masquenoticias.mx\/index.php\/2023\/09\/13\/gesta-de-ninos-heroes-muestra-la-importancia-de-sembrar-amor-y-orgullo-por-mexico-en-las-nuevas-generaciones-indira\/\"},\"wordCount\":366,\"commentCount\":0,\"publisher\":{\"@id\":\"https:\/\/masquenoticias.mx\/#organization\"},\"image\":{\"@id\":\"https:\/\/masquenoticias.mx\/index.php\/2023\/09\/13\/gesta-de-ninos-heroes-muestra-la-importancia-de-sembrar-amor-y-orgullo-por-mexico-en-las-nuevas-generaciones-indira\/#primaryimage\"},\"thumbnailUrl\":\"https:\/\/i0.wp.com\/masquenoticias.mx\/wp-content\/uploads\/2023\/09\/WhatsApp-Image-2023-09-13-at-10.47.09-AM-jpeg.webp?fit=1280%2C853&ssl=1\",\"keywords\":[\"Indira Vizca\u00edno\"],\"articleSection\":[\"Estado\"],\"inLanguage\":\"es\",\"potentialAction\":[{\"@type\":\"CommentAction\",\"name\":\"Comment\",\"target\":[\"https:\/\/masquenoticias.mx\/index.php\/2023\/09\/13\/gesta-de-ninos-heroes-muestra-la-importancia-de-sembrar-amor-y-orgullo-por-mexico-en-las-nuevas-generaciones-indira\/#respond\"]}]},{\"@type\":\"WebPage\",\"@id\":\"https:\/\/masquenoticias.mx\/index.php\/2023\/09\/13\/gesta-de-ninos-heroes-muestra-la-importancia-de-sembrar-amor-y-orgullo-por-mexico-en-las-nuevas-generaciones-indira\/\",\"url\":\"https:\/\/masquenoticias.mx\/index.php\/2023\/09\/13\/gesta-de-ninos-heroes-muestra-la-importancia-de-sembrar-amor-y-orgullo-por-mexico-en-las-nuevas-generaciones-indira\/\",\"name\":\"Gesta de Ni\u00f1os H\u00e9roes muestra la importancia de sembrar amor y orgullo por M\u00e9xico en las nuevas generaciones: Indira - M\u00e1s Que Noticias\",\"isPartOf\":{\"@id\":\"https:\/\/masquenoticias.mx\/#website\"},\"primaryImageOfPage\":{\"@id\":\"https:\/\/masquenoticias.mx\/index.php\/2023\/09\/13\/gesta-de-ninos-heroes-muestra-la-importancia-de-sembrar-amor-y-orgullo-por-mexico-en-las-nuevas-generaciones-indira\/#primaryimage\"},\"image\":{\"@id\":\"https:\/\/masquenoticias.mx\/index.php\/2023\/09\/13\/gesta-de-ninos-heroes-muestra-la-importancia-de-sembrar-amor-y-orgullo-por-mexico-en-las-nuevas-generaciones-indira\/#primaryimage\"},\"thumbnailUrl\":\"https:\/\/i0.wp.com\/masquenoticias.mx\/wp-content\/uploads\/2023\/09\/WhatsApp-Image-2023-09-13-at-10.47.09-AM-jpeg.webp?fit=1280%2C853&ssl=1\",\"datePublished\":\"2023-09-14T01:11:35+00:00\",\"breadcrumb\":{\"@id\":\"https:\/\/masquenoticias.mx\/index.php\/2023\/09\/13\/gesta-de-ninos-heroes-muestra-la-importancia-de-sembrar-amor-y-orgullo-por-mexico-en-las-nuevas-generaciones-indira\/#breadcrumb\"},\"inLanguage\":\"es\",\"potentialAction\":[{\"@type\":\"ReadAction\",\"target\":[\"https:\/\/masquenoticias.mx\/index.php\/2023\/09\/13\/gesta-de-ninos-heroes-muestra-la-importancia-de-sembrar-amor-y-orgullo-por-mexico-en-las-nuevas-generaciones-indira\/\"]}]},{\"@type\":\"ImageObject\",\"inLanguage\":\"es\",\"@id\":\"https:\/\/masquenoticias.mx\/index.php\/2023\/09\/13\/gesta-de-ninos-heroes-muestra-la-importancia-de-sembrar-amor-y-orgullo-por-mexico-en-las-nuevas-generaciones-indira\/#primaryimage\",\"url\":\"https:\/\/i0.wp.com\/masquenoticias.mx\/wp-content\/uploads\/2023\/09\/WhatsApp-Image-2023-09-13-at-10.47.09-AM-jpeg.webp?fit=1280%2C853&ssl=1\",\"contentUrl\":\"https:\/\/i0.wp.com\/masquenoticias.mx\/wp-content\/uploads\/2023\/09\/WhatsApp-Image-2023-09-13-at-10.47.09-AM-jpeg.webp?fit=1280%2C853&ssl=1\",\"width\":1280,\"height\":853},{\"@type\":\"BreadcrumbList\",\"@id\":\"https:\/\/masquenoticias.mx\/index.php\/2023\/09\/13\/gesta-de-ninos-heroes-muestra-la-importancia-de-sembrar-amor-y-orgullo-por-mexico-en-las-nuevas-generaciones-indira\/#breadcrumb\",\"itemListElement\":[{\"@type\":\"ListItem\",\"position\":1,\"name\":\"Inicio\",\"item\":\"https:\/\/masquenoticias.mx\/\"},{\"@type\":\"ListItem\",\"position\":2,\"name\":\"Gesta de Ni\u00f1os H\u00e9roes muestra la importancia de sembrar amor y orgullo por M\u00e9xico en las nuevas generaciones: Indira\"}]},{\"@type\":\"WebSite\",\"@id\":\"https:\/\/masquenoticias.mx\/#website\",\"url\":\"https:\/\/masquenoticias.mx\/\",\"name\":\"M\u00e1s Que Noticias\",\"description\":\"Noticias de Colima, M\u00e9xico y el Mundo\",\"publisher\":{\"@id\":\"https:\/\/masquenoticias.mx\/#organization\"},\"potentialAction\":[{\"@type\":\"SearchAction\",\"target\":{\"@type\":\"EntryPoint\",\"urlTemplate\":\"https:\/\/masquenoticias.mx\/?s={search_term_string}\"},\"query-input\":{\"@type\":\"PropertyValueSpecification\",\"valueRequired\":true,\"valueName\":\"search_term_string\"}}],\"inLanguage\":\"es\"},{\"@type\":\"Organization\",\"@id\":\"https:\/\/masquenoticias.mx\/#organization\",\"name\":\"M\u00e1s Que Noticias\",\"url\":\"https:\/\/masquenoticias.mx\/\",\"logo\":{\"@type\":\"ImageObject\",\"inLanguage\":\"es\",\"@id\":\"https:\/\/masquenoticias.mx\/#\/schema\/logo\/image\/\",\"url\":\"https:\/\/i0.wp.com\/masquenoticias.mx\/wp-content\/uploads\/2024\/04\/IMG_0004.png?fit=2560%2C1656&ssl=1\",\"contentUrl\":\"https:\/\/i0.wp.com\/masquenoticias.mx\/wp-content\/uploads\/2024\/04\/IMG_0004.png?fit=2560%2C1656&ssl=1\",\"width\":2560,\"height\":1656,\"caption\":\"M\u00e1s Que Noticias\"},\"image\":{\"@id\":\"https:\/\/masquenoticias.mx\/#\/schema\/logo\/image\/\"},\"sameAs\":[\"https:\/\/www.facebook.com\/masquenoticiascolima\",\"https:\/\/x.com\/edgartove\",\"https:\/\/www.instagram.com\/masquenoticiascolima\/\"]},{\"@type\":\"Person\",\"@id\":\"https:\/\/masquenoticias.mx\/#\/schema\/person\/544d19989ef23d34615f691f7a96e622\",\"name\":\"Redacci\u00f3n\",\"image\":{\"@type\":\"ImageObject\",\"inLanguage\":\"es\",\"@id\":\"https:\/\/masquenoticias.mx\/#\/schema\/person\/image\/\",\"url\":\"https:\/\/secure.gravatar.com\/avatar\/7fcc926d5b058d3f3d52d95b4d05dd58?s=96&d=mm&r=g\",\"contentUrl\":\"https:\/\/secure.gravatar.com\/avatar\/7fcc926d5b058d3f3d52d95b4d05dd58?s=96&d=mm&r=g\",\"caption\":\"Redacci\u00f3n\"},\"sameAs\":[\"http:\/\/masquenoticias.mx\"],\"url\":\"https:\/\/masquenoticias.mx\/index.php\/author\/edgartovegmail-com\/\"}]}<\/script>\n<!-- \/ Yoast SEO plugin. -->","yoast_head_json":{"title":"Gesta de Ni\u00f1os H\u00e9roes muestra la importancia de sembrar amor y orgullo por M\u00e9xico en las nuevas generaciones: Indira - M\u00e1s Que Noticias","robots":{"index":"index","follow":"follow","max-snippet":"max-snippet:-1","max-image-preview":"max-image-preview:large","max-video-preview":"max-video-preview:-1"},"canonical":"https:\/\/masquenoticias.mx\/index.php\/2023\/09\/13\/gesta-de-ninos-heroes-muestra-la-importancia-de-sembrar-amor-y-orgullo-por-mexico-en-las-nuevas-generaciones-indira\/","og_locale":"es_MX","og_type":"article","og_title":"Gesta de Ni\u00f1os H\u00e9roes muestra la importancia de sembrar amor y orgullo por M\u00e9xico en las nuevas generaciones: Indira - M\u00e1s Que Noticias","og_description":"Al participar este mi\u00e9rcoles en la ceremonia por el 176 aniversario de la Gesta de los Ni\u00f1os H\u00e9roes de Chapultepec, la gobernadora de Colima, Indira Vizca\u00edno Silva, manifest\u00f3 que esta fecha debe llevar a reflexionar sobre la importancia de sembrar sentimientos de amor y orgullo por M\u00e9xico en las nuevas generaciones; &#8220;es indispensable que hagamos [&hellip;]","og_url":"https:\/\/masquenoticias.mx\/index.php\/2023\/09\/13\/gesta-de-ninos-heroes-muestra-la-importancia-de-sembrar-amor-y-orgullo-por-mexico-en-las-nuevas-generaciones-indira\/","og_site_name":"M\u00e1s Que Noticias","article_publisher":"https:\/\/www.facebook.com\/masquenoticiascolima","article_published_time":"2023-09-14T01:11:35+00:00","og_image":[{"width":1280,"height":853,"url":"https:\/\/i0.wp.com\/masquenoticias.mx\/wp-content\/uploads\/2023\/09\/WhatsApp-Image-2023-09-13-at-10.47.09-AM-jpeg.webp?fit=1280%2C853&ssl=1","type":"image\/jpeg"}],"author":"Redacci\u00f3n","twitter_card":"summary_large_image","twitter_creator":"@edgartove","twitter_site":"@edgartove","twitter_misc":{"Escrito por":"Redacci\u00f3n","Tiempo de lectura":"2 minutos"},"schema":{"@context":"https:\/\/schema.org","@graph":[{"@type":"Article","@id":"https:\/\/masquenoticias.mx\/index.php\/2023\/09\/13\/gesta-de-ninos-heroes-muestra-la-importancia-de-sembrar-amor-y-orgullo-por-mexico-en-las-nuevas-generaciones-indira\/#article","isPartOf":{"@id":"https:\/\/masquenoticias.mx\/index.php\/2023\/09\/13\/gesta-de-ninos-heroes-muestra-la-importancia-de-sembrar-amor-y-orgullo-por-mexico-en-las-nuevas-generaciones-indira\/"},"author":{"name":"Redacci\u00f3n","@id":"https:\/\/masquenoticias.mx\/#\/schema\/person\/544d19989ef23d34615f691f7a96e622"},"headline":"Gesta de Ni\u00f1os H\u00e9roes muestra la importancia de sembrar amor y orgullo por M\u00e9xico en las nuevas generaciones: Indira","datePublished":"2023-09-14T01:11:35+00:00","mainEntityOfPage":{"@id":"https:\/\/masquenoticias.mx\/index.php\/2023\/09\/13\/gesta-de-ninos-heroes-muestra-la-importancia-de-sembrar-amor-y-orgullo-por-mexico-en-las-nuevas-generaciones-indira\/"},"wordCount":366,"commentCount":0,"publisher":{"@id":"https:\/\/masquenoticias.mx\/#organization"},"image":{"@id":"https:\/\/masquenoticias.mx\/index.php\/2023\/09\/13\/gesta-de-ninos-heroes-muestra-la-importancia-de-sembrar-amor-y-orgullo-por-mexico-en-las-nuevas-generaciones-indira\/#primaryimage"},"thumbnailUrl":"https:\/\/i0.wp.com\/masquenoticias.mx\/wp-content\/uploads\/2023\/09\/WhatsApp-Image-2023-09-13-at-10.47.09-AM-jpeg.webp?fit=1280%2C853&ssl=1","keywords":["Indira Vizca\u00edno"],"articleSection":["Estado"],"inLanguage":"es","potentialAction":[{"@type":"CommentAction","name":"Comment","target":["https:\/\/masquenoticias.mx\/index.php\/2023\/09\/13\/gesta-de-ninos-heroes-muestra-la-importancia-de-sembrar-amor-y-orgullo-por-mexico-en-las-nuevas-generaciones-indira\/#respond"]}]},{"@type":"WebPage","@id":"https:\/\/masquenoticias.mx\/index.php\/2023\/09\/13\/gesta-de-ninos-heroes-muestra-la-importancia-de-sembrar-amor-y-orgullo-por-mexico-en-las-nuevas-generaciones-indira\/","url":"https:\/\/masquenoticias.mx\/index.php\/2023\/09\/13\/gesta-de-ninos-heroes-muestra-la-importancia-de-sembrar-amor-y-orgullo-por-mexico-en-las-nuevas-generaciones-indira\/","name":"Gesta de Ni\u00f1os H\u00e9roes muestra la importancia de sembrar amor y orgullo por M\u00e9xico en las nuevas generaciones: Indira - M\u00e1s Que Noticias","isPartOf":{"@id":"https:\/\/masquenoticias.mx\/#website"},"primaryImageOfPage":{"@id":"https:\/\/masquenoticias.mx\/index.php\/2023\/09\/13\/gesta-de-ninos-heroes-muestra-la-importancia-de-sembrar-amor-y-orgullo-por-mexico-en-las-nuevas-generaciones-indira\/#primaryimage"},"image":{"@id":"https:\/\/masquenoticias.mx\/index.php\/2023\/09\/13\/gesta-de-ninos-heroes-muestra-la-importancia-de-sembrar-amor-y-orgullo-por-mexico-en-las-nuevas-generaciones-indira\/#primaryimage"},"thumbnailUrl":"https:\/\/i0.wp.com\/masquenoticias.mx\/wp-content\/uploads\/2023\/09\/WhatsApp-Image-2023-09-13-at-10.47.09-AM-jpeg.webp?fit=1280%2C853&ssl=1","datePublished":"2023-09-14T01:11:35+00:00","breadcrumb":{"@id":"https:\/\/masquenoticias.mx\/index.php\/2023\/09\/13\/gesta-de-ninos-heroes-muestra-la-importancia-de-sembrar-amor-y-orgullo-por-mexico-en-las-nuevas-generaciones-indira\/#breadcrumb"},"inLanguage":"es","potentialAction":[{"@type":"ReadAction","target":["https:\/\/masquenoticias.mx\/index.php\/2023\/09\/13\/gesta-de-ninos-heroes-muestra-la-importancia-de-sembrar-amor-y-orgullo-por-mexico-en-las-nuevas-generaciones-indira\/"]}]},{"@type":"ImageObject","inLanguage":"es","@id":"https:\/\/masquenoticias.mx\/index.php\/2023\/09\/13\/gesta-de-ninos-heroes-muestra-la-importancia-de-sembrar-amor-y-orgullo-por-mexico-en-las-nuevas-generaciones-indira\/#primaryimage","url":"https:\/\/i0.wp.com\/masquenoticias.mx\/wp-content\/uploads\/2023\/09\/WhatsApp-Image-2023-09-13-at-10.47.09-AM-jpeg.webp?fit=1280%2C853&ssl=1","contentUrl":"https:\/\/i0.wp.com\/masquenoticias.mx\/wp-content\/uploads\/2023\/09\/WhatsApp-Image-2023-09-13-at-10.47.09-AM-jpeg.webp?fit=1280%2C853&ssl=1","width":1280,"height":853},{"@type":"BreadcrumbList","@id":"https:\/\/masquenoticias.mx\/index.php\/2023\/09\/13\/gesta-de-ninos-heroes-muestra-la-importancia-de-sembrar-amor-y-orgullo-por-mexico-en-las-nuevas-generaciones-indira\/#breadcrumb","itemListElement":[{"@type":"ListItem","position":1,"name":"Inicio","item":"https:\/\/masquenoticias.mx\/"},{"@type":"ListItem","position":2,"name":"Gesta de Ni\u00f1os H\u00e9roes muestra la importancia de sembrar amor y orgullo por M\u00e9xico en las nuevas generaciones: Indira"}]},{"@type":"WebSite","@id":"https:\/\/masquenoticias.mx\/#website","url":"https:\/\/masquenoticias.mx\/","name":"M\u00e1s Que Noticias","description":"Noticias de Colima, M\u00e9xico y el Mundo","publisher":{"@id":"https:\/\/masquenoticias.mx\/#organization"},"potentialAction":[{"@type":"SearchAction","target":{"@type":"EntryPoint","urlTemplate":"https:\/\/masquenoticias.mx\/?s={search_term_string}"},"query-input":{"@type":"PropertyValueSpecification","valueRequired":true,"valueName":"search_term_string"}}],"inLanguage":"es"},{"@type":"Organization","@id":"https:\/\/masquenoticias.mx\/#organization","name":"M\u00e1s Que Noticias","url":"https:\/\/masquenoticias.mx\/","logo":{"@type":"ImageObject","inLanguage":"es","@id":"https:\/\/masquenoticias.mx\/#\/schema\/logo\/image\/","url":"https:\/\/i0.wp.com\/masquenoticias.mx\/wp-content\/uploads\/2024\/04\/IMG_0004.png?fit=2560%2C1656&ssl=1","contentUrl":"https:\/\/i0.wp.com\/masquenoticias.mx\/wp-content\/uploads\/2024\/04\/IMG_0004.png?fit=2560%2C1656&ssl=1","width":2560,"height":1656,"caption":"M\u00e1s Que Noticias"},"image":{"@id":"https:\/\/masquenoticias.mx\/#\/schema\/logo\/image\/"},"sameAs":["https:\/\/www.facebook.com\/masquenoticiascolima","https:\/\/x.com\/edgartove","https:\/\/www.instagram.com\/masquenoticiascolima\/"]},{"@type":"Person","@id":"https:\/\/masquenoticias.mx\/#\/schema\/person\/544d19989ef23d34615f691f7a96e622","name":"Redacci\u00f3n","image":{"@type":"ImageObject","inLanguage":"es","@id":"https:\/\/masquenoticias.mx\/#\/schema\/person\/image\/","url":"https:\/\/secure.gravatar.com\/avatar\/7fcc926d5b058d3f3d52d95b4d05dd58?s=96&d=mm&r=g","contentUrl":"https:\/\/secure.gravatar.com\/avatar\/7fcc926d5b058d3f3d52d95b4d05dd58?s=96&d=mm&r=g","caption":"Redacci\u00f3n"},"sameAs":["http:\/\/masquenoticias.mx"],"url":"https:\/\/masquenoticias.mx\/index.php\/author\/edgartovegmail-com\/"}]}},"jetpack_featured_media_url":"https:\/\/i0.wp.com\/masquenoticias.mx\/wp-content\/uploads\/2023\/09\/WhatsApp-Image-2023-09-13-at-10.47.09-AM-jpeg.webp?fit=1280%2C853&ssl=1","blog_post_layout_featured_media_urls":{"thumbnail":["https:\/\/i0.wp.com\/masquenoticias.mx\/wp-content\/uploads\/2023\/09\/WhatsApp-Image-2023-09-13-at-10.47.09-AM-jpeg.webp?resize=150%2C150&ssl=1",150,150,true],"full":["https:\/\/i0.wp.com\/masquenoticias.mx\/wp-content\/uploads\/2023\/09\/WhatsApp-Image-2023-09-13-at-10.47.09-AM-jpeg.webp?fit=1280%2C853&ssl=1",1280,853,false]},"categories_names":{"24":{"name":"Estado","link":"https:\/\/masquenoticias.mx\/index.php\/category\/estado\/"}},"tags_names":{"26":{"name":"Indira Vizca\u00edno","link":"https:\/\/masquenoticias.mx\/index.php\/tag\/indira-vizcaino\/"}},"comments_number":"0","wpmagazine_modules_lite_featured_media_urls":{"thumbnail":["https:\/\/i0.wp.com\/masquenoticias.mx\/wp-content\/uploads\/2023\/09\/WhatsApp-Image-2023-09-13-at-10.47.09-AM-jpeg.webp?resize=150%2C150&ssl=1",150,150,true],"cvmm-medium":["https:\/\/i0.wp.com\/masquenoticias.mx\/wp-content\/uploads\/2023\/09\/WhatsApp-Image-2023-09-13-at-10.47.09-AM-jpeg.webp?resize=300%2C300&ssl=1",300,300,true],"cvmm-medium-plus":["https:\/\/i0.wp.com\/masquenoticias.mx\/wp-content\/uploads\/2023\/09\/WhatsApp-Image-2023-09-13-at-10.47.09-AM-jpeg.webp?resize=305%2C207&ssl=1",305,207,true],"cvmm-portrait":["https:\/\/i0.wp.com\/masquenoticias.mx\/wp-content\/uploads\/2023\/09\/WhatsApp-Image-2023-09-13-at-10.47.09-AM-jpeg.webp?resize=400%2C600&ssl=1",400,600,true],"cvmm-medium-square":["https:\/\/i0.wp.com\/masquenoticias.mx\/wp-content\/uploads\/2023\/09\/WhatsApp-Image-2023-09-13-at-10.47.09-AM-jpeg.webp?resize=600%2C600&ssl=1",600,600,true],"cvmm-large":["https:\/\/i0.wp.com\/masquenoticias.mx\/wp-content\/uploads\/2023\/09\/WhatsApp-Image-2023-09-13-at-10.47.09-AM-jpeg.webp?resize=1024%2C853&ssl=1",1024,853,true],"cvmm-small":["https:\/\/i0.wp.com\/masquenoticias.mx\/wp-content\/uploads\/2023\/09\/WhatsApp-Image-2023-09-13-at-10.47.09-AM-jpeg.webp?resize=130%2C95&ssl=1",130,95,true],"full":["https:\/\/i0.wp.com\/masquenoticias.mx\/wp-content\/uploads\/2023\/09\/WhatsApp-Image-2023-09-13-at-10.47.09-AM-jpeg.webp?fit=1280%2C853&ssl=1",1280,853,false]},"jetpack-related-posts":[],"jetpack_sharing_enabled":true,"jetpack_likes_enabled":true,"jetpack_shortlink":"https:\/\/wp.me\/pf7pkt-DM","_links":{"self":[{"href":"https:\/\/masquenoticias.mx\/index.php\/wp-json\/wp\/v2\/posts\/2466","targetHints":{"allow":["GET"]}}],"collection":[{"href":"https:\/\/masquenoticias.mx\/index.php\/wp-json\/wp\/v2\/posts"}],"about":[{"href":"https:\/\/masquenoticias.mx\/index.php\/wp-json\/wp\/v2\/types\/post"}],"author":[{"embeddable":true,"href":"https:\/\/masquenoticias.mx\/index.php\/wp-json\/wp\/v2\/users\/1"}],"replies":[{"embeddable":true,"href":"https:\/\/masquenoticias.mx\/index.php\/wp-json\/wp\/v2\/comments?post=2466"}],"version-history":[{"count":0,"href":"https:\/\/masquenoticias.mx\/index.php\/wp-json\/wp\/v2\/posts\/2466\/revisions"}],"wp:featuredmedia":[{"embeddable":true,"href":"https:\/\/masquenoticias.mx\/index.php\/wp-json\/wp\/v2\/media\/2467"}],"wp:attachment":[{"href":"https:\/\/masquenoticias.mx\/index.php\/wp-json\/wp\/v2\/media?parent=2466"}],"wp:term":[{"taxonomy":"category","embeddable":true,"href":"https:\/\/masquenoticias.mx\/index.php\/wp-json\/wp\/v2\/categories?post=2466"},{"taxonomy":"post_tag","embeddable":true,"href":"https:\/\/masquenoticias.mx\/index.php\/wp-json\/wp\/v2\/tags?post=2466"}],"curies":[{"name":"wp","href":"https:\/\/api.w.org\/{rel}","templated":true}]}}