{"id":2419,"date":"2023-09-11T18:57:47","date_gmt":"2023-09-12T00:57:47","guid":{"rendered":"https:\/\/masquenoticias.mx\/?p=2419"},"modified":"2023-09-11T18:57:47","modified_gmt":"2023-09-12T00:57:47","slug":"sedeco-convoca-a-participar-en-el-pabellon-hecho-en-colima-en-la-feria-de-colima","status":"publish","type":"post","link":"https:\/\/masquenoticias.mx\/index.php\/2023\/09\/11\/sedeco-convoca-a-participar-en-el-pabellon-hecho-en-colima-en-la-feria-de-colima\/","title":{"rendered":"Sedeco convoca a participar en el pabell\u00f3n Hecho en Colima, en la Feria de Colima"},"content":{"rendered":"<p>La Secretar\u00eda de Desarrollo Econ\u00f3mico (Sedeco) del Gobierno del Estado de Colima present\u00f3 este lunes la convocatoria para participar en el pabell\u00f3n \u2018Hecho en Colima\u2019 dentro de la Feria de Todos los Santos Colima 2023, que ser\u00e1 un espacio de exposici\u00f3n para que artesanas, artesanos y empresas colimenses exhiben y comercializan sus productos, pues se busca impulsar a los sectores productivos de la entidad.<\/p>\n<p>Francisco Rodr\u00edguez Garc\u00eda, titular de la Sedeco, acompa\u00f1ado de Gabriela Gonz\u00e1lez Ram\u00edrez, jefa del Departamento de Impulso al Mercado Interno y Artesan\u00edas, se\u00f1al\u00f3 que, en la edici\u00f3n anterior del pabell\u00f3n, hubo 72 productoras, productores, artesanas y artesanos colimenses, con una inversi\u00f3n total de casi 720 mil pesos y se obtuvo un promedio de venta por participante de 25 mil pesos.<\/p>\n<p>El pabell\u00f3n \u201cHecho en Colima\u201d estar\u00e1 del 27 de octubre al 12 de noviembre en un m\u00f3dulo del Gobierno del Estado ubicado junto a la entrada principal, dentro de la Feria de Todos Los Santos Colima 2023, y en esta ocasi\u00f3n, se espera mayor participaci\u00f3n de productores y productoras colimenses, que cumplan con los requisitos de la convocatoria que pueden encontrar en: <a href=\"https:\/\/bit.ly\/4817mKX\">https:\/\/bit.ly\/4817mKX<\/a>.<\/p>\n<p>El registro de las y los interesados en participar se puede hacer en el siguiente link: <a href=\"https:\/\/bit.ly\/3qV2y99\">https:\/\/bit.ly\/3qV2y99<\/a> o pueden presentarse en las oficinas de Sedeco en el edificio A del Complejo Administrativo de Colima; las personas seleccionadas tendr\u00e1n derecho a un m\u00f3dulo sin costo todos los d\u00edas del evento, as\u00ed como el uso del equipamiento o mobiliario del mismo, adem\u00e1s de energ\u00eda el\u00e9ctrica y publicidad del pabell\u00f3n.<\/p>\n<p>Los resultados se dar\u00e1n a conocer el d\u00eda 27 de septiembre mediante las redes oficiales de la Secretar\u00eda Desarrollo Econ\u00f3mico (Sedeco) y del Gobierno del Estado de Colima.<\/p>\n","protected":false},"excerpt":{"rendered":"<p>La Secretar\u00eda de Desarrollo Econ\u00f3mico (Sedeco) del Gobierno del Estado de Colima present\u00f3 este lunes la convocatoria para participar en el pabell\u00f3n \u2018Hecho en Colima\u2019 dentro de la Feria de Todos los Santos Colima 2023, que ser\u00e1 un espacio de exposici\u00f3n para que artesanas, artesanos y empresas colimenses exhiben y comercializan sus productos, pues se [&hellip;]<\/p>\n","protected":false},"author":1,"featured_media":2420,"comment_status":"open","ping_status":"open","sticky":false,"template":"","format":"standard","meta":{"_jetpack_memberships_contains_paid_content":false,"footnotes":""},"categories":[24],"tags":[195,185,140],"class_list":["post-2419","post","type-post","status-publish","format-standard","has-post-thumbnail","hentry","category-estado","tag-feria-de-colima","tag-francisco-rodriguez","tag-sedeco"],"yoast_head":"<!-- This site is optimized with the Yoast SEO plugin v26.6 - https:\/\/yoast.com\/wordpress\/plugins\/seo\/ -->\n<title>Sedeco convoca a participar en el pabell\u00f3n Hecho en Colima, en la Feria de Colima - M\u00e1s Que Noticias<\/title>\n<meta name=\"robots\" content=\"index, follow, max-snippet:-1, max-image-preview:large, max-video-preview:-1\" \/>\n<link rel=\"canonical\" href=\"https:\/\/masquenoticias.mx\/index.php\/2023\/09\/11\/sedeco-convoca-a-participar-en-el-pabellon-hecho-en-colima-en-la-feria-de-colima\/\" \/>\n<meta property=\"og:locale\" content=\"es_MX\" \/>\n<meta property=\"og:type\" content=\"article\" \/>\n<meta property=\"og:title\" content=\"Sedeco convoca a participar en el pabell\u00f3n Hecho en Colima, en la Feria de Colima - M\u00e1s Que Noticias\" \/>\n<meta property=\"og:description\" content=\"La Secretar\u00eda de Desarrollo Econ\u00f3mico (Sedeco) del Gobierno del Estado de Colima present\u00f3 este lunes la convocatoria para participar en el pabell\u00f3n \u2018Hecho en Colima\u2019 dentro de la Feria de Todos los Santos Colima 2023, que ser\u00e1 un espacio de exposici\u00f3n para que artesanas, artesanos y empresas colimenses exhiben y comercializan sus productos, pues se [&hellip;]\" \/>\n<meta property=\"og:url\" content=\"https:\/\/masquenoticias.mx\/index.php\/2023\/09\/11\/sedeco-convoca-a-participar-en-el-pabellon-hecho-en-colima-en-la-feria-de-colima\/\" \/>\n<meta property=\"og:site_name\" content=\"M\u00e1s Que Noticias\" \/>\n<meta property=\"article:publisher\" content=\"https:\/\/www.facebook.com\/masquenoticiascolima\" \/>\n<meta property=\"article:published_time\" content=\"2023-09-12T00:57:47+00:00\" \/>\n<meta property=\"og:image\" content=\"https:\/\/i0.wp.com\/masquenoticias.mx\/wp-content\/uploads\/2023\/09\/WhatsApp-Image-2023-09-11-at-12.09.30-PM-jpeg.webp?fit=1600%2C1204&ssl=1\" \/>\n\t<meta property=\"og:image:width\" content=\"1600\" \/>\n\t<meta property=\"og:image:height\" content=\"1204\" \/>\n\t<meta property=\"og:image:type\" content=\"image\/jpeg\" \/>\n<meta name=\"author\" content=\"Redacci\u00f3n\" \/>\n<meta name=\"twitter:card\" content=\"summary_large_image\" \/>\n<meta name=\"twitter:creator\" content=\"@edgartove\" \/>\n<meta name=\"twitter:site\" content=\"@edgartove\" \/>\n<meta name=\"twitter:label1\" content=\"Escrito por\" \/>\n\t<meta name=\"twitter:data1\" content=\"Redacci\u00f3n\" \/>\n\t<meta name=\"twitter:label2\" content=\"Tiempo de lectura\" \/>\n\t<meta name=\"twitter:data2\" content=\"2 minutos\" \/>\n<script type=\"application\/ld+json\" class=\"yoast-schema-graph\">{\"@context\":\"https:\/\/schema.org\",\"@graph\":[{\"@type\":\"Article\",\"@id\":\"https:\/\/masquenoticias.mx\/index.php\/2023\/09\/11\/sedeco-convoca-a-participar-en-el-pabellon-hecho-en-colima-en-la-feria-de-colima\/#article\",\"isPartOf\":{\"@id\":\"https:\/\/masquenoticias.mx\/index.php\/2023\/09\/11\/sedeco-convoca-a-participar-en-el-pabellon-hecho-en-colima-en-la-feria-de-colima\/\"},\"author\":{\"name\":\"Redacci\u00f3n\",\"@id\":\"https:\/\/masquenoticias.mx\/#\/schema\/person\/544d19989ef23d34615f691f7a96e622\"},\"headline\":\"Sedeco convoca a participar en el pabell\u00f3n Hecho en Colima, en la Feria de Colima\",\"datePublished\":\"2023-09-12T00:57:47+00:00\",\"mainEntityOfPage\":{\"@id\":\"https:\/\/masquenoticias.mx\/index.php\/2023\/09\/11\/sedeco-convoca-a-participar-en-el-pabellon-hecho-en-colima-en-la-feria-de-colima\/\"},\"wordCount\":326,\"commentCount\":0,\"publisher\":{\"@id\":\"https:\/\/masquenoticias.mx\/#organization\"},\"image\":{\"@id\":\"https:\/\/masquenoticias.mx\/index.php\/2023\/09\/11\/sedeco-convoca-a-participar-en-el-pabellon-hecho-en-colima-en-la-feria-de-colima\/#primaryimage\"},\"thumbnailUrl\":\"https:\/\/i0.wp.com\/masquenoticias.mx\/wp-content\/uploads\/2023\/09\/WhatsApp-Image-2023-09-11-at-12.09.30-PM-jpeg.webp?fit=1600%2C1204&ssl=1\",\"keywords\":[\"Feria de Colima\",\"Francisco Rodr\u00edguez\",\"Sedeco\"],\"articleSection\":[\"Estado\"],\"inLanguage\":\"es\",\"potentialAction\":[{\"@type\":\"CommentAction\",\"name\":\"Comment\",\"target\":[\"https:\/\/masquenoticias.mx\/index.php\/2023\/09\/11\/sedeco-convoca-a-participar-en-el-pabellon-hecho-en-colima-en-la-feria-de-colima\/#respond\"]}]},{\"@type\":\"WebPage\",\"@id\":\"https:\/\/masquenoticias.mx\/index.php\/2023\/09\/11\/sedeco-convoca-a-participar-en-el-pabellon-hecho-en-colima-en-la-feria-de-colima\/\",\"url\":\"https:\/\/masquenoticias.mx\/index.php\/2023\/09\/11\/sedeco-convoca-a-participar-en-el-pabellon-hecho-en-colima-en-la-feria-de-colima\/\",\"name\":\"Sedeco convoca a participar en el pabell\u00f3n Hecho en Colima, en la Feria de Colima - M\u00e1s Que Noticias\",\"isPartOf\":{\"@id\":\"https:\/\/masquenoticias.mx\/#website\"},\"primaryImageOfPage\":{\"@id\":\"https:\/\/masquenoticias.mx\/index.php\/2023\/09\/11\/sedeco-convoca-a-participar-en-el-pabellon-hecho-en-colima-en-la-feria-de-colima\/#primaryimage\"},\"image\":{\"@id\":\"https:\/\/masquenoticias.mx\/index.php\/2023\/09\/11\/sedeco-convoca-a-participar-en-el-pabellon-hecho-en-colima-en-la-feria-de-colima\/#primaryimage\"},\"thumbnailUrl\":\"https:\/\/i0.wp.com\/masquenoticias.mx\/wp-content\/uploads\/2023\/09\/WhatsApp-Image-2023-09-11-at-12.09.30-PM-jpeg.webp?fit=1600%2C1204&ssl=1\",\"datePublished\":\"2023-09-12T00:57:47+00:00\",\"breadcrumb\":{\"@id\":\"https:\/\/masquenoticias.mx\/index.php\/2023\/09\/11\/sedeco-convoca-a-participar-en-el-pabellon-hecho-en-colima-en-la-feria-de-colima\/#breadcrumb\"},\"inLanguage\":\"es\",\"potentialAction\":[{\"@type\":\"ReadAction\",\"target\":[\"https:\/\/masquenoticias.mx\/index.php\/2023\/09\/11\/sedeco-convoca-a-participar-en-el-pabellon-hecho-en-colima-en-la-feria-de-colima\/\"]}]},{\"@type\":\"ImageObject\",\"inLanguage\":\"es\",\"@id\":\"https:\/\/masquenoticias.mx\/index.php\/2023\/09\/11\/sedeco-convoca-a-participar-en-el-pabellon-hecho-en-colima-en-la-feria-de-colima\/#primaryimage\",\"url\":\"https:\/\/i0.wp.com\/masquenoticias.mx\/wp-content\/uploads\/2023\/09\/WhatsApp-Image-2023-09-11-at-12.09.30-PM-jpeg.webp?fit=1600%2C1204&ssl=1\",\"contentUrl\":\"https:\/\/i0.wp.com\/masquenoticias.mx\/wp-content\/uploads\/2023\/09\/WhatsApp-Image-2023-09-11-at-12.09.30-PM-jpeg.webp?fit=1600%2C1204&ssl=1\",\"width\":1600,\"height\":1204},{\"@type\":\"BreadcrumbList\",\"@id\":\"https:\/\/masquenoticias.mx\/index.php\/2023\/09\/11\/sedeco-convoca-a-participar-en-el-pabellon-hecho-en-colima-en-la-feria-de-colima\/#breadcrumb\",\"itemListElement\":[{\"@type\":\"ListItem\",\"position\":1,\"name\":\"Inicio\",\"item\":\"https:\/\/masquenoticias.mx\/\"},{\"@type\":\"ListItem\",\"position\":2,\"name\":\"Sedeco convoca a participar en el pabell\u00f3n Hecho en Colima, en la Feria de Colima\"}]},{\"@type\":\"WebSite\",\"@id\":\"https:\/\/masquenoticias.mx\/#website\",\"url\":\"https:\/\/masquenoticias.mx\/\",\"name\":\"M\u00e1s Que Noticias\",\"description\":\"Noticias de Colima, M\u00e9xico y el Mundo\",\"publisher\":{\"@id\":\"https:\/\/masquenoticias.mx\/#organization\"},\"potentialAction\":[{\"@type\":\"SearchAction\",\"target\":{\"@type\":\"EntryPoint\",\"urlTemplate\":\"https:\/\/masquenoticias.mx\/?s={search_term_string}\"},\"query-input\":{\"@type\":\"PropertyValueSpecification\",\"valueRequired\":true,\"valueName\":\"search_term_string\"}}],\"inLanguage\":\"es\"},{\"@type\":\"Organization\",\"@id\":\"https:\/\/masquenoticias.mx\/#organization\",\"name\":\"M\u00e1s Que Noticias\",\"url\":\"https:\/\/masquenoticias.mx\/\",\"logo\":{\"@type\":\"ImageObject\",\"inLanguage\":\"es\",\"@id\":\"https:\/\/masquenoticias.mx\/#\/schema\/logo\/image\/\",\"url\":\"https:\/\/i0.wp.com\/masquenoticias.mx\/wp-content\/uploads\/2024\/04\/IMG_0004.png?fit=2560%2C1656&ssl=1\",\"contentUrl\":\"https:\/\/i0.wp.com\/masquenoticias.mx\/wp-content\/uploads\/2024\/04\/IMG_0004.png?fit=2560%2C1656&ssl=1\",\"width\":2560,\"height\":1656,\"caption\":\"M\u00e1s Que Noticias\"},\"image\":{\"@id\":\"https:\/\/masquenoticias.mx\/#\/schema\/logo\/image\/\"},\"sameAs\":[\"https:\/\/www.facebook.com\/masquenoticiascolima\",\"https:\/\/x.com\/edgartove\",\"https:\/\/www.instagram.com\/masquenoticiascolima\/\"]},{\"@type\":\"Person\",\"@id\":\"https:\/\/masquenoticias.mx\/#\/schema\/person\/544d19989ef23d34615f691f7a96e622\",\"name\":\"Redacci\u00f3n\",\"image\":{\"@type\":\"ImageObject\",\"inLanguage\":\"es\",\"@id\":\"https:\/\/masquenoticias.mx\/#\/schema\/person\/image\/\",\"url\":\"https:\/\/secure.gravatar.com\/avatar\/7fcc926d5b058d3f3d52d95b4d05dd58?s=96&d=mm&r=g\",\"contentUrl\":\"https:\/\/secure.gravatar.com\/avatar\/7fcc926d5b058d3f3d52d95b4d05dd58?s=96&d=mm&r=g\",\"caption\":\"Redacci\u00f3n\"},\"sameAs\":[\"http:\/\/masquenoticias.mx\"],\"url\":\"https:\/\/masquenoticias.mx\/index.php\/author\/edgartovegmail-com\/\"}]}<\/script>\n<!-- \/ Yoast SEO plugin. -->","yoast_head_json":{"title":"Sedeco convoca a participar en el pabell\u00f3n Hecho en Colima, en la Feria de Colima - M\u00e1s Que Noticias","robots":{"index":"index","follow":"follow","max-snippet":"max-snippet:-1","max-image-preview":"max-image-preview:large","max-video-preview":"max-video-preview:-1"},"canonical":"https:\/\/masquenoticias.mx\/index.php\/2023\/09\/11\/sedeco-convoca-a-participar-en-el-pabellon-hecho-en-colima-en-la-feria-de-colima\/","og_locale":"es_MX","og_type":"article","og_title":"Sedeco convoca a participar en el pabell\u00f3n Hecho en Colima, en la Feria de Colima - M\u00e1s Que Noticias","og_description":"La Secretar\u00eda de Desarrollo Econ\u00f3mico (Sedeco) del Gobierno del Estado de Colima present\u00f3 este lunes la convocatoria para participar en el pabell\u00f3n \u2018Hecho en Colima\u2019 dentro de la Feria de Todos los Santos Colima 2023, que ser\u00e1 un espacio de exposici\u00f3n para que artesanas, artesanos y empresas colimenses exhiben y comercializan sus productos, pues se [&hellip;]","og_url":"https:\/\/masquenoticias.mx\/index.php\/2023\/09\/11\/sedeco-convoca-a-participar-en-el-pabellon-hecho-en-colima-en-la-feria-de-colima\/","og_site_name":"M\u00e1s Que Noticias","article_publisher":"https:\/\/www.facebook.com\/masquenoticiascolima","article_published_time":"2023-09-12T00:57:47+00:00","og_image":[{"width":1600,"height":1204,"url":"https:\/\/i0.wp.com\/masquenoticias.mx\/wp-content\/uploads\/2023\/09\/WhatsApp-Image-2023-09-11-at-12.09.30-PM-jpeg.webp?fit=1600%2C1204&ssl=1","type":"image\/jpeg"}],"author":"Redacci\u00f3n","twitter_card":"summary_large_image","twitter_creator":"@edgartove","twitter_site":"@edgartove","twitter_misc":{"Escrito por":"Redacci\u00f3n","Tiempo de lectura":"2 minutos"},"schema":{"@context":"https:\/\/schema.org","@graph":[{"@type":"Article","@id":"https:\/\/masquenoticias.mx\/index.php\/2023\/09\/11\/sedeco-convoca-a-participar-en-el-pabellon-hecho-en-colima-en-la-feria-de-colima\/#article","isPartOf":{"@id":"https:\/\/masquenoticias.mx\/index.php\/2023\/09\/11\/sedeco-convoca-a-participar-en-el-pabellon-hecho-en-colima-en-la-feria-de-colima\/"},"author":{"name":"Redacci\u00f3n","@id":"https:\/\/masquenoticias.mx\/#\/schema\/person\/544d19989ef23d34615f691f7a96e622"},"headline":"Sedeco convoca a participar en el pabell\u00f3n Hecho en Colima, en la Feria de Colima","datePublished":"2023-09-12T00:57:47+00:00","mainEntityOfPage":{"@id":"https:\/\/masquenoticias.mx\/index.php\/2023\/09\/11\/sedeco-convoca-a-participar-en-el-pabellon-hecho-en-colima-en-la-feria-de-colima\/"},"wordCount":326,"commentCount":0,"publisher":{"@id":"https:\/\/masquenoticias.mx\/#organization"},"image":{"@id":"https:\/\/masquenoticias.mx\/index.php\/2023\/09\/11\/sedeco-convoca-a-participar-en-el-pabellon-hecho-en-colima-en-la-feria-de-colima\/#primaryimage"},"thumbnailUrl":"https:\/\/i0.wp.com\/masquenoticias.mx\/wp-content\/uploads\/2023\/09\/WhatsApp-Image-2023-09-11-at-12.09.30-PM-jpeg.webp?fit=1600%2C1204&ssl=1","keywords":["Feria de Colima","Francisco Rodr\u00edguez","Sedeco"],"articleSection":["Estado"],"inLanguage":"es","potentialAction":[{"@type":"CommentAction","name":"Comment","target":["https:\/\/masquenoticias.mx\/index.php\/2023\/09\/11\/sedeco-convoca-a-participar-en-el-pabellon-hecho-en-colima-en-la-feria-de-colima\/#respond"]}]},{"@type":"WebPage","@id":"https:\/\/masquenoticias.mx\/index.php\/2023\/09\/11\/sedeco-convoca-a-participar-en-el-pabellon-hecho-en-colima-en-la-feria-de-colima\/","url":"https:\/\/masquenoticias.mx\/index.php\/2023\/09\/11\/sedeco-convoca-a-participar-en-el-pabellon-hecho-en-colima-en-la-feria-de-colima\/","name":"Sedeco convoca a participar en el pabell\u00f3n Hecho en Colima, en la Feria de Colima - M\u00e1s Que Noticias","isPartOf":{"@id":"https:\/\/masquenoticias.mx\/#website"},"primaryImageOfPage":{"@id":"https:\/\/masquenoticias.mx\/index.php\/2023\/09\/11\/sedeco-convoca-a-participar-en-el-pabellon-hecho-en-colima-en-la-feria-de-colima\/#primaryimage"},"image":{"@id":"https:\/\/masquenoticias.mx\/index.php\/2023\/09\/11\/sedeco-convoca-a-participar-en-el-pabellon-hecho-en-colima-en-la-feria-de-colima\/#primaryimage"},"thumbnailUrl":"https:\/\/i0.wp.com\/masquenoticias.mx\/wp-content\/uploads\/2023\/09\/WhatsApp-Image-2023-09-11-at-12.09.30-PM-jpeg.webp?fit=1600%2C1204&ssl=1","datePublished":"2023-09-12T00:57:47+00:00","breadcrumb":{"@id":"https:\/\/masquenoticias.mx\/index.php\/2023\/09\/11\/sedeco-convoca-a-participar-en-el-pabellon-hecho-en-colima-en-la-feria-de-colima\/#breadcrumb"},"inLanguage":"es","potentialAction":[{"@type":"ReadAction","target":["https:\/\/masquenoticias.mx\/index.php\/2023\/09\/11\/sedeco-convoca-a-participar-en-el-pabellon-hecho-en-colima-en-la-feria-de-colima\/"]}]},{"@type":"ImageObject","inLanguage":"es","@id":"https:\/\/masquenoticias.mx\/index.php\/2023\/09\/11\/sedeco-convoca-a-participar-en-el-pabellon-hecho-en-colima-en-la-feria-de-colima\/#primaryimage","url":"https:\/\/i0.wp.com\/masquenoticias.mx\/wp-content\/uploads\/2023\/09\/WhatsApp-Image-2023-09-11-at-12.09.30-PM-jpeg.webp?fit=1600%2C1204&ssl=1","contentUrl":"https:\/\/i0.wp.com\/masquenoticias.mx\/wp-content\/uploads\/2023\/09\/WhatsApp-Image-2023-09-11-at-12.09.30-PM-jpeg.webp?fit=1600%2C1204&ssl=1","width":1600,"height":1204},{"@type":"BreadcrumbList","@id":"https:\/\/masquenoticias.mx\/index.php\/2023\/09\/11\/sedeco-convoca-a-participar-en-el-pabellon-hecho-en-colima-en-la-feria-de-colima\/#breadcrumb","itemListElement":[{"@type":"ListItem","position":1,"name":"Inicio","item":"https:\/\/masquenoticias.mx\/"},{"@type":"ListItem","position":2,"name":"Sedeco convoca a participar en el pabell\u00f3n Hecho en Colima, en la Feria de Colima"}]},{"@type":"WebSite","@id":"https:\/\/masquenoticias.mx\/#website","url":"https:\/\/masquenoticias.mx\/","name":"M\u00e1s Que Noticias","description":"Noticias de Colima, M\u00e9xico y el Mundo","publisher":{"@id":"https:\/\/masquenoticias.mx\/#organization"},"potentialAction":[{"@type":"SearchAction","target":{"@type":"EntryPoint","urlTemplate":"https:\/\/masquenoticias.mx\/?s={search_term_string}"},"query-input":{"@type":"PropertyValueSpecification","valueRequired":true,"valueName":"search_term_string"}}],"inLanguage":"es"},{"@type":"Organization","@id":"https:\/\/masquenoticias.mx\/#organization","name":"M\u00e1s Que Noticias","url":"https:\/\/masquenoticias.mx\/","logo":{"@type":"ImageObject","inLanguage":"es","@id":"https:\/\/masquenoticias.mx\/#\/schema\/logo\/image\/","url":"https:\/\/i0.wp.com\/masquenoticias.mx\/wp-content\/uploads\/2024\/04\/IMG_0004.png?fit=2560%2C1656&ssl=1","contentUrl":"https:\/\/i0.wp.com\/masquenoticias.mx\/wp-content\/uploads\/2024\/04\/IMG_0004.png?fit=2560%2C1656&ssl=1","width":2560,"height":1656,"caption":"M\u00e1s Que Noticias"},"image":{"@id":"https:\/\/masquenoticias.mx\/#\/schema\/logo\/image\/"},"sameAs":["https:\/\/www.facebook.com\/masquenoticiascolima","https:\/\/x.com\/edgartove","https:\/\/www.instagram.com\/masquenoticiascolima\/"]},{"@type":"Person","@id":"https:\/\/masquenoticias.mx\/#\/schema\/person\/544d19989ef23d34615f691f7a96e622","name":"Redacci\u00f3n","image":{"@type":"ImageObject","inLanguage":"es","@id":"https:\/\/masquenoticias.mx\/#\/schema\/person\/image\/","url":"https:\/\/secure.gravatar.com\/avatar\/7fcc926d5b058d3f3d52d95b4d05dd58?s=96&d=mm&r=g","contentUrl":"https:\/\/secure.gravatar.com\/avatar\/7fcc926d5b058d3f3d52d95b4d05dd58?s=96&d=mm&r=g","caption":"Redacci\u00f3n"},"sameAs":["http:\/\/masquenoticias.mx"],"url":"https:\/\/masquenoticias.mx\/index.php\/author\/edgartovegmail-com\/"}]}},"jetpack_featured_media_url":"https:\/\/i0.wp.com\/masquenoticias.mx\/wp-content\/uploads\/2023\/09\/WhatsApp-Image-2023-09-11-at-12.09.30-PM-jpeg.webp?fit=1600%2C1204&ssl=1","blog_post_layout_featured_media_urls":{"thumbnail":["https:\/\/i0.wp.com\/masquenoticias.mx\/wp-content\/uploads\/2023\/09\/WhatsApp-Image-2023-09-11-at-12.09.30-PM-jpeg.webp?resize=150%2C150&ssl=1",150,150,true],"full":["https:\/\/i0.wp.com\/masquenoticias.mx\/wp-content\/uploads\/2023\/09\/WhatsApp-Image-2023-09-11-at-12.09.30-PM-jpeg.webp?fit=1600%2C1204&ssl=1",1600,1204,false]},"categories_names":{"24":{"name":"Estado","link":"https:\/\/masquenoticias.mx\/index.php\/category\/estado\/"}},"tags_names":{"195":{"name":"Feria de Colima","link":"https:\/\/masquenoticias.mx\/index.php\/tag\/feria-de-colima\/"},"185":{"name":"Francisco Rodr\u00edguez","link":"https:\/\/masquenoticias.mx\/index.php\/tag\/francisco-rodriguez\/"},"140":{"name":"Sedeco","link":"https:\/\/masquenoticias.mx\/index.php\/tag\/sedeco\/"}},"comments_number":"0","wpmagazine_modules_lite_featured_media_urls":{"thumbnail":["https:\/\/i0.wp.com\/masquenoticias.mx\/wp-content\/uploads\/2023\/09\/WhatsApp-Image-2023-09-11-at-12.09.30-PM-jpeg.webp?resize=150%2C150&ssl=1",150,150,true],"cvmm-medium":["https:\/\/i0.wp.com\/masquenoticias.mx\/wp-content\/uploads\/2023\/09\/WhatsApp-Image-2023-09-11-at-12.09.30-PM-jpeg.webp?resize=300%2C300&ssl=1",300,300,true],"cvmm-medium-plus":["https:\/\/i0.wp.com\/masquenoticias.mx\/wp-content\/uploads\/2023\/09\/WhatsApp-Image-2023-09-11-at-12.09.30-PM-jpeg.webp?resize=305%2C207&ssl=1",305,207,true],"cvmm-portrait":["https:\/\/i0.wp.com\/masquenoticias.mx\/wp-content\/uploads\/2023\/09\/WhatsApp-Image-2023-09-11-at-12.09.30-PM-jpeg.webp?resize=400%2C600&ssl=1",400,600,true],"cvmm-medium-square":["https:\/\/i0.wp.com\/masquenoticias.mx\/wp-content\/uploads\/2023\/09\/WhatsApp-Image-2023-09-11-at-12.09.30-PM-jpeg.webp?resize=600%2C600&ssl=1",600,600,true],"cvmm-large":["https:\/\/i0.wp.com\/masquenoticias.mx\/wp-content\/uploads\/2023\/09\/WhatsApp-Image-2023-09-11-at-12.09.30-PM-jpeg.webp?resize=1024%2C1024&ssl=1",1024,1024,true],"cvmm-small":["https:\/\/i0.wp.com\/masquenoticias.mx\/wp-content\/uploads\/2023\/09\/WhatsApp-Image-2023-09-11-at-12.09.30-PM-jpeg.webp?resize=130%2C95&ssl=1",130,95,true],"full":["https:\/\/i0.wp.com\/masquenoticias.mx\/wp-content\/uploads\/2023\/09\/WhatsApp-Image-2023-09-11-at-12.09.30-PM-jpeg.webp?fit=1600%2C1204&ssl=1",1600,1204,false]},"jetpack-related-posts":[],"jetpack_sharing_enabled":true,"jetpack_likes_enabled":true,"jetpack_shortlink":"https:\/\/wp.me\/pf7pkt-D1","_links":{"self":[{"href":"https:\/\/masquenoticias.mx\/index.php\/wp-json\/wp\/v2\/posts\/2419","targetHints":{"allow":["GET"]}}],"collection":[{"href":"https:\/\/masquenoticias.mx\/index.php\/wp-json\/wp\/v2\/posts"}],"about":[{"href":"https:\/\/masquenoticias.mx\/index.php\/wp-json\/wp\/v2\/types\/post"}],"author":[{"embeddable":true,"href":"https:\/\/masquenoticias.mx\/index.php\/wp-json\/wp\/v2\/users\/1"}],"replies":[{"embeddable":true,"href":"https:\/\/masquenoticias.mx\/index.php\/wp-json\/wp\/v2\/comments?post=2419"}],"version-history":[{"count":0,"href":"https:\/\/masquenoticias.mx\/index.php\/wp-json\/wp\/v2\/posts\/2419\/revisions"}],"wp:featuredmedia":[{"embeddable":true,"href":"https:\/\/masquenoticias.mx\/index.php\/wp-json\/wp\/v2\/media\/2420"}],"wp:attachment":[{"href":"https:\/\/masquenoticias.mx\/index.php\/wp-json\/wp\/v2\/media?parent=2419"}],"wp:term":[{"taxonomy":"category","embeddable":true,"href":"https:\/\/masquenoticias.mx\/index.php\/wp-json\/wp\/v2\/categories?post=2419"},{"taxonomy":"post_tag","embeddable":true,"href":"https:\/\/masquenoticias.mx\/index.php\/wp-json\/wp\/v2\/tags?post=2419"}],"curies":[{"name":"wp","href":"https:\/\/api.w.org\/{rel}","templated":true}]}}