{"id":2410,"date":"2023-09-11T18:46:11","date_gmt":"2023-09-12T00:46:11","guid":{"rendered":"https:\/\/masquenoticias.mx\/?p=2410"},"modified":"2023-09-11T18:46:11","modified_gmt":"2023-09-12T00:46:11","slug":"indira-participo-en-inicio-del-boteo-teleton-2023-en-la-udec","status":"publish","type":"post","link":"https:\/\/masquenoticias.mx\/index.php\/2023\/09\/11\/indira-participo-en-inicio-del-boteo-teleton-2023-en-la-udec\/","title":{"rendered":"Indira particip\u00f3 en inicio del boteo Telet\u00f3n 2023, en la UdeC"},"content":{"rendered":"<p>La gobernadora Indira Vizca\u00edno Silva, particip\u00f3 este lunes en el inicio de la campa\u00f1a de boteo Telet\u00f3n 2023, en el Teatro Universitario \u201cCoronel Pedro Torres Ortiz\u201d de la capital colimense, donde invit\u00f3 a toda la poblaci\u00f3n \u201ca dejar de manifiesto la generosidad, solidaridad y empat\u00eda que nos caracterizan, pues, como dice nuestro presidente (Andr\u00e9s Manuel L\u00f3pez Obrador): amor con amor se paga\u201d.<\/p>\n<p>La titular del Poder Ejecutivo estatal, adem\u00e1s de resaltar la labor que realiza la Fundaci\u00f3n Telet\u00f3n a nivel nacional, agradeci\u00f3 el apoyo que han dado a las y los colimenses en momentos en que lo han requerido, as\u00ed como por todo el esfuerzo para arrancar desde Colima esta campa\u00f1a de boteo de este a\u00f1o.<\/p>\n<p><img data-recalc-dims=\"1\" fetchpriority=\"high\" decoding=\"async\" class=\"alignnone size-large wp-image-2412\" src=\"https:\/\/i0.wp.com\/masquenoticias.mx\/wp-content\/uploads\/2023\/09\/WhatsApp-Image-2023-09-11-at-2.58.02-PM-1-1024x683.webp?resize=640%2C427&#038;ssl=1\" alt=\"\" width=\"640\" height=\"427\" srcset=\"https:\/\/i0.wp.com\/masquenoticias.mx\/wp-content\/uploads\/2023\/09\/WhatsApp-Image-2023-09-11-at-2.58.02-PM-1-jpeg.webp?resize=1024%2C683&amp;ssl=1 1024w, https:\/\/i0.wp.com\/masquenoticias.mx\/wp-content\/uploads\/2023\/09\/WhatsApp-Image-2023-09-11-at-2.58.02-PM-1-jpeg.webp?resize=300%2C200&amp;ssl=1 300w, https:\/\/i0.wp.com\/masquenoticias.mx\/wp-content\/uploads\/2023\/09\/WhatsApp-Image-2023-09-11-at-2.58.02-PM-1-jpeg.webp?resize=768%2C512&amp;ssl=1 768w, https:\/\/i0.wp.com\/masquenoticias.mx\/wp-content\/uploads\/2023\/09\/WhatsApp-Image-2023-09-11-at-2.58.02-PM-1-jpeg.webp?w=1280&amp;ssl=1 1280w\" sizes=\"(max-width: 640px) 100vw, 640px\" \/><\/p>\n<p>Resalt\u00f3 que ayudar al pr\u00f3jimo, asumir una responsabilidad en la resoluci\u00f3n de los problemas colectivos, asumir que lo que afecta al otro es como si nos afectara a nosotros mismos, es algo que se est\u00e1 en el ADN y en la historia de la Fundaci\u00f3n Telet\u00f3n y eso es precisamente lo mismo que sucede con quienes asumen el servicio p\u00fablico con una vocaci\u00f3n, como una raz\u00f3n y un camino de vida.<\/p>\n<p>&#8220;No podemos ver necesidades, dolores humanos y voltear a otro lado; ni usar como caparaz\u00f3n la suerte que algunas y algunos hemos tenido para no enfrentar directamente en nuestros hogares estos retos humanos; al contrario, ese privilegio o esa suerte (&#8230;) debemos convertirla en fuerza y en generosidad; y conf\u00edo en que eso hagamos plenamente las y los colimenses en esta campa\u00f1a de boteo&#8221;, apunt\u00f3.<\/p>\n<p><img data-recalc-dims=\"1\" decoding=\"async\" class=\"alignnone size-large wp-image-2413\" src=\"https:\/\/i0.wp.com\/masquenoticias.mx\/wp-content\/uploads\/2023\/09\/WhatsApp-Image-2023-09-11-at-2.58.02-PM-2-1024x682.webp?resize=640%2C426&#038;ssl=1\" alt=\"\" width=\"640\" height=\"426\" srcset=\"https:\/\/i0.wp.com\/masquenoticias.mx\/wp-content\/uploads\/2023\/09\/WhatsApp-Image-2023-09-11-at-2.58.02-PM-2-jpeg.webp?resize=1024%2C682&amp;ssl=1 1024w, https:\/\/i0.wp.com\/masquenoticias.mx\/wp-content\/uploads\/2023\/09\/WhatsApp-Image-2023-09-11-at-2.58.02-PM-2-jpeg.webp?resize=300%2C200&amp;ssl=1 300w, https:\/\/i0.wp.com\/masquenoticias.mx\/wp-content\/uploads\/2023\/09\/WhatsApp-Image-2023-09-11-at-2.58.02-PM-2-jpeg.webp?resize=768%2C512&amp;ssl=1 768w, https:\/\/i0.wp.com\/masquenoticias.mx\/wp-content\/uploads\/2023\/09\/WhatsApp-Image-2023-09-11-at-2.58.02-PM-2-jpeg.webp?w=1280&amp;ssl=1 1280w\" sizes=\"(max-width: 640px) 100vw, 640px\" \/><\/p>\n<p>Indira Vizca\u00edno celebr\u00f3 que se escogiera Colima para iniciar esta campa\u00f1a, pues podremos atestiguar la generosidad y la empat\u00eda que hay en la gente de Colima, &#8220;y dejar muestra de que, cuando se trata de ayudar a quien m\u00e1s lo necesita, siempre estamos puestos y dispuestos a hacer lo que haga falta&#8221;.<\/p>\n<p>EN COLIMA 2 MIL ALCANC\u00cdAS<\/p>\n<p>Julio C\u00e9sar Borrego Gonz\u00e1lez, director general corporativo de Recaudaci\u00f3n de Telet\u00f3n, detall\u00f3 que a nivel nacional se repartir\u00e1n m\u00e1s de 76 mil alcanc\u00edas, de las cuales, cerca de 2 mil se distribuir\u00e1n en todo Colima, por lo que agradeci\u00f3 el respaldo y apoyo de la mandataria Indira Vizca\u00edno y Gobierno del Estado, as\u00ed como de la Universidad de Colima, por sumarse a este esfuerzo.<\/p>\n<p>&nbsp;<\/p>\n<p>Destac\u00f3 que actualmente 40 ni\u00f1as y ni\u00f1os de Colima son atendidos en el Centro de Rehabilitaci\u00f3n e Integraci\u00f3n Infantil Telet\u00f3n de Occidente, donde se han atendido m\u00e1s 412 mil ni\u00f1as y ni\u00f1os; record\u00f3 que hace unos meses estuvieron en la entidad con las Jornadas Extramuros, donde se atendieron a m\u00e1s de 300 personas con discapacidad.<\/p>\n<p>El secretario de Educaci\u00f3n y Cultura, Adolfo N\u00fa\u00f1ez Gonz\u00e1lez, indic\u00f3 que la dependencia a as\u00ed cargo, a trav\u00e9s del Voluntariado que encabeza su esposa, Mar\u00eda Guadalupe Galindo G\u00f3mez, tendr\u00e1 coordinaci\u00f3n directa con los niveles en instancias educativas como Universidad de Colima, para que esta campa\u00f1a tenga \u00e9xito recaudatorio y para que las y los ni\u00f1os de Colima sigan siendo atendidos en CRIT Occidente.<\/p>\n<p>El rector de la Universidad de Colima, Christian Torres Ortiz Zerme\u00f1o, refiri\u00f3 que a trav\u00e9s del Voluntariado de la m\u00e1xima casa de estudios desplegar\u00e1n un esfuerzo en todos los espacios, planteles y dependencias de esa instituci\u00f3n educativa para sumarse a esa campa\u00f1a, a la que tambi\u00e9n invit\u00f3 a todas y todos los universitarios, para que les ayuden a llegar a todos los rincones del estado.<\/p>\n<p><img data-recalc-dims=\"1\" decoding=\"async\" class=\"alignnone size-large wp-image-2414\" src=\"https:\/\/i0.wp.com\/masquenoticias.mx\/wp-content\/uploads\/2023\/09\/WhatsApp-Image-2023-09-11-at-2.58.03-PM-1024x682.webp?resize=640%2C426&#038;ssl=1\" alt=\"\" width=\"640\" height=\"426\" srcset=\"https:\/\/i0.wp.com\/masquenoticias.mx\/wp-content\/uploads\/2023\/09\/WhatsApp-Image-2023-09-11-at-2.58.03-PM-jpeg.webp?resize=1024%2C682&amp;ssl=1 1024w, https:\/\/i0.wp.com\/masquenoticias.mx\/wp-content\/uploads\/2023\/09\/WhatsApp-Image-2023-09-11-at-2.58.03-PM-jpeg.webp?resize=300%2C200&amp;ssl=1 300w, https:\/\/i0.wp.com\/masquenoticias.mx\/wp-content\/uploads\/2023\/09\/WhatsApp-Image-2023-09-11-at-2.58.03-PM-jpeg.webp?resize=768%2C512&amp;ssl=1 768w, https:\/\/i0.wp.com\/masquenoticias.mx\/wp-content\/uploads\/2023\/09\/WhatsApp-Image-2023-09-11-at-2.58.03-PM-jpeg.webp?w=1280&amp;ssl=1 1280w\" sizes=\"(max-width: 640px) 100vw, 640px\" \/><\/p>\n<p>En el arranque de la campa\u00f1a estuvieron tambi\u00e9n la secretaria de Salud, Martha Janeth Espinosa Mej\u00eda; Viridiana Valencia Vargas, delegada de Programas para el Bienestar en Colima y Blanca Liliana D\u00edaz V\u00e1zquez, presidenta del Voluntariado de la Universidad de Colima.<\/p>\n","protected":false},"excerpt":{"rendered":"<p>La gobernadora Indira Vizca\u00edno Silva, particip\u00f3 este lunes en el inicio de la campa\u00f1a de boteo Telet\u00f3n 2023, en el Teatro Universitario \u201cCoronel Pedro Torres Ortiz\u201d de la capital colimense, donde invit\u00f3 a toda la poblaci\u00f3n \u201ca dejar de manifiesto la generosidad, solidaridad y empat\u00eda que nos caracterizan, pues, como dice nuestro presidente (Andr\u00e9s Manuel [&hellip;]<\/p>\n","protected":false},"author":1,"featured_media":2411,"comment_status":"open","ping_status":"open","sticky":false,"template":"","format":"standard","meta":{"_jetpack_memberships_contains_paid_content":false,"footnotes":""},"categories":[24],"tags":[26,236,100],"class_list":["post-2410","post","type-post","status-publish","format-standard","has-post-thumbnail","hentry","category-estado","tag-indira-vizcaino","tag-teleton","tag-universidad-de-colima"],"yoast_head":"<!-- This site is optimized with the Yoast SEO plugin v26.6 - https:\/\/yoast.com\/wordpress\/plugins\/seo\/ -->\n<title>Indira particip\u00f3 en inicio del boteo Telet\u00f3n 2023, en la UdeC - M\u00e1s Que Noticias<\/title>\n<meta name=\"robots\" content=\"index, follow, max-snippet:-1, max-image-preview:large, max-video-preview:-1\" \/>\n<link rel=\"canonical\" href=\"https:\/\/masquenoticias.mx\/index.php\/2023\/09\/11\/indira-participo-en-inicio-del-boteo-teleton-2023-en-la-udec\/\" \/>\n<meta property=\"og:locale\" content=\"es_MX\" \/>\n<meta property=\"og:type\" content=\"article\" \/>\n<meta property=\"og:title\" content=\"Indira particip\u00f3 en inicio del boteo Telet\u00f3n 2023, en la UdeC - M\u00e1s Que Noticias\" \/>\n<meta property=\"og:description\" content=\"La gobernadora Indira Vizca\u00edno Silva, particip\u00f3 este lunes en el inicio de la campa\u00f1a de boteo Telet\u00f3n 2023, en el Teatro Universitario \u201cCoronel Pedro Torres Ortiz\u201d de la capital colimense, donde invit\u00f3 a toda la poblaci\u00f3n \u201ca dejar de manifiesto la generosidad, solidaridad y empat\u00eda que nos caracterizan, pues, como dice nuestro presidente (Andr\u00e9s Manuel [&hellip;]\" \/>\n<meta property=\"og:url\" content=\"https:\/\/masquenoticias.mx\/index.php\/2023\/09\/11\/indira-participo-en-inicio-del-boteo-teleton-2023-en-la-udec\/\" \/>\n<meta property=\"og:site_name\" content=\"M\u00e1s Que Noticias\" \/>\n<meta property=\"article:publisher\" content=\"https:\/\/www.facebook.com\/masquenoticiascolima\" \/>\n<meta property=\"article:published_time\" content=\"2023-09-12T00:46:11+00:00\" \/>\n<meta property=\"og:image\" content=\"https:\/\/i0.wp.com\/masquenoticias.mx\/wp-content\/uploads\/2023\/09\/WhatsApp-Image-2023-09-11-at-2.58.02-PM-jpeg.webp?fit=1280%2C854&ssl=1\" \/>\n\t<meta property=\"og:image:width\" content=\"1280\" \/>\n\t<meta property=\"og:image:height\" content=\"854\" \/>\n\t<meta property=\"og:image:type\" content=\"image\/jpeg\" \/>\n<meta name=\"author\" content=\"Redacci\u00f3n\" \/>\n<meta name=\"twitter:card\" content=\"summary_large_image\" \/>\n<meta name=\"twitter:creator\" content=\"@edgartove\" \/>\n<meta name=\"twitter:site\" content=\"@edgartove\" \/>\n<meta name=\"twitter:label1\" content=\"Escrito por\" \/>\n\t<meta name=\"twitter:data1\" content=\"Redacci\u00f3n\" \/>\n\t<meta name=\"twitter:label2\" content=\"Tiempo de lectura\" \/>\n\t<meta name=\"twitter:data2\" content=\"3 minutos\" \/>\n<script type=\"application\/ld+json\" class=\"yoast-schema-graph\">{\"@context\":\"https:\/\/schema.org\",\"@graph\":[{\"@type\":\"Article\",\"@id\":\"https:\/\/masquenoticias.mx\/index.php\/2023\/09\/11\/indira-participo-en-inicio-del-boteo-teleton-2023-en-la-udec\/#article\",\"isPartOf\":{\"@id\":\"https:\/\/masquenoticias.mx\/index.php\/2023\/09\/11\/indira-participo-en-inicio-del-boteo-teleton-2023-en-la-udec\/\"},\"author\":{\"name\":\"Redacci\u00f3n\",\"@id\":\"https:\/\/masquenoticias.mx\/#\/schema\/person\/544d19989ef23d34615f691f7a96e622\"},\"headline\":\"Indira particip\u00f3 en inicio del boteo Telet\u00f3n 2023, en la UdeC\",\"datePublished\":\"2023-09-12T00:46:11+00:00\",\"mainEntityOfPage\":{\"@id\":\"https:\/\/masquenoticias.mx\/index.php\/2023\/09\/11\/indira-participo-en-inicio-del-boteo-teleton-2023-en-la-udec\/\"},\"wordCount\":666,\"commentCount\":0,\"publisher\":{\"@id\":\"https:\/\/masquenoticias.mx\/#organization\"},\"image\":{\"@id\":\"https:\/\/masquenoticias.mx\/index.php\/2023\/09\/11\/indira-participo-en-inicio-del-boteo-teleton-2023-en-la-udec\/#primaryimage\"},\"thumbnailUrl\":\"https:\/\/i0.wp.com\/masquenoticias.mx\/wp-content\/uploads\/2023\/09\/WhatsApp-Image-2023-09-11-at-2.58.02-PM-jpeg.webp?fit=1280%2C854&ssl=1\",\"keywords\":[\"Indira Vizca\u00edno\",\"Telet\u00f3n\",\"Universidad de Colima\"],\"articleSection\":[\"Estado\"],\"inLanguage\":\"es\",\"potentialAction\":[{\"@type\":\"CommentAction\",\"name\":\"Comment\",\"target\":[\"https:\/\/masquenoticias.mx\/index.php\/2023\/09\/11\/indira-participo-en-inicio-del-boteo-teleton-2023-en-la-udec\/#respond\"]}]},{\"@type\":\"WebPage\",\"@id\":\"https:\/\/masquenoticias.mx\/index.php\/2023\/09\/11\/indira-participo-en-inicio-del-boteo-teleton-2023-en-la-udec\/\",\"url\":\"https:\/\/masquenoticias.mx\/index.php\/2023\/09\/11\/indira-participo-en-inicio-del-boteo-teleton-2023-en-la-udec\/\",\"name\":\"Indira particip\u00f3 en inicio del boteo Telet\u00f3n 2023, en la UdeC - M\u00e1s Que Noticias\",\"isPartOf\":{\"@id\":\"https:\/\/masquenoticias.mx\/#website\"},\"primaryImageOfPage\":{\"@id\":\"https:\/\/masquenoticias.mx\/index.php\/2023\/09\/11\/indira-participo-en-inicio-del-boteo-teleton-2023-en-la-udec\/#primaryimage\"},\"image\":{\"@id\":\"https:\/\/masquenoticias.mx\/index.php\/2023\/09\/11\/indira-participo-en-inicio-del-boteo-teleton-2023-en-la-udec\/#primaryimage\"},\"thumbnailUrl\":\"https:\/\/i0.wp.com\/masquenoticias.mx\/wp-content\/uploads\/2023\/09\/WhatsApp-Image-2023-09-11-at-2.58.02-PM-jpeg.webp?fit=1280%2C854&ssl=1\",\"datePublished\":\"2023-09-12T00:46:11+00:00\",\"breadcrumb\":{\"@id\":\"https:\/\/masquenoticias.mx\/index.php\/2023\/09\/11\/indira-participo-en-inicio-del-boteo-teleton-2023-en-la-udec\/#breadcrumb\"},\"inLanguage\":\"es\",\"potentialAction\":[{\"@type\":\"ReadAction\",\"target\":[\"https:\/\/masquenoticias.mx\/index.php\/2023\/09\/11\/indira-participo-en-inicio-del-boteo-teleton-2023-en-la-udec\/\"]}]},{\"@type\":\"ImageObject\",\"inLanguage\":\"es\",\"@id\":\"https:\/\/masquenoticias.mx\/index.php\/2023\/09\/11\/indira-participo-en-inicio-del-boteo-teleton-2023-en-la-udec\/#primaryimage\",\"url\":\"https:\/\/i0.wp.com\/masquenoticias.mx\/wp-content\/uploads\/2023\/09\/WhatsApp-Image-2023-09-11-at-2.58.02-PM-jpeg.webp?fit=1280%2C854&ssl=1\",\"contentUrl\":\"https:\/\/i0.wp.com\/masquenoticias.mx\/wp-content\/uploads\/2023\/09\/WhatsApp-Image-2023-09-11-at-2.58.02-PM-jpeg.webp?fit=1280%2C854&ssl=1\",\"width\":1280,\"height\":854},{\"@type\":\"BreadcrumbList\",\"@id\":\"https:\/\/masquenoticias.mx\/index.php\/2023\/09\/11\/indira-participo-en-inicio-del-boteo-teleton-2023-en-la-udec\/#breadcrumb\",\"itemListElement\":[{\"@type\":\"ListItem\",\"position\":1,\"name\":\"Inicio\",\"item\":\"https:\/\/masquenoticias.mx\/\"},{\"@type\":\"ListItem\",\"position\":2,\"name\":\"Indira particip\u00f3 en inicio del boteo Telet\u00f3n 2023, en la UdeC\"}]},{\"@type\":\"WebSite\",\"@id\":\"https:\/\/masquenoticias.mx\/#website\",\"url\":\"https:\/\/masquenoticias.mx\/\",\"name\":\"M\u00e1s Que Noticias\",\"description\":\"Noticias de Colima, M\u00e9xico y el Mundo\",\"publisher\":{\"@id\":\"https:\/\/masquenoticias.mx\/#organization\"},\"potentialAction\":[{\"@type\":\"SearchAction\",\"target\":{\"@type\":\"EntryPoint\",\"urlTemplate\":\"https:\/\/masquenoticias.mx\/?s={search_term_string}\"},\"query-input\":{\"@type\":\"PropertyValueSpecification\",\"valueRequired\":true,\"valueName\":\"search_term_string\"}}],\"inLanguage\":\"es\"},{\"@type\":\"Organization\",\"@id\":\"https:\/\/masquenoticias.mx\/#organization\",\"name\":\"M\u00e1s Que Noticias\",\"url\":\"https:\/\/masquenoticias.mx\/\",\"logo\":{\"@type\":\"ImageObject\",\"inLanguage\":\"es\",\"@id\":\"https:\/\/masquenoticias.mx\/#\/schema\/logo\/image\/\",\"url\":\"https:\/\/i0.wp.com\/masquenoticias.mx\/wp-content\/uploads\/2024\/04\/IMG_0004.png?fit=2560%2C1656&ssl=1\",\"contentUrl\":\"https:\/\/i0.wp.com\/masquenoticias.mx\/wp-content\/uploads\/2024\/04\/IMG_0004.png?fit=2560%2C1656&ssl=1\",\"width\":2560,\"height\":1656,\"caption\":\"M\u00e1s Que Noticias\"},\"image\":{\"@id\":\"https:\/\/masquenoticias.mx\/#\/schema\/logo\/image\/\"},\"sameAs\":[\"https:\/\/www.facebook.com\/masquenoticiascolima\",\"https:\/\/x.com\/edgartove\",\"https:\/\/www.instagram.com\/masquenoticiascolima\/\"]},{\"@type\":\"Person\",\"@id\":\"https:\/\/masquenoticias.mx\/#\/schema\/person\/544d19989ef23d34615f691f7a96e622\",\"name\":\"Redacci\u00f3n\",\"image\":{\"@type\":\"ImageObject\",\"inLanguage\":\"es\",\"@id\":\"https:\/\/masquenoticias.mx\/#\/schema\/person\/image\/\",\"url\":\"https:\/\/secure.gravatar.com\/avatar\/7fcc926d5b058d3f3d52d95b4d05dd58?s=96&d=mm&r=g\",\"contentUrl\":\"https:\/\/secure.gravatar.com\/avatar\/7fcc926d5b058d3f3d52d95b4d05dd58?s=96&d=mm&r=g\",\"caption\":\"Redacci\u00f3n\"},\"sameAs\":[\"http:\/\/masquenoticias.mx\"],\"url\":\"https:\/\/masquenoticias.mx\/index.php\/author\/edgartovegmail-com\/\"}]}<\/script>\n<!-- \/ Yoast SEO plugin. -->","yoast_head_json":{"title":"Indira particip\u00f3 en inicio del boteo Telet\u00f3n 2023, en la UdeC - M\u00e1s Que Noticias","robots":{"index":"index","follow":"follow","max-snippet":"max-snippet:-1","max-image-preview":"max-image-preview:large","max-video-preview":"max-video-preview:-1"},"canonical":"https:\/\/masquenoticias.mx\/index.php\/2023\/09\/11\/indira-participo-en-inicio-del-boteo-teleton-2023-en-la-udec\/","og_locale":"es_MX","og_type":"article","og_title":"Indira particip\u00f3 en inicio del boteo Telet\u00f3n 2023, en la UdeC - M\u00e1s Que Noticias","og_description":"La gobernadora Indira Vizca\u00edno Silva, particip\u00f3 este lunes en el inicio de la campa\u00f1a de boteo Telet\u00f3n 2023, en el Teatro Universitario \u201cCoronel Pedro Torres Ortiz\u201d de la capital colimense, donde invit\u00f3 a toda la poblaci\u00f3n \u201ca dejar de manifiesto la generosidad, solidaridad y empat\u00eda que nos caracterizan, pues, como dice nuestro presidente (Andr\u00e9s Manuel [&hellip;]","og_url":"https:\/\/masquenoticias.mx\/index.php\/2023\/09\/11\/indira-participo-en-inicio-del-boteo-teleton-2023-en-la-udec\/","og_site_name":"M\u00e1s Que Noticias","article_publisher":"https:\/\/www.facebook.com\/masquenoticiascolima","article_published_time":"2023-09-12T00:46:11+00:00","og_image":[{"width":1280,"height":854,"url":"https:\/\/i0.wp.com\/masquenoticias.mx\/wp-content\/uploads\/2023\/09\/WhatsApp-Image-2023-09-11-at-2.58.02-PM-jpeg.webp?fit=1280%2C854&ssl=1","type":"image\/jpeg"}],"author":"Redacci\u00f3n","twitter_card":"summary_large_image","twitter_creator":"@edgartove","twitter_site":"@edgartove","twitter_misc":{"Escrito por":"Redacci\u00f3n","Tiempo de lectura":"3 minutos"},"schema":{"@context":"https:\/\/schema.org","@graph":[{"@type":"Article","@id":"https:\/\/masquenoticias.mx\/index.php\/2023\/09\/11\/indira-participo-en-inicio-del-boteo-teleton-2023-en-la-udec\/#article","isPartOf":{"@id":"https:\/\/masquenoticias.mx\/index.php\/2023\/09\/11\/indira-participo-en-inicio-del-boteo-teleton-2023-en-la-udec\/"},"author":{"name":"Redacci\u00f3n","@id":"https:\/\/masquenoticias.mx\/#\/schema\/person\/544d19989ef23d34615f691f7a96e622"},"headline":"Indira particip\u00f3 en inicio del boteo Telet\u00f3n 2023, en la UdeC","datePublished":"2023-09-12T00:46:11+00:00","mainEntityOfPage":{"@id":"https:\/\/masquenoticias.mx\/index.php\/2023\/09\/11\/indira-participo-en-inicio-del-boteo-teleton-2023-en-la-udec\/"},"wordCount":666,"commentCount":0,"publisher":{"@id":"https:\/\/masquenoticias.mx\/#organization"},"image":{"@id":"https:\/\/masquenoticias.mx\/index.php\/2023\/09\/11\/indira-participo-en-inicio-del-boteo-teleton-2023-en-la-udec\/#primaryimage"},"thumbnailUrl":"https:\/\/i0.wp.com\/masquenoticias.mx\/wp-content\/uploads\/2023\/09\/WhatsApp-Image-2023-09-11-at-2.58.02-PM-jpeg.webp?fit=1280%2C854&ssl=1","keywords":["Indira Vizca\u00edno","Telet\u00f3n","Universidad de Colima"],"articleSection":["Estado"],"inLanguage":"es","potentialAction":[{"@type":"CommentAction","name":"Comment","target":["https:\/\/masquenoticias.mx\/index.php\/2023\/09\/11\/indira-participo-en-inicio-del-boteo-teleton-2023-en-la-udec\/#respond"]}]},{"@type":"WebPage","@id":"https:\/\/masquenoticias.mx\/index.php\/2023\/09\/11\/indira-participo-en-inicio-del-boteo-teleton-2023-en-la-udec\/","url":"https:\/\/masquenoticias.mx\/index.php\/2023\/09\/11\/indira-participo-en-inicio-del-boteo-teleton-2023-en-la-udec\/","name":"Indira particip\u00f3 en inicio del boteo Telet\u00f3n 2023, en la UdeC - M\u00e1s Que Noticias","isPartOf":{"@id":"https:\/\/masquenoticias.mx\/#website"},"primaryImageOfPage":{"@id":"https:\/\/masquenoticias.mx\/index.php\/2023\/09\/11\/indira-participo-en-inicio-del-boteo-teleton-2023-en-la-udec\/#primaryimage"},"image":{"@id":"https:\/\/masquenoticias.mx\/index.php\/2023\/09\/11\/indira-participo-en-inicio-del-boteo-teleton-2023-en-la-udec\/#primaryimage"},"thumbnailUrl":"https:\/\/i0.wp.com\/masquenoticias.mx\/wp-content\/uploads\/2023\/09\/WhatsApp-Image-2023-09-11-at-2.58.02-PM-jpeg.webp?fit=1280%2C854&ssl=1","datePublished":"2023-09-12T00:46:11+00:00","breadcrumb":{"@id":"https:\/\/masquenoticias.mx\/index.php\/2023\/09\/11\/indira-participo-en-inicio-del-boteo-teleton-2023-en-la-udec\/#breadcrumb"},"inLanguage":"es","potentialAction":[{"@type":"ReadAction","target":["https:\/\/masquenoticias.mx\/index.php\/2023\/09\/11\/indira-participo-en-inicio-del-boteo-teleton-2023-en-la-udec\/"]}]},{"@type":"ImageObject","inLanguage":"es","@id":"https:\/\/masquenoticias.mx\/index.php\/2023\/09\/11\/indira-participo-en-inicio-del-boteo-teleton-2023-en-la-udec\/#primaryimage","url":"https:\/\/i0.wp.com\/masquenoticias.mx\/wp-content\/uploads\/2023\/09\/WhatsApp-Image-2023-09-11-at-2.58.02-PM-jpeg.webp?fit=1280%2C854&ssl=1","contentUrl":"https:\/\/i0.wp.com\/masquenoticias.mx\/wp-content\/uploads\/2023\/09\/WhatsApp-Image-2023-09-11-at-2.58.02-PM-jpeg.webp?fit=1280%2C854&ssl=1","width":1280,"height":854},{"@type":"BreadcrumbList","@id":"https:\/\/masquenoticias.mx\/index.php\/2023\/09\/11\/indira-participo-en-inicio-del-boteo-teleton-2023-en-la-udec\/#breadcrumb","itemListElement":[{"@type":"ListItem","position":1,"name":"Inicio","item":"https:\/\/masquenoticias.mx\/"},{"@type":"ListItem","position":2,"name":"Indira particip\u00f3 en inicio del boteo Telet\u00f3n 2023, en la UdeC"}]},{"@type":"WebSite","@id":"https:\/\/masquenoticias.mx\/#website","url":"https:\/\/masquenoticias.mx\/","name":"M\u00e1s Que Noticias","description":"Noticias de Colima, M\u00e9xico y el Mundo","publisher":{"@id":"https:\/\/masquenoticias.mx\/#organization"},"potentialAction":[{"@type":"SearchAction","target":{"@type":"EntryPoint","urlTemplate":"https:\/\/masquenoticias.mx\/?s={search_term_string}"},"query-input":{"@type":"PropertyValueSpecification","valueRequired":true,"valueName":"search_term_string"}}],"inLanguage":"es"},{"@type":"Organization","@id":"https:\/\/masquenoticias.mx\/#organization","name":"M\u00e1s Que Noticias","url":"https:\/\/masquenoticias.mx\/","logo":{"@type":"ImageObject","inLanguage":"es","@id":"https:\/\/masquenoticias.mx\/#\/schema\/logo\/image\/","url":"https:\/\/i0.wp.com\/masquenoticias.mx\/wp-content\/uploads\/2024\/04\/IMG_0004.png?fit=2560%2C1656&ssl=1","contentUrl":"https:\/\/i0.wp.com\/masquenoticias.mx\/wp-content\/uploads\/2024\/04\/IMG_0004.png?fit=2560%2C1656&ssl=1","width":2560,"height":1656,"caption":"M\u00e1s Que Noticias"},"image":{"@id":"https:\/\/masquenoticias.mx\/#\/schema\/logo\/image\/"},"sameAs":["https:\/\/www.facebook.com\/masquenoticiascolima","https:\/\/x.com\/edgartove","https:\/\/www.instagram.com\/masquenoticiascolima\/"]},{"@type":"Person","@id":"https:\/\/masquenoticias.mx\/#\/schema\/person\/544d19989ef23d34615f691f7a96e622","name":"Redacci\u00f3n","image":{"@type":"ImageObject","inLanguage":"es","@id":"https:\/\/masquenoticias.mx\/#\/schema\/person\/image\/","url":"https:\/\/secure.gravatar.com\/avatar\/7fcc926d5b058d3f3d52d95b4d05dd58?s=96&d=mm&r=g","contentUrl":"https:\/\/secure.gravatar.com\/avatar\/7fcc926d5b058d3f3d52d95b4d05dd58?s=96&d=mm&r=g","caption":"Redacci\u00f3n"},"sameAs":["http:\/\/masquenoticias.mx"],"url":"https:\/\/masquenoticias.mx\/index.php\/author\/edgartovegmail-com\/"}]}},"jetpack_featured_media_url":"https:\/\/i0.wp.com\/masquenoticias.mx\/wp-content\/uploads\/2023\/09\/WhatsApp-Image-2023-09-11-at-2.58.02-PM-jpeg.webp?fit=1280%2C854&ssl=1","blog_post_layout_featured_media_urls":{"thumbnail":["https:\/\/i0.wp.com\/masquenoticias.mx\/wp-content\/uploads\/2023\/09\/WhatsApp-Image-2023-09-11-at-2.58.02-PM-jpeg.webp?resize=150%2C150&ssl=1",150,150,true],"full":["https:\/\/i0.wp.com\/masquenoticias.mx\/wp-content\/uploads\/2023\/09\/WhatsApp-Image-2023-09-11-at-2.58.02-PM-jpeg.webp?fit=1280%2C854&ssl=1",1280,854,false]},"categories_names":{"24":{"name":"Estado","link":"https:\/\/masquenoticias.mx\/index.php\/category\/estado\/"}},"tags_names":{"26":{"name":"Indira Vizca\u00edno","link":"https:\/\/masquenoticias.mx\/index.php\/tag\/indira-vizcaino\/"},"236":{"name":"Telet\u00f3n","link":"https:\/\/masquenoticias.mx\/index.php\/tag\/teleton\/"},"100":{"name":"Universidad de Colima","link":"https:\/\/masquenoticias.mx\/index.php\/tag\/universidad-de-colima\/"}},"comments_number":"0","wpmagazine_modules_lite_featured_media_urls":{"thumbnail":["https:\/\/i0.wp.com\/masquenoticias.mx\/wp-content\/uploads\/2023\/09\/WhatsApp-Image-2023-09-11-at-2.58.02-PM-jpeg.webp?resize=150%2C150&ssl=1",150,150,true],"cvmm-medium":["https:\/\/i0.wp.com\/masquenoticias.mx\/wp-content\/uploads\/2023\/09\/WhatsApp-Image-2023-09-11-at-2.58.02-PM-jpeg.webp?resize=300%2C300&ssl=1",300,300,true],"cvmm-medium-plus":["https:\/\/i0.wp.com\/masquenoticias.mx\/wp-content\/uploads\/2023\/09\/WhatsApp-Image-2023-09-11-at-2.58.02-PM-jpeg.webp?resize=305%2C207&ssl=1",305,207,true],"cvmm-portrait":["https:\/\/i0.wp.com\/masquenoticias.mx\/wp-content\/uploads\/2023\/09\/WhatsApp-Image-2023-09-11-at-2.58.02-PM-jpeg.webp?resize=400%2C600&ssl=1",400,600,true],"cvmm-medium-square":["https:\/\/i0.wp.com\/masquenoticias.mx\/wp-content\/uploads\/2023\/09\/WhatsApp-Image-2023-09-11-at-2.58.02-PM-jpeg.webp?resize=600%2C600&ssl=1",600,600,true],"cvmm-large":["https:\/\/i0.wp.com\/masquenoticias.mx\/wp-content\/uploads\/2023\/09\/WhatsApp-Image-2023-09-11-at-2.58.02-PM-jpeg.webp?resize=1024%2C854&ssl=1",1024,854,true],"cvmm-small":["https:\/\/i0.wp.com\/masquenoticias.mx\/wp-content\/uploads\/2023\/09\/WhatsApp-Image-2023-09-11-at-2.58.02-PM-jpeg.webp?resize=130%2C95&ssl=1",130,95,true],"full":["https:\/\/i0.wp.com\/masquenoticias.mx\/wp-content\/uploads\/2023\/09\/WhatsApp-Image-2023-09-11-at-2.58.02-PM-jpeg.webp?fit=1280%2C854&ssl=1",1280,854,false]},"jetpack-related-posts":[],"jetpack_sharing_enabled":true,"jetpack_likes_enabled":true,"jetpack_shortlink":"https:\/\/wp.me\/pf7pkt-CS","_links":{"self":[{"href":"https:\/\/masquenoticias.mx\/index.php\/wp-json\/wp\/v2\/posts\/2410","targetHints":{"allow":["GET"]}}],"collection":[{"href":"https:\/\/masquenoticias.mx\/index.php\/wp-json\/wp\/v2\/posts"}],"about":[{"href":"https:\/\/masquenoticias.mx\/index.php\/wp-json\/wp\/v2\/types\/post"}],"author":[{"embeddable":true,"href":"https:\/\/masquenoticias.mx\/index.php\/wp-json\/wp\/v2\/users\/1"}],"replies":[{"embeddable":true,"href":"https:\/\/masquenoticias.mx\/index.php\/wp-json\/wp\/v2\/comments?post=2410"}],"version-history":[{"count":0,"href":"https:\/\/masquenoticias.mx\/index.php\/wp-json\/wp\/v2\/posts\/2410\/revisions"}],"wp:featuredmedia":[{"embeddable":true,"href":"https:\/\/masquenoticias.mx\/index.php\/wp-json\/wp\/v2\/media\/2411"}],"wp:attachment":[{"href":"https:\/\/masquenoticias.mx\/index.php\/wp-json\/wp\/v2\/media?parent=2410"}],"wp:term":[{"taxonomy":"category","embeddable":true,"href":"https:\/\/masquenoticias.mx\/index.php\/wp-json\/wp\/v2\/categories?post=2410"},{"taxonomy":"post_tag","embeddable":true,"href":"https:\/\/masquenoticias.mx\/index.php\/wp-json\/wp\/v2\/tags?post=2410"}],"curies":[{"name":"wp","href":"https:\/\/api.w.org\/{rel}","templated":true}]}}