{"id":2345,"date":"2023-09-06T21:33:37","date_gmt":"2023-09-07T03:33:37","guid":{"rendered":"https:\/\/masquenoticias.mx\/?p=2345"},"modified":"2023-09-06T21:33:37","modified_gmt":"2023-09-07T03:33:37","slug":"policia-estatal-preventiva-recupera-auto-robado-en-el-municipio-de-colima","status":"publish","type":"post","link":"https:\/\/masquenoticias.mx\/index.php\/2023\/09\/06\/policia-estatal-preventiva-recupera-auto-robado-en-el-municipio-de-colima\/","title":{"rendered":"Polic\u00eda Estatal Preventiva recupera auto robado, en el municipio de Colima"},"content":{"rendered":"<p>La Secretar\u00eda de Seguridad P\u00fablica (SSP) del Gobierno del Estado de Colima informa que agentes de la Polic\u00eda Estatal Preventiva (PEP), en coordinaci\u00f3n con elementos de la Secretar\u00eda de Marina Armada de M\u00e9xico (Semar) aseguraron un veh\u00edculo con reporte de robo vigente, en el municipio de Colima.<\/p>\n<p>El veh\u00edculo localizado fue puesto a disposici\u00f3n de las autoridades ministeriales para continuar con el proceso legal correspondiente.<\/p>\n<p>La Secretar\u00eda de Seguridad P\u00fablica exhorta a las ciudadanas y los ciudadanos que tengan conocimiento de la comisi\u00f3n de cualquier conducta delictiva o que pone en riesgo a la sociedad, que la denuncien de manera an\u00f3nima a trav\u00e9s de la l\u00ednea telef\u00f3nica 089, o bien por medio del n\u00famero telef\u00f3nico 911 para cualquier situaci\u00f3n de emergencia.<\/p>\n","protected":false},"excerpt":{"rendered":"<p>La Secretar\u00eda de Seguridad P\u00fablica (SSP) del Gobierno del Estado de Colima informa que agentes de la Polic\u00eda Estatal Preventiva (PEP), en coordinaci\u00f3n con elementos de la Secretar\u00eda de Marina Armada de M\u00e9xico (Semar) aseguraron un veh\u00edculo con reporte de robo vigente, en el municipio de Colima. El veh\u00edculo localizado fue puesto a disposici\u00f3n de [&hellip;]<\/p>\n","protected":false},"author":1,"featured_media":0,"comment_status":"open","ping_status":"open","sticky":false,"template":"","format":"standard","meta":{"_jetpack_memberships_contains_paid_content":false,"footnotes":""},"categories":[58],"tags":[47],"class_list":["post-2345","post","type-post","status-publish","format-standard","hentry","category-seguridad","tag-seguridad"],"yoast_head":"<!-- This site is optimized with the Yoast SEO plugin v26.6 - https:\/\/yoast.com\/wordpress\/plugins\/seo\/ -->\n<title>Polic\u00eda Estatal Preventiva recupera auto robado, en el municipio de Colima - M\u00e1s Que Noticias<\/title>\n<meta name=\"robots\" content=\"index, follow, max-snippet:-1, max-image-preview:large, max-video-preview:-1\" \/>\n<link rel=\"canonical\" href=\"https:\/\/masquenoticias.mx\/index.php\/2023\/09\/06\/policia-estatal-preventiva-recupera-auto-robado-en-el-municipio-de-colima\/\" \/>\n<meta property=\"og:locale\" content=\"es_MX\" \/>\n<meta property=\"og:type\" content=\"article\" \/>\n<meta property=\"og:title\" content=\"Polic\u00eda Estatal Preventiva recupera auto robado, en el municipio de Colima - M\u00e1s Que Noticias\" \/>\n<meta property=\"og:description\" content=\"La Secretar\u00eda de Seguridad P\u00fablica (SSP) del Gobierno del Estado de Colima informa que agentes de la Polic\u00eda Estatal Preventiva (PEP), en coordinaci\u00f3n con elementos de la Secretar\u00eda de Marina Armada de M\u00e9xico (Semar) aseguraron un veh\u00edculo con reporte de robo vigente, en el municipio de Colima. El veh\u00edculo localizado fue puesto a disposici\u00f3n de [&hellip;]\" \/>\n<meta property=\"og:url\" content=\"https:\/\/masquenoticias.mx\/index.php\/2023\/09\/06\/policia-estatal-preventiva-recupera-auto-robado-en-el-municipio-de-colima\/\" \/>\n<meta property=\"og:site_name\" content=\"M\u00e1s Que Noticias\" \/>\n<meta property=\"article:publisher\" content=\"https:\/\/www.facebook.com\/masquenoticiascolima\" \/>\n<meta property=\"article:published_time\" content=\"2023-09-07T03:33:37+00:00\" \/>\n<meta name=\"author\" content=\"Redacci\u00f3n\" \/>\n<meta name=\"twitter:card\" content=\"summary_large_image\" \/>\n<meta name=\"twitter:creator\" content=\"@edgartove\" \/>\n<meta name=\"twitter:site\" content=\"@edgartove\" \/>\n<meta name=\"twitter:label1\" content=\"Escrito por\" \/>\n\t<meta name=\"twitter:data1\" content=\"Redacci\u00f3n\" \/>\n\t<meta name=\"twitter:label2\" content=\"Tiempo de lectura\" \/>\n\t<meta name=\"twitter:data2\" content=\"1 minuto\" \/>\n<script type=\"application\/ld+json\" class=\"yoast-schema-graph\">{\"@context\":\"https:\/\/schema.org\",\"@graph\":[{\"@type\":\"Article\",\"@id\":\"https:\/\/masquenoticias.mx\/index.php\/2023\/09\/06\/policia-estatal-preventiva-recupera-auto-robado-en-el-municipio-de-colima\/#article\",\"isPartOf\":{\"@id\":\"https:\/\/masquenoticias.mx\/index.php\/2023\/09\/06\/policia-estatal-preventiva-recupera-auto-robado-en-el-municipio-de-colima\/\"},\"author\":{\"name\":\"Redacci\u00f3n\",\"@id\":\"https:\/\/masquenoticias.mx\/#\/schema\/person\/544d19989ef23d34615f691f7a96e622\"},\"headline\":\"Polic\u00eda Estatal Preventiva recupera auto robado, en el municipio de Colima\",\"datePublished\":\"2023-09-07T03:33:37+00:00\",\"mainEntityOfPage\":{\"@id\":\"https:\/\/masquenoticias.mx\/index.php\/2023\/09\/06\/policia-estatal-preventiva-recupera-auto-robado-en-el-municipio-de-colima\/\"},\"wordCount\":150,\"commentCount\":0,\"publisher\":{\"@id\":\"https:\/\/masquenoticias.mx\/#organization\"},\"keywords\":[\"Seguridad\"],\"articleSection\":[\"Seguridad\"],\"inLanguage\":\"es\",\"potentialAction\":[{\"@type\":\"CommentAction\",\"name\":\"Comment\",\"target\":[\"https:\/\/masquenoticias.mx\/index.php\/2023\/09\/06\/policia-estatal-preventiva-recupera-auto-robado-en-el-municipio-de-colima\/#respond\"]}]},{\"@type\":\"WebPage\",\"@id\":\"https:\/\/masquenoticias.mx\/index.php\/2023\/09\/06\/policia-estatal-preventiva-recupera-auto-robado-en-el-municipio-de-colima\/\",\"url\":\"https:\/\/masquenoticias.mx\/index.php\/2023\/09\/06\/policia-estatal-preventiva-recupera-auto-robado-en-el-municipio-de-colima\/\",\"name\":\"Polic\u00eda Estatal Preventiva recupera auto robado, en el municipio de Colima - M\u00e1s Que Noticias\",\"isPartOf\":{\"@id\":\"https:\/\/masquenoticias.mx\/#website\"},\"datePublished\":\"2023-09-07T03:33:37+00:00\",\"breadcrumb\":{\"@id\":\"https:\/\/masquenoticias.mx\/index.php\/2023\/09\/06\/policia-estatal-preventiva-recupera-auto-robado-en-el-municipio-de-colima\/#breadcrumb\"},\"inLanguage\":\"es\",\"potentialAction\":[{\"@type\":\"ReadAction\",\"target\":[\"https:\/\/masquenoticias.mx\/index.php\/2023\/09\/06\/policia-estatal-preventiva-recupera-auto-robado-en-el-municipio-de-colima\/\"]}]},{\"@type\":\"BreadcrumbList\",\"@id\":\"https:\/\/masquenoticias.mx\/index.php\/2023\/09\/06\/policia-estatal-preventiva-recupera-auto-robado-en-el-municipio-de-colima\/#breadcrumb\",\"itemListElement\":[{\"@type\":\"ListItem\",\"position\":1,\"name\":\"Inicio\",\"item\":\"https:\/\/masquenoticias.mx\/\"},{\"@type\":\"ListItem\",\"position\":2,\"name\":\"Polic\u00eda Estatal Preventiva recupera auto robado, en el municipio de Colima\"}]},{\"@type\":\"WebSite\",\"@id\":\"https:\/\/masquenoticias.mx\/#website\",\"url\":\"https:\/\/masquenoticias.mx\/\",\"name\":\"M\u00e1s Que Noticias\",\"description\":\"Noticias de Colima, M\u00e9xico y el Mundo\",\"publisher\":{\"@id\":\"https:\/\/masquenoticias.mx\/#organization\"},\"potentialAction\":[{\"@type\":\"SearchAction\",\"target\":{\"@type\":\"EntryPoint\",\"urlTemplate\":\"https:\/\/masquenoticias.mx\/?s={search_term_string}\"},\"query-input\":{\"@type\":\"PropertyValueSpecification\",\"valueRequired\":true,\"valueName\":\"search_term_string\"}}],\"inLanguage\":\"es\"},{\"@type\":\"Organization\",\"@id\":\"https:\/\/masquenoticias.mx\/#organization\",\"name\":\"M\u00e1s Que Noticias\",\"url\":\"https:\/\/masquenoticias.mx\/\",\"logo\":{\"@type\":\"ImageObject\",\"inLanguage\":\"es\",\"@id\":\"https:\/\/masquenoticias.mx\/#\/schema\/logo\/image\/\",\"url\":\"https:\/\/i0.wp.com\/masquenoticias.mx\/wp-content\/uploads\/2024\/04\/IMG_0004.png?fit=2560%2C1656&ssl=1\",\"contentUrl\":\"https:\/\/i0.wp.com\/masquenoticias.mx\/wp-content\/uploads\/2024\/04\/IMG_0004.png?fit=2560%2C1656&ssl=1\",\"width\":2560,\"height\":1656,\"caption\":\"M\u00e1s Que Noticias\"},\"image\":{\"@id\":\"https:\/\/masquenoticias.mx\/#\/schema\/logo\/image\/\"},\"sameAs\":[\"https:\/\/www.facebook.com\/masquenoticiascolima\",\"https:\/\/x.com\/edgartove\",\"https:\/\/www.instagram.com\/masquenoticiascolima\/\"]},{\"@type\":\"Person\",\"@id\":\"https:\/\/masquenoticias.mx\/#\/schema\/person\/544d19989ef23d34615f691f7a96e622\",\"name\":\"Redacci\u00f3n\",\"image\":{\"@type\":\"ImageObject\",\"inLanguage\":\"es\",\"@id\":\"https:\/\/masquenoticias.mx\/#\/schema\/person\/image\/\",\"url\":\"https:\/\/secure.gravatar.com\/avatar\/7fcc926d5b058d3f3d52d95b4d05dd58?s=96&d=mm&r=g\",\"contentUrl\":\"https:\/\/secure.gravatar.com\/avatar\/7fcc926d5b058d3f3d52d95b4d05dd58?s=96&d=mm&r=g\",\"caption\":\"Redacci\u00f3n\"},\"sameAs\":[\"http:\/\/masquenoticias.mx\"],\"url\":\"https:\/\/masquenoticias.mx\/index.php\/author\/edgartovegmail-com\/\"}]}<\/script>\n<!-- \/ Yoast SEO plugin. -->","yoast_head_json":{"title":"Polic\u00eda Estatal Preventiva recupera auto robado, en el municipio de Colima - M\u00e1s Que Noticias","robots":{"index":"index","follow":"follow","max-snippet":"max-snippet:-1","max-image-preview":"max-image-preview:large","max-video-preview":"max-video-preview:-1"},"canonical":"https:\/\/masquenoticias.mx\/index.php\/2023\/09\/06\/policia-estatal-preventiva-recupera-auto-robado-en-el-municipio-de-colima\/","og_locale":"es_MX","og_type":"article","og_title":"Polic\u00eda Estatal Preventiva recupera auto robado, en el municipio de Colima - M\u00e1s Que Noticias","og_description":"La Secretar\u00eda de Seguridad P\u00fablica (SSP) del Gobierno del Estado de Colima informa que agentes de la Polic\u00eda Estatal Preventiva (PEP), en coordinaci\u00f3n con elementos de la Secretar\u00eda de Marina Armada de M\u00e9xico (Semar) aseguraron un veh\u00edculo con reporte de robo vigente, en el municipio de Colima. El veh\u00edculo localizado fue puesto a disposici\u00f3n de [&hellip;]","og_url":"https:\/\/masquenoticias.mx\/index.php\/2023\/09\/06\/policia-estatal-preventiva-recupera-auto-robado-en-el-municipio-de-colima\/","og_site_name":"M\u00e1s Que Noticias","article_publisher":"https:\/\/www.facebook.com\/masquenoticiascolima","article_published_time":"2023-09-07T03:33:37+00:00","author":"Redacci\u00f3n","twitter_card":"summary_large_image","twitter_creator":"@edgartove","twitter_site":"@edgartove","twitter_misc":{"Escrito por":"Redacci\u00f3n","Tiempo de lectura":"1 minuto"},"schema":{"@context":"https:\/\/schema.org","@graph":[{"@type":"Article","@id":"https:\/\/masquenoticias.mx\/index.php\/2023\/09\/06\/policia-estatal-preventiva-recupera-auto-robado-en-el-municipio-de-colima\/#article","isPartOf":{"@id":"https:\/\/masquenoticias.mx\/index.php\/2023\/09\/06\/policia-estatal-preventiva-recupera-auto-robado-en-el-municipio-de-colima\/"},"author":{"name":"Redacci\u00f3n","@id":"https:\/\/masquenoticias.mx\/#\/schema\/person\/544d19989ef23d34615f691f7a96e622"},"headline":"Polic\u00eda Estatal Preventiva recupera auto robado, en el municipio de Colima","datePublished":"2023-09-07T03:33:37+00:00","mainEntityOfPage":{"@id":"https:\/\/masquenoticias.mx\/index.php\/2023\/09\/06\/policia-estatal-preventiva-recupera-auto-robado-en-el-municipio-de-colima\/"},"wordCount":150,"commentCount":0,"publisher":{"@id":"https:\/\/masquenoticias.mx\/#organization"},"keywords":["Seguridad"],"articleSection":["Seguridad"],"inLanguage":"es","potentialAction":[{"@type":"CommentAction","name":"Comment","target":["https:\/\/masquenoticias.mx\/index.php\/2023\/09\/06\/policia-estatal-preventiva-recupera-auto-robado-en-el-municipio-de-colima\/#respond"]}]},{"@type":"WebPage","@id":"https:\/\/masquenoticias.mx\/index.php\/2023\/09\/06\/policia-estatal-preventiva-recupera-auto-robado-en-el-municipio-de-colima\/","url":"https:\/\/masquenoticias.mx\/index.php\/2023\/09\/06\/policia-estatal-preventiva-recupera-auto-robado-en-el-municipio-de-colima\/","name":"Polic\u00eda Estatal Preventiva recupera auto robado, en el municipio de Colima - M\u00e1s Que Noticias","isPartOf":{"@id":"https:\/\/masquenoticias.mx\/#website"},"datePublished":"2023-09-07T03:33:37+00:00","breadcrumb":{"@id":"https:\/\/masquenoticias.mx\/index.php\/2023\/09\/06\/policia-estatal-preventiva-recupera-auto-robado-en-el-municipio-de-colima\/#breadcrumb"},"inLanguage":"es","potentialAction":[{"@type":"ReadAction","target":["https:\/\/masquenoticias.mx\/index.php\/2023\/09\/06\/policia-estatal-preventiva-recupera-auto-robado-en-el-municipio-de-colima\/"]}]},{"@type":"BreadcrumbList","@id":"https:\/\/masquenoticias.mx\/index.php\/2023\/09\/06\/policia-estatal-preventiva-recupera-auto-robado-en-el-municipio-de-colima\/#breadcrumb","itemListElement":[{"@type":"ListItem","position":1,"name":"Inicio","item":"https:\/\/masquenoticias.mx\/"},{"@type":"ListItem","position":2,"name":"Polic\u00eda Estatal Preventiva recupera auto robado, en el municipio de Colima"}]},{"@type":"WebSite","@id":"https:\/\/masquenoticias.mx\/#website","url":"https:\/\/masquenoticias.mx\/","name":"M\u00e1s Que Noticias","description":"Noticias de Colima, M\u00e9xico y el Mundo","publisher":{"@id":"https:\/\/masquenoticias.mx\/#organization"},"potentialAction":[{"@type":"SearchAction","target":{"@type":"EntryPoint","urlTemplate":"https:\/\/masquenoticias.mx\/?s={search_term_string}"},"query-input":{"@type":"PropertyValueSpecification","valueRequired":true,"valueName":"search_term_string"}}],"inLanguage":"es"},{"@type":"Organization","@id":"https:\/\/masquenoticias.mx\/#organization","name":"M\u00e1s Que Noticias","url":"https:\/\/masquenoticias.mx\/","logo":{"@type":"ImageObject","inLanguage":"es","@id":"https:\/\/masquenoticias.mx\/#\/schema\/logo\/image\/","url":"https:\/\/i0.wp.com\/masquenoticias.mx\/wp-content\/uploads\/2024\/04\/IMG_0004.png?fit=2560%2C1656&ssl=1","contentUrl":"https:\/\/i0.wp.com\/masquenoticias.mx\/wp-content\/uploads\/2024\/04\/IMG_0004.png?fit=2560%2C1656&ssl=1","width":2560,"height":1656,"caption":"M\u00e1s Que Noticias"},"image":{"@id":"https:\/\/masquenoticias.mx\/#\/schema\/logo\/image\/"},"sameAs":["https:\/\/www.facebook.com\/masquenoticiascolima","https:\/\/x.com\/edgartove","https:\/\/www.instagram.com\/masquenoticiascolima\/"]},{"@type":"Person","@id":"https:\/\/masquenoticias.mx\/#\/schema\/person\/544d19989ef23d34615f691f7a96e622","name":"Redacci\u00f3n","image":{"@type":"ImageObject","inLanguage":"es","@id":"https:\/\/masquenoticias.mx\/#\/schema\/person\/image\/","url":"https:\/\/secure.gravatar.com\/avatar\/7fcc926d5b058d3f3d52d95b4d05dd58?s=96&d=mm&r=g","contentUrl":"https:\/\/secure.gravatar.com\/avatar\/7fcc926d5b058d3f3d52d95b4d05dd58?s=96&d=mm&r=g","caption":"Redacci\u00f3n"},"sameAs":["http:\/\/masquenoticias.mx"],"url":"https:\/\/masquenoticias.mx\/index.php\/author\/edgartovegmail-com\/"}]}},"jetpack_featured_media_url":"","blog_post_layout_featured_media_urls":{"thumbnail":"","full":""},"categories_names":{"58":{"name":"Seguridad","link":"https:\/\/masquenoticias.mx\/index.php\/category\/seguridad\/"}},"tags_names":{"47":{"name":"Seguridad","link":"https:\/\/masquenoticias.mx\/index.php\/tag\/seguridad\/"}},"comments_number":"0","wpmagazine_modules_lite_featured_media_urls":{"thumbnail":"","cvmm-medium":"","cvmm-medium-plus":"","cvmm-portrait":"","cvmm-medium-square":"","cvmm-large":"","cvmm-small":"","full":""},"jetpack-related-posts":[],"jetpack_sharing_enabled":true,"jetpack_likes_enabled":true,"jetpack_shortlink":"https:\/\/wp.me\/pf7pkt-BP","_links":{"self":[{"href":"https:\/\/masquenoticias.mx\/index.php\/wp-json\/wp\/v2\/posts\/2345","targetHints":{"allow":["GET"]}}],"collection":[{"href":"https:\/\/masquenoticias.mx\/index.php\/wp-json\/wp\/v2\/posts"}],"about":[{"href":"https:\/\/masquenoticias.mx\/index.php\/wp-json\/wp\/v2\/types\/post"}],"author":[{"embeddable":true,"href":"https:\/\/masquenoticias.mx\/index.php\/wp-json\/wp\/v2\/users\/1"}],"replies":[{"embeddable":true,"href":"https:\/\/masquenoticias.mx\/index.php\/wp-json\/wp\/v2\/comments?post=2345"}],"version-history":[{"count":0,"href":"https:\/\/masquenoticias.mx\/index.php\/wp-json\/wp\/v2\/posts\/2345\/revisions"}],"wp:attachment":[{"href":"https:\/\/masquenoticias.mx\/index.php\/wp-json\/wp\/v2\/media?parent=2345"}],"wp:term":[{"taxonomy":"category","embeddable":true,"href":"https:\/\/masquenoticias.mx\/index.php\/wp-json\/wp\/v2\/categories?post=2345"},{"taxonomy":"post_tag","embeddable":true,"href":"https:\/\/masquenoticias.mx\/index.php\/wp-json\/wp\/v2\/tags?post=2345"}],"curies":[{"name":"wp","href":"https:\/\/api.w.org\/{rel}","templated":true}]}}