{"id":22670,"date":"2026-04-30T19:28:43","date_gmt":"2026-05-01T01:28:43","guid":{"rendered":"https:\/\/masquenoticias.mx\/?p=22670"},"modified":"2026-04-30T19:28:43","modified_gmt":"2026-05-01T01:28:43","slug":"fiscal-general-encabeza-charla-sobre-extorsion-telefonica-y-secuestro-virtual-en-el-bachillerato-4-de-la-universidad-de-colima","status":"publish","type":"post","link":"https:\/\/masquenoticias.mx\/index.php\/2026\/04\/30\/fiscal-general-encabeza-charla-sobre-extorsion-telefonica-y-secuestro-virtual-en-el-bachillerato-4-de-la-universidad-de-colima\/","title":{"rendered":"Fiscal General encabeza charla sobre extorsi\u00f3n telef\u00f3nica y secuestro virtual en el Bachillerato 4 de la Universidad de Colima"},"content":{"rendered":"<p>&nbsp;<\/p>\n<p>Con el objetivo de fortalecer la cultura de la prevenci\u00f3n entre las juventudes y brindar herramientas para identificar y actuar ante hechos delictivos, el Fiscal General del Estado, Bryant Alejandro Garc\u00eda Ram\u00edrez, encabez\u00f3 una charla informativa sobre extorsi\u00f3n telef\u00f3nica y secuestro virtual dirigida a cerca de 200 estudiantes de cuarto semestre del Bachillerato No. 4 de la Universidad de Colima.<\/p>\n<p>La actividad se llev\u00f3 a cabo en las instalaciones del plantel, donde previamente, la psic\u00f3loga Miriam Fernanda Orozco y la trabajadora social Yajaira Hern\u00e1ndez Valencia, integrantes de la Direcci\u00f3n de Prevenci\u00f3n del Delito y Atenci\u00f3n a V\u00edctimas desarrollaron una intervenci\u00f3n informativa con las y los estudiantes, abordando medidas de autocuidado, prevenci\u00f3n y la importancia de la denuncia ante este tipo de delitos.<\/p>\n<p>Durante su participaci\u00f3n, el titular de la Fiscal\u00eda explic\u00f3 de manera pr\u00e1ctica c\u00f3mo operan las llamadas de extorsi\u00f3n y los secuestros virtuales, as\u00ed como las acciones inmediatas que deben realizarse para evitar ser v\u00edctimas. Asimismo, exhort\u00f3 al alumnado a mantener la calma, verificar la informaci\u00f3n y reportar cualquier situaci\u00f3n sospechosa a las autoridades correspondientes.<\/p>\n<p>Durante el encuentro, las y los estudiantes participaron activamente mediante preguntas y comentarios, generando un espacio de di\u00e1logo enfocado en fortalecer la prevenci\u00f3n y la toma de decisiones informadas.<\/p>\n<p>En representaci\u00f3n del Dr. Christian Jorge Torres Ortiz Zerme\u00f1o, Rector de la Universidad de Colima, asisti\u00f3 el Mtro. Carlos Alberto Montes Carbajal, delegado de Villa de \u00c1lvarez, as\u00ed como el Mtro. C\u00e9sar Alejandro Meza Romero, director del Bachillerato No. 4, quienes reconocieron la importancia de acercar este tipo de informaci\u00f3n preventiva a la comunidad estudiantil.<\/p>\n<p>La Fiscal\u00eda General del Estado refrenda su compromiso de continuar trabajando de manera coordinada con las instituciones educativas para impulsar acciones que fortalezcan la prevenci\u00f3n del delito y contribuyan a la construcci\u00f3n de entornos m\u00e1s seguros para las juventudes.<\/p>\n","protected":false},"excerpt":{"rendered":"<p>&nbsp; Con el objetivo de fortalecer la cultura de la prevenci\u00f3n entre las juventudes y brindar herramientas para identificar y actuar ante hechos delictivos, el Fiscal General del Estado, Bryant Alejandro Garc\u00eda Ram\u00edrez, encabez\u00f3 una charla informativa sobre extorsi\u00f3n telef\u00f3nica y secuestro virtual dirigida a cerca de 200 estudiantes de cuarto semestre del Bachillerato No. [&hellip;]<\/p>\n","protected":false},"author":1,"featured_media":22671,"comment_status":"open","ping_status":"open","sticky":false,"template":"","format":"standard","meta":{"_jetpack_memberships_contains_paid_content":false,"footnotes":""},"categories":[58],"tags":[220],"class_list":["post-22670","post","type-post","status-publish","format-standard","has-post-thumbnail","hentry","category-seguridad","tag-fge"],"yoast_head":"<!-- This site is optimized with the Yoast SEO plugin v26.6 - https:\/\/yoast.com\/wordpress\/plugins\/seo\/ -->\n<title>Fiscal General encabeza charla sobre extorsi\u00f3n telef\u00f3nica y secuestro virtual en el Bachillerato 4 de la Universidad de Colima - M\u00e1s Que Noticias<\/title>\n<meta name=\"robots\" content=\"index, follow, max-snippet:-1, max-image-preview:large, max-video-preview:-1\" \/>\n<link rel=\"canonical\" href=\"https:\/\/masquenoticias.mx\/index.php\/2026\/04\/30\/fiscal-general-encabeza-charla-sobre-extorsion-telefonica-y-secuestro-virtual-en-el-bachillerato-4-de-la-universidad-de-colima\/\" \/>\n<meta property=\"og:locale\" content=\"es_MX\" \/>\n<meta property=\"og:type\" content=\"article\" \/>\n<meta property=\"og:title\" content=\"Fiscal General encabeza charla sobre extorsi\u00f3n telef\u00f3nica y secuestro virtual en el Bachillerato 4 de la Universidad de Colima - M\u00e1s Que Noticias\" \/>\n<meta property=\"og:description\" content=\"&nbsp; Con el objetivo de fortalecer la cultura de la prevenci\u00f3n entre las juventudes y brindar herramientas para identificar y actuar ante hechos delictivos, el Fiscal General del Estado, Bryant Alejandro Garc\u00eda Ram\u00edrez, encabez\u00f3 una charla informativa sobre extorsi\u00f3n telef\u00f3nica y secuestro virtual dirigida a cerca de 200 estudiantes de cuarto semestre del Bachillerato No. [&hellip;]\" \/>\n<meta property=\"og:url\" content=\"https:\/\/masquenoticias.mx\/index.php\/2026\/04\/30\/fiscal-general-encabeza-charla-sobre-extorsion-telefonica-y-secuestro-virtual-en-el-bachillerato-4-de-la-universidad-de-colima\/\" \/>\n<meta property=\"og:site_name\" content=\"M\u00e1s Que Noticias\" \/>\n<meta property=\"article:publisher\" content=\"https:\/\/www.facebook.com\/masquenoticiascolima\" \/>\n<meta property=\"article:published_time\" content=\"2026-05-01T01:28:43+00:00\" \/>\n<meta property=\"og:image\" content=\"https:\/\/masquenoticias.mx\/wp-content\/uploads\/2026\/04\/WhatsApp-Image-2026-04-30-at-3.15.51-PM.jpeg\" \/>\n\t<meta property=\"og:image:width\" content=\"1297\" \/>\n\t<meta property=\"og:image:height\" content=\"1600\" \/>\n\t<meta property=\"og:image:type\" content=\"image\/jpeg\" \/>\n<meta name=\"author\" content=\"Redacci\u00f3n\" \/>\n<meta name=\"twitter:card\" content=\"summary_large_image\" \/>\n<meta name=\"twitter:creator\" content=\"@edgartove\" \/>\n<meta name=\"twitter:site\" content=\"@edgartove\" \/>\n<meta name=\"twitter:label1\" content=\"Escrito por\" \/>\n\t<meta name=\"twitter:data1\" content=\"Redacci\u00f3n\" \/>\n\t<meta name=\"twitter:label2\" content=\"Tiempo de lectura\" \/>\n\t<meta name=\"twitter:data2\" content=\"2 minutos\" \/>\n<script type=\"application\/ld+json\" class=\"yoast-schema-graph\">{\"@context\":\"https:\/\/schema.org\",\"@graph\":[{\"@type\":\"Article\",\"@id\":\"https:\/\/masquenoticias.mx\/index.php\/2026\/04\/30\/fiscal-general-encabeza-charla-sobre-extorsion-telefonica-y-secuestro-virtual-en-el-bachillerato-4-de-la-universidad-de-colima\/#article\",\"isPartOf\":{\"@id\":\"https:\/\/masquenoticias.mx\/index.php\/2026\/04\/30\/fiscal-general-encabeza-charla-sobre-extorsion-telefonica-y-secuestro-virtual-en-el-bachillerato-4-de-la-universidad-de-colima\/\"},\"author\":{\"name\":\"Redacci\u00f3n\",\"@id\":\"https:\/\/masquenoticias.mx\/#\/schema\/person\/544d19989ef23d34615f691f7a96e622\"},\"headline\":\"Fiscal General encabeza charla sobre extorsi\u00f3n telef\u00f3nica y secuestro virtual en el Bachillerato 4 de la Universidad de Colima\",\"datePublished\":\"2026-05-01T01:28:43+00:00\",\"mainEntityOfPage\":{\"@id\":\"https:\/\/masquenoticias.mx\/index.php\/2026\/04\/30\/fiscal-general-encabeza-charla-sobre-extorsion-telefonica-y-secuestro-virtual-en-el-bachillerato-4-de-la-universidad-de-colima\/\"},\"wordCount\":348,\"commentCount\":0,\"publisher\":{\"@id\":\"https:\/\/masquenoticias.mx\/#organization\"},\"image\":{\"@id\":\"https:\/\/masquenoticias.mx\/index.php\/2026\/04\/30\/fiscal-general-encabeza-charla-sobre-extorsion-telefonica-y-secuestro-virtual-en-el-bachillerato-4-de-la-universidad-de-colima\/#primaryimage\"},\"thumbnailUrl\":\"https:\/\/i0.wp.com\/masquenoticias.mx\/wp-content\/uploads\/2026\/04\/WhatsApp-Image-2026-04-30-at-3.15.51-PM.jpeg?fit=1297%2C1600&ssl=1\",\"keywords\":[\"FGE\"],\"articleSection\":[\"Seguridad\"],\"inLanguage\":\"es\",\"potentialAction\":[{\"@type\":\"CommentAction\",\"name\":\"Comment\",\"target\":[\"https:\/\/masquenoticias.mx\/index.php\/2026\/04\/30\/fiscal-general-encabeza-charla-sobre-extorsion-telefonica-y-secuestro-virtual-en-el-bachillerato-4-de-la-universidad-de-colima\/#respond\"]}]},{\"@type\":\"WebPage\",\"@id\":\"https:\/\/masquenoticias.mx\/index.php\/2026\/04\/30\/fiscal-general-encabeza-charla-sobre-extorsion-telefonica-y-secuestro-virtual-en-el-bachillerato-4-de-la-universidad-de-colima\/\",\"url\":\"https:\/\/masquenoticias.mx\/index.php\/2026\/04\/30\/fiscal-general-encabeza-charla-sobre-extorsion-telefonica-y-secuestro-virtual-en-el-bachillerato-4-de-la-universidad-de-colima\/\",\"name\":\"Fiscal General encabeza charla sobre extorsi\u00f3n telef\u00f3nica y secuestro virtual en el Bachillerato 4 de la Universidad de Colima - M\u00e1s Que Noticias\",\"isPartOf\":{\"@id\":\"https:\/\/masquenoticias.mx\/#website\"},\"primaryImageOfPage\":{\"@id\":\"https:\/\/masquenoticias.mx\/index.php\/2026\/04\/30\/fiscal-general-encabeza-charla-sobre-extorsion-telefonica-y-secuestro-virtual-en-el-bachillerato-4-de-la-universidad-de-colima\/#primaryimage\"},\"image\":{\"@id\":\"https:\/\/masquenoticias.mx\/index.php\/2026\/04\/30\/fiscal-general-encabeza-charla-sobre-extorsion-telefonica-y-secuestro-virtual-en-el-bachillerato-4-de-la-universidad-de-colima\/#primaryimage\"},\"thumbnailUrl\":\"https:\/\/i0.wp.com\/masquenoticias.mx\/wp-content\/uploads\/2026\/04\/WhatsApp-Image-2026-04-30-at-3.15.51-PM.jpeg?fit=1297%2C1600&ssl=1\",\"datePublished\":\"2026-05-01T01:28:43+00:00\",\"breadcrumb\":{\"@id\":\"https:\/\/masquenoticias.mx\/index.php\/2026\/04\/30\/fiscal-general-encabeza-charla-sobre-extorsion-telefonica-y-secuestro-virtual-en-el-bachillerato-4-de-la-universidad-de-colima\/#breadcrumb\"},\"inLanguage\":\"es\",\"potentialAction\":[{\"@type\":\"ReadAction\",\"target\":[\"https:\/\/masquenoticias.mx\/index.php\/2026\/04\/30\/fiscal-general-encabeza-charla-sobre-extorsion-telefonica-y-secuestro-virtual-en-el-bachillerato-4-de-la-universidad-de-colima\/\"]}]},{\"@type\":\"ImageObject\",\"inLanguage\":\"es\",\"@id\":\"https:\/\/masquenoticias.mx\/index.php\/2026\/04\/30\/fiscal-general-encabeza-charla-sobre-extorsion-telefonica-y-secuestro-virtual-en-el-bachillerato-4-de-la-universidad-de-colima\/#primaryimage\",\"url\":\"https:\/\/i0.wp.com\/masquenoticias.mx\/wp-content\/uploads\/2026\/04\/WhatsApp-Image-2026-04-30-at-3.15.51-PM.jpeg?fit=1297%2C1600&ssl=1\",\"contentUrl\":\"https:\/\/i0.wp.com\/masquenoticias.mx\/wp-content\/uploads\/2026\/04\/WhatsApp-Image-2026-04-30-at-3.15.51-PM.jpeg?fit=1297%2C1600&ssl=1\",\"width\":1297,\"height\":1600},{\"@type\":\"BreadcrumbList\",\"@id\":\"https:\/\/masquenoticias.mx\/index.php\/2026\/04\/30\/fiscal-general-encabeza-charla-sobre-extorsion-telefonica-y-secuestro-virtual-en-el-bachillerato-4-de-la-universidad-de-colima\/#breadcrumb\",\"itemListElement\":[{\"@type\":\"ListItem\",\"position\":1,\"name\":\"Inicio\",\"item\":\"https:\/\/masquenoticias.mx\/\"},{\"@type\":\"ListItem\",\"position\":2,\"name\":\"Fiscal General encabeza charla sobre extorsi\u00f3n telef\u00f3nica y secuestro virtual en el Bachillerato 4 de la Universidad de Colima\"}]},{\"@type\":\"WebSite\",\"@id\":\"https:\/\/masquenoticias.mx\/#website\",\"url\":\"https:\/\/masquenoticias.mx\/\",\"name\":\"M\u00e1s Que Noticias\",\"description\":\"Noticias de Colima, M\u00e9xico y el Mundo\",\"publisher\":{\"@id\":\"https:\/\/masquenoticias.mx\/#organization\"},\"potentialAction\":[{\"@type\":\"SearchAction\",\"target\":{\"@type\":\"EntryPoint\",\"urlTemplate\":\"https:\/\/masquenoticias.mx\/?s={search_term_string}\"},\"query-input\":{\"@type\":\"PropertyValueSpecification\",\"valueRequired\":true,\"valueName\":\"search_term_string\"}}],\"inLanguage\":\"es\"},{\"@type\":\"Organization\",\"@id\":\"https:\/\/masquenoticias.mx\/#organization\",\"name\":\"M\u00e1s Que Noticias\",\"url\":\"https:\/\/masquenoticias.mx\/\",\"logo\":{\"@type\":\"ImageObject\",\"inLanguage\":\"es\",\"@id\":\"https:\/\/masquenoticias.mx\/#\/schema\/logo\/image\/\",\"url\":\"https:\/\/i0.wp.com\/masquenoticias.mx\/wp-content\/uploads\/2024\/04\/IMG_0004.png?fit=2560%2C1656&ssl=1\",\"contentUrl\":\"https:\/\/i0.wp.com\/masquenoticias.mx\/wp-content\/uploads\/2024\/04\/IMG_0004.png?fit=2560%2C1656&ssl=1\",\"width\":2560,\"height\":1656,\"caption\":\"M\u00e1s Que Noticias\"},\"image\":{\"@id\":\"https:\/\/masquenoticias.mx\/#\/schema\/logo\/image\/\"},\"sameAs\":[\"https:\/\/www.facebook.com\/masquenoticiascolima\",\"https:\/\/x.com\/edgartove\",\"https:\/\/www.instagram.com\/masquenoticiascolima\/\"]},{\"@type\":\"Person\",\"@id\":\"https:\/\/masquenoticias.mx\/#\/schema\/person\/544d19989ef23d34615f691f7a96e622\",\"name\":\"Redacci\u00f3n\",\"image\":{\"@type\":\"ImageObject\",\"inLanguage\":\"es\",\"@id\":\"https:\/\/masquenoticias.mx\/#\/schema\/person\/image\/\",\"url\":\"https:\/\/secure.gravatar.com\/avatar\/7fcc926d5b058d3f3d52d95b4d05dd58?s=96&d=mm&r=g\",\"contentUrl\":\"https:\/\/secure.gravatar.com\/avatar\/7fcc926d5b058d3f3d52d95b4d05dd58?s=96&d=mm&r=g\",\"caption\":\"Redacci\u00f3n\"},\"sameAs\":[\"http:\/\/masquenoticias.mx\"],\"url\":\"https:\/\/masquenoticias.mx\/index.php\/author\/edgartovegmail-com\/\"}]}<\/script>\n<!-- \/ Yoast SEO plugin. -->","yoast_head_json":{"title":"Fiscal General encabeza charla sobre extorsi\u00f3n telef\u00f3nica y secuestro virtual en el Bachillerato 4 de la Universidad de Colima - M\u00e1s Que Noticias","robots":{"index":"index","follow":"follow","max-snippet":"max-snippet:-1","max-image-preview":"max-image-preview:large","max-video-preview":"max-video-preview:-1"},"canonical":"https:\/\/masquenoticias.mx\/index.php\/2026\/04\/30\/fiscal-general-encabeza-charla-sobre-extorsion-telefonica-y-secuestro-virtual-en-el-bachillerato-4-de-la-universidad-de-colima\/","og_locale":"es_MX","og_type":"article","og_title":"Fiscal General encabeza charla sobre extorsi\u00f3n telef\u00f3nica y secuestro virtual en el Bachillerato 4 de la Universidad de Colima - M\u00e1s Que Noticias","og_description":"&nbsp; Con el objetivo de fortalecer la cultura de la prevenci\u00f3n entre las juventudes y brindar herramientas para identificar y actuar ante hechos delictivos, el Fiscal General del Estado, Bryant Alejandro Garc\u00eda Ram\u00edrez, encabez\u00f3 una charla informativa sobre extorsi\u00f3n telef\u00f3nica y secuestro virtual dirigida a cerca de 200 estudiantes de cuarto semestre del Bachillerato No. [&hellip;]","og_url":"https:\/\/masquenoticias.mx\/index.php\/2026\/04\/30\/fiscal-general-encabeza-charla-sobre-extorsion-telefonica-y-secuestro-virtual-en-el-bachillerato-4-de-la-universidad-de-colima\/","og_site_name":"M\u00e1s Que Noticias","article_publisher":"https:\/\/www.facebook.com\/masquenoticiascolima","article_published_time":"2026-05-01T01:28:43+00:00","og_image":[{"width":1297,"height":1600,"url":"https:\/\/masquenoticias.mx\/wp-content\/uploads\/2026\/04\/WhatsApp-Image-2026-04-30-at-3.15.51-PM.jpeg","type":"image\/jpeg"}],"author":"Redacci\u00f3n","twitter_card":"summary_large_image","twitter_creator":"@edgartove","twitter_site":"@edgartove","twitter_misc":{"Escrito por":"Redacci\u00f3n","Tiempo de lectura":"2 minutos"},"schema":{"@context":"https:\/\/schema.org","@graph":[{"@type":"Article","@id":"https:\/\/masquenoticias.mx\/index.php\/2026\/04\/30\/fiscal-general-encabeza-charla-sobre-extorsion-telefonica-y-secuestro-virtual-en-el-bachillerato-4-de-la-universidad-de-colima\/#article","isPartOf":{"@id":"https:\/\/masquenoticias.mx\/index.php\/2026\/04\/30\/fiscal-general-encabeza-charla-sobre-extorsion-telefonica-y-secuestro-virtual-en-el-bachillerato-4-de-la-universidad-de-colima\/"},"author":{"name":"Redacci\u00f3n","@id":"https:\/\/masquenoticias.mx\/#\/schema\/person\/544d19989ef23d34615f691f7a96e622"},"headline":"Fiscal General encabeza charla sobre extorsi\u00f3n telef\u00f3nica y secuestro virtual en el Bachillerato 4 de la Universidad de Colima","datePublished":"2026-05-01T01:28:43+00:00","mainEntityOfPage":{"@id":"https:\/\/masquenoticias.mx\/index.php\/2026\/04\/30\/fiscal-general-encabeza-charla-sobre-extorsion-telefonica-y-secuestro-virtual-en-el-bachillerato-4-de-la-universidad-de-colima\/"},"wordCount":348,"commentCount":0,"publisher":{"@id":"https:\/\/masquenoticias.mx\/#organization"},"image":{"@id":"https:\/\/masquenoticias.mx\/index.php\/2026\/04\/30\/fiscal-general-encabeza-charla-sobre-extorsion-telefonica-y-secuestro-virtual-en-el-bachillerato-4-de-la-universidad-de-colima\/#primaryimage"},"thumbnailUrl":"https:\/\/i0.wp.com\/masquenoticias.mx\/wp-content\/uploads\/2026\/04\/WhatsApp-Image-2026-04-30-at-3.15.51-PM.jpeg?fit=1297%2C1600&ssl=1","keywords":["FGE"],"articleSection":["Seguridad"],"inLanguage":"es","potentialAction":[{"@type":"CommentAction","name":"Comment","target":["https:\/\/masquenoticias.mx\/index.php\/2026\/04\/30\/fiscal-general-encabeza-charla-sobre-extorsion-telefonica-y-secuestro-virtual-en-el-bachillerato-4-de-la-universidad-de-colima\/#respond"]}]},{"@type":"WebPage","@id":"https:\/\/masquenoticias.mx\/index.php\/2026\/04\/30\/fiscal-general-encabeza-charla-sobre-extorsion-telefonica-y-secuestro-virtual-en-el-bachillerato-4-de-la-universidad-de-colima\/","url":"https:\/\/masquenoticias.mx\/index.php\/2026\/04\/30\/fiscal-general-encabeza-charla-sobre-extorsion-telefonica-y-secuestro-virtual-en-el-bachillerato-4-de-la-universidad-de-colima\/","name":"Fiscal General encabeza charla sobre extorsi\u00f3n telef\u00f3nica y secuestro virtual en el Bachillerato 4 de la Universidad de Colima - M\u00e1s Que Noticias","isPartOf":{"@id":"https:\/\/masquenoticias.mx\/#website"},"primaryImageOfPage":{"@id":"https:\/\/masquenoticias.mx\/index.php\/2026\/04\/30\/fiscal-general-encabeza-charla-sobre-extorsion-telefonica-y-secuestro-virtual-en-el-bachillerato-4-de-la-universidad-de-colima\/#primaryimage"},"image":{"@id":"https:\/\/masquenoticias.mx\/index.php\/2026\/04\/30\/fiscal-general-encabeza-charla-sobre-extorsion-telefonica-y-secuestro-virtual-en-el-bachillerato-4-de-la-universidad-de-colima\/#primaryimage"},"thumbnailUrl":"https:\/\/i0.wp.com\/masquenoticias.mx\/wp-content\/uploads\/2026\/04\/WhatsApp-Image-2026-04-30-at-3.15.51-PM.jpeg?fit=1297%2C1600&ssl=1","datePublished":"2026-05-01T01:28:43+00:00","breadcrumb":{"@id":"https:\/\/masquenoticias.mx\/index.php\/2026\/04\/30\/fiscal-general-encabeza-charla-sobre-extorsion-telefonica-y-secuestro-virtual-en-el-bachillerato-4-de-la-universidad-de-colima\/#breadcrumb"},"inLanguage":"es","potentialAction":[{"@type":"ReadAction","target":["https:\/\/masquenoticias.mx\/index.php\/2026\/04\/30\/fiscal-general-encabeza-charla-sobre-extorsion-telefonica-y-secuestro-virtual-en-el-bachillerato-4-de-la-universidad-de-colima\/"]}]},{"@type":"ImageObject","inLanguage":"es","@id":"https:\/\/masquenoticias.mx\/index.php\/2026\/04\/30\/fiscal-general-encabeza-charla-sobre-extorsion-telefonica-y-secuestro-virtual-en-el-bachillerato-4-de-la-universidad-de-colima\/#primaryimage","url":"https:\/\/i0.wp.com\/masquenoticias.mx\/wp-content\/uploads\/2026\/04\/WhatsApp-Image-2026-04-30-at-3.15.51-PM.jpeg?fit=1297%2C1600&ssl=1","contentUrl":"https:\/\/i0.wp.com\/masquenoticias.mx\/wp-content\/uploads\/2026\/04\/WhatsApp-Image-2026-04-30-at-3.15.51-PM.jpeg?fit=1297%2C1600&ssl=1","width":1297,"height":1600},{"@type":"BreadcrumbList","@id":"https:\/\/masquenoticias.mx\/index.php\/2026\/04\/30\/fiscal-general-encabeza-charla-sobre-extorsion-telefonica-y-secuestro-virtual-en-el-bachillerato-4-de-la-universidad-de-colima\/#breadcrumb","itemListElement":[{"@type":"ListItem","position":1,"name":"Inicio","item":"https:\/\/masquenoticias.mx\/"},{"@type":"ListItem","position":2,"name":"Fiscal General encabeza charla sobre extorsi\u00f3n telef\u00f3nica y secuestro virtual en el Bachillerato 4 de la Universidad de Colima"}]},{"@type":"WebSite","@id":"https:\/\/masquenoticias.mx\/#website","url":"https:\/\/masquenoticias.mx\/","name":"M\u00e1s Que Noticias","description":"Noticias de Colima, M\u00e9xico y el Mundo","publisher":{"@id":"https:\/\/masquenoticias.mx\/#organization"},"potentialAction":[{"@type":"SearchAction","target":{"@type":"EntryPoint","urlTemplate":"https:\/\/masquenoticias.mx\/?s={search_term_string}"},"query-input":{"@type":"PropertyValueSpecification","valueRequired":true,"valueName":"search_term_string"}}],"inLanguage":"es"},{"@type":"Organization","@id":"https:\/\/masquenoticias.mx\/#organization","name":"M\u00e1s Que Noticias","url":"https:\/\/masquenoticias.mx\/","logo":{"@type":"ImageObject","inLanguage":"es","@id":"https:\/\/masquenoticias.mx\/#\/schema\/logo\/image\/","url":"https:\/\/i0.wp.com\/masquenoticias.mx\/wp-content\/uploads\/2024\/04\/IMG_0004.png?fit=2560%2C1656&ssl=1","contentUrl":"https:\/\/i0.wp.com\/masquenoticias.mx\/wp-content\/uploads\/2024\/04\/IMG_0004.png?fit=2560%2C1656&ssl=1","width":2560,"height":1656,"caption":"M\u00e1s Que Noticias"},"image":{"@id":"https:\/\/masquenoticias.mx\/#\/schema\/logo\/image\/"},"sameAs":["https:\/\/www.facebook.com\/masquenoticiascolima","https:\/\/x.com\/edgartove","https:\/\/www.instagram.com\/masquenoticiascolima\/"]},{"@type":"Person","@id":"https:\/\/masquenoticias.mx\/#\/schema\/person\/544d19989ef23d34615f691f7a96e622","name":"Redacci\u00f3n","image":{"@type":"ImageObject","inLanguage":"es","@id":"https:\/\/masquenoticias.mx\/#\/schema\/person\/image\/","url":"https:\/\/secure.gravatar.com\/avatar\/7fcc926d5b058d3f3d52d95b4d05dd58?s=96&d=mm&r=g","contentUrl":"https:\/\/secure.gravatar.com\/avatar\/7fcc926d5b058d3f3d52d95b4d05dd58?s=96&d=mm&r=g","caption":"Redacci\u00f3n"},"sameAs":["http:\/\/masquenoticias.mx"],"url":"https:\/\/masquenoticias.mx\/index.php\/author\/edgartovegmail-com\/"}]}},"jetpack_featured_media_url":"https:\/\/i0.wp.com\/masquenoticias.mx\/wp-content\/uploads\/2026\/04\/WhatsApp-Image-2026-04-30-at-3.15.51-PM.jpeg?fit=1297%2C1600&ssl=1","blog_post_layout_featured_media_urls":{"thumbnail":["https:\/\/i0.wp.com\/masquenoticias.mx\/wp-content\/uploads\/2026\/04\/WhatsApp-Image-2026-04-30-at-3.15.51-PM.jpeg?resize=150%2C150&ssl=1",150,150,true],"full":["https:\/\/i0.wp.com\/masquenoticias.mx\/wp-content\/uploads\/2026\/04\/WhatsApp-Image-2026-04-30-at-3.15.51-PM.jpeg?fit=1297%2C1600&ssl=1",1297,1600,false]},"categories_names":{"58":{"name":"Seguridad","link":"https:\/\/masquenoticias.mx\/index.php\/category\/seguridad\/"}},"tags_names":{"220":{"name":"FGE","link":"https:\/\/masquenoticias.mx\/index.php\/tag\/fge\/"}},"comments_number":"0","wpmagazine_modules_lite_featured_media_urls":{"thumbnail":["https:\/\/i0.wp.com\/masquenoticias.mx\/wp-content\/uploads\/2026\/04\/WhatsApp-Image-2026-04-30-at-3.15.51-PM.jpeg?resize=150%2C150&ssl=1",150,150,true],"cvmm-medium":["https:\/\/i0.wp.com\/masquenoticias.mx\/wp-content\/uploads\/2026\/04\/WhatsApp-Image-2026-04-30-at-3.15.51-PM.jpeg?resize=300%2C300&ssl=1",300,300,true],"cvmm-medium-plus":["https:\/\/i0.wp.com\/masquenoticias.mx\/wp-content\/uploads\/2026\/04\/WhatsApp-Image-2026-04-30-at-3.15.51-PM.jpeg?resize=305%2C207&ssl=1",305,207,true],"cvmm-portrait":["https:\/\/i0.wp.com\/masquenoticias.mx\/wp-content\/uploads\/2026\/04\/WhatsApp-Image-2026-04-30-at-3.15.51-PM.jpeg?resize=400%2C600&ssl=1",400,600,true],"cvmm-medium-square":["https:\/\/i0.wp.com\/masquenoticias.mx\/wp-content\/uploads\/2026\/04\/WhatsApp-Image-2026-04-30-at-3.15.51-PM.jpeg?resize=600%2C600&ssl=1",600,600,true],"cvmm-large":["https:\/\/i0.wp.com\/masquenoticias.mx\/wp-content\/uploads\/2026\/04\/WhatsApp-Image-2026-04-30-at-3.15.51-PM.jpeg?resize=1024%2C1024&ssl=1",1024,1024,true],"cvmm-small":["https:\/\/i0.wp.com\/masquenoticias.mx\/wp-content\/uploads\/2026\/04\/WhatsApp-Image-2026-04-30-at-3.15.51-PM.jpeg?resize=130%2C95&ssl=1",130,95,true],"full":["https:\/\/i0.wp.com\/masquenoticias.mx\/wp-content\/uploads\/2026\/04\/WhatsApp-Image-2026-04-30-at-3.15.51-PM.jpeg?fit=1297%2C1600&ssl=1",1297,1600,false]},"jetpack-related-posts":[],"jetpack_sharing_enabled":true,"jetpack_likes_enabled":true,"jetpack_shortlink":"https:\/\/wp.me\/pf7pkt-5TE","_links":{"self":[{"href":"https:\/\/masquenoticias.mx\/index.php\/wp-json\/wp\/v2\/posts\/22670","targetHints":{"allow":["GET"]}}],"collection":[{"href":"https:\/\/masquenoticias.mx\/index.php\/wp-json\/wp\/v2\/posts"}],"about":[{"href":"https:\/\/masquenoticias.mx\/index.php\/wp-json\/wp\/v2\/types\/post"}],"author":[{"embeddable":true,"href":"https:\/\/masquenoticias.mx\/index.php\/wp-json\/wp\/v2\/users\/1"}],"replies":[{"embeddable":true,"href":"https:\/\/masquenoticias.mx\/index.php\/wp-json\/wp\/v2\/comments?post=22670"}],"version-history":[{"count":1,"href":"https:\/\/masquenoticias.mx\/index.php\/wp-json\/wp\/v2\/posts\/22670\/revisions"}],"predecessor-version":[{"id":22672,"href":"https:\/\/masquenoticias.mx\/index.php\/wp-json\/wp\/v2\/posts\/22670\/revisions\/22672"}],"wp:featuredmedia":[{"embeddable":true,"href":"https:\/\/masquenoticias.mx\/index.php\/wp-json\/wp\/v2\/media\/22671"}],"wp:attachment":[{"href":"https:\/\/masquenoticias.mx\/index.php\/wp-json\/wp\/v2\/media?parent=22670"}],"wp:term":[{"taxonomy":"category","embeddable":true,"href":"https:\/\/masquenoticias.mx\/index.php\/wp-json\/wp\/v2\/categories?post=22670"},{"taxonomy":"post_tag","embeddable":true,"href":"https:\/\/masquenoticias.mx\/index.php\/wp-json\/wp\/v2\/tags?post=22670"}],"curies":[{"name":"wp","href":"https:\/\/api.w.org\/{rel}","templated":true}]}}