{"id":22667,"date":"2026-04-30T19:11:45","date_gmt":"2026-05-01T01:11:45","guid":{"rendered":"https:\/\/masquenoticias.mx\/?p=22667"},"modified":"2026-04-30T19:11:45","modified_gmt":"2026-05-01T01:11:45","slug":"salud-colima-reinstala-comision-de-bioetica-fortalece-la-proteccion-de-pacientes-y-la-etica-en-investigacion","status":"publish","type":"post","link":"https:\/\/masquenoticias.mx\/index.php\/2026\/04\/30\/salud-colima-reinstala-comision-de-bioetica-fortalece-la-proteccion-de-pacientes-y-la-etica-en-investigacion\/","title":{"rendered":"Salud Colima reinstala Comisi\u00f3n de Bio\u00e9tica; fortalece la protecci\u00f3n de pacientes y la \u00e9tica en investigaci\u00f3n"},"content":{"rendered":"<p>La Secretar\u00eda de Salud del Gobierno del Estado de Colima llev\u00f3 a cabo la reinstalaci\u00f3n de la Comisi\u00f3n de Bio\u00e9tica del Estado de Colima (Cobec), con una nueva estructura acorde a los lineamientos vigentes, con el objetivo de promover una cultura bio\u00e9tica que salvaguarde la dignidad, los derechos humanos y la seguridad de pacientes y sujetos de investigaci\u00f3n.<\/p>\n<p>Al presidir la primera sesi\u00f3n ordinaria, el secretario de Salud, V\u00edctor Manuel Torrero Enr\u00edquez, destac\u00f3 que este organismo se consolida como el \u00f3rgano rector que supervisar\u00e1 la transici\u00f3n de los antiguos Comit\u00e9s Hospitalarios hacia los nuevos Comit\u00e9s de Bio\u00e9tica para la Atenci\u00f3n de la Salud (CBAS), fortaleciendo la vigilancia \u00e9tica en los servicios m\u00e9dicos.<\/p>\n<p>Ante representantes de la academia y del sector salud, V\u00edctor Torrero se\u00f1al\u00f3 que este proceso representa una expansi\u00f3n del humanismo m\u00e9dico hacia los centros de atenci\u00f3n primaria, y subray\u00f3 que la unificaci\u00f3n de procesos en los Comit\u00e9s de \u00c9tica e Investigaci\u00f3n permitir\u00e1 que cada protocolo cuente con un dictamen integral que proteja tanto a participantes humanos como a modelos animales.<\/p>\n<p>Durante la reuni\u00f3n, en la que tambi\u00e9n se present\u00f3 el libro \u201cHorizonte y acercamiento de bio\u00e9tica en nuestro tiempo\u201d, exhort\u00f3 a las y los integrantes a actuar con autonom\u00eda y rigor, garantizando que ning\u00fan avance cient\u00edfico en Colima transgreda los derechos humanos ni la autonom\u00eda de las y los pacientes, reafirmando el compromiso de la administraci\u00f3n de la gobernadora Indira Vizca\u00edno Silva con una atenci\u00f3n \u00e9tica, cient\u00edfica y humanista. #Operaci\u00f3nSaludColima<\/p>\n","protected":false},"excerpt":{"rendered":"<p>La Secretar\u00eda de Salud del Gobierno del Estado de Colima llev\u00f3 a cabo la reinstalaci\u00f3n de la Comisi\u00f3n de Bio\u00e9tica del Estado de Colima (Cobec), con una nueva estructura acorde a los lineamientos vigentes, con el objetivo de promover una cultura bio\u00e9tica que salvaguarde la dignidad, los derechos humanos y la seguridad de pacientes y [&hellip;]<\/p>\n","protected":false},"author":1,"featured_media":22668,"comment_status":"open","ping_status":"open","sticky":false,"template":"","format":"standard","meta":{"_jetpack_memberships_contains_paid_content":false,"footnotes":""},"categories":[24],"tags":[63],"class_list":["post-22667","post","type-post","status-publish","format-standard","has-post-thumbnail","hentry","category-estado","tag-salud"],"yoast_head":"<!-- This site is optimized with the Yoast SEO plugin v26.6 - https:\/\/yoast.com\/wordpress\/plugins\/seo\/ -->\n<title>Salud Colima reinstala Comisi\u00f3n de Bio\u00e9tica; fortalece la protecci\u00f3n de pacientes y la \u00e9tica en investigaci\u00f3n - M\u00e1s Que Noticias<\/title>\n<meta name=\"robots\" content=\"index, follow, max-snippet:-1, max-image-preview:large, max-video-preview:-1\" \/>\n<link rel=\"canonical\" href=\"https:\/\/masquenoticias.mx\/index.php\/2026\/04\/30\/salud-colima-reinstala-comision-de-bioetica-fortalece-la-proteccion-de-pacientes-y-la-etica-en-investigacion\/\" \/>\n<meta property=\"og:locale\" content=\"es_MX\" \/>\n<meta property=\"og:type\" content=\"article\" \/>\n<meta property=\"og:title\" content=\"Salud Colima reinstala Comisi\u00f3n de Bio\u00e9tica; fortalece la protecci\u00f3n de pacientes y la \u00e9tica en investigaci\u00f3n - M\u00e1s Que Noticias\" \/>\n<meta property=\"og:description\" content=\"La Secretar\u00eda de Salud del Gobierno del Estado de Colima llev\u00f3 a cabo la reinstalaci\u00f3n de la Comisi\u00f3n de Bio\u00e9tica del Estado de Colima (Cobec), con una nueva estructura acorde a los lineamientos vigentes, con el objetivo de promover una cultura bio\u00e9tica que salvaguarde la dignidad, los derechos humanos y la seguridad de pacientes y [&hellip;]\" \/>\n<meta property=\"og:url\" content=\"https:\/\/masquenoticias.mx\/index.php\/2026\/04\/30\/salud-colima-reinstala-comision-de-bioetica-fortalece-la-proteccion-de-pacientes-y-la-etica-en-investigacion\/\" \/>\n<meta property=\"og:site_name\" content=\"M\u00e1s Que Noticias\" \/>\n<meta property=\"article:publisher\" content=\"https:\/\/www.facebook.com\/masquenoticiascolima\" \/>\n<meta property=\"article:published_time\" content=\"2026-05-01T01:11:45+00:00\" \/>\n<meta property=\"og:image\" content=\"https:\/\/masquenoticias.mx\/wp-content\/uploads\/2026\/04\/WhatsApp-Image-2026-04-30-at-3.46.36-PM.jpeg\" \/>\n\t<meta property=\"og:image:width\" content=\"1280\" \/>\n\t<meta property=\"og:image:height\" content=\"854\" \/>\n\t<meta property=\"og:image:type\" content=\"image\/jpeg\" \/>\n<meta name=\"author\" content=\"Redacci\u00f3n\" \/>\n<meta name=\"twitter:card\" content=\"summary_large_image\" \/>\n<meta name=\"twitter:creator\" content=\"@edgartove\" \/>\n<meta name=\"twitter:site\" content=\"@edgartove\" \/>\n<meta name=\"twitter:label1\" content=\"Escrito por\" \/>\n\t<meta name=\"twitter:data1\" content=\"Redacci\u00f3n\" \/>\n\t<meta name=\"twitter:label2\" content=\"Tiempo de lectura\" \/>\n\t<meta name=\"twitter:data2\" content=\"2 minutos\" \/>\n<script type=\"application\/ld+json\" class=\"yoast-schema-graph\">{\"@context\":\"https:\/\/schema.org\",\"@graph\":[{\"@type\":\"Article\",\"@id\":\"https:\/\/masquenoticias.mx\/index.php\/2026\/04\/30\/salud-colima-reinstala-comision-de-bioetica-fortalece-la-proteccion-de-pacientes-y-la-etica-en-investigacion\/#article\",\"isPartOf\":{\"@id\":\"https:\/\/masquenoticias.mx\/index.php\/2026\/04\/30\/salud-colima-reinstala-comision-de-bioetica-fortalece-la-proteccion-de-pacientes-y-la-etica-en-investigacion\/\"},\"author\":{\"name\":\"Redacci\u00f3n\",\"@id\":\"https:\/\/masquenoticias.mx\/#\/schema\/person\/544d19989ef23d34615f691f7a96e622\"},\"headline\":\"Salud Colima reinstala Comisi\u00f3n de Bio\u00e9tica; fortalece la protecci\u00f3n de pacientes y la \u00e9tica en investigaci\u00f3n\",\"datePublished\":\"2026-05-01T01:11:45+00:00\",\"mainEntityOfPage\":{\"@id\":\"https:\/\/masquenoticias.mx\/index.php\/2026\/04\/30\/salud-colima-reinstala-comision-de-bioetica-fortalece-la-proteccion-de-pacientes-y-la-etica-en-investigacion\/\"},\"wordCount\":297,\"commentCount\":0,\"publisher\":{\"@id\":\"https:\/\/masquenoticias.mx\/#organization\"},\"image\":{\"@id\":\"https:\/\/masquenoticias.mx\/index.php\/2026\/04\/30\/salud-colima-reinstala-comision-de-bioetica-fortalece-la-proteccion-de-pacientes-y-la-etica-en-investigacion\/#primaryimage\"},\"thumbnailUrl\":\"https:\/\/i0.wp.com\/masquenoticias.mx\/wp-content\/uploads\/2026\/04\/WhatsApp-Image-2026-04-30-at-3.46.36-PM.jpeg?fit=1280%2C854&ssl=1\",\"keywords\":[\"Salud\"],\"articleSection\":[\"Estado\"],\"inLanguage\":\"es\",\"potentialAction\":[{\"@type\":\"CommentAction\",\"name\":\"Comment\",\"target\":[\"https:\/\/masquenoticias.mx\/index.php\/2026\/04\/30\/salud-colima-reinstala-comision-de-bioetica-fortalece-la-proteccion-de-pacientes-y-la-etica-en-investigacion\/#respond\"]}]},{\"@type\":\"WebPage\",\"@id\":\"https:\/\/masquenoticias.mx\/index.php\/2026\/04\/30\/salud-colima-reinstala-comision-de-bioetica-fortalece-la-proteccion-de-pacientes-y-la-etica-en-investigacion\/\",\"url\":\"https:\/\/masquenoticias.mx\/index.php\/2026\/04\/30\/salud-colima-reinstala-comision-de-bioetica-fortalece-la-proteccion-de-pacientes-y-la-etica-en-investigacion\/\",\"name\":\"Salud Colima reinstala Comisi\u00f3n de Bio\u00e9tica; fortalece la protecci\u00f3n de pacientes y la \u00e9tica en investigaci\u00f3n - M\u00e1s Que Noticias\",\"isPartOf\":{\"@id\":\"https:\/\/masquenoticias.mx\/#website\"},\"primaryImageOfPage\":{\"@id\":\"https:\/\/masquenoticias.mx\/index.php\/2026\/04\/30\/salud-colima-reinstala-comision-de-bioetica-fortalece-la-proteccion-de-pacientes-y-la-etica-en-investigacion\/#primaryimage\"},\"image\":{\"@id\":\"https:\/\/masquenoticias.mx\/index.php\/2026\/04\/30\/salud-colima-reinstala-comision-de-bioetica-fortalece-la-proteccion-de-pacientes-y-la-etica-en-investigacion\/#primaryimage\"},\"thumbnailUrl\":\"https:\/\/i0.wp.com\/masquenoticias.mx\/wp-content\/uploads\/2026\/04\/WhatsApp-Image-2026-04-30-at-3.46.36-PM.jpeg?fit=1280%2C854&ssl=1\",\"datePublished\":\"2026-05-01T01:11:45+00:00\",\"breadcrumb\":{\"@id\":\"https:\/\/masquenoticias.mx\/index.php\/2026\/04\/30\/salud-colima-reinstala-comision-de-bioetica-fortalece-la-proteccion-de-pacientes-y-la-etica-en-investigacion\/#breadcrumb\"},\"inLanguage\":\"es\",\"potentialAction\":[{\"@type\":\"ReadAction\",\"target\":[\"https:\/\/masquenoticias.mx\/index.php\/2026\/04\/30\/salud-colima-reinstala-comision-de-bioetica-fortalece-la-proteccion-de-pacientes-y-la-etica-en-investigacion\/\"]}]},{\"@type\":\"ImageObject\",\"inLanguage\":\"es\",\"@id\":\"https:\/\/masquenoticias.mx\/index.php\/2026\/04\/30\/salud-colima-reinstala-comision-de-bioetica-fortalece-la-proteccion-de-pacientes-y-la-etica-en-investigacion\/#primaryimage\",\"url\":\"https:\/\/i0.wp.com\/masquenoticias.mx\/wp-content\/uploads\/2026\/04\/WhatsApp-Image-2026-04-30-at-3.46.36-PM.jpeg?fit=1280%2C854&ssl=1\",\"contentUrl\":\"https:\/\/i0.wp.com\/masquenoticias.mx\/wp-content\/uploads\/2026\/04\/WhatsApp-Image-2026-04-30-at-3.46.36-PM.jpeg?fit=1280%2C854&ssl=1\",\"width\":1280,\"height\":854},{\"@type\":\"BreadcrumbList\",\"@id\":\"https:\/\/masquenoticias.mx\/index.php\/2026\/04\/30\/salud-colima-reinstala-comision-de-bioetica-fortalece-la-proteccion-de-pacientes-y-la-etica-en-investigacion\/#breadcrumb\",\"itemListElement\":[{\"@type\":\"ListItem\",\"position\":1,\"name\":\"Inicio\",\"item\":\"https:\/\/masquenoticias.mx\/\"},{\"@type\":\"ListItem\",\"position\":2,\"name\":\"Salud Colima reinstala Comisi\u00f3n de Bio\u00e9tica; fortalece la protecci\u00f3n de pacientes y la \u00e9tica en investigaci\u00f3n\"}]},{\"@type\":\"WebSite\",\"@id\":\"https:\/\/masquenoticias.mx\/#website\",\"url\":\"https:\/\/masquenoticias.mx\/\",\"name\":\"M\u00e1s Que Noticias\",\"description\":\"Noticias de Colima, M\u00e9xico y el Mundo\",\"publisher\":{\"@id\":\"https:\/\/masquenoticias.mx\/#organization\"},\"potentialAction\":[{\"@type\":\"SearchAction\",\"target\":{\"@type\":\"EntryPoint\",\"urlTemplate\":\"https:\/\/masquenoticias.mx\/?s={search_term_string}\"},\"query-input\":{\"@type\":\"PropertyValueSpecification\",\"valueRequired\":true,\"valueName\":\"search_term_string\"}}],\"inLanguage\":\"es\"},{\"@type\":\"Organization\",\"@id\":\"https:\/\/masquenoticias.mx\/#organization\",\"name\":\"M\u00e1s Que Noticias\",\"url\":\"https:\/\/masquenoticias.mx\/\",\"logo\":{\"@type\":\"ImageObject\",\"inLanguage\":\"es\",\"@id\":\"https:\/\/masquenoticias.mx\/#\/schema\/logo\/image\/\",\"url\":\"https:\/\/i0.wp.com\/masquenoticias.mx\/wp-content\/uploads\/2024\/04\/IMG_0004.png?fit=2560%2C1656&ssl=1\",\"contentUrl\":\"https:\/\/i0.wp.com\/masquenoticias.mx\/wp-content\/uploads\/2024\/04\/IMG_0004.png?fit=2560%2C1656&ssl=1\",\"width\":2560,\"height\":1656,\"caption\":\"M\u00e1s Que Noticias\"},\"image\":{\"@id\":\"https:\/\/masquenoticias.mx\/#\/schema\/logo\/image\/\"},\"sameAs\":[\"https:\/\/www.facebook.com\/masquenoticiascolima\",\"https:\/\/x.com\/edgartove\",\"https:\/\/www.instagram.com\/masquenoticiascolima\/\"]},{\"@type\":\"Person\",\"@id\":\"https:\/\/masquenoticias.mx\/#\/schema\/person\/544d19989ef23d34615f691f7a96e622\",\"name\":\"Redacci\u00f3n\",\"image\":{\"@type\":\"ImageObject\",\"inLanguage\":\"es\",\"@id\":\"https:\/\/masquenoticias.mx\/#\/schema\/person\/image\/\",\"url\":\"https:\/\/secure.gravatar.com\/avatar\/7fcc926d5b058d3f3d52d95b4d05dd58?s=96&d=mm&r=g\",\"contentUrl\":\"https:\/\/secure.gravatar.com\/avatar\/7fcc926d5b058d3f3d52d95b4d05dd58?s=96&d=mm&r=g\",\"caption\":\"Redacci\u00f3n\"},\"sameAs\":[\"http:\/\/masquenoticias.mx\"],\"url\":\"https:\/\/masquenoticias.mx\/index.php\/author\/edgartovegmail-com\/\"}]}<\/script>\n<!-- \/ Yoast SEO plugin. -->","yoast_head_json":{"title":"Salud Colima reinstala Comisi\u00f3n de Bio\u00e9tica; fortalece la protecci\u00f3n de pacientes y la \u00e9tica en investigaci\u00f3n - M\u00e1s Que Noticias","robots":{"index":"index","follow":"follow","max-snippet":"max-snippet:-1","max-image-preview":"max-image-preview:large","max-video-preview":"max-video-preview:-1"},"canonical":"https:\/\/masquenoticias.mx\/index.php\/2026\/04\/30\/salud-colima-reinstala-comision-de-bioetica-fortalece-la-proteccion-de-pacientes-y-la-etica-en-investigacion\/","og_locale":"es_MX","og_type":"article","og_title":"Salud Colima reinstala Comisi\u00f3n de Bio\u00e9tica; fortalece la protecci\u00f3n de pacientes y la \u00e9tica en investigaci\u00f3n - M\u00e1s Que Noticias","og_description":"La Secretar\u00eda de Salud del Gobierno del Estado de Colima llev\u00f3 a cabo la reinstalaci\u00f3n de la Comisi\u00f3n de Bio\u00e9tica del Estado de Colima (Cobec), con una nueva estructura acorde a los lineamientos vigentes, con el objetivo de promover una cultura bio\u00e9tica que salvaguarde la dignidad, los derechos humanos y la seguridad de pacientes y [&hellip;]","og_url":"https:\/\/masquenoticias.mx\/index.php\/2026\/04\/30\/salud-colima-reinstala-comision-de-bioetica-fortalece-la-proteccion-de-pacientes-y-la-etica-en-investigacion\/","og_site_name":"M\u00e1s Que Noticias","article_publisher":"https:\/\/www.facebook.com\/masquenoticiascolima","article_published_time":"2026-05-01T01:11:45+00:00","og_image":[{"width":1280,"height":854,"url":"https:\/\/masquenoticias.mx\/wp-content\/uploads\/2026\/04\/WhatsApp-Image-2026-04-30-at-3.46.36-PM.jpeg","type":"image\/jpeg"}],"author":"Redacci\u00f3n","twitter_card":"summary_large_image","twitter_creator":"@edgartove","twitter_site":"@edgartove","twitter_misc":{"Escrito por":"Redacci\u00f3n","Tiempo de lectura":"2 minutos"},"schema":{"@context":"https:\/\/schema.org","@graph":[{"@type":"Article","@id":"https:\/\/masquenoticias.mx\/index.php\/2026\/04\/30\/salud-colima-reinstala-comision-de-bioetica-fortalece-la-proteccion-de-pacientes-y-la-etica-en-investigacion\/#article","isPartOf":{"@id":"https:\/\/masquenoticias.mx\/index.php\/2026\/04\/30\/salud-colima-reinstala-comision-de-bioetica-fortalece-la-proteccion-de-pacientes-y-la-etica-en-investigacion\/"},"author":{"name":"Redacci\u00f3n","@id":"https:\/\/masquenoticias.mx\/#\/schema\/person\/544d19989ef23d34615f691f7a96e622"},"headline":"Salud Colima reinstala Comisi\u00f3n de Bio\u00e9tica; fortalece la protecci\u00f3n de pacientes y la \u00e9tica en investigaci\u00f3n","datePublished":"2026-05-01T01:11:45+00:00","mainEntityOfPage":{"@id":"https:\/\/masquenoticias.mx\/index.php\/2026\/04\/30\/salud-colima-reinstala-comision-de-bioetica-fortalece-la-proteccion-de-pacientes-y-la-etica-en-investigacion\/"},"wordCount":297,"commentCount":0,"publisher":{"@id":"https:\/\/masquenoticias.mx\/#organization"},"image":{"@id":"https:\/\/masquenoticias.mx\/index.php\/2026\/04\/30\/salud-colima-reinstala-comision-de-bioetica-fortalece-la-proteccion-de-pacientes-y-la-etica-en-investigacion\/#primaryimage"},"thumbnailUrl":"https:\/\/i0.wp.com\/masquenoticias.mx\/wp-content\/uploads\/2026\/04\/WhatsApp-Image-2026-04-30-at-3.46.36-PM.jpeg?fit=1280%2C854&ssl=1","keywords":["Salud"],"articleSection":["Estado"],"inLanguage":"es","potentialAction":[{"@type":"CommentAction","name":"Comment","target":["https:\/\/masquenoticias.mx\/index.php\/2026\/04\/30\/salud-colima-reinstala-comision-de-bioetica-fortalece-la-proteccion-de-pacientes-y-la-etica-en-investigacion\/#respond"]}]},{"@type":"WebPage","@id":"https:\/\/masquenoticias.mx\/index.php\/2026\/04\/30\/salud-colima-reinstala-comision-de-bioetica-fortalece-la-proteccion-de-pacientes-y-la-etica-en-investigacion\/","url":"https:\/\/masquenoticias.mx\/index.php\/2026\/04\/30\/salud-colima-reinstala-comision-de-bioetica-fortalece-la-proteccion-de-pacientes-y-la-etica-en-investigacion\/","name":"Salud Colima reinstala Comisi\u00f3n de Bio\u00e9tica; fortalece la protecci\u00f3n de pacientes y la \u00e9tica en investigaci\u00f3n - M\u00e1s Que Noticias","isPartOf":{"@id":"https:\/\/masquenoticias.mx\/#website"},"primaryImageOfPage":{"@id":"https:\/\/masquenoticias.mx\/index.php\/2026\/04\/30\/salud-colima-reinstala-comision-de-bioetica-fortalece-la-proteccion-de-pacientes-y-la-etica-en-investigacion\/#primaryimage"},"image":{"@id":"https:\/\/masquenoticias.mx\/index.php\/2026\/04\/30\/salud-colima-reinstala-comision-de-bioetica-fortalece-la-proteccion-de-pacientes-y-la-etica-en-investigacion\/#primaryimage"},"thumbnailUrl":"https:\/\/i0.wp.com\/masquenoticias.mx\/wp-content\/uploads\/2026\/04\/WhatsApp-Image-2026-04-30-at-3.46.36-PM.jpeg?fit=1280%2C854&ssl=1","datePublished":"2026-05-01T01:11:45+00:00","breadcrumb":{"@id":"https:\/\/masquenoticias.mx\/index.php\/2026\/04\/30\/salud-colima-reinstala-comision-de-bioetica-fortalece-la-proteccion-de-pacientes-y-la-etica-en-investigacion\/#breadcrumb"},"inLanguage":"es","potentialAction":[{"@type":"ReadAction","target":["https:\/\/masquenoticias.mx\/index.php\/2026\/04\/30\/salud-colima-reinstala-comision-de-bioetica-fortalece-la-proteccion-de-pacientes-y-la-etica-en-investigacion\/"]}]},{"@type":"ImageObject","inLanguage":"es","@id":"https:\/\/masquenoticias.mx\/index.php\/2026\/04\/30\/salud-colima-reinstala-comision-de-bioetica-fortalece-la-proteccion-de-pacientes-y-la-etica-en-investigacion\/#primaryimage","url":"https:\/\/i0.wp.com\/masquenoticias.mx\/wp-content\/uploads\/2026\/04\/WhatsApp-Image-2026-04-30-at-3.46.36-PM.jpeg?fit=1280%2C854&ssl=1","contentUrl":"https:\/\/i0.wp.com\/masquenoticias.mx\/wp-content\/uploads\/2026\/04\/WhatsApp-Image-2026-04-30-at-3.46.36-PM.jpeg?fit=1280%2C854&ssl=1","width":1280,"height":854},{"@type":"BreadcrumbList","@id":"https:\/\/masquenoticias.mx\/index.php\/2026\/04\/30\/salud-colima-reinstala-comision-de-bioetica-fortalece-la-proteccion-de-pacientes-y-la-etica-en-investigacion\/#breadcrumb","itemListElement":[{"@type":"ListItem","position":1,"name":"Inicio","item":"https:\/\/masquenoticias.mx\/"},{"@type":"ListItem","position":2,"name":"Salud Colima reinstala Comisi\u00f3n de Bio\u00e9tica; fortalece la protecci\u00f3n de pacientes y la \u00e9tica en investigaci\u00f3n"}]},{"@type":"WebSite","@id":"https:\/\/masquenoticias.mx\/#website","url":"https:\/\/masquenoticias.mx\/","name":"M\u00e1s Que Noticias","description":"Noticias de Colima, M\u00e9xico y el Mundo","publisher":{"@id":"https:\/\/masquenoticias.mx\/#organization"},"potentialAction":[{"@type":"SearchAction","target":{"@type":"EntryPoint","urlTemplate":"https:\/\/masquenoticias.mx\/?s={search_term_string}"},"query-input":{"@type":"PropertyValueSpecification","valueRequired":true,"valueName":"search_term_string"}}],"inLanguage":"es"},{"@type":"Organization","@id":"https:\/\/masquenoticias.mx\/#organization","name":"M\u00e1s Que Noticias","url":"https:\/\/masquenoticias.mx\/","logo":{"@type":"ImageObject","inLanguage":"es","@id":"https:\/\/masquenoticias.mx\/#\/schema\/logo\/image\/","url":"https:\/\/i0.wp.com\/masquenoticias.mx\/wp-content\/uploads\/2024\/04\/IMG_0004.png?fit=2560%2C1656&ssl=1","contentUrl":"https:\/\/i0.wp.com\/masquenoticias.mx\/wp-content\/uploads\/2024\/04\/IMG_0004.png?fit=2560%2C1656&ssl=1","width":2560,"height":1656,"caption":"M\u00e1s Que Noticias"},"image":{"@id":"https:\/\/masquenoticias.mx\/#\/schema\/logo\/image\/"},"sameAs":["https:\/\/www.facebook.com\/masquenoticiascolima","https:\/\/x.com\/edgartove","https:\/\/www.instagram.com\/masquenoticiascolima\/"]},{"@type":"Person","@id":"https:\/\/masquenoticias.mx\/#\/schema\/person\/544d19989ef23d34615f691f7a96e622","name":"Redacci\u00f3n","image":{"@type":"ImageObject","inLanguage":"es","@id":"https:\/\/masquenoticias.mx\/#\/schema\/person\/image\/","url":"https:\/\/secure.gravatar.com\/avatar\/7fcc926d5b058d3f3d52d95b4d05dd58?s=96&d=mm&r=g","contentUrl":"https:\/\/secure.gravatar.com\/avatar\/7fcc926d5b058d3f3d52d95b4d05dd58?s=96&d=mm&r=g","caption":"Redacci\u00f3n"},"sameAs":["http:\/\/masquenoticias.mx"],"url":"https:\/\/masquenoticias.mx\/index.php\/author\/edgartovegmail-com\/"}]}},"jetpack_featured_media_url":"https:\/\/i0.wp.com\/masquenoticias.mx\/wp-content\/uploads\/2026\/04\/WhatsApp-Image-2026-04-30-at-3.46.36-PM.jpeg?fit=1280%2C854&ssl=1","blog_post_layout_featured_media_urls":{"thumbnail":["https:\/\/i0.wp.com\/masquenoticias.mx\/wp-content\/uploads\/2026\/04\/WhatsApp-Image-2026-04-30-at-3.46.36-PM.jpeg?resize=150%2C150&ssl=1",150,150,true],"full":["https:\/\/i0.wp.com\/masquenoticias.mx\/wp-content\/uploads\/2026\/04\/WhatsApp-Image-2026-04-30-at-3.46.36-PM.jpeg?fit=1280%2C854&ssl=1",1280,854,false]},"categories_names":{"24":{"name":"Estado","link":"https:\/\/masquenoticias.mx\/index.php\/category\/estado\/"}},"tags_names":{"63":{"name":"Salud","link":"https:\/\/masquenoticias.mx\/index.php\/tag\/salud\/"}},"comments_number":"0","wpmagazine_modules_lite_featured_media_urls":{"thumbnail":["https:\/\/i0.wp.com\/masquenoticias.mx\/wp-content\/uploads\/2026\/04\/WhatsApp-Image-2026-04-30-at-3.46.36-PM.jpeg?resize=150%2C150&ssl=1",150,150,true],"cvmm-medium":["https:\/\/i0.wp.com\/masquenoticias.mx\/wp-content\/uploads\/2026\/04\/WhatsApp-Image-2026-04-30-at-3.46.36-PM.jpeg?resize=300%2C300&ssl=1",300,300,true],"cvmm-medium-plus":["https:\/\/i0.wp.com\/masquenoticias.mx\/wp-content\/uploads\/2026\/04\/WhatsApp-Image-2026-04-30-at-3.46.36-PM.jpeg?resize=305%2C207&ssl=1",305,207,true],"cvmm-portrait":["https:\/\/i0.wp.com\/masquenoticias.mx\/wp-content\/uploads\/2026\/04\/WhatsApp-Image-2026-04-30-at-3.46.36-PM.jpeg?resize=400%2C600&ssl=1",400,600,true],"cvmm-medium-square":["https:\/\/i0.wp.com\/masquenoticias.mx\/wp-content\/uploads\/2026\/04\/WhatsApp-Image-2026-04-30-at-3.46.36-PM.jpeg?resize=600%2C600&ssl=1",600,600,true],"cvmm-large":["https:\/\/i0.wp.com\/masquenoticias.mx\/wp-content\/uploads\/2026\/04\/WhatsApp-Image-2026-04-30-at-3.46.36-PM.jpeg?resize=1024%2C854&ssl=1",1024,854,true],"cvmm-small":["https:\/\/i0.wp.com\/masquenoticias.mx\/wp-content\/uploads\/2026\/04\/WhatsApp-Image-2026-04-30-at-3.46.36-PM.jpeg?resize=130%2C95&ssl=1",130,95,true],"full":["https:\/\/i0.wp.com\/masquenoticias.mx\/wp-content\/uploads\/2026\/04\/WhatsApp-Image-2026-04-30-at-3.46.36-PM.jpeg?fit=1280%2C854&ssl=1",1280,854,false]},"jetpack-related-posts":[],"jetpack_sharing_enabled":true,"jetpack_likes_enabled":true,"jetpack_shortlink":"https:\/\/wp.me\/pf7pkt-5TB","_links":{"self":[{"href":"https:\/\/masquenoticias.mx\/index.php\/wp-json\/wp\/v2\/posts\/22667","targetHints":{"allow":["GET"]}}],"collection":[{"href":"https:\/\/masquenoticias.mx\/index.php\/wp-json\/wp\/v2\/posts"}],"about":[{"href":"https:\/\/masquenoticias.mx\/index.php\/wp-json\/wp\/v2\/types\/post"}],"author":[{"embeddable":true,"href":"https:\/\/masquenoticias.mx\/index.php\/wp-json\/wp\/v2\/users\/1"}],"replies":[{"embeddable":true,"href":"https:\/\/masquenoticias.mx\/index.php\/wp-json\/wp\/v2\/comments?post=22667"}],"version-history":[{"count":1,"href":"https:\/\/masquenoticias.mx\/index.php\/wp-json\/wp\/v2\/posts\/22667\/revisions"}],"predecessor-version":[{"id":22669,"href":"https:\/\/masquenoticias.mx\/index.php\/wp-json\/wp\/v2\/posts\/22667\/revisions\/22669"}],"wp:featuredmedia":[{"embeddable":true,"href":"https:\/\/masquenoticias.mx\/index.php\/wp-json\/wp\/v2\/media\/22668"}],"wp:attachment":[{"href":"https:\/\/masquenoticias.mx\/index.php\/wp-json\/wp\/v2\/media?parent=22667"}],"wp:term":[{"taxonomy":"category","embeddable":true,"href":"https:\/\/masquenoticias.mx\/index.php\/wp-json\/wp\/v2\/categories?post=22667"},{"taxonomy":"post_tag","embeddable":true,"href":"https:\/\/masquenoticias.mx\/index.php\/wp-json\/wp\/v2\/tags?post=22667"}],"curies":[{"name":"wp","href":"https:\/\/api.w.org\/{rel}","templated":true}]}}