{"id":22664,"date":"2026-04-30T19:08:14","date_gmt":"2026-05-01T01:08:14","guid":{"rendered":"https:\/\/masquenoticias.mx\/?p=22664"},"modified":"2026-04-30T19:08:14","modified_gmt":"2026-05-01T01:08:14","slug":"cultura-colima-inicia-celebracion-del-30-aniversario-de-alas-y-raices-en-teatro-hidalgo","status":"publish","type":"post","link":"https:\/\/masquenoticias.mx\/index.php\/2026\/04\/30\/cultura-colima-inicia-celebracion-del-30-aniversario-de-alas-y-raices-en-teatro-hidalgo\/","title":{"rendered":"Cultura Colima inicia celebraci\u00f3n del 30 aniversario de Alas y Ra\u00edces en teatro Hidalgo"},"content":{"rendered":"<p>&nbsp;<\/p>\n<p>Con la presentaci\u00f3n en el teatro Hidalgo de la obra \u2018Animal\u00edas\u2019 de la compa\u00f1\u00eda Teatro Rodante, la Subsecretar\u00eda de Cultura del Gobierno del Estado de Colima que preside Indira Vizca\u00edno Silva, en coordinaci\u00f3n con la Secretar\u00eda de Cultura del Gobierno de M\u00e9xico, inici\u00f3 la celebraci\u00f3n del 30 aniversario del programa Alas y Ra\u00edces que impulsa la promoci\u00f3n de los derechos culturales de beb\u00e9s, ni\u00f1as, ni\u00f1os, adolescentes y j\u00f3venes en todas las entidades de la Rep\u00fablica Mexicana.<\/p>\n<p>Escrita y dirigida por Francisco \u2018Pacho\u2019 Lozano Moreno, \u2018Animal\u00edas\u2019 es una obra de t\u00edteres que presenta relatos protagonizados por animales singulares que buscan resolver sus problemas personales, como una iguana que empieza a perder la vista o una gallina que se prepara para su fiesta de 15 meses. La puesta en escena cuenta con la actuaci\u00f3n de Mar\u00eda del Carmen Cort\u00e9s.<\/p>\n<p>En este arranque de celebraciones que ofrecer\u00e1 actividades y presentaciones art\u00edsticas gratuitas, la coordinadora nacional de Desarrollo Cultural Alas y Ra\u00edces, Guillermina P\u00e9rez Su\u00e1rez, comparti\u00f3 un mensaje de reconocimiento y agradecimiento en el que destac\u00f3 la labor que se realiza, a trav\u00e9s de este programa, en Colima, donde Alas y Ra\u00edces se formaliz\u00f3 al mismo tiempo que a nivel federal, en 1996.<\/p>\n<p>En representaci\u00f3n del subsecretario de Cultura, Juan Jos\u00e9 Arias Orozco, la directora general de Artes y Humanidades, Mar\u00eda Martha P\u00e9rez Sandoval, reconoci\u00f3 el trabajo que se realiza en beneficio de las infancias y adolescencias. Regina Vadillo, beneficiaria del programa, agradeci\u00f3 por los talleres que se imparten en el Vag\u00f3n de las Artes, La Quininita y la F\u00e1brica de Innovaci\u00f3n Creativa El T\u00edvoli, que permiten el desarrollo de talentos y la exploraci\u00f3n de lenguajes art\u00edsticos entre j\u00f3venes.<\/p>\n","protected":false},"excerpt":{"rendered":"<p>&nbsp; Con la presentaci\u00f3n en el teatro Hidalgo de la obra \u2018Animal\u00edas\u2019 de la compa\u00f1\u00eda Teatro Rodante, la Subsecretar\u00eda de Cultura del Gobierno del Estado de Colima que preside Indira Vizca\u00edno Silva, en coordinaci\u00f3n con la Secretar\u00eda de Cultura del Gobierno de M\u00e9xico, inici\u00f3 la celebraci\u00f3n del 30 aniversario del programa Alas y Ra\u00edces que [&hellip;]<\/p>\n","protected":false},"author":1,"featured_media":22665,"comment_status":"open","ping_status":"open","sticky":false,"template":"","format":"standard","meta":{"_jetpack_memberships_contains_paid_content":false,"footnotes":""},"categories":[24],"tags":[118],"class_list":["post-22664","post","type-post","status-publish","format-standard","has-post-thumbnail","hentry","category-estado","tag-cultura"],"yoast_head":"<!-- This site is optimized with the Yoast SEO plugin v26.6 - https:\/\/yoast.com\/wordpress\/plugins\/seo\/ -->\n<title>Cultura Colima inicia celebraci\u00f3n del 30 aniversario de Alas y Ra\u00edces en teatro Hidalgo - M\u00e1s Que Noticias<\/title>\n<meta name=\"robots\" content=\"index, follow, max-snippet:-1, max-image-preview:large, max-video-preview:-1\" \/>\n<link rel=\"canonical\" href=\"https:\/\/masquenoticias.mx\/index.php\/2026\/04\/30\/cultura-colima-inicia-celebracion-del-30-aniversario-de-alas-y-raices-en-teatro-hidalgo\/\" \/>\n<meta property=\"og:locale\" content=\"es_MX\" \/>\n<meta property=\"og:type\" content=\"article\" \/>\n<meta property=\"og:title\" content=\"Cultura Colima inicia celebraci\u00f3n del 30 aniversario de Alas y Ra\u00edces en teatro Hidalgo - M\u00e1s Que Noticias\" \/>\n<meta property=\"og:description\" content=\"&nbsp; Con la presentaci\u00f3n en el teatro Hidalgo de la obra \u2018Animal\u00edas\u2019 de la compa\u00f1\u00eda Teatro Rodante, la Subsecretar\u00eda de Cultura del Gobierno del Estado de Colima que preside Indira Vizca\u00edno Silva, en coordinaci\u00f3n con la Secretar\u00eda de Cultura del Gobierno de M\u00e9xico, inici\u00f3 la celebraci\u00f3n del 30 aniversario del programa Alas y Ra\u00edces que [&hellip;]\" \/>\n<meta property=\"og:url\" content=\"https:\/\/masquenoticias.mx\/index.php\/2026\/04\/30\/cultura-colima-inicia-celebracion-del-30-aniversario-de-alas-y-raices-en-teatro-hidalgo\/\" \/>\n<meta property=\"og:site_name\" content=\"M\u00e1s Que Noticias\" \/>\n<meta property=\"article:publisher\" content=\"https:\/\/www.facebook.com\/masquenoticiascolima\" \/>\n<meta property=\"article:published_time\" content=\"2026-05-01T01:08:14+00:00\" \/>\n<meta property=\"og:image\" content=\"https:\/\/masquenoticias.mx\/wp-content\/uploads\/2026\/04\/WhatsApp-Image-2026-04-30-at-1.22.52-PM.jpeg\" \/>\n\t<meta property=\"og:image:width\" content=\"1600\" \/>\n\t<meta property=\"og:image:height\" content=\"1064\" \/>\n\t<meta property=\"og:image:type\" content=\"image\/jpeg\" \/>\n<meta name=\"author\" content=\"Redacci\u00f3n\" \/>\n<meta name=\"twitter:card\" content=\"summary_large_image\" \/>\n<meta name=\"twitter:creator\" content=\"@edgartove\" \/>\n<meta name=\"twitter:site\" content=\"@edgartove\" \/>\n<meta name=\"twitter:label1\" content=\"Escrito por\" \/>\n\t<meta name=\"twitter:data1\" content=\"Redacci\u00f3n\" \/>\n\t<meta name=\"twitter:label2\" content=\"Tiempo de lectura\" \/>\n\t<meta name=\"twitter:data2\" content=\"2 minutos\" \/>\n<script type=\"application\/ld+json\" class=\"yoast-schema-graph\">{\"@context\":\"https:\/\/schema.org\",\"@graph\":[{\"@type\":\"Article\",\"@id\":\"https:\/\/masquenoticias.mx\/index.php\/2026\/04\/30\/cultura-colima-inicia-celebracion-del-30-aniversario-de-alas-y-raices-en-teatro-hidalgo\/#article\",\"isPartOf\":{\"@id\":\"https:\/\/masquenoticias.mx\/index.php\/2026\/04\/30\/cultura-colima-inicia-celebracion-del-30-aniversario-de-alas-y-raices-en-teatro-hidalgo\/\"},\"author\":{\"name\":\"Redacci\u00f3n\",\"@id\":\"https:\/\/masquenoticias.mx\/#\/schema\/person\/544d19989ef23d34615f691f7a96e622\"},\"headline\":\"Cultura Colima inicia celebraci\u00f3n del 30 aniversario de Alas y Ra\u00edces en teatro Hidalgo\",\"datePublished\":\"2026-05-01T01:08:14+00:00\",\"mainEntityOfPage\":{\"@id\":\"https:\/\/masquenoticias.mx\/index.php\/2026\/04\/30\/cultura-colima-inicia-celebracion-del-30-aniversario-de-alas-y-raices-en-teatro-hidalgo\/\"},\"wordCount\":325,\"commentCount\":0,\"publisher\":{\"@id\":\"https:\/\/masquenoticias.mx\/#organization\"},\"image\":{\"@id\":\"https:\/\/masquenoticias.mx\/index.php\/2026\/04\/30\/cultura-colima-inicia-celebracion-del-30-aniversario-de-alas-y-raices-en-teatro-hidalgo\/#primaryimage\"},\"thumbnailUrl\":\"https:\/\/i0.wp.com\/masquenoticias.mx\/wp-content\/uploads\/2026\/04\/WhatsApp-Image-2026-04-30-at-1.22.52-PM.jpeg?fit=1600%2C1064&ssl=1\",\"keywords\":[\"Cultura\"],\"articleSection\":[\"Estado\"],\"inLanguage\":\"es\",\"potentialAction\":[{\"@type\":\"CommentAction\",\"name\":\"Comment\",\"target\":[\"https:\/\/masquenoticias.mx\/index.php\/2026\/04\/30\/cultura-colima-inicia-celebracion-del-30-aniversario-de-alas-y-raices-en-teatro-hidalgo\/#respond\"]}]},{\"@type\":\"WebPage\",\"@id\":\"https:\/\/masquenoticias.mx\/index.php\/2026\/04\/30\/cultura-colima-inicia-celebracion-del-30-aniversario-de-alas-y-raices-en-teatro-hidalgo\/\",\"url\":\"https:\/\/masquenoticias.mx\/index.php\/2026\/04\/30\/cultura-colima-inicia-celebracion-del-30-aniversario-de-alas-y-raices-en-teatro-hidalgo\/\",\"name\":\"Cultura Colima inicia celebraci\u00f3n del 30 aniversario de Alas y Ra\u00edces en teatro Hidalgo - M\u00e1s Que Noticias\",\"isPartOf\":{\"@id\":\"https:\/\/masquenoticias.mx\/#website\"},\"primaryImageOfPage\":{\"@id\":\"https:\/\/masquenoticias.mx\/index.php\/2026\/04\/30\/cultura-colima-inicia-celebracion-del-30-aniversario-de-alas-y-raices-en-teatro-hidalgo\/#primaryimage\"},\"image\":{\"@id\":\"https:\/\/masquenoticias.mx\/index.php\/2026\/04\/30\/cultura-colima-inicia-celebracion-del-30-aniversario-de-alas-y-raices-en-teatro-hidalgo\/#primaryimage\"},\"thumbnailUrl\":\"https:\/\/i0.wp.com\/masquenoticias.mx\/wp-content\/uploads\/2026\/04\/WhatsApp-Image-2026-04-30-at-1.22.52-PM.jpeg?fit=1600%2C1064&ssl=1\",\"datePublished\":\"2026-05-01T01:08:14+00:00\",\"breadcrumb\":{\"@id\":\"https:\/\/masquenoticias.mx\/index.php\/2026\/04\/30\/cultura-colima-inicia-celebracion-del-30-aniversario-de-alas-y-raices-en-teatro-hidalgo\/#breadcrumb\"},\"inLanguage\":\"es\",\"potentialAction\":[{\"@type\":\"ReadAction\",\"target\":[\"https:\/\/masquenoticias.mx\/index.php\/2026\/04\/30\/cultura-colima-inicia-celebracion-del-30-aniversario-de-alas-y-raices-en-teatro-hidalgo\/\"]}]},{\"@type\":\"ImageObject\",\"inLanguage\":\"es\",\"@id\":\"https:\/\/masquenoticias.mx\/index.php\/2026\/04\/30\/cultura-colima-inicia-celebracion-del-30-aniversario-de-alas-y-raices-en-teatro-hidalgo\/#primaryimage\",\"url\":\"https:\/\/i0.wp.com\/masquenoticias.mx\/wp-content\/uploads\/2026\/04\/WhatsApp-Image-2026-04-30-at-1.22.52-PM.jpeg?fit=1600%2C1064&ssl=1\",\"contentUrl\":\"https:\/\/i0.wp.com\/masquenoticias.mx\/wp-content\/uploads\/2026\/04\/WhatsApp-Image-2026-04-30-at-1.22.52-PM.jpeg?fit=1600%2C1064&ssl=1\",\"width\":1600,\"height\":1064},{\"@type\":\"BreadcrumbList\",\"@id\":\"https:\/\/masquenoticias.mx\/index.php\/2026\/04\/30\/cultura-colima-inicia-celebracion-del-30-aniversario-de-alas-y-raices-en-teatro-hidalgo\/#breadcrumb\",\"itemListElement\":[{\"@type\":\"ListItem\",\"position\":1,\"name\":\"Inicio\",\"item\":\"https:\/\/masquenoticias.mx\/\"},{\"@type\":\"ListItem\",\"position\":2,\"name\":\"Cultura Colima inicia celebraci\u00f3n del 30 aniversario de Alas y Ra\u00edces en teatro Hidalgo\"}]},{\"@type\":\"WebSite\",\"@id\":\"https:\/\/masquenoticias.mx\/#website\",\"url\":\"https:\/\/masquenoticias.mx\/\",\"name\":\"M\u00e1s Que Noticias\",\"description\":\"Noticias de Colima, M\u00e9xico y el Mundo\",\"publisher\":{\"@id\":\"https:\/\/masquenoticias.mx\/#organization\"},\"potentialAction\":[{\"@type\":\"SearchAction\",\"target\":{\"@type\":\"EntryPoint\",\"urlTemplate\":\"https:\/\/masquenoticias.mx\/?s={search_term_string}\"},\"query-input\":{\"@type\":\"PropertyValueSpecification\",\"valueRequired\":true,\"valueName\":\"search_term_string\"}}],\"inLanguage\":\"es\"},{\"@type\":\"Organization\",\"@id\":\"https:\/\/masquenoticias.mx\/#organization\",\"name\":\"M\u00e1s Que Noticias\",\"url\":\"https:\/\/masquenoticias.mx\/\",\"logo\":{\"@type\":\"ImageObject\",\"inLanguage\":\"es\",\"@id\":\"https:\/\/masquenoticias.mx\/#\/schema\/logo\/image\/\",\"url\":\"https:\/\/i0.wp.com\/masquenoticias.mx\/wp-content\/uploads\/2024\/04\/IMG_0004.png?fit=2560%2C1656&ssl=1\",\"contentUrl\":\"https:\/\/i0.wp.com\/masquenoticias.mx\/wp-content\/uploads\/2024\/04\/IMG_0004.png?fit=2560%2C1656&ssl=1\",\"width\":2560,\"height\":1656,\"caption\":\"M\u00e1s Que Noticias\"},\"image\":{\"@id\":\"https:\/\/masquenoticias.mx\/#\/schema\/logo\/image\/\"},\"sameAs\":[\"https:\/\/www.facebook.com\/masquenoticiascolima\",\"https:\/\/x.com\/edgartove\",\"https:\/\/www.instagram.com\/masquenoticiascolima\/\"]},{\"@type\":\"Person\",\"@id\":\"https:\/\/masquenoticias.mx\/#\/schema\/person\/544d19989ef23d34615f691f7a96e622\",\"name\":\"Redacci\u00f3n\",\"image\":{\"@type\":\"ImageObject\",\"inLanguage\":\"es\",\"@id\":\"https:\/\/masquenoticias.mx\/#\/schema\/person\/image\/\",\"url\":\"https:\/\/secure.gravatar.com\/avatar\/7fcc926d5b058d3f3d52d95b4d05dd58?s=96&d=mm&r=g\",\"contentUrl\":\"https:\/\/secure.gravatar.com\/avatar\/7fcc926d5b058d3f3d52d95b4d05dd58?s=96&d=mm&r=g\",\"caption\":\"Redacci\u00f3n\"},\"sameAs\":[\"http:\/\/masquenoticias.mx\"],\"url\":\"https:\/\/masquenoticias.mx\/index.php\/author\/edgartovegmail-com\/\"}]}<\/script>\n<!-- \/ Yoast SEO plugin. -->","yoast_head_json":{"title":"Cultura Colima inicia celebraci\u00f3n del 30 aniversario de Alas y Ra\u00edces en teatro Hidalgo - M\u00e1s Que Noticias","robots":{"index":"index","follow":"follow","max-snippet":"max-snippet:-1","max-image-preview":"max-image-preview:large","max-video-preview":"max-video-preview:-1"},"canonical":"https:\/\/masquenoticias.mx\/index.php\/2026\/04\/30\/cultura-colima-inicia-celebracion-del-30-aniversario-de-alas-y-raices-en-teatro-hidalgo\/","og_locale":"es_MX","og_type":"article","og_title":"Cultura Colima inicia celebraci\u00f3n del 30 aniversario de Alas y Ra\u00edces en teatro Hidalgo - M\u00e1s Que Noticias","og_description":"&nbsp; Con la presentaci\u00f3n en el teatro Hidalgo de la obra \u2018Animal\u00edas\u2019 de la compa\u00f1\u00eda Teatro Rodante, la Subsecretar\u00eda de Cultura del Gobierno del Estado de Colima que preside Indira Vizca\u00edno Silva, en coordinaci\u00f3n con la Secretar\u00eda de Cultura del Gobierno de M\u00e9xico, inici\u00f3 la celebraci\u00f3n del 30 aniversario del programa Alas y Ra\u00edces que [&hellip;]","og_url":"https:\/\/masquenoticias.mx\/index.php\/2026\/04\/30\/cultura-colima-inicia-celebracion-del-30-aniversario-de-alas-y-raices-en-teatro-hidalgo\/","og_site_name":"M\u00e1s Que Noticias","article_publisher":"https:\/\/www.facebook.com\/masquenoticiascolima","article_published_time":"2026-05-01T01:08:14+00:00","og_image":[{"width":1600,"height":1064,"url":"https:\/\/masquenoticias.mx\/wp-content\/uploads\/2026\/04\/WhatsApp-Image-2026-04-30-at-1.22.52-PM.jpeg","type":"image\/jpeg"}],"author":"Redacci\u00f3n","twitter_card":"summary_large_image","twitter_creator":"@edgartove","twitter_site":"@edgartove","twitter_misc":{"Escrito por":"Redacci\u00f3n","Tiempo de lectura":"2 minutos"},"schema":{"@context":"https:\/\/schema.org","@graph":[{"@type":"Article","@id":"https:\/\/masquenoticias.mx\/index.php\/2026\/04\/30\/cultura-colima-inicia-celebracion-del-30-aniversario-de-alas-y-raices-en-teatro-hidalgo\/#article","isPartOf":{"@id":"https:\/\/masquenoticias.mx\/index.php\/2026\/04\/30\/cultura-colima-inicia-celebracion-del-30-aniversario-de-alas-y-raices-en-teatro-hidalgo\/"},"author":{"name":"Redacci\u00f3n","@id":"https:\/\/masquenoticias.mx\/#\/schema\/person\/544d19989ef23d34615f691f7a96e622"},"headline":"Cultura Colima inicia celebraci\u00f3n del 30 aniversario de Alas y Ra\u00edces en teatro Hidalgo","datePublished":"2026-05-01T01:08:14+00:00","mainEntityOfPage":{"@id":"https:\/\/masquenoticias.mx\/index.php\/2026\/04\/30\/cultura-colima-inicia-celebracion-del-30-aniversario-de-alas-y-raices-en-teatro-hidalgo\/"},"wordCount":325,"commentCount":0,"publisher":{"@id":"https:\/\/masquenoticias.mx\/#organization"},"image":{"@id":"https:\/\/masquenoticias.mx\/index.php\/2026\/04\/30\/cultura-colima-inicia-celebracion-del-30-aniversario-de-alas-y-raices-en-teatro-hidalgo\/#primaryimage"},"thumbnailUrl":"https:\/\/i0.wp.com\/masquenoticias.mx\/wp-content\/uploads\/2026\/04\/WhatsApp-Image-2026-04-30-at-1.22.52-PM.jpeg?fit=1600%2C1064&ssl=1","keywords":["Cultura"],"articleSection":["Estado"],"inLanguage":"es","potentialAction":[{"@type":"CommentAction","name":"Comment","target":["https:\/\/masquenoticias.mx\/index.php\/2026\/04\/30\/cultura-colima-inicia-celebracion-del-30-aniversario-de-alas-y-raices-en-teatro-hidalgo\/#respond"]}]},{"@type":"WebPage","@id":"https:\/\/masquenoticias.mx\/index.php\/2026\/04\/30\/cultura-colima-inicia-celebracion-del-30-aniversario-de-alas-y-raices-en-teatro-hidalgo\/","url":"https:\/\/masquenoticias.mx\/index.php\/2026\/04\/30\/cultura-colima-inicia-celebracion-del-30-aniversario-de-alas-y-raices-en-teatro-hidalgo\/","name":"Cultura Colima inicia celebraci\u00f3n del 30 aniversario de Alas y Ra\u00edces en teatro Hidalgo - M\u00e1s Que Noticias","isPartOf":{"@id":"https:\/\/masquenoticias.mx\/#website"},"primaryImageOfPage":{"@id":"https:\/\/masquenoticias.mx\/index.php\/2026\/04\/30\/cultura-colima-inicia-celebracion-del-30-aniversario-de-alas-y-raices-en-teatro-hidalgo\/#primaryimage"},"image":{"@id":"https:\/\/masquenoticias.mx\/index.php\/2026\/04\/30\/cultura-colima-inicia-celebracion-del-30-aniversario-de-alas-y-raices-en-teatro-hidalgo\/#primaryimage"},"thumbnailUrl":"https:\/\/i0.wp.com\/masquenoticias.mx\/wp-content\/uploads\/2026\/04\/WhatsApp-Image-2026-04-30-at-1.22.52-PM.jpeg?fit=1600%2C1064&ssl=1","datePublished":"2026-05-01T01:08:14+00:00","breadcrumb":{"@id":"https:\/\/masquenoticias.mx\/index.php\/2026\/04\/30\/cultura-colima-inicia-celebracion-del-30-aniversario-de-alas-y-raices-en-teatro-hidalgo\/#breadcrumb"},"inLanguage":"es","potentialAction":[{"@type":"ReadAction","target":["https:\/\/masquenoticias.mx\/index.php\/2026\/04\/30\/cultura-colima-inicia-celebracion-del-30-aniversario-de-alas-y-raices-en-teatro-hidalgo\/"]}]},{"@type":"ImageObject","inLanguage":"es","@id":"https:\/\/masquenoticias.mx\/index.php\/2026\/04\/30\/cultura-colima-inicia-celebracion-del-30-aniversario-de-alas-y-raices-en-teatro-hidalgo\/#primaryimage","url":"https:\/\/i0.wp.com\/masquenoticias.mx\/wp-content\/uploads\/2026\/04\/WhatsApp-Image-2026-04-30-at-1.22.52-PM.jpeg?fit=1600%2C1064&ssl=1","contentUrl":"https:\/\/i0.wp.com\/masquenoticias.mx\/wp-content\/uploads\/2026\/04\/WhatsApp-Image-2026-04-30-at-1.22.52-PM.jpeg?fit=1600%2C1064&ssl=1","width":1600,"height":1064},{"@type":"BreadcrumbList","@id":"https:\/\/masquenoticias.mx\/index.php\/2026\/04\/30\/cultura-colima-inicia-celebracion-del-30-aniversario-de-alas-y-raices-en-teatro-hidalgo\/#breadcrumb","itemListElement":[{"@type":"ListItem","position":1,"name":"Inicio","item":"https:\/\/masquenoticias.mx\/"},{"@type":"ListItem","position":2,"name":"Cultura Colima inicia celebraci\u00f3n del 30 aniversario de Alas y Ra\u00edces en teatro Hidalgo"}]},{"@type":"WebSite","@id":"https:\/\/masquenoticias.mx\/#website","url":"https:\/\/masquenoticias.mx\/","name":"M\u00e1s Que Noticias","description":"Noticias de Colima, M\u00e9xico y el Mundo","publisher":{"@id":"https:\/\/masquenoticias.mx\/#organization"},"potentialAction":[{"@type":"SearchAction","target":{"@type":"EntryPoint","urlTemplate":"https:\/\/masquenoticias.mx\/?s={search_term_string}"},"query-input":{"@type":"PropertyValueSpecification","valueRequired":true,"valueName":"search_term_string"}}],"inLanguage":"es"},{"@type":"Organization","@id":"https:\/\/masquenoticias.mx\/#organization","name":"M\u00e1s Que Noticias","url":"https:\/\/masquenoticias.mx\/","logo":{"@type":"ImageObject","inLanguage":"es","@id":"https:\/\/masquenoticias.mx\/#\/schema\/logo\/image\/","url":"https:\/\/i0.wp.com\/masquenoticias.mx\/wp-content\/uploads\/2024\/04\/IMG_0004.png?fit=2560%2C1656&ssl=1","contentUrl":"https:\/\/i0.wp.com\/masquenoticias.mx\/wp-content\/uploads\/2024\/04\/IMG_0004.png?fit=2560%2C1656&ssl=1","width":2560,"height":1656,"caption":"M\u00e1s Que Noticias"},"image":{"@id":"https:\/\/masquenoticias.mx\/#\/schema\/logo\/image\/"},"sameAs":["https:\/\/www.facebook.com\/masquenoticiascolima","https:\/\/x.com\/edgartove","https:\/\/www.instagram.com\/masquenoticiascolima\/"]},{"@type":"Person","@id":"https:\/\/masquenoticias.mx\/#\/schema\/person\/544d19989ef23d34615f691f7a96e622","name":"Redacci\u00f3n","image":{"@type":"ImageObject","inLanguage":"es","@id":"https:\/\/masquenoticias.mx\/#\/schema\/person\/image\/","url":"https:\/\/secure.gravatar.com\/avatar\/7fcc926d5b058d3f3d52d95b4d05dd58?s=96&d=mm&r=g","contentUrl":"https:\/\/secure.gravatar.com\/avatar\/7fcc926d5b058d3f3d52d95b4d05dd58?s=96&d=mm&r=g","caption":"Redacci\u00f3n"},"sameAs":["http:\/\/masquenoticias.mx"],"url":"https:\/\/masquenoticias.mx\/index.php\/author\/edgartovegmail-com\/"}]}},"jetpack_featured_media_url":"https:\/\/i0.wp.com\/masquenoticias.mx\/wp-content\/uploads\/2026\/04\/WhatsApp-Image-2026-04-30-at-1.22.52-PM.jpeg?fit=1600%2C1064&ssl=1","blog_post_layout_featured_media_urls":{"thumbnail":["https:\/\/i0.wp.com\/masquenoticias.mx\/wp-content\/uploads\/2026\/04\/WhatsApp-Image-2026-04-30-at-1.22.52-PM.jpeg?resize=150%2C150&ssl=1",150,150,true],"full":["https:\/\/i0.wp.com\/masquenoticias.mx\/wp-content\/uploads\/2026\/04\/WhatsApp-Image-2026-04-30-at-1.22.52-PM.jpeg?fit=1600%2C1064&ssl=1",1600,1064,false]},"categories_names":{"24":{"name":"Estado","link":"https:\/\/masquenoticias.mx\/index.php\/category\/estado\/"}},"tags_names":{"118":{"name":"Cultura","link":"https:\/\/masquenoticias.mx\/index.php\/tag\/cultura\/"}},"comments_number":"0","wpmagazine_modules_lite_featured_media_urls":{"thumbnail":["https:\/\/i0.wp.com\/masquenoticias.mx\/wp-content\/uploads\/2026\/04\/WhatsApp-Image-2026-04-30-at-1.22.52-PM.jpeg?resize=150%2C150&ssl=1",150,150,true],"cvmm-medium":["https:\/\/i0.wp.com\/masquenoticias.mx\/wp-content\/uploads\/2026\/04\/WhatsApp-Image-2026-04-30-at-1.22.52-PM.jpeg?resize=300%2C300&ssl=1",300,300,true],"cvmm-medium-plus":["https:\/\/i0.wp.com\/masquenoticias.mx\/wp-content\/uploads\/2026\/04\/WhatsApp-Image-2026-04-30-at-1.22.52-PM.jpeg?resize=305%2C207&ssl=1",305,207,true],"cvmm-portrait":["https:\/\/i0.wp.com\/masquenoticias.mx\/wp-content\/uploads\/2026\/04\/WhatsApp-Image-2026-04-30-at-1.22.52-PM.jpeg?resize=400%2C600&ssl=1",400,600,true],"cvmm-medium-square":["https:\/\/i0.wp.com\/masquenoticias.mx\/wp-content\/uploads\/2026\/04\/WhatsApp-Image-2026-04-30-at-1.22.52-PM.jpeg?resize=600%2C600&ssl=1",600,600,true],"cvmm-large":["https:\/\/i0.wp.com\/masquenoticias.mx\/wp-content\/uploads\/2026\/04\/WhatsApp-Image-2026-04-30-at-1.22.52-PM.jpeg?resize=1024%2C1024&ssl=1",1024,1024,true],"cvmm-small":["https:\/\/i0.wp.com\/masquenoticias.mx\/wp-content\/uploads\/2026\/04\/WhatsApp-Image-2026-04-30-at-1.22.52-PM.jpeg?resize=130%2C95&ssl=1",130,95,true],"full":["https:\/\/i0.wp.com\/masquenoticias.mx\/wp-content\/uploads\/2026\/04\/WhatsApp-Image-2026-04-30-at-1.22.52-PM.jpeg?fit=1600%2C1064&ssl=1",1600,1064,false]},"jetpack-related-posts":[],"jetpack_sharing_enabled":true,"jetpack_likes_enabled":true,"jetpack_shortlink":"https:\/\/wp.me\/pf7pkt-5Ty","_links":{"self":[{"href":"https:\/\/masquenoticias.mx\/index.php\/wp-json\/wp\/v2\/posts\/22664","targetHints":{"allow":["GET"]}}],"collection":[{"href":"https:\/\/masquenoticias.mx\/index.php\/wp-json\/wp\/v2\/posts"}],"about":[{"href":"https:\/\/masquenoticias.mx\/index.php\/wp-json\/wp\/v2\/types\/post"}],"author":[{"embeddable":true,"href":"https:\/\/masquenoticias.mx\/index.php\/wp-json\/wp\/v2\/users\/1"}],"replies":[{"embeddable":true,"href":"https:\/\/masquenoticias.mx\/index.php\/wp-json\/wp\/v2\/comments?post=22664"}],"version-history":[{"count":1,"href":"https:\/\/masquenoticias.mx\/index.php\/wp-json\/wp\/v2\/posts\/22664\/revisions"}],"predecessor-version":[{"id":22666,"href":"https:\/\/masquenoticias.mx\/index.php\/wp-json\/wp\/v2\/posts\/22664\/revisions\/22666"}],"wp:featuredmedia":[{"embeddable":true,"href":"https:\/\/masquenoticias.mx\/index.php\/wp-json\/wp\/v2\/media\/22665"}],"wp:attachment":[{"href":"https:\/\/masquenoticias.mx\/index.php\/wp-json\/wp\/v2\/media?parent=22664"}],"wp:term":[{"taxonomy":"category","embeddable":true,"href":"https:\/\/masquenoticias.mx\/index.php\/wp-json\/wp\/v2\/categories?post=22664"},{"taxonomy":"post_tag","embeddable":true,"href":"https:\/\/masquenoticias.mx\/index.php\/wp-json\/wp\/v2\/tags?post=22664"}],"curies":[{"name":"wp","href":"https:\/\/api.w.org\/{rel}","templated":true}]}}