{"id":22644,"date":"2026-04-30T18:50:20","date_gmt":"2026-05-01T00:50:20","guid":{"rendered":"https:\/\/masquenoticias.mx\/?p=22644"},"modified":"2026-04-30T18:50:20","modified_gmt":"2026-05-01T00:50:20","slug":"gobierno-del-estado-abre-otros-20-kilometros-mas-a-6-carriles-en-la-autopista-colima-manzanillo","status":"publish","type":"post","link":"https:\/\/masquenoticias.mx\/index.php\/2026\/04\/30\/gobierno-del-estado-abre-otros-20-kilometros-mas-a-6-carriles-en-la-autopista-colima-manzanillo\/","title":{"rendered":"Gobierno del Estado abre otros 20 kil\u00f3metros m\u00e1s a 6 carriles en la autopista Colima-Manzanillo"},"content":{"rendered":"<p>El Gobierno del Estado de Colima que encabeza la mandataria Indira Vizca\u00edno Silva informa la apertura de otros veinte kil\u00f3metros m\u00e1s en la ampliaci\u00f3n de cuatro a seis carriles del kil\u00f3metro 44 al 64 en la autopista Colima-Manzanillo (tramo de Armer\u00eda hacia el puerto), fortaleciendo la movilidad y conectividad en esta v\u00eda de comunicaci\u00f3n tan estrat\u00e9gica en la regi\u00f3n.<\/p>\n<p>La Secretar\u00eda de Infraestructura, Desarrollo Urbano y Movilidad (Seidum) subray\u00f3 que esta apertura representa un avance significativo dentro del Corredor Log\u00edstico Colima-Manzanillo, una obra prioritaria que impulsa traslados m\u00e1s seguros, \u00e1giles y eficientes para quienes transitan por esta importante ruta, adem\u00e1s de favorecer el desarrollo econ\u00f3mico y comercial de la entidad.<\/p>\n<p>Con estas #ObrasQueTransforman, la administraci\u00f3n estatal de la gobernadora Indira Vizca\u00edno reafirma su compromiso con la modernizaci\u00f3n de la infraestructura carretera, generando mejores condiciones de bienestar, conectividad y desarrollo para toda la poblaci\u00f3n colimense y turistas que visitan nuestra entidad.<\/p>\n","protected":false},"excerpt":{"rendered":"<p>El Gobierno del Estado de Colima que encabeza la mandataria Indira Vizca\u00edno Silva informa la apertura de otros veinte kil\u00f3metros m\u00e1s en la ampliaci\u00f3n de cuatro a seis carriles del kil\u00f3metro 44 al 64 en la autopista Colima-Manzanillo (tramo de Armer\u00eda hacia el puerto), fortaleciendo la movilidad y conectividad en esta v\u00eda de comunicaci\u00f3n tan [&hellip;]<\/p>\n","protected":false},"author":1,"featured_media":22645,"comment_status":"open","ping_status":"open","sticky":false,"template":"","format":"standard","meta":{"_jetpack_memberships_contains_paid_content":false,"footnotes":""},"categories":[24],"tags":[175],"class_list":["post-22644","post","type-post","status-publish","format-standard","has-post-thumbnail","hentry","category-estado","tag-seidum"],"yoast_head":"<!-- This site is optimized with the Yoast SEO plugin v26.6 - https:\/\/yoast.com\/wordpress\/plugins\/seo\/ -->\n<title>Gobierno del Estado abre otros 20 kil\u00f3metros m\u00e1s a 6 carriles en la autopista Colima-Manzanillo - M\u00e1s Que Noticias<\/title>\n<meta name=\"robots\" content=\"index, follow, max-snippet:-1, max-image-preview:large, max-video-preview:-1\" \/>\n<link rel=\"canonical\" href=\"https:\/\/masquenoticias.mx\/index.php\/2026\/04\/30\/gobierno-del-estado-abre-otros-20-kilometros-mas-a-6-carriles-en-la-autopista-colima-manzanillo\/\" \/>\n<meta property=\"og:locale\" content=\"es_MX\" \/>\n<meta property=\"og:type\" content=\"article\" \/>\n<meta property=\"og:title\" content=\"Gobierno del Estado abre otros 20 kil\u00f3metros m\u00e1s a 6 carriles en la autopista Colima-Manzanillo - M\u00e1s Que Noticias\" \/>\n<meta property=\"og:description\" content=\"El Gobierno del Estado de Colima que encabeza la mandataria Indira Vizca\u00edno Silva informa la apertura de otros veinte kil\u00f3metros m\u00e1s en la ampliaci\u00f3n de cuatro a seis carriles del kil\u00f3metro 44 al 64 en la autopista Colima-Manzanillo (tramo de Armer\u00eda hacia el puerto), fortaleciendo la movilidad y conectividad en esta v\u00eda de comunicaci\u00f3n tan [&hellip;]\" \/>\n<meta property=\"og:url\" content=\"https:\/\/masquenoticias.mx\/index.php\/2026\/04\/30\/gobierno-del-estado-abre-otros-20-kilometros-mas-a-6-carriles-en-la-autopista-colima-manzanillo\/\" \/>\n<meta property=\"og:site_name\" content=\"M\u00e1s Que Noticias\" \/>\n<meta property=\"article:publisher\" content=\"https:\/\/www.facebook.com\/masquenoticiascolima\" \/>\n<meta property=\"article:published_time\" content=\"2026-05-01T00:50:20+00:00\" \/>\n<meta property=\"og:image\" content=\"https:\/\/masquenoticias.mx\/wp-content\/uploads\/2026\/04\/WhatsApp-Image-2026-04-29-at-9.44.27-PM-1.jpeg\" \/>\n\t<meta property=\"og:image:width\" content=\"1600\" \/>\n\t<meta property=\"og:image:height\" content=\"1200\" \/>\n\t<meta property=\"og:image:type\" content=\"image\/jpeg\" \/>\n<meta name=\"author\" content=\"Redacci\u00f3n\" \/>\n<meta name=\"twitter:card\" content=\"summary_large_image\" \/>\n<meta name=\"twitter:creator\" content=\"@edgartove\" \/>\n<meta name=\"twitter:site\" content=\"@edgartove\" \/>\n<meta name=\"twitter:label1\" content=\"Escrito por\" \/>\n\t<meta name=\"twitter:data1\" content=\"Redacci\u00f3n\" \/>\n\t<meta name=\"twitter:label2\" content=\"Tiempo de lectura\" \/>\n\t<meta name=\"twitter:data2\" content=\"1 minuto\" \/>\n<script type=\"application\/ld+json\" class=\"yoast-schema-graph\">{\"@context\":\"https:\/\/schema.org\",\"@graph\":[{\"@type\":\"Article\",\"@id\":\"https:\/\/masquenoticias.mx\/index.php\/2026\/04\/30\/gobierno-del-estado-abre-otros-20-kilometros-mas-a-6-carriles-en-la-autopista-colima-manzanillo\/#article\",\"isPartOf\":{\"@id\":\"https:\/\/masquenoticias.mx\/index.php\/2026\/04\/30\/gobierno-del-estado-abre-otros-20-kilometros-mas-a-6-carriles-en-la-autopista-colima-manzanillo\/\"},\"author\":{\"name\":\"Redacci\u00f3n\",\"@id\":\"https:\/\/masquenoticias.mx\/#\/schema\/person\/544d19989ef23d34615f691f7a96e622\"},\"headline\":\"Gobierno del Estado abre otros 20 kil\u00f3metros m\u00e1s a 6 carriles en la autopista Colima-Manzanillo\",\"datePublished\":\"2026-05-01T00:50:20+00:00\",\"mainEntityOfPage\":{\"@id\":\"https:\/\/masquenoticias.mx\/index.php\/2026\/04\/30\/gobierno-del-estado-abre-otros-20-kilometros-mas-a-6-carriles-en-la-autopista-colima-manzanillo\/\"},\"wordCount\":182,\"commentCount\":0,\"publisher\":{\"@id\":\"https:\/\/masquenoticias.mx\/#organization\"},\"image\":{\"@id\":\"https:\/\/masquenoticias.mx\/index.php\/2026\/04\/30\/gobierno-del-estado-abre-otros-20-kilometros-mas-a-6-carriles-en-la-autopista-colima-manzanillo\/#primaryimage\"},\"thumbnailUrl\":\"https:\/\/i0.wp.com\/masquenoticias.mx\/wp-content\/uploads\/2026\/04\/WhatsApp-Image-2026-04-29-at-9.44.27-PM-1.jpeg?fit=1600%2C1200&ssl=1\",\"keywords\":[\"Seidum\"],\"articleSection\":[\"Estado\"],\"inLanguage\":\"es\",\"potentialAction\":[{\"@type\":\"CommentAction\",\"name\":\"Comment\",\"target\":[\"https:\/\/masquenoticias.mx\/index.php\/2026\/04\/30\/gobierno-del-estado-abre-otros-20-kilometros-mas-a-6-carriles-en-la-autopista-colima-manzanillo\/#respond\"]}]},{\"@type\":\"WebPage\",\"@id\":\"https:\/\/masquenoticias.mx\/index.php\/2026\/04\/30\/gobierno-del-estado-abre-otros-20-kilometros-mas-a-6-carriles-en-la-autopista-colima-manzanillo\/\",\"url\":\"https:\/\/masquenoticias.mx\/index.php\/2026\/04\/30\/gobierno-del-estado-abre-otros-20-kilometros-mas-a-6-carriles-en-la-autopista-colima-manzanillo\/\",\"name\":\"Gobierno del Estado abre otros 20 kil\u00f3metros m\u00e1s a 6 carriles en la autopista Colima-Manzanillo - M\u00e1s Que Noticias\",\"isPartOf\":{\"@id\":\"https:\/\/masquenoticias.mx\/#website\"},\"primaryImageOfPage\":{\"@id\":\"https:\/\/masquenoticias.mx\/index.php\/2026\/04\/30\/gobierno-del-estado-abre-otros-20-kilometros-mas-a-6-carriles-en-la-autopista-colima-manzanillo\/#primaryimage\"},\"image\":{\"@id\":\"https:\/\/masquenoticias.mx\/index.php\/2026\/04\/30\/gobierno-del-estado-abre-otros-20-kilometros-mas-a-6-carriles-en-la-autopista-colima-manzanillo\/#primaryimage\"},\"thumbnailUrl\":\"https:\/\/i0.wp.com\/masquenoticias.mx\/wp-content\/uploads\/2026\/04\/WhatsApp-Image-2026-04-29-at-9.44.27-PM-1.jpeg?fit=1600%2C1200&ssl=1\",\"datePublished\":\"2026-05-01T00:50:20+00:00\",\"breadcrumb\":{\"@id\":\"https:\/\/masquenoticias.mx\/index.php\/2026\/04\/30\/gobierno-del-estado-abre-otros-20-kilometros-mas-a-6-carriles-en-la-autopista-colima-manzanillo\/#breadcrumb\"},\"inLanguage\":\"es\",\"potentialAction\":[{\"@type\":\"ReadAction\",\"target\":[\"https:\/\/masquenoticias.mx\/index.php\/2026\/04\/30\/gobierno-del-estado-abre-otros-20-kilometros-mas-a-6-carriles-en-la-autopista-colima-manzanillo\/\"]}]},{\"@type\":\"ImageObject\",\"inLanguage\":\"es\",\"@id\":\"https:\/\/masquenoticias.mx\/index.php\/2026\/04\/30\/gobierno-del-estado-abre-otros-20-kilometros-mas-a-6-carriles-en-la-autopista-colima-manzanillo\/#primaryimage\",\"url\":\"https:\/\/i0.wp.com\/masquenoticias.mx\/wp-content\/uploads\/2026\/04\/WhatsApp-Image-2026-04-29-at-9.44.27-PM-1.jpeg?fit=1600%2C1200&ssl=1\",\"contentUrl\":\"https:\/\/i0.wp.com\/masquenoticias.mx\/wp-content\/uploads\/2026\/04\/WhatsApp-Image-2026-04-29-at-9.44.27-PM-1.jpeg?fit=1600%2C1200&ssl=1\",\"width\":1600,\"height\":1200},{\"@type\":\"BreadcrumbList\",\"@id\":\"https:\/\/masquenoticias.mx\/index.php\/2026\/04\/30\/gobierno-del-estado-abre-otros-20-kilometros-mas-a-6-carriles-en-la-autopista-colima-manzanillo\/#breadcrumb\",\"itemListElement\":[{\"@type\":\"ListItem\",\"position\":1,\"name\":\"Inicio\",\"item\":\"https:\/\/masquenoticias.mx\/\"},{\"@type\":\"ListItem\",\"position\":2,\"name\":\"Gobierno del Estado abre otros 20 kil\u00f3metros m\u00e1s a 6 carriles en la autopista Colima-Manzanillo\"}]},{\"@type\":\"WebSite\",\"@id\":\"https:\/\/masquenoticias.mx\/#website\",\"url\":\"https:\/\/masquenoticias.mx\/\",\"name\":\"M\u00e1s Que Noticias\",\"description\":\"Noticias de Colima, M\u00e9xico y el Mundo\",\"publisher\":{\"@id\":\"https:\/\/masquenoticias.mx\/#organization\"},\"potentialAction\":[{\"@type\":\"SearchAction\",\"target\":{\"@type\":\"EntryPoint\",\"urlTemplate\":\"https:\/\/masquenoticias.mx\/?s={search_term_string}\"},\"query-input\":{\"@type\":\"PropertyValueSpecification\",\"valueRequired\":true,\"valueName\":\"search_term_string\"}}],\"inLanguage\":\"es\"},{\"@type\":\"Organization\",\"@id\":\"https:\/\/masquenoticias.mx\/#organization\",\"name\":\"M\u00e1s Que Noticias\",\"url\":\"https:\/\/masquenoticias.mx\/\",\"logo\":{\"@type\":\"ImageObject\",\"inLanguage\":\"es\",\"@id\":\"https:\/\/masquenoticias.mx\/#\/schema\/logo\/image\/\",\"url\":\"https:\/\/i0.wp.com\/masquenoticias.mx\/wp-content\/uploads\/2024\/04\/IMG_0004.png?fit=2560%2C1656&ssl=1\",\"contentUrl\":\"https:\/\/i0.wp.com\/masquenoticias.mx\/wp-content\/uploads\/2024\/04\/IMG_0004.png?fit=2560%2C1656&ssl=1\",\"width\":2560,\"height\":1656,\"caption\":\"M\u00e1s Que Noticias\"},\"image\":{\"@id\":\"https:\/\/masquenoticias.mx\/#\/schema\/logo\/image\/\"},\"sameAs\":[\"https:\/\/www.facebook.com\/masquenoticiascolima\",\"https:\/\/x.com\/edgartove\",\"https:\/\/www.instagram.com\/masquenoticiascolima\/\"]},{\"@type\":\"Person\",\"@id\":\"https:\/\/masquenoticias.mx\/#\/schema\/person\/544d19989ef23d34615f691f7a96e622\",\"name\":\"Redacci\u00f3n\",\"image\":{\"@type\":\"ImageObject\",\"inLanguage\":\"es\",\"@id\":\"https:\/\/masquenoticias.mx\/#\/schema\/person\/image\/\",\"url\":\"https:\/\/secure.gravatar.com\/avatar\/7fcc926d5b058d3f3d52d95b4d05dd58?s=96&d=mm&r=g\",\"contentUrl\":\"https:\/\/secure.gravatar.com\/avatar\/7fcc926d5b058d3f3d52d95b4d05dd58?s=96&d=mm&r=g\",\"caption\":\"Redacci\u00f3n\"},\"sameAs\":[\"http:\/\/masquenoticias.mx\"],\"url\":\"https:\/\/masquenoticias.mx\/index.php\/author\/edgartovegmail-com\/\"}]}<\/script>\n<!-- \/ Yoast SEO plugin. -->","yoast_head_json":{"title":"Gobierno del Estado abre otros 20 kil\u00f3metros m\u00e1s a 6 carriles en la autopista Colima-Manzanillo - M\u00e1s Que Noticias","robots":{"index":"index","follow":"follow","max-snippet":"max-snippet:-1","max-image-preview":"max-image-preview:large","max-video-preview":"max-video-preview:-1"},"canonical":"https:\/\/masquenoticias.mx\/index.php\/2026\/04\/30\/gobierno-del-estado-abre-otros-20-kilometros-mas-a-6-carriles-en-la-autopista-colima-manzanillo\/","og_locale":"es_MX","og_type":"article","og_title":"Gobierno del Estado abre otros 20 kil\u00f3metros m\u00e1s a 6 carriles en la autopista Colima-Manzanillo - M\u00e1s Que Noticias","og_description":"El Gobierno del Estado de Colima que encabeza la mandataria Indira Vizca\u00edno Silva informa la apertura de otros veinte kil\u00f3metros m\u00e1s en la ampliaci\u00f3n de cuatro a seis carriles del kil\u00f3metro 44 al 64 en la autopista Colima-Manzanillo (tramo de Armer\u00eda hacia el puerto), fortaleciendo la movilidad y conectividad en esta v\u00eda de comunicaci\u00f3n tan [&hellip;]","og_url":"https:\/\/masquenoticias.mx\/index.php\/2026\/04\/30\/gobierno-del-estado-abre-otros-20-kilometros-mas-a-6-carriles-en-la-autopista-colima-manzanillo\/","og_site_name":"M\u00e1s Que Noticias","article_publisher":"https:\/\/www.facebook.com\/masquenoticiascolima","article_published_time":"2026-05-01T00:50:20+00:00","og_image":[{"width":1600,"height":1200,"url":"https:\/\/masquenoticias.mx\/wp-content\/uploads\/2026\/04\/WhatsApp-Image-2026-04-29-at-9.44.27-PM-1.jpeg","type":"image\/jpeg"}],"author":"Redacci\u00f3n","twitter_card":"summary_large_image","twitter_creator":"@edgartove","twitter_site":"@edgartove","twitter_misc":{"Escrito por":"Redacci\u00f3n","Tiempo de lectura":"1 minuto"},"schema":{"@context":"https:\/\/schema.org","@graph":[{"@type":"Article","@id":"https:\/\/masquenoticias.mx\/index.php\/2026\/04\/30\/gobierno-del-estado-abre-otros-20-kilometros-mas-a-6-carriles-en-la-autopista-colima-manzanillo\/#article","isPartOf":{"@id":"https:\/\/masquenoticias.mx\/index.php\/2026\/04\/30\/gobierno-del-estado-abre-otros-20-kilometros-mas-a-6-carriles-en-la-autopista-colima-manzanillo\/"},"author":{"name":"Redacci\u00f3n","@id":"https:\/\/masquenoticias.mx\/#\/schema\/person\/544d19989ef23d34615f691f7a96e622"},"headline":"Gobierno del Estado abre otros 20 kil\u00f3metros m\u00e1s a 6 carriles en la autopista Colima-Manzanillo","datePublished":"2026-05-01T00:50:20+00:00","mainEntityOfPage":{"@id":"https:\/\/masquenoticias.mx\/index.php\/2026\/04\/30\/gobierno-del-estado-abre-otros-20-kilometros-mas-a-6-carriles-en-la-autopista-colima-manzanillo\/"},"wordCount":182,"commentCount":0,"publisher":{"@id":"https:\/\/masquenoticias.mx\/#organization"},"image":{"@id":"https:\/\/masquenoticias.mx\/index.php\/2026\/04\/30\/gobierno-del-estado-abre-otros-20-kilometros-mas-a-6-carriles-en-la-autopista-colima-manzanillo\/#primaryimage"},"thumbnailUrl":"https:\/\/i0.wp.com\/masquenoticias.mx\/wp-content\/uploads\/2026\/04\/WhatsApp-Image-2026-04-29-at-9.44.27-PM-1.jpeg?fit=1600%2C1200&ssl=1","keywords":["Seidum"],"articleSection":["Estado"],"inLanguage":"es","potentialAction":[{"@type":"CommentAction","name":"Comment","target":["https:\/\/masquenoticias.mx\/index.php\/2026\/04\/30\/gobierno-del-estado-abre-otros-20-kilometros-mas-a-6-carriles-en-la-autopista-colima-manzanillo\/#respond"]}]},{"@type":"WebPage","@id":"https:\/\/masquenoticias.mx\/index.php\/2026\/04\/30\/gobierno-del-estado-abre-otros-20-kilometros-mas-a-6-carriles-en-la-autopista-colima-manzanillo\/","url":"https:\/\/masquenoticias.mx\/index.php\/2026\/04\/30\/gobierno-del-estado-abre-otros-20-kilometros-mas-a-6-carriles-en-la-autopista-colima-manzanillo\/","name":"Gobierno del Estado abre otros 20 kil\u00f3metros m\u00e1s a 6 carriles en la autopista Colima-Manzanillo - M\u00e1s Que Noticias","isPartOf":{"@id":"https:\/\/masquenoticias.mx\/#website"},"primaryImageOfPage":{"@id":"https:\/\/masquenoticias.mx\/index.php\/2026\/04\/30\/gobierno-del-estado-abre-otros-20-kilometros-mas-a-6-carriles-en-la-autopista-colima-manzanillo\/#primaryimage"},"image":{"@id":"https:\/\/masquenoticias.mx\/index.php\/2026\/04\/30\/gobierno-del-estado-abre-otros-20-kilometros-mas-a-6-carriles-en-la-autopista-colima-manzanillo\/#primaryimage"},"thumbnailUrl":"https:\/\/i0.wp.com\/masquenoticias.mx\/wp-content\/uploads\/2026\/04\/WhatsApp-Image-2026-04-29-at-9.44.27-PM-1.jpeg?fit=1600%2C1200&ssl=1","datePublished":"2026-05-01T00:50:20+00:00","breadcrumb":{"@id":"https:\/\/masquenoticias.mx\/index.php\/2026\/04\/30\/gobierno-del-estado-abre-otros-20-kilometros-mas-a-6-carriles-en-la-autopista-colima-manzanillo\/#breadcrumb"},"inLanguage":"es","potentialAction":[{"@type":"ReadAction","target":["https:\/\/masquenoticias.mx\/index.php\/2026\/04\/30\/gobierno-del-estado-abre-otros-20-kilometros-mas-a-6-carriles-en-la-autopista-colima-manzanillo\/"]}]},{"@type":"ImageObject","inLanguage":"es","@id":"https:\/\/masquenoticias.mx\/index.php\/2026\/04\/30\/gobierno-del-estado-abre-otros-20-kilometros-mas-a-6-carriles-en-la-autopista-colima-manzanillo\/#primaryimage","url":"https:\/\/i0.wp.com\/masquenoticias.mx\/wp-content\/uploads\/2026\/04\/WhatsApp-Image-2026-04-29-at-9.44.27-PM-1.jpeg?fit=1600%2C1200&ssl=1","contentUrl":"https:\/\/i0.wp.com\/masquenoticias.mx\/wp-content\/uploads\/2026\/04\/WhatsApp-Image-2026-04-29-at-9.44.27-PM-1.jpeg?fit=1600%2C1200&ssl=1","width":1600,"height":1200},{"@type":"BreadcrumbList","@id":"https:\/\/masquenoticias.mx\/index.php\/2026\/04\/30\/gobierno-del-estado-abre-otros-20-kilometros-mas-a-6-carriles-en-la-autopista-colima-manzanillo\/#breadcrumb","itemListElement":[{"@type":"ListItem","position":1,"name":"Inicio","item":"https:\/\/masquenoticias.mx\/"},{"@type":"ListItem","position":2,"name":"Gobierno del Estado abre otros 20 kil\u00f3metros m\u00e1s a 6 carriles en la autopista Colima-Manzanillo"}]},{"@type":"WebSite","@id":"https:\/\/masquenoticias.mx\/#website","url":"https:\/\/masquenoticias.mx\/","name":"M\u00e1s Que Noticias","description":"Noticias de Colima, M\u00e9xico y el Mundo","publisher":{"@id":"https:\/\/masquenoticias.mx\/#organization"},"potentialAction":[{"@type":"SearchAction","target":{"@type":"EntryPoint","urlTemplate":"https:\/\/masquenoticias.mx\/?s={search_term_string}"},"query-input":{"@type":"PropertyValueSpecification","valueRequired":true,"valueName":"search_term_string"}}],"inLanguage":"es"},{"@type":"Organization","@id":"https:\/\/masquenoticias.mx\/#organization","name":"M\u00e1s Que Noticias","url":"https:\/\/masquenoticias.mx\/","logo":{"@type":"ImageObject","inLanguage":"es","@id":"https:\/\/masquenoticias.mx\/#\/schema\/logo\/image\/","url":"https:\/\/i0.wp.com\/masquenoticias.mx\/wp-content\/uploads\/2024\/04\/IMG_0004.png?fit=2560%2C1656&ssl=1","contentUrl":"https:\/\/i0.wp.com\/masquenoticias.mx\/wp-content\/uploads\/2024\/04\/IMG_0004.png?fit=2560%2C1656&ssl=1","width":2560,"height":1656,"caption":"M\u00e1s Que Noticias"},"image":{"@id":"https:\/\/masquenoticias.mx\/#\/schema\/logo\/image\/"},"sameAs":["https:\/\/www.facebook.com\/masquenoticiascolima","https:\/\/x.com\/edgartove","https:\/\/www.instagram.com\/masquenoticiascolima\/"]},{"@type":"Person","@id":"https:\/\/masquenoticias.mx\/#\/schema\/person\/544d19989ef23d34615f691f7a96e622","name":"Redacci\u00f3n","image":{"@type":"ImageObject","inLanguage":"es","@id":"https:\/\/masquenoticias.mx\/#\/schema\/person\/image\/","url":"https:\/\/secure.gravatar.com\/avatar\/7fcc926d5b058d3f3d52d95b4d05dd58?s=96&d=mm&r=g","contentUrl":"https:\/\/secure.gravatar.com\/avatar\/7fcc926d5b058d3f3d52d95b4d05dd58?s=96&d=mm&r=g","caption":"Redacci\u00f3n"},"sameAs":["http:\/\/masquenoticias.mx"],"url":"https:\/\/masquenoticias.mx\/index.php\/author\/edgartovegmail-com\/"}]}},"jetpack_featured_media_url":"https:\/\/i0.wp.com\/masquenoticias.mx\/wp-content\/uploads\/2026\/04\/WhatsApp-Image-2026-04-29-at-9.44.27-PM-1.jpeg?fit=1600%2C1200&ssl=1","blog_post_layout_featured_media_urls":{"thumbnail":["https:\/\/i0.wp.com\/masquenoticias.mx\/wp-content\/uploads\/2026\/04\/WhatsApp-Image-2026-04-29-at-9.44.27-PM-1.jpeg?resize=150%2C150&ssl=1",150,150,true],"full":["https:\/\/i0.wp.com\/masquenoticias.mx\/wp-content\/uploads\/2026\/04\/WhatsApp-Image-2026-04-29-at-9.44.27-PM-1.jpeg?fit=1600%2C1200&ssl=1",1600,1200,false]},"categories_names":{"24":{"name":"Estado","link":"https:\/\/masquenoticias.mx\/index.php\/category\/estado\/"}},"tags_names":{"175":{"name":"Seidum","link":"https:\/\/masquenoticias.mx\/index.php\/tag\/seidum\/"}},"comments_number":"0","wpmagazine_modules_lite_featured_media_urls":{"thumbnail":["https:\/\/i0.wp.com\/masquenoticias.mx\/wp-content\/uploads\/2026\/04\/WhatsApp-Image-2026-04-29-at-9.44.27-PM-1.jpeg?resize=150%2C150&ssl=1",150,150,true],"cvmm-medium":["https:\/\/i0.wp.com\/masquenoticias.mx\/wp-content\/uploads\/2026\/04\/WhatsApp-Image-2026-04-29-at-9.44.27-PM-1.jpeg?resize=300%2C300&ssl=1",300,300,true],"cvmm-medium-plus":["https:\/\/i0.wp.com\/masquenoticias.mx\/wp-content\/uploads\/2026\/04\/WhatsApp-Image-2026-04-29-at-9.44.27-PM-1.jpeg?resize=305%2C207&ssl=1",305,207,true],"cvmm-portrait":["https:\/\/i0.wp.com\/masquenoticias.mx\/wp-content\/uploads\/2026\/04\/WhatsApp-Image-2026-04-29-at-9.44.27-PM-1.jpeg?resize=400%2C600&ssl=1",400,600,true],"cvmm-medium-square":["https:\/\/i0.wp.com\/masquenoticias.mx\/wp-content\/uploads\/2026\/04\/WhatsApp-Image-2026-04-29-at-9.44.27-PM-1.jpeg?resize=600%2C600&ssl=1",600,600,true],"cvmm-large":["https:\/\/i0.wp.com\/masquenoticias.mx\/wp-content\/uploads\/2026\/04\/WhatsApp-Image-2026-04-29-at-9.44.27-PM-1.jpeg?resize=1024%2C1024&ssl=1",1024,1024,true],"cvmm-small":["https:\/\/i0.wp.com\/masquenoticias.mx\/wp-content\/uploads\/2026\/04\/WhatsApp-Image-2026-04-29-at-9.44.27-PM-1.jpeg?resize=130%2C95&ssl=1",130,95,true],"full":["https:\/\/i0.wp.com\/masquenoticias.mx\/wp-content\/uploads\/2026\/04\/WhatsApp-Image-2026-04-29-at-9.44.27-PM-1.jpeg?fit=1600%2C1200&ssl=1",1600,1200,false]},"jetpack-related-posts":[],"jetpack_sharing_enabled":true,"jetpack_likes_enabled":true,"jetpack_shortlink":"https:\/\/wp.me\/pf7pkt-5Te","_links":{"self":[{"href":"https:\/\/masquenoticias.mx\/index.php\/wp-json\/wp\/v2\/posts\/22644","targetHints":{"allow":["GET"]}}],"collection":[{"href":"https:\/\/masquenoticias.mx\/index.php\/wp-json\/wp\/v2\/posts"}],"about":[{"href":"https:\/\/masquenoticias.mx\/index.php\/wp-json\/wp\/v2\/types\/post"}],"author":[{"embeddable":true,"href":"https:\/\/masquenoticias.mx\/index.php\/wp-json\/wp\/v2\/users\/1"}],"replies":[{"embeddable":true,"href":"https:\/\/masquenoticias.mx\/index.php\/wp-json\/wp\/v2\/comments?post=22644"}],"version-history":[{"count":1,"href":"https:\/\/masquenoticias.mx\/index.php\/wp-json\/wp\/v2\/posts\/22644\/revisions"}],"predecessor-version":[{"id":22646,"href":"https:\/\/masquenoticias.mx\/index.php\/wp-json\/wp\/v2\/posts\/22644\/revisions\/22646"}],"wp:featuredmedia":[{"embeddable":true,"href":"https:\/\/masquenoticias.mx\/index.php\/wp-json\/wp\/v2\/media\/22645"}],"wp:attachment":[{"href":"https:\/\/masquenoticias.mx\/index.php\/wp-json\/wp\/v2\/media?parent=22644"}],"wp:term":[{"taxonomy":"category","embeddable":true,"href":"https:\/\/masquenoticias.mx\/index.php\/wp-json\/wp\/v2\/categories?post=22644"},{"taxonomy":"post_tag","embeddable":true,"href":"https:\/\/masquenoticias.mx\/index.php\/wp-json\/wp\/v2\/tags?post=22644"}],"curies":[{"name":"wp","href":"https:\/\/api.w.org\/{rel}","templated":true}]}}