{"id":22641,"date":"2026-04-30T18:46:49","date_gmt":"2026-05-01T00:46:49","guid":{"rendered":"https:\/\/masquenoticias.mx\/?p=22641"},"modified":"2026-04-30T18:46:49","modified_gmt":"2026-05-01T00:46:49","slug":"gobernadora-indira-vizcaino-entrego-rehabilitacion-de-canchas-y-area-de-juegos-de-cedeco-pilares-la-albarrada","status":"publish","type":"post","link":"https:\/\/masquenoticias.mx\/index.php\/2026\/04\/30\/gobernadora-indira-vizcaino-entrego-rehabilitacion-de-canchas-y-area-de-juegos-de-cedeco-pilares-la-albarrada\/","title":{"rendered":"Gobernadora Indira Vizca\u00edno entreg\u00f3 rehabilitaci\u00f3n de canchas y \u00e1rea de juegos de Cedeco-Pilares La Albarrada"},"content":{"rendered":"<p>La tarde de este jueves, la gobernadora de Colima, Indira Vizca\u00edno Silva, entreg\u00f3 una m\u00e1s de las #ObrasQueTransforman la entidad, referente a la rehabilitaci\u00f3n de las canchas de usos m\u00faltiples y futbol 7, as\u00ed como el \u00e1rea de juegos infantiles del Centro de Desarrollo Comunitario (Cedeco) &#8211; Pilares, en la colonia La Albarrada, en la zona sur de la capital colimense, en el que se invirtieron casi 5 millones de pesos; la mandataria estatal dijo que estos espacios son para que las y los vecinos se apropien de este lugar que es para el beneficio comunitario.<\/p>\n<p>&#8220;Que todo el tiempo est\u00e9 as\u00ed: con ni\u00f1as, ni\u00f1os, j\u00f3venes, personas adultas que vengan a pasar aqu\u00ed la tarde, a caminar, a jugar, a divertirse; porque estos espacios, lo que buscan es que nos reintegramos como vecinos, como sociedad&#8221;, expres\u00f3 la mandataria estatal.<\/p>\n<p>La secretaria de Infraestructura, Desarrollo Urbano y Movilidad (Seidum) del Gobierno del Estado de Colima, Marisol Neri Le\u00f3n, inform\u00f3 que en esta obra se destinaron 4.9 millones de pesos y que son recursos provenientes de las contraprestaciones por la ampliaci\u00f3n del tramo de La Salada, en la autopista Colima-Manzanillo; &#8220;gracias a esos trabajos esta obra es una realidad y gracias tambi\u00e9n a la gesti\u00f3n de nuestra gobernadora&#8221;.<\/p>\n<p>Neri Le\u00f3n agreg\u00f3 que este Cedeco-Pilares benefica a m\u00e1s 3 mil habitantes de la zona, tanto en la colonia La Albarrada como su periferia. Explic\u00f3 que en el lugar se construy\u00f3 una cancha de futbol 7 con una trotapista alrededor, se colocaron luminarias, se reemplazaron las losas de las canchas de usos m\u00faltiples, se colocaron cercos de triple nudo, se rehabilitaron tableros, se puso la iluminaci\u00f3n del lugar y as\u00ed como un cerco perimetral de 1.5 metros de altura, adem\u00e1s del \u00e1rea de juegos infantiles.<\/p>\n<p>La directora general del DIF Estatal Colima, Diana Zepeda Figueroa, se\u00f1al\u00f3 que \u00e9ste ser\u00e1 un lugar para que las familias se puedan reunir, as\u00ed como para que las ni\u00f1as y los ni\u00f1os jueguen y se diviertan sanamente.<\/p>\n","protected":false},"excerpt":{"rendered":"<p>La tarde de este jueves, la gobernadora de Colima, Indira Vizca\u00edno Silva, entreg\u00f3 una m\u00e1s de las #ObrasQueTransforman la entidad, referente a la rehabilitaci\u00f3n de las canchas de usos m\u00faltiples y futbol 7, as\u00ed como el \u00e1rea de juegos infantiles del Centro de Desarrollo Comunitario (Cedeco) &#8211; Pilares, en la colonia La Albarrada, en la [&hellip;]<\/p>\n","protected":false},"author":1,"featured_media":22642,"comment_status":"open","ping_status":"open","sticky":false,"template":"","format":"standard","meta":{"_jetpack_memberships_contains_paid_content":false,"footnotes":""},"categories":[24],"tags":[26],"class_list":["post-22641","post","type-post","status-publish","format-standard","has-post-thumbnail","hentry","category-estado","tag-indira-vizcaino"],"yoast_head":"<!-- This site is optimized with the Yoast SEO plugin v26.6 - https:\/\/yoast.com\/wordpress\/plugins\/seo\/ -->\n<title>Gobernadora Indira Vizca\u00edno entreg\u00f3 rehabilitaci\u00f3n de canchas y \u00e1rea de juegos de Cedeco-Pilares La Albarrada - M\u00e1s Que Noticias<\/title>\n<meta name=\"robots\" content=\"index, follow, max-snippet:-1, max-image-preview:large, max-video-preview:-1\" \/>\n<link rel=\"canonical\" href=\"https:\/\/masquenoticias.mx\/index.php\/2026\/04\/30\/gobernadora-indira-vizcaino-entrego-rehabilitacion-de-canchas-y-area-de-juegos-de-cedeco-pilares-la-albarrada\/\" \/>\n<meta property=\"og:locale\" content=\"es_MX\" \/>\n<meta property=\"og:type\" content=\"article\" \/>\n<meta property=\"og:title\" content=\"Gobernadora Indira Vizca\u00edno entreg\u00f3 rehabilitaci\u00f3n de canchas y \u00e1rea de juegos de Cedeco-Pilares La Albarrada - M\u00e1s Que Noticias\" \/>\n<meta property=\"og:description\" content=\"La tarde de este jueves, la gobernadora de Colima, Indira Vizca\u00edno Silva, entreg\u00f3 una m\u00e1s de las #ObrasQueTransforman la entidad, referente a la rehabilitaci\u00f3n de las canchas de usos m\u00faltiples y futbol 7, as\u00ed como el \u00e1rea de juegos infantiles del Centro de Desarrollo Comunitario (Cedeco) &#8211; Pilares, en la colonia La Albarrada, en la [&hellip;]\" \/>\n<meta property=\"og:url\" content=\"https:\/\/masquenoticias.mx\/index.php\/2026\/04\/30\/gobernadora-indira-vizcaino-entrego-rehabilitacion-de-canchas-y-area-de-juegos-de-cedeco-pilares-la-albarrada\/\" \/>\n<meta property=\"og:site_name\" content=\"M\u00e1s Que Noticias\" \/>\n<meta property=\"article:publisher\" content=\"https:\/\/www.facebook.com\/masquenoticiascolima\" \/>\n<meta property=\"article:published_time\" content=\"2026-05-01T00:46:49+00:00\" \/>\n<meta property=\"og:image\" content=\"https:\/\/masquenoticias.mx\/wp-content\/uploads\/2026\/04\/WhatsApp-Image-2026-04-29-at-9.00.08-PM-scaled.jpeg\" \/>\n\t<meta property=\"og:image:width\" content=\"2560\" \/>\n\t<meta property=\"og:image:height\" content=\"1706\" \/>\n\t<meta property=\"og:image:type\" content=\"image\/jpeg\" \/>\n<meta name=\"author\" content=\"Redacci\u00f3n\" \/>\n<meta name=\"twitter:card\" content=\"summary_large_image\" \/>\n<meta name=\"twitter:creator\" content=\"@edgartove\" \/>\n<meta name=\"twitter:site\" content=\"@edgartove\" \/>\n<meta name=\"twitter:label1\" content=\"Escrito por\" \/>\n\t<meta name=\"twitter:data1\" content=\"Redacci\u00f3n\" \/>\n\t<meta name=\"twitter:label2\" content=\"Tiempo de lectura\" \/>\n\t<meta name=\"twitter:data2\" content=\"2 minutos\" \/>\n<script type=\"application\/ld+json\" class=\"yoast-schema-graph\">{\"@context\":\"https:\/\/schema.org\",\"@graph\":[{\"@type\":\"Article\",\"@id\":\"https:\/\/masquenoticias.mx\/index.php\/2026\/04\/30\/gobernadora-indira-vizcaino-entrego-rehabilitacion-de-canchas-y-area-de-juegos-de-cedeco-pilares-la-albarrada\/#article\",\"isPartOf\":{\"@id\":\"https:\/\/masquenoticias.mx\/index.php\/2026\/04\/30\/gobernadora-indira-vizcaino-entrego-rehabilitacion-de-canchas-y-area-de-juegos-de-cedeco-pilares-la-albarrada\/\"},\"author\":{\"name\":\"Redacci\u00f3n\",\"@id\":\"https:\/\/masquenoticias.mx\/#\/schema\/person\/544d19989ef23d34615f691f7a96e622\"},\"headline\":\"Gobernadora Indira Vizca\u00edno entreg\u00f3 rehabilitaci\u00f3n de canchas y \u00e1rea de juegos de Cedeco-Pilares La Albarrada\",\"datePublished\":\"2026-05-01T00:46:49+00:00\",\"mainEntityOfPage\":{\"@id\":\"https:\/\/masquenoticias.mx\/index.php\/2026\/04\/30\/gobernadora-indira-vizcaino-entrego-rehabilitacion-de-canchas-y-area-de-juegos-de-cedeco-pilares-la-albarrada\/\"},\"wordCount\":358,\"commentCount\":0,\"publisher\":{\"@id\":\"https:\/\/masquenoticias.mx\/#organization\"},\"image\":{\"@id\":\"https:\/\/masquenoticias.mx\/index.php\/2026\/04\/30\/gobernadora-indira-vizcaino-entrego-rehabilitacion-de-canchas-y-area-de-juegos-de-cedeco-pilares-la-albarrada\/#primaryimage\"},\"thumbnailUrl\":\"https:\/\/i0.wp.com\/masquenoticias.mx\/wp-content\/uploads\/2026\/04\/WhatsApp-Image-2026-04-29-at-9.00.08-PM-scaled.jpeg?fit=2560%2C1706&ssl=1\",\"keywords\":[\"Indira Vizca\u00edno\"],\"articleSection\":[\"Estado\"],\"inLanguage\":\"es\",\"potentialAction\":[{\"@type\":\"CommentAction\",\"name\":\"Comment\",\"target\":[\"https:\/\/masquenoticias.mx\/index.php\/2026\/04\/30\/gobernadora-indira-vizcaino-entrego-rehabilitacion-de-canchas-y-area-de-juegos-de-cedeco-pilares-la-albarrada\/#respond\"]}]},{\"@type\":\"WebPage\",\"@id\":\"https:\/\/masquenoticias.mx\/index.php\/2026\/04\/30\/gobernadora-indira-vizcaino-entrego-rehabilitacion-de-canchas-y-area-de-juegos-de-cedeco-pilares-la-albarrada\/\",\"url\":\"https:\/\/masquenoticias.mx\/index.php\/2026\/04\/30\/gobernadora-indira-vizcaino-entrego-rehabilitacion-de-canchas-y-area-de-juegos-de-cedeco-pilares-la-albarrada\/\",\"name\":\"Gobernadora Indira Vizca\u00edno entreg\u00f3 rehabilitaci\u00f3n de canchas y \u00e1rea de juegos de Cedeco-Pilares La Albarrada - M\u00e1s Que Noticias\",\"isPartOf\":{\"@id\":\"https:\/\/masquenoticias.mx\/#website\"},\"primaryImageOfPage\":{\"@id\":\"https:\/\/masquenoticias.mx\/index.php\/2026\/04\/30\/gobernadora-indira-vizcaino-entrego-rehabilitacion-de-canchas-y-area-de-juegos-de-cedeco-pilares-la-albarrada\/#primaryimage\"},\"image\":{\"@id\":\"https:\/\/masquenoticias.mx\/index.php\/2026\/04\/30\/gobernadora-indira-vizcaino-entrego-rehabilitacion-de-canchas-y-area-de-juegos-de-cedeco-pilares-la-albarrada\/#primaryimage\"},\"thumbnailUrl\":\"https:\/\/i0.wp.com\/masquenoticias.mx\/wp-content\/uploads\/2026\/04\/WhatsApp-Image-2026-04-29-at-9.00.08-PM-scaled.jpeg?fit=2560%2C1706&ssl=1\",\"datePublished\":\"2026-05-01T00:46:49+00:00\",\"breadcrumb\":{\"@id\":\"https:\/\/masquenoticias.mx\/index.php\/2026\/04\/30\/gobernadora-indira-vizcaino-entrego-rehabilitacion-de-canchas-y-area-de-juegos-de-cedeco-pilares-la-albarrada\/#breadcrumb\"},\"inLanguage\":\"es\",\"potentialAction\":[{\"@type\":\"ReadAction\",\"target\":[\"https:\/\/masquenoticias.mx\/index.php\/2026\/04\/30\/gobernadora-indira-vizcaino-entrego-rehabilitacion-de-canchas-y-area-de-juegos-de-cedeco-pilares-la-albarrada\/\"]}]},{\"@type\":\"ImageObject\",\"inLanguage\":\"es\",\"@id\":\"https:\/\/masquenoticias.mx\/index.php\/2026\/04\/30\/gobernadora-indira-vizcaino-entrego-rehabilitacion-de-canchas-y-area-de-juegos-de-cedeco-pilares-la-albarrada\/#primaryimage\",\"url\":\"https:\/\/i0.wp.com\/masquenoticias.mx\/wp-content\/uploads\/2026\/04\/WhatsApp-Image-2026-04-29-at-9.00.08-PM-scaled.jpeg?fit=2560%2C1706&ssl=1\",\"contentUrl\":\"https:\/\/i0.wp.com\/masquenoticias.mx\/wp-content\/uploads\/2026\/04\/WhatsApp-Image-2026-04-29-at-9.00.08-PM-scaled.jpeg?fit=2560%2C1706&ssl=1\",\"width\":2560,\"height\":1706},{\"@type\":\"BreadcrumbList\",\"@id\":\"https:\/\/masquenoticias.mx\/index.php\/2026\/04\/30\/gobernadora-indira-vizcaino-entrego-rehabilitacion-de-canchas-y-area-de-juegos-de-cedeco-pilares-la-albarrada\/#breadcrumb\",\"itemListElement\":[{\"@type\":\"ListItem\",\"position\":1,\"name\":\"Inicio\",\"item\":\"https:\/\/masquenoticias.mx\/\"},{\"@type\":\"ListItem\",\"position\":2,\"name\":\"Gobernadora Indira Vizca\u00edno entreg\u00f3 rehabilitaci\u00f3n de canchas y \u00e1rea de juegos de Cedeco-Pilares La Albarrada\"}]},{\"@type\":\"WebSite\",\"@id\":\"https:\/\/masquenoticias.mx\/#website\",\"url\":\"https:\/\/masquenoticias.mx\/\",\"name\":\"M\u00e1s Que Noticias\",\"description\":\"Noticias de Colima, M\u00e9xico y el Mundo\",\"publisher\":{\"@id\":\"https:\/\/masquenoticias.mx\/#organization\"},\"potentialAction\":[{\"@type\":\"SearchAction\",\"target\":{\"@type\":\"EntryPoint\",\"urlTemplate\":\"https:\/\/masquenoticias.mx\/?s={search_term_string}\"},\"query-input\":{\"@type\":\"PropertyValueSpecification\",\"valueRequired\":true,\"valueName\":\"search_term_string\"}}],\"inLanguage\":\"es\"},{\"@type\":\"Organization\",\"@id\":\"https:\/\/masquenoticias.mx\/#organization\",\"name\":\"M\u00e1s Que Noticias\",\"url\":\"https:\/\/masquenoticias.mx\/\",\"logo\":{\"@type\":\"ImageObject\",\"inLanguage\":\"es\",\"@id\":\"https:\/\/masquenoticias.mx\/#\/schema\/logo\/image\/\",\"url\":\"https:\/\/i0.wp.com\/masquenoticias.mx\/wp-content\/uploads\/2024\/04\/IMG_0004.png?fit=2560%2C1656&ssl=1\",\"contentUrl\":\"https:\/\/i0.wp.com\/masquenoticias.mx\/wp-content\/uploads\/2024\/04\/IMG_0004.png?fit=2560%2C1656&ssl=1\",\"width\":2560,\"height\":1656,\"caption\":\"M\u00e1s Que Noticias\"},\"image\":{\"@id\":\"https:\/\/masquenoticias.mx\/#\/schema\/logo\/image\/\"},\"sameAs\":[\"https:\/\/www.facebook.com\/masquenoticiascolima\",\"https:\/\/x.com\/edgartove\",\"https:\/\/www.instagram.com\/masquenoticiascolima\/\"]},{\"@type\":\"Person\",\"@id\":\"https:\/\/masquenoticias.mx\/#\/schema\/person\/544d19989ef23d34615f691f7a96e622\",\"name\":\"Redacci\u00f3n\",\"image\":{\"@type\":\"ImageObject\",\"inLanguage\":\"es\",\"@id\":\"https:\/\/masquenoticias.mx\/#\/schema\/person\/image\/\",\"url\":\"https:\/\/secure.gravatar.com\/avatar\/7fcc926d5b058d3f3d52d95b4d05dd58?s=96&d=mm&r=g\",\"contentUrl\":\"https:\/\/secure.gravatar.com\/avatar\/7fcc926d5b058d3f3d52d95b4d05dd58?s=96&d=mm&r=g\",\"caption\":\"Redacci\u00f3n\"},\"sameAs\":[\"http:\/\/masquenoticias.mx\"],\"url\":\"https:\/\/masquenoticias.mx\/index.php\/author\/edgartovegmail-com\/\"}]}<\/script>\n<!-- \/ Yoast SEO plugin. -->","yoast_head_json":{"title":"Gobernadora Indira Vizca\u00edno entreg\u00f3 rehabilitaci\u00f3n de canchas y \u00e1rea de juegos de Cedeco-Pilares La Albarrada - M\u00e1s Que Noticias","robots":{"index":"index","follow":"follow","max-snippet":"max-snippet:-1","max-image-preview":"max-image-preview:large","max-video-preview":"max-video-preview:-1"},"canonical":"https:\/\/masquenoticias.mx\/index.php\/2026\/04\/30\/gobernadora-indira-vizcaino-entrego-rehabilitacion-de-canchas-y-area-de-juegos-de-cedeco-pilares-la-albarrada\/","og_locale":"es_MX","og_type":"article","og_title":"Gobernadora Indira Vizca\u00edno entreg\u00f3 rehabilitaci\u00f3n de canchas y \u00e1rea de juegos de Cedeco-Pilares La Albarrada - M\u00e1s Que Noticias","og_description":"La tarde de este jueves, la gobernadora de Colima, Indira Vizca\u00edno Silva, entreg\u00f3 una m\u00e1s de las #ObrasQueTransforman la entidad, referente a la rehabilitaci\u00f3n de las canchas de usos m\u00faltiples y futbol 7, as\u00ed como el \u00e1rea de juegos infantiles del Centro de Desarrollo Comunitario (Cedeco) &#8211; Pilares, en la colonia La Albarrada, en la [&hellip;]","og_url":"https:\/\/masquenoticias.mx\/index.php\/2026\/04\/30\/gobernadora-indira-vizcaino-entrego-rehabilitacion-de-canchas-y-area-de-juegos-de-cedeco-pilares-la-albarrada\/","og_site_name":"M\u00e1s Que Noticias","article_publisher":"https:\/\/www.facebook.com\/masquenoticiascolima","article_published_time":"2026-05-01T00:46:49+00:00","og_image":[{"width":2560,"height":1706,"url":"https:\/\/masquenoticias.mx\/wp-content\/uploads\/2026\/04\/WhatsApp-Image-2026-04-29-at-9.00.08-PM-scaled.jpeg","type":"image\/jpeg"}],"author":"Redacci\u00f3n","twitter_card":"summary_large_image","twitter_creator":"@edgartove","twitter_site":"@edgartove","twitter_misc":{"Escrito por":"Redacci\u00f3n","Tiempo de lectura":"2 minutos"},"schema":{"@context":"https:\/\/schema.org","@graph":[{"@type":"Article","@id":"https:\/\/masquenoticias.mx\/index.php\/2026\/04\/30\/gobernadora-indira-vizcaino-entrego-rehabilitacion-de-canchas-y-area-de-juegos-de-cedeco-pilares-la-albarrada\/#article","isPartOf":{"@id":"https:\/\/masquenoticias.mx\/index.php\/2026\/04\/30\/gobernadora-indira-vizcaino-entrego-rehabilitacion-de-canchas-y-area-de-juegos-de-cedeco-pilares-la-albarrada\/"},"author":{"name":"Redacci\u00f3n","@id":"https:\/\/masquenoticias.mx\/#\/schema\/person\/544d19989ef23d34615f691f7a96e622"},"headline":"Gobernadora Indira Vizca\u00edno entreg\u00f3 rehabilitaci\u00f3n de canchas y \u00e1rea de juegos de Cedeco-Pilares La Albarrada","datePublished":"2026-05-01T00:46:49+00:00","mainEntityOfPage":{"@id":"https:\/\/masquenoticias.mx\/index.php\/2026\/04\/30\/gobernadora-indira-vizcaino-entrego-rehabilitacion-de-canchas-y-area-de-juegos-de-cedeco-pilares-la-albarrada\/"},"wordCount":358,"commentCount":0,"publisher":{"@id":"https:\/\/masquenoticias.mx\/#organization"},"image":{"@id":"https:\/\/masquenoticias.mx\/index.php\/2026\/04\/30\/gobernadora-indira-vizcaino-entrego-rehabilitacion-de-canchas-y-area-de-juegos-de-cedeco-pilares-la-albarrada\/#primaryimage"},"thumbnailUrl":"https:\/\/i0.wp.com\/masquenoticias.mx\/wp-content\/uploads\/2026\/04\/WhatsApp-Image-2026-04-29-at-9.00.08-PM-scaled.jpeg?fit=2560%2C1706&ssl=1","keywords":["Indira Vizca\u00edno"],"articleSection":["Estado"],"inLanguage":"es","potentialAction":[{"@type":"CommentAction","name":"Comment","target":["https:\/\/masquenoticias.mx\/index.php\/2026\/04\/30\/gobernadora-indira-vizcaino-entrego-rehabilitacion-de-canchas-y-area-de-juegos-de-cedeco-pilares-la-albarrada\/#respond"]}]},{"@type":"WebPage","@id":"https:\/\/masquenoticias.mx\/index.php\/2026\/04\/30\/gobernadora-indira-vizcaino-entrego-rehabilitacion-de-canchas-y-area-de-juegos-de-cedeco-pilares-la-albarrada\/","url":"https:\/\/masquenoticias.mx\/index.php\/2026\/04\/30\/gobernadora-indira-vizcaino-entrego-rehabilitacion-de-canchas-y-area-de-juegos-de-cedeco-pilares-la-albarrada\/","name":"Gobernadora Indira Vizca\u00edno entreg\u00f3 rehabilitaci\u00f3n de canchas y \u00e1rea de juegos de Cedeco-Pilares La Albarrada - M\u00e1s Que Noticias","isPartOf":{"@id":"https:\/\/masquenoticias.mx\/#website"},"primaryImageOfPage":{"@id":"https:\/\/masquenoticias.mx\/index.php\/2026\/04\/30\/gobernadora-indira-vizcaino-entrego-rehabilitacion-de-canchas-y-area-de-juegos-de-cedeco-pilares-la-albarrada\/#primaryimage"},"image":{"@id":"https:\/\/masquenoticias.mx\/index.php\/2026\/04\/30\/gobernadora-indira-vizcaino-entrego-rehabilitacion-de-canchas-y-area-de-juegos-de-cedeco-pilares-la-albarrada\/#primaryimage"},"thumbnailUrl":"https:\/\/i0.wp.com\/masquenoticias.mx\/wp-content\/uploads\/2026\/04\/WhatsApp-Image-2026-04-29-at-9.00.08-PM-scaled.jpeg?fit=2560%2C1706&ssl=1","datePublished":"2026-05-01T00:46:49+00:00","breadcrumb":{"@id":"https:\/\/masquenoticias.mx\/index.php\/2026\/04\/30\/gobernadora-indira-vizcaino-entrego-rehabilitacion-de-canchas-y-area-de-juegos-de-cedeco-pilares-la-albarrada\/#breadcrumb"},"inLanguage":"es","potentialAction":[{"@type":"ReadAction","target":["https:\/\/masquenoticias.mx\/index.php\/2026\/04\/30\/gobernadora-indira-vizcaino-entrego-rehabilitacion-de-canchas-y-area-de-juegos-de-cedeco-pilares-la-albarrada\/"]}]},{"@type":"ImageObject","inLanguage":"es","@id":"https:\/\/masquenoticias.mx\/index.php\/2026\/04\/30\/gobernadora-indira-vizcaino-entrego-rehabilitacion-de-canchas-y-area-de-juegos-de-cedeco-pilares-la-albarrada\/#primaryimage","url":"https:\/\/i0.wp.com\/masquenoticias.mx\/wp-content\/uploads\/2026\/04\/WhatsApp-Image-2026-04-29-at-9.00.08-PM-scaled.jpeg?fit=2560%2C1706&ssl=1","contentUrl":"https:\/\/i0.wp.com\/masquenoticias.mx\/wp-content\/uploads\/2026\/04\/WhatsApp-Image-2026-04-29-at-9.00.08-PM-scaled.jpeg?fit=2560%2C1706&ssl=1","width":2560,"height":1706},{"@type":"BreadcrumbList","@id":"https:\/\/masquenoticias.mx\/index.php\/2026\/04\/30\/gobernadora-indira-vizcaino-entrego-rehabilitacion-de-canchas-y-area-de-juegos-de-cedeco-pilares-la-albarrada\/#breadcrumb","itemListElement":[{"@type":"ListItem","position":1,"name":"Inicio","item":"https:\/\/masquenoticias.mx\/"},{"@type":"ListItem","position":2,"name":"Gobernadora Indira Vizca\u00edno entreg\u00f3 rehabilitaci\u00f3n de canchas y \u00e1rea de juegos de Cedeco-Pilares La Albarrada"}]},{"@type":"WebSite","@id":"https:\/\/masquenoticias.mx\/#website","url":"https:\/\/masquenoticias.mx\/","name":"M\u00e1s Que Noticias","description":"Noticias de Colima, M\u00e9xico y el Mundo","publisher":{"@id":"https:\/\/masquenoticias.mx\/#organization"},"potentialAction":[{"@type":"SearchAction","target":{"@type":"EntryPoint","urlTemplate":"https:\/\/masquenoticias.mx\/?s={search_term_string}"},"query-input":{"@type":"PropertyValueSpecification","valueRequired":true,"valueName":"search_term_string"}}],"inLanguage":"es"},{"@type":"Organization","@id":"https:\/\/masquenoticias.mx\/#organization","name":"M\u00e1s Que Noticias","url":"https:\/\/masquenoticias.mx\/","logo":{"@type":"ImageObject","inLanguage":"es","@id":"https:\/\/masquenoticias.mx\/#\/schema\/logo\/image\/","url":"https:\/\/i0.wp.com\/masquenoticias.mx\/wp-content\/uploads\/2024\/04\/IMG_0004.png?fit=2560%2C1656&ssl=1","contentUrl":"https:\/\/i0.wp.com\/masquenoticias.mx\/wp-content\/uploads\/2024\/04\/IMG_0004.png?fit=2560%2C1656&ssl=1","width":2560,"height":1656,"caption":"M\u00e1s Que Noticias"},"image":{"@id":"https:\/\/masquenoticias.mx\/#\/schema\/logo\/image\/"},"sameAs":["https:\/\/www.facebook.com\/masquenoticiascolima","https:\/\/x.com\/edgartove","https:\/\/www.instagram.com\/masquenoticiascolima\/"]},{"@type":"Person","@id":"https:\/\/masquenoticias.mx\/#\/schema\/person\/544d19989ef23d34615f691f7a96e622","name":"Redacci\u00f3n","image":{"@type":"ImageObject","inLanguage":"es","@id":"https:\/\/masquenoticias.mx\/#\/schema\/person\/image\/","url":"https:\/\/secure.gravatar.com\/avatar\/7fcc926d5b058d3f3d52d95b4d05dd58?s=96&d=mm&r=g","contentUrl":"https:\/\/secure.gravatar.com\/avatar\/7fcc926d5b058d3f3d52d95b4d05dd58?s=96&d=mm&r=g","caption":"Redacci\u00f3n"},"sameAs":["http:\/\/masquenoticias.mx"],"url":"https:\/\/masquenoticias.mx\/index.php\/author\/edgartovegmail-com\/"}]}},"jetpack_featured_media_url":"https:\/\/i0.wp.com\/masquenoticias.mx\/wp-content\/uploads\/2026\/04\/WhatsApp-Image-2026-04-29-at-9.00.08-PM-scaled.jpeg?fit=2560%2C1706&ssl=1","blog_post_layout_featured_media_urls":{"thumbnail":["https:\/\/i0.wp.com\/masquenoticias.mx\/wp-content\/uploads\/2026\/04\/WhatsApp-Image-2026-04-29-at-9.00.08-PM-scaled.jpeg?resize=150%2C150&ssl=1",150,150,true],"full":["https:\/\/i0.wp.com\/masquenoticias.mx\/wp-content\/uploads\/2026\/04\/WhatsApp-Image-2026-04-29-at-9.00.08-PM-scaled.jpeg?fit=2560%2C1706&ssl=1",2560,1706,false]},"categories_names":{"24":{"name":"Estado","link":"https:\/\/masquenoticias.mx\/index.php\/category\/estado\/"}},"tags_names":{"26":{"name":"Indira Vizca\u00edno","link":"https:\/\/masquenoticias.mx\/index.php\/tag\/indira-vizcaino\/"}},"comments_number":"0","wpmagazine_modules_lite_featured_media_urls":{"thumbnail":["https:\/\/i0.wp.com\/masquenoticias.mx\/wp-content\/uploads\/2026\/04\/WhatsApp-Image-2026-04-29-at-9.00.08-PM-scaled.jpeg?resize=150%2C150&ssl=1",150,150,true],"cvmm-medium":["https:\/\/i0.wp.com\/masquenoticias.mx\/wp-content\/uploads\/2026\/04\/WhatsApp-Image-2026-04-29-at-9.00.08-PM-scaled.jpeg?resize=300%2C300&ssl=1",300,300,true],"cvmm-medium-plus":["https:\/\/i0.wp.com\/masquenoticias.mx\/wp-content\/uploads\/2026\/04\/WhatsApp-Image-2026-04-29-at-9.00.08-PM-scaled.jpeg?resize=305%2C207&ssl=1",305,207,true],"cvmm-portrait":["https:\/\/i0.wp.com\/masquenoticias.mx\/wp-content\/uploads\/2026\/04\/WhatsApp-Image-2026-04-29-at-9.00.08-PM-scaled.jpeg?resize=400%2C600&ssl=1",400,600,true],"cvmm-medium-square":["https:\/\/i0.wp.com\/masquenoticias.mx\/wp-content\/uploads\/2026\/04\/WhatsApp-Image-2026-04-29-at-9.00.08-PM-scaled.jpeg?resize=600%2C600&ssl=1",600,600,true],"cvmm-large":["https:\/\/i0.wp.com\/masquenoticias.mx\/wp-content\/uploads\/2026\/04\/WhatsApp-Image-2026-04-29-at-9.00.08-PM-scaled.jpeg?resize=1024%2C1024&ssl=1",1024,1024,true],"cvmm-small":["https:\/\/i0.wp.com\/masquenoticias.mx\/wp-content\/uploads\/2026\/04\/WhatsApp-Image-2026-04-29-at-9.00.08-PM-scaled.jpeg?resize=130%2C95&ssl=1",130,95,true],"full":["https:\/\/i0.wp.com\/masquenoticias.mx\/wp-content\/uploads\/2026\/04\/WhatsApp-Image-2026-04-29-at-9.00.08-PM-scaled.jpeg?fit=2560%2C1706&ssl=1",2560,1706,false]},"jetpack-related-posts":[],"jetpack_sharing_enabled":true,"jetpack_likes_enabled":true,"jetpack_shortlink":"https:\/\/wp.me\/pf7pkt-5Tb","_links":{"self":[{"href":"https:\/\/masquenoticias.mx\/index.php\/wp-json\/wp\/v2\/posts\/22641","targetHints":{"allow":["GET"]}}],"collection":[{"href":"https:\/\/masquenoticias.mx\/index.php\/wp-json\/wp\/v2\/posts"}],"about":[{"href":"https:\/\/masquenoticias.mx\/index.php\/wp-json\/wp\/v2\/types\/post"}],"author":[{"embeddable":true,"href":"https:\/\/masquenoticias.mx\/index.php\/wp-json\/wp\/v2\/users\/1"}],"replies":[{"embeddable":true,"href":"https:\/\/masquenoticias.mx\/index.php\/wp-json\/wp\/v2\/comments?post=22641"}],"version-history":[{"count":1,"href":"https:\/\/masquenoticias.mx\/index.php\/wp-json\/wp\/v2\/posts\/22641\/revisions"}],"predecessor-version":[{"id":22643,"href":"https:\/\/masquenoticias.mx\/index.php\/wp-json\/wp\/v2\/posts\/22641\/revisions\/22643"}],"wp:featuredmedia":[{"embeddable":true,"href":"https:\/\/masquenoticias.mx\/index.php\/wp-json\/wp\/v2\/media\/22642"}],"wp:attachment":[{"href":"https:\/\/masquenoticias.mx\/index.php\/wp-json\/wp\/v2\/media?parent=22641"}],"wp:term":[{"taxonomy":"category","embeddable":true,"href":"https:\/\/masquenoticias.mx\/index.php\/wp-json\/wp\/v2\/categories?post=22641"},{"taxonomy":"post_tag","embeddable":true,"href":"https:\/\/masquenoticias.mx\/index.php\/wp-json\/wp\/v2\/tags?post=22641"}],"curies":[{"name":"wp","href":"https:\/\/api.w.org\/{rel}","templated":true}]}}