{"id":22638,"date":"2026-04-30T18:40:17","date_gmt":"2026-05-01T00:40:17","guid":{"rendered":"https:\/\/masquenoticias.mx\/?p=22638"},"modified":"2026-04-30T18:40:17","modified_gmt":"2026-05-01T00:40:17","slug":"entran-en-vigor-descuentos-aprobados-por-el-congreso-en-tenencia-y-calcomania-vehicular","status":"publish","type":"post","link":"https:\/\/masquenoticias.mx\/index.php\/2026\/04\/30\/entran-en-vigor-descuentos-aprobados-por-el-congreso-en-tenencia-y-calcomania-vehicular\/","title":{"rendered":"Entran en vigor descuentos aprobados por el Congreso en tenencia y calcoman\u00eda vehicular"},"content":{"rendered":"<p>Tras su publicaci\u00f3n en el Peri\u00f3dico Oficial \u201cEl Estado de Colima\u201d, ya se encuentra vigente el decreto aprobado por el Pleno del H. Congreso del Estado mediante el que se autorizan descuentos en materia de tenencia y calcoman\u00eda fiscal vehicular para contribuyentes de la entidad.<\/p>\n<p>Los descuentos consisten en lo siguiente:<\/p>\n<p>1. Ampliaci\u00f3n del plazo hasta el 31 de octubre, para el pago del impuesto sobre tenencia o uso de veh\u00edculos del ejercicio fiscal 2026, pudiendo acceder al subsidio del impuesto de acuerdo con los siguientes porcentajes: 80% para los meses de abril y mayo; 70% en el mes de junio; 60% en el mes de julio; 50% en el mes de agosto; 40% en el mes de septiembre, y 30% en el mes de octubre.<\/p>\n<p>2. Ampliaci\u00f3n del plazo, hasta el 31 de octubre de 2026, para el pago del derecho por la renovaci\u00f3n anual de la calcoman\u00eda fiscal vehicular del ejercicio fiscal 2026;<\/p>\n<p>3. Descuento del 50%, hasta el 30 de junio de 2026, por adeudos en el pago del impuesto sobre tenencia o uso de veh\u00edculos, respecto de los ejercicios fiscales 2025 y anteriores;<\/p>\n<p>4. Descuento del 50%, hasta el 30 de junio de 2026, por adeudos en el pago del derecho por la renovaci\u00f3n anual de la calcoman\u00eda fiscal vehicular, respecto de los ejercicios fiscales 2025 y anteriores;<\/p>\n<p>5. Descuento del 50%, hasta el 30 de junio de 2026, en multas y recargos generados por la falta de pago del impuesto sobre tenencia o uso de veh\u00edculos, y del derecho por la renovaci\u00f3n anual de la calcoman\u00eda fiscal vehicular, respecto de los ejercicios fiscales 2026 y anteriores.<\/p>\n","protected":false},"excerpt":{"rendered":"<p>Tras su publicaci\u00f3n en el Peri\u00f3dico Oficial \u201cEl Estado de Colima\u201d, ya se encuentra vigente el decreto aprobado por el Pleno del H. Congreso del Estado mediante el que se autorizan descuentos en materia de tenencia y calcoman\u00eda fiscal vehicular para contribuyentes de la entidad. Los descuentos consisten en lo siguiente: 1. Ampliaci\u00f3n del plazo [&hellip;]<\/p>\n","protected":false},"author":1,"featured_media":22639,"comment_status":"open","ping_status":"open","sticky":false,"template":"","format":"standard","meta":{"_jetpack_memberships_contains_paid_content":false,"footnotes":""},"categories":[32],"tags":[628],"class_list":["post-22638","post","type-post","status-publish","format-standard","has-post-thumbnail","hentry","category-politica","tag-congreso-colima"],"yoast_head":"<!-- This site is optimized with the Yoast SEO plugin v26.6 - https:\/\/yoast.com\/wordpress\/plugins\/seo\/ -->\n<title>Entran en vigor descuentos aprobados por el Congreso en tenencia y calcoman\u00eda vehicular - M\u00e1s Que Noticias<\/title>\n<meta name=\"robots\" content=\"index, follow, max-snippet:-1, max-image-preview:large, max-video-preview:-1\" \/>\n<link rel=\"canonical\" href=\"https:\/\/masquenoticias.mx\/index.php\/2026\/04\/30\/entran-en-vigor-descuentos-aprobados-por-el-congreso-en-tenencia-y-calcomania-vehicular\/\" \/>\n<meta property=\"og:locale\" content=\"es_MX\" \/>\n<meta property=\"og:type\" content=\"article\" \/>\n<meta property=\"og:title\" content=\"Entran en vigor descuentos aprobados por el Congreso en tenencia y calcoman\u00eda vehicular - M\u00e1s Que Noticias\" \/>\n<meta property=\"og:description\" content=\"Tras su publicaci\u00f3n en el Peri\u00f3dico Oficial \u201cEl Estado de Colima\u201d, ya se encuentra vigente el decreto aprobado por el Pleno del H. Congreso del Estado mediante el que se autorizan descuentos en materia de tenencia y calcoman\u00eda fiscal vehicular para contribuyentes de la entidad. Los descuentos consisten en lo siguiente: 1. Ampliaci\u00f3n del plazo [&hellip;]\" \/>\n<meta property=\"og:url\" content=\"https:\/\/masquenoticias.mx\/index.php\/2026\/04\/30\/entran-en-vigor-descuentos-aprobados-por-el-congreso-en-tenencia-y-calcomania-vehicular\/\" \/>\n<meta property=\"og:site_name\" content=\"M\u00e1s Que Noticias\" \/>\n<meta property=\"article:publisher\" content=\"https:\/\/www.facebook.com\/masquenoticiascolima\" \/>\n<meta property=\"article:published_time\" content=\"2026-05-01T00:40:17+00:00\" \/>\n<meta property=\"og:image\" content=\"https:\/\/masquenoticias.mx\/wp-content\/uploads\/2026\/04\/WhatsApp-Image-2026-04-30-at-3.26.51-PM.jpeg\" \/>\n\t<meta property=\"og:image:width\" content=\"1280\" \/>\n\t<meta property=\"og:image:height\" content=\"853\" \/>\n\t<meta property=\"og:image:type\" content=\"image\/jpeg\" \/>\n<meta name=\"author\" content=\"Redacci\u00f3n\" \/>\n<meta name=\"twitter:card\" content=\"summary_large_image\" \/>\n<meta name=\"twitter:creator\" content=\"@edgartove\" \/>\n<meta name=\"twitter:site\" content=\"@edgartove\" \/>\n<meta name=\"twitter:label1\" content=\"Escrito por\" \/>\n\t<meta name=\"twitter:data1\" content=\"Redacci\u00f3n\" \/>\n\t<meta name=\"twitter:label2\" content=\"Tiempo de lectura\" \/>\n\t<meta name=\"twitter:data2\" content=\"2 minutos\" \/>\n<script type=\"application\/ld+json\" class=\"yoast-schema-graph\">{\"@context\":\"https:\/\/schema.org\",\"@graph\":[{\"@type\":\"Article\",\"@id\":\"https:\/\/masquenoticias.mx\/index.php\/2026\/04\/30\/entran-en-vigor-descuentos-aprobados-por-el-congreso-en-tenencia-y-calcomania-vehicular\/#article\",\"isPartOf\":{\"@id\":\"https:\/\/masquenoticias.mx\/index.php\/2026\/04\/30\/entran-en-vigor-descuentos-aprobados-por-el-congreso-en-tenencia-y-calcomania-vehicular\/\"},\"author\":{\"name\":\"Redacci\u00f3n\",\"@id\":\"https:\/\/masquenoticias.mx\/#\/schema\/person\/544d19989ef23d34615f691f7a96e622\"},\"headline\":\"Entran en vigor descuentos aprobados por el Congreso en tenencia y calcoman\u00eda vehicular\",\"datePublished\":\"2026-05-01T00:40:17+00:00\",\"mainEntityOfPage\":{\"@id\":\"https:\/\/masquenoticias.mx\/index.php\/2026\/04\/30\/entran-en-vigor-descuentos-aprobados-por-el-congreso-en-tenencia-y-calcomania-vehicular\/\"},\"wordCount\":271,\"commentCount\":0,\"publisher\":{\"@id\":\"https:\/\/masquenoticias.mx\/#organization\"},\"image\":{\"@id\":\"https:\/\/masquenoticias.mx\/index.php\/2026\/04\/30\/entran-en-vigor-descuentos-aprobados-por-el-congreso-en-tenencia-y-calcomania-vehicular\/#primaryimage\"},\"thumbnailUrl\":\"https:\/\/i0.wp.com\/masquenoticias.mx\/wp-content\/uploads\/2026\/04\/WhatsApp-Image-2026-04-30-at-3.26.51-PM.jpeg?fit=1280%2C853&ssl=1\",\"keywords\":[\"Congreso Colima\"],\"articleSection\":[\"Pol\u00edtica\"],\"inLanguage\":\"es\",\"potentialAction\":[{\"@type\":\"CommentAction\",\"name\":\"Comment\",\"target\":[\"https:\/\/masquenoticias.mx\/index.php\/2026\/04\/30\/entran-en-vigor-descuentos-aprobados-por-el-congreso-en-tenencia-y-calcomania-vehicular\/#respond\"]}]},{\"@type\":\"WebPage\",\"@id\":\"https:\/\/masquenoticias.mx\/index.php\/2026\/04\/30\/entran-en-vigor-descuentos-aprobados-por-el-congreso-en-tenencia-y-calcomania-vehicular\/\",\"url\":\"https:\/\/masquenoticias.mx\/index.php\/2026\/04\/30\/entran-en-vigor-descuentos-aprobados-por-el-congreso-en-tenencia-y-calcomania-vehicular\/\",\"name\":\"Entran en vigor descuentos aprobados por el Congreso en tenencia y calcoman\u00eda vehicular - M\u00e1s Que Noticias\",\"isPartOf\":{\"@id\":\"https:\/\/masquenoticias.mx\/#website\"},\"primaryImageOfPage\":{\"@id\":\"https:\/\/masquenoticias.mx\/index.php\/2026\/04\/30\/entran-en-vigor-descuentos-aprobados-por-el-congreso-en-tenencia-y-calcomania-vehicular\/#primaryimage\"},\"image\":{\"@id\":\"https:\/\/masquenoticias.mx\/index.php\/2026\/04\/30\/entran-en-vigor-descuentos-aprobados-por-el-congreso-en-tenencia-y-calcomania-vehicular\/#primaryimage\"},\"thumbnailUrl\":\"https:\/\/i0.wp.com\/masquenoticias.mx\/wp-content\/uploads\/2026\/04\/WhatsApp-Image-2026-04-30-at-3.26.51-PM.jpeg?fit=1280%2C853&ssl=1\",\"datePublished\":\"2026-05-01T00:40:17+00:00\",\"breadcrumb\":{\"@id\":\"https:\/\/masquenoticias.mx\/index.php\/2026\/04\/30\/entran-en-vigor-descuentos-aprobados-por-el-congreso-en-tenencia-y-calcomania-vehicular\/#breadcrumb\"},\"inLanguage\":\"es\",\"potentialAction\":[{\"@type\":\"ReadAction\",\"target\":[\"https:\/\/masquenoticias.mx\/index.php\/2026\/04\/30\/entran-en-vigor-descuentos-aprobados-por-el-congreso-en-tenencia-y-calcomania-vehicular\/\"]}]},{\"@type\":\"ImageObject\",\"inLanguage\":\"es\",\"@id\":\"https:\/\/masquenoticias.mx\/index.php\/2026\/04\/30\/entran-en-vigor-descuentos-aprobados-por-el-congreso-en-tenencia-y-calcomania-vehicular\/#primaryimage\",\"url\":\"https:\/\/i0.wp.com\/masquenoticias.mx\/wp-content\/uploads\/2026\/04\/WhatsApp-Image-2026-04-30-at-3.26.51-PM.jpeg?fit=1280%2C853&ssl=1\",\"contentUrl\":\"https:\/\/i0.wp.com\/masquenoticias.mx\/wp-content\/uploads\/2026\/04\/WhatsApp-Image-2026-04-30-at-3.26.51-PM.jpeg?fit=1280%2C853&ssl=1\",\"width\":1280,\"height\":853},{\"@type\":\"BreadcrumbList\",\"@id\":\"https:\/\/masquenoticias.mx\/index.php\/2026\/04\/30\/entran-en-vigor-descuentos-aprobados-por-el-congreso-en-tenencia-y-calcomania-vehicular\/#breadcrumb\",\"itemListElement\":[{\"@type\":\"ListItem\",\"position\":1,\"name\":\"Inicio\",\"item\":\"https:\/\/masquenoticias.mx\/\"},{\"@type\":\"ListItem\",\"position\":2,\"name\":\"Entran en vigor descuentos aprobados por el Congreso en tenencia y calcoman\u00eda vehicular\"}]},{\"@type\":\"WebSite\",\"@id\":\"https:\/\/masquenoticias.mx\/#website\",\"url\":\"https:\/\/masquenoticias.mx\/\",\"name\":\"M\u00e1s Que Noticias\",\"description\":\"Noticias de Colima, M\u00e9xico y el Mundo\",\"publisher\":{\"@id\":\"https:\/\/masquenoticias.mx\/#organization\"},\"potentialAction\":[{\"@type\":\"SearchAction\",\"target\":{\"@type\":\"EntryPoint\",\"urlTemplate\":\"https:\/\/masquenoticias.mx\/?s={search_term_string}\"},\"query-input\":{\"@type\":\"PropertyValueSpecification\",\"valueRequired\":true,\"valueName\":\"search_term_string\"}}],\"inLanguage\":\"es\"},{\"@type\":\"Organization\",\"@id\":\"https:\/\/masquenoticias.mx\/#organization\",\"name\":\"M\u00e1s Que Noticias\",\"url\":\"https:\/\/masquenoticias.mx\/\",\"logo\":{\"@type\":\"ImageObject\",\"inLanguage\":\"es\",\"@id\":\"https:\/\/masquenoticias.mx\/#\/schema\/logo\/image\/\",\"url\":\"https:\/\/i0.wp.com\/masquenoticias.mx\/wp-content\/uploads\/2024\/04\/IMG_0004.png?fit=2560%2C1656&ssl=1\",\"contentUrl\":\"https:\/\/i0.wp.com\/masquenoticias.mx\/wp-content\/uploads\/2024\/04\/IMG_0004.png?fit=2560%2C1656&ssl=1\",\"width\":2560,\"height\":1656,\"caption\":\"M\u00e1s Que Noticias\"},\"image\":{\"@id\":\"https:\/\/masquenoticias.mx\/#\/schema\/logo\/image\/\"},\"sameAs\":[\"https:\/\/www.facebook.com\/masquenoticiascolima\",\"https:\/\/x.com\/edgartove\",\"https:\/\/www.instagram.com\/masquenoticiascolima\/\"]},{\"@type\":\"Person\",\"@id\":\"https:\/\/masquenoticias.mx\/#\/schema\/person\/544d19989ef23d34615f691f7a96e622\",\"name\":\"Redacci\u00f3n\",\"image\":{\"@type\":\"ImageObject\",\"inLanguage\":\"es\",\"@id\":\"https:\/\/masquenoticias.mx\/#\/schema\/person\/image\/\",\"url\":\"https:\/\/secure.gravatar.com\/avatar\/7fcc926d5b058d3f3d52d95b4d05dd58?s=96&d=mm&r=g\",\"contentUrl\":\"https:\/\/secure.gravatar.com\/avatar\/7fcc926d5b058d3f3d52d95b4d05dd58?s=96&d=mm&r=g\",\"caption\":\"Redacci\u00f3n\"},\"sameAs\":[\"http:\/\/masquenoticias.mx\"],\"url\":\"https:\/\/masquenoticias.mx\/index.php\/author\/edgartovegmail-com\/\"}]}<\/script>\n<!-- \/ Yoast SEO plugin. -->","yoast_head_json":{"title":"Entran en vigor descuentos aprobados por el Congreso en tenencia y calcoman\u00eda vehicular - M\u00e1s Que Noticias","robots":{"index":"index","follow":"follow","max-snippet":"max-snippet:-1","max-image-preview":"max-image-preview:large","max-video-preview":"max-video-preview:-1"},"canonical":"https:\/\/masquenoticias.mx\/index.php\/2026\/04\/30\/entran-en-vigor-descuentos-aprobados-por-el-congreso-en-tenencia-y-calcomania-vehicular\/","og_locale":"es_MX","og_type":"article","og_title":"Entran en vigor descuentos aprobados por el Congreso en tenencia y calcoman\u00eda vehicular - M\u00e1s Que Noticias","og_description":"Tras su publicaci\u00f3n en el Peri\u00f3dico Oficial \u201cEl Estado de Colima\u201d, ya se encuentra vigente el decreto aprobado por el Pleno del H. Congreso del Estado mediante el que se autorizan descuentos en materia de tenencia y calcoman\u00eda fiscal vehicular para contribuyentes de la entidad. Los descuentos consisten en lo siguiente: 1. Ampliaci\u00f3n del plazo [&hellip;]","og_url":"https:\/\/masquenoticias.mx\/index.php\/2026\/04\/30\/entran-en-vigor-descuentos-aprobados-por-el-congreso-en-tenencia-y-calcomania-vehicular\/","og_site_name":"M\u00e1s Que Noticias","article_publisher":"https:\/\/www.facebook.com\/masquenoticiascolima","article_published_time":"2026-05-01T00:40:17+00:00","og_image":[{"width":1280,"height":853,"url":"https:\/\/masquenoticias.mx\/wp-content\/uploads\/2026\/04\/WhatsApp-Image-2026-04-30-at-3.26.51-PM.jpeg","type":"image\/jpeg"}],"author":"Redacci\u00f3n","twitter_card":"summary_large_image","twitter_creator":"@edgartove","twitter_site":"@edgartove","twitter_misc":{"Escrito por":"Redacci\u00f3n","Tiempo de lectura":"2 minutos"},"schema":{"@context":"https:\/\/schema.org","@graph":[{"@type":"Article","@id":"https:\/\/masquenoticias.mx\/index.php\/2026\/04\/30\/entran-en-vigor-descuentos-aprobados-por-el-congreso-en-tenencia-y-calcomania-vehicular\/#article","isPartOf":{"@id":"https:\/\/masquenoticias.mx\/index.php\/2026\/04\/30\/entran-en-vigor-descuentos-aprobados-por-el-congreso-en-tenencia-y-calcomania-vehicular\/"},"author":{"name":"Redacci\u00f3n","@id":"https:\/\/masquenoticias.mx\/#\/schema\/person\/544d19989ef23d34615f691f7a96e622"},"headline":"Entran en vigor descuentos aprobados por el Congreso en tenencia y calcoman\u00eda vehicular","datePublished":"2026-05-01T00:40:17+00:00","mainEntityOfPage":{"@id":"https:\/\/masquenoticias.mx\/index.php\/2026\/04\/30\/entran-en-vigor-descuentos-aprobados-por-el-congreso-en-tenencia-y-calcomania-vehicular\/"},"wordCount":271,"commentCount":0,"publisher":{"@id":"https:\/\/masquenoticias.mx\/#organization"},"image":{"@id":"https:\/\/masquenoticias.mx\/index.php\/2026\/04\/30\/entran-en-vigor-descuentos-aprobados-por-el-congreso-en-tenencia-y-calcomania-vehicular\/#primaryimage"},"thumbnailUrl":"https:\/\/i0.wp.com\/masquenoticias.mx\/wp-content\/uploads\/2026\/04\/WhatsApp-Image-2026-04-30-at-3.26.51-PM.jpeg?fit=1280%2C853&ssl=1","keywords":["Congreso Colima"],"articleSection":["Pol\u00edtica"],"inLanguage":"es","potentialAction":[{"@type":"CommentAction","name":"Comment","target":["https:\/\/masquenoticias.mx\/index.php\/2026\/04\/30\/entran-en-vigor-descuentos-aprobados-por-el-congreso-en-tenencia-y-calcomania-vehicular\/#respond"]}]},{"@type":"WebPage","@id":"https:\/\/masquenoticias.mx\/index.php\/2026\/04\/30\/entran-en-vigor-descuentos-aprobados-por-el-congreso-en-tenencia-y-calcomania-vehicular\/","url":"https:\/\/masquenoticias.mx\/index.php\/2026\/04\/30\/entran-en-vigor-descuentos-aprobados-por-el-congreso-en-tenencia-y-calcomania-vehicular\/","name":"Entran en vigor descuentos aprobados por el Congreso en tenencia y calcoman\u00eda vehicular - M\u00e1s Que Noticias","isPartOf":{"@id":"https:\/\/masquenoticias.mx\/#website"},"primaryImageOfPage":{"@id":"https:\/\/masquenoticias.mx\/index.php\/2026\/04\/30\/entran-en-vigor-descuentos-aprobados-por-el-congreso-en-tenencia-y-calcomania-vehicular\/#primaryimage"},"image":{"@id":"https:\/\/masquenoticias.mx\/index.php\/2026\/04\/30\/entran-en-vigor-descuentos-aprobados-por-el-congreso-en-tenencia-y-calcomania-vehicular\/#primaryimage"},"thumbnailUrl":"https:\/\/i0.wp.com\/masquenoticias.mx\/wp-content\/uploads\/2026\/04\/WhatsApp-Image-2026-04-30-at-3.26.51-PM.jpeg?fit=1280%2C853&ssl=1","datePublished":"2026-05-01T00:40:17+00:00","breadcrumb":{"@id":"https:\/\/masquenoticias.mx\/index.php\/2026\/04\/30\/entran-en-vigor-descuentos-aprobados-por-el-congreso-en-tenencia-y-calcomania-vehicular\/#breadcrumb"},"inLanguage":"es","potentialAction":[{"@type":"ReadAction","target":["https:\/\/masquenoticias.mx\/index.php\/2026\/04\/30\/entran-en-vigor-descuentos-aprobados-por-el-congreso-en-tenencia-y-calcomania-vehicular\/"]}]},{"@type":"ImageObject","inLanguage":"es","@id":"https:\/\/masquenoticias.mx\/index.php\/2026\/04\/30\/entran-en-vigor-descuentos-aprobados-por-el-congreso-en-tenencia-y-calcomania-vehicular\/#primaryimage","url":"https:\/\/i0.wp.com\/masquenoticias.mx\/wp-content\/uploads\/2026\/04\/WhatsApp-Image-2026-04-30-at-3.26.51-PM.jpeg?fit=1280%2C853&ssl=1","contentUrl":"https:\/\/i0.wp.com\/masquenoticias.mx\/wp-content\/uploads\/2026\/04\/WhatsApp-Image-2026-04-30-at-3.26.51-PM.jpeg?fit=1280%2C853&ssl=1","width":1280,"height":853},{"@type":"BreadcrumbList","@id":"https:\/\/masquenoticias.mx\/index.php\/2026\/04\/30\/entran-en-vigor-descuentos-aprobados-por-el-congreso-en-tenencia-y-calcomania-vehicular\/#breadcrumb","itemListElement":[{"@type":"ListItem","position":1,"name":"Inicio","item":"https:\/\/masquenoticias.mx\/"},{"@type":"ListItem","position":2,"name":"Entran en vigor descuentos aprobados por el Congreso en tenencia y calcoman\u00eda vehicular"}]},{"@type":"WebSite","@id":"https:\/\/masquenoticias.mx\/#website","url":"https:\/\/masquenoticias.mx\/","name":"M\u00e1s Que Noticias","description":"Noticias de Colima, M\u00e9xico y el Mundo","publisher":{"@id":"https:\/\/masquenoticias.mx\/#organization"},"potentialAction":[{"@type":"SearchAction","target":{"@type":"EntryPoint","urlTemplate":"https:\/\/masquenoticias.mx\/?s={search_term_string}"},"query-input":{"@type":"PropertyValueSpecification","valueRequired":true,"valueName":"search_term_string"}}],"inLanguage":"es"},{"@type":"Organization","@id":"https:\/\/masquenoticias.mx\/#organization","name":"M\u00e1s Que Noticias","url":"https:\/\/masquenoticias.mx\/","logo":{"@type":"ImageObject","inLanguage":"es","@id":"https:\/\/masquenoticias.mx\/#\/schema\/logo\/image\/","url":"https:\/\/i0.wp.com\/masquenoticias.mx\/wp-content\/uploads\/2024\/04\/IMG_0004.png?fit=2560%2C1656&ssl=1","contentUrl":"https:\/\/i0.wp.com\/masquenoticias.mx\/wp-content\/uploads\/2024\/04\/IMG_0004.png?fit=2560%2C1656&ssl=1","width":2560,"height":1656,"caption":"M\u00e1s Que Noticias"},"image":{"@id":"https:\/\/masquenoticias.mx\/#\/schema\/logo\/image\/"},"sameAs":["https:\/\/www.facebook.com\/masquenoticiascolima","https:\/\/x.com\/edgartove","https:\/\/www.instagram.com\/masquenoticiascolima\/"]},{"@type":"Person","@id":"https:\/\/masquenoticias.mx\/#\/schema\/person\/544d19989ef23d34615f691f7a96e622","name":"Redacci\u00f3n","image":{"@type":"ImageObject","inLanguage":"es","@id":"https:\/\/masquenoticias.mx\/#\/schema\/person\/image\/","url":"https:\/\/secure.gravatar.com\/avatar\/7fcc926d5b058d3f3d52d95b4d05dd58?s=96&d=mm&r=g","contentUrl":"https:\/\/secure.gravatar.com\/avatar\/7fcc926d5b058d3f3d52d95b4d05dd58?s=96&d=mm&r=g","caption":"Redacci\u00f3n"},"sameAs":["http:\/\/masquenoticias.mx"],"url":"https:\/\/masquenoticias.mx\/index.php\/author\/edgartovegmail-com\/"}]}},"jetpack_featured_media_url":"https:\/\/i0.wp.com\/masquenoticias.mx\/wp-content\/uploads\/2026\/04\/WhatsApp-Image-2026-04-30-at-3.26.51-PM.jpeg?fit=1280%2C853&ssl=1","blog_post_layout_featured_media_urls":{"thumbnail":["https:\/\/i0.wp.com\/masquenoticias.mx\/wp-content\/uploads\/2026\/04\/WhatsApp-Image-2026-04-30-at-3.26.51-PM.jpeg?resize=150%2C150&ssl=1",150,150,true],"full":["https:\/\/i0.wp.com\/masquenoticias.mx\/wp-content\/uploads\/2026\/04\/WhatsApp-Image-2026-04-30-at-3.26.51-PM.jpeg?fit=1280%2C853&ssl=1",1280,853,false]},"categories_names":{"32":{"name":"Pol\u00edtica","link":"https:\/\/masquenoticias.mx\/index.php\/category\/politica\/"}},"tags_names":{"628":{"name":"Congreso Colima","link":"https:\/\/masquenoticias.mx\/index.php\/tag\/congreso-colima\/"}},"comments_number":"0","wpmagazine_modules_lite_featured_media_urls":{"thumbnail":["https:\/\/i0.wp.com\/masquenoticias.mx\/wp-content\/uploads\/2026\/04\/WhatsApp-Image-2026-04-30-at-3.26.51-PM.jpeg?resize=150%2C150&ssl=1",150,150,true],"cvmm-medium":["https:\/\/i0.wp.com\/masquenoticias.mx\/wp-content\/uploads\/2026\/04\/WhatsApp-Image-2026-04-30-at-3.26.51-PM.jpeg?resize=300%2C300&ssl=1",300,300,true],"cvmm-medium-plus":["https:\/\/i0.wp.com\/masquenoticias.mx\/wp-content\/uploads\/2026\/04\/WhatsApp-Image-2026-04-30-at-3.26.51-PM.jpeg?resize=305%2C207&ssl=1",305,207,true],"cvmm-portrait":["https:\/\/i0.wp.com\/masquenoticias.mx\/wp-content\/uploads\/2026\/04\/WhatsApp-Image-2026-04-30-at-3.26.51-PM.jpeg?resize=400%2C600&ssl=1",400,600,true],"cvmm-medium-square":["https:\/\/i0.wp.com\/masquenoticias.mx\/wp-content\/uploads\/2026\/04\/WhatsApp-Image-2026-04-30-at-3.26.51-PM.jpeg?resize=600%2C600&ssl=1",600,600,true],"cvmm-large":["https:\/\/i0.wp.com\/masquenoticias.mx\/wp-content\/uploads\/2026\/04\/WhatsApp-Image-2026-04-30-at-3.26.51-PM.jpeg?resize=1024%2C853&ssl=1",1024,853,true],"cvmm-small":["https:\/\/i0.wp.com\/masquenoticias.mx\/wp-content\/uploads\/2026\/04\/WhatsApp-Image-2026-04-30-at-3.26.51-PM.jpeg?resize=130%2C95&ssl=1",130,95,true],"full":["https:\/\/i0.wp.com\/masquenoticias.mx\/wp-content\/uploads\/2026\/04\/WhatsApp-Image-2026-04-30-at-3.26.51-PM.jpeg?fit=1280%2C853&ssl=1",1280,853,false]},"jetpack-related-posts":[],"jetpack_sharing_enabled":true,"jetpack_likes_enabled":true,"jetpack_shortlink":"https:\/\/wp.me\/pf7pkt-5T8","_links":{"self":[{"href":"https:\/\/masquenoticias.mx\/index.php\/wp-json\/wp\/v2\/posts\/22638","targetHints":{"allow":["GET"]}}],"collection":[{"href":"https:\/\/masquenoticias.mx\/index.php\/wp-json\/wp\/v2\/posts"}],"about":[{"href":"https:\/\/masquenoticias.mx\/index.php\/wp-json\/wp\/v2\/types\/post"}],"author":[{"embeddable":true,"href":"https:\/\/masquenoticias.mx\/index.php\/wp-json\/wp\/v2\/users\/1"}],"replies":[{"embeddable":true,"href":"https:\/\/masquenoticias.mx\/index.php\/wp-json\/wp\/v2\/comments?post=22638"}],"version-history":[{"count":1,"href":"https:\/\/masquenoticias.mx\/index.php\/wp-json\/wp\/v2\/posts\/22638\/revisions"}],"predecessor-version":[{"id":22640,"href":"https:\/\/masquenoticias.mx\/index.php\/wp-json\/wp\/v2\/posts\/22638\/revisions\/22640"}],"wp:featuredmedia":[{"embeddable":true,"href":"https:\/\/masquenoticias.mx\/index.php\/wp-json\/wp\/v2\/media\/22639"}],"wp:attachment":[{"href":"https:\/\/masquenoticias.mx\/index.php\/wp-json\/wp\/v2\/media?parent=22638"}],"wp:term":[{"taxonomy":"category","embeddable":true,"href":"https:\/\/masquenoticias.mx\/index.php\/wp-json\/wp\/v2\/categories?post=22638"},{"taxonomy":"post_tag","embeddable":true,"href":"https:\/\/masquenoticias.mx\/index.php\/wp-json\/wp\/v2\/tags?post=22638"}],"curies":[{"name":"wp","href":"https:\/\/api.w.org\/{rel}","templated":true}]}}