{"id":22635,"date":"2026-04-30T18:36:59","date_gmt":"2026-05-01T00:36:59","guid":{"rendered":"https:\/\/masquenoticias.mx\/?p=22635"},"modified":"2026-04-30T18:36:59","modified_gmt":"2026-05-01T00:36:59","slug":"presentan-ninas-y-ninos-propuestas-sobre-inclusion-educacion-y-una-vida-libre-de-violencia-en-el-congreso-infantil-2026","status":"publish","type":"post","link":"https:\/\/masquenoticias.mx\/index.php\/2026\/04\/30\/presentan-ninas-y-ninos-propuestas-sobre-inclusion-educacion-y-una-vida-libre-de-violencia-en-el-congreso-infantil-2026\/","title":{"rendered":"Presentan ni\u00f1as y ni\u00f1os propuestas sobre inclusi\u00f3n, educaci\u00f3n y una vida libre de violencia en el Congreso Infantil 2026"},"content":{"rendered":"<p>Este jueves 30 de abril, en el centro de convenciones del Complejo Administrativo, se desarroll\u00f3 la 26\u00aa Sesi\u00f3n del Congreso Infantil: \u201cDiputadas, Diputados, Gobernadora y Presidente del Tribunal Superior de Justicia por un d\u00eda\u201d, donde se vertieron propuestas sobre los derechos a la inclusi\u00f3n, la educaci\u00f3n, a una vida libre de violencia y a la no discriminaci\u00f3n.<\/p>\n<p>Las actividades iniciaron con la bienvenida del diputado infantil y presidente del Congreso del Estado por un d\u00eda, quien, a nombre de las y los 27 menores participantes, expres\u00f3 sentirse muy orgulloso por presidir la sesi\u00f3n, ya que la voz de las ni\u00f1as y los ni\u00f1os ser\u00e1 escuchada por las autoridades.<\/p>\n<p>El diputado infantil por Manzanillo comparti\u00f3 su opini\u00f3n y propuestas sobre el derecho a la Inclusi\u00f3n; en especial, se refiri\u00f3 a que se consideren a las ni\u00f1as y ni\u00f1os con discapacidad, para que cuenten con materiales de apoyo adaptados a su condici\u00f3n y que en las escuelas se respeten las necesidades individuales.<\/p>\n<p>Sobre el derecho a la educaci\u00f3n, el diputado infantil por Ixtlahuac\u00e1n propuso mejoras a las escuelas para que sean seguras y eficientes; la creaci\u00f3n de programas de difusi\u00f3n de la cultura y tradiciones, as\u00ed como campa\u00f1as dirigidas a padres y madres de familia para concientizar sobre el derecho a la educaci\u00f3n.<\/p>\n<p>En el uso de la voz, el diputado infantil representante del Centro de Asistencia Social (CAS) de Adolescentes Hombres del DIF Estatal habl\u00f3 sobre el derecho a una vida libre de violencia, planteando la creaci\u00f3n de talleres, campa\u00f1as y capacitaci\u00f3n para prevenir y erradicar la violencia, en especial las enfocadas en crianza positiva sin castigo f\u00edsico o verbal.<\/p>\n<p>Sobre el derecho a no ser discriminados, la diputada adolescente del municipio de Minatitl\u00e1n, opin\u00f3 que se necesita m\u00e1s apoyo de la poblaci\u00f3n en general y de sus propias familias para enfrentar de la mejor manera los retos de la vida, sin que esto signifique normalizar la maternidad edad temprana.<\/p>\n<p>En cuanto al derecho que tienen las ni\u00f1as, ni\u00f1os y adolescentes a la participaci\u00f3n, plante\u00f3, entre otras cosas, la necesidad de que en cada evento haya un int\u00e9rprete en lengua de se\u00f1as y que todos se interesen por aprender este lenguaje, as\u00ed como mantener en buen estado las banquetas, rampas y todos los accesos p\u00fablicos para trasladarse con seguridad.<\/p>\n<p>Luego de este ejercicio, la diputada Evangelina Bustamante Morales, presidenta de la Comisi\u00f3n de Educaci\u00f3n, Cultura y Ciencia, se\u00f1al\u00f3 que se debe trabajar a\u00fan m\u00e1s para que las ni\u00f1as y ni\u00f1os tengan condiciones de equidad y sus derechos est\u00e9n garantizados, por lo que asumi\u00f3 el compromiso de legislar de manera conjunta para lograrlo.<\/p>\n<p>En su intervenci\u00f3n, la presidenta de la mesa directiva del Poder Legislativo, Andrea Heredia Torres, expres\u00f3 que la democracia se fortalece cuando se ampl\u00edan las voces que participan en ella y este Congreso Infantil representa eso, al integrar nuevas miradas que deben traducirse en una legislaci\u00f3n m\u00e1s humana e incluyente.<\/p>\n<p>Para cerrar el evento, en representaci\u00f3n de la gobernadora del Estado de Colima, Indira Vizca\u00edno Silva, la directora general del Sistema para el Desarrollo Integral de la Familia (DIF), Diana Zepeda Figueroa, afirm\u00f3 que este ejercicio permite recordar la importancia de construir una Colima m\u00e1s justa, incluyente y solidaria, donde las ni\u00f1as, ni\u00f1os y adolescentes tengan la certeza de que sus ideas cuentan y su participaci\u00f3n es clave para lograrlo.<\/p>\n","protected":false},"excerpt":{"rendered":"<p>Este jueves 30 de abril, en el centro de convenciones del Complejo Administrativo, se desarroll\u00f3 la 26\u00aa Sesi\u00f3n del Congreso Infantil: \u201cDiputadas, Diputados, Gobernadora y Presidente del Tribunal Superior de Justicia por un d\u00eda\u201d, donde se vertieron propuestas sobre los derechos a la inclusi\u00f3n, la educaci\u00f3n, a una vida libre de violencia y a la [&hellip;]<\/p>\n","protected":false},"author":1,"featured_media":22636,"comment_status":"open","ping_status":"open","sticky":false,"template":"","format":"standard","meta":{"_jetpack_memberships_contains_paid_content":false,"footnotes":""},"categories":[32],"tags":[628],"class_list":["post-22635","post","type-post","status-publish","format-standard","has-post-thumbnail","hentry","category-politica","tag-congreso-colima"],"yoast_head":"<!-- This site is optimized with the Yoast SEO plugin v26.6 - https:\/\/yoast.com\/wordpress\/plugins\/seo\/ -->\n<title>Presentan ni\u00f1as y ni\u00f1os propuestas sobre inclusi\u00f3n, educaci\u00f3n y una vida libre de violencia en el Congreso Infantil 2026 - M\u00e1s Que Noticias<\/title>\n<meta name=\"robots\" content=\"index, follow, max-snippet:-1, max-image-preview:large, max-video-preview:-1\" \/>\n<link rel=\"canonical\" href=\"https:\/\/masquenoticias.mx\/index.php\/2026\/04\/30\/presentan-ninas-y-ninos-propuestas-sobre-inclusion-educacion-y-una-vida-libre-de-violencia-en-el-congreso-infantil-2026\/\" \/>\n<meta property=\"og:locale\" content=\"es_MX\" \/>\n<meta property=\"og:type\" content=\"article\" \/>\n<meta property=\"og:title\" content=\"Presentan ni\u00f1as y ni\u00f1os propuestas sobre inclusi\u00f3n, educaci\u00f3n y una vida libre de violencia en el Congreso Infantil 2026 - M\u00e1s Que Noticias\" \/>\n<meta property=\"og:description\" content=\"Este jueves 30 de abril, en el centro de convenciones del Complejo Administrativo, se desarroll\u00f3 la 26\u00aa Sesi\u00f3n del Congreso Infantil: \u201cDiputadas, Diputados, Gobernadora y Presidente del Tribunal Superior de Justicia por un d\u00eda\u201d, donde se vertieron propuestas sobre los derechos a la inclusi\u00f3n, la educaci\u00f3n, a una vida libre de violencia y a la [&hellip;]\" \/>\n<meta property=\"og:url\" content=\"https:\/\/masquenoticias.mx\/index.php\/2026\/04\/30\/presentan-ninas-y-ninos-propuestas-sobre-inclusion-educacion-y-una-vida-libre-de-violencia-en-el-congreso-infantil-2026\/\" \/>\n<meta property=\"og:site_name\" content=\"M\u00e1s Que Noticias\" \/>\n<meta property=\"article:publisher\" content=\"https:\/\/www.facebook.com\/masquenoticiascolima\" \/>\n<meta property=\"article:published_time\" content=\"2026-05-01T00:36:59+00:00\" \/>\n<meta property=\"og:image\" content=\"https:\/\/masquenoticias.mx\/wp-content\/uploads\/2026\/04\/WhatsApp-Image-2026-04-30-at-2.30.21-PM-1.jpeg\" \/>\n\t<meta property=\"og:image:width\" content=\"1600\" \/>\n\t<meta property=\"og:image:height\" content=\"1066\" \/>\n\t<meta property=\"og:image:type\" content=\"image\/jpeg\" \/>\n<meta name=\"author\" content=\"Redacci\u00f3n\" \/>\n<meta name=\"twitter:card\" content=\"summary_large_image\" \/>\n<meta name=\"twitter:creator\" content=\"@edgartove\" \/>\n<meta name=\"twitter:site\" content=\"@edgartove\" \/>\n<meta name=\"twitter:label1\" content=\"Escrito por\" \/>\n\t<meta name=\"twitter:data1\" content=\"Redacci\u00f3n\" \/>\n\t<meta name=\"twitter:label2\" content=\"Tiempo de lectura\" \/>\n\t<meta name=\"twitter:data2\" content=\"3 minutos\" \/>\n<script type=\"application\/ld+json\" class=\"yoast-schema-graph\">{\"@context\":\"https:\/\/schema.org\",\"@graph\":[{\"@type\":\"Article\",\"@id\":\"https:\/\/masquenoticias.mx\/index.php\/2026\/04\/30\/presentan-ninas-y-ninos-propuestas-sobre-inclusion-educacion-y-una-vida-libre-de-violencia-en-el-congreso-infantil-2026\/#article\",\"isPartOf\":{\"@id\":\"https:\/\/masquenoticias.mx\/index.php\/2026\/04\/30\/presentan-ninas-y-ninos-propuestas-sobre-inclusion-educacion-y-una-vida-libre-de-violencia-en-el-congreso-infantil-2026\/\"},\"author\":{\"name\":\"Redacci\u00f3n\",\"@id\":\"https:\/\/masquenoticias.mx\/#\/schema\/person\/544d19989ef23d34615f691f7a96e622\"},\"headline\":\"Presentan ni\u00f1as y ni\u00f1os propuestas sobre inclusi\u00f3n, educaci\u00f3n y una vida libre de violencia en el Congreso Infantil 2026\",\"datePublished\":\"2026-05-01T00:36:59+00:00\",\"mainEntityOfPage\":{\"@id\":\"https:\/\/masquenoticias.mx\/index.php\/2026\/04\/30\/presentan-ninas-y-ninos-propuestas-sobre-inclusion-educacion-y-una-vida-libre-de-violencia-en-el-congreso-infantil-2026\/\"},\"wordCount\":621,\"commentCount\":0,\"publisher\":{\"@id\":\"https:\/\/masquenoticias.mx\/#organization\"},\"image\":{\"@id\":\"https:\/\/masquenoticias.mx\/index.php\/2026\/04\/30\/presentan-ninas-y-ninos-propuestas-sobre-inclusion-educacion-y-una-vida-libre-de-violencia-en-el-congreso-infantil-2026\/#primaryimage\"},\"thumbnailUrl\":\"https:\/\/i0.wp.com\/masquenoticias.mx\/wp-content\/uploads\/2026\/04\/WhatsApp-Image-2026-04-30-at-2.30.21-PM-1.jpeg?fit=1600%2C1066&ssl=1\",\"keywords\":[\"Congreso Colima\"],\"articleSection\":[\"Pol\u00edtica\"],\"inLanguage\":\"es\",\"potentialAction\":[{\"@type\":\"CommentAction\",\"name\":\"Comment\",\"target\":[\"https:\/\/masquenoticias.mx\/index.php\/2026\/04\/30\/presentan-ninas-y-ninos-propuestas-sobre-inclusion-educacion-y-una-vida-libre-de-violencia-en-el-congreso-infantil-2026\/#respond\"]}]},{\"@type\":\"WebPage\",\"@id\":\"https:\/\/masquenoticias.mx\/index.php\/2026\/04\/30\/presentan-ninas-y-ninos-propuestas-sobre-inclusion-educacion-y-una-vida-libre-de-violencia-en-el-congreso-infantil-2026\/\",\"url\":\"https:\/\/masquenoticias.mx\/index.php\/2026\/04\/30\/presentan-ninas-y-ninos-propuestas-sobre-inclusion-educacion-y-una-vida-libre-de-violencia-en-el-congreso-infantil-2026\/\",\"name\":\"Presentan ni\u00f1as y ni\u00f1os propuestas sobre inclusi\u00f3n, educaci\u00f3n y una vida libre de violencia en el Congreso Infantil 2026 - M\u00e1s Que Noticias\",\"isPartOf\":{\"@id\":\"https:\/\/masquenoticias.mx\/#website\"},\"primaryImageOfPage\":{\"@id\":\"https:\/\/masquenoticias.mx\/index.php\/2026\/04\/30\/presentan-ninas-y-ninos-propuestas-sobre-inclusion-educacion-y-una-vida-libre-de-violencia-en-el-congreso-infantil-2026\/#primaryimage\"},\"image\":{\"@id\":\"https:\/\/masquenoticias.mx\/index.php\/2026\/04\/30\/presentan-ninas-y-ninos-propuestas-sobre-inclusion-educacion-y-una-vida-libre-de-violencia-en-el-congreso-infantil-2026\/#primaryimage\"},\"thumbnailUrl\":\"https:\/\/i0.wp.com\/masquenoticias.mx\/wp-content\/uploads\/2026\/04\/WhatsApp-Image-2026-04-30-at-2.30.21-PM-1.jpeg?fit=1600%2C1066&ssl=1\",\"datePublished\":\"2026-05-01T00:36:59+00:00\",\"breadcrumb\":{\"@id\":\"https:\/\/masquenoticias.mx\/index.php\/2026\/04\/30\/presentan-ninas-y-ninos-propuestas-sobre-inclusion-educacion-y-una-vida-libre-de-violencia-en-el-congreso-infantil-2026\/#breadcrumb\"},\"inLanguage\":\"es\",\"potentialAction\":[{\"@type\":\"ReadAction\",\"target\":[\"https:\/\/masquenoticias.mx\/index.php\/2026\/04\/30\/presentan-ninas-y-ninos-propuestas-sobre-inclusion-educacion-y-una-vida-libre-de-violencia-en-el-congreso-infantil-2026\/\"]}]},{\"@type\":\"ImageObject\",\"inLanguage\":\"es\",\"@id\":\"https:\/\/masquenoticias.mx\/index.php\/2026\/04\/30\/presentan-ninas-y-ninos-propuestas-sobre-inclusion-educacion-y-una-vida-libre-de-violencia-en-el-congreso-infantil-2026\/#primaryimage\",\"url\":\"https:\/\/i0.wp.com\/masquenoticias.mx\/wp-content\/uploads\/2026\/04\/WhatsApp-Image-2026-04-30-at-2.30.21-PM-1.jpeg?fit=1600%2C1066&ssl=1\",\"contentUrl\":\"https:\/\/i0.wp.com\/masquenoticias.mx\/wp-content\/uploads\/2026\/04\/WhatsApp-Image-2026-04-30-at-2.30.21-PM-1.jpeg?fit=1600%2C1066&ssl=1\",\"width\":1600,\"height\":1066},{\"@type\":\"BreadcrumbList\",\"@id\":\"https:\/\/masquenoticias.mx\/index.php\/2026\/04\/30\/presentan-ninas-y-ninos-propuestas-sobre-inclusion-educacion-y-una-vida-libre-de-violencia-en-el-congreso-infantil-2026\/#breadcrumb\",\"itemListElement\":[{\"@type\":\"ListItem\",\"position\":1,\"name\":\"Inicio\",\"item\":\"https:\/\/masquenoticias.mx\/\"},{\"@type\":\"ListItem\",\"position\":2,\"name\":\"Presentan ni\u00f1as y ni\u00f1os propuestas sobre inclusi\u00f3n, educaci\u00f3n y una vida libre de violencia en el Congreso Infantil 2026\"}]},{\"@type\":\"WebSite\",\"@id\":\"https:\/\/masquenoticias.mx\/#website\",\"url\":\"https:\/\/masquenoticias.mx\/\",\"name\":\"M\u00e1s Que Noticias\",\"description\":\"Noticias de Colima, M\u00e9xico y el Mundo\",\"publisher\":{\"@id\":\"https:\/\/masquenoticias.mx\/#organization\"},\"potentialAction\":[{\"@type\":\"SearchAction\",\"target\":{\"@type\":\"EntryPoint\",\"urlTemplate\":\"https:\/\/masquenoticias.mx\/?s={search_term_string}\"},\"query-input\":{\"@type\":\"PropertyValueSpecification\",\"valueRequired\":true,\"valueName\":\"search_term_string\"}}],\"inLanguage\":\"es\"},{\"@type\":\"Organization\",\"@id\":\"https:\/\/masquenoticias.mx\/#organization\",\"name\":\"M\u00e1s Que Noticias\",\"url\":\"https:\/\/masquenoticias.mx\/\",\"logo\":{\"@type\":\"ImageObject\",\"inLanguage\":\"es\",\"@id\":\"https:\/\/masquenoticias.mx\/#\/schema\/logo\/image\/\",\"url\":\"https:\/\/i0.wp.com\/masquenoticias.mx\/wp-content\/uploads\/2024\/04\/IMG_0004.png?fit=2560%2C1656&ssl=1\",\"contentUrl\":\"https:\/\/i0.wp.com\/masquenoticias.mx\/wp-content\/uploads\/2024\/04\/IMG_0004.png?fit=2560%2C1656&ssl=1\",\"width\":2560,\"height\":1656,\"caption\":\"M\u00e1s Que Noticias\"},\"image\":{\"@id\":\"https:\/\/masquenoticias.mx\/#\/schema\/logo\/image\/\"},\"sameAs\":[\"https:\/\/www.facebook.com\/masquenoticiascolima\",\"https:\/\/x.com\/edgartove\",\"https:\/\/www.instagram.com\/masquenoticiascolima\/\"]},{\"@type\":\"Person\",\"@id\":\"https:\/\/masquenoticias.mx\/#\/schema\/person\/544d19989ef23d34615f691f7a96e622\",\"name\":\"Redacci\u00f3n\",\"image\":{\"@type\":\"ImageObject\",\"inLanguage\":\"es\",\"@id\":\"https:\/\/masquenoticias.mx\/#\/schema\/person\/image\/\",\"url\":\"https:\/\/secure.gravatar.com\/avatar\/7fcc926d5b058d3f3d52d95b4d05dd58?s=96&d=mm&r=g\",\"contentUrl\":\"https:\/\/secure.gravatar.com\/avatar\/7fcc926d5b058d3f3d52d95b4d05dd58?s=96&d=mm&r=g\",\"caption\":\"Redacci\u00f3n\"},\"sameAs\":[\"http:\/\/masquenoticias.mx\"],\"url\":\"https:\/\/masquenoticias.mx\/index.php\/author\/edgartovegmail-com\/\"}]}<\/script>\n<!-- \/ Yoast SEO plugin. -->","yoast_head_json":{"title":"Presentan ni\u00f1as y ni\u00f1os propuestas sobre inclusi\u00f3n, educaci\u00f3n y una vida libre de violencia en el Congreso Infantil 2026 - M\u00e1s Que Noticias","robots":{"index":"index","follow":"follow","max-snippet":"max-snippet:-1","max-image-preview":"max-image-preview:large","max-video-preview":"max-video-preview:-1"},"canonical":"https:\/\/masquenoticias.mx\/index.php\/2026\/04\/30\/presentan-ninas-y-ninos-propuestas-sobre-inclusion-educacion-y-una-vida-libre-de-violencia-en-el-congreso-infantil-2026\/","og_locale":"es_MX","og_type":"article","og_title":"Presentan ni\u00f1as y ni\u00f1os propuestas sobre inclusi\u00f3n, educaci\u00f3n y una vida libre de violencia en el Congreso Infantil 2026 - M\u00e1s Que Noticias","og_description":"Este jueves 30 de abril, en el centro de convenciones del Complejo Administrativo, se desarroll\u00f3 la 26\u00aa Sesi\u00f3n del Congreso Infantil: \u201cDiputadas, Diputados, Gobernadora y Presidente del Tribunal Superior de Justicia por un d\u00eda\u201d, donde se vertieron propuestas sobre los derechos a la inclusi\u00f3n, la educaci\u00f3n, a una vida libre de violencia y a la [&hellip;]","og_url":"https:\/\/masquenoticias.mx\/index.php\/2026\/04\/30\/presentan-ninas-y-ninos-propuestas-sobre-inclusion-educacion-y-una-vida-libre-de-violencia-en-el-congreso-infantil-2026\/","og_site_name":"M\u00e1s Que Noticias","article_publisher":"https:\/\/www.facebook.com\/masquenoticiascolima","article_published_time":"2026-05-01T00:36:59+00:00","og_image":[{"width":1600,"height":1066,"url":"https:\/\/masquenoticias.mx\/wp-content\/uploads\/2026\/04\/WhatsApp-Image-2026-04-30-at-2.30.21-PM-1.jpeg","type":"image\/jpeg"}],"author":"Redacci\u00f3n","twitter_card":"summary_large_image","twitter_creator":"@edgartove","twitter_site":"@edgartove","twitter_misc":{"Escrito por":"Redacci\u00f3n","Tiempo de lectura":"3 minutos"},"schema":{"@context":"https:\/\/schema.org","@graph":[{"@type":"Article","@id":"https:\/\/masquenoticias.mx\/index.php\/2026\/04\/30\/presentan-ninas-y-ninos-propuestas-sobre-inclusion-educacion-y-una-vida-libre-de-violencia-en-el-congreso-infantil-2026\/#article","isPartOf":{"@id":"https:\/\/masquenoticias.mx\/index.php\/2026\/04\/30\/presentan-ninas-y-ninos-propuestas-sobre-inclusion-educacion-y-una-vida-libre-de-violencia-en-el-congreso-infantil-2026\/"},"author":{"name":"Redacci\u00f3n","@id":"https:\/\/masquenoticias.mx\/#\/schema\/person\/544d19989ef23d34615f691f7a96e622"},"headline":"Presentan ni\u00f1as y ni\u00f1os propuestas sobre inclusi\u00f3n, educaci\u00f3n y una vida libre de violencia en el Congreso Infantil 2026","datePublished":"2026-05-01T00:36:59+00:00","mainEntityOfPage":{"@id":"https:\/\/masquenoticias.mx\/index.php\/2026\/04\/30\/presentan-ninas-y-ninos-propuestas-sobre-inclusion-educacion-y-una-vida-libre-de-violencia-en-el-congreso-infantil-2026\/"},"wordCount":621,"commentCount":0,"publisher":{"@id":"https:\/\/masquenoticias.mx\/#organization"},"image":{"@id":"https:\/\/masquenoticias.mx\/index.php\/2026\/04\/30\/presentan-ninas-y-ninos-propuestas-sobre-inclusion-educacion-y-una-vida-libre-de-violencia-en-el-congreso-infantil-2026\/#primaryimage"},"thumbnailUrl":"https:\/\/i0.wp.com\/masquenoticias.mx\/wp-content\/uploads\/2026\/04\/WhatsApp-Image-2026-04-30-at-2.30.21-PM-1.jpeg?fit=1600%2C1066&ssl=1","keywords":["Congreso Colima"],"articleSection":["Pol\u00edtica"],"inLanguage":"es","potentialAction":[{"@type":"CommentAction","name":"Comment","target":["https:\/\/masquenoticias.mx\/index.php\/2026\/04\/30\/presentan-ninas-y-ninos-propuestas-sobre-inclusion-educacion-y-una-vida-libre-de-violencia-en-el-congreso-infantil-2026\/#respond"]}]},{"@type":"WebPage","@id":"https:\/\/masquenoticias.mx\/index.php\/2026\/04\/30\/presentan-ninas-y-ninos-propuestas-sobre-inclusion-educacion-y-una-vida-libre-de-violencia-en-el-congreso-infantil-2026\/","url":"https:\/\/masquenoticias.mx\/index.php\/2026\/04\/30\/presentan-ninas-y-ninos-propuestas-sobre-inclusion-educacion-y-una-vida-libre-de-violencia-en-el-congreso-infantil-2026\/","name":"Presentan ni\u00f1as y ni\u00f1os propuestas sobre inclusi\u00f3n, educaci\u00f3n y una vida libre de violencia en el Congreso Infantil 2026 - M\u00e1s Que Noticias","isPartOf":{"@id":"https:\/\/masquenoticias.mx\/#website"},"primaryImageOfPage":{"@id":"https:\/\/masquenoticias.mx\/index.php\/2026\/04\/30\/presentan-ninas-y-ninos-propuestas-sobre-inclusion-educacion-y-una-vida-libre-de-violencia-en-el-congreso-infantil-2026\/#primaryimage"},"image":{"@id":"https:\/\/masquenoticias.mx\/index.php\/2026\/04\/30\/presentan-ninas-y-ninos-propuestas-sobre-inclusion-educacion-y-una-vida-libre-de-violencia-en-el-congreso-infantil-2026\/#primaryimage"},"thumbnailUrl":"https:\/\/i0.wp.com\/masquenoticias.mx\/wp-content\/uploads\/2026\/04\/WhatsApp-Image-2026-04-30-at-2.30.21-PM-1.jpeg?fit=1600%2C1066&ssl=1","datePublished":"2026-05-01T00:36:59+00:00","breadcrumb":{"@id":"https:\/\/masquenoticias.mx\/index.php\/2026\/04\/30\/presentan-ninas-y-ninos-propuestas-sobre-inclusion-educacion-y-una-vida-libre-de-violencia-en-el-congreso-infantil-2026\/#breadcrumb"},"inLanguage":"es","potentialAction":[{"@type":"ReadAction","target":["https:\/\/masquenoticias.mx\/index.php\/2026\/04\/30\/presentan-ninas-y-ninos-propuestas-sobre-inclusion-educacion-y-una-vida-libre-de-violencia-en-el-congreso-infantil-2026\/"]}]},{"@type":"ImageObject","inLanguage":"es","@id":"https:\/\/masquenoticias.mx\/index.php\/2026\/04\/30\/presentan-ninas-y-ninos-propuestas-sobre-inclusion-educacion-y-una-vida-libre-de-violencia-en-el-congreso-infantil-2026\/#primaryimage","url":"https:\/\/i0.wp.com\/masquenoticias.mx\/wp-content\/uploads\/2026\/04\/WhatsApp-Image-2026-04-30-at-2.30.21-PM-1.jpeg?fit=1600%2C1066&ssl=1","contentUrl":"https:\/\/i0.wp.com\/masquenoticias.mx\/wp-content\/uploads\/2026\/04\/WhatsApp-Image-2026-04-30-at-2.30.21-PM-1.jpeg?fit=1600%2C1066&ssl=1","width":1600,"height":1066},{"@type":"BreadcrumbList","@id":"https:\/\/masquenoticias.mx\/index.php\/2026\/04\/30\/presentan-ninas-y-ninos-propuestas-sobre-inclusion-educacion-y-una-vida-libre-de-violencia-en-el-congreso-infantil-2026\/#breadcrumb","itemListElement":[{"@type":"ListItem","position":1,"name":"Inicio","item":"https:\/\/masquenoticias.mx\/"},{"@type":"ListItem","position":2,"name":"Presentan ni\u00f1as y ni\u00f1os propuestas sobre inclusi\u00f3n, educaci\u00f3n y una vida libre de violencia en el Congreso Infantil 2026"}]},{"@type":"WebSite","@id":"https:\/\/masquenoticias.mx\/#website","url":"https:\/\/masquenoticias.mx\/","name":"M\u00e1s Que Noticias","description":"Noticias de Colima, M\u00e9xico y el Mundo","publisher":{"@id":"https:\/\/masquenoticias.mx\/#organization"},"potentialAction":[{"@type":"SearchAction","target":{"@type":"EntryPoint","urlTemplate":"https:\/\/masquenoticias.mx\/?s={search_term_string}"},"query-input":{"@type":"PropertyValueSpecification","valueRequired":true,"valueName":"search_term_string"}}],"inLanguage":"es"},{"@type":"Organization","@id":"https:\/\/masquenoticias.mx\/#organization","name":"M\u00e1s Que Noticias","url":"https:\/\/masquenoticias.mx\/","logo":{"@type":"ImageObject","inLanguage":"es","@id":"https:\/\/masquenoticias.mx\/#\/schema\/logo\/image\/","url":"https:\/\/i0.wp.com\/masquenoticias.mx\/wp-content\/uploads\/2024\/04\/IMG_0004.png?fit=2560%2C1656&ssl=1","contentUrl":"https:\/\/i0.wp.com\/masquenoticias.mx\/wp-content\/uploads\/2024\/04\/IMG_0004.png?fit=2560%2C1656&ssl=1","width":2560,"height":1656,"caption":"M\u00e1s Que Noticias"},"image":{"@id":"https:\/\/masquenoticias.mx\/#\/schema\/logo\/image\/"},"sameAs":["https:\/\/www.facebook.com\/masquenoticiascolima","https:\/\/x.com\/edgartove","https:\/\/www.instagram.com\/masquenoticiascolima\/"]},{"@type":"Person","@id":"https:\/\/masquenoticias.mx\/#\/schema\/person\/544d19989ef23d34615f691f7a96e622","name":"Redacci\u00f3n","image":{"@type":"ImageObject","inLanguage":"es","@id":"https:\/\/masquenoticias.mx\/#\/schema\/person\/image\/","url":"https:\/\/secure.gravatar.com\/avatar\/7fcc926d5b058d3f3d52d95b4d05dd58?s=96&d=mm&r=g","contentUrl":"https:\/\/secure.gravatar.com\/avatar\/7fcc926d5b058d3f3d52d95b4d05dd58?s=96&d=mm&r=g","caption":"Redacci\u00f3n"},"sameAs":["http:\/\/masquenoticias.mx"],"url":"https:\/\/masquenoticias.mx\/index.php\/author\/edgartovegmail-com\/"}]}},"jetpack_featured_media_url":"https:\/\/i0.wp.com\/masquenoticias.mx\/wp-content\/uploads\/2026\/04\/WhatsApp-Image-2026-04-30-at-2.30.21-PM-1.jpeg?fit=1600%2C1066&ssl=1","blog_post_layout_featured_media_urls":{"thumbnail":["https:\/\/i0.wp.com\/masquenoticias.mx\/wp-content\/uploads\/2026\/04\/WhatsApp-Image-2026-04-30-at-2.30.21-PM-1.jpeg?resize=150%2C150&ssl=1",150,150,true],"full":["https:\/\/i0.wp.com\/masquenoticias.mx\/wp-content\/uploads\/2026\/04\/WhatsApp-Image-2026-04-30-at-2.30.21-PM-1.jpeg?fit=1600%2C1066&ssl=1",1600,1066,false]},"categories_names":{"32":{"name":"Pol\u00edtica","link":"https:\/\/masquenoticias.mx\/index.php\/category\/politica\/"}},"tags_names":{"628":{"name":"Congreso Colima","link":"https:\/\/masquenoticias.mx\/index.php\/tag\/congreso-colima\/"}},"comments_number":"0","wpmagazine_modules_lite_featured_media_urls":{"thumbnail":["https:\/\/i0.wp.com\/masquenoticias.mx\/wp-content\/uploads\/2026\/04\/WhatsApp-Image-2026-04-30-at-2.30.21-PM-1.jpeg?resize=150%2C150&ssl=1",150,150,true],"cvmm-medium":["https:\/\/i0.wp.com\/masquenoticias.mx\/wp-content\/uploads\/2026\/04\/WhatsApp-Image-2026-04-30-at-2.30.21-PM-1.jpeg?resize=300%2C300&ssl=1",300,300,true],"cvmm-medium-plus":["https:\/\/i0.wp.com\/masquenoticias.mx\/wp-content\/uploads\/2026\/04\/WhatsApp-Image-2026-04-30-at-2.30.21-PM-1.jpeg?resize=305%2C207&ssl=1",305,207,true],"cvmm-portrait":["https:\/\/i0.wp.com\/masquenoticias.mx\/wp-content\/uploads\/2026\/04\/WhatsApp-Image-2026-04-30-at-2.30.21-PM-1.jpeg?resize=400%2C600&ssl=1",400,600,true],"cvmm-medium-square":["https:\/\/i0.wp.com\/masquenoticias.mx\/wp-content\/uploads\/2026\/04\/WhatsApp-Image-2026-04-30-at-2.30.21-PM-1.jpeg?resize=600%2C600&ssl=1",600,600,true],"cvmm-large":["https:\/\/i0.wp.com\/masquenoticias.mx\/wp-content\/uploads\/2026\/04\/WhatsApp-Image-2026-04-30-at-2.30.21-PM-1.jpeg?resize=1024%2C1024&ssl=1",1024,1024,true],"cvmm-small":["https:\/\/i0.wp.com\/masquenoticias.mx\/wp-content\/uploads\/2026\/04\/WhatsApp-Image-2026-04-30-at-2.30.21-PM-1.jpeg?resize=130%2C95&ssl=1",130,95,true],"full":["https:\/\/i0.wp.com\/masquenoticias.mx\/wp-content\/uploads\/2026\/04\/WhatsApp-Image-2026-04-30-at-2.30.21-PM-1.jpeg?fit=1600%2C1066&ssl=1",1600,1066,false]},"jetpack-related-posts":[],"jetpack_sharing_enabled":true,"jetpack_likes_enabled":true,"jetpack_shortlink":"https:\/\/wp.me\/pf7pkt-5T5","_links":{"self":[{"href":"https:\/\/masquenoticias.mx\/index.php\/wp-json\/wp\/v2\/posts\/22635","targetHints":{"allow":["GET"]}}],"collection":[{"href":"https:\/\/masquenoticias.mx\/index.php\/wp-json\/wp\/v2\/posts"}],"about":[{"href":"https:\/\/masquenoticias.mx\/index.php\/wp-json\/wp\/v2\/types\/post"}],"author":[{"embeddable":true,"href":"https:\/\/masquenoticias.mx\/index.php\/wp-json\/wp\/v2\/users\/1"}],"replies":[{"embeddable":true,"href":"https:\/\/masquenoticias.mx\/index.php\/wp-json\/wp\/v2\/comments?post=22635"}],"version-history":[{"count":1,"href":"https:\/\/masquenoticias.mx\/index.php\/wp-json\/wp\/v2\/posts\/22635\/revisions"}],"predecessor-version":[{"id":22637,"href":"https:\/\/masquenoticias.mx\/index.php\/wp-json\/wp\/v2\/posts\/22635\/revisions\/22637"}],"wp:featuredmedia":[{"embeddable":true,"href":"https:\/\/masquenoticias.mx\/index.php\/wp-json\/wp\/v2\/media\/22636"}],"wp:attachment":[{"href":"https:\/\/masquenoticias.mx\/index.php\/wp-json\/wp\/v2\/media?parent=22635"}],"wp:term":[{"taxonomy":"category","embeddable":true,"href":"https:\/\/masquenoticias.mx\/index.php\/wp-json\/wp\/v2\/categories?post=22635"},{"taxonomy":"post_tag","embeddable":true,"href":"https:\/\/masquenoticias.mx\/index.php\/wp-json\/wp\/v2\/tags?post=22635"}],"curies":[{"name":"wp","href":"https:\/\/api.w.org\/{rel}","templated":true}]}}