{"id":22632,"date":"2026-04-29T20:24:33","date_gmt":"2026-04-30T02:24:33","guid":{"rendered":"https:\/\/masquenoticias.mx\/?p=22632"},"modified":"2026-04-29T20:24:33","modified_gmt":"2026-04-30T02:24:33","slug":"aprueba-congreso-informes-de-cuentas-publicas-2024-de-34-entes-fiscalizables","status":"publish","type":"post","link":"https:\/\/masquenoticias.mx\/index.php\/2026\/04\/29\/aprueba-congreso-informes-de-cuentas-publicas-2024-de-34-entes-fiscalizables\/","title":{"rendered":"Aprueba Congreso informes de cuentas p\u00fablicas 2024 de 34 entes fiscalizables"},"content":{"rendered":"<p>En sesi\u00f3n ordinaria de este mi\u00e9rcoles, el Congreso del Estado de Colima aprob\u00f3 los informes elaborados por el \u00d3rgano Superior de Auditor\u00eda y Fiscalizaci\u00f3n Gubernamental del Estado de Colima (OSAFIG), que contienen las cuentas p\u00fablicas correspondientes al ejercicio fiscal 2024 de 34 entes fiscalizables, con lo que se da por concluido el proceso de revisi\u00f3n t\u00e9cnica correspondiente.<\/p>\n<p>Los dict\u00e1menes avalados y previamente analizados por la Comisi\u00f3n Legislativa de Hacienda, Fiscalizaci\u00f3n y Cuenta P\u00fablica, corresponden a los Poderes Ejecutivo, Legislativo y Judicial; los diez Ayuntamientos; nueve organismos operadores de agua potable y alcantarillado; Los Institutos de Festejos Charrotaurinos y Exposiciones de Villa de \u00c1lvarez y Colima, as\u00ed como dos Sistemas Municipales para el Desarrollo Integral de la Familia (DIF).<\/p>\n<p>De igual forma, el del Instituto para el Medio Ambiente y Desarrollo Sustentable del Estado de Colima (IMADES); la Comisi\u00f3n de Derechos Humanos del Estado de Colima (CDHEC); el INFOCOL; el Instituto Electoral del Estado (IEE); los Tribunales Arbitraje y Escalaf\u00f3n; Electoral, de Justicia Administrativa y la Fiscal\u00eda General del Estado.<\/p>\n<p>Adem\u00e1s, se incluyeron dos reportes de revisi\u00f3n y fiscalizaci\u00f3n de la Auditor\u00eda Especial practicada a la gesti\u00f3n financiera de los municipios de Manzanillo y Villa de \u00c1lvarez, correspondiente al ejercicio fiscal 2024.<\/p>\n<p>Durante la discusi\u00f3n de los dict\u00e1menes, las y los diputados de los diversos Grupos Parlamentarios hicieron uso de la voz con el prop\u00f3sito de dejar en claro que la aprobaci\u00f3n de los dict\u00e1menes no exonera a nadie de responsabilidades, sino que concluye solo una etapa del proceso de revisi\u00f3n del uso de los recursos p\u00fablicos.<\/p>\n<p>Con esta aprobaci\u00f3n, el Poder Legislativo remitir\u00e1 los resultados al OSAFIG para que contin\u00fae con las etapas subsecuentes, incluyendo la atenci\u00f3n de observaciones, recomendaciones y, en su caso, la atribuci\u00f3n de posibles responsabilidades derivadas del proceso de fiscalizaci\u00f3n.<\/p>\n","protected":false},"excerpt":{"rendered":"<p>En sesi\u00f3n ordinaria de este mi\u00e9rcoles, el Congreso del Estado de Colima aprob\u00f3 los informes elaborados por el \u00d3rgano Superior de Auditor\u00eda y Fiscalizaci\u00f3n Gubernamental del Estado de Colima (OSAFIG), que contienen las cuentas p\u00fablicas correspondientes al ejercicio fiscal 2024 de 34 entes fiscalizables, con lo que se da por concluido el proceso de revisi\u00f3n [&hellip;]<\/p>\n","protected":false},"author":1,"featured_media":22633,"comment_status":"open","ping_status":"open","sticky":false,"template":"","format":"standard","meta":{"_jetpack_memberships_contains_paid_content":false,"footnotes":""},"categories":[32],"tags":[628],"class_list":["post-22632","post","type-post","status-publish","format-standard","has-post-thumbnail","hentry","category-politica","tag-congreso-colima"],"yoast_head":"<!-- This site is optimized with the Yoast SEO plugin v26.6 - https:\/\/yoast.com\/wordpress\/plugins\/seo\/ -->\n<title>Aprueba Congreso informes de cuentas p\u00fablicas 2024 de 34 entes fiscalizables - M\u00e1s Que Noticias<\/title>\n<meta name=\"robots\" content=\"index, follow, max-snippet:-1, max-image-preview:large, max-video-preview:-1\" \/>\n<link rel=\"canonical\" href=\"https:\/\/masquenoticias.mx\/index.php\/2026\/04\/29\/aprueba-congreso-informes-de-cuentas-publicas-2024-de-34-entes-fiscalizables\/\" \/>\n<meta property=\"og:locale\" content=\"es_MX\" \/>\n<meta property=\"og:type\" content=\"article\" \/>\n<meta property=\"og:title\" content=\"Aprueba Congreso informes de cuentas p\u00fablicas 2024 de 34 entes fiscalizables - M\u00e1s Que Noticias\" \/>\n<meta property=\"og:description\" content=\"En sesi\u00f3n ordinaria de este mi\u00e9rcoles, el Congreso del Estado de Colima aprob\u00f3 los informes elaborados por el \u00d3rgano Superior de Auditor\u00eda y Fiscalizaci\u00f3n Gubernamental del Estado de Colima (OSAFIG), que contienen las cuentas p\u00fablicas correspondientes al ejercicio fiscal 2024 de 34 entes fiscalizables, con lo que se da por concluido el proceso de revisi\u00f3n [&hellip;]\" \/>\n<meta property=\"og:url\" content=\"https:\/\/masquenoticias.mx\/index.php\/2026\/04\/29\/aprueba-congreso-informes-de-cuentas-publicas-2024-de-34-entes-fiscalizables\/\" \/>\n<meta property=\"og:site_name\" content=\"M\u00e1s Que Noticias\" \/>\n<meta property=\"article:publisher\" content=\"https:\/\/www.facebook.com\/masquenoticiascolima\" \/>\n<meta property=\"article:published_time\" content=\"2026-04-30T02:24:33+00:00\" \/>\n<meta property=\"og:image\" content=\"https:\/\/masquenoticias.mx\/wp-content\/uploads\/2026\/04\/WhatsApp-Image-2026-04-29-at-6.39.50-PM.jpeg\" \/>\n\t<meta property=\"og:image:width\" content=\"1280\" \/>\n\t<meta property=\"og:image:height\" content=\"853\" \/>\n\t<meta property=\"og:image:type\" content=\"image\/jpeg\" \/>\n<meta name=\"author\" content=\"Redacci\u00f3n\" \/>\n<meta name=\"twitter:card\" content=\"summary_large_image\" \/>\n<meta name=\"twitter:creator\" content=\"@edgartove\" \/>\n<meta name=\"twitter:site\" content=\"@edgartove\" \/>\n<meta name=\"twitter:label1\" content=\"Escrito por\" \/>\n\t<meta name=\"twitter:data1\" content=\"Redacci\u00f3n\" \/>\n\t<meta name=\"twitter:label2\" content=\"Tiempo de lectura\" \/>\n\t<meta name=\"twitter:data2\" content=\"2 minutos\" \/>\n<script type=\"application\/ld+json\" class=\"yoast-schema-graph\">{\"@context\":\"https:\/\/schema.org\",\"@graph\":[{\"@type\":\"Article\",\"@id\":\"https:\/\/masquenoticias.mx\/index.php\/2026\/04\/29\/aprueba-congreso-informes-de-cuentas-publicas-2024-de-34-entes-fiscalizables\/#article\",\"isPartOf\":{\"@id\":\"https:\/\/masquenoticias.mx\/index.php\/2026\/04\/29\/aprueba-congreso-informes-de-cuentas-publicas-2024-de-34-entes-fiscalizables\/\"},\"author\":{\"name\":\"Redacci\u00f3n\",\"@id\":\"https:\/\/masquenoticias.mx\/#\/schema\/person\/544d19989ef23d34615f691f7a96e622\"},\"headline\":\"Aprueba Congreso informes de cuentas p\u00fablicas 2024 de 34 entes fiscalizables\",\"datePublished\":\"2026-04-30T02:24:33+00:00\",\"mainEntityOfPage\":{\"@id\":\"https:\/\/masquenoticias.mx\/index.php\/2026\/04\/29\/aprueba-congreso-informes-de-cuentas-publicas-2024-de-34-entes-fiscalizables\/\"},\"wordCount\":332,\"commentCount\":0,\"publisher\":{\"@id\":\"https:\/\/masquenoticias.mx\/#organization\"},\"image\":{\"@id\":\"https:\/\/masquenoticias.mx\/index.php\/2026\/04\/29\/aprueba-congreso-informes-de-cuentas-publicas-2024-de-34-entes-fiscalizables\/#primaryimage\"},\"thumbnailUrl\":\"https:\/\/i0.wp.com\/masquenoticias.mx\/wp-content\/uploads\/2026\/04\/WhatsApp-Image-2026-04-29-at-6.39.50-PM.jpeg?fit=1280%2C853&ssl=1\",\"keywords\":[\"Congreso Colima\"],\"articleSection\":[\"Pol\u00edtica\"],\"inLanguage\":\"es\",\"potentialAction\":[{\"@type\":\"CommentAction\",\"name\":\"Comment\",\"target\":[\"https:\/\/masquenoticias.mx\/index.php\/2026\/04\/29\/aprueba-congreso-informes-de-cuentas-publicas-2024-de-34-entes-fiscalizables\/#respond\"]}]},{\"@type\":\"WebPage\",\"@id\":\"https:\/\/masquenoticias.mx\/index.php\/2026\/04\/29\/aprueba-congreso-informes-de-cuentas-publicas-2024-de-34-entes-fiscalizables\/\",\"url\":\"https:\/\/masquenoticias.mx\/index.php\/2026\/04\/29\/aprueba-congreso-informes-de-cuentas-publicas-2024-de-34-entes-fiscalizables\/\",\"name\":\"Aprueba Congreso informes de cuentas p\u00fablicas 2024 de 34 entes fiscalizables - M\u00e1s Que Noticias\",\"isPartOf\":{\"@id\":\"https:\/\/masquenoticias.mx\/#website\"},\"primaryImageOfPage\":{\"@id\":\"https:\/\/masquenoticias.mx\/index.php\/2026\/04\/29\/aprueba-congreso-informes-de-cuentas-publicas-2024-de-34-entes-fiscalizables\/#primaryimage\"},\"image\":{\"@id\":\"https:\/\/masquenoticias.mx\/index.php\/2026\/04\/29\/aprueba-congreso-informes-de-cuentas-publicas-2024-de-34-entes-fiscalizables\/#primaryimage\"},\"thumbnailUrl\":\"https:\/\/i0.wp.com\/masquenoticias.mx\/wp-content\/uploads\/2026\/04\/WhatsApp-Image-2026-04-29-at-6.39.50-PM.jpeg?fit=1280%2C853&ssl=1\",\"datePublished\":\"2026-04-30T02:24:33+00:00\",\"breadcrumb\":{\"@id\":\"https:\/\/masquenoticias.mx\/index.php\/2026\/04\/29\/aprueba-congreso-informes-de-cuentas-publicas-2024-de-34-entes-fiscalizables\/#breadcrumb\"},\"inLanguage\":\"es\",\"potentialAction\":[{\"@type\":\"ReadAction\",\"target\":[\"https:\/\/masquenoticias.mx\/index.php\/2026\/04\/29\/aprueba-congreso-informes-de-cuentas-publicas-2024-de-34-entes-fiscalizables\/\"]}]},{\"@type\":\"ImageObject\",\"inLanguage\":\"es\",\"@id\":\"https:\/\/masquenoticias.mx\/index.php\/2026\/04\/29\/aprueba-congreso-informes-de-cuentas-publicas-2024-de-34-entes-fiscalizables\/#primaryimage\",\"url\":\"https:\/\/i0.wp.com\/masquenoticias.mx\/wp-content\/uploads\/2026\/04\/WhatsApp-Image-2026-04-29-at-6.39.50-PM.jpeg?fit=1280%2C853&ssl=1\",\"contentUrl\":\"https:\/\/i0.wp.com\/masquenoticias.mx\/wp-content\/uploads\/2026\/04\/WhatsApp-Image-2026-04-29-at-6.39.50-PM.jpeg?fit=1280%2C853&ssl=1\",\"width\":1280,\"height\":853},{\"@type\":\"BreadcrumbList\",\"@id\":\"https:\/\/masquenoticias.mx\/index.php\/2026\/04\/29\/aprueba-congreso-informes-de-cuentas-publicas-2024-de-34-entes-fiscalizables\/#breadcrumb\",\"itemListElement\":[{\"@type\":\"ListItem\",\"position\":1,\"name\":\"Inicio\",\"item\":\"https:\/\/masquenoticias.mx\/\"},{\"@type\":\"ListItem\",\"position\":2,\"name\":\"Aprueba Congreso informes de cuentas p\u00fablicas 2024 de 34 entes fiscalizables\"}]},{\"@type\":\"WebSite\",\"@id\":\"https:\/\/masquenoticias.mx\/#website\",\"url\":\"https:\/\/masquenoticias.mx\/\",\"name\":\"M\u00e1s Que Noticias\",\"description\":\"Noticias de Colima, M\u00e9xico y el Mundo\",\"publisher\":{\"@id\":\"https:\/\/masquenoticias.mx\/#organization\"},\"potentialAction\":[{\"@type\":\"SearchAction\",\"target\":{\"@type\":\"EntryPoint\",\"urlTemplate\":\"https:\/\/masquenoticias.mx\/?s={search_term_string}\"},\"query-input\":{\"@type\":\"PropertyValueSpecification\",\"valueRequired\":true,\"valueName\":\"search_term_string\"}}],\"inLanguage\":\"es\"},{\"@type\":\"Organization\",\"@id\":\"https:\/\/masquenoticias.mx\/#organization\",\"name\":\"M\u00e1s Que Noticias\",\"url\":\"https:\/\/masquenoticias.mx\/\",\"logo\":{\"@type\":\"ImageObject\",\"inLanguage\":\"es\",\"@id\":\"https:\/\/masquenoticias.mx\/#\/schema\/logo\/image\/\",\"url\":\"https:\/\/i0.wp.com\/masquenoticias.mx\/wp-content\/uploads\/2024\/04\/IMG_0004.png?fit=2560%2C1656&ssl=1\",\"contentUrl\":\"https:\/\/i0.wp.com\/masquenoticias.mx\/wp-content\/uploads\/2024\/04\/IMG_0004.png?fit=2560%2C1656&ssl=1\",\"width\":2560,\"height\":1656,\"caption\":\"M\u00e1s Que Noticias\"},\"image\":{\"@id\":\"https:\/\/masquenoticias.mx\/#\/schema\/logo\/image\/\"},\"sameAs\":[\"https:\/\/www.facebook.com\/masquenoticiascolima\",\"https:\/\/x.com\/edgartove\",\"https:\/\/www.instagram.com\/masquenoticiascolima\/\"]},{\"@type\":\"Person\",\"@id\":\"https:\/\/masquenoticias.mx\/#\/schema\/person\/544d19989ef23d34615f691f7a96e622\",\"name\":\"Redacci\u00f3n\",\"image\":{\"@type\":\"ImageObject\",\"inLanguage\":\"es\",\"@id\":\"https:\/\/masquenoticias.mx\/#\/schema\/person\/image\/\",\"url\":\"https:\/\/secure.gravatar.com\/avatar\/7fcc926d5b058d3f3d52d95b4d05dd58?s=96&d=mm&r=g\",\"contentUrl\":\"https:\/\/secure.gravatar.com\/avatar\/7fcc926d5b058d3f3d52d95b4d05dd58?s=96&d=mm&r=g\",\"caption\":\"Redacci\u00f3n\"},\"sameAs\":[\"http:\/\/masquenoticias.mx\"],\"url\":\"https:\/\/masquenoticias.mx\/index.php\/author\/edgartovegmail-com\/\"}]}<\/script>\n<!-- \/ Yoast SEO plugin. -->","yoast_head_json":{"title":"Aprueba Congreso informes de cuentas p\u00fablicas 2024 de 34 entes fiscalizables - M\u00e1s Que Noticias","robots":{"index":"index","follow":"follow","max-snippet":"max-snippet:-1","max-image-preview":"max-image-preview:large","max-video-preview":"max-video-preview:-1"},"canonical":"https:\/\/masquenoticias.mx\/index.php\/2026\/04\/29\/aprueba-congreso-informes-de-cuentas-publicas-2024-de-34-entes-fiscalizables\/","og_locale":"es_MX","og_type":"article","og_title":"Aprueba Congreso informes de cuentas p\u00fablicas 2024 de 34 entes fiscalizables - M\u00e1s Que Noticias","og_description":"En sesi\u00f3n ordinaria de este mi\u00e9rcoles, el Congreso del Estado de Colima aprob\u00f3 los informes elaborados por el \u00d3rgano Superior de Auditor\u00eda y Fiscalizaci\u00f3n Gubernamental del Estado de Colima (OSAFIG), que contienen las cuentas p\u00fablicas correspondientes al ejercicio fiscal 2024 de 34 entes fiscalizables, con lo que se da por concluido el proceso de revisi\u00f3n [&hellip;]","og_url":"https:\/\/masquenoticias.mx\/index.php\/2026\/04\/29\/aprueba-congreso-informes-de-cuentas-publicas-2024-de-34-entes-fiscalizables\/","og_site_name":"M\u00e1s Que Noticias","article_publisher":"https:\/\/www.facebook.com\/masquenoticiascolima","article_published_time":"2026-04-30T02:24:33+00:00","og_image":[{"width":1280,"height":853,"url":"https:\/\/masquenoticias.mx\/wp-content\/uploads\/2026\/04\/WhatsApp-Image-2026-04-29-at-6.39.50-PM.jpeg","type":"image\/jpeg"}],"author":"Redacci\u00f3n","twitter_card":"summary_large_image","twitter_creator":"@edgartove","twitter_site":"@edgartove","twitter_misc":{"Escrito por":"Redacci\u00f3n","Tiempo de lectura":"2 minutos"},"schema":{"@context":"https:\/\/schema.org","@graph":[{"@type":"Article","@id":"https:\/\/masquenoticias.mx\/index.php\/2026\/04\/29\/aprueba-congreso-informes-de-cuentas-publicas-2024-de-34-entes-fiscalizables\/#article","isPartOf":{"@id":"https:\/\/masquenoticias.mx\/index.php\/2026\/04\/29\/aprueba-congreso-informes-de-cuentas-publicas-2024-de-34-entes-fiscalizables\/"},"author":{"name":"Redacci\u00f3n","@id":"https:\/\/masquenoticias.mx\/#\/schema\/person\/544d19989ef23d34615f691f7a96e622"},"headline":"Aprueba Congreso informes de cuentas p\u00fablicas 2024 de 34 entes fiscalizables","datePublished":"2026-04-30T02:24:33+00:00","mainEntityOfPage":{"@id":"https:\/\/masquenoticias.mx\/index.php\/2026\/04\/29\/aprueba-congreso-informes-de-cuentas-publicas-2024-de-34-entes-fiscalizables\/"},"wordCount":332,"commentCount":0,"publisher":{"@id":"https:\/\/masquenoticias.mx\/#organization"},"image":{"@id":"https:\/\/masquenoticias.mx\/index.php\/2026\/04\/29\/aprueba-congreso-informes-de-cuentas-publicas-2024-de-34-entes-fiscalizables\/#primaryimage"},"thumbnailUrl":"https:\/\/i0.wp.com\/masquenoticias.mx\/wp-content\/uploads\/2026\/04\/WhatsApp-Image-2026-04-29-at-6.39.50-PM.jpeg?fit=1280%2C853&ssl=1","keywords":["Congreso Colima"],"articleSection":["Pol\u00edtica"],"inLanguage":"es","potentialAction":[{"@type":"CommentAction","name":"Comment","target":["https:\/\/masquenoticias.mx\/index.php\/2026\/04\/29\/aprueba-congreso-informes-de-cuentas-publicas-2024-de-34-entes-fiscalizables\/#respond"]}]},{"@type":"WebPage","@id":"https:\/\/masquenoticias.mx\/index.php\/2026\/04\/29\/aprueba-congreso-informes-de-cuentas-publicas-2024-de-34-entes-fiscalizables\/","url":"https:\/\/masquenoticias.mx\/index.php\/2026\/04\/29\/aprueba-congreso-informes-de-cuentas-publicas-2024-de-34-entes-fiscalizables\/","name":"Aprueba Congreso informes de cuentas p\u00fablicas 2024 de 34 entes fiscalizables - M\u00e1s Que Noticias","isPartOf":{"@id":"https:\/\/masquenoticias.mx\/#website"},"primaryImageOfPage":{"@id":"https:\/\/masquenoticias.mx\/index.php\/2026\/04\/29\/aprueba-congreso-informes-de-cuentas-publicas-2024-de-34-entes-fiscalizables\/#primaryimage"},"image":{"@id":"https:\/\/masquenoticias.mx\/index.php\/2026\/04\/29\/aprueba-congreso-informes-de-cuentas-publicas-2024-de-34-entes-fiscalizables\/#primaryimage"},"thumbnailUrl":"https:\/\/i0.wp.com\/masquenoticias.mx\/wp-content\/uploads\/2026\/04\/WhatsApp-Image-2026-04-29-at-6.39.50-PM.jpeg?fit=1280%2C853&ssl=1","datePublished":"2026-04-30T02:24:33+00:00","breadcrumb":{"@id":"https:\/\/masquenoticias.mx\/index.php\/2026\/04\/29\/aprueba-congreso-informes-de-cuentas-publicas-2024-de-34-entes-fiscalizables\/#breadcrumb"},"inLanguage":"es","potentialAction":[{"@type":"ReadAction","target":["https:\/\/masquenoticias.mx\/index.php\/2026\/04\/29\/aprueba-congreso-informes-de-cuentas-publicas-2024-de-34-entes-fiscalizables\/"]}]},{"@type":"ImageObject","inLanguage":"es","@id":"https:\/\/masquenoticias.mx\/index.php\/2026\/04\/29\/aprueba-congreso-informes-de-cuentas-publicas-2024-de-34-entes-fiscalizables\/#primaryimage","url":"https:\/\/i0.wp.com\/masquenoticias.mx\/wp-content\/uploads\/2026\/04\/WhatsApp-Image-2026-04-29-at-6.39.50-PM.jpeg?fit=1280%2C853&ssl=1","contentUrl":"https:\/\/i0.wp.com\/masquenoticias.mx\/wp-content\/uploads\/2026\/04\/WhatsApp-Image-2026-04-29-at-6.39.50-PM.jpeg?fit=1280%2C853&ssl=1","width":1280,"height":853},{"@type":"BreadcrumbList","@id":"https:\/\/masquenoticias.mx\/index.php\/2026\/04\/29\/aprueba-congreso-informes-de-cuentas-publicas-2024-de-34-entes-fiscalizables\/#breadcrumb","itemListElement":[{"@type":"ListItem","position":1,"name":"Inicio","item":"https:\/\/masquenoticias.mx\/"},{"@type":"ListItem","position":2,"name":"Aprueba Congreso informes de cuentas p\u00fablicas 2024 de 34 entes fiscalizables"}]},{"@type":"WebSite","@id":"https:\/\/masquenoticias.mx\/#website","url":"https:\/\/masquenoticias.mx\/","name":"M\u00e1s Que Noticias","description":"Noticias de Colima, M\u00e9xico y el Mundo","publisher":{"@id":"https:\/\/masquenoticias.mx\/#organization"},"potentialAction":[{"@type":"SearchAction","target":{"@type":"EntryPoint","urlTemplate":"https:\/\/masquenoticias.mx\/?s={search_term_string}"},"query-input":{"@type":"PropertyValueSpecification","valueRequired":true,"valueName":"search_term_string"}}],"inLanguage":"es"},{"@type":"Organization","@id":"https:\/\/masquenoticias.mx\/#organization","name":"M\u00e1s Que Noticias","url":"https:\/\/masquenoticias.mx\/","logo":{"@type":"ImageObject","inLanguage":"es","@id":"https:\/\/masquenoticias.mx\/#\/schema\/logo\/image\/","url":"https:\/\/i0.wp.com\/masquenoticias.mx\/wp-content\/uploads\/2024\/04\/IMG_0004.png?fit=2560%2C1656&ssl=1","contentUrl":"https:\/\/i0.wp.com\/masquenoticias.mx\/wp-content\/uploads\/2024\/04\/IMG_0004.png?fit=2560%2C1656&ssl=1","width":2560,"height":1656,"caption":"M\u00e1s Que Noticias"},"image":{"@id":"https:\/\/masquenoticias.mx\/#\/schema\/logo\/image\/"},"sameAs":["https:\/\/www.facebook.com\/masquenoticiascolima","https:\/\/x.com\/edgartove","https:\/\/www.instagram.com\/masquenoticiascolima\/"]},{"@type":"Person","@id":"https:\/\/masquenoticias.mx\/#\/schema\/person\/544d19989ef23d34615f691f7a96e622","name":"Redacci\u00f3n","image":{"@type":"ImageObject","inLanguage":"es","@id":"https:\/\/masquenoticias.mx\/#\/schema\/person\/image\/","url":"https:\/\/secure.gravatar.com\/avatar\/7fcc926d5b058d3f3d52d95b4d05dd58?s=96&d=mm&r=g","contentUrl":"https:\/\/secure.gravatar.com\/avatar\/7fcc926d5b058d3f3d52d95b4d05dd58?s=96&d=mm&r=g","caption":"Redacci\u00f3n"},"sameAs":["http:\/\/masquenoticias.mx"],"url":"https:\/\/masquenoticias.mx\/index.php\/author\/edgartovegmail-com\/"}]}},"jetpack_featured_media_url":"https:\/\/i0.wp.com\/masquenoticias.mx\/wp-content\/uploads\/2026\/04\/WhatsApp-Image-2026-04-29-at-6.39.50-PM.jpeg?fit=1280%2C853&ssl=1","blog_post_layout_featured_media_urls":{"thumbnail":["https:\/\/i0.wp.com\/masquenoticias.mx\/wp-content\/uploads\/2026\/04\/WhatsApp-Image-2026-04-29-at-6.39.50-PM.jpeg?resize=150%2C150&ssl=1",150,150,true],"full":["https:\/\/i0.wp.com\/masquenoticias.mx\/wp-content\/uploads\/2026\/04\/WhatsApp-Image-2026-04-29-at-6.39.50-PM.jpeg?fit=1280%2C853&ssl=1",1280,853,false]},"categories_names":{"32":{"name":"Pol\u00edtica","link":"https:\/\/masquenoticias.mx\/index.php\/category\/politica\/"}},"tags_names":{"628":{"name":"Congreso Colima","link":"https:\/\/masquenoticias.mx\/index.php\/tag\/congreso-colima\/"}},"comments_number":"0","wpmagazine_modules_lite_featured_media_urls":{"thumbnail":["https:\/\/i0.wp.com\/masquenoticias.mx\/wp-content\/uploads\/2026\/04\/WhatsApp-Image-2026-04-29-at-6.39.50-PM.jpeg?resize=150%2C150&ssl=1",150,150,true],"cvmm-medium":["https:\/\/i0.wp.com\/masquenoticias.mx\/wp-content\/uploads\/2026\/04\/WhatsApp-Image-2026-04-29-at-6.39.50-PM.jpeg?resize=300%2C300&ssl=1",300,300,true],"cvmm-medium-plus":["https:\/\/i0.wp.com\/masquenoticias.mx\/wp-content\/uploads\/2026\/04\/WhatsApp-Image-2026-04-29-at-6.39.50-PM.jpeg?resize=305%2C207&ssl=1",305,207,true],"cvmm-portrait":["https:\/\/i0.wp.com\/masquenoticias.mx\/wp-content\/uploads\/2026\/04\/WhatsApp-Image-2026-04-29-at-6.39.50-PM.jpeg?resize=400%2C600&ssl=1",400,600,true],"cvmm-medium-square":["https:\/\/i0.wp.com\/masquenoticias.mx\/wp-content\/uploads\/2026\/04\/WhatsApp-Image-2026-04-29-at-6.39.50-PM.jpeg?resize=600%2C600&ssl=1",600,600,true],"cvmm-large":["https:\/\/i0.wp.com\/masquenoticias.mx\/wp-content\/uploads\/2026\/04\/WhatsApp-Image-2026-04-29-at-6.39.50-PM.jpeg?resize=1024%2C853&ssl=1",1024,853,true],"cvmm-small":["https:\/\/i0.wp.com\/masquenoticias.mx\/wp-content\/uploads\/2026\/04\/WhatsApp-Image-2026-04-29-at-6.39.50-PM.jpeg?resize=130%2C95&ssl=1",130,95,true],"full":["https:\/\/i0.wp.com\/masquenoticias.mx\/wp-content\/uploads\/2026\/04\/WhatsApp-Image-2026-04-29-at-6.39.50-PM.jpeg?fit=1280%2C853&ssl=1",1280,853,false]},"jetpack-related-posts":[],"jetpack_sharing_enabled":true,"jetpack_likes_enabled":true,"jetpack_shortlink":"https:\/\/wp.me\/pf7pkt-5T2","_links":{"self":[{"href":"https:\/\/masquenoticias.mx\/index.php\/wp-json\/wp\/v2\/posts\/22632","targetHints":{"allow":["GET"]}}],"collection":[{"href":"https:\/\/masquenoticias.mx\/index.php\/wp-json\/wp\/v2\/posts"}],"about":[{"href":"https:\/\/masquenoticias.mx\/index.php\/wp-json\/wp\/v2\/types\/post"}],"author":[{"embeddable":true,"href":"https:\/\/masquenoticias.mx\/index.php\/wp-json\/wp\/v2\/users\/1"}],"replies":[{"embeddable":true,"href":"https:\/\/masquenoticias.mx\/index.php\/wp-json\/wp\/v2\/comments?post=22632"}],"version-history":[{"count":1,"href":"https:\/\/masquenoticias.mx\/index.php\/wp-json\/wp\/v2\/posts\/22632\/revisions"}],"predecessor-version":[{"id":22634,"href":"https:\/\/masquenoticias.mx\/index.php\/wp-json\/wp\/v2\/posts\/22632\/revisions\/22634"}],"wp:featuredmedia":[{"embeddable":true,"href":"https:\/\/masquenoticias.mx\/index.php\/wp-json\/wp\/v2\/media\/22633"}],"wp:attachment":[{"href":"https:\/\/masquenoticias.mx\/index.php\/wp-json\/wp\/v2\/media?parent=22632"}],"wp:term":[{"taxonomy":"category","embeddable":true,"href":"https:\/\/masquenoticias.mx\/index.php\/wp-json\/wp\/v2\/categories?post=22632"},{"taxonomy":"post_tag","embeddable":true,"href":"https:\/\/masquenoticias.mx\/index.php\/wp-json\/wp\/v2\/tags?post=22632"}],"curies":[{"name":"wp","href":"https:\/\/api.w.org\/{rel}","templated":true}]}}