{"id":22624,"date":"2026-04-29T17:28:04","date_gmt":"2026-04-29T23:28:04","guid":{"rendered":"https:\/\/masquenoticias.mx\/?p=22624"},"modified":"2026-04-29T17:28:04","modified_gmt":"2026-04-29T23:28:04","slug":"estrenaran-en-colima-cremacion-de-juan-villoro-con-doble-funcion-en-el-teatro-hidalgo","status":"publish","type":"post","link":"https:\/\/masquenoticias.mx\/index.php\/2026\/04\/29\/estrenaran-en-colima-cremacion-de-juan-villoro-con-doble-funcion-en-el-teatro-hidalgo\/","title":{"rendered":"Estrenar\u00e1n en Colima \u2018Cremaci\u00f3n\u2019 de Juan Villoro, con doble funci\u00f3n en el teatro Hidalgo"},"content":{"rendered":"<p>La compa\u00f1\u00eda Pathos Teatro, en colaboraci\u00f3n con la Subsecretar\u00eda de Cultura del Gobierno del Estado de Colima y la Universidad de Colima, estrenar\u00e1 en esta entidad la obra \u2018Cremaci\u00f3n\u2019, uno de los m\u00e1s recientes trabajos dramat\u00fargicos del escritor Juan Villoro, autor de las novelas El testigo, El libro salvaje y el ensayo No soy un robot. La compa\u00f1\u00eda que dirige Flor Larios ofrecer\u00e1 dos funciones en el teatro Hidalgo, los d\u00edas 15 y 16 de mayo a las 8:30 de la noche.<\/p>\n<p>\u2018Cremaci\u00f3n\u2019 se estren\u00f3 en el Foro Sor Juana In\u00e9s de la Cruz de la UNAM en 2019. En esta obra, Villoro propone una exploraci\u00f3n de identidades y fronteras que se pueden gestar en familias del M\u00e9xico actual. La historia se construye cuando cuatro hermanos esperan la cremaci\u00f3n de su padre en una funeraria. En la espera, los silencios se vuelven palabra y la memoria se vuelve disputa. Scott, Gordon, Alina y Juanita recuerdan distinto, cargan diferentes versiones del duelo. Una tragicomedia sobre fronteras que se cruzan con los pies y las que se cruzan con las palabras, sobre lo que queda cuando un padre se convierte en pasado.<\/p>\n<p>Dirigida por Flor Larios, \u2018Cremaci\u00f3n\u2019 ser\u00e1 la segunda puesta en escena producida por Pathos Teatro y contar\u00e1 con las actuaciones de Nury Sandoval, Paco Novoa, Flor Larios y Julio C\u00e9sar Fajardo, quien tambi\u00e9n realiz\u00f3 el dise\u00f1o de iluminaci\u00f3n para la obra. La producci\u00f3n contar\u00e1 con m\u00fasica de la compositora colimense Ingrid Guijarro, mientras que el dise\u00f1o de vestuario estar\u00e1 a cargo de Laura Marnezti, galardonada con la Medalla de plata en Dise\u00f1o de Vestuario Profesional en World Stage Design 2025. Para el dise\u00f1o del espacio esc\u00e9nico, realizado por Benjam\u00edn Rubio Ram\u00edrez, se emplearon 100 kilos de sal.<\/p>\n<p>Para el acceso a las funciones, la aportaci\u00f3n solidaria en beneficio de la compa\u00f1\u00eda es de 180 pesos Los boletos pueden ser adquiridos a trav\u00e9s del enlace https:\/\/pathosteatro.com\/boletos?utm_source=cultura.<\/p>\n","protected":false},"excerpt":{"rendered":"<p>La compa\u00f1\u00eda Pathos Teatro, en colaboraci\u00f3n con la Subsecretar\u00eda de Cultura del Gobierno del Estado de Colima y la Universidad de Colima, estrenar\u00e1 en esta entidad la obra \u2018Cremaci\u00f3n\u2019, uno de los m\u00e1s recientes trabajos dramat\u00fargicos del escritor Juan Villoro, autor de las novelas El testigo, El libro salvaje y el ensayo No soy un [&hellip;]<\/p>\n","protected":false},"author":1,"featured_media":22625,"comment_status":"open","ping_status":"open","sticky":false,"template":"","format":"standard","meta":{"_jetpack_memberships_contains_paid_content":false,"footnotes":""},"categories":[24],"tags":[118],"class_list":["post-22624","post","type-post","status-publish","format-standard","has-post-thumbnail","hentry","category-estado","tag-cultura"],"yoast_head":"<!-- This site is optimized with the Yoast SEO plugin v26.6 - https:\/\/yoast.com\/wordpress\/plugins\/seo\/ -->\n<title>Estrenar\u00e1n en Colima \u2018Cremaci\u00f3n\u2019 de Juan Villoro, con doble funci\u00f3n en el teatro Hidalgo - M\u00e1s Que Noticias<\/title>\n<meta name=\"robots\" content=\"index, follow, max-snippet:-1, max-image-preview:large, max-video-preview:-1\" \/>\n<link rel=\"canonical\" href=\"https:\/\/masquenoticias.mx\/index.php\/2026\/04\/29\/estrenaran-en-colima-cremacion-de-juan-villoro-con-doble-funcion-en-el-teatro-hidalgo\/\" \/>\n<meta property=\"og:locale\" content=\"es_MX\" \/>\n<meta property=\"og:type\" content=\"article\" \/>\n<meta property=\"og:title\" content=\"Estrenar\u00e1n en Colima \u2018Cremaci\u00f3n\u2019 de Juan Villoro, con doble funci\u00f3n en el teatro Hidalgo - M\u00e1s Que Noticias\" \/>\n<meta property=\"og:description\" content=\"La compa\u00f1\u00eda Pathos Teatro, en colaboraci\u00f3n con la Subsecretar\u00eda de Cultura del Gobierno del Estado de Colima y la Universidad de Colima, estrenar\u00e1 en esta entidad la obra \u2018Cremaci\u00f3n\u2019, uno de los m\u00e1s recientes trabajos dramat\u00fargicos del escritor Juan Villoro, autor de las novelas El testigo, El libro salvaje y el ensayo No soy un [&hellip;]\" \/>\n<meta property=\"og:url\" content=\"https:\/\/masquenoticias.mx\/index.php\/2026\/04\/29\/estrenaran-en-colima-cremacion-de-juan-villoro-con-doble-funcion-en-el-teatro-hidalgo\/\" \/>\n<meta property=\"og:site_name\" content=\"M\u00e1s Que Noticias\" \/>\n<meta property=\"article:publisher\" content=\"https:\/\/www.facebook.com\/masquenoticiascolima\" \/>\n<meta property=\"article:published_time\" content=\"2026-04-29T23:28:04+00:00\" \/>\n<meta property=\"og:image\" content=\"https:\/\/masquenoticias.mx\/wp-content\/uploads\/2026\/04\/WhatsApp-Image-2026-04-29-at-1.48.01-PM.jpeg\" \/>\n\t<meta property=\"og:image:width\" content=\"1080\" \/>\n\t<meta property=\"og:image:height\" content=\"1350\" \/>\n\t<meta property=\"og:image:type\" content=\"image\/jpeg\" \/>\n<meta name=\"author\" content=\"Redacci\u00f3n\" \/>\n<meta name=\"twitter:card\" content=\"summary_large_image\" \/>\n<meta name=\"twitter:creator\" content=\"@edgartove\" \/>\n<meta name=\"twitter:site\" content=\"@edgartove\" \/>\n<meta name=\"twitter:label1\" content=\"Escrito por\" \/>\n\t<meta name=\"twitter:data1\" content=\"Redacci\u00f3n\" \/>\n\t<meta name=\"twitter:label2\" content=\"Tiempo de lectura\" \/>\n\t<meta name=\"twitter:data2\" content=\"2 minutos\" \/>\n<script type=\"application\/ld+json\" class=\"yoast-schema-graph\">{\"@context\":\"https:\/\/schema.org\",\"@graph\":[{\"@type\":\"Article\",\"@id\":\"https:\/\/masquenoticias.mx\/index.php\/2026\/04\/29\/estrenaran-en-colima-cremacion-de-juan-villoro-con-doble-funcion-en-el-teatro-hidalgo\/#article\",\"isPartOf\":{\"@id\":\"https:\/\/masquenoticias.mx\/index.php\/2026\/04\/29\/estrenaran-en-colima-cremacion-de-juan-villoro-con-doble-funcion-en-el-teatro-hidalgo\/\"},\"author\":{\"name\":\"Redacci\u00f3n\",\"@id\":\"https:\/\/masquenoticias.mx\/#\/schema\/person\/544d19989ef23d34615f691f7a96e622\"},\"headline\":\"Estrenar\u00e1n en Colima \u2018Cremaci\u00f3n\u2019 de Juan Villoro, con doble funci\u00f3n en el teatro Hidalgo\",\"datePublished\":\"2026-04-29T23:28:04+00:00\",\"mainEntityOfPage\":{\"@id\":\"https:\/\/masquenoticias.mx\/index.php\/2026\/04\/29\/estrenaran-en-colima-cremacion-de-juan-villoro-con-doble-funcion-en-el-teatro-hidalgo\/\"},\"wordCount\":360,\"commentCount\":0,\"publisher\":{\"@id\":\"https:\/\/masquenoticias.mx\/#organization\"},\"image\":{\"@id\":\"https:\/\/masquenoticias.mx\/index.php\/2026\/04\/29\/estrenaran-en-colima-cremacion-de-juan-villoro-con-doble-funcion-en-el-teatro-hidalgo\/#primaryimage\"},\"thumbnailUrl\":\"https:\/\/i0.wp.com\/masquenoticias.mx\/wp-content\/uploads\/2026\/04\/WhatsApp-Image-2026-04-29-at-1.48.01-PM.jpeg?fit=1080%2C1350&ssl=1\",\"keywords\":[\"Cultura\"],\"articleSection\":[\"Estado\"],\"inLanguage\":\"es\",\"potentialAction\":[{\"@type\":\"CommentAction\",\"name\":\"Comment\",\"target\":[\"https:\/\/masquenoticias.mx\/index.php\/2026\/04\/29\/estrenaran-en-colima-cremacion-de-juan-villoro-con-doble-funcion-en-el-teatro-hidalgo\/#respond\"]}]},{\"@type\":\"WebPage\",\"@id\":\"https:\/\/masquenoticias.mx\/index.php\/2026\/04\/29\/estrenaran-en-colima-cremacion-de-juan-villoro-con-doble-funcion-en-el-teatro-hidalgo\/\",\"url\":\"https:\/\/masquenoticias.mx\/index.php\/2026\/04\/29\/estrenaran-en-colima-cremacion-de-juan-villoro-con-doble-funcion-en-el-teatro-hidalgo\/\",\"name\":\"Estrenar\u00e1n en Colima \u2018Cremaci\u00f3n\u2019 de Juan Villoro, con doble funci\u00f3n en el teatro Hidalgo - M\u00e1s Que Noticias\",\"isPartOf\":{\"@id\":\"https:\/\/masquenoticias.mx\/#website\"},\"primaryImageOfPage\":{\"@id\":\"https:\/\/masquenoticias.mx\/index.php\/2026\/04\/29\/estrenaran-en-colima-cremacion-de-juan-villoro-con-doble-funcion-en-el-teatro-hidalgo\/#primaryimage\"},\"image\":{\"@id\":\"https:\/\/masquenoticias.mx\/index.php\/2026\/04\/29\/estrenaran-en-colima-cremacion-de-juan-villoro-con-doble-funcion-en-el-teatro-hidalgo\/#primaryimage\"},\"thumbnailUrl\":\"https:\/\/i0.wp.com\/masquenoticias.mx\/wp-content\/uploads\/2026\/04\/WhatsApp-Image-2026-04-29-at-1.48.01-PM.jpeg?fit=1080%2C1350&ssl=1\",\"datePublished\":\"2026-04-29T23:28:04+00:00\",\"breadcrumb\":{\"@id\":\"https:\/\/masquenoticias.mx\/index.php\/2026\/04\/29\/estrenaran-en-colima-cremacion-de-juan-villoro-con-doble-funcion-en-el-teatro-hidalgo\/#breadcrumb\"},\"inLanguage\":\"es\",\"potentialAction\":[{\"@type\":\"ReadAction\",\"target\":[\"https:\/\/masquenoticias.mx\/index.php\/2026\/04\/29\/estrenaran-en-colima-cremacion-de-juan-villoro-con-doble-funcion-en-el-teatro-hidalgo\/\"]}]},{\"@type\":\"ImageObject\",\"inLanguage\":\"es\",\"@id\":\"https:\/\/masquenoticias.mx\/index.php\/2026\/04\/29\/estrenaran-en-colima-cremacion-de-juan-villoro-con-doble-funcion-en-el-teatro-hidalgo\/#primaryimage\",\"url\":\"https:\/\/i0.wp.com\/masquenoticias.mx\/wp-content\/uploads\/2026\/04\/WhatsApp-Image-2026-04-29-at-1.48.01-PM.jpeg?fit=1080%2C1350&ssl=1\",\"contentUrl\":\"https:\/\/i0.wp.com\/masquenoticias.mx\/wp-content\/uploads\/2026\/04\/WhatsApp-Image-2026-04-29-at-1.48.01-PM.jpeg?fit=1080%2C1350&ssl=1\",\"width\":1080,\"height\":1350},{\"@type\":\"BreadcrumbList\",\"@id\":\"https:\/\/masquenoticias.mx\/index.php\/2026\/04\/29\/estrenaran-en-colima-cremacion-de-juan-villoro-con-doble-funcion-en-el-teatro-hidalgo\/#breadcrumb\",\"itemListElement\":[{\"@type\":\"ListItem\",\"position\":1,\"name\":\"Inicio\",\"item\":\"https:\/\/masquenoticias.mx\/\"},{\"@type\":\"ListItem\",\"position\":2,\"name\":\"Estrenar\u00e1n en Colima \u2018Cremaci\u00f3n\u2019 de Juan Villoro, con doble funci\u00f3n en el teatro Hidalgo\"}]},{\"@type\":\"WebSite\",\"@id\":\"https:\/\/masquenoticias.mx\/#website\",\"url\":\"https:\/\/masquenoticias.mx\/\",\"name\":\"M\u00e1s Que Noticias\",\"description\":\"Noticias de Colima, M\u00e9xico y el Mundo\",\"publisher\":{\"@id\":\"https:\/\/masquenoticias.mx\/#organization\"},\"potentialAction\":[{\"@type\":\"SearchAction\",\"target\":{\"@type\":\"EntryPoint\",\"urlTemplate\":\"https:\/\/masquenoticias.mx\/?s={search_term_string}\"},\"query-input\":{\"@type\":\"PropertyValueSpecification\",\"valueRequired\":true,\"valueName\":\"search_term_string\"}}],\"inLanguage\":\"es\"},{\"@type\":\"Organization\",\"@id\":\"https:\/\/masquenoticias.mx\/#organization\",\"name\":\"M\u00e1s Que Noticias\",\"url\":\"https:\/\/masquenoticias.mx\/\",\"logo\":{\"@type\":\"ImageObject\",\"inLanguage\":\"es\",\"@id\":\"https:\/\/masquenoticias.mx\/#\/schema\/logo\/image\/\",\"url\":\"https:\/\/i0.wp.com\/masquenoticias.mx\/wp-content\/uploads\/2024\/04\/IMG_0004.png?fit=2560%2C1656&ssl=1\",\"contentUrl\":\"https:\/\/i0.wp.com\/masquenoticias.mx\/wp-content\/uploads\/2024\/04\/IMG_0004.png?fit=2560%2C1656&ssl=1\",\"width\":2560,\"height\":1656,\"caption\":\"M\u00e1s Que Noticias\"},\"image\":{\"@id\":\"https:\/\/masquenoticias.mx\/#\/schema\/logo\/image\/\"},\"sameAs\":[\"https:\/\/www.facebook.com\/masquenoticiascolima\",\"https:\/\/x.com\/edgartove\",\"https:\/\/www.instagram.com\/masquenoticiascolima\/\"]},{\"@type\":\"Person\",\"@id\":\"https:\/\/masquenoticias.mx\/#\/schema\/person\/544d19989ef23d34615f691f7a96e622\",\"name\":\"Redacci\u00f3n\",\"image\":{\"@type\":\"ImageObject\",\"inLanguage\":\"es\",\"@id\":\"https:\/\/masquenoticias.mx\/#\/schema\/person\/image\/\",\"url\":\"https:\/\/secure.gravatar.com\/avatar\/7fcc926d5b058d3f3d52d95b4d05dd58?s=96&d=mm&r=g\",\"contentUrl\":\"https:\/\/secure.gravatar.com\/avatar\/7fcc926d5b058d3f3d52d95b4d05dd58?s=96&d=mm&r=g\",\"caption\":\"Redacci\u00f3n\"},\"sameAs\":[\"http:\/\/masquenoticias.mx\"],\"url\":\"https:\/\/masquenoticias.mx\/index.php\/author\/edgartovegmail-com\/\"}]}<\/script>\n<!-- \/ Yoast SEO plugin. -->","yoast_head_json":{"title":"Estrenar\u00e1n en Colima \u2018Cremaci\u00f3n\u2019 de Juan Villoro, con doble funci\u00f3n en el teatro Hidalgo - M\u00e1s Que Noticias","robots":{"index":"index","follow":"follow","max-snippet":"max-snippet:-1","max-image-preview":"max-image-preview:large","max-video-preview":"max-video-preview:-1"},"canonical":"https:\/\/masquenoticias.mx\/index.php\/2026\/04\/29\/estrenaran-en-colima-cremacion-de-juan-villoro-con-doble-funcion-en-el-teatro-hidalgo\/","og_locale":"es_MX","og_type":"article","og_title":"Estrenar\u00e1n en Colima \u2018Cremaci\u00f3n\u2019 de Juan Villoro, con doble funci\u00f3n en el teatro Hidalgo - M\u00e1s Que Noticias","og_description":"La compa\u00f1\u00eda Pathos Teatro, en colaboraci\u00f3n con la Subsecretar\u00eda de Cultura del Gobierno del Estado de Colima y la Universidad de Colima, estrenar\u00e1 en esta entidad la obra \u2018Cremaci\u00f3n\u2019, uno de los m\u00e1s recientes trabajos dramat\u00fargicos del escritor Juan Villoro, autor de las novelas El testigo, El libro salvaje y el ensayo No soy un [&hellip;]","og_url":"https:\/\/masquenoticias.mx\/index.php\/2026\/04\/29\/estrenaran-en-colima-cremacion-de-juan-villoro-con-doble-funcion-en-el-teatro-hidalgo\/","og_site_name":"M\u00e1s Que Noticias","article_publisher":"https:\/\/www.facebook.com\/masquenoticiascolima","article_published_time":"2026-04-29T23:28:04+00:00","og_image":[{"width":1080,"height":1350,"url":"https:\/\/masquenoticias.mx\/wp-content\/uploads\/2026\/04\/WhatsApp-Image-2026-04-29-at-1.48.01-PM.jpeg","type":"image\/jpeg"}],"author":"Redacci\u00f3n","twitter_card":"summary_large_image","twitter_creator":"@edgartove","twitter_site":"@edgartove","twitter_misc":{"Escrito por":"Redacci\u00f3n","Tiempo de lectura":"2 minutos"},"schema":{"@context":"https:\/\/schema.org","@graph":[{"@type":"Article","@id":"https:\/\/masquenoticias.mx\/index.php\/2026\/04\/29\/estrenaran-en-colima-cremacion-de-juan-villoro-con-doble-funcion-en-el-teatro-hidalgo\/#article","isPartOf":{"@id":"https:\/\/masquenoticias.mx\/index.php\/2026\/04\/29\/estrenaran-en-colima-cremacion-de-juan-villoro-con-doble-funcion-en-el-teatro-hidalgo\/"},"author":{"name":"Redacci\u00f3n","@id":"https:\/\/masquenoticias.mx\/#\/schema\/person\/544d19989ef23d34615f691f7a96e622"},"headline":"Estrenar\u00e1n en Colima \u2018Cremaci\u00f3n\u2019 de Juan Villoro, con doble funci\u00f3n en el teatro Hidalgo","datePublished":"2026-04-29T23:28:04+00:00","mainEntityOfPage":{"@id":"https:\/\/masquenoticias.mx\/index.php\/2026\/04\/29\/estrenaran-en-colima-cremacion-de-juan-villoro-con-doble-funcion-en-el-teatro-hidalgo\/"},"wordCount":360,"commentCount":0,"publisher":{"@id":"https:\/\/masquenoticias.mx\/#organization"},"image":{"@id":"https:\/\/masquenoticias.mx\/index.php\/2026\/04\/29\/estrenaran-en-colima-cremacion-de-juan-villoro-con-doble-funcion-en-el-teatro-hidalgo\/#primaryimage"},"thumbnailUrl":"https:\/\/i0.wp.com\/masquenoticias.mx\/wp-content\/uploads\/2026\/04\/WhatsApp-Image-2026-04-29-at-1.48.01-PM.jpeg?fit=1080%2C1350&ssl=1","keywords":["Cultura"],"articleSection":["Estado"],"inLanguage":"es","potentialAction":[{"@type":"CommentAction","name":"Comment","target":["https:\/\/masquenoticias.mx\/index.php\/2026\/04\/29\/estrenaran-en-colima-cremacion-de-juan-villoro-con-doble-funcion-en-el-teatro-hidalgo\/#respond"]}]},{"@type":"WebPage","@id":"https:\/\/masquenoticias.mx\/index.php\/2026\/04\/29\/estrenaran-en-colima-cremacion-de-juan-villoro-con-doble-funcion-en-el-teatro-hidalgo\/","url":"https:\/\/masquenoticias.mx\/index.php\/2026\/04\/29\/estrenaran-en-colima-cremacion-de-juan-villoro-con-doble-funcion-en-el-teatro-hidalgo\/","name":"Estrenar\u00e1n en Colima \u2018Cremaci\u00f3n\u2019 de Juan Villoro, con doble funci\u00f3n en el teatro Hidalgo - M\u00e1s Que Noticias","isPartOf":{"@id":"https:\/\/masquenoticias.mx\/#website"},"primaryImageOfPage":{"@id":"https:\/\/masquenoticias.mx\/index.php\/2026\/04\/29\/estrenaran-en-colima-cremacion-de-juan-villoro-con-doble-funcion-en-el-teatro-hidalgo\/#primaryimage"},"image":{"@id":"https:\/\/masquenoticias.mx\/index.php\/2026\/04\/29\/estrenaran-en-colima-cremacion-de-juan-villoro-con-doble-funcion-en-el-teatro-hidalgo\/#primaryimage"},"thumbnailUrl":"https:\/\/i0.wp.com\/masquenoticias.mx\/wp-content\/uploads\/2026\/04\/WhatsApp-Image-2026-04-29-at-1.48.01-PM.jpeg?fit=1080%2C1350&ssl=1","datePublished":"2026-04-29T23:28:04+00:00","breadcrumb":{"@id":"https:\/\/masquenoticias.mx\/index.php\/2026\/04\/29\/estrenaran-en-colima-cremacion-de-juan-villoro-con-doble-funcion-en-el-teatro-hidalgo\/#breadcrumb"},"inLanguage":"es","potentialAction":[{"@type":"ReadAction","target":["https:\/\/masquenoticias.mx\/index.php\/2026\/04\/29\/estrenaran-en-colima-cremacion-de-juan-villoro-con-doble-funcion-en-el-teatro-hidalgo\/"]}]},{"@type":"ImageObject","inLanguage":"es","@id":"https:\/\/masquenoticias.mx\/index.php\/2026\/04\/29\/estrenaran-en-colima-cremacion-de-juan-villoro-con-doble-funcion-en-el-teatro-hidalgo\/#primaryimage","url":"https:\/\/i0.wp.com\/masquenoticias.mx\/wp-content\/uploads\/2026\/04\/WhatsApp-Image-2026-04-29-at-1.48.01-PM.jpeg?fit=1080%2C1350&ssl=1","contentUrl":"https:\/\/i0.wp.com\/masquenoticias.mx\/wp-content\/uploads\/2026\/04\/WhatsApp-Image-2026-04-29-at-1.48.01-PM.jpeg?fit=1080%2C1350&ssl=1","width":1080,"height":1350},{"@type":"BreadcrumbList","@id":"https:\/\/masquenoticias.mx\/index.php\/2026\/04\/29\/estrenaran-en-colima-cremacion-de-juan-villoro-con-doble-funcion-en-el-teatro-hidalgo\/#breadcrumb","itemListElement":[{"@type":"ListItem","position":1,"name":"Inicio","item":"https:\/\/masquenoticias.mx\/"},{"@type":"ListItem","position":2,"name":"Estrenar\u00e1n en Colima \u2018Cremaci\u00f3n\u2019 de Juan Villoro, con doble funci\u00f3n en el teatro Hidalgo"}]},{"@type":"WebSite","@id":"https:\/\/masquenoticias.mx\/#website","url":"https:\/\/masquenoticias.mx\/","name":"M\u00e1s Que Noticias","description":"Noticias de Colima, M\u00e9xico y el Mundo","publisher":{"@id":"https:\/\/masquenoticias.mx\/#organization"},"potentialAction":[{"@type":"SearchAction","target":{"@type":"EntryPoint","urlTemplate":"https:\/\/masquenoticias.mx\/?s={search_term_string}"},"query-input":{"@type":"PropertyValueSpecification","valueRequired":true,"valueName":"search_term_string"}}],"inLanguage":"es"},{"@type":"Organization","@id":"https:\/\/masquenoticias.mx\/#organization","name":"M\u00e1s Que Noticias","url":"https:\/\/masquenoticias.mx\/","logo":{"@type":"ImageObject","inLanguage":"es","@id":"https:\/\/masquenoticias.mx\/#\/schema\/logo\/image\/","url":"https:\/\/i0.wp.com\/masquenoticias.mx\/wp-content\/uploads\/2024\/04\/IMG_0004.png?fit=2560%2C1656&ssl=1","contentUrl":"https:\/\/i0.wp.com\/masquenoticias.mx\/wp-content\/uploads\/2024\/04\/IMG_0004.png?fit=2560%2C1656&ssl=1","width":2560,"height":1656,"caption":"M\u00e1s Que Noticias"},"image":{"@id":"https:\/\/masquenoticias.mx\/#\/schema\/logo\/image\/"},"sameAs":["https:\/\/www.facebook.com\/masquenoticiascolima","https:\/\/x.com\/edgartove","https:\/\/www.instagram.com\/masquenoticiascolima\/"]},{"@type":"Person","@id":"https:\/\/masquenoticias.mx\/#\/schema\/person\/544d19989ef23d34615f691f7a96e622","name":"Redacci\u00f3n","image":{"@type":"ImageObject","inLanguage":"es","@id":"https:\/\/masquenoticias.mx\/#\/schema\/person\/image\/","url":"https:\/\/secure.gravatar.com\/avatar\/7fcc926d5b058d3f3d52d95b4d05dd58?s=96&d=mm&r=g","contentUrl":"https:\/\/secure.gravatar.com\/avatar\/7fcc926d5b058d3f3d52d95b4d05dd58?s=96&d=mm&r=g","caption":"Redacci\u00f3n"},"sameAs":["http:\/\/masquenoticias.mx"],"url":"https:\/\/masquenoticias.mx\/index.php\/author\/edgartovegmail-com\/"}]}},"jetpack_featured_media_url":"https:\/\/i0.wp.com\/masquenoticias.mx\/wp-content\/uploads\/2026\/04\/WhatsApp-Image-2026-04-29-at-1.48.01-PM.jpeg?fit=1080%2C1350&ssl=1","blog_post_layout_featured_media_urls":{"thumbnail":["https:\/\/i0.wp.com\/masquenoticias.mx\/wp-content\/uploads\/2026\/04\/WhatsApp-Image-2026-04-29-at-1.48.01-PM.jpeg?resize=150%2C150&ssl=1",150,150,true],"full":["https:\/\/i0.wp.com\/masquenoticias.mx\/wp-content\/uploads\/2026\/04\/WhatsApp-Image-2026-04-29-at-1.48.01-PM.jpeg?fit=1080%2C1350&ssl=1",1080,1350,false]},"categories_names":{"24":{"name":"Estado","link":"https:\/\/masquenoticias.mx\/index.php\/category\/estado\/"}},"tags_names":{"118":{"name":"Cultura","link":"https:\/\/masquenoticias.mx\/index.php\/tag\/cultura\/"}},"comments_number":"0","wpmagazine_modules_lite_featured_media_urls":{"thumbnail":["https:\/\/i0.wp.com\/masquenoticias.mx\/wp-content\/uploads\/2026\/04\/WhatsApp-Image-2026-04-29-at-1.48.01-PM.jpeg?resize=150%2C150&ssl=1",150,150,true],"cvmm-medium":["https:\/\/i0.wp.com\/masquenoticias.mx\/wp-content\/uploads\/2026\/04\/WhatsApp-Image-2026-04-29-at-1.48.01-PM.jpeg?resize=300%2C300&ssl=1",300,300,true],"cvmm-medium-plus":["https:\/\/i0.wp.com\/masquenoticias.mx\/wp-content\/uploads\/2026\/04\/WhatsApp-Image-2026-04-29-at-1.48.01-PM.jpeg?resize=305%2C207&ssl=1",305,207,true],"cvmm-portrait":["https:\/\/i0.wp.com\/masquenoticias.mx\/wp-content\/uploads\/2026\/04\/WhatsApp-Image-2026-04-29-at-1.48.01-PM.jpeg?resize=400%2C600&ssl=1",400,600,true],"cvmm-medium-square":["https:\/\/i0.wp.com\/masquenoticias.mx\/wp-content\/uploads\/2026\/04\/WhatsApp-Image-2026-04-29-at-1.48.01-PM.jpeg?resize=600%2C600&ssl=1",600,600,true],"cvmm-large":["https:\/\/i0.wp.com\/masquenoticias.mx\/wp-content\/uploads\/2026\/04\/WhatsApp-Image-2026-04-29-at-1.48.01-PM.jpeg?resize=1024%2C1024&ssl=1",1024,1024,true],"cvmm-small":["https:\/\/i0.wp.com\/masquenoticias.mx\/wp-content\/uploads\/2026\/04\/WhatsApp-Image-2026-04-29-at-1.48.01-PM.jpeg?resize=130%2C95&ssl=1",130,95,true],"full":["https:\/\/i0.wp.com\/masquenoticias.mx\/wp-content\/uploads\/2026\/04\/WhatsApp-Image-2026-04-29-at-1.48.01-PM.jpeg?fit=1080%2C1350&ssl=1",1080,1350,false]},"jetpack-related-posts":[],"jetpack_sharing_enabled":true,"jetpack_likes_enabled":true,"jetpack_shortlink":"https:\/\/wp.me\/pf7pkt-5SU","_links":{"self":[{"href":"https:\/\/masquenoticias.mx\/index.php\/wp-json\/wp\/v2\/posts\/22624","targetHints":{"allow":["GET"]}}],"collection":[{"href":"https:\/\/masquenoticias.mx\/index.php\/wp-json\/wp\/v2\/posts"}],"about":[{"href":"https:\/\/masquenoticias.mx\/index.php\/wp-json\/wp\/v2\/types\/post"}],"author":[{"embeddable":true,"href":"https:\/\/masquenoticias.mx\/index.php\/wp-json\/wp\/v2\/users\/1"}],"replies":[{"embeddable":true,"href":"https:\/\/masquenoticias.mx\/index.php\/wp-json\/wp\/v2\/comments?post=22624"}],"version-history":[{"count":1,"href":"https:\/\/masquenoticias.mx\/index.php\/wp-json\/wp\/v2\/posts\/22624\/revisions"}],"predecessor-version":[{"id":22626,"href":"https:\/\/masquenoticias.mx\/index.php\/wp-json\/wp\/v2\/posts\/22624\/revisions\/22626"}],"wp:featuredmedia":[{"embeddable":true,"href":"https:\/\/masquenoticias.mx\/index.php\/wp-json\/wp\/v2\/media\/22625"}],"wp:attachment":[{"href":"https:\/\/masquenoticias.mx\/index.php\/wp-json\/wp\/v2\/media?parent=22624"}],"wp:term":[{"taxonomy":"category","embeddable":true,"href":"https:\/\/masquenoticias.mx\/index.php\/wp-json\/wp\/v2\/categories?post=22624"},{"taxonomy":"post_tag","embeddable":true,"href":"https:\/\/masquenoticias.mx\/index.php\/wp-json\/wp\/v2\/tags?post=22624"}],"curies":[{"name":"wp","href":"https:\/\/api.w.org\/{rel}","templated":true}]}}