{"id":22621,"date":"2026-04-29T17:25:19","date_gmt":"2026-04-29T23:25:19","guid":{"rendered":"https:\/\/masquenoticias.mx\/?p=22621"},"modified":"2026-04-29T17:25:19","modified_gmt":"2026-04-29T23:25:19","slug":"ieea-colima-garantiza-derecho-a-la-educacion-de-personas-adultas-mayores-firma-convenio-con-la-armonia-y-formaran-circulo-de-estudio","status":"publish","type":"post","link":"https:\/\/masquenoticias.mx\/index.php\/2026\/04\/29\/ieea-colima-garantiza-derecho-a-la-educacion-de-personas-adultas-mayores-firma-convenio-con-la-armonia-y-formaran-circulo-de-estudio\/","title":{"rendered":"IEEA Colima garantiza derecho a la educaci\u00f3n de personas adultas mayores; firma convenio con \u2018La Armon\u00eda\u2019 y formar\u00e1n c\u00edrculo de estudio"},"content":{"rendered":"<p>En beneficio de las personas adultas mayores que reciben atenci\u00f3n en la Casa del Adulto Mayor \u2018La Armon\u00eda\u2019, el Instituto Estatal de Educaci\u00f3n para Adultos (IEEA) del Gobierno del Estado de Colima firm\u00f3 un convenio de colaboraci\u00f3n con dicha asociaci\u00f3n, para brindar servicios de alfabetizaci\u00f3n y conclusi\u00f3n de estudios de primaria y secundaria, garantizando as\u00ed su derecho a la educaci\u00f3n b\u00e1sica en igualdad de condiciones con otros sectores de la poblaci\u00f3n y sin discriminaci\u00f3n.<\/p>\n<p>El documento fue rubricado por el director general del IEEA, Guillermo Toscano Reyes, y el representante de \u2018La Armon\u00eda\u2019, Carlos Alberto P\u00e9rez Aguilar. A trav\u00e9s de este instrumento, se integrar\u00e1 un c\u00edrculo de estudio en el que personas adultas mayores recibir\u00e1n educaci\u00f3n b\u00e1sica con materiales accesibles y metodolog\u00edas adaptadas a su contexto, contribuyendo as\u00ed a prevenir el aislamiento social y a fortalecer su calidad de vida.<\/p>\n<p>El convenio beneficia a las personas adultas mayores que reciben atenci\u00f3n en \u2018La Armon\u00eda\u2019, as\u00ed como tambi\u00e9n a sus familiares y al personal de la instituci\u00f3n que desee concluir su formaci\u00f3n educativa, con lo que el IEEA ampl\u00eda su impacto en la comunidad y reafirma que el aprendizaje no tiene l\u00edmite de edad.<\/p>\n<p>El IEEA da cumplimiento al compromiso de la gobernadora Indira Vizca\u00edno Silva de garantizar el derecho a la educaci\u00f3n para todas las personas, independientemente de su edad, consolidando a Colima como un estado que reconoce en la educaci\u00f3n un pilar fundamental del bienestar social.<\/p>\n","protected":false},"excerpt":{"rendered":"<p>En beneficio de las personas adultas mayores que reciben atenci\u00f3n en la Casa del Adulto Mayor \u2018La Armon\u00eda\u2019, el Instituto Estatal de Educaci\u00f3n para Adultos (IEEA) del Gobierno del Estado de Colima firm\u00f3 un convenio de colaboraci\u00f3n con dicha asociaci\u00f3n, para brindar servicios de alfabetizaci\u00f3n y conclusi\u00f3n de estudios de primaria y secundaria, garantizando as\u00ed [&hellip;]<\/p>\n","protected":false},"author":1,"featured_media":22622,"comment_status":"open","ping_status":"open","sticky":false,"template":"","format":"standard","meta":{"_jetpack_memberships_contains_paid_content":false,"footnotes":""},"categories":[24],"tags":[579],"class_list":["post-22621","post","type-post","status-publish","format-standard","has-post-thumbnail","hentry","category-estado","tag-ieea-colima"],"yoast_head":"<!-- This site is optimized with the Yoast SEO plugin v26.6 - https:\/\/yoast.com\/wordpress\/plugins\/seo\/ -->\n<title>IEEA Colima garantiza derecho a la educaci\u00f3n de personas adultas mayores; firma convenio con \u2018La Armon\u00eda\u2019 y formar\u00e1n c\u00edrculo de estudio - M\u00e1s Que Noticias<\/title>\n<meta name=\"robots\" content=\"index, follow, max-snippet:-1, max-image-preview:large, max-video-preview:-1\" \/>\n<link rel=\"canonical\" href=\"https:\/\/masquenoticias.mx\/index.php\/2026\/04\/29\/ieea-colima-garantiza-derecho-a-la-educacion-de-personas-adultas-mayores-firma-convenio-con-la-armonia-y-formaran-circulo-de-estudio\/\" \/>\n<meta property=\"og:locale\" content=\"es_MX\" \/>\n<meta property=\"og:type\" content=\"article\" \/>\n<meta property=\"og:title\" content=\"IEEA Colima garantiza derecho a la educaci\u00f3n de personas adultas mayores; firma convenio con \u2018La Armon\u00eda\u2019 y formar\u00e1n c\u00edrculo de estudio - M\u00e1s Que Noticias\" \/>\n<meta property=\"og:description\" content=\"En beneficio de las personas adultas mayores que reciben atenci\u00f3n en la Casa del Adulto Mayor \u2018La Armon\u00eda\u2019, el Instituto Estatal de Educaci\u00f3n para Adultos (IEEA) del Gobierno del Estado de Colima firm\u00f3 un convenio de colaboraci\u00f3n con dicha asociaci\u00f3n, para brindar servicios de alfabetizaci\u00f3n y conclusi\u00f3n de estudios de primaria y secundaria, garantizando as\u00ed [&hellip;]\" \/>\n<meta property=\"og:url\" content=\"https:\/\/masquenoticias.mx\/index.php\/2026\/04\/29\/ieea-colima-garantiza-derecho-a-la-educacion-de-personas-adultas-mayores-firma-convenio-con-la-armonia-y-formaran-circulo-de-estudio\/\" \/>\n<meta property=\"og:site_name\" content=\"M\u00e1s Que Noticias\" \/>\n<meta property=\"article:publisher\" content=\"https:\/\/www.facebook.com\/masquenoticiascolima\" \/>\n<meta property=\"article:published_time\" content=\"2026-04-29T23:25:19+00:00\" \/>\n<meta property=\"og:image\" content=\"https:\/\/masquenoticias.mx\/wp-content\/uploads\/2026\/04\/WhatsApp-Image-2026-04-29-at-1.26.09-PM.jpeg\" \/>\n\t<meta property=\"og:image:width\" content=\"1280\" \/>\n\t<meta property=\"og:image:height\" content=\"960\" \/>\n\t<meta property=\"og:image:type\" content=\"image\/jpeg\" \/>\n<meta name=\"author\" content=\"Redacci\u00f3n\" \/>\n<meta name=\"twitter:card\" content=\"summary_large_image\" \/>\n<meta name=\"twitter:creator\" content=\"@edgartove\" \/>\n<meta name=\"twitter:site\" content=\"@edgartove\" \/>\n<meta name=\"twitter:label1\" content=\"Escrito por\" \/>\n\t<meta name=\"twitter:data1\" content=\"Redacci\u00f3n\" \/>\n\t<meta name=\"twitter:label2\" content=\"Tiempo de lectura\" \/>\n\t<meta name=\"twitter:data2\" content=\"2 minutos\" \/>\n<script type=\"application\/ld+json\" class=\"yoast-schema-graph\">{\"@context\":\"https:\/\/schema.org\",\"@graph\":[{\"@type\":\"Article\",\"@id\":\"https:\/\/masquenoticias.mx\/index.php\/2026\/04\/29\/ieea-colima-garantiza-derecho-a-la-educacion-de-personas-adultas-mayores-firma-convenio-con-la-armonia-y-formaran-circulo-de-estudio\/#article\",\"isPartOf\":{\"@id\":\"https:\/\/masquenoticias.mx\/index.php\/2026\/04\/29\/ieea-colima-garantiza-derecho-a-la-educacion-de-personas-adultas-mayores-firma-convenio-con-la-armonia-y-formaran-circulo-de-estudio\/\"},\"author\":{\"name\":\"Redacci\u00f3n\",\"@id\":\"https:\/\/masquenoticias.mx\/#\/schema\/person\/544d19989ef23d34615f691f7a96e622\"},\"headline\":\"IEEA Colima garantiza derecho a la educaci\u00f3n de personas adultas mayores; firma convenio con \u2018La Armon\u00eda\u2019 y formar\u00e1n c\u00edrculo de estudio\",\"datePublished\":\"2026-04-29T23:25:19+00:00\",\"mainEntityOfPage\":{\"@id\":\"https:\/\/masquenoticias.mx\/index.php\/2026\/04\/29\/ieea-colima-garantiza-derecho-a-la-educacion-de-personas-adultas-mayores-firma-convenio-con-la-armonia-y-formaran-circulo-de-estudio\/\"},\"wordCount\":291,\"commentCount\":0,\"publisher\":{\"@id\":\"https:\/\/masquenoticias.mx\/#organization\"},\"image\":{\"@id\":\"https:\/\/masquenoticias.mx\/index.php\/2026\/04\/29\/ieea-colima-garantiza-derecho-a-la-educacion-de-personas-adultas-mayores-firma-convenio-con-la-armonia-y-formaran-circulo-de-estudio\/#primaryimage\"},\"thumbnailUrl\":\"https:\/\/i0.wp.com\/masquenoticias.mx\/wp-content\/uploads\/2026\/04\/WhatsApp-Image-2026-04-29-at-1.26.09-PM.jpeg?fit=1280%2C960&ssl=1\",\"keywords\":[\"IEEA Colima\"],\"articleSection\":[\"Estado\"],\"inLanguage\":\"es\",\"potentialAction\":[{\"@type\":\"CommentAction\",\"name\":\"Comment\",\"target\":[\"https:\/\/masquenoticias.mx\/index.php\/2026\/04\/29\/ieea-colima-garantiza-derecho-a-la-educacion-de-personas-adultas-mayores-firma-convenio-con-la-armonia-y-formaran-circulo-de-estudio\/#respond\"]}]},{\"@type\":\"WebPage\",\"@id\":\"https:\/\/masquenoticias.mx\/index.php\/2026\/04\/29\/ieea-colima-garantiza-derecho-a-la-educacion-de-personas-adultas-mayores-firma-convenio-con-la-armonia-y-formaran-circulo-de-estudio\/\",\"url\":\"https:\/\/masquenoticias.mx\/index.php\/2026\/04\/29\/ieea-colima-garantiza-derecho-a-la-educacion-de-personas-adultas-mayores-firma-convenio-con-la-armonia-y-formaran-circulo-de-estudio\/\",\"name\":\"IEEA Colima garantiza derecho a la educaci\u00f3n de personas adultas mayores; firma convenio con \u2018La Armon\u00eda\u2019 y formar\u00e1n c\u00edrculo de estudio - M\u00e1s Que Noticias\",\"isPartOf\":{\"@id\":\"https:\/\/masquenoticias.mx\/#website\"},\"primaryImageOfPage\":{\"@id\":\"https:\/\/masquenoticias.mx\/index.php\/2026\/04\/29\/ieea-colima-garantiza-derecho-a-la-educacion-de-personas-adultas-mayores-firma-convenio-con-la-armonia-y-formaran-circulo-de-estudio\/#primaryimage\"},\"image\":{\"@id\":\"https:\/\/masquenoticias.mx\/index.php\/2026\/04\/29\/ieea-colima-garantiza-derecho-a-la-educacion-de-personas-adultas-mayores-firma-convenio-con-la-armonia-y-formaran-circulo-de-estudio\/#primaryimage\"},\"thumbnailUrl\":\"https:\/\/i0.wp.com\/masquenoticias.mx\/wp-content\/uploads\/2026\/04\/WhatsApp-Image-2026-04-29-at-1.26.09-PM.jpeg?fit=1280%2C960&ssl=1\",\"datePublished\":\"2026-04-29T23:25:19+00:00\",\"breadcrumb\":{\"@id\":\"https:\/\/masquenoticias.mx\/index.php\/2026\/04\/29\/ieea-colima-garantiza-derecho-a-la-educacion-de-personas-adultas-mayores-firma-convenio-con-la-armonia-y-formaran-circulo-de-estudio\/#breadcrumb\"},\"inLanguage\":\"es\",\"potentialAction\":[{\"@type\":\"ReadAction\",\"target\":[\"https:\/\/masquenoticias.mx\/index.php\/2026\/04\/29\/ieea-colima-garantiza-derecho-a-la-educacion-de-personas-adultas-mayores-firma-convenio-con-la-armonia-y-formaran-circulo-de-estudio\/\"]}]},{\"@type\":\"ImageObject\",\"inLanguage\":\"es\",\"@id\":\"https:\/\/masquenoticias.mx\/index.php\/2026\/04\/29\/ieea-colima-garantiza-derecho-a-la-educacion-de-personas-adultas-mayores-firma-convenio-con-la-armonia-y-formaran-circulo-de-estudio\/#primaryimage\",\"url\":\"https:\/\/i0.wp.com\/masquenoticias.mx\/wp-content\/uploads\/2026\/04\/WhatsApp-Image-2026-04-29-at-1.26.09-PM.jpeg?fit=1280%2C960&ssl=1\",\"contentUrl\":\"https:\/\/i0.wp.com\/masquenoticias.mx\/wp-content\/uploads\/2026\/04\/WhatsApp-Image-2026-04-29-at-1.26.09-PM.jpeg?fit=1280%2C960&ssl=1\",\"width\":1280,\"height\":960},{\"@type\":\"BreadcrumbList\",\"@id\":\"https:\/\/masquenoticias.mx\/index.php\/2026\/04\/29\/ieea-colima-garantiza-derecho-a-la-educacion-de-personas-adultas-mayores-firma-convenio-con-la-armonia-y-formaran-circulo-de-estudio\/#breadcrumb\",\"itemListElement\":[{\"@type\":\"ListItem\",\"position\":1,\"name\":\"Inicio\",\"item\":\"https:\/\/masquenoticias.mx\/\"},{\"@type\":\"ListItem\",\"position\":2,\"name\":\"IEEA Colima garantiza derecho a la educaci\u00f3n de personas adultas mayores; firma convenio con \u2018La Armon\u00eda\u2019 y formar\u00e1n c\u00edrculo de estudio\"}]},{\"@type\":\"WebSite\",\"@id\":\"https:\/\/masquenoticias.mx\/#website\",\"url\":\"https:\/\/masquenoticias.mx\/\",\"name\":\"M\u00e1s Que Noticias\",\"description\":\"Noticias de Colima, M\u00e9xico y el Mundo\",\"publisher\":{\"@id\":\"https:\/\/masquenoticias.mx\/#organization\"},\"potentialAction\":[{\"@type\":\"SearchAction\",\"target\":{\"@type\":\"EntryPoint\",\"urlTemplate\":\"https:\/\/masquenoticias.mx\/?s={search_term_string}\"},\"query-input\":{\"@type\":\"PropertyValueSpecification\",\"valueRequired\":true,\"valueName\":\"search_term_string\"}}],\"inLanguage\":\"es\"},{\"@type\":\"Organization\",\"@id\":\"https:\/\/masquenoticias.mx\/#organization\",\"name\":\"M\u00e1s Que Noticias\",\"url\":\"https:\/\/masquenoticias.mx\/\",\"logo\":{\"@type\":\"ImageObject\",\"inLanguage\":\"es\",\"@id\":\"https:\/\/masquenoticias.mx\/#\/schema\/logo\/image\/\",\"url\":\"https:\/\/i0.wp.com\/masquenoticias.mx\/wp-content\/uploads\/2024\/04\/IMG_0004.png?fit=2560%2C1656&ssl=1\",\"contentUrl\":\"https:\/\/i0.wp.com\/masquenoticias.mx\/wp-content\/uploads\/2024\/04\/IMG_0004.png?fit=2560%2C1656&ssl=1\",\"width\":2560,\"height\":1656,\"caption\":\"M\u00e1s Que Noticias\"},\"image\":{\"@id\":\"https:\/\/masquenoticias.mx\/#\/schema\/logo\/image\/\"},\"sameAs\":[\"https:\/\/www.facebook.com\/masquenoticiascolima\",\"https:\/\/x.com\/edgartove\",\"https:\/\/www.instagram.com\/masquenoticiascolima\/\"]},{\"@type\":\"Person\",\"@id\":\"https:\/\/masquenoticias.mx\/#\/schema\/person\/544d19989ef23d34615f691f7a96e622\",\"name\":\"Redacci\u00f3n\",\"image\":{\"@type\":\"ImageObject\",\"inLanguage\":\"es\",\"@id\":\"https:\/\/masquenoticias.mx\/#\/schema\/person\/image\/\",\"url\":\"https:\/\/secure.gravatar.com\/avatar\/7fcc926d5b058d3f3d52d95b4d05dd58?s=96&d=mm&r=g\",\"contentUrl\":\"https:\/\/secure.gravatar.com\/avatar\/7fcc926d5b058d3f3d52d95b4d05dd58?s=96&d=mm&r=g\",\"caption\":\"Redacci\u00f3n\"},\"sameAs\":[\"http:\/\/masquenoticias.mx\"],\"url\":\"https:\/\/masquenoticias.mx\/index.php\/author\/edgartovegmail-com\/\"}]}<\/script>\n<!-- \/ Yoast SEO plugin. -->","yoast_head_json":{"title":"IEEA Colima garantiza derecho a la educaci\u00f3n de personas adultas mayores; firma convenio con \u2018La Armon\u00eda\u2019 y formar\u00e1n c\u00edrculo de estudio - M\u00e1s Que Noticias","robots":{"index":"index","follow":"follow","max-snippet":"max-snippet:-1","max-image-preview":"max-image-preview:large","max-video-preview":"max-video-preview:-1"},"canonical":"https:\/\/masquenoticias.mx\/index.php\/2026\/04\/29\/ieea-colima-garantiza-derecho-a-la-educacion-de-personas-adultas-mayores-firma-convenio-con-la-armonia-y-formaran-circulo-de-estudio\/","og_locale":"es_MX","og_type":"article","og_title":"IEEA Colima garantiza derecho a la educaci\u00f3n de personas adultas mayores; firma convenio con \u2018La Armon\u00eda\u2019 y formar\u00e1n c\u00edrculo de estudio - M\u00e1s Que Noticias","og_description":"En beneficio de las personas adultas mayores que reciben atenci\u00f3n en la Casa del Adulto Mayor \u2018La Armon\u00eda\u2019, el Instituto Estatal de Educaci\u00f3n para Adultos (IEEA) del Gobierno del Estado de Colima firm\u00f3 un convenio de colaboraci\u00f3n con dicha asociaci\u00f3n, para brindar servicios de alfabetizaci\u00f3n y conclusi\u00f3n de estudios de primaria y secundaria, garantizando as\u00ed [&hellip;]","og_url":"https:\/\/masquenoticias.mx\/index.php\/2026\/04\/29\/ieea-colima-garantiza-derecho-a-la-educacion-de-personas-adultas-mayores-firma-convenio-con-la-armonia-y-formaran-circulo-de-estudio\/","og_site_name":"M\u00e1s Que Noticias","article_publisher":"https:\/\/www.facebook.com\/masquenoticiascolima","article_published_time":"2026-04-29T23:25:19+00:00","og_image":[{"width":1280,"height":960,"url":"https:\/\/masquenoticias.mx\/wp-content\/uploads\/2026\/04\/WhatsApp-Image-2026-04-29-at-1.26.09-PM.jpeg","type":"image\/jpeg"}],"author":"Redacci\u00f3n","twitter_card":"summary_large_image","twitter_creator":"@edgartove","twitter_site":"@edgartove","twitter_misc":{"Escrito por":"Redacci\u00f3n","Tiempo de lectura":"2 minutos"},"schema":{"@context":"https:\/\/schema.org","@graph":[{"@type":"Article","@id":"https:\/\/masquenoticias.mx\/index.php\/2026\/04\/29\/ieea-colima-garantiza-derecho-a-la-educacion-de-personas-adultas-mayores-firma-convenio-con-la-armonia-y-formaran-circulo-de-estudio\/#article","isPartOf":{"@id":"https:\/\/masquenoticias.mx\/index.php\/2026\/04\/29\/ieea-colima-garantiza-derecho-a-la-educacion-de-personas-adultas-mayores-firma-convenio-con-la-armonia-y-formaran-circulo-de-estudio\/"},"author":{"name":"Redacci\u00f3n","@id":"https:\/\/masquenoticias.mx\/#\/schema\/person\/544d19989ef23d34615f691f7a96e622"},"headline":"IEEA Colima garantiza derecho a la educaci\u00f3n de personas adultas mayores; firma convenio con \u2018La Armon\u00eda\u2019 y formar\u00e1n c\u00edrculo de estudio","datePublished":"2026-04-29T23:25:19+00:00","mainEntityOfPage":{"@id":"https:\/\/masquenoticias.mx\/index.php\/2026\/04\/29\/ieea-colima-garantiza-derecho-a-la-educacion-de-personas-adultas-mayores-firma-convenio-con-la-armonia-y-formaran-circulo-de-estudio\/"},"wordCount":291,"commentCount":0,"publisher":{"@id":"https:\/\/masquenoticias.mx\/#organization"},"image":{"@id":"https:\/\/masquenoticias.mx\/index.php\/2026\/04\/29\/ieea-colima-garantiza-derecho-a-la-educacion-de-personas-adultas-mayores-firma-convenio-con-la-armonia-y-formaran-circulo-de-estudio\/#primaryimage"},"thumbnailUrl":"https:\/\/i0.wp.com\/masquenoticias.mx\/wp-content\/uploads\/2026\/04\/WhatsApp-Image-2026-04-29-at-1.26.09-PM.jpeg?fit=1280%2C960&ssl=1","keywords":["IEEA Colima"],"articleSection":["Estado"],"inLanguage":"es","potentialAction":[{"@type":"CommentAction","name":"Comment","target":["https:\/\/masquenoticias.mx\/index.php\/2026\/04\/29\/ieea-colima-garantiza-derecho-a-la-educacion-de-personas-adultas-mayores-firma-convenio-con-la-armonia-y-formaran-circulo-de-estudio\/#respond"]}]},{"@type":"WebPage","@id":"https:\/\/masquenoticias.mx\/index.php\/2026\/04\/29\/ieea-colima-garantiza-derecho-a-la-educacion-de-personas-adultas-mayores-firma-convenio-con-la-armonia-y-formaran-circulo-de-estudio\/","url":"https:\/\/masquenoticias.mx\/index.php\/2026\/04\/29\/ieea-colima-garantiza-derecho-a-la-educacion-de-personas-adultas-mayores-firma-convenio-con-la-armonia-y-formaran-circulo-de-estudio\/","name":"IEEA Colima garantiza derecho a la educaci\u00f3n de personas adultas mayores; firma convenio con \u2018La Armon\u00eda\u2019 y formar\u00e1n c\u00edrculo de estudio - M\u00e1s Que Noticias","isPartOf":{"@id":"https:\/\/masquenoticias.mx\/#website"},"primaryImageOfPage":{"@id":"https:\/\/masquenoticias.mx\/index.php\/2026\/04\/29\/ieea-colima-garantiza-derecho-a-la-educacion-de-personas-adultas-mayores-firma-convenio-con-la-armonia-y-formaran-circulo-de-estudio\/#primaryimage"},"image":{"@id":"https:\/\/masquenoticias.mx\/index.php\/2026\/04\/29\/ieea-colima-garantiza-derecho-a-la-educacion-de-personas-adultas-mayores-firma-convenio-con-la-armonia-y-formaran-circulo-de-estudio\/#primaryimage"},"thumbnailUrl":"https:\/\/i0.wp.com\/masquenoticias.mx\/wp-content\/uploads\/2026\/04\/WhatsApp-Image-2026-04-29-at-1.26.09-PM.jpeg?fit=1280%2C960&ssl=1","datePublished":"2026-04-29T23:25:19+00:00","breadcrumb":{"@id":"https:\/\/masquenoticias.mx\/index.php\/2026\/04\/29\/ieea-colima-garantiza-derecho-a-la-educacion-de-personas-adultas-mayores-firma-convenio-con-la-armonia-y-formaran-circulo-de-estudio\/#breadcrumb"},"inLanguage":"es","potentialAction":[{"@type":"ReadAction","target":["https:\/\/masquenoticias.mx\/index.php\/2026\/04\/29\/ieea-colima-garantiza-derecho-a-la-educacion-de-personas-adultas-mayores-firma-convenio-con-la-armonia-y-formaran-circulo-de-estudio\/"]}]},{"@type":"ImageObject","inLanguage":"es","@id":"https:\/\/masquenoticias.mx\/index.php\/2026\/04\/29\/ieea-colima-garantiza-derecho-a-la-educacion-de-personas-adultas-mayores-firma-convenio-con-la-armonia-y-formaran-circulo-de-estudio\/#primaryimage","url":"https:\/\/i0.wp.com\/masquenoticias.mx\/wp-content\/uploads\/2026\/04\/WhatsApp-Image-2026-04-29-at-1.26.09-PM.jpeg?fit=1280%2C960&ssl=1","contentUrl":"https:\/\/i0.wp.com\/masquenoticias.mx\/wp-content\/uploads\/2026\/04\/WhatsApp-Image-2026-04-29-at-1.26.09-PM.jpeg?fit=1280%2C960&ssl=1","width":1280,"height":960},{"@type":"BreadcrumbList","@id":"https:\/\/masquenoticias.mx\/index.php\/2026\/04\/29\/ieea-colima-garantiza-derecho-a-la-educacion-de-personas-adultas-mayores-firma-convenio-con-la-armonia-y-formaran-circulo-de-estudio\/#breadcrumb","itemListElement":[{"@type":"ListItem","position":1,"name":"Inicio","item":"https:\/\/masquenoticias.mx\/"},{"@type":"ListItem","position":2,"name":"IEEA Colima garantiza derecho a la educaci\u00f3n de personas adultas mayores; firma convenio con \u2018La Armon\u00eda\u2019 y formar\u00e1n c\u00edrculo de estudio"}]},{"@type":"WebSite","@id":"https:\/\/masquenoticias.mx\/#website","url":"https:\/\/masquenoticias.mx\/","name":"M\u00e1s Que Noticias","description":"Noticias de Colima, M\u00e9xico y el Mundo","publisher":{"@id":"https:\/\/masquenoticias.mx\/#organization"},"potentialAction":[{"@type":"SearchAction","target":{"@type":"EntryPoint","urlTemplate":"https:\/\/masquenoticias.mx\/?s={search_term_string}"},"query-input":{"@type":"PropertyValueSpecification","valueRequired":true,"valueName":"search_term_string"}}],"inLanguage":"es"},{"@type":"Organization","@id":"https:\/\/masquenoticias.mx\/#organization","name":"M\u00e1s Que Noticias","url":"https:\/\/masquenoticias.mx\/","logo":{"@type":"ImageObject","inLanguage":"es","@id":"https:\/\/masquenoticias.mx\/#\/schema\/logo\/image\/","url":"https:\/\/i0.wp.com\/masquenoticias.mx\/wp-content\/uploads\/2024\/04\/IMG_0004.png?fit=2560%2C1656&ssl=1","contentUrl":"https:\/\/i0.wp.com\/masquenoticias.mx\/wp-content\/uploads\/2024\/04\/IMG_0004.png?fit=2560%2C1656&ssl=1","width":2560,"height":1656,"caption":"M\u00e1s Que Noticias"},"image":{"@id":"https:\/\/masquenoticias.mx\/#\/schema\/logo\/image\/"},"sameAs":["https:\/\/www.facebook.com\/masquenoticiascolima","https:\/\/x.com\/edgartove","https:\/\/www.instagram.com\/masquenoticiascolima\/"]},{"@type":"Person","@id":"https:\/\/masquenoticias.mx\/#\/schema\/person\/544d19989ef23d34615f691f7a96e622","name":"Redacci\u00f3n","image":{"@type":"ImageObject","inLanguage":"es","@id":"https:\/\/masquenoticias.mx\/#\/schema\/person\/image\/","url":"https:\/\/secure.gravatar.com\/avatar\/7fcc926d5b058d3f3d52d95b4d05dd58?s=96&d=mm&r=g","contentUrl":"https:\/\/secure.gravatar.com\/avatar\/7fcc926d5b058d3f3d52d95b4d05dd58?s=96&d=mm&r=g","caption":"Redacci\u00f3n"},"sameAs":["http:\/\/masquenoticias.mx"],"url":"https:\/\/masquenoticias.mx\/index.php\/author\/edgartovegmail-com\/"}]}},"jetpack_featured_media_url":"https:\/\/i0.wp.com\/masquenoticias.mx\/wp-content\/uploads\/2026\/04\/WhatsApp-Image-2026-04-29-at-1.26.09-PM.jpeg?fit=1280%2C960&ssl=1","blog_post_layout_featured_media_urls":{"thumbnail":["https:\/\/i0.wp.com\/masquenoticias.mx\/wp-content\/uploads\/2026\/04\/WhatsApp-Image-2026-04-29-at-1.26.09-PM.jpeg?resize=150%2C150&ssl=1",150,150,true],"full":["https:\/\/i0.wp.com\/masquenoticias.mx\/wp-content\/uploads\/2026\/04\/WhatsApp-Image-2026-04-29-at-1.26.09-PM.jpeg?fit=1280%2C960&ssl=1",1280,960,false]},"categories_names":{"24":{"name":"Estado","link":"https:\/\/masquenoticias.mx\/index.php\/category\/estado\/"}},"tags_names":{"579":{"name":"IEEA Colima","link":"https:\/\/masquenoticias.mx\/index.php\/tag\/ieea-colima\/"}},"comments_number":"0","wpmagazine_modules_lite_featured_media_urls":{"thumbnail":["https:\/\/i0.wp.com\/masquenoticias.mx\/wp-content\/uploads\/2026\/04\/WhatsApp-Image-2026-04-29-at-1.26.09-PM.jpeg?resize=150%2C150&ssl=1",150,150,true],"cvmm-medium":["https:\/\/i0.wp.com\/masquenoticias.mx\/wp-content\/uploads\/2026\/04\/WhatsApp-Image-2026-04-29-at-1.26.09-PM.jpeg?resize=300%2C300&ssl=1",300,300,true],"cvmm-medium-plus":["https:\/\/i0.wp.com\/masquenoticias.mx\/wp-content\/uploads\/2026\/04\/WhatsApp-Image-2026-04-29-at-1.26.09-PM.jpeg?resize=305%2C207&ssl=1",305,207,true],"cvmm-portrait":["https:\/\/i0.wp.com\/masquenoticias.mx\/wp-content\/uploads\/2026\/04\/WhatsApp-Image-2026-04-29-at-1.26.09-PM.jpeg?resize=400%2C600&ssl=1",400,600,true],"cvmm-medium-square":["https:\/\/i0.wp.com\/masquenoticias.mx\/wp-content\/uploads\/2026\/04\/WhatsApp-Image-2026-04-29-at-1.26.09-PM.jpeg?resize=600%2C600&ssl=1",600,600,true],"cvmm-large":["https:\/\/i0.wp.com\/masquenoticias.mx\/wp-content\/uploads\/2026\/04\/WhatsApp-Image-2026-04-29-at-1.26.09-PM.jpeg?resize=1024%2C960&ssl=1",1024,960,true],"cvmm-small":["https:\/\/i0.wp.com\/masquenoticias.mx\/wp-content\/uploads\/2026\/04\/WhatsApp-Image-2026-04-29-at-1.26.09-PM.jpeg?resize=130%2C95&ssl=1",130,95,true],"full":["https:\/\/i0.wp.com\/masquenoticias.mx\/wp-content\/uploads\/2026\/04\/WhatsApp-Image-2026-04-29-at-1.26.09-PM.jpeg?fit=1280%2C960&ssl=1",1280,960,false]},"jetpack-related-posts":[],"jetpack_sharing_enabled":true,"jetpack_likes_enabled":true,"jetpack_shortlink":"https:\/\/wp.me\/pf7pkt-5SR","_links":{"self":[{"href":"https:\/\/masquenoticias.mx\/index.php\/wp-json\/wp\/v2\/posts\/22621","targetHints":{"allow":["GET"]}}],"collection":[{"href":"https:\/\/masquenoticias.mx\/index.php\/wp-json\/wp\/v2\/posts"}],"about":[{"href":"https:\/\/masquenoticias.mx\/index.php\/wp-json\/wp\/v2\/types\/post"}],"author":[{"embeddable":true,"href":"https:\/\/masquenoticias.mx\/index.php\/wp-json\/wp\/v2\/users\/1"}],"replies":[{"embeddable":true,"href":"https:\/\/masquenoticias.mx\/index.php\/wp-json\/wp\/v2\/comments?post=22621"}],"version-history":[{"count":1,"href":"https:\/\/masquenoticias.mx\/index.php\/wp-json\/wp\/v2\/posts\/22621\/revisions"}],"predecessor-version":[{"id":22623,"href":"https:\/\/masquenoticias.mx\/index.php\/wp-json\/wp\/v2\/posts\/22621\/revisions\/22623"}],"wp:featuredmedia":[{"embeddable":true,"href":"https:\/\/masquenoticias.mx\/index.php\/wp-json\/wp\/v2\/media\/22622"}],"wp:attachment":[{"href":"https:\/\/masquenoticias.mx\/index.php\/wp-json\/wp\/v2\/media?parent=22621"}],"wp:term":[{"taxonomy":"category","embeddable":true,"href":"https:\/\/masquenoticias.mx\/index.php\/wp-json\/wp\/v2\/categories?post=22621"},{"taxonomy":"post_tag","embeddable":true,"href":"https:\/\/masquenoticias.mx\/index.php\/wp-json\/wp\/v2\/tags?post=22621"}],"curies":[{"name":"wp","href":"https:\/\/api.w.org\/{rel}","templated":true}]}}