{"id":22618,"date":"2026-04-29T17:22:00","date_gmt":"2026-04-29T23:22:00","guid":{"rendered":"https:\/\/masquenoticias.mx\/?p=22618"},"modified":"2026-04-29T17:22:00","modified_gmt":"2026-04-29T23:22:00","slug":"sedeco-colima-participa-en-la-instalacion-del-comite-de-vigilancia-de-canacintra","status":"publish","type":"post","link":"https:\/\/masquenoticias.mx\/index.php\/2026\/04\/29\/sedeco-colima-participa-en-la-instalacion-del-comite-de-vigilancia-de-canacintra\/","title":{"rendered":"Sedeco Colima participa en la instalaci\u00f3n del Comit\u00e9 de Vigilancia de Canacintra"},"content":{"rendered":"<p>&nbsp;<\/p>\n<p>El Gobierno del Estado de Colima que encabeza la mandataria Indira Vizca\u00edno Silva, a trav\u00e9s de la Secretar\u00eda de Desarrollo Econ\u00f3mico (Sedeco), particip\u00f3 en la instalaci\u00f3n del Comit\u00e9 de Vigilancia de la C\u00e1mara Nacional de la Industria de la Transformaci\u00f3n (Canacintra) en la entidad, reafirmando su compromiso con la transparencia, la legalidad y el fortalecimiento del sector industrial.<\/p>\n<p>Durante este acto en el que particip\u00f3 el titular de la Sedeco Colima, Francisco Javier Rodr\u00edguez Garc\u00eda, se destac\u00f3 la relevancia de contar con mecanismos internos que promuevan el buen funcionamiento de los organismos empresariales, as\u00ed como la confianza entre sus integrantes.<\/p>\n<p>Con estas acciones, la administraci\u00f3n estatal que preside la gobernadora Indira Vizca\u00edno contin\u00faa impulsando una coordinaci\u00f3n cercana y colaborativa con el sector productivo colimense, para generar mejores condiciones de desarrollo econ\u00f3mico en la entidad.<\/p>\n","protected":false},"excerpt":{"rendered":"<p>&nbsp; El Gobierno del Estado de Colima que encabeza la mandataria Indira Vizca\u00edno Silva, a trav\u00e9s de la Secretar\u00eda de Desarrollo Econ\u00f3mico (Sedeco), particip\u00f3 en la instalaci\u00f3n del Comit\u00e9 de Vigilancia de la C\u00e1mara Nacional de la Industria de la Transformaci\u00f3n (Canacintra) en la entidad, reafirmando su compromiso con la transparencia, la legalidad y el [&hellip;]<\/p>\n","protected":false},"author":1,"featured_media":22619,"comment_status":"open","ping_status":"open","sticky":false,"template":"","format":"standard","meta":{"_jetpack_memberships_contains_paid_content":false,"footnotes":""},"categories":[24],"tags":[140],"class_list":["post-22618","post","type-post","status-publish","format-standard","has-post-thumbnail","hentry","category-estado","tag-sedeco"],"yoast_head":"<!-- This site is optimized with the Yoast SEO plugin v26.6 - https:\/\/yoast.com\/wordpress\/plugins\/seo\/ -->\n<title>Sedeco Colima participa en la instalaci\u00f3n del Comit\u00e9 de Vigilancia de Canacintra - M\u00e1s Que Noticias<\/title>\n<meta name=\"robots\" content=\"index, follow, max-snippet:-1, max-image-preview:large, max-video-preview:-1\" \/>\n<link rel=\"canonical\" href=\"https:\/\/masquenoticias.mx\/index.php\/2026\/04\/29\/sedeco-colima-participa-en-la-instalacion-del-comite-de-vigilancia-de-canacintra\/\" \/>\n<meta property=\"og:locale\" content=\"es_MX\" \/>\n<meta property=\"og:type\" content=\"article\" \/>\n<meta property=\"og:title\" content=\"Sedeco Colima participa en la instalaci\u00f3n del Comit\u00e9 de Vigilancia de Canacintra - M\u00e1s Que Noticias\" \/>\n<meta property=\"og:description\" content=\"&nbsp; El Gobierno del Estado de Colima que encabeza la mandataria Indira Vizca\u00edno Silva, a trav\u00e9s de la Secretar\u00eda de Desarrollo Econ\u00f3mico (Sedeco), particip\u00f3 en la instalaci\u00f3n del Comit\u00e9 de Vigilancia de la C\u00e1mara Nacional de la Industria de la Transformaci\u00f3n (Canacintra) en la entidad, reafirmando su compromiso con la transparencia, la legalidad y el [&hellip;]\" \/>\n<meta property=\"og:url\" content=\"https:\/\/masquenoticias.mx\/index.php\/2026\/04\/29\/sedeco-colima-participa-en-la-instalacion-del-comite-de-vigilancia-de-canacintra\/\" \/>\n<meta property=\"og:site_name\" content=\"M\u00e1s Que Noticias\" \/>\n<meta property=\"article:publisher\" content=\"https:\/\/www.facebook.com\/masquenoticiascolima\" \/>\n<meta property=\"article:published_time\" content=\"2026-04-29T23:22:00+00:00\" \/>\n<meta property=\"og:image\" content=\"https:\/\/masquenoticias.mx\/wp-content\/uploads\/2026\/04\/WhatsApp-Image-2026-04-29-at-12.55.58-PM.jpeg\" \/>\n\t<meta property=\"og:image:width\" content=\"1599\" \/>\n\t<meta property=\"og:image:height\" content=\"1066\" \/>\n\t<meta property=\"og:image:type\" content=\"image\/jpeg\" \/>\n<meta name=\"author\" content=\"Redacci\u00f3n\" \/>\n<meta name=\"twitter:card\" content=\"summary_large_image\" \/>\n<meta name=\"twitter:creator\" content=\"@edgartove\" \/>\n<meta name=\"twitter:site\" content=\"@edgartove\" \/>\n<meta name=\"twitter:label1\" content=\"Escrito por\" \/>\n\t<meta name=\"twitter:data1\" content=\"Redacci\u00f3n\" \/>\n\t<meta name=\"twitter:label2\" content=\"Tiempo de lectura\" \/>\n\t<meta name=\"twitter:data2\" content=\"1 minuto\" \/>\n<script type=\"application\/ld+json\" class=\"yoast-schema-graph\">{\"@context\":\"https:\/\/schema.org\",\"@graph\":[{\"@type\":\"Article\",\"@id\":\"https:\/\/masquenoticias.mx\/index.php\/2026\/04\/29\/sedeco-colima-participa-en-la-instalacion-del-comite-de-vigilancia-de-canacintra\/#article\",\"isPartOf\":{\"@id\":\"https:\/\/masquenoticias.mx\/index.php\/2026\/04\/29\/sedeco-colima-participa-en-la-instalacion-del-comite-de-vigilancia-de-canacintra\/\"},\"author\":{\"name\":\"Redacci\u00f3n\",\"@id\":\"https:\/\/masquenoticias.mx\/#\/schema\/person\/544d19989ef23d34615f691f7a96e622\"},\"headline\":\"Sedeco Colima participa en la instalaci\u00f3n del Comit\u00e9 de Vigilancia de Canacintra\",\"datePublished\":\"2026-04-29T23:22:00+00:00\",\"mainEntityOfPage\":{\"@id\":\"https:\/\/masquenoticias.mx\/index.php\/2026\/04\/29\/sedeco-colima-participa-en-la-instalacion-del-comite-de-vigilancia-de-canacintra\/\"},\"wordCount\":162,\"commentCount\":0,\"publisher\":{\"@id\":\"https:\/\/masquenoticias.mx\/#organization\"},\"image\":{\"@id\":\"https:\/\/masquenoticias.mx\/index.php\/2026\/04\/29\/sedeco-colima-participa-en-la-instalacion-del-comite-de-vigilancia-de-canacintra\/#primaryimage\"},\"thumbnailUrl\":\"https:\/\/i0.wp.com\/masquenoticias.mx\/wp-content\/uploads\/2026\/04\/WhatsApp-Image-2026-04-29-at-12.55.58-PM.jpeg?fit=1599%2C1066&ssl=1\",\"keywords\":[\"Sedeco\"],\"articleSection\":[\"Estado\"],\"inLanguage\":\"es\",\"potentialAction\":[{\"@type\":\"CommentAction\",\"name\":\"Comment\",\"target\":[\"https:\/\/masquenoticias.mx\/index.php\/2026\/04\/29\/sedeco-colima-participa-en-la-instalacion-del-comite-de-vigilancia-de-canacintra\/#respond\"]}]},{\"@type\":\"WebPage\",\"@id\":\"https:\/\/masquenoticias.mx\/index.php\/2026\/04\/29\/sedeco-colima-participa-en-la-instalacion-del-comite-de-vigilancia-de-canacintra\/\",\"url\":\"https:\/\/masquenoticias.mx\/index.php\/2026\/04\/29\/sedeco-colima-participa-en-la-instalacion-del-comite-de-vigilancia-de-canacintra\/\",\"name\":\"Sedeco Colima participa en la instalaci\u00f3n del Comit\u00e9 de Vigilancia de Canacintra - M\u00e1s Que Noticias\",\"isPartOf\":{\"@id\":\"https:\/\/masquenoticias.mx\/#website\"},\"primaryImageOfPage\":{\"@id\":\"https:\/\/masquenoticias.mx\/index.php\/2026\/04\/29\/sedeco-colima-participa-en-la-instalacion-del-comite-de-vigilancia-de-canacintra\/#primaryimage\"},\"image\":{\"@id\":\"https:\/\/masquenoticias.mx\/index.php\/2026\/04\/29\/sedeco-colima-participa-en-la-instalacion-del-comite-de-vigilancia-de-canacintra\/#primaryimage\"},\"thumbnailUrl\":\"https:\/\/i0.wp.com\/masquenoticias.mx\/wp-content\/uploads\/2026\/04\/WhatsApp-Image-2026-04-29-at-12.55.58-PM.jpeg?fit=1599%2C1066&ssl=1\",\"datePublished\":\"2026-04-29T23:22:00+00:00\",\"breadcrumb\":{\"@id\":\"https:\/\/masquenoticias.mx\/index.php\/2026\/04\/29\/sedeco-colima-participa-en-la-instalacion-del-comite-de-vigilancia-de-canacintra\/#breadcrumb\"},\"inLanguage\":\"es\",\"potentialAction\":[{\"@type\":\"ReadAction\",\"target\":[\"https:\/\/masquenoticias.mx\/index.php\/2026\/04\/29\/sedeco-colima-participa-en-la-instalacion-del-comite-de-vigilancia-de-canacintra\/\"]}]},{\"@type\":\"ImageObject\",\"inLanguage\":\"es\",\"@id\":\"https:\/\/masquenoticias.mx\/index.php\/2026\/04\/29\/sedeco-colima-participa-en-la-instalacion-del-comite-de-vigilancia-de-canacintra\/#primaryimage\",\"url\":\"https:\/\/i0.wp.com\/masquenoticias.mx\/wp-content\/uploads\/2026\/04\/WhatsApp-Image-2026-04-29-at-12.55.58-PM.jpeg?fit=1599%2C1066&ssl=1\",\"contentUrl\":\"https:\/\/i0.wp.com\/masquenoticias.mx\/wp-content\/uploads\/2026\/04\/WhatsApp-Image-2026-04-29-at-12.55.58-PM.jpeg?fit=1599%2C1066&ssl=1\",\"width\":1599,\"height\":1066},{\"@type\":\"BreadcrumbList\",\"@id\":\"https:\/\/masquenoticias.mx\/index.php\/2026\/04\/29\/sedeco-colima-participa-en-la-instalacion-del-comite-de-vigilancia-de-canacintra\/#breadcrumb\",\"itemListElement\":[{\"@type\":\"ListItem\",\"position\":1,\"name\":\"Inicio\",\"item\":\"https:\/\/masquenoticias.mx\/\"},{\"@type\":\"ListItem\",\"position\":2,\"name\":\"Sedeco Colima participa en la instalaci\u00f3n del Comit\u00e9 de Vigilancia de Canacintra\"}]},{\"@type\":\"WebSite\",\"@id\":\"https:\/\/masquenoticias.mx\/#website\",\"url\":\"https:\/\/masquenoticias.mx\/\",\"name\":\"M\u00e1s Que Noticias\",\"description\":\"Noticias de Colima, M\u00e9xico y el Mundo\",\"publisher\":{\"@id\":\"https:\/\/masquenoticias.mx\/#organization\"},\"potentialAction\":[{\"@type\":\"SearchAction\",\"target\":{\"@type\":\"EntryPoint\",\"urlTemplate\":\"https:\/\/masquenoticias.mx\/?s={search_term_string}\"},\"query-input\":{\"@type\":\"PropertyValueSpecification\",\"valueRequired\":true,\"valueName\":\"search_term_string\"}}],\"inLanguage\":\"es\"},{\"@type\":\"Organization\",\"@id\":\"https:\/\/masquenoticias.mx\/#organization\",\"name\":\"M\u00e1s Que Noticias\",\"url\":\"https:\/\/masquenoticias.mx\/\",\"logo\":{\"@type\":\"ImageObject\",\"inLanguage\":\"es\",\"@id\":\"https:\/\/masquenoticias.mx\/#\/schema\/logo\/image\/\",\"url\":\"https:\/\/i0.wp.com\/masquenoticias.mx\/wp-content\/uploads\/2024\/04\/IMG_0004.png?fit=2560%2C1656&ssl=1\",\"contentUrl\":\"https:\/\/i0.wp.com\/masquenoticias.mx\/wp-content\/uploads\/2024\/04\/IMG_0004.png?fit=2560%2C1656&ssl=1\",\"width\":2560,\"height\":1656,\"caption\":\"M\u00e1s Que Noticias\"},\"image\":{\"@id\":\"https:\/\/masquenoticias.mx\/#\/schema\/logo\/image\/\"},\"sameAs\":[\"https:\/\/www.facebook.com\/masquenoticiascolima\",\"https:\/\/x.com\/edgartove\",\"https:\/\/www.instagram.com\/masquenoticiascolima\/\"]},{\"@type\":\"Person\",\"@id\":\"https:\/\/masquenoticias.mx\/#\/schema\/person\/544d19989ef23d34615f691f7a96e622\",\"name\":\"Redacci\u00f3n\",\"image\":{\"@type\":\"ImageObject\",\"inLanguage\":\"es\",\"@id\":\"https:\/\/masquenoticias.mx\/#\/schema\/person\/image\/\",\"url\":\"https:\/\/secure.gravatar.com\/avatar\/7fcc926d5b058d3f3d52d95b4d05dd58?s=96&d=mm&r=g\",\"contentUrl\":\"https:\/\/secure.gravatar.com\/avatar\/7fcc926d5b058d3f3d52d95b4d05dd58?s=96&d=mm&r=g\",\"caption\":\"Redacci\u00f3n\"},\"sameAs\":[\"http:\/\/masquenoticias.mx\"],\"url\":\"https:\/\/masquenoticias.mx\/index.php\/author\/edgartovegmail-com\/\"}]}<\/script>\n<!-- \/ Yoast SEO plugin. -->","yoast_head_json":{"title":"Sedeco Colima participa en la instalaci\u00f3n del Comit\u00e9 de Vigilancia de Canacintra - M\u00e1s Que Noticias","robots":{"index":"index","follow":"follow","max-snippet":"max-snippet:-1","max-image-preview":"max-image-preview:large","max-video-preview":"max-video-preview:-1"},"canonical":"https:\/\/masquenoticias.mx\/index.php\/2026\/04\/29\/sedeco-colima-participa-en-la-instalacion-del-comite-de-vigilancia-de-canacintra\/","og_locale":"es_MX","og_type":"article","og_title":"Sedeco Colima participa en la instalaci\u00f3n del Comit\u00e9 de Vigilancia de Canacintra - M\u00e1s Que Noticias","og_description":"&nbsp; El Gobierno del Estado de Colima que encabeza la mandataria Indira Vizca\u00edno Silva, a trav\u00e9s de la Secretar\u00eda de Desarrollo Econ\u00f3mico (Sedeco), particip\u00f3 en la instalaci\u00f3n del Comit\u00e9 de Vigilancia de la C\u00e1mara Nacional de la Industria de la Transformaci\u00f3n (Canacintra) en la entidad, reafirmando su compromiso con la transparencia, la legalidad y el [&hellip;]","og_url":"https:\/\/masquenoticias.mx\/index.php\/2026\/04\/29\/sedeco-colima-participa-en-la-instalacion-del-comite-de-vigilancia-de-canacintra\/","og_site_name":"M\u00e1s Que Noticias","article_publisher":"https:\/\/www.facebook.com\/masquenoticiascolima","article_published_time":"2026-04-29T23:22:00+00:00","og_image":[{"width":1599,"height":1066,"url":"https:\/\/masquenoticias.mx\/wp-content\/uploads\/2026\/04\/WhatsApp-Image-2026-04-29-at-12.55.58-PM.jpeg","type":"image\/jpeg"}],"author":"Redacci\u00f3n","twitter_card":"summary_large_image","twitter_creator":"@edgartove","twitter_site":"@edgartove","twitter_misc":{"Escrito por":"Redacci\u00f3n","Tiempo de lectura":"1 minuto"},"schema":{"@context":"https:\/\/schema.org","@graph":[{"@type":"Article","@id":"https:\/\/masquenoticias.mx\/index.php\/2026\/04\/29\/sedeco-colima-participa-en-la-instalacion-del-comite-de-vigilancia-de-canacintra\/#article","isPartOf":{"@id":"https:\/\/masquenoticias.mx\/index.php\/2026\/04\/29\/sedeco-colima-participa-en-la-instalacion-del-comite-de-vigilancia-de-canacintra\/"},"author":{"name":"Redacci\u00f3n","@id":"https:\/\/masquenoticias.mx\/#\/schema\/person\/544d19989ef23d34615f691f7a96e622"},"headline":"Sedeco Colima participa en la instalaci\u00f3n del Comit\u00e9 de Vigilancia de Canacintra","datePublished":"2026-04-29T23:22:00+00:00","mainEntityOfPage":{"@id":"https:\/\/masquenoticias.mx\/index.php\/2026\/04\/29\/sedeco-colima-participa-en-la-instalacion-del-comite-de-vigilancia-de-canacintra\/"},"wordCount":162,"commentCount":0,"publisher":{"@id":"https:\/\/masquenoticias.mx\/#organization"},"image":{"@id":"https:\/\/masquenoticias.mx\/index.php\/2026\/04\/29\/sedeco-colima-participa-en-la-instalacion-del-comite-de-vigilancia-de-canacintra\/#primaryimage"},"thumbnailUrl":"https:\/\/i0.wp.com\/masquenoticias.mx\/wp-content\/uploads\/2026\/04\/WhatsApp-Image-2026-04-29-at-12.55.58-PM.jpeg?fit=1599%2C1066&ssl=1","keywords":["Sedeco"],"articleSection":["Estado"],"inLanguage":"es","potentialAction":[{"@type":"CommentAction","name":"Comment","target":["https:\/\/masquenoticias.mx\/index.php\/2026\/04\/29\/sedeco-colima-participa-en-la-instalacion-del-comite-de-vigilancia-de-canacintra\/#respond"]}]},{"@type":"WebPage","@id":"https:\/\/masquenoticias.mx\/index.php\/2026\/04\/29\/sedeco-colima-participa-en-la-instalacion-del-comite-de-vigilancia-de-canacintra\/","url":"https:\/\/masquenoticias.mx\/index.php\/2026\/04\/29\/sedeco-colima-participa-en-la-instalacion-del-comite-de-vigilancia-de-canacintra\/","name":"Sedeco Colima participa en la instalaci\u00f3n del Comit\u00e9 de Vigilancia de Canacintra - M\u00e1s Que Noticias","isPartOf":{"@id":"https:\/\/masquenoticias.mx\/#website"},"primaryImageOfPage":{"@id":"https:\/\/masquenoticias.mx\/index.php\/2026\/04\/29\/sedeco-colima-participa-en-la-instalacion-del-comite-de-vigilancia-de-canacintra\/#primaryimage"},"image":{"@id":"https:\/\/masquenoticias.mx\/index.php\/2026\/04\/29\/sedeco-colima-participa-en-la-instalacion-del-comite-de-vigilancia-de-canacintra\/#primaryimage"},"thumbnailUrl":"https:\/\/i0.wp.com\/masquenoticias.mx\/wp-content\/uploads\/2026\/04\/WhatsApp-Image-2026-04-29-at-12.55.58-PM.jpeg?fit=1599%2C1066&ssl=1","datePublished":"2026-04-29T23:22:00+00:00","breadcrumb":{"@id":"https:\/\/masquenoticias.mx\/index.php\/2026\/04\/29\/sedeco-colima-participa-en-la-instalacion-del-comite-de-vigilancia-de-canacintra\/#breadcrumb"},"inLanguage":"es","potentialAction":[{"@type":"ReadAction","target":["https:\/\/masquenoticias.mx\/index.php\/2026\/04\/29\/sedeco-colima-participa-en-la-instalacion-del-comite-de-vigilancia-de-canacintra\/"]}]},{"@type":"ImageObject","inLanguage":"es","@id":"https:\/\/masquenoticias.mx\/index.php\/2026\/04\/29\/sedeco-colima-participa-en-la-instalacion-del-comite-de-vigilancia-de-canacintra\/#primaryimage","url":"https:\/\/i0.wp.com\/masquenoticias.mx\/wp-content\/uploads\/2026\/04\/WhatsApp-Image-2026-04-29-at-12.55.58-PM.jpeg?fit=1599%2C1066&ssl=1","contentUrl":"https:\/\/i0.wp.com\/masquenoticias.mx\/wp-content\/uploads\/2026\/04\/WhatsApp-Image-2026-04-29-at-12.55.58-PM.jpeg?fit=1599%2C1066&ssl=1","width":1599,"height":1066},{"@type":"BreadcrumbList","@id":"https:\/\/masquenoticias.mx\/index.php\/2026\/04\/29\/sedeco-colima-participa-en-la-instalacion-del-comite-de-vigilancia-de-canacintra\/#breadcrumb","itemListElement":[{"@type":"ListItem","position":1,"name":"Inicio","item":"https:\/\/masquenoticias.mx\/"},{"@type":"ListItem","position":2,"name":"Sedeco Colima participa en la instalaci\u00f3n del Comit\u00e9 de Vigilancia de Canacintra"}]},{"@type":"WebSite","@id":"https:\/\/masquenoticias.mx\/#website","url":"https:\/\/masquenoticias.mx\/","name":"M\u00e1s Que Noticias","description":"Noticias de Colima, M\u00e9xico y el Mundo","publisher":{"@id":"https:\/\/masquenoticias.mx\/#organization"},"potentialAction":[{"@type":"SearchAction","target":{"@type":"EntryPoint","urlTemplate":"https:\/\/masquenoticias.mx\/?s={search_term_string}"},"query-input":{"@type":"PropertyValueSpecification","valueRequired":true,"valueName":"search_term_string"}}],"inLanguage":"es"},{"@type":"Organization","@id":"https:\/\/masquenoticias.mx\/#organization","name":"M\u00e1s Que Noticias","url":"https:\/\/masquenoticias.mx\/","logo":{"@type":"ImageObject","inLanguage":"es","@id":"https:\/\/masquenoticias.mx\/#\/schema\/logo\/image\/","url":"https:\/\/i0.wp.com\/masquenoticias.mx\/wp-content\/uploads\/2024\/04\/IMG_0004.png?fit=2560%2C1656&ssl=1","contentUrl":"https:\/\/i0.wp.com\/masquenoticias.mx\/wp-content\/uploads\/2024\/04\/IMG_0004.png?fit=2560%2C1656&ssl=1","width":2560,"height":1656,"caption":"M\u00e1s Que Noticias"},"image":{"@id":"https:\/\/masquenoticias.mx\/#\/schema\/logo\/image\/"},"sameAs":["https:\/\/www.facebook.com\/masquenoticiascolima","https:\/\/x.com\/edgartove","https:\/\/www.instagram.com\/masquenoticiascolima\/"]},{"@type":"Person","@id":"https:\/\/masquenoticias.mx\/#\/schema\/person\/544d19989ef23d34615f691f7a96e622","name":"Redacci\u00f3n","image":{"@type":"ImageObject","inLanguage":"es","@id":"https:\/\/masquenoticias.mx\/#\/schema\/person\/image\/","url":"https:\/\/secure.gravatar.com\/avatar\/7fcc926d5b058d3f3d52d95b4d05dd58?s=96&d=mm&r=g","contentUrl":"https:\/\/secure.gravatar.com\/avatar\/7fcc926d5b058d3f3d52d95b4d05dd58?s=96&d=mm&r=g","caption":"Redacci\u00f3n"},"sameAs":["http:\/\/masquenoticias.mx"],"url":"https:\/\/masquenoticias.mx\/index.php\/author\/edgartovegmail-com\/"}]}},"jetpack_featured_media_url":"https:\/\/i0.wp.com\/masquenoticias.mx\/wp-content\/uploads\/2026\/04\/WhatsApp-Image-2026-04-29-at-12.55.58-PM.jpeg?fit=1599%2C1066&ssl=1","blog_post_layout_featured_media_urls":{"thumbnail":["https:\/\/i0.wp.com\/masquenoticias.mx\/wp-content\/uploads\/2026\/04\/WhatsApp-Image-2026-04-29-at-12.55.58-PM.jpeg?resize=150%2C150&ssl=1",150,150,true],"full":["https:\/\/i0.wp.com\/masquenoticias.mx\/wp-content\/uploads\/2026\/04\/WhatsApp-Image-2026-04-29-at-12.55.58-PM.jpeg?fit=1599%2C1066&ssl=1",1599,1066,false]},"categories_names":{"24":{"name":"Estado","link":"https:\/\/masquenoticias.mx\/index.php\/category\/estado\/"}},"tags_names":{"140":{"name":"Sedeco","link":"https:\/\/masquenoticias.mx\/index.php\/tag\/sedeco\/"}},"comments_number":"0","wpmagazine_modules_lite_featured_media_urls":{"thumbnail":["https:\/\/i0.wp.com\/masquenoticias.mx\/wp-content\/uploads\/2026\/04\/WhatsApp-Image-2026-04-29-at-12.55.58-PM.jpeg?resize=150%2C150&ssl=1",150,150,true],"cvmm-medium":["https:\/\/i0.wp.com\/masquenoticias.mx\/wp-content\/uploads\/2026\/04\/WhatsApp-Image-2026-04-29-at-12.55.58-PM.jpeg?resize=300%2C300&ssl=1",300,300,true],"cvmm-medium-plus":["https:\/\/i0.wp.com\/masquenoticias.mx\/wp-content\/uploads\/2026\/04\/WhatsApp-Image-2026-04-29-at-12.55.58-PM.jpeg?resize=305%2C207&ssl=1",305,207,true],"cvmm-portrait":["https:\/\/i0.wp.com\/masquenoticias.mx\/wp-content\/uploads\/2026\/04\/WhatsApp-Image-2026-04-29-at-12.55.58-PM.jpeg?resize=400%2C600&ssl=1",400,600,true],"cvmm-medium-square":["https:\/\/i0.wp.com\/masquenoticias.mx\/wp-content\/uploads\/2026\/04\/WhatsApp-Image-2026-04-29-at-12.55.58-PM.jpeg?resize=600%2C600&ssl=1",600,600,true],"cvmm-large":["https:\/\/i0.wp.com\/masquenoticias.mx\/wp-content\/uploads\/2026\/04\/WhatsApp-Image-2026-04-29-at-12.55.58-PM.jpeg?resize=1024%2C1024&ssl=1",1024,1024,true],"cvmm-small":["https:\/\/i0.wp.com\/masquenoticias.mx\/wp-content\/uploads\/2026\/04\/WhatsApp-Image-2026-04-29-at-12.55.58-PM.jpeg?resize=130%2C95&ssl=1",130,95,true],"full":["https:\/\/i0.wp.com\/masquenoticias.mx\/wp-content\/uploads\/2026\/04\/WhatsApp-Image-2026-04-29-at-12.55.58-PM.jpeg?fit=1599%2C1066&ssl=1",1599,1066,false]},"jetpack-related-posts":[],"jetpack_sharing_enabled":true,"jetpack_likes_enabled":true,"jetpack_shortlink":"https:\/\/wp.me\/pf7pkt-5SO","_links":{"self":[{"href":"https:\/\/masquenoticias.mx\/index.php\/wp-json\/wp\/v2\/posts\/22618","targetHints":{"allow":["GET"]}}],"collection":[{"href":"https:\/\/masquenoticias.mx\/index.php\/wp-json\/wp\/v2\/posts"}],"about":[{"href":"https:\/\/masquenoticias.mx\/index.php\/wp-json\/wp\/v2\/types\/post"}],"author":[{"embeddable":true,"href":"https:\/\/masquenoticias.mx\/index.php\/wp-json\/wp\/v2\/users\/1"}],"replies":[{"embeddable":true,"href":"https:\/\/masquenoticias.mx\/index.php\/wp-json\/wp\/v2\/comments?post=22618"}],"version-history":[{"count":1,"href":"https:\/\/masquenoticias.mx\/index.php\/wp-json\/wp\/v2\/posts\/22618\/revisions"}],"predecessor-version":[{"id":22620,"href":"https:\/\/masquenoticias.mx\/index.php\/wp-json\/wp\/v2\/posts\/22618\/revisions\/22620"}],"wp:featuredmedia":[{"embeddable":true,"href":"https:\/\/masquenoticias.mx\/index.php\/wp-json\/wp\/v2\/media\/22619"}],"wp:attachment":[{"href":"https:\/\/masquenoticias.mx\/index.php\/wp-json\/wp\/v2\/media?parent=22618"}],"wp:term":[{"taxonomy":"category","embeddable":true,"href":"https:\/\/masquenoticias.mx\/index.php\/wp-json\/wp\/v2\/categories?post=22618"},{"taxonomy":"post_tag","embeddable":true,"href":"https:\/\/masquenoticias.mx\/index.php\/wp-json\/wp\/v2\/tags?post=22618"}],"curies":[{"name":"wp","href":"https:\/\/api.w.org\/{rel}","templated":true}]}}