{"id":22615,"date":"2026-04-29T17:19:14","date_gmt":"2026-04-29T23:19:14","guid":{"rendered":"https:\/\/masquenoticias.mx\/?p=22615"},"modified":"2026-04-29T17:19:14","modified_gmt":"2026-04-29T23:19:14","slug":"salud-colima-impulsa-movilidad-mas-segura-para-toda-la-poblacion-en-vialidades-del-estado","status":"publish","type":"post","link":"https:\/\/masquenoticias.mx\/index.php\/2026\/04\/29\/salud-colima-impulsa-movilidad-mas-segura-para-toda-la-poblacion-en-vialidades-del-estado\/","title":{"rendered":"Salud Colima impulsa movilidad m\u00e1s segura para toda la poblaci\u00f3n en vialidades del estado"},"content":{"rendered":"<p>En el seno del Consejo Estatal para la Prevenci\u00f3n de Accidentes (Coepra), la Subsecretar\u00eda de Movilidad \u2013Subsemov- del Gobierno del Estado de Colima present\u00f3 la \u2018Norma T\u00e9cnica de Puntos de Parada de Transporte P\u00fablico\u2019, que representa un paso importante hacia una movilidad m\u00e1s segura, ordenada y accesible, en beneficio de todas las personas usuarias de las vialidades en esta entidad.<\/p>\n<p>En la tercera sesi\u00f3n ordinaria del Coepra Colima, que presidi\u00f3 el secretario estatal de Salud, V\u00edctor Manuel Torrero Enr\u00edquez, se acord\u00f3 brindar capacitaci\u00f3n a las y los conductores de transporte p\u00fablico con enfoque en atenci\u00f3n de personas vulnerables y responder a la consulta para el desarrollo e instalaci\u00f3n de paraderos, as\u00ed como solicitar la colocaci\u00f3n de se\u00f1al\u00e9tica de espacios libres de humo en paraderos y regular que en los mismos no exista publicidad de productos nocivos para la salud.<\/p>\n<p>El secretario de Salud destac\u00f3 que cada vez se toma m\u00e1s conciencia en este Consejo sobre las acciones y procesos para incidir a favor de la prevenci\u00f3n de accidentes, lo que impacta de manera positiva en la salud de la poblaci\u00f3n. Invit\u00f3 a quienes integran este Consejo a seguir planteando acciones y estrategias para mejorar la prevenci\u00f3n de accidentes y buscar el bienestar de la poblaci\u00f3n.<\/p>\n<p>En esta sesi\u00f3n particip\u00f3 de manera virtual Anayeli Altamirano Hern\u00e1ndez, por parte del Secretariado T\u00e9cnico del Consejo Nacional para la Prevenci\u00f3n de Accidentes, donde se reconoci\u00f3 el cumplimiento en la difusi\u00f3n de materiales de prevenci\u00f3n y la distribuci\u00f3n del estudio de velocidades en el municipio de Manzanillo y el avance en las reuniones t\u00e9cnicas para implementar estrategias que permitan reducir la siniestralidad en el estado. #Operaci\u00f3nSaludColima<\/p>\n","protected":false},"excerpt":{"rendered":"<p>En el seno del Consejo Estatal para la Prevenci\u00f3n de Accidentes (Coepra), la Subsecretar\u00eda de Movilidad \u2013Subsemov- del Gobierno del Estado de Colima present\u00f3 la \u2018Norma T\u00e9cnica de Puntos de Parada de Transporte P\u00fablico\u2019, que representa un paso importante hacia una movilidad m\u00e1s segura, ordenada y accesible, en beneficio de todas las personas usuarias de [&hellip;]<\/p>\n","protected":false},"author":1,"featured_media":22616,"comment_status":"open","ping_status":"open","sticky":false,"template":"","format":"standard","meta":{"_jetpack_memberships_contains_paid_content":false,"footnotes":""},"categories":[24],"tags":[63],"class_list":["post-22615","post","type-post","status-publish","format-standard","has-post-thumbnail","hentry","category-estado","tag-salud"],"yoast_head":"<!-- This site is optimized with the Yoast SEO plugin v26.6 - https:\/\/yoast.com\/wordpress\/plugins\/seo\/ -->\n<title>Salud Colima impulsa movilidad m\u00e1s segura para toda la poblaci\u00f3n en vialidades del estado - M\u00e1s Que Noticias<\/title>\n<meta name=\"robots\" content=\"index, follow, max-snippet:-1, max-image-preview:large, max-video-preview:-1\" \/>\n<link rel=\"canonical\" href=\"https:\/\/masquenoticias.mx\/index.php\/2026\/04\/29\/salud-colima-impulsa-movilidad-mas-segura-para-toda-la-poblacion-en-vialidades-del-estado\/\" \/>\n<meta property=\"og:locale\" content=\"es_MX\" \/>\n<meta property=\"og:type\" content=\"article\" \/>\n<meta property=\"og:title\" content=\"Salud Colima impulsa movilidad m\u00e1s segura para toda la poblaci\u00f3n en vialidades del estado - M\u00e1s Que Noticias\" \/>\n<meta property=\"og:description\" content=\"En el seno del Consejo Estatal para la Prevenci\u00f3n de Accidentes (Coepra), la Subsecretar\u00eda de Movilidad \u2013Subsemov- del Gobierno del Estado de Colima present\u00f3 la \u2018Norma T\u00e9cnica de Puntos de Parada de Transporte P\u00fablico\u2019, que representa un paso importante hacia una movilidad m\u00e1s segura, ordenada y accesible, en beneficio de todas las personas usuarias de [&hellip;]\" \/>\n<meta property=\"og:url\" content=\"https:\/\/masquenoticias.mx\/index.php\/2026\/04\/29\/salud-colima-impulsa-movilidad-mas-segura-para-toda-la-poblacion-en-vialidades-del-estado\/\" \/>\n<meta property=\"og:site_name\" content=\"M\u00e1s Que Noticias\" \/>\n<meta property=\"article:publisher\" content=\"https:\/\/www.facebook.com\/masquenoticiascolima\" \/>\n<meta property=\"article:published_time\" content=\"2026-04-29T23:19:14+00:00\" \/>\n<meta property=\"og:image\" content=\"https:\/\/masquenoticias.mx\/wp-content\/uploads\/2026\/04\/WhatsApp-Image-2026-04-29-at-12.26.31-PM.jpeg\" \/>\n\t<meta property=\"og:image:width\" content=\"1280\" \/>\n\t<meta property=\"og:image:height\" content=\"788\" \/>\n\t<meta property=\"og:image:type\" content=\"image\/jpeg\" \/>\n<meta name=\"author\" content=\"Redacci\u00f3n\" \/>\n<meta name=\"twitter:card\" content=\"summary_large_image\" \/>\n<meta name=\"twitter:creator\" content=\"@edgartove\" \/>\n<meta name=\"twitter:site\" content=\"@edgartove\" \/>\n<meta name=\"twitter:label1\" content=\"Escrito por\" \/>\n\t<meta name=\"twitter:data1\" content=\"Redacci\u00f3n\" \/>\n\t<meta name=\"twitter:label2\" content=\"Tiempo de lectura\" \/>\n\t<meta name=\"twitter:data2\" content=\"2 minutos\" \/>\n<script type=\"application\/ld+json\" class=\"yoast-schema-graph\">{\"@context\":\"https:\/\/schema.org\",\"@graph\":[{\"@type\":\"Article\",\"@id\":\"https:\/\/masquenoticias.mx\/index.php\/2026\/04\/29\/salud-colima-impulsa-movilidad-mas-segura-para-toda-la-poblacion-en-vialidades-del-estado\/#article\",\"isPartOf\":{\"@id\":\"https:\/\/masquenoticias.mx\/index.php\/2026\/04\/29\/salud-colima-impulsa-movilidad-mas-segura-para-toda-la-poblacion-en-vialidades-del-estado\/\"},\"author\":{\"name\":\"Redacci\u00f3n\",\"@id\":\"https:\/\/masquenoticias.mx\/#\/schema\/person\/544d19989ef23d34615f691f7a96e622\"},\"headline\":\"Salud Colima impulsa movilidad m\u00e1s segura para toda la poblaci\u00f3n en vialidades del estado\",\"datePublished\":\"2026-04-29T23:19:14+00:00\",\"mainEntityOfPage\":{\"@id\":\"https:\/\/masquenoticias.mx\/index.php\/2026\/04\/29\/salud-colima-impulsa-movilidad-mas-segura-para-toda-la-poblacion-en-vialidades-del-estado\/\"},\"wordCount\":316,\"commentCount\":0,\"publisher\":{\"@id\":\"https:\/\/masquenoticias.mx\/#organization\"},\"image\":{\"@id\":\"https:\/\/masquenoticias.mx\/index.php\/2026\/04\/29\/salud-colima-impulsa-movilidad-mas-segura-para-toda-la-poblacion-en-vialidades-del-estado\/#primaryimage\"},\"thumbnailUrl\":\"https:\/\/i0.wp.com\/masquenoticias.mx\/wp-content\/uploads\/2026\/04\/WhatsApp-Image-2026-04-29-at-12.26.31-PM.jpeg?fit=1280%2C788&ssl=1\",\"keywords\":[\"Salud\"],\"articleSection\":[\"Estado\"],\"inLanguage\":\"es\",\"potentialAction\":[{\"@type\":\"CommentAction\",\"name\":\"Comment\",\"target\":[\"https:\/\/masquenoticias.mx\/index.php\/2026\/04\/29\/salud-colima-impulsa-movilidad-mas-segura-para-toda-la-poblacion-en-vialidades-del-estado\/#respond\"]}]},{\"@type\":\"WebPage\",\"@id\":\"https:\/\/masquenoticias.mx\/index.php\/2026\/04\/29\/salud-colima-impulsa-movilidad-mas-segura-para-toda-la-poblacion-en-vialidades-del-estado\/\",\"url\":\"https:\/\/masquenoticias.mx\/index.php\/2026\/04\/29\/salud-colima-impulsa-movilidad-mas-segura-para-toda-la-poblacion-en-vialidades-del-estado\/\",\"name\":\"Salud Colima impulsa movilidad m\u00e1s segura para toda la poblaci\u00f3n en vialidades del estado - M\u00e1s Que Noticias\",\"isPartOf\":{\"@id\":\"https:\/\/masquenoticias.mx\/#website\"},\"primaryImageOfPage\":{\"@id\":\"https:\/\/masquenoticias.mx\/index.php\/2026\/04\/29\/salud-colima-impulsa-movilidad-mas-segura-para-toda-la-poblacion-en-vialidades-del-estado\/#primaryimage\"},\"image\":{\"@id\":\"https:\/\/masquenoticias.mx\/index.php\/2026\/04\/29\/salud-colima-impulsa-movilidad-mas-segura-para-toda-la-poblacion-en-vialidades-del-estado\/#primaryimage\"},\"thumbnailUrl\":\"https:\/\/i0.wp.com\/masquenoticias.mx\/wp-content\/uploads\/2026\/04\/WhatsApp-Image-2026-04-29-at-12.26.31-PM.jpeg?fit=1280%2C788&ssl=1\",\"datePublished\":\"2026-04-29T23:19:14+00:00\",\"breadcrumb\":{\"@id\":\"https:\/\/masquenoticias.mx\/index.php\/2026\/04\/29\/salud-colima-impulsa-movilidad-mas-segura-para-toda-la-poblacion-en-vialidades-del-estado\/#breadcrumb\"},\"inLanguage\":\"es\",\"potentialAction\":[{\"@type\":\"ReadAction\",\"target\":[\"https:\/\/masquenoticias.mx\/index.php\/2026\/04\/29\/salud-colima-impulsa-movilidad-mas-segura-para-toda-la-poblacion-en-vialidades-del-estado\/\"]}]},{\"@type\":\"ImageObject\",\"inLanguage\":\"es\",\"@id\":\"https:\/\/masquenoticias.mx\/index.php\/2026\/04\/29\/salud-colima-impulsa-movilidad-mas-segura-para-toda-la-poblacion-en-vialidades-del-estado\/#primaryimage\",\"url\":\"https:\/\/i0.wp.com\/masquenoticias.mx\/wp-content\/uploads\/2026\/04\/WhatsApp-Image-2026-04-29-at-12.26.31-PM.jpeg?fit=1280%2C788&ssl=1\",\"contentUrl\":\"https:\/\/i0.wp.com\/masquenoticias.mx\/wp-content\/uploads\/2026\/04\/WhatsApp-Image-2026-04-29-at-12.26.31-PM.jpeg?fit=1280%2C788&ssl=1\",\"width\":1280,\"height\":788},{\"@type\":\"BreadcrumbList\",\"@id\":\"https:\/\/masquenoticias.mx\/index.php\/2026\/04\/29\/salud-colima-impulsa-movilidad-mas-segura-para-toda-la-poblacion-en-vialidades-del-estado\/#breadcrumb\",\"itemListElement\":[{\"@type\":\"ListItem\",\"position\":1,\"name\":\"Inicio\",\"item\":\"https:\/\/masquenoticias.mx\/\"},{\"@type\":\"ListItem\",\"position\":2,\"name\":\"Salud Colima impulsa movilidad m\u00e1s segura para toda la poblaci\u00f3n en vialidades del estado\"}]},{\"@type\":\"WebSite\",\"@id\":\"https:\/\/masquenoticias.mx\/#website\",\"url\":\"https:\/\/masquenoticias.mx\/\",\"name\":\"M\u00e1s Que Noticias\",\"description\":\"Noticias de Colima, M\u00e9xico y el Mundo\",\"publisher\":{\"@id\":\"https:\/\/masquenoticias.mx\/#organization\"},\"potentialAction\":[{\"@type\":\"SearchAction\",\"target\":{\"@type\":\"EntryPoint\",\"urlTemplate\":\"https:\/\/masquenoticias.mx\/?s={search_term_string}\"},\"query-input\":{\"@type\":\"PropertyValueSpecification\",\"valueRequired\":true,\"valueName\":\"search_term_string\"}}],\"inLanguage\":\"es\"},{\"@type\":\"Organization\",\"@id\":\"https:\/\/masquenoticias.mx\/#organization\",\"name\":\"M\u00e1s Que Noticias\",\"url\":\"https:\/\/masquenoticias.mx\/\",\"logo\":{\"@type\":\"ImageObject\",\"inLanguage\":\"es\",\"@id\":\"https:\/\/masquenoticias.mx\/#\/schema\/logo\/image\/\",\"url\":\"https:\/\/i0.wp.com\/masquenoticias.mx\/wp-content\/uploads\/2024\/04\/IMG_0004.png?fit=2560%2C1656&ssl=1\",\"contentUrl\":\"https:\/\/i0.wp.com\/masquenoticias.mx\/wp-content\/uploads\/2024\/04\/IMG_0004.png?fit=2560%2C1656&ssl=1\",\"width\":2560,\"height\":1656,\"caption\":\"M\u00e1s Que Noticias\"},\"image\":{\"@id\":\"https:\/\/masquenoticias.mx\/#\/schema\/logo\/image\/\"},\"sameAs\":[\"https:\/\/www.facebook.com\/masquenoticiascolima\",\"https:\/\/x.com\/edgartove\",\"https:\/\/www.instagram.com\/masquenoticiascolima\/\"]},{\"@type\":\"Person\",\"@id\":\"https:\/\/masquenoticias.mx\/#\/schema\/person\/544d19989ef23d34615f691f7a96e622\",\"name\":\"Redacci\u00f3n\",\"image\":{\"@type\":\"ImageObject\",\"inLanguage\":\"es\",\"@id\":\"https:\/\/masquenoticias.mx\/#\/schema\/person\/image\/\",\"url\":\"https:\/\/secure.gravatar.com\/avatar\/7fcc926d5b058d3f3d52d95b4d05dd58?s=96&d=mm&r=g\",\"contentUrl\":\"https:\/\/secure.gravatar.com\/avatar\/7fcc926d5b058d3f3d52d95b4d05dd58?s=96&d=mm&r=g\",\"caption\":\"Redacci\u00f3n\"},\"sameAs\":[\"http:\/\/masquenoticias.mx\"],\"url\":\"https:\/\/masquenoticias.mx\/index.php\/author\/edgartovegmail-com\/\"}]}<\/script>\n<!-- \/ Yoast SEO plugin. -->","yoast_head_json":{"title":"Salud Colima impulsa movilidad m\u00e1s segura para toda la poblaci\u00f3n en vialidades del estado - M\u00e1s Que Noticias","robots":{"index":"index","follow":"follow","max-snippet":"max-snippet:-1","max-image-preview":"max-image-preview:large","max-video-preview":"max-video-preview:-1"},"canonical":"https:\/\/masquenoticias.mx\/index.php\/2026\/04\/29\/salud-colima-impulsa-movilidad-mas-segura-para-toda-la-poblacion-en-vialidades-del-estado\/","og_locale":"es_MX","og_type":"article","og_title":"Salud Colima impulsa movilidad m\u00e1s segura para toda la poblaci\u00f3n en vialidades del estado - M\u00e1s Que Noticias","og_description":"En el seno del Consejo Estatal para la Prevenci\u00f3n de Accidentes (Coepra), la Subsecretar\u00eda de Movilidad \u2013Subsemov- del Gobierno del Estado de Colima present\u00f3 la \u2018Norma T\u00e9cnica de Puntos de Parada de Transporte P\u00fablico\u2019, que representa un paso importante hacia una movilidad m\u00e1s segura, ordenada y accesible, en beneficio de todas las personas usuarias de [&hellip;]","og_url":"https:\/\/masquenoticias.mx\/index.php\/2026\/04\/29\/salud-colima-impulsa-movilidad-mas-segura-para-toda-la-poblacion-en-vialidades-del-estado\/","og_site_name":"M\u00e1s Que Noticias","article_publisher":"https:\/\/www.facebook.com\/masquenoticiascolima","article_published_time":"2026-04-29T23:19:14+00:00","og_image":[{"width":1280,"height":788,"url":"https:\/\/masquenoticias.mx\/wp-content\/uploads\/2026\/04\/WhatsApp-Image-2026-04-29-at-12.26.31-PM.jpeg","type":"image\/jpeg"}],"author":"Redacci\u00f3n","twitter_card":"summary_large_image","twitter_creator":"@edgartove","twitter_site":"@edgartove","twitter_misc":{"Escrito por":"Redacci\u00f3n","Tiempo de lectura":"2 minutos"},"schema":{"@context":"https:\/\/schema.org","@graph":[{"@type":"Article","@id":"https:\/\/masquenoticias.mx\/index.php\/2026\/04\/29\/salud-colima-impulsa-movilidad-mas-segura-para-toda-la-poblacion-en-vialidades-del-estado\/#article","isPartOf":{"@id":"https:\/\/masquenoticias.mx\/index.php\/2026\/04\/29\/salud-colima-impulsa-movilidad-mas-segura-para-toda-la-poblacion-en-vialidades-del-estado\/"},"author":{"name":"Redacci\u00f3n","@id":"https:\/\/masquenoticias.mx\/#\/schema\/person\/544d19989ef23d34615f691f7a96e622"},"headline":"Salud Colima impulsa movilidad m\u00e1s segura para toda la poblaci\u00f3n en vialidades del estado","datePublished":"2026-04-29T23:19:14+00:00","mainEntityOfPage":{"@id":"https:\/\/masquenoticias.mx\/index.php\/2026\/04\/29\/salud-colima-impulsa-movilidad-mas-segura-para-toda-la-poblacion-en-vialidades-del-estado\/"},"wordCount":316,"commentCount":0,"publisher":{"@id":"https:\/\/masquenoticias.mx\/#organization"},"image":{"@id":"https:\/\/masquenoticias.mx\/index.php\/2026\/04\/29\/salud-colima-impulsa-movilidad-mas-segura-para-toda-la-poblacion-en-vialidades-del-estado\/#primaryimage"},"thumbnailUrl":"https:\/\/i0.wp.com\/masquenoticias.mx\/wp-content\/uploads\/2026\/04\/WhatsApp-Image-2026-04-29-at-12.26.31-PM.jpeg?fit=1280%2C788&ssl=1","keywords":["Salud"],"articleSection":["Estado"],"inLanguage":"es","potentialAction":[{"@type":"CommentAction","name":"Comment","target":["https:\/\/masquenoticias.mx\/index.php\/2026\/04\/29\/salud-colima-impulsa-movilidad-mas-segura-para-toda-la-poblacion-en-vialidades-del-estado\/#respond"]}]},{"@type":"WebPage","@id":"https:\/\/masquenoticias.mx\/index.php\/2026\/04\/29\/salud-colima-impulsa-movilidad-mas-segura-para-toda-la-poblacion-en-vialidades-del-estado\/","url":"https:\/\/masquenoticias.mx\/index.php\/2026\/04\/29\/salud-colima-impulsa-movilidad-mas-segura-para-toda-la-poblacion-en-vialidades-del-estado\/","name":"Salud Colima impulsa movilidad m\u00e1s segura para toda la poblaci\u00f3n en vialidades del estado - M\u00e1s Que Noticias","isPartOf":{"@id":"https:\/\/masquenoticias.mx\/#website"},"primaryImageOfPage":{"@id":"https:\/\/masquenoticias.mx\/index.php\/2026\/04\/29\/salud-colima-impulsa-movilidad-mas-segura-para-toda-la-poblacion-en-vialidades-del-estado\/#primaryimage"},"image":{"@id":"https:\/\/masquenoticias.mx\/index.php\/2026\/04\/29\/salud-colima-impulsa-movilidad-mas-segura-para-toda-la-poblacion-en-vialidades-del-estado\/#primaryimage"},"thumbnailUrl":"https:\/\/i0.wp.com\/masquenoticias.mx\/wp-content\/uploads\/2026\/04\/WhatsApp-Image-2026-04-29-at-12.26.31-PM.jpeg?fit=1280%2C788&ssl=1","datePublished":"2026-04-29T23:19:14+00:00","breadcrumb":{"@id":"https:\/\/masquenoticias.mx\/index.php\/2026\/04\/29\/salud-colima-impulsa-movilidad-mas-segura-para-toda-la-poblacion-en-vialidades-del-estado\/#breadcrumb"},"inLanguage":"es","potentialAction":[{"@type":"ReadAction","target":["https:\/\/masquenoticias.mx\/index.php\/2026\/04\/29\/salud-colima-impulsa-movilidad-mas-segura-para-toda-la-poblacion-en-vialidades-del-estado\/"]}]},{"@type":"ImageObject","inLanguage":"es","@id":"https:\/\/masquenoticias.mx\/index.php\/2026\/04\/29\/salud-colima-impulsa-movilidad-mas-segura-para-toda-la-poblacion-en-vialidades-del-estado\/#primaryimage","url":"https:\/\/i0.wp.com\/masquenoticias.mx\/wp-content\/uploads\/2026\/04\/WhatsApp-Image-2026-04-29-at-12.26.31-PM.jpeg?fit=1280%2C788&ssl=1","contentUrl":"https:\/\/i0.wp.com\/masquenoticias.mx\/wp-content\/uploads\/2026\/04\/WhatsApp-Image-2026-04-29-at-12.26.31-PM.jpeg?fit=1280%2C788&ssl=1","width":1280,"height":788},{"@type":"BreadcrumbList","@id":"https:\/\/masquenoticias.mx\/index.php\/2026\/04\/29\/salud-colima-impulsa-movilidad-mas-segura-para-toda-la-poblacion-en-vialidades-del-estado\/#breadcrumb","itemListElement":[{"@type":"ListItem","position":1,"name":"Inicio","item":"https:\/\/masquenoticias.mx\/"},{"@type":"ListItem","position":2,"name":"Salud Colima impulsa movilidad m\u00e1s segura para toda la poblaci\u00f3n en vialidades del estado"}]},{"@type":"WebSite","@id":"https:\/\/masquenoticias.mx\/#website","url":"https:\/\/masquenoticias.mx\/","name":"M\u00e1s Que Noticias","description":"Noticias de Colima, M\u00e9xico y el Mundo","publisher":{"@id":"https:\/\/masquenoticias.mx\/#organization"},"potentialAction":[{"@type":"SearchAction","target":{"@type":"EntryPoint","urlTemplate":"https:\/\/masquenoticias.mx\/?s={search_term_string}"},"query-input":{"@type":"PropertyValueSpecification","valueRequired":true,"valueName":"search_term_string"}}],"inLanguage":"es"},{"@type":"Organization","@id":"https:\/\/masquenoticias.mx\/#organization","name":"M\u00e1s Que Noticias","url":"https:\/\/masquenoticias.mx\/","logo":{"@type":"ImageObject","inLanguage":"es","@id":"https:\/\/masquenoticias.mx\/#\/schema\/logo\/image\/","url":"https:\/\/i0.wp.com\/masquenoticias.mx\/wp-content\/uploads\/2024\/04\/IMG_0004.png?fit=2560%2C1656&ssl=1","contentUrl":"https:\/\/i0.wp.com\/masquenoticias.mx\/wp-content\/uploads\/2024\/04\/IMG_0004.png?fit=2560%2C1656&ssl=1","width":2560,"height":1656,"caption":"M\u00e1s Que Noticias"},"image":{"@id":"https:\/\/masquenoticias.mx\/#\/schema\/logo\/image\/"},"sameAs":["https:\/\/www.facebook.com\/masquenoticiascolima","https:\/\/x.com\/edgartove","https:\/\/www.instagram.com\/masquenoticiascolima\/"]},{"@type":"Person","@id":"https:\/\/masquenoticias.mx\/#\/schema\/person\/544d19989ef23d34615f691f7a96e622","name":"Redacci\u00f3n","image":{"@type":"ImageObject","inLanguage":"es","@id":"https:\/\/masquenoticias.mx\/#\/schema\/person\/image\/","url":"https:\/\/secure.gravatar.com\/avatar\/7fcc926d5b058d3f3d52d95b4d05dd58?s=96&d=mm&r=g","contentUrl":"https:\/\/secure.gravatar.com\/avatar\/7fcc926d5b058d3f3d52d95b4d05dd58?s=96&d=mm&r=g","caption":"Redacci\u00f3n"},"sameAs":["http:\/\/masquenoticias.mx"],"url":"https:\/\/masquenoticias.mx\/index.php\/author\/edgartovegmail-com\/"}]}},"jetpack_featured_media_url":"https:\/\/i0.wp.com\/masquenoticias.mx\/wp-content\/uploads\/2026\/04\/WhatsApp-Image-2026-04-29-at-12.26.31-PM.jpeg?fit=1280%2C788&ssl=1","blog_post_layout_featured_media_urls":{"thumbnail":["https:\/\/i0.wp.com\/masquenoticias.mx\/wp-content\/uploads\/2026\/04\/WhatsApp-Image-2026-04-29-at-12.26.31-PM.jpeg?resize=150%2C150&ssl=1",150,150,true],"full":["https:\/\/i0.wp.com\/masquenoticias.mx\/wp-content\/uploads\/2026\/04\/WhatsApp-Image-2026-04-29-at-12.26.31-PM.jpeg?fit=1280%2C788&ssl=1",1280,788,false]},"categories_names":{"24":{"name":"Estado","link":"https:\/\/masquenoticias.mx\/index.php\/category\/estado\/"}},"tags_names":{"63":{"name":"Salud","link":"https:\/\/masquenoticias.mx\/index.php\/tag\/salud\/"}},"comments_number":"0","wpmagazine_modules_lite_featured_media_urls":{"thumbnail":["https:\/\/i0.wp.com\/masquenoticias.mx\/wp-content\/uploads\/2026\/04\/WhatsApp-Image-2026-04-29-at-12.26.31-PM.jpeg?resize=150%2C150&ssl=1",150,150,true],"cvmm-medium":["https:\/\/i0.wp.com\/masquenoticias.mx\/wp-content\/uploads\/2026\/04\/WhatsApp-Image-2026-04-29-at-12.26.31-PM.jpeg?resize=300%2C300&ssl=1",300,300,true],"cvmm-medium-plus":["https:\/\/i0.wp.com\/masquenoticias.mx\/wp-content\/uploads\/2026\/04\/WhatsApp-Image-2026-04-29-at-12.26.31-PM.jpeg?resize=305%2C207&ssl=1",305,207,true],"cvmm-portrait":["https:\/\/i0.wp.com\/masquenoticias.mx\/wp-content\/uploads\/2026\/04\/WhatsApp-Image-2026-04-29-at-12.26.31-PM.jpeg?resize=400%2C600&ssl=1",400,600,true],"cvmm-medium-square":["https:\/\/i0.wp.com\/masquenoticias.mx\/wp-content\/uploads\/2026\/04\/WhatsApp-Image-2026-04-29-at-12.26.31-PM.jpeg?resize=600%2C600&ssl=1",600,600,true],"cvmm-large":["https:\/\/i0.wp.com\/masquenoticias.mx\/wp-content\/uploads\/2026\/04\/WhatsApp-Image-2026-04-29-at-12.26.31-PM.jpeg?resize=1024%2C788&ssl=1",1024,788,true],"cvmm-small":["https:\/\/i0.wp.com\/masquenoticias.mx\/wp-content\/uploads\/2026\/04\/WhatsApp-Image-2026-04-29-at-12.26.31-PM.jpeg?resize=130%2C95&ssl=1",130,95,true],"full":["https:\/\/i0.wp.com\/masquenoticias.mx\/wp-content\/uploads\/2026\/04\/WhatsApp-Image-2026-04-29-at-12.26.31-PM.jpeg?fit=1280%2C788&ssl=1",1280,788,false]},"jetpack-related-posts":[],"jetpack_sharing_enabled":true,"jetpack_likes_enabled":true,"jetpack_shortlink":"https:\/\/wp.me\/pf7pkt-5SL","_links":{"self":[{"href":"https:\/\/masquenoticias.mx\/index.php\/wp-json\/wp\/v2\/posts\/22615","targetHints":{"allow":["GET"]}}],"collection":[{"href":"https:\/\/masquenoticias.mx\/index.php\/wp-json\/wp\/v2\/posts"}],"about":[{"href":"https:\/\/masquenoticias.mx\/index.php\/wp-json\/wp\/v2\/types\/post"}],"author":[{"embeddable":true,"href":"https:\/\/masquenoticias.mx\/index.php\/wp-json\/wp\/v2\/users\/1"}],"replies":[{"embeddable":true,"href":"https:\/\/masquenoticias.mx\/index.php\/wp-json\/wp\/v2\/comments?post=22615"}],"version-history":[{"count":1,"href":"https:\/\/masquenoticias.mx\/index.php\/wp-json\/wp\/v2\/posts\/22615\/revisions"}],"predecessor-version":[{"id":22617,"href":"https:\/\/masquenoticias.mx\/index.php\/wp-json\/wp\/v2\/posts\/22615\/revisions\/22617"}],"wp:featuredmedia":[{"embeddable":true,"href":"https:\/\/masquenoticias.mx\/index.php\/wp-json\/wp\/v2\/media\/22616"}],"wp:attachment":[{"href":"https:\/\/masquenoticias.mx\/index.php\/wp-json\/wp\/v2\/media?parent=22615"}],"wp:term":[{"taxonomy":"category","embeddable":true,"href":"https:\/\/masquenoticias.mx\/index.php\/wp-json\/wp\/v2\/categories?post=22615"},{"taxonomy":"post_tag","embeddable":true,"href":"https:\/\/masquenoticias.mx\/index.php\/wp-json\/wp\/v2\/tags?post=22615"}],"curies":[{"name":"wp","href":"https:\/\/api.w.org\/{rel}","templated":true}]}}