{"id":22609,"date":"2026-04-29T17:10:27","date_gmt":"2026-04-29T23:10:27","guid":{"rendered":"https:\/\/masquenoticias.mx\/?p=22609"},"modified":"2026-04-29T17:10:27","modified_gmt":"2026-04-29T23:10:27","slug":"celebran-congreso-y-el-snte-el-18-o-parlamento-infantil-de-preescolar-2026-llaman-a-fomentar-la-inclusion-y-la-no-discriminacion","status":"publish","type":"post","link":"https:\/\/masquenoticias.mx\/index.php\/2026\/04\/29\/celebran-congreso-y-el-snte-el-18-o-parlamento-infantil-de-preescolar-2026-llaman-a-fomentar-la-inclusion-y-la-no-discriminacion\/","title":{"rendered":"Celebran Congreso y el SNTE el 18.\u00ba Parlamento Infantil de Preescolar 2026; llaman a fomentar la inclusi\u00f3n y la no discriminaci\u00f3n"},"content":{"rendered":"<p>Este martes, en el Teatro Hidalgo de la capital colimense, se llev\u00f3 a cabo el 18\u00b0 Parlamento Infantil de Preescolar 2026 \u201cDiferentes colores, un solo coraz\u00f3n\u201d, en el que participaron 25 menores colimenses, acompa\u00f1ados de las y los diputados integrantes de la Sexag\u00e9sima Primera Legislatura, as\u00ed como representantes de los Poderes Ejecutivo y Judicial.<\/p>\n<p>La presidenta de la Mesa Directiva del Congreso, Andrea Carolina Heredia Torres, mencion\u00f3 que la democracia se fortalece cuando se ampl\u00edan las voces que participan en ella, y en el Poder Legislativo se escucha con atenci\u00f3n, seriedad y compromiso para incorporar nuevas miradas a las futuras iniciativas que se planteen, porque, cuando las infancias expresan una idea, se se\u00f1ala una realidad.<\/p>\n<p>En el desarrollo del evento, las y los 25 parlamentarios infantiles, expusieron sus ideas, peticiones y propuestas para fomentar la tolerancia, la inclusi\u00f3n, la empat\u00eda, la solidaridad, el respeto, la diversidad y la no discriminaci\u00f3n.<\/p>\n<p>\u201cQueremos escuelas donde nadie se sienta invisible y donde el respeto y la diversidad sea motivo de orgullo, porque cuando incluimos tenemos un mundo mejor\u201d. \u201cPropongo programas permanentes de inclusi\u00f3n y respeto en nuestras escuelas\u201d. \u201cLa diversidad no es un problema, es una oportunidad; hagamos que nuestras escuelas sean un lugar donde todas se sientan valorados y respetados\u201d. \u201cMi propuesta es que en todos los preescolares haya equipo de USAER para ayudar a los ni\u00f1os que necesitan aprender\u201d. \u201cLes pedimos a todos los diputados que sigan trabajando para que toda las ni\u00f1as y los ni\u00f1os sean escuchados, respetados y valorados\u201d, fueron algunas de las expresiones del Parlamento.<\/p>\n<p>En el uso de la voz, la presidenta de la Comisi\u00f3n Legislativa de Educaci\u00f3n, Cultura y Ciencia, Evangelina Bustamante Morales, resalt\u00f3 la importancia de escuchar a conciencia las inquietudes de las ni\u00f1as y ni\u00f1os colimenses, quienes tienen mucho que aportar para construir la sociedad que todas y todos anhelamos.<\/p>\n<p>La diputada Glenda Ochoa, presidenta de la Comisi\u00f3n de Bienestar, Inclusi\u00f3n Social y Equidad de G\u00e9nero, invit\u00f3 a las y los menores a seguir esforz\u00e1ndose en su educaci\u00f3n, pues gracias a ella obtendr\u00e1n las herramientas necesarias para hacer realidad sus sue\u00f1os. Manifest\u00f3 que desde el Congreso siempre est\u00e1n comprometidos con la educaci\u00f3n, desde la aprobaci\u00f3n del presupuesto que se destina a este rubro y que va en beneficio de las infancias a trav\u00e9s de distintos programas sociales.<\/p>\n<p>Por su parte, el secretario general de la Secci\u00f3n 6 del del SNTE, Miguel \u00c1ngel Rivera Huezo, agradeci\u00f3 a quienes, desde distintos \u00e1mbitos, asumen una responsabilidad en favor de la educaci\u00f3n, as\u00ed como del personal docente que lleva a cabo esta labor tan importante, que permiten a ni\u00f1as y ni\u00f1os un desarrollo intelectual, de pensamiento cr\u00edtico y con sentido social.<\/p>\n<p>Para cerrar el acto organizado por el Poder Legislativo Estatal y la Secci\u00f3n 6 del Sindicato Nacional de Trabajadores de la Educaci\u00f3n (SNTE), la subsecretaria de las Juventudes, Karen Edith Garc\u00eda Torres, en representaci\u00f3n de la gobernadora de Colima, Indira Vizca\u00edno Silva, se\u00f1al\u00f3 que se con este parlamento se celebra la voz de la ni\u00f1ez y, al mismo tiempo, representa un compromiso para generar pol\u00edticas p\u00fablicas m\u00e1s incluyentes y cercanas a su realidad. \u201cLa participaci\u00f3n no tiene edad y las grandes ideas pueden nacer desde los corazones m\u00e1s peque\u00f1os\u201d, finaliz\u00f3.<\/p>\n","protected":false},"excerpt":{"rendered":"<p>Este martes, en el Teatro Hidalgo de la capital colimense, se llev\u00f3 a cabo el 18\u00b0 Parlamento Infantil de Preescolar 2026 \u201cDiferentes colores, un solo coraz\u00f3n\u201d, en el que participaron 25 menores colimenses, acompa\u00f1ados de las y los diputados integrantes de la Sexag\u00e9sima Primera Legislatura, as\u00ed como representantes de los Poderes Ejecutivo y Judicial. La [&hellip;]<\/p>\n","protected":false},"author":1,"featured_media":22610,"comment_status":"open","ping_status":"open","sticky":false,"template":"","format":"standard","meta":{"_jetpack_memberships_contains_paid_content":false,"footnotes":""},"categories":[32],"tags":[628],"class_list":["post-22609","post","type-post","status-publish","format-standard","has-post-thumbnail","hentry","category-politica","tag-congreso-colima"],"yoast_head":"<!-- This site is optimized with the Yoast SEO plugin v26.6 - https:\/\/yoast.com\/wordpress\/plugins\/seo\/ -->\n<title>Celebran Congreso y el SNTE el 18.\u00ba Parlamento Infantil de Preescolar 2026; llaman a fomentar la inclusi\u00f3n y la no discriminaci\u00f3n - M\u00e1s Que Noticias<\/title>\n<meta name=\"robots\" content=\"index, follow, max-snippet:-1, max-image-preview:large, max-video-preview:-1\" \/>\n<link rel=\"canonical\" href=\"https:\/\/masquenoticias.mx\/index.php\/2026\/04\/29\/celebran-congreso-y-el-snte-el-18-o-parlamento-infantil-de-preescolar-2026-llaman-a-fomentar-la-inclusion-y-la-no-discriminacion\/\" \/>\n<meta property=\"og:locale\" content=\"es_MX\" \/>\n<meta property=\"og:type\" content=\"article\" \/>\n<meta property=\"og:title\" content=\"Celebran Congreso y el SNTE el 18.\u00ba Parlamento Infantil de Preescolar 2026; llaman a fomentar la inclusi\u00f3n y la no discriminaci\u00f3n - M\u00e1s Que Noticias\" \/>\n<meta property=\"og:description\" content=\"Este martes, en el Teatro Hidalgo de la capital colimense, se llev\u00f3 a cabo el 18\u00b0 Parlamento Infantil de Preescolar 2026 \u201cDiferentes colores, un solo coraz\u00f3n\u201d, en el que participaron 25 menores colimenses, acompa\u00f1ados de las y los diputados integrantes de la Sexag\u00e9sima Primera Legislatura, as\u00ed como representantes de los Poderes Ejecutivo y Judicial. La [&hellip;]\" \/>\n<meta property=\"og:url\" content=\"https:\/\/masquenoticias.mx\/index.php\/2026\/04\/29\/celebran-congreso-y-el-snte-el-18-o-parlamento-infantil-de-preescolar-2026-llaman-a-fomentar-la-inclusion-y-la-no-discriminacion\/\" \/>\n<meta property=\"og:site_name\" content=\"M\u00e1s Que Noticias\" \/>\n<meta property=\"article:publisher\" content=\"https:\/\/www.facebook.com\/masquenoticiascolima\" \/>\n<meta property=\"article:published_time\" content=\"2026-04-29T23:10:27+00:00\" \/>\n<meta property=\"og:image\" content=\"https:\/\/masquenoticias.mx\/wp-content\/uploads\/2026\/04\/WhatsApp-Image-2026-04-28-at-1.50.55-PM.jpeg\" \/>\n\t<meta property=\"og:image:width\" content=\"1600\" \/>\n\t<meta property=\"og:image:height\" content=\"1066\" \/>\n\t<meta property=\"og:image:type\" content=\"image\/jpeg\" \/>\n<meta name=\"author\" content=\"Redacci\u00f3n\" \/>\n<meta name=\"twitter:card\" content=\"summary_large_image\" \/>\n<meta name=\"twitter:creator\" content=\"@edgartove\" \/>\n<meta name=\"twitter:site\" content=\"@edgartove\" \/>\n<meta name=\"twitter:label1\" content=\"Escrito por\" \/>\n\t<meta name=\"twitter:data1\" content=\"Redacci\u00f3n\" \/>\n\t<meta name=\"twitter:label2\" content=\"Tiempo de lectura\" \/>\n\t<meta name=\"twitter:data2\" content=\"3 minutos\" \/>\n<script type=\"application\/ld+json\" class=\"yoast-schema-graph\">{\"@context\":\"https:\/\/schema.org\",\"@graph\":[{\"@type\":\"Article\",\"@id\":\"https:\/\/masquenoticias.mx\/index.php\/2026\/04\/29\/celebran-congreso-y-el-snte-el-18-o-parlamento-infantil-de-preescolar-2026-llaman-a-fomentar-la-inclusion-y-la-no-discriminacion\/#article\",\"isPartOf\":{\"@id\":\"https:\/\/masquenoticias.mx\/index.php\/2026\/04\/29\/celebran-congreso-y-el-snte-el-18-o-parlamento-infantil-de-preescolar-2026-llaman-a-fomentar-la-inclusion-y-la-no-discriminacion\/\"},\"author\":{\"name\":\"Redacci\u00f3n\",\"@id\":\"https:\/\/masquenoticias.mx\/#\/schema\/person\/544d19989ef23d34615f691f7a96e622\"},\"headline\":\"Celebran Congreso y el SNTE el 18.\u00ba Parlamento Infantil de Preescolar 2026; llaman a fomentar la inclusi\u00f3n y la no discriminaci\u00f3n\",\"datePublished\":\"2026-04-29T23:10:27+00:00\",\"mainEntityOfPage\":{\"@id\":\"https:\/\/masquenoticias.mx\/index.php\/2026\/04\/29\/celebran-congreso-y-el-snte-el-18-o-parlamento-infantil-de-preescolar-2026-llaman-a-fomentar-la-inclusion-y-la-no-discriminacion\/\"},\"wordCount\":594,\"commentCount\":0,\"publisher\":{\"@id\":\"https:\/\/masquenoticias.mx\/#organization\"},\"image\":{\"@id\":\"https:\/\/masquenoticias.mx\/index.php\/2026\/04\/29\/celebran-congreso-y-el-snte-el-18-o-parlamento-infantil-de-preescolar-2026-llaman-a-fomentar-la-inclusion-y-la-no-discriminacion\/#primaryimage\"},\"thumbnailUrl\":\"https:\/\/i0.wp.com\/masquenoticias.mx\/wp-content\/uploads\/2026\/04\/WhatsApp-Image-2026-04-28-at-1.50.55-PM.jpeg?fit=1600%2C1066&ssl=1\",\"keywords\":[\"Congreso Colima\"],\"articleSection\":[\"Pol\u00edtica\"],\"inLanguage\":\"es\",\"potentialAction\":[{\"@type\":\"CommentAction\",\"name\":\"Comment\",\"target\":[\"https:\/\/masquenoticias.mx\/index.php\/2026\/04\/29\/celebran-congreso-y-el-snte-el-18-o-parlamento-infantil-de-preescolar-2026-llaman-a-fomentar-la-inclusion-y-la-no-discriminacion\/#respond\"]}]},{\"@type\":\"WebPage\",\"@id\":\"https:\/\/masquenoticias.mx\/index.php\/2026\/04\/29\/celebran-congreso-y-el-snte-el-18-o-parlamento-infantil-de-preescolar-2026-llaman-a-fomentar-la-inclusion-y-la-no-discriminacion\/\",\"url\":\"https:\/\/masquenoticias.mx\/index.php\/2026\/04\/29\/celebran-congreso-y-el-snte-el-18-o-parlamento-infantil-de-preescolar-2026-llaman-a-fomentar-la-inclusion-y-la-no-discriminacion\/\",\"name\":\"Celebran Congreso y el SNTE el 18.\u00ba Parlamento Infantil de Preescolar 2026; llaman a fomentar la inclusi\u00f3n y la no discriminaci\u00f3n - M\u00e1s Que Noticias\",\"isPartOf\":{\"@id\":\"https:\/\/masquenoticias.mx\/#website\"},\"primaryImageOfPage\":{\"@id\":\"https:\/\/masquenoticias.mx\/index.php\/2026\/04\/29\/celebran-congreso-y-el-snte-el-18-o-parlamento-infantil-de-preescolar-2026-llaman-a-fomentar-la-inclusion-y-la-no-discriminacion\/#primaryimage\"},\"image\":{\"@id\":\"https:\/\/masquenoticias.mx\/index.php\/2026\/04\/29\/celebran-congreso-y-el-snte-el-18-o-parlamento-infantil-de-preescolar-2026-llaman-a-fomentar-la-inclusion-y-la-no-discriminacion\/#primaryimage\"},\"thumbnailUrl\":\"https:\/\/i0.wp.com\/masquenoticias.mx\/wp-content\/uploads\/2026\/04\/WhatsApp-Image-2026-04-28-at-1.50.55-PM.jpeg?fit=1600%2C1066&ssl=1\",\"datePublished\":\"2026-04-29T23:10:27+00:00\",\"breadcrumb\":{\"@id\":\"https:\/\/masquenoticias.mx\/index.php\/2026\/04\/29\/celebran-congreso-y-el-snte-el-18-o-parlamento-infantil-de-preescolar-2026-llaman-a-fomentar-la-inclusion-y-la-no-discriminacion\/#breadcrumb\"},\"inLanguage\":\"es\",\"potentialAction\":[{\"@type\":\"ReadAction\",\"target\":[\"https:\/\/masquenoticias.mx\/index.php\/2026\/04\/29\/celebran-congreso-y-el-snte-el-18-o-parlamento-infantil-de-preescolar-2026-llaman-a-fomentar-la-inclusion-y-la-no-discriminacion\/\"]}]},{\"@type\":\"ImageObject\",\"inLanguage\":\"es\",\"@id\":\"https:\/\/masquenoticias.mx\/index.php\/2026\/04\/29\/celebran-congreso-y-el-snte-el-18-o-parlamento-infantil-de-preescolar-2026-llaman-a-fomentar-la-inclusion-y-la-no-discriminacion\/#primaryimage\",\"url\":\"https:\/\/i0.wp.com\/masquenoticias.mx\/wp-content\/uploads\/2026\/04\/WhatsApp-Image-2026-04-28-at-1.50.55-PM.jpeg?fit=1600%2C1066&ssl=1\",\"contentUrl\":\"https:\/\/i0.wp.com\/masquenoticias.mx\/wp-content\/uploads\/2026\/04\/WhatsApp-Image-2026-04-28-at-1.50.55-PM.jpeg?fit=1600%2C1066&ssl=1\",\"width\":1600,\"height\":1066},{\"@type\":\"BreadcrumbList\",\"@id\":\"https:\/\/masquenoticias.mx\/index.php\/2026\/04\/29\/celebran-congreso-y-el-snte-el-18-o-parlamento-infantil-de-preescolar-2026-llaman-a-fomentar-la-inclusion-y-la-no-discriminacion\/#breadcrumb\",\"itemListElement\":[{\"@type\":\"ListItem\",\"position\":1,\"name\":\"Inicio\",\"item\":\"https:\/\/masquenoticias.mx\/\"},{\"@type\":\"ListItem\",\"position\":2,\"name\":\"Celebran Congreso y el SNTE el 18.\u00ba Parlamento Infantil de Preescolar 2026; llaman a fomentar la inclusi\u00f3n y la no discriminaci\u00f3n\"}]},{\"@type\":\"WebSite\",\"@id\":\"https:\/\/masquenoticias.mx\/#website\",\"url\":\"https:\/\/masquenoticias.mx\/\",\"name\":\"M\u00e1s Que Noticias\",\"description\":\"Noticias de Colima, M\u00e9xico y el Mundo\",\"publisher\":{\"@id\":\"https:\/\/masquenoticias.mx\/#organization\"},\"potentialAction\":[{\"@type\":\"SearchAction\",\"target\":{\"@type\":\"EntryPoint\",\"urlTemplate\":\"https:\/\/masquenoticias.mx\/?s={search_term_string}\"},\"query-input\":{\"@type\":\"PropertyValueSpecification\",\"valueRequired\":true,\"valueName\":\"search_term_string\"}}],\"inLanguage\":\"es\"},{\"@type\":\"Organization\",\"@id\":\"https:\/\/masquenoticias.mx\/#organization\",\"name\":\"M\u00e1s Que Noticias\",\"url\":\"https:\/\/masquenoticias.mx\/\",\"logo\":{\"@type\":\"ImageObject\",\"inLanguage\":\"es\",\"@id\":\"https:\/\/masquenoticias.mx\/#\/schema\/logo\/image\/\",\"url\":\"https:\/\/i0.wp.com\/masquenoticias.mx\/wp-content\/uploads\/2024\/04\/IMG_0004.png?fit=2560%2C1656&ssl=1\",\"contentUrl\":\"https:\/\/i0.wp.com\/masquenoticias.mx\/wp-content\/uploads\/2024\/04\/IMG_0004.png?fit=2560%2C1656&ssl=1\",\"width\":2560,\"height\":1656,\"caption\":\"M\u00e1s Que Noticias\"},\"image\":{\"@id\":\"https:\/\/masquenoticias.mx\/#\/schema\/logo\/image\/\"},\"sameAs\":[\"https:\/\/www.facebook.com\/masquenoticiascolima\",\"https:\/\/x.com\/edgartove\",\"https:\/\/www.instagram.com\/masquenoticiascolima\/\"]},{\"@type\":\"Person\",\"@id\":\"https:\/\/masquenoticias.mx\/#\/schema\/person\/544d19989ef23d34615f691f7a96e622\",\"name\":\"Redacci\u00f3n\",\"image\":{\"@type\":\"ImageObject\",\"inLanguage\":\"es\",\"@id\":\"https:\/\/masquenoticias.mx\/#\/schema\/person\/image\/\",\"url\":\"https:\/\/secure.gravatar.com\/avatar\/7fcc926d5b058d3f3d52d95b4d05dd58?s=96&d=mm&r=g\",\"contentUrl\":\"https:\/\/secure.gravatar.com\/avatar\/7fcc926d5b058d3f3d52d95b4d05dd58?s=96&d=mm&r=g\",\"caption\":\"Redacci\u00f3n\"},\"sameAs\":[\"http:\/\/masquenoticias.mx\"],\"url\":\"https:\/\/masquenoticias.mx\/index.php\/author\/edgartovegmail-com\/\"}]}<\/script>\n<!-- \/ Yoast SEO plugin. -->","yoast_head_json":{"title":"Celebran Congreso y el SNTE el 18.\u00ba Parlamento Infantil de Preescolar 2026; llaman a fomentar la inclusi\u00f3n y la no discriminaci\u00f3n - M\u00e1s Que Noticias","robots":{"index":"index","follow":"follow","max-snippet":"max-snippet:-1","max-image-preview":"max-image-preview:large","max-video-preview":"max-video-preview:-1"},"canonical":"https:\/\/masquenoticias.mx\/index.php\/2026\/04\/29\/celebran-congreso-y-el-snte-el-18-o-parlamento-infantil-de-preescolar-2026-llaman-a-fomentar-la-inclusion-y-la-no-discriminacion\/","og_locale":"es_MX","og_type":"article","og_title":"Celebran Congreso y el SNTE el 18.\u00ba Parlamento Infantil de Preescolar 2026; llaman a fomentar la inclusi\u00f3n y la no discriminaci\u00f3n - M\u00e1s Que Noticias","og_description":"Este martes, en el Teatro Hidalgo de la capital colimense, se llev\u00f3 a cabo el 18\u00b0 Parlamento Infantil de Preescolar 2026 \u201cDiferentes colores, un solo coraz\u00f3n\u201d, en el que participaron 25 menores colimenses, acompa\u00f1ados de las y los diputados integrantes de la Sexag\u00e9sima Primera Legislatura, as\u00ed como representantes de los Poderes Ejecutivo y Judicial. La [&hellip;]","og_url":"https:\/\/masquenoticias.mx\/index.php\/2026\/04\/29\/celebran-congreso-y-el-snte-el-18-o-parlamento-infantil-de-preescolar-2026-llaman-a-fomentar-la-inclusion-y-la-no-discriminacion\/","og_site_name":"M\u00e1s Que Noticias","article_publisher":"https:\/\/www.facebook.com\/masquenoticiascolima","article_published_time":"2026-04-29T23:10:27+00:00","og_image":[{"width":1600,"height":1066,"url":"https:\/\/masquenoticias.mx\/wp-content\/uploads\/2026\/04\/WhatsApp-Image-2026-04-28-at-1.50.55-PM.jpeg","type":"image\/jpeg"}],"author":"Redacci\u00f3n","twitter_card":"summary_large_image","twitter_creator":"@edgartove","twitter_site":"@edgartove","twitter_misc":{"Escrito por":"Redacci\u00f3n","Tiempo de lectura":"3 minutos"},"schema":{"@context":"https:\/\/schema.org","@graph":[{"@type":"Article","@id":"https:\/\/masquenoticias.mx\/index.php\/2026\/04\/29\/celebran-congreso-y-el-snte-el-18-o-parlamento-infantil-de-preescolar-2026-llaman-a-fomentar-la-inclusion-y-la-no-discriminacion\/#article","isPartOf":{"@id":"https:\/\/masquenoticias.mx\/index.php\/2026\/04\/29\/celebran-congreso-y-el-snte-el-18-o-parlamento-infantil-de-preescolar-2026-llaman-a-fomentar-la-inclusion-y-la-no-discriminacion\/"},"author":{"name":"Redacci\u00f3n","@id":"https:\/\/masquenoticias.mx\/#\/schema\/person\/544d19989ef23d34615f691f7a96e622"},"headline":"Celebran Congreso y el SNTE el 18.\u00ba Parlamento Infantil de Preescolar 2026; llaman a fomentar la inclusi\u00f3n y la no discriminaci\u00f3n","datePublished":"2026-04-29T23:10:27+00:00","mainEntityOfPage":{"@id":"https:\/\/masquenoticias.mx\/index.php\/2026\/04\/29\/celebran-congreso-y-el-snte-el-18-o-parlamento-infantil-de-preescolar-2026-llaman-a-fomentar-la-inclusion-y-la-no-discriminacion\/"},"wordCount":594,"commentCount":0,"publisher":{"@id":"https:\/\/masquenoticias.mx\/#organization"},"image":{"@id":"https:\/\/masquenoticias.mx\/index.php\/2026\/04\/29\/celebran-congreso-y-el-snte-el-18-o-parlamento-infantil-de-preescolar-2026-llaman-a-fomentar-la-inclusion-y-la-no-discriminacion\/#primaryimage"},"thumbnailUrl":"https:\/\/i0.wp.com\/masquenoticias.mx\/wp-content\/uploads\/2026\/04\/WhatsApp-Image-2026-04-28-at-1.50.55-PM.jpeg?fit=1600%2C1066&ssl=1","keywords":["Congreso Colima"],"articleSection":["Pol\u00edtica"],"inLanguage":"es","potentialAction":[{"@type":"CommentAction","name":"Comment","target":["https:\/\/masquenoticias.mx\/index.php\/2026\/04\/29\/celebran-congreso-y-el-snte-el-18-o-parlamento-infantil-de-preescolar-2026-llaman-a-fomentar-la-inclusion-y-la-no-discriminacion\/#respond"]}]},{"@type":"WebPage","@id":"https:\/\/masquenoticias.mx\/index.php\/2026\/04\/29\/celebran-congreso-y-el-snte-el-18-o-parlamento-infantil-de-preescolar-2026-llaman-a-fomentar-la-inclusion-y-la-no-discriminacion\/","url":"https:\/\/masquenoticias.mx\/index.php\/2026\/04\/29\/celebran-congreso-y-el-snte-el-18-o-parlamento-infantil-de-preescolar-2026-llaman-a-fomentar-la-inclusion-y-la-no-discriminacion\/","name":"Celebran Congreso y el SNTE el 18.\u00ba Parlamento Infantil de Preescolar 2026; llaman a fomentar la inclusi\u00f3n y la no discriminaci\u00f3n - M\u00e1s Que Noticias","isPartOf":{"@id":"https:\/\/masquenoticias.mx\/#website"},"primaryImageOfPage":{"@id":"https:\/\/masquenoticias.mx\/index.php\/2026\/04\/29\/celebran-congreso-y-el-snte-el-18-o-parlamento-infantil-de-preescolar-2026-llaman-a-fomentar-la-inclusion-y-la-no-discriminacion\/#primaryimage"},"image":{"@id":"https:\/\/masquenoticias.mx\/index.php\/2026\/04\/29\/celebran-congreso-y-el-snte-el-18-o-parlamento-infantil-de-preescolar-2026-llaman-a-fomentar-la-inclusion-y-la-no-discriminacion\/#primaryimage"},"thumbnailUrl":"https:\/\/i0.wp.com\/masquenoticias.mx\/wp-content\/uploads\/2026\/04\/WhatsApp-Image-2026-04-28-at-1.50.55-PM.jpeg?fit=1600%2C1066&ssl=1","datePublished":"2026-04-29T23:10:27+00:00","breadcrumb":{"@id":"https:\/\/masquenoticias.mx\/index.php\/2026\/04\/29\/celebran-congreso-y-el-snte-el-18-o-parlamento-infantil-de-preescolar-2026-llaman-a-fomentar-la-inclusion-y-la-no-discriminacion\/#breadcrumb"},"inLanguage":"es","potentialAction":[{"@type":"ReadAction","target":["https:\/\/masquenoticias.mx\/index.php\/2026\/04\/29\/celebran-congreso-y-el-snte-el-18-o-parlamento-infantil-de-preescolar-2026-llaman-a-fomentar-la-inclusion-y-la-no-discriminacion\/"]}]},{"@type":"ImageObject","inLanguage":"es","@id":"https:\/\/masquenoticias.mx\/index.php\/2026\/04\/29\/celebran-congreso-y-el-snte-el-18-o-parlamento-infantil-de-preescolar-2026-llaman-a-fomentar-la-inclusion-y-la-no-discriminacion\/#primaryimage","url":"https:\/\/i0.wp.com\/masquenoticias.mx\/wp-content\/uploads\/2026\/04\/WhatsApp-Image-2026-04-28-at-1.50.55-PM.jpeg?fit=1600%2C1066&ssl=1","contentUrl":"https:\/\/i0.wp.com\/masquenoticias.mx\/wp-content\/uploads\/2026\/04\/WhatsApp-Image-2026-04-28-at-1.50.55-PM.jpeg?fit=1600%2C1066&ssl=1","width":1600,"height":1066},{"@type":"BreadcrumbList","@id":"https:\/\/masquenoticias.mx\/index.php\/2026\/04\/29\/celebran-congreso-y-el-snte-el-18-o-parlamento-infantil-de-preescolar-2026-llaman-a-fomentar-la-inclusion-y-la-no-discriminacion\/#breadcrumb","itemListElement":[{"@type":"ListItem","position":1,"name":"Inicio","item":"https:\/\/masquenoticias.mx\/"},{"@type":"ListItem","position":2,"name":"Celebran Congreso y el SNTE el 18.\u00ba Parlamento Infantil de Preescolar 2026; llaman a fomentar la inclusi\u00f3n y la no discriminaci\u00f3n"}]},{"@type":"WebSite","@id":"https:\/\/masquenoticias.mx\/#website","url":"https:\/\/masquenoticias.mx\/","name":"M\u00e1s Que Noticias","description":"Noticias de Colima, M\u00e9xico y el Mundo","publisher":{"@id":"https:\/\/masquenoticias.mx\/#organization"},"potentialAction":[{"@type":"SearchAction","target":{"@type":"EntryPoint","urlTemplate":"https:\/\/masquenoticias.mx\/?s={search_term_string}"},"query-input":{"@type":"PropertyValueSpecification","valueRequired":true,"valueName":"search_term_string"}}],"inLanguage":"es"},{"@type":"Organization","@id":"https:\/\/masquenoticias.mx\/#organization","name":"M\u00e1s Que Noticias","url":"https:\/\/masquenoticias.mx\/","logo":{"@type":"ImageObject","inLanguage":"es","@id":"https:\/\/masquenoticias.mx\/#\/schema\/logo\/image\/","url":"https:\/\/i0.wp.com\/masquenoticias.mx\/wp-content\/uploads\/2024\/04\/IMG_0004.png?fit=2560%2C1656&ssl=1","contentUrl":"https:\/\/i0.wp.com\/masquenoticias.mx\/wp-content\/uploads\/2024\/04\/IMG_0004.png?fit=2560%2C1656&ssl=1","width":2560,"height":1656,"caption":"M\u00e1s Que Noticias"},"image":{"@id":"https:\/\/masquenoticias.mx\/#\/schema\/logo\/image\/"},"sameAs":["https:\/\/www.facebook.com\/masquenoticiascolima","https:\/\/x.com\/edgartove","https:\/\/www.instagram.com\/masquenoticiascolima\/"]},{"@type":"Person","@id":"https:\/\/masquenoticias.mx\/#\/schema\/person\/544d19989ef23d34615f691f7a96e622","name":"Redacci\u00f3n","image":{"@type":"ImageObject","inLanguage":"es","@id":"https:\/\/masquenoticias.mx\/#\/schema\/person\/image\/","url":"https:\/\/secure.gravatar.com\/avatar\/7fcc926d5b058d3f3d52d95b4d05dd58?s=96&d=mm&r=g","contentUrl":"https:\/\/secure.gravatar.com\/avatar\/7fcc926d5b058d3f3d52d95b4d05dd58?s=96&d=mm&r=g","caption":"Redacci\u00f3n"},"sameAs":["http:\/\/masquenoticias.mx"],"url":"https:\/\/masquenoticias.mx\/index.php\/author\/edgartovegmail-com\/"}]}},"jetpack_featured_media_url":"https:\/\/i0.wp.com\/masquenoticias.mx\/wp-content\/uploads\/2026\/04\/WhatsApp-Image-2026-04-28-at-1.50.55-PM.jpeg?fit=1600%2C1066&ssl=1","blog_post_layout_featured_media_urls":{"thumbnail":["https:\/\/i0.wp.com\/masquenoticias.mx\/wp-content\/uploads\/2026\/04\/WhatsApp-Image-2026-04-28-at-1.50.55-PM.jpeg?resize=150%2C150&ssl=1",150,150,true],"full":["https:\/\/i0.wp.com\/masquenoticias.mx\/wp-content\/uploads\/2026\/04\/WhatsApp-Image-2026-04-28-at-1.50.55-PM.jpeg?fit=1600%2C1066&ssl=1",1600,1066,false]},"categories_names":{"32":{"name":"Pol\u00edtica","link":"https:\/\/masquenoticias.mx\/index.php\/category\/politica\/"}},"tags_names":{"628":{"name":"Congreso Colima","link":"https:\/\/masquenoticias.mx\/index.php\/tag\/congreso-colima\/"}},"comments_number":"0","wpmagazine_modules_lite_featured_media_urls":{"thumbnail":["https:\/\/i0.wp.com\/masquenoticias.mx\/wp-content\/uploads\/2026\/04\/WhatsApp-Image-2026-04-28-at-1.50.55-PM.jpeg?resize=150%2C150&ssl=1",150,150,true],"cvmm-medium":["https:\/\/i0.wp.com\/masquenoticias.mx\/wp-content\/uploads\/2026\/04\/WhatsApp-Image-2026-04-28-at-1.50.55-PM.jpeg?resize=300%2C300&ssl=1",300,300,true],"cvmm-medium-plus":["https:\/\/i0.wp.com\/masquenoticias.mx\/wp-content\/uploads\/2026\/04\/WhatsApp-Image-2026-04-28-at-1.50.55-PM.jpeg?resize=305%2C207&ssl=1",305,207,true],"cvmm-portrait":["https:\/\/i0.wp.com\/masquenoticias.mx\/wp-content\/uploads\/2026\/04\/WhatsApp-Image-2026-04-28-at-1.50.55-PM.jpeg?resize=400%2C600&ssl=1",400,600,true],"cvmm-medium-square":["https:\/\/i0.wp.com\/masquenoticias.mx\/wp-content\/uploads\/2026\/04\/WhatsApp-Image-2026-04-28-at-1.50.55-PM.jpeg?resize=600%2C600&ssl=1",600,600,true],"cvmm-large":["https:\/\/i0.wp.com\/masquenoticias.mx\/wp-content\/uploads\/2026\/04\/WhatsApp-Image-2026-04-28-at-1.50.55-PM.jpeg?resize=1024%2C1024&ssl=1",1024,1024,true],"cvmm-small":["https:\/\/i0.wp.com\/masquenoticias.mx\/wp-content\/uploads\/2026\/04\/WhatsApp-Image-2026-04-28-at-1.50.55-PM.jpeg?resize=130%2C95&ssl=1",130,95,true],"full":["https:\/\/i0.wp.com\/masquenoticias.mx\/wp-content\/uploads\/2026\/04\/WhatsApp-Image-2026-04-28-at-1.50.55-PM.jpeg?fit=1600%2C1066&ssl=1",1600,1066,false]},"jetpack-related-posts":[],"jetpack_sharing_enabled":true,"jetpack_likes_enabled":true,"jetpack_shortlink":"https:\/\/wp.me\/pf7pkt-5SF","_links":{"self":[{"href":"https:\/\/masquenoticias.mx\/index.php\/wp-json\/wp\/v2\/posts\/22609","targetHints":{"allow":["GET"]}}],"collection":[{"href":"https:\/\/masquenoticias.mx\/index.php\/wp-json\/wp\/v2\/posts"}],"about":[{"href":"https:\/\/masquenoticias.mx\/index.php\/wp-json\/wp\/v2\/types\/post"}],"author":[{"embeddable":true,"href":"https:\/\/masquenoticias.mx\/index.php\/wp-json\/wp\/v2\/users\/1"}],"replies":[{"embeddable":true,"href":"https:\/\/masquenoticias.mx\/index.php\/wp-json\/wp\/v2\/comments?post=22609"}],"version-history":[{"count":1,"href":"https:\/\/masquenoticias.mx\/index.php\/wp-json\/wp\/v2\/posts\/22609\/revisions"}],"predecessor-version":[{"id":22611,"href":"https:\/\/masquenoticias.mx\/index.php\/wp-json\/wp\/v2\/posts\/22609\/revisions\/22611"}],"wp:featuredmedia":[{"embeddable":true,"href":"https:\/\/masquenoticias.mx\/index.php\/wp-json\/wp\/v2\/media\/22610"}],"wp:attachment":[{"href":"https:\/\/masquenoticias.mx\/index.php\/wp-json\/wp\/v2\/media?parent=22609"}],"wp:term":[{"taxonomy":"category","embeddable":true,"href":"https:\/\/masquenoticias.mx\/index.php\/wp-json\/wp\/v2\/categories?post=22609"},{"taxonomy":"post_tag","embeddable":true,"href":"https:\/\/masquenoticias.mx\/index.php\/wp-json\/wp\/v2\/tags?post=22609"}],"curies":[{"name":"wp","href":"https:\/\/api.w.org\/{rel}","templated":true}]}}