{"id":22603,"date":"2026-04-28T18:39:25","date_gmt":"2026-04-29T00:39:25","guid":{"rendered":"https:\/\/masquenoticias.mx\/?p=22603"},"modified":"2026-04-28T18:39:25","modified_gmt":"2026-04-29T00:39:25","slug":"rosi-bayardo-y-garcia-harfuch-consolidan-alianza-para-blindar-la-seguridad-en-manzanillo","status":"publish","type":"post","link":"https:\/\/masquenoticias.mx\/index.php\/2026\/04\/28\/rosi-bayardo-y-garcia-harfuch-consolidan-alianza-para-blindar-la-seguridad-en-manzanillo\/","title":{"rendered":"Rosi Bayardo y Garc\u00eda Harfuch consolidan alianza para blindar la seguridad en Manzanillo"},"content":{"rendered":"<p>En un paso decisivo para la transformaci\u00f3n de la seguridad en el municipio, la presidenta municipal de Manzanillo, Rosa Mar\u00eda Bayardo Cabrera, sostuvo un encuentro con el secretario de Seguridad y Protecci\u00f3n Ciudadana de M\u00e9xico, Omar Garc\u00eda Harfuch. La reuni\u00f3n tuvo como objetivo fortalecer la estrategia de seguridad y la vigilancia en zonas clave del municipio.<\/p>\n<p>La alcaldesa y el secretario coincidieron en que la seguridad de Manzanillo es una prioridad nacional, al tratarse de un polo de desarrollo econ\u00f3mico clave para el pa\u00eds. En este sentido, la edil comparti\u00f3 avances en el rubro, as\u00ed como acciones para reforzar la vigilancia y respuesta r\u00e1pida.<\/p>\n<p>Rosi Bayardo subray\u00f3 que este di\u00e1logo demuestra el compromiso de un trabajo coordinado con el Gobierno de M\u00e9xico y el Gobierno del Estado, para avanzar en la tranquilidad y el bienestar de las familias manzanillenses.<\/p>\n","protected":false},"excerpt":{"rendered":"<p>En un paso decisivo para la transformaci\u00f3n de la seguridad en el municipio, la presidenta municipal de Manzanillo, Rosa Mar\u00eda Bayardo Cabrera, sostuvo un encuentro con el secretario de Seguridad y Protecci\u00f3n Ciudadana de M\u00e9xico, Omar Garc\u00eda Harfuch. La reuni\u00f3n tuvo como objetivo fortalecer la estrategia de seguridad y la vigilancia en zonas clave del [&hellip;]<\/p>\n","protected":false},"author":1,"featured_media":22604,"comment_status":"open","ping_status":"open","sticky":false,"template":"","format":"standard","meta":{"_jetpack_memberships_contains_paid_content":false,"footnotes":""},"categories":[28],"tags":[37],"class_list":["post-22603","post","type-post","status-publish","format-standard","has-post-thumbnail","hentry","category-municipios","tag-manzanillo"],"yoast_head":"<!-- This site is optimized with the Yoast SEO plugin v26.6 - https:\/\/yoast.com\/wordpress\/plugins\/seo\/ -->\n<title>Rosi Bayardo y Garc\u00eda Harfuch consolidan alianza para blindar la seguridad en Manzanillo - M\u00e1s Que Noticias<\/title>\n<meta name=\"robots\" content=\"index, follow, max-snippet:-1, max-image-preview:large, max-video-preview:-1\" \/>\n<link rel=\"canonical\" href=\"https:\/\/masquenoticias.mx\/index.php\/2026\/04\/28\/rosi-bayardo-y-garcia-harfuch-consolidan-alianza-para-blindar-la-seguridad-en-manzanillo\/\" \/>\n<meta property=\"og:locale\" content=\"es_MX\" \/>\n<meta property=\"og:type\" content=\"article\" \/>\n<meta property=\"og:title\" content=\"Rosi Bayardo y Garc\u00eda Harfuch consolidan alianza para blindar la seguridad en Manzanillo - M\u00e1s Que Noticias\" \/>\n<meta property=\"og:description\" content=\"En un paso decisivo para la transformaci\u00f3n de la seguridad en el municipio, la presidenta municipal de Manzanillo, Rosa Mar\u00eda Bayardo Cabrera, sostuvo un encuentro con el secretario de Seguridad y Protecci\u00f3n Ciudadana de M\u00e9xico, Omar Garc\u00eda Harfuch. La reuni\u00f3n tuvo como objetivo fortalecer la estrategia de seguridad y la vigilancia en zonas clave del [&hellip;]\" \/>\n<meta property=\"og:url\" content=\"https:\/\/masquenoticias.mx\/index.php\/2026\/04\/28\/rosi-bayardo-y-garcia-harfuch-consolidan-alianza-para-blindar-la-seguridad-en-manzanillo\/\" \/>\n<meta property=\"og:site_name\" content=\"M\u00e1s Que Noticias\" \/>\n<meta property=\"article:publisher\" content=\"https:\/\/www.facebook.com\/masquenoticiascolima\" \/>\n<meta property=\"article:published_time\" content=\"2026-04-29T00:39:25+00:00\" \/>\n<meta property=\"og:image\" content=\"https:\/\/masquenoticias.mx\/wp-content\/uploads\/2026\/04\/WhatsApp-Image-2026-04-28-at-6.09.28-PM.jpeg\" \/>\n\t<meta property=\"og:image:width\" content=\"1600\" \/>\n\t<meta property=\"og:image:height\" content=\"1074\" \/>\n\t<meta property=\"og:image:type\" content=\"image\/jpeg\" \/>\n<meta name=\"author\" content=\"Redacci\u00f3n\" \/>\n<meta name=\"twitter:card\" content=\"summary_large_image\" \/>\n<meta name=\"twitter:creator\" content=\"@edgartove\" \/>\n<meta name=\"twitter:site\" content=\"@edgartove\" \/>\n<meta name=\"twitter:label1\" content=\"Escrito por\" \/>\n\t<meta name=\"twitter:data1\" content=\"Redacci\u00f3n\" \/>\n\t<meta name=\"twitter:label2\" content=\"Tiempo de lectura\" \/>\n\t<meta name=\"twitter:data2\" content=\"1 minuto\" \/>\n<script type=\"application\/ld+json\" class=\"yoast-schema-graph\">{\"@context\":\"https:\/\/schema.org\",\"@graph\":[{\"@type\":\"Article\",\"@id\":\"https:\/\/masquenoticias.mx\/index.php\/2026\/04\/28\/rosi-bayardo-y-garcia-harfuch-consolidan-alianza-para-blindar-la-seguridad-en-manzanillo\/#article\",\"isPartOf\":{\"@id\":\"https:\/\/masquenoticias.mx\/index.php\/2026\/04\/28\/rosi-bayardo-y-garcia-harfuch-consolidan-alianza-para-blindar-la-seguridad-en-manzanillo\/\"},\"author\":{\"name\":\"Redacci\u00f3n\",\"@id\":\"https:\/\/masquenoticias.mx\/#\/schema\/person\/544d19989ef23d34615f691f7a96e622\"},\"headline\":\"Rosi Bayardo y Garc\u00eda Harfuch consolidan alianza para blindar la seguridad en Manzanillo\",\"datePublished\":\"2026-04-29T00:39:25+00:00\",\"mainEntityOfPage\":{\"@id\":\"https:\/\/masquenoticias.mx\/index.php\/2026\/04\/28\/rosi-bayardo-y-garcia-harfuch-consolidan-alianza-para-blindar-la-seguridad-en-manzanillo\/\"},\"wordCount\":164,\"commentCount\":0,\"publisher\":{\"@id\":\"https:\/\/masquenoticias.mx\/#organization\"},\"image\":{\"@id\":\"https:\/\/masquenoticias.mx\/index.php\/2026\/04\/28\/rosi-bayardo-y-garcia-harfuch-consolidan-alianza-para-blindar-la-seguridad-en-manzanillo\/#primaryimage\"},\"thumbnailUrl\":\"https:\/\/i0.wp.com\/masquenoticias.mx\/wp-content\/uploads\/2026\/04\/WhatsApp-Image-2026-04-28-at-6.09.28-PM.jpeg?fit=1600%2C1074&ssl=1\",\"keywords\":[\"Manzanillo\"],\"articleSection\":[\"Municipios\"],\"inLanguage\":\"es\",\"potentialAction\":[{\"@type\":\"CommentAction\",\"name\":\"Comment\",\"target\":[\"https:\/\/masquenoticias.mx\/index.php\/2026\/04\/28\/rosi-bayardo-y-garcia-harfuch-consolidan-alianza-para-blindar-la-seguridad-en-manzanillo\/#respond\"]}]},{\"@type\":\"WebPage\",\"@id\":\"https:\/\/masquenoticias.mx\/index.php\/2026\/04\/28\/rosi-bayardo-y-garcia-harfuch-consolidan-alianza-para-blindar-la-seguridad-en-manzanillo\/\",\"url\":\"https:\/\/masquenoticias.mx\/index.php\/2026\/04\/28\/rosi-bayardo-y-garcia-harfuch-consolidan-alianza-para-blindar-la-seguridad-en-manzanillo\/\",\"name\":\"Rosi Bayardo y Garc\u00eda Harfuch consolidan alianza para blindar la seguridad en Manzanillo - M\u00e1s Que Noticias\",\"isPartOf\":{\"@id\":\"https:\/\/masquenoticias.mx\/#website\"},\"primaryImageOfPage\":{\"@id\":\"https:\/\/masquenoticias.mx\/index.php\/2026\/04\/28\/rosi-bayardo-y-garcia-harfuch-consolidan-alianza-para-blindar-la-seguridad-en-manzanillo\/#primaryimage\"},\"image\":{\"@id\":\"https:\/\/masquenoticias.mx\/index.php\/2026\/04\/28\/rosi-bayardo-y-garcia-harfuch-consolidan-alianza-para-blindar-la-seguridad-en-manzanillo\/#primaryimage\"},\"thumbnailUrl\":\"https:\/\/i0.wp.com\/masquenoticias.mx\/wp-content\/uploads\/2026\/04\/WhatsApp-Image-2026-04-28-at-6.09.28-PM.jpeg?fit=1600%2C1074&ssl=1\",\"datePublished\":\"2026-04-29T00:39:25+00:00\",\"breadcrumb\":{\"@id\":\"https:\/\/masquenoticias.mx\/index.php\/2026\/04\/28\/rosi-bayardo-y-garcia-harfuch-consolidan-alianza-para-blindar-la-seguridad-en-manzanillo\/#breadcrumb\"},\"inLanguage\":\"es\",\"potentialAction\":[{\"@type\":\"ReadAction\",\"target\":[\"https:\/\/masquenoticias.mx\/index.php\/2026\/04\/28\/rosi-bayardo-y-garcia-harfuch-consolidan-alianza-para-blindar-la-seguridad-en-manzanillo\/\"]}]},{\"@type\":\"ImageObject\",\"inLanguage\":\"es\",\"@id\":\"https:\/\/masquenoticias.mx\/index.php\/2026\/04\/28\/rosi-bayardo-y-garcia-harfuch-consolidan-alianza-para-blindar-la-seguridad-en-manzanillo\/#primaryimage\",\"url\":\"https:\/\/i0.wp.com\/masquenoticias.mx\/wp-content\/uploads\/2026\/04\/WhatsApp-Image-2026-04-28-at-6.09.28-PM.jpeg?fit=1600%2C1074&ssl=1\",\"contentUrl\":\"https:\/\/i0.wp.com\/masquenoticias.mx\/wp-content\/uploads\/2026\/04\/WhatsApp-Image-2026-04-28-at-6.09.28-PM.jpeg?fit=1600%2C1074&ssl=1\",\"width\":1600,\"height\":1074},{\"@type\":\"BreadcrumbList\",\"@id\":\"https:\/\/masquenoticias.mx\/index.php\/2026\/04\/28\/rosi-bayardo-y-garcia-harfuch-consolidan-alianza-para-blindar-la-seguridad-en-manzanillo\/#breadcrumb\",\"itemListElement\":[{\"@type\":\"ListItem\",\"position\":1,\"name\":\"Inicio\",\"item\":\"https:\/\/masquenoticias.mx\/\"},{\"@type\":\"ListItem\",\"position\":2,\"name\":\"Rosi Bayardo y Garc\u00eda Harfuch consolidan alianza para blindar la seguridad en Manzanillo\"}]},{\"@type\":\"WebSite\",\"@id\":\"https:\/\/masquenoticias.mx\/#website\",\"url\":\"https:\/\/masquenoticias.mx\/\",\"name\":\"M\u00e1s Que Noticias\",\"description\":\"Noticias de Colima, M\u00e9xico y el Mundo\",\"publisher\":{\"@id\":\"https:\/\/masquenoticias.mx\/#organization\"},\"potentialAction\":[{\"@type\":\"SearchAction\",\"target\":{\"@type\":\"EntryPoint\",\"urlTemplate\":\"https:\/\/masquenoticias.mx\/?s={search_term_string}\"},\"query-input\":{\"@type\":\"PropertyValueSpecification\",\"valueRequired\":true,\"valueName\":\"search_term_string\"}}],\"inLanguage\":\"es\"},{\"@type\":\"Organization\",\"@id\":\"https:\/\/masquenoticias.mx\/#organization\",\"name\":\"M\u00e1s Que Noticias\",\"url\":\"https:\/\/masquenoticias.mx\/\",\"logo\":{\"@type\":\"ImageObject\",\"inLanguage\":\"es\",\"@id\":\"https:\/\/masquenoticias.mx\/#\/schema\/logo\/image\/\",\"url\":\"https:\/\/i0.wp.com\/masquenoticias.mx\/wp-content\/uploads\/2024\/04\/IMG_0004.png?fit=2560%2C1656&ssl=1\",\"contentUrl\":\"https:\/\/i0.wp.com\/masquenoticias.mx\/wp-content\/uploads\/2024\/04\/IMG_0004.png?fit=2560%2C1656&ssl=1\",\"width\":2560,\"height\":1656,\"caption\":\"M\u00e1s Que Noticias\"},\"image\":{\"@id\":\"https:\/\/masquenoticias.mx\/#\/schema\/logo\/image\/\"},\"sameAs\":[\"https:\/\/www.facebook.com\/masquenoticiascolima\",\"https:\/\/x.com\/edgartove\",\"https:\/\/www.instagram.com\/masquenoticiascolima\/\"]},{\"@type\":\"Person\",\"@id\":\"https:\/\/masquenoticias.mx\/#\/schema\/person\/544d19989ef23d34615f691f7a96e622\",\"name\":\"Redacci\u00f3n\",\"image\":{\"@type\":\"ImageObject\",\"inLanguage\":\"es\",\"@id\":\"https:\/\/masquenoticias.mx\/#\/schema\/person\/image\/\",\"url\":\"https:\/\/secure.gravatar.com\/avatar\/7fcc926d5b058d3f3d52d95b4d05dd58?s=96&d=mm&r=g\",\"contentUrl\":\"https:\/\/secure.gravatar.com\/avatar\/7fcc926d5b058d3f3d52d95b4d05dd58?s=96&d=mm&r=g\",\"caption\":\"Redacci\u00f3n\"},\"sameAs\":[\"http:\/\/masquenoticias.mx\"],\"url\":\"https:\/\/masquenoticias.mx\/index.php\/author\/edgartovegmail-com\/\"}]}<\/script>\n<!-- \/ Yoast SEO plugin. -->","yoast_head_json":{"title":"Rosi Bayardo y Garc\u00eda Harfuch consolidan alianza para blindar la seguridad en Manzanillo - M\u00e1s Que Noticias","robots":{"index":"index","follow":"follow","max-snippet":"max-snippet:-1","max-image-preview":"max-image-preview:large","max-video-preview":"max-video-preview:-1"},"canonical":"https:\/\/masquenoticias.mx\/index.php\/2026\/04\/28\/rosi-bayardo-y-garcia-harfuch-consolidan-alianza-para-blindar-la-seguridad-en-manzanillo\/","og_locale":"es_MX","og_type":"article","og_title":"Rosi Bayardo y Garc\u00eda Harfuch consolidan alianza para blindar la seguridad en Manzanillo - M\u00e1s Que Noticias","og_description":"En un paso decisivo para la transformaci\u00f3n de la seguridad en el municipio, la presidenta municipal de Manzanillo, Rosa Mar\u00eda Bayardo Cabrera, sostuvo un encuentro con el secretario de Seguridad y Protecci\u00f3n Ciudadana de M\u00e9xico, Omar Garc\u00eda Harfuch. La reuni\u00f3n tuvo como objetivo fortalecer la estrategia de seguridad y la vigilancia en zonas clave del [&hellip;]","og_url":"https:\/\/masquenoticias.mx\/index.php\/2026\/04\/28\/rosi-bayardo-y-garcia-harfuch-consolidan-alianza-para-blindar-la-seguridad-en-manzanillo\/","og_site_name":"M\u00e1s Que Noticias","article_publisher":"https:\/\/www.facebook.com\/masquenoticiascolima","article_published_time":"2026-04-29T00:39:25+00:00","og_image":[{"width":1600,"height":1074,"url":"https:\/\/masquenoticias.mx\/wp-content\/uploads\/2026\/04\/WhatsApp-Image-2026-04-28-at-6.09.28-PM.jpeg","type":"image\/jpeg"}],"author":"Redacci\u00f3n","twitter_card":"summary_large_image","twitter_creator":"@edgartove","twitter_site":"@edgartove","twitter_misc":{"Escrito por":"Redacci\u00f3n","Tiempo de lectura":"1 minuto"},"schema":{"@context":"https:\/\/schema.org","@graph":[{"@type":"Article","@id":"https:\/\/masquenoticias.mx\/index.php\/2026\/04\/28\/rosi-bayardo-y-garcia-harfuch-consolidan-alianza-para-blindar-la-seguridad-en-manzanillo\/#article","isPartOf":{"@id":"https:\/\/masquenoticias.mx\/index.php\/2026\/04\/28\/rosi-bayardo-y-garcia-harfuch-consolidan-alianza-para-blindar-la-seguridad-en-manzanillo\/"},"author":{"name":"Redacci\u00f3n","@id":"https:\/\/masquenoticias.mx\/#\/schema\/person\/544d19989ef23d34615f691f7a96e622"},"headline":"Rosi Bayardo y Garc\u00eda Harfuch consolidan alianza para blindar la seguridad en Manzanillo","datePublished":"2026-04-29T00:39:25+00:00","mainEntityOfPage":{"@id":"https:\/\/masquenoticias.mx\/index.php\/2026\/04\/28\/rosi-bayardo-y-garcia-harfuch-consolidan-alianza-para-blindar-la-seguridad-en-manzanillo\/"},"wordCount":164,"commentCount":0,"publisher":{"@id":"https:\/\/masquenoticias.mx\/#organization"},"image":{"@id":"https:\/\/masquenoticias.mx\/index.php\/2026\/04\/28\/rosi-bayardo-y-garcia-harfuch-consolidan-alianza-para-blindar-la-seguridad-en-manzanillo\/#primaryimage"},"thumbnailUrl":"https:\/\/i0.wp.com\/masquenoticias.mx\/wp-content\/uploads\/2026\/04\/WhatsApp-Image-2026-04-28-at-6.09.28-PM.jpeg?fit=1600%2C1074&ssl=1","keywords":["Manzanillo"],"articleSection":["Municipios"],"inLanguage":"es","potentialAction":[{"@type":"CommentAction","name":"Comment","target":["https:\/\/masquenoticias.mx\/index.php\/2026\/04\/28\/rosi-bayardo-y-garcia-harfuch-consolidan-alianza-para-blindar-la-seguridad-en-manzanillo\/#respond"]}]},{"@type":"WebPage","@id":"https:\/\/masquenoticias.mx\/index.php\/2026\/04\/28\/rosi-bayardo-y-garcia-harfuch-consolidan-alianza-para-blindar-la-seguridad-en-manzanillo\/","url":"https:\/\/masquenoticias.mx\/index.php\/2026\/04\/28\/rosi-bayardo-y-garcia-harfuch-consolidan-alianza-para-blindar-la-seguridad-en-manzanillo\/","name":"Rosi Bayardo y Garc\u00eda Harfuch consolidan alianza para blindar la seguridad en Manzanillo - M\u00e1s Que Noticias","isPartOf":{"@id":"https:\/\/masquenoticias.mx\/#website"},"primaryImageOfPage":{"@id":"https:\/\/masquenoticias.mx\/index.php\/2026\/04\/28\/rosi-bayardo-y-garcia-harfuch-consolidan-alianza-para-blindar-la-seguridad-en-manzanillo\/#primaryimage"},"image":{"@id":"https:\/\/masquenoticias.mx\/index.php\/2026\/04\/28\/rosi-bayardo-y-garcia-harfuch-consolidan-alianza-para-blindar-la-seguridad-en-manzanillo\/#primaryimage"},"thumbnailUrl":"https:\/\/i0.wp.com\/masquenoticias.mx\/wp-content\/uploads\/2026\/04\/WhatsApp-Image-2026-04-28-at-6.09.28-PM.jpeg?fit=1600%2C1074&ssl=1","datePublished":"2026-04-29T00:39:25+00:00","breadcrumb":{"@id":"https:\/\/masquenoticias.mx\/index.php\/2026\/04\/28\/rosi-bayardo-y-garcia-harfuch-consolidan-alianza-para-blindar-la-seguridad-en-manzanillo\/#breadcrumb"},"inLanguage":"es","potentialAction":[{"@type":"ReadAction","target":["https:\/\/masquenoticias.mx\/index.php\/2026\/04\/28\/rosi-bayardo-y-garcia-harfuch-consolidan-alianza-para-blindar-la-seguridad-en-manzanillo\/"]}]},{"@type":"ImageObject","inLanguage":"es","@id":"https:\/\/masquenoticias.mx\/index.php\/2026\/04\/28\/rosi-bayardo-y-garcia-harfuch-consolidan-alianza-para-blindar-la-seguridad-en-manzanillo\/#primaryimage","url":"https:\/\/i0.wp.com\/masquenoticias.mx\/wp-content\/uploads\/2026\/04\/WhatsApp-Image-2026-04-28-at-6.09.28-PM.jpeg?fit=1600%2C1074&ssl=1","contentUrl":"https:\/\/i0.wp.com\/masquenoticias.mx\/wp-content\/uploads\/2026\/04\/WhatsApp-Image-2026-04-28-at-6.09.28-PM.jpeg?fit=1600%2C1074&ssl=1","width":1600,"height":1074},{"@type":"BreadcrumbList","@id":"https:\/\/masquenoticias.mx\/index.php\/2026\/04\/28\/rosi-bayardo-y-garcia-harfuch-consolidan-alianza-para-blindar-la-seguridad-en-manzanillo\/#breadcrumb","itemListElement":[{"@type":"ListItem","position":1,"name":"Inicio","item":"https:\/\/masquenoticias.mx\/"},{"@type":"ListItem","position":2,"name":"Rosi Bayardo y Garc\u00eda Harfuch consolidan alianza para blindar la seguridad en Manzanillo"}]},{"@type":"WebSite","@id":"https:\/\/masquenoticias.mx\/#website","url":"https:\/\/masquenoticias.mx\/","name":"M\u00e1s Que Noticias","description":"Noticias de Colima, M\u00e9xico y el Mundo","publisher":{"@id":"https:\/\/masquenoticias.mx\/#organization"},"potentialAction":[{"@type":"SearchAction","target":{"@type":"EntryPoint","urlTemplate":"https:\/\/masquenoticias.mx\/?s={search_term_string}"},"query-input":{"@type":"PropertyValueSpecification","valueRequired":true,"valueName":"search_term_string"}}],"inLanguage":"es"},{"@type":"Organization","@id":"https:\/\/masquenoticias.mx\/#organization","name":"M\u00e1s Que Noticias","url":"https:\/\/masquenoticias.mx\/","logo":{"@type":"ImageObject","inLanguage":"es","@id":"https:\/\/masquenoticias.mx\/#\/schema\/logo\/image\/","url":"https:\/\/i0.wp.com\/masquenoticias.mx\/wp-content\/uploads\/2024\/04\/IMG_0004.png?fit=2560%2C1656&ssl=1","contentUrl":"https:\/\/i0.wp.com\/masquenoticias.mx\/wp-content\/uploads\/2024\/04\/IMG_0004.png?fit=2560%2C1656&ssl=1","width":2560,"height":1656,"caption":"M\u00e1s Que Noticias"},"image":{"@id":"https:\/\/masquenoticias.mx\/#\/schema\/logo\/image\/"},"sameAs":["https:\/\/www.facebook.com\/masquenoticiascolima","https:\/\/x.com\/edgartove","https:\/\/www.instagram.com\/masquenoticiascolima\/"]},{"@type":"Person","@id":"https:\/\/masquenoticias.mx\/#\/schema\/person\/544d19989ef23d34615f691f7a96e622","name":"Redacci\u00f3n","image":{"@type":"ImageObject","inLanguage":"es","@id":"https:\/\/masquenoticias.mx\/#\/schema\/person\/image\/","url":"https:\/\/secure.gravatar.com\/avatar\/7fcc926d5b058d3f3d52d95b4d05dd58?s=96&d=mm&r=g","contentUrl":"https:\/\/secure.gravatar.com\/avatar\/7fcc926d5b058d3f3d52d95b4d05dd58?s=96&d=mm&r=g","caption":"Redacci\u00f3n"},"sameAs":["http:\/\/masquenoticias.mx"],"url":"https:\/\/masquenoticias.mx\/index.php\/author\/edgartovegmail-com\/"}]}},"jetpack_featured_media_url":"https:\/\/i0.wp.com\/masquenoticias.mx\/wp-content\/uploads\/2026\/04\/WhatsApp-Image-2026-04-28-at-6.09.28-PM.jpeg?fit=1600%2C1074&ssl=1","blog_post_layout_featured_media_urls":{"thumbnail":["https:\/\/i0.wp.com\/masquenoticias.mx\/wp-content\/uploads\/2026\/04\/WhatsApp-Image-2026-04-28-at-6.09.28-PM.jpeg?resize=150%2C150&ssl=1",150,150,true],"full":["https:\/\/i0.wp.com\/masquenoticias.mx\/wp-content\/uploads\/2026\/04\/WhatsApp-Image-2026-04-28-at-6.09.28-PM.jpeg?fit=1600%2C1074&ssl=1",1600,1074,false]},"categories_names":{"28":{"name":"Municipios","link":"https:\/\/masquenoticias.mx\/index.php\/category\/municipios\/"}},"tags_names":{"37":{"name":"Manzanillo","link":"https:\/\/masquenoticias.mx\/index.php\/tag\/manzanillo\/"}},"comments_number":"0","wpmagazine_modules_lite_featured_media_urls":{"thumbnail":["https:\/\/i0.wp.com\/masquenoticias.mx\/wp-content\/uploads\/2026\/04\/WhatsApp-Image-2026-04-28-at-6.09.28-PM.jpeg?resize=150%2C150&ssl=1",150,150,true],"cvmm-medium":["https:\/\/i0.wp.com\/masquenoticias.mx\/wp-content\/uploads\/2026\/04\/WhatsApp-Image-2026-04-28-at-6.09.28-PM.jpeg?resize=300%2C300&ssl=1",300,300,true],"cvmm-medium-plus":["https:\/\/i0.wp.com\/masquenoticias.mx\/wp-content\/uploads\/2026\/04\/WhatsApp-Image-2026-04-28-at-6.09.28-PM.jpeg?resize=305%2C207&ssl=1",305,207,true],"cvmm-portrait":["https:\/\/i0.wp.com\/masquenoticias.mx\/wp-content\/uploads\/2026\/04\/WhatsApp-Image-2026-04-28-at-6.09.28-PM.jpeg?resize=400%2C600&ssl=1",400,600,true],"cvmm-medium-square":["https:\/\/i0.wp.com\/masquenoticias.mx\/wp-content\/uploads\/2026\/04\/WhatsApp-Image-2026-04-28-at-6.09.28-PM.jpeg?resize=600%2C600&ssl=1",600,600,true],"cvmm-large":["https:\/\/i0.wp.com\/masquenoticias.mx\/wp-content\/uploads\/2026\/04\/WhatsApp-Image-2026-04-28-at-6.09.28-PM.jpeg?resize=1024%2C1024&ssl=1",1024,1024,true],"cvmm-small":["https:\/\/i0.wp.com\/masquenoticias.mx\/wp-content\/uploads\/2026\/04\/WhatsApp-Image-2026-04-28-at-6.09.28-PM.jpeg?resize=130%2C95&ssl=1",130,95,true],"full":["https:\/\/i0.wp.com\/masquenoticias.mx\/wp-content\/uploads\/2026\/04\/WhatsApp-Image-2026-04-28-at-6.09.28-PM.jpeg?fit=1600%2C1074&ssl=1",1600,1074,false]},"jetpack-related-posts":[],"jetpack_sharing_enabled":true,"jetpack_likes_enabled":true,"jetpack_shortlink":"https:\/\/wp.me\/pf7pkt-5Sz","_links":{"self":[{"href":"https:\/\/masquenoticias.mx\/index.php\/wp-json\/wp\/v2\/posts\/22603","targetHints":{"allow":["GET"]}}],"collection":[{"href":"https:\/\/masquenoticias.mx\/index.php\/wp-json\/wp\/v2\/posts"}],"about":[{"href":"https:\/\/masquenoticias.mx\/index.php\/wp-json\/wp\/v2\/types\/post"}],"author":[{"embeddable":true,"href":"https:\/\/masquenoticias.mx\/index.php\/wp-json\/wp\/v2\/users\/1"}],"replies":[{"embeddable":true,"href":"https:\/\/masquenoticias.mx\/index.php\/wp-json\/wp\/v2\/comments?post=22603"}],"version-history":[{"count":1,"href":"https:\/\/masquenoticias.mx\/index.php\/wp-json\/wp\/v2\/posts\/22603\/revisions"}],"predecessor-version":[{"id":22605,"href":"https:\/\/masquenoticias.mx\/index.php\/wp-json\/wp\/v2\/posts\/22603\/revisions\/22605"}],"wp:featuredmedia":[{"embeddable":true,"href":"https:\/\/masquenoticias.mx\/index.php\/wp-json\/wp\/v2\/media\/22604"}],"wp:attachment":[{"href":"https:\/\/masquenoticias.mx\/index.php\/wp-json\/wp\/v2\/media?parent=22603"}],"wp:term":[{"taxonomy":"category","embeddable":true,"href":"https:\/\/masquenoticias.mx\/index.php\/wp-json\/wp\/v2\/categories?post=22603"},{"taxonomy":"post_tag","embeddable":true,"href":"https:\/\/masquenoticias.mx\/index.php\/wp-json\/wp\/v2\/tags?post=22603"}],"curies":[{"name":"wp","href":"https:\/\/api.w.org\/{rel}","templated":true}]}}