{"id":22600,"date":"2026-04-28T18:37:54","date_gmt":"2026-04-29T00:37:54","guid":{"rendered":"https:\/\/masquenoticias.mx\/?p=22600"},"modified":"2026-04-28T18:37:54","modified_gmt":"2026-04-29T00:37:54","slug":"subsectur-colima-anuncia-nuevo-vuelo-aifa-manzanillo-de-viva-aerobus","status":"publish","type":"post","link":"https:\/\/masquenoticias.mx\/index.php\/2026\/04\/28\/subsectur-colima-anuncia-nuevo-vuelo-aifa-manzanillo-de-viva-aerobus\/","title":{"rendered":"Subsectur Colima anuncia nuevo vuelo AIFA-Manzanillo de Viva Aerob\u00fas"},"content":{"rendered":"<p>En el marco del Tianguis Tur\u00edstico Acapulco 2026, la Subsecretar\u00eda de Turismo (Subsectur) del Gobierno del Estado de Colima que encabeza la gobernadora Indira Vizca\u00edno Silva anunci\u00f3 la apertura del nuevo vuelo AIFA\u2013Manzanillo operado por Viva Aerob\u00fas, el cual comenzar\u00e1 operaciones el pr\u00f3ximo 2 de julio con tres frecuencias semanales. El anuncio se llev\u00f3 a cabo en el m\u00f3dulo de Colima, con la participaci\u00f3n del subsecretario de Turismo, Jorge Padilla Castillo, acompa\u00f1ado por Jes\u00fas Horacio Gonz\u00e1lez, vicepresidente de Asuntos Corporativos de Viva Aerob\u00fas, y Omar Aquiles Miranda, gerente de Conectividad y Servicios Aeroportuarios del Grupo Aeroportuario del Pac\u00edfico.<\/p>\n<p>Durante la presentaci\u00f3n, se destac\u00f3 que esta nueva ruta representa un paso estrat\u00e9gico para fortalecer la conectividad a\u00e9rea de Manzanillo con el centro de nuestro pa\u00eds, facilitando el acceso desde la zona metropolitana de la Ciudad de M\u00e9xico y su \u00e1rea conurbada. Adem\u00e1s, la reciente puesta en marcha del tren suburbano que conecta la CDMX con el Aeropuerto Internacional &#8216;Felipe \u00c1ngeles&#8217; (AIFA) permitir\u00e1 a m\u00e1s viajeros trasladarse de manera \u00e1gil y accesible, ampliando el alcance de este nuevo vuelo.<\/p>\n<p>Asimismo, se resalt\u00f3 que el Viva Aerob\u00fas opera m\u00e1s de 40 rutas en el AIFA, incluyendo puntos clave como Monterrey y cuatro rutas internacionales, lo que posiciona a Manzanillo como un destino con mayor proyecci\u00f3n hacia nuevos mercados tur\u00edsticos. El subsecretario subray\u00f3 que esta conectividad permitir\u00e1 atraer un mayor n\u00famero de visitantes, diversificar la oferta tur\u00edstica y fortalecer la econom\u00eda local, todo ello con tarifas accesibles para los viajeros.<\/p>\n<p>La administraci\u00f3n de la gobernadora Indira Vizca\u00edno refrenda su compromiso de impulsar la conectividad a\u00e9rea como una herramienta clave para el desarrollo tur\u00edstico de la entidad, promoviendo alianzas estrat\u00e9gicas que permitan posicionar a Manzanillo y a Colima como destinos competitivos a nivel nacional e internacional.<\/p>\n","protected":false},"excerpt":{"rendered":"<p>En el marco del Tianguis Tur\u00edstico Acapulco 2026, la Subsecretar\u00eda de Turismo (Subsectur) del Gobierno del Estado de Colima que encabeza la gobernadora Indira Vizca\u00edno Silva anunci\u00f3 la apertura del nuevo vuelo AIFA\u2013Manzanillo operado por Viva Aerob\u00fas, el cual comenzar\u00e1 operaciones el pr\u00f3ximo 2 de julio con tres frecuencias semanales. El anuncio se llev\u00f3 a [&hellip;]<\/p>\n","protected":false},"author":1,"featured_media":22601,"comment_status":"open","ping_status":"open","sticky":false,"template":"","format":"standard","meta":{"_jetpack_memberships_contains_paid_content":false,"footnotes":""},"categories":[24],"tags":[96],"class_list":["post-22600","post","type-post","status-publish","format-standard","has-post-thumbnail","hentry","category-estado","tag-turismo"],"yoast_head":"<!-- This site is optimized with the Yoast SEO plugin v26.6 - https:\/\/yoast.com\/wordpress\/plugins\/seo\/ -->\n<title>Subsectur Colima anuncia nuevo vuelo AIFA-Manzanillo de Viva Aerob\u00fas - M\u00e1s Que Noticias<\/title>\n<meta name=\"robots\" content=\"index, follow, max-snippet:-1, max-image-preview:large, max-video-preview:-1\" \/>\n<link rel=\"canonical\" href=\"https:\/\/masquenoticias.mx\/index.php\/2026\/04\/28\/subsectur-colima-anuncia-nuevo-vuelo-aifa-manzanillo-de-viva-aerobus\/\" \/>\n<meta property=\"og:locale\" content=\"es_MX\" \/>\n<meta property=\"og:type\" content=\"article\" \/>\n<meta property=\"og:title\" content=\"Subsectur Colima anuncia nuevo vuelo AIFA-Manzanillo de Viva Aerob\u00fas - M\u00e1s Que Noticias\" \/>\n<meta property=\"og:description\" content=\"En el marco del Tianguis Tur\u00edstico Acapulco 2026, la Subsecretar\u00eda de Turismo (Subsectur) del Gobierno del Estado de Colima que encabeza la gobernadora Indira Vizca\u00edno Silva anunci\u00f3 la apertura del nuevo vuelo AIFA\u2013Manzanillo operado por Viva Aerob\u00fas, el cual comenzar\u00e1 operaciones el pr\u00f3ximo 2 de julio con tres frecuencias semanales. El anuncio se llev\u00f3 a [&hellip;]\" \/>\n<meta property=\"og:url\" content=\"https:\/\/masquenoticias.mx\/index.php\/2026\/04\/28\/subsectur-colima-anuncia-nuevo-vuelo-aifa-manzanillo-de-viva-aerobus\/\" \/>\n<meta property=\"og:site_name\" content=\"M\u00e1s Que Noticias\" \/>\n<meta property=\"article:publisher\" content=\"https:\/\/www.facebook.com\/masquenoticiascolima\" \/>\n<meta property=\"article:published_time\" content=\"2026-04-29T00:37:54+00:00\" \/>\n<meta property=\"og:image\" content=\"https:\/\/masquenoticias.mx\/wp-content\/uploads\/2026\/04\/WhatsApp-Image-2026-04-28-at-6.35.14-PM-2.jpeg\" \/>\n\t<meta property=\"og:image:width\" content=\"1280\" \/>\n\t<meta property=\"og:image:height\" content=\"853\" \/>\n\t<meta property=\"og:image:type\" content=\"image\/jpeg\" \/>\n<meta name=\"author\" content=\"Redacci\u00f3n\" \/>\n<meta name=\"twitter:card\" content=\"summary_large_image\" \/>\n<meta name=\"twitter:creator\" content=\"@edgartove\" \/>\n<meta name=\"twitter:site\" content=\"@edgartove\" \/>\n<meta name=\"twitter:label1\" content=\"Escrito por\" \/>\n\t<meta name=\"twitter:data1\" content=\"Redacci\u00f3n\" \/>\n\t<meta name=\"twitter:label2\" content=\"Tiempo de lectura\" \/>\n\t<meta name=\"twitter:data2\" content=\"2 minutos\" \/>\n<script type=\"application\/ld+json\" class=\"yoast-schema-graph\">{\"@context\":\"https:\/\/schema.org\",\"@graph\":[{\"@type\":\"Article\",\"@id\":\"https:\/\/masquenoticias.mx\/index.php\/2026\/04\/28\/subsectur-colima-anuncia-nuevo-vuelo-aifa-manzanillo-de-viva-aerobus\/#article\",\"isPartOf\":{\"@id\":\"https:\/\/masquenoticias.mx\/index.php\/2026\/04\/28\/subsectur-colima-anuncia-nuevo-vuelo-aifa-manzanillo-de-viva-aerobus\/\"},\"author\":{\"name\":\"Redacci\u00f3n\",\"@id\":\"https:\/\/masquenoticias.mx\/#\/schema\/person\/544d19989ef23d34615f691f7a96e622\"},\"headline\":\"Subsectur Colima anuncia nuevo vuelo AIFA-Manzanillo de Viva Aerob\u00fas\",\"datePublished\":\"2026-04-29T00:37:54+00:00\",\"mainEntityOfPage\":{\"@id\":\"https:\/\/masquenoticias.mx\/index.php\/2026\/04\/28\/subsectur-colima-anuncia-nuevo-vuelo-aifa-manzanillo-de-viva-aerobus\/\"},\"wordCount\":330,\"commentCount\":0,\"publisher\":{\"@id\":\"https:\/\/masquenoticias.mx\/#organization\"},\"image\":{\"@id\":\"https:\/\/masquenoticias.mx\/index.php\/2026\/04\/28\/subsectur-colima-anuncia-nuevo-vuelo-aifa-manzanillo-de-viva-aerobus\/#primaryimage\"},\"thumbnailUrl\":\"https:\/\/i0.wp.com\/masquenoticias.mx\/wp-content\/uploads\/2026\/04\/WhatsApp-Image-2026-04-28-at-6.35.14-PM-2.jpeg?fit=1280%2C853&ssl=1\",\"keywords\":[\"Turismo\"],\"articleSection\":[\"Estado\"],\"inLanguage\":\"es\",\"potentialAction\":[{\"@type\":\"CommentAction\",\"name\":\"Comment\",\"target\":[\"https:\/\/masquenoticias.mx\/index.php\/2026\/04\/28\/subsectur-colima-anuncia-nuevo-vuelo-aifa-manzanillo-de-viva-aerobus\/#respond\"]}]},{\"@type\":\"WebPage\",\"@id\":\"https:\/\/masquenoticias.mx\/index.php\/2026\/04\/28\/subsectur-colima-anuncia-nuevo-vuelo-aifa-manzanillo-de-viva-aerobus\/\",\"url\":\"https:\/\/masquenoticias.mx\/index.php\/2026\/04\/28\/subsectur-colima-anuncia-nuevo-vuelo-aifa-manzanillo-de-viva-aerobus\/\",\"name\":\"Subsectur Colima anuncia nuevo vuelo AIFA-Manzanillo de Viva Aerob\u00fas - M\u00e1s Que Noticias\",\"isPartOf\":{\"@id\":\"https:\/\/masquenoticias.mx\/#website\"},\"primaryImageOfPage\":{\"@id\":\"https:\/\/masquenoticias.mx\/index.php\/2026\/04\/28\/subsectur-colima-anuncia-nuevo-vuelo-aifa-manzanillo-de-viva-aerobus\/#primaryimage\"},\"image\":{\"@id\":\"https:\/\/masquenoticias.mx\/index.php\/2026\/04\/28\/subsectur-colima-anuncia-nuevo-vuelo-aifa-manzanillo-de-viva-aerobus\/#primaryimage\"},\"thumbnailUrl\":\"https:\/\/i0.wp.com\/masquenoticias.mx\/wp-content\/uploads\/2026\/04\/WhatsApp-Image-2026-04-28-at-6.35.14-PM-2.jpeg?fit=1280%2C853&ssl=1\",\"datePublished\":\"2026-04-29T00:37:54+00:00\",\"breadcrumb\":{\"@id\":\"https:\/\/masquenoticias.mx\/index.php\/2026\/04\/28\/subsectur-colima-anuncia-nuevo-vuelo-aifa-manzanillo-de-viva-aerobus\/#breadcrumb\"},\"inLanguage\":\"es\",\"potentialAction\":[{\"@type\":\"ReadAction\",\"target\":[\"https:\/\/masquenoticias.mx\/index.php\/2026\/04\/28\/subsectur-colima-anuncia-nuevo-vuelo-aifa-manzanillo-de-viva-aerobus\/\"]}]},{\"@type\":\"ImageObject\",\"inLanguage\":\"es\",\"@id\":\"https:\/\/masquenoticias.mx\/index.php\/2026\/04\/28\/subsectur-colima-anuncia-nuevo-vuelo-aifa-manzanillo-de-viva-aerobus\/#primaryimage\",\"url\":\"https:\/\/i0.wp.com\/masquenoticias.mx\/wp-content\/uploads\/2026\/04\/WhatsApp-Image-2026-04-28-at-6.35.14-PM-2.jpeg?fit=1280%2C853&ssl=1\",\"contentUrl\":\"https:\/\/i0.wp.com\/masquenoticias.mx\/wp-content\/uploads\/2026\/04\/WhatsApp-Image-2026-04-28-at-6.35.14-PM-2.jpeg?fit=1280%2C853&ssl=1\",\"width\":1280,\"height\":853},{\"@type\":\"BreadcrumbList\",\"@id\":\"https:\/\/masquenoticias.mx\/index.php\/2026\/04\/28\/subsectur-colima-anuncia-nuevo-vuelo-aifa-manzanillo-de-viva-aerobus\/#breadcrumb\",\"itemListElement\":[{\"@type\":\"ListItem\",\"position\":1,\"name\":\"Inicio\",\"item\":\"https:\/\/masquenoticias.mx\/\"},{\"@type\":\"ListItem\",\"position\":2,\"name\":\"Subsectur Colima anuncia nuevo vuelo AIFA-Manzanillo de Viva Aerob\u00fas\"}]},{\"@type\":\"WebSite\",\"@id\":\"https:\/\/masquenoticias.mx\/#website\",\"url\":\"https:\/\/masquenoticias.mx\/\",\"name\":\"M\u00e1s Que Noticias\",\"description\":\"Noticias de Colima, M\u00e9xico y el Mundo\",\"publisher\":{\"@id\":\"https:\/\/masquenoticias.mx\/#organization\"},\"potentialAction\":[{\"@type\":\"SearchAction\",\"target\":{\"@type\":\"EntryPoint\",\"urlTemplate\":\"https:\/\/masquenoticias.mx\/?s={search_term_string}\"},\"query-input\":{\"@type\":\"PropertyValueSpecification\",\"valueRequired\":true,\"valueName\":\"search_term_string\"}}],\"inLanguage\":\"es\"},{\"@type\":\"Organization\",\"@id\":\"https:\/\/masquenoticias.mx\/#organization\",\"name\":\"M\u00e1s Que Noticias\",\"url\":\"https:\/\/masquenoticias.mx\/\",\"logo\":{\"@type\":\"ImageObject\",\"inLanguage\":\"es\",\"@id\":\"https:\/\/masquenoticias.mx\/#\/schema\/logo\/image\/\",\"url\":\"https:\/\/i0.wp.com\/masquenoticias.mx\/wp-content\/uploads\/2024\/04\/IMG_0004.png?fit=2560%2C1656&ssl=1\",\"contentUrl\":\"https:\/\/i0.wp.com\/masquenoticias.mx\/wp-content\/uploads\/2024\/04\/IMG_0004.png?fit=2560%2C1656&ssl=1\",\"width\":2560,\"height\":1656,\"caption\":\"M\u00e1s Que Noticias\"},\"image\":{\"@id\":\"https:\/\/masquenoticias.mx\/#\/schema\/logo\/image\/\"},\"sameAs\":[\"https:\/\/www.facebook.com\/masquenoticiascolima\",\"https:\/\/x.com\/edgartove\",\"https:\/\/www.instagram.com\/masquenoticiascolima\/\"]},{\"@type\":\"Person\",\"@id\":\"https:\/\/masquenoticias.mx\/#\/schema\/person\/544d19989ef23d34615f691f7a96e622\",\"name\":\"Redacci\u00f3n\",\"image\":{\"@type\":\"ImageObject\",\"inLanguage\":\"es\",\"@id\":\"https:\/\/masquenoticias.mx\/#\/schema\/person\/image\/\",\"url\":\"https:\/\/secure.gravatar.com\/avatar\/7fcc926d5b058d3f3d52d95b4d05dd58?s=96&d=mm&r=g\",\"contentUrl\":\"https:\/\/secure.gravatar.com\/avatar\/7fcc926d5b058d3f3d52d95b4d05dd58?s=96&d=mm&r=g\",\"caption\":\"Redacci\u00f3n\"},\"sameAs\":[\"http:\/\/masquenoticias.mx\"],\"url\":\"https:\/\/masquenoticias.mx\/index.php\/author\/edgartovegmail-com\/\"}]}<\/script>\n<!-- \/ Yoast SEO plugin. -->","yoast_head_json":{"title":"Subsectur Colima anuncia nuevo vuelo AIFA-Manzanillo de Viva Aerob\u00fas - M\u00e1s Que Noticias","robots":{"index":"index","follow":"follow","max-snippet":"max-snippet:-1","max-image-preview":"max-image-preview:large","max-video-preview":"max-video-preview:-1"},"canonical":"https:\/\/masquenoticias.mx\/index.php\/2026\/04\/28\/subsectur-colima-anuncia-nuevo-vuelo-aifa-manzanillo-de-viva-aerobus\/","og_locale":"es_MX","og_type":"article","og_title":"Subsectur Colima anuncia nuevo vuelo AIFA-Manzanillo de Viva Aerob\u00fas - M\u00e1s Que Noticias","og_description":"En el marco del Tianguis Tur\u00edstico Acapulco 2026, la Subsecretar\u00eda de Turismo (Subsectur) del Gobierno del Estado de Colima que encabeza la gobernadora Indira Vizca\u00edno Silva anunci\u00f3 la apertura del nuevo vuelo AIFA\u2013Manzanillo operado por Viva Aerob\u00fas, el cual comenzar\u00e1 operaciones el pr\u00f3ximo 2 de julio con tres frecuencias semanales. El anuncio se llev\u00f3 a [&hellip;]","og_url":"https:\/\/masquenoticias.mx\/index.php\/2026\/04\/28\/subsectur-colima-anuncia-nuevo-vuelo-aifa-manzanillo-de-viva-aerobus\/","og_site_name":"M\u00e1s Que Noticias","article_publisher":"https:\/\/www.facebook.com\/masquenoticiascolima","article_published_time":"2026-04-29T00:37:54+00:00","og_image":[{"width":1280,"height":853,"url":"https:\/\/masquenoticias.mx\/wp-content\/uploads\/2026\/04\/WhatsApp-Image-2026-04-28-at-6.35.14-PM-2.jpeg","type":"image\/jpeg"}],"author":"Redacci\u00f3n","twitter_card":"summary_large_image","twitter_creator":"@edgartove","twitter_site":"@edgartove","twitter_misc":{"Escrito por":"Redacci\u00f3n","Tiempo de lectura":"2 minutos"},"schema":{"@context":"https:\/\/schema.org","@graph":[{"@type":"Article","@id":"https:\/\/masquenoticias.mx\/index.php\/2026\/04\/28\/subsectur-colima-anuncia-nuevo-vuelo-aifa-manzanillo-de-viva-aerobus\/#article","isPartOf":{"@id":"https:\/\/masquenoticias.mx\/index.php\/2026\/04\/28\/subsectur-colima-anuncia-nuevo-vuelo-aifa-manzanillo-de-viva-aerobus\/"},"author":{"name":"Redacci\u00f3n","@id":"https:\/\/masquenoticias.mx\/#\/schema\/person\/544d19989ef23d34615f691f7a96e622"},"headline":"Subsectur Colima anuncia nuevo vuelo AIFA-Manzanillo de Viva Aerob\u00fas","datePublished":"2026-04-29T00:37:54+00:00","mainEntityOfPage":{"@id":"https:\/\/masquenoticias.mx\/index.php\/2026\/04\/28\/subsectur-colima-anuncia-nuevo-vuelo-aifa-manzanillo-de-viva-aerobus\/"},"wordCount":330,"commentCount":0,"publisher":{"@id":"https:\/\/masquenoticias.mx\/#organization"},"image":{"@id":"https:\/\/masquenoticias.mx\/index.php\/2026\/04\/28\/subsectur-colima-anuncia-nuevo-vuelo-aifa-manzanillo-de-viva-aerobus\/#primaryimage"},"thumbnailUrl":"https:\/\/i0.wp.com\/masquenoticias.mx\/wp-content\/uploads\/2026\/04\/WhatsApp-Image-2026-04-28-at-6.35.14-PM-2.jpeg?fit=1280%2C853&ssl=1","keywords":["Turismo"],"articleSection":["Estado"],"inLanguage":"es","potentialAction":[{"@type":"CommentAction","name":"Comment","target":["https:\/\/masquenoticias.mx\/index.php\/2026\/04\/28\/subsectur-colima-anuncia-nuevo-vuelo-aifa-manzanillo-de-viva-aerobus\/#respond"]}]},{"@type":"WebPage","@id":"https:\/\/masquenoticias.mx\/index.php\/2026\/04\/28\/subsectur-colima-anuncia-nuevo-vuelo-aifa-manzanillo-de-viva-aerobus\/","url":"https:\/\/masquenoticias.mx\/index.php\/2026\/04\/28\/subsectur-colima-anuncia-nuevo-vuelo-aifa-manzanillo-de-viva-aerobus\/","name":"Subsectur Colima anuncia nuevo vuelo AIFA-Manzanillo de Viva Aerob\u00fas - M\u00e1s Que Noticias","isPartOf":{"@id":"https:\/\/masquenoticias.mx\/#website"},"primaryImageOfPage":{"@id":"https:\/\/masquenoticias.mx\/index.php\/2026\/04\/28\/subsectur-colima-anuncia-nuevo-vuelo-aifa-manzanillo-de-viva-aerobus\/#primaryimage"},"image":{"@id":"https:\/\/masquenoticias.mx\/index.php\/2026\/04\/28\/subsectur-colima-anuncia-nuevo-vuelo-aifa-manzanillo-de-viva-aerobus\/#primaryimage"},"thumbnailUrl":"https:\/\/i0.wp.com\/masquenoticias.mx\/wp-content\/uploads\/2026\/04\/WhatsApp-Image-2026-04-28-at-6.35.14-PM-2.jpeg?fit=1280%2C853&ssl=1","datePublished":"2026-04-29T00:37:54+00:00","breadcrumb":{"@id":"https:\/\/masquenoticias.mx\/index.php\/2026\/04\/28\/subsectur-colima-anuncia-nuevo-vuelo-aifa-manzanillo-de-viva-aerobus\/#breadcrumb"},"inLanguage":"es","potentialAction":[{"@type":"ReadAction","target":["https:\/\/masquenoticias.mx\/index.php\/2026\/04\/28\/subsectur-colima-anuncia-nuevo-vuelo-aifa-manzanillo-de-viva-aerobus\/"]}]},{"@type":"ImageObject","inLanguage":"es","@id":"https:\/\/masquenoticias.mx\/index.php\/2026\/04\/28\/subsectur-colima-anuncia-nuevo-vuelo-aifa-manzanillo-de-viva-aerobus\/#primaryimage","url":"https:\/\/i0.wp.com\/masquenoticias.mx\/wp-content\/uploads\/2026\/04\/WhatsApp-Image-2026-04-28-at-6.35.14-PM-2.jpeg?fit=1280%2C853&ssl=1","contentUrl":"https:\/\/i0.wp.com\/masquenoticias.mx\/wp-content\/uploads\/2026\/04\/WhatsApp-Image-2026-04-28-at-6.35.14-PM-2.jpeg?fit=1280%2C853&ssl=1","width":1280,"height":853},{"@type":"BreadcrumbList","@id":"https:\/\/masquenoticias.mx\/index.php\/2026\/04\/28\/subsectur-colima-anuncia-nuevo-vuelo-aifa-manzanillo-de-viva-aerobus\/#breadcrumb","itemListElement":[{"@type":"ListItem","position":1,"name":"Inicio","item":"https:\/\/masquenoticias.mx\/"},{"@type":"ListItem","position":2,"name":"Subsectur Colima anuncia nuevo vuelo AIFA-Manzanillo de Viva Aerob\u00fas"}]},{"@type":"WebSite","@id":"https:\/\/masquenoticias.mx\/#website","url":"https:\/\/masquenoticias.mx\/","name":"M\u00e1s Que Noticias","description":"Noticias de Colima, M\u00e9xico y el Mundo","publisher":{"@id":"https:\/\/masquenoticias.mx\/#organization"},"potentialAction":[{"@type":"SearchAction","target":{"@type":"EntryPoint","urlTemplate":"https:\/\/masquenoticias.mx\/?s={search_term_string}"},"query-input":{"@type":"PropertyValueSpecification","valueRequired":true,"valueName":"search_term_string"}}],"inLanguage":"es"},{"@type":"Organization","@id":"https:\/\/masquenoticias.mx\/#organization","name":"M\u00e1s Que Noticias","url":"https:\/\/masquenoticias.mx\/","logo":{"@type":"ImageObject","inLanguage":"es","@id":"https:\/\/masquenoticias.mx\/#\/schema\/logo\/image\/","url":"https:\/\/i0.wp.com\/masquenoticias.mx\/wp-content\/uploads\/2024\/04\/IMG_0004.png?fit=2560%2C1656&ssl=1","contentUrl":"https:\/\/i0.wp.com\/masquenoticias.mx\/wp-content\/uploads\/2024\/04\/IMG_0004.png?fit=2560%2C1656&ssl=1","width":2560,"height":1656,"caption":"M\u00e1s Que Noticias"},"image":{"@id":"https:\/\/masquenoticias.mx\/#\/schema\/logo\/image\/"},"sameAs":["https:\/\/www.facebook.com\/masquenoticiascolima","https:\/\/x.com\/edgartove","https:\/\/www.instagram.com\/masquenoticiascolima\/"]},{"@type":"Person","@id":"https:\/\/masquenoticias.mx\/#\/schema\/person\/544d19989ef23d34615f691f7a96e622","name":"Redacci\u00f3n","image":{"@type":"ImageObject","inLanguage":"es","@id":"https:\/\/masquenoticias.mx\/#\/schema\/person\/image\/","url":"https:\/\/secure.gravatar.com\/avatar\/7fcc926d5b058d3f3d52d95b4d05dd58?s=96&d=mm&r=g","contentUrl":"https:\/\/secure.gravatar.com\/avatar\/7fcc926d5b058d3f3d52d95b4d05dd58?s=96&d=mm&r=g","caption":"Redacci\u00f3n"},"sameAs":["http:\/\/masquenoticias.mx"],"url":"https:\/\/masquenoticias.mx\/index.php\/author\/edgartovegmail-com\/"}]}},"jetpack_featured_media_url":"https:\/\/i0.wp.com\/masquenoticias.mx\/wp-content\/uploads\/2026\/04\/WhatsApp-Image-2026-04-28-at-6.35.14-PM-2.jpeg?fit=1280%2C853&ssl=1","blog_post_layout_featured_media_urls":{"thumbnail":["https:\/\/i0.wp.com\/masquenoticias.mx\/wp-content\/uploads\/2026\/04\/WhatsApp-Image-2026-04-28-at-6.35.14-PM-2.jpeg?resize=150%2C150&ssl=1",150,150,true],"full":["https:\/\/i0.wp.com\/masquenoticias.mx\/wp-content\/uploads\/2026\/04\/WhatsApp-Image-2026-04-28-at-6.35.14-PM-2.jpeg?fit=1280%2C853&ssl=1",1280,853,false]},"categories_names":{"24":{"name":"Estado","link":"https:\/\/masquenoticias.mx\/index.php\/category\/estado\/"}},"tags_names":{"96":{"name":"Turismo","link":"https:\/\/masquenoticias.mx\/index.php\/tag\/turismo\/"}},"comments_number":"0","wpmagazine_modules_lite_featured_media_urls":{"thumbnail":["https:\/\/i0.wp.com\/masquenoticias.mx\/wp-content\/uploads\/2026\/04\/WhatsApp-Image-2026-04-28-at-6.35.14-PM-2.jpeg?resize=150%2C150&ssl=1",150,150,true],"cvmm-medium":["https:\/\/i0.wp.com\/masquenoticias.mx\/wp-content\/uploads\/2026\/04\/WhatsApp-Image-2026-04-28-at-6.35.14-PM-2.jpeg?resize=300%2C300&ssl=1",300,300,true],"cvmm-medium-plus":["https:\/\/i0.wp.com\/masquenoticias.mx\/wp-content\/uploads\/2026\/04\/WhatsApp-Image-2026-04-28-at-6.35.14-PM-2.jpeg?resize=305%2C207&ssl=1",305,207,true],"cvmm-portrait":["https:\/\/i0.wp.com\/masquenoticias.mx\/wp-content\/uploads\/2026\/04\/WhatsApp-Image-2026-04-28-at-6.35.14-PM-2.jpeg?resize=400%2C600&ssl=1",400,600,true],"cvmm-medium-square":["https:\/\/i0.wp.com\/masquenoticias.mx\/wp-content\/uploads\/2026\/04\/WhatsApp-Image-2026-04-28-at-6.35.14-PM-2.jpeg?resize=600%2C600&ssl=1",600,600,true],"cvmm-large":["https:\/\/i0.wp.com\/masquenoticias.mx\/wp-content\/uploads\/2026\/04\/WhatsApp-Image-2026-04-28-at-6.35.14-PM-2.jpeg?resize=1024%2C853&ssl=1",1024,853,true],"cvmm-small":["https:\/\/i0.wp.com\/masquenoticias.mx\/wp-content\/uploads\/2026\/04\/WhatsApp-Image-2026-04-28-at-6.35.14-PM-2.jpeg?resize=130%2C95&ssl=1",130,95,true],"full":["https:\/\/i0.wp.com\/masquenoticias.mx\/wp-content\/uploads\/2026\/04\/WhatsApp-Image-2026-04-28-at-6.35.14-PM-2.jpeg?fit=1280%2C853&ssl=1",1280,853,false]},"jetpack-related-posts":[],"jetpack_sharing_enabled":true,"jetpack_likes_enabled":true,"jetpack_shortlink":"https:\/\/wp.me\/pf7pkt-5Sw","_links":{"self":[{"href":"https:\/\/masquenoticias.mx\/index.php\/wp-json\/wp\/v2\/posts\/22600","targetHints":{"allow":["GET"]}}],"collection":[{"href":"https:\/\/masquenoticias.mx\/index.php\/wp-json\/wp\/v2\/posts"}],"about":[{"href":"https:\/\/masquenoticias.mx\/index.php\/wp-json\/wp\/v2\/types\/post"}],"author":[{"embeddable":true,"href":"https:\/\/masquenoticias.mx\/index.php\/wp-json\/wp\/v2\/users\/1"}],"replies":[{"embeddable":true,"href":"https:\/\/masquenoticias.mx\/index.php\/wp-json\/wp\/v2\/comments?post=22600"}],"version-history":[{"count":1,"href":"https:\/\/masquenoticias.mx\/index.php\/wp-json\/wp\/v2\/posts\/22600\/revisions"}],"predecessor-version":[{"id":22602,"href":"https:\/\/masquenoticias.mx\/index.php\/wp-json\/wp\/v2\/posts\/22600\/revisions\/22602"}],"wp:featuredmedia":[{"embeddable":true,"href":"https:\/\/masquenoticias.mx\/index.php\/wp-json\/wp\/v2\/media\/22601"}],"wp:attachment":[{"href":"https:\/\/masquenoticias.mx\/index.php\/wp-json\/wp\/v2\/media?parent=22600"}],"wp:term":[{"taxonomy":"category","embeddable":true,"href":"https:\/\/masquenoticias.mx\/index.php\/wp-json\/wp\/v2\/categories?post=22600"},{"taxonomy":"post_tag","embeddable":true,"href":"https:\/\/masquenoticias.mx\/index.php\/wp-json\/wp\/v2\/tags?post=22600"}],"curies":[{"name":"wp","href":"https:\/\/api.w.org\/{rel}","templated":true}]}}