{"id":22597,"date":"2026-04-28T18:36:15","date_gmt":"2026-04-29T00:36:15","guid":{"rendered":"https:\/\/masquenoticias.mx\/?p=22597"},"modified":"2026-04-28T18:36:15","modified_gmt":"2026-04-29T00:36:15","slug":"cultura-colima-celebrara-el-dia-de-las-madres-con-concierto-tributo-al-divo-de-juarez","status":"publish","type":"post","link":"https:\/\/masquenoticias.mx\/index.php\/2026\/04\/28\/cultura-colima-celebrara-el-dia-de-las-madres-con-concierto-tributo-al-divo-de-juarez\/","title":{"rendered":"Cultura Colima celebrar\u00e1 el D\u00eda de las Madres con concierto tributo al Divo de Ju\u00e1rez"},"content":{"rendered":"<p>La Subsecretar\u00eda de Cultura del Gobierno del Estado de Colima que preside la mandataria Indira Vizca\u00edno Silva prepara un programa especial para celebrar el D\u00eda de las Madres y, entre las diversas actividades, destaca el concierto \u2018Amor Eterno: Sinfon\u00eda al Divo\u2019 que ofrecer\u00e1 la Banda Sinf\u00f3nica del Gobierno del Estado el viernes 8 de mayo, en la explanada de Casa de la Cultura Estatal.<\/p>\n<p>Para esta nueva funci\u00f3n, la agrupaci\u00f3n dirigida por Perla Cort\u00e9s Castillo presentar\u00e1 una versi\u00f3n renovada de este exitoso espect\u00e1culo que ha ofrecido actuaciones en distintos escenarios del estado de Colima desde su estreno en 2023. El p\u00fablico disfrutar\u00e1 nuevas adaptaciones de las canciones m\u00e1s populares del cantante autor de Hasta que te conoc\u00ed y Abr\u00e1zame muy fuerte.<\/p>\n<p>El concierto se enriquecer\u00e1 con las participaciones del Mariachi Infantil y Juvenil de la Secretar\u00eda de Educaci\u00f3n y Cultura y las voces de los solistas Yunuen Cort\u00e9s, Alel\u00ed L\u00f3pez, Adrian Pardo, Josu\u00e9 Esa\u00fa, Alejandra Espino, Sol Mac\u00edas y Karla Ver\u00f3nica.<\/p>\n","protected":false},"excerpt":{"rendered":"<p>La Subsecretar\u00eda de Cultura del Gobierno del Estado de Colima que preside la mandataria Indira Vizca\u00edno Silva prepara un programa especial para celebrar el D\u00eda de las Madres y, entre las diversas actividades, destaca el concierto \u2018Amor Eterno: Sinfon\u00eda al Divo\u2019 que ofrecer\u00e1 la Banda Sinf\u00f3nica del Gobierno del Estado el viernes 8 de mayo, [&hellip;]<\/p>\n","protected":false},"author":1,"featured_media":22598,"comment_status":"open","ping_status":"open","sticky":false,"template":"","format":"standard","meta":{"_jetpack_memberships_contains_paid_content":false,"footnotes":""},"categories":[24],"tags":[118],"class_list":["post-22597","post","type-post","status-publish","format-standard","has-post-thumbnail","hentry","category-estado","tag-cultura"],"yoast_head":"<!-- This site is optimized with the Yoast SEO plugin v26.6 - https:\/\/yoast.com\/wordpress\/plugins\/seo\/ -->\n<title>Cultura Colima celebrar\u00e1 el D\u00eda de las Madres con concierto tributo al Divo de Ju\u00e1rez - M\u00e1s Que Noticias<\/title>\n<meta name=\"robots\" content=\"index, follow, max-snippet:-1, max-image-preview:large, max-video-preview:-1\" \/>\n<link rel=\"canonical\" href=\"https:\/\/masquenoticias.mx\/index.php\/2026\/04\/28\/cultura-colima-celebrara-el-dia-de-las-madres-con-concierto-tributo-al-divo-de-juarez\/\" \/>\n<meta property=\"og:locale\" content=\"es_MX\" \/>\n<meta property=\"og:type\" content=\"article\" \/>\n<meta property=\"og:title\" content=\"Cultura Colima celebrar\u00e1 el D\u00eda de las Madres con concierto tributo al Divo de Ju\u00e1rez - M\u00e1s Que Noticias\" \/>\n<meta property=\"og:description\" content=\"La Subsecretar\u00eda de Cultura del Gobierno del Estado de Colima que preside la mandataria Indira Vizca\u00edno Silva prepara un programa especial para celebrar el D\u00eda de las Madres y, entre las diversas actividades, destaca el concierto \u2018Amor Eterno: Sinfon\u00eda al Divo\u2019 que ofrecer\u00e1 la Banda Sinf\u00f3nica del Gobierno del Estado el viernes 8 de mayo, [&hellip;]\" \/>\n<meta property=\"og:url\" content=\"https:\/\/masquenoticias.mx\/index.php\/2026\/04\/28\/cultura-colima-celebrara-el-dia-de-las-madres-con-concierto-tributo-al-divo-de-juarez\/\" \/>\n<meta property=\"og:site_name\" content=\"M\u00e1s Que Noticias\" \/>\n<meta property=\"article:publisher\" content=\"https:\/\/www.facebook.com\/masquenoticiascolima\" \/>\n<meta property=\"article:published_time\" content=\"2026-04-29T00:36:15+00:00\" \/>\n<meta property=\"og:image\" content=\"https:\/\/masquenoticias.mx\/wp-content\/uploads\/2026\/04\/WhatsApp-Image-2026-04-28-at-2.48.31-PM-1.jpeg\" \/>\n\t<meta property=\"og:image:width\" content=\"1440\" \/>\n\t<meta property=\"og:image:height\" content=\"962\" \/>\n\t<meta property=\"og:image:type\" content=\"image\/jpeg\" \/>\n<meta name=\"author\" content=\"Redacci\u00f3n\" \/>\n<meta name=\"twitter:card\" content=\"summary_large_image\" \/>\n<meta name=\"twitter:creator\" content=\"@edgartove\" \/>\n<meta name=\"twitter:site\" content=\"@edgartove\" \/>\n<meta name=\"twitter:label1\" content=\"Escrito por\" \/>\n\t<meta name=\"twitter:data1\" content=\"Redacci\u00f3n\" \/>\n\t<meta name=\"twitter:label2\" content=\"Tiempo de lectura\" \/>\n\t<meta name=\"twitter:data2\" content=\"1 minuto\" \/>\n<script type=\"application\/ld+json\" class=\"yoast-schema-graph\">{\"@context\":\"https:\/\/schema.org\",\"@graph\":[{\"@type\":\"Article\",\"@id\":\"https:\/\/masquenoticias.mx\/index.php\/2026\/04\/28\/cultura-colima-celebrara-el-dia-de-las-madres-con-concierto-tributo-al-divo-de-juarez\/#article\",\"isPartOf\":{\"@id\":\"https:\/\/masquenoticias.mx\/index.php\/2026\/04\/28\/cultura-colima-celebrara-el-dia-de-las-madres-con-concierto-tributo-al-divo-de-juarez\/\"},\"author\":{\"name\":\"Redacci\u00f3n\",\"@id\":\"https:\/\/masquenoticias.mx\/#\/schema\/person\/544d19989ef23d34615f691f7a96e622\"},\"headline\":\"Cultura Colima celebrar\u00e1 el D\u00eda de las Madres con concierto tributo al Divo de Ju\u00e1rez\",\"datePublished\":\"2026-04-29T00:36:15+00:00\",\"mainEntityOfPage\":{\"@id\":\"https:\/\/masquenoticias.mx\/index.php\/2026\/04\/28\/cultura-colima-celebrara-el-dia-de-las-madres-con-concierto-tributo-al-divo-de-juarez\/\"},\"wordCount\":195,\"commentCount\":0,\"publisher\":{\"@id\":\"https:\/\/masquenoticias.mx\/#organization\"},\"image\":{\"@id\":\"https:\/\/masquenoticias.mx\/index.php\/2026\/04\/28\/cultura-colima-celebrara-el-dia-de-las-madres-con-concierto-tributo-al-divo-de-juarez\/#primaryimage\"},\"thumbnailUrl\":\"https:\/\/i0.wp.com\/masquenoticias.mx\/wp-content\/uploads\/2026\/04\/WhatsApp-Image-2026-04-28-at-2.48.31-PM-1.jpeg?fit=1440%2C962&ssl=1\",\"keywords\":[\"Cultura\"],\"articleSection\":[\"Estado\"],\"inLanguage\":\"es\",\"potentialAction\":[{\"@type\":\"CommentAction\",\"name\":\"Comment\",\"target\":[\"https:\/\/masquenoticias.mx\/index.php\/2026\/04\/28\/cultura-colima-celebrara-el-dia-de-las-madres-con-concierto-tributo-al-divo-de-juarez\/#respond\"]}]},{\"@type\":\"WebPage\",\"@id\":\"https:\/\/masquenoticias.mx\/index.php\/2026\/04\/28\/cultura-colima-celebrara-el-dia-de-las-madres-con-concierto-tributo-al-divo-de-juarez\/\",\"url\":\"https:\/\/masquenoticias.mx\/index.php\/2026\/04\/28\/cultura-colima-celebrara-el-dia-de-las-madres-con-concierto-tributo-al-divo-de-juarez\/\",\"name\":\"Cultura Colima celebrar\u00e1 el D\u00eda de las Madres con concierto tributo al Divo de Ju\u00e1rez - M\u00e1s Que Noticias\",\"isPartOf\":{\"@id\":\"https:\/\/masquenoticias.mx\/#website\"},\"primaryImageOfPage\":{\"@id\":\"https:\/\/masquenoticias.mx\/index.php\/2026\/04\/28\/cultura-colima-celebrara-el-dia-de-las-madres-con-concierto-tributo-al-divo-de-juarez\/#primaryimage\"},\"image\":{\"@id\":\"https:\/\/masquenoticias.mx\/index.php\/2026\/04\/28\/cultura-colima-celebrara-el-dia-de-las-madres-con-concierto-tributo-al-divo-de-juarez\/#primaryimage\"},\"thumbnailUrl\":\"https:\/\/i0.wp.com\/masquenoticias.mx\/wp-content\/uploads\/2026\/04\/WhatsApp-Image-2026-04-28-at-2.48.31-PM-1.jpeg?fit=1440%2C962&ssl=1\",\"datePublished\":\"2026-04-29T00:36:15+00:00\",\"breadcrumb\":{\"@id\":\"https:\/\/masquenoticias.mx\/index.php\/2026\/04\/28\/cultura-colima-celebrara-el-dia-de-las-madres-con-concierto-tributo-al-divo-de-juarez\/#breadcrumb\"},\"inLanguage\":\"es\",\"potentialAction\":[{\"@type\":\"ReadAction\",\"target\":[\"https:\/\/masquenoticias.mx\/index.php\/2026\/04\/28\/cultura-colima-celebrara-el-dia-de-las-madres-con-concierto-tributo-al-divo-de-juarez\/\"]}]},{\"@type\":\"ImageObject\",\"inLanguage\":\"es\",\"@id\":\"https:\/\/masquenoticias.mx\/index.php\/2026\/04\/28\/cultura-colima-celebrara-el-dia-de-las-madres-con-concierto-tributo-al-divo-de-juarez\/#primaryimage\",\"url\":\"https:\/\/i0.wp.com\/masquenoticias.mx\/wp-content\/uploads\/2026\/04\/WhatsApp-Image-2026-04-28-at-2.48.31-PM-1.jpeg?fit=1440%2C962&ssl=1\",\"contentUrl\":\"https:\/\/i0.wp.com\/masquenoticias.mx\/wp-content\/uploads\/2026\/04\/WhatsApp-Image-2026-04-28-at-2.48.31-PM-1.jpeg?fit=1440%2C962&ssl=1\",\"width\":1440,\"height\":962},{\"@type\":\"BreadcrumbList\",\"@id\":\"https:\/\/masquenoticias.mx\/index.php\/2026\/04\/28\/cultura-colima-celebrara-el-dia-de-las-madres-con-concierto-tributo-al-divo-de-juarez\/#breadcrumb\",\"itemListElement\":[{\"@type\":\"ListItem\",\"position\":1,\"name\":\"Inicio\",\"item\":\"https:\/\/masquenoticias.mx\/\"},{\"@type\":\"ListItem\",\"position\":2,\"name\":\"Cultura Colima celebrar\u00e1 el D\u00eda de las Madres con concierto tributo al Divo de Ju\u00e1rez\"}]},{\"@type\":\"WebSite\",\"@id\":\"https:\/\/masquenoticias.mx\/#website\",\"url\":\"https:\/\/masquenoticias.mx\/\",\"name\":\"M\u00e1s Que Noticias\",\"description\":\"Noticias de Colima, M\u00e9xico y el Mundo\",\"publisher\":{\"@id\":\"https:\/\/masquenoticias.mx\/#organization\"},\"potentialAction\":[{\"@type\":\"SearchAction\",\"target\":{\"@type\":\"EntryPoint\",\"urlTemplate\":\"https:\/\/masquenoticias.mx\/?s={search_term_string}\"},\"query-input\":{\"@type\":\"PropertyValueSpecification\",\"valueRequired\":true,\"valueName\":\"search_term_string\"}}],\"inLanguage\":\"es\"},{\"@type\":\"Organization\",\"@id\":\"https:\/\/masquenoticias.mx\/#organization\",\"name\":\"M\u00e1s Que Noticias\",\"url\":\"https:\/\/masquenoticias.mx\/\",\"logo\":{\"@type\":\"ImageObject\",\"inLanguage\":\"es\",\"@id\":\"https:\/\/masquenoticias.mx\/#\/schema\/logo\/image\/\",\"url\":\"https:\/\/i0.wp.com\/masquenoticias.mx\/wp-content\/uploads\/2024\/04\/IMG_0004.png?fit=2560%2C1656&ssl=1\",\"contentUrl\":\"https:\/\/i0.wp.com\/masquenoticias.mx\/wp-content\/uploads\/2024\/04\/IMG_0004.png?fit=2560%2C1656&ssl=1\",\"width\":2560,\"height\":1656,\"caption\":\"M\u00e1s Que Noticias\"},\"image\":{\"@id\":\"https:\/\/masquenoticias.mx\/#\/schema\/logo\/image\/\"},\"sameAs\":[\"https:\/\/www.facebook.com\/masquenoticiascolima\",\"https:\/\/x.com\/edgartove\",\"https:\/\/www.instagram.com\/masquenoticiascolima\/\"]},{\"@type\":\"Person\",\"@id\":\"https:\/\/masquenoticias.mx\/#\/schema\/person\/544d19989ef23d34615f691f7a96e622\",\"name\":\"Redacci\u00f3n\",\"image\":{\"@type\":\"ImageObject\",\"inLanguage\":\"es\",\"@id\":\"https:\/\/masquenoticias.mx\/#\/schema\/person\/image\/\",\"url\":\"https:\/\/secure.gravatar.com\/avatar\/7fcc926d5b058d3f3d52d95b4d05dd58?s=96&d=mm&r=g\",\"contentUrl\":\"https:\/\/secure.gravatar.com\/avatar\/7fcc926d5b058d3f3d52d95b4d05dd58?s=96&d=mm&r=g\",\"caption\":\"Redacci\u00f3n\"},\"sameAs\":[\"http:\/\/masquenoticias.mx\"],\"url\":\"https:\/\/masquenoticias.mx\/index.php\/author\/edgartovegmail-com\/\"}]}<\/script>\n<!-- \/ Yoast SEO plugin. -->","yoast_head_json":{"title":"Cultura Colima celebrar\u00e1 el D\u00eda de las Madres con concierto tributo al Divo de Ju\u00e1rez - M\u00e1s Que Noticias","robots":{"index":"index","follow":"follow","max-snippet":"max-snippet:-1","max-image-preview":"max-image-preview:large","max-video-preview":"max-video-preview:-1"},"canonical":"https:\/\/masquenoticias.mx\/index.php\/2026\/04\/28\/cultura-colima-celebrara-el-dia-de-las-madres-con-concierto-tributo-al-divo-de-juarez\/","og_locale":"es_MX","og_type":"article","og_title":"Cultura Colima celebrar\u00e1 el D\u00eda de las Madres con concierto tributo al Divo de Ju\u00e1rez - M\u00e1s Que Noticias","og_description":"La Subsecretar\u00eda de Cultura del Gobierno del Estado de Colima que preside la mandataria Indira Vizca\u00edno Silva prepara un programa especial para celebrar el D\u00eda de las Madres y, entre las diversas actividades, destaca el concierto \u2018Amor Eterno: Sinfon\u00eda al Divo\u2019 que ofrecer\u00e1 la Banda Sinf\u00f3nica del Gobierno del Estado el viernes 8 de mayo, [&hellip;]","og_url":"https:\/\/masquenoticias.mx\/index.php\/2026\/04\/28\/cultura-colima-celebrara-el-dia-de-las-madres-con-concierto-tributo-al-divo-de-juarez\/","og_site_name":"M\u00e1s Que Noticias","article_publisher":"https:\/\/www.facebook.com\/masquenoticiascolima","article_published_time":"2026-04-29T00:36:15+00:00","og_image":[{"width":1440,"height":962,"url":"https:\/\/masquenoticias.mx\/wp-content\/uploads\/2026\/04\/WhatsApp-Image-2026-04-28-at-2.48.31-PM-1.jpeg","type":"image\/jpeg"}],"author":"Redacci\u00f3n","twitter_card":"summary_large_image","twitter_creator":"@edgartove","twitter_site":"@edgartove","twitter_misc":{"Escrito por":"Redacci\u00f3n","Tiempo de lectura":"1 minuto"},"schema":{"@context":"https:\/\/schema.org","@graph":[{"@type":"Article","@id":"https:\/\/masquenoticias.mx\/index.php\/2026\/04\/28\/cultura-colima-celebrara-el-dia-de-las-madres-con-concierto-tributo-al-divo-de-juarez\/#article","isPartOf":{"@id":"https:\/\/masquenoticias.mx\/index.php\/2026\/04\/28\/cultura-colima-celebrara-el-dia-de-las-madres-con-concierto-tributo-al-divo-de-juarez\/"},"author":{"name":"Redacci\u00f3n","@id":"https:\/\/masquenoticias.mx\/#\/schema\/person\/544d19989ef23d34615f691f7a96e622"},"headline":"Cultura Colima celebrar\u00e1 el D\u00eda de las Madres con concierto tributo al Divo de Ju\u00e1rez","datePublished":"2026-04-29T00:36:15+00:00","mainEntityOfPage":{"@id":"https:\/\/masquenoticias.mx\/index.php\/2026\/04\/28\/cultura-colima-celebrara-el-dia-de-las-madres-con-concierto-tributo-al-divo-de-juarez\/"},"wordCount":195,"commentCount":0,"publisher":{"@id":"https:\/\/masquenoticias.mx\/#organization"},"image":{"@id":"https:\/\/masquenoticias.mx\/index.php\/2026\/04\/28\/cultura-colima-celebrara-el-dia-de-las-madres-con-concierto-tributo-al-divo-de-juarez\/#primaryimage"},"thumbnailUrl":"https:\/\/i0.wp.com\/masquenoticias.mx\/wp-content\/uploads\/2026\/04\/WhatsApp-Image-2026-04-28-at-2.48.31-PM-1.jpeg?fit=1440%2C962&ssl=1","keywords":["Cultura"],"articleSection":["Estado"],"inLanguage":"es","potentialAction":[{"@type":"CommentAction","name":"Comment","target":["https:\/\/masquenoticias.mx\/index.php\/2026\/04\/28\/cultura-colima-celebrara-el-dia-de-las-madres-con-concierto-tributo-al-divo-de-juarez\/#respond"]}]},{"@type":"WebPage","@id":"https:\/\/masquenoticias.mx\/index.php\/2026\/04\/28\/cultura-colima-celebrara-el-dia-de-las-madres-con-concierto-tributo-al-divo-de-juarez\/","url":"https:\/\/masquenoticias.mx\/index.php\/2026\/04\/28\/cultura-colima-celebrara-el-dia-de-las-madres-con-concierto-tributo-al-divo-de-juarez\/","name":"Cultura Colima celebrar\u00e1 el D\u00eda de las Madres con concierto tributo al Divo de Ju\u00e1rez - M\u00e1s Que Noticias","isPartOf":{"@id":"https:\/\/masquenoticias.mx\/#website"},"primaryImageOfPage":{"@id":"https:\/\/masquenoticias.mx\/index.php\/2026\/04\/28\/cultura-colima-celebrara-el-dia-de-las-madres-con-concierto-tributo-al-divo-de-juarez\/#primaryimage"},"image":{"@id":"https:\/\/masquenoticias.mx\/index.php\/2026\/04\/28\/cultura-colima-celebrara-el-dia-de-las-madres-con-concierto-tributo-al-divo-de-juarez\/#primaryimage"},"thumbnailUrl":"https:\/\/i0.wp.com\/masquenoticias.mx\/wp-content\/uploads\/2026\/04\/WhatsApp-Image-2026-04-28-at-2.48.31-PM-1.jpeg?fit=1440%2C962&ssl=1","datePublished":"2026-04-29T00:36:15+00:00","breadcrumb":{"@id":"https:\/\/masquenoticias.mx\/index.php\/2026\/04\/28\/cultura-colima-celebrara-el-dia-de-las-madres-con-concierto-tributo-al-divo-de-juarez\/#breadcrumb"},"inLanguage":"es","potentialAction":[{"@type":"ReadAction","target":["https:\/\/masquenoticias.mx\/index.php\/2026\/04\/28\/cultura-colima-celebrara-el-dia-de-las-madres-con-concierto-tributo-al-divo-de-juarez\/"]}]},{"@type":"ImageObject","inLanguage":"es","@id":"https:\/\/masquenoticias.mx\/index.php\/2026\/04\/28\/cultura-colima-celebrara-el-dia-de-las-madres-con-concierto-tributo-al-divo-de-juarez\/#primaryimage","url":"https:\/\/i0.wp.com\/masquenoticias.mx\/wp-content\/uploads\/2026\/04\/WhatsApp-Image-2026-04-28-at-2.48.31-PM-1.jpeg?fit=1440%2C962&ssl=1","contentUrl":"https:\/\/i0.wp.com\/masquenoticias.mx\/wp-content\/uploads\/2026\/04\/WhatsApp-Image-2026-04-28-at-2.48.31-PM-1.jpeg?fit=1440%2C962&ssl=1","width":1440,"height":962},{"@type":"BreadcrumbList","@id":"https:\/\/masquenoticias.mx\/index.php\/2026\/04\/28\/cultura-colima-celebrara-el-dia-de-las-madres-con-concierto-tributo-al-divo-de-juarez\/#breadcrumb","itemListElement":[{"@type":"ListItem","position":1,"name":"Inicio","item":"https:\/\/masquenoticias.mx\/"},{"@type":"ListItem","position":2,"name":"Cultura Colima celebrar\u00e1 el D\u00eda de las Madres con concierto tributo al Divo de Ju\u00e1rez"}]},{"@type":"WebSite","@id":"https:\/\/masquenoticias.mx\/#website","url":"https:\/\/masquenoticias.mx\/","name":"M\u00e1s Que Noticias","description":"Noticias de Colima, M\u00e9xico y el Mundo","publisher":{"@id":"https:\/\/masquenoticias.mx\/#organization"},"potentialAction":[{"@type":"SearchAction","target":{"@type":"EntryPoint","urlTemplate":"https:\/\/masquenoticias.mx\/?s={search_term_string}"},"query-input":{"@type":"PropertyValueSpecification","valueRequired":true,"valueName":"search_term_string"}}],"inLanguage":"es"},{"@type":"Organization","@id":"https:\/\/masquenoticias.mx\/#organization","name":"M\u00e1s Que Noticias","url":"https:\/\/masquenoticias.mx\/","logo":{"@type":"ImageObject","inLanguage":"es","@id":"https:\/\/masquenoticias.mx\/#\/schema\/logo\/image\/","url":"https:\/\/i0.wp.com\/masquenoticias.mx\/wp-content\/uploads\/2024\/04\/IMG_0004.png?fit=2560%2C1656&ssl=1","contentUrl":"https:\/\/i0.wp.com\/masquenoticias.mx\/wp-content\/uploads\/2024\/04\/IMG_0004.png?fit=2560%2C1656&ssl=1","width":2560,"height":1656,"caption":"M\u00e1s Que Noticias"},"image":{"@id":"https:\/\/masquenoticias.mx\/#\/schema\/logo\/image\/"},"sameAs":["https:\/\/www.facebook.com\/masquenoticiascolima","https:\/\/x.com\/edgartove","https:\/\/www.instagram.com\/masquenoticiascolima\/"]},{"@type":"Person","@id":"https:\/\/masquenoticias.mx\/#\/schema\/person\/544d19989ef23d34615f691f7a96e622","name":"Redacci\u00f3n","image":{"@type":"ImageObject","inLanguage":"es","@id":"https:\/\/masquenoticias.mx\/#\/schema\/person\/image\/","url":"https:\/\/secure.gravatar.com\/avatar\/7fcc926d5b058d3f3d52d95b4d05dd58?s=96&d=mm&r=g","contentUrl":"https:\/\/secure.gravatar.com\/avatar\/7fcc926d5b058d3f3d52d95b4d05dd58?s=96&d=mm&r=g","caption":"Redacci\u00f3n"},"sameAs":["http:\/\/masquenoticias.mx"],"url":"https:\/\/masquenoticias.mx\/index.php\/author\/edgartovegmail-com\/"}]}},"jetpack_featured_media_url":"https:\/\/i0.wp.com\/masquenoticias.mx\/wp-content\/uploads\/2026\/04\/WhatsApp-Image-2026-04-28-at-2.48.31-PM-1.jpeg?fit=1440%2C962&ssl=1","blog_post_layout_featured_media_urls":{"thumbnail":["https:\/\/i0.wp.com\/masquenoticias.mx\/wp-content\/uploads\/2026\/04\/WhatsApp-Image-2026-04-28-at-2.48.31-PM-1.jpeg?resize=150%2C150&ssl=1",150,150,true],"full":["https:\/\/i0.wp.com\/masquenoticias.mx\/wp-content\/uploads\/2026\/04\/WhatsApp-Image-2026-04-28-at-2.48.31-PM-1.jpeg?fit=1440%2C962&ssl=1",1440,962,false]},"categories_names":{"24":{"name":"Estado","link":"https:\/\/masquenoticias.mx\/index.php\/category\/estado\/"}},"tags_names":{"118":{"name":"Cultura","link":"https:\/\/masquenoticias.mx\/index.php\/tag\/cultura\/"}},"comments_number":"0","wpmagazine_modules_lite_featured_media_urls":{"thumbnail":["https:\/\/i0.wp.com\/masquenoticias.mx\/wp-content\/uploads\/2026\/04\/WhatsApp-Image-2026-04-28-at-2.48.31-PM-1.jpeg?resize=150%2C150&ssl=1",150,150,true],"cvmm-medium":["https:\/\/i0.wp.com\/masquenoticias.mx\/wp-content\/uploads\/2026\/04\/WhatsApp-Image-2026-04-28-at-2.48.31-PM-1.jpeg?resize=300%2C300&ssl=1",300,300,true],"cvmm-medium-plus":["https:\/\/i0.wp.com\/masquenoticias.mx\/wp-content\/uploads\/2026\/04\/WhatsApp-Image-2026-04-28-at-2.48.31-PM-1.jpeg?resize=305%2C207&ssl=1",305,207,true],"cvmm-portrait":["https:\/\/i0.wp.com\/masquenoticias.mx\/wp-content\/uploads\/2026\/04\/WhatsApp-Image-2026-04-28-at-2.48.31-PM-1.jpeg?resize=400%2C600&ssl=1",400,600,true],"cvmm-medium-square":["https:\/\/i0.wp.com\/masquenoticias.mx\/wp-content\/uploads\/2026\/04\/WhatsApp-Image-2026-04-28-at-2.48.31-PM-1.jpeg?resize=600%2C600&ssl=1",600,600,true],"cvmm-large":["https:\/\/i0.wp.com\/masquenoticias.mx\/wp-content\/uploads\/2026\/04\/WhatsApp-Image-2026-04-28-at-2.48.31-PM-1.jpeg?resize=1024%2C962&ssl=1",1024,962,true],"cvmm-small":["https:\/\/i0.wp.com\/masquenoticias.mx\/wp-content\/uploads\/2026\/04\/WhatsApp-Image-2026-04-28-at-2.48.31-PM-1.jpeg?resize=130%2C95&ssl=1",130,95,true],"full":["https:\/\/i0.wp.com\/masquenoticias.mx\/wp-content\/uploads\/2026\/04\/WhatsApp-Image-2026-04-28-at-2.48.31-PM-1.jpeg?fit=1440%2C962&ssl=1",1440,962,false]},"jetpack-related-posts":[],"jetpack_sharing_enabled":true,"jetpack_likes_enabled":true,"jetpack_shortlink":"https:\/\/wp.me\/pf7pkt-5St","_links":{"self":[{"href":"https:\/\/masquenoticias.mx\/index.php\/wp-json\/wp\/v2\/posts\/22597","targetHints":{"allow":["GET"]}}],"collection":[{"href":"https:\/\/masquenoticias.mx\/index.php\/wp-json\/wp\/v2\/posts"}],"about":[{"href":"https:\/\/masquenoticias.mx\/index.php\/wp-json\/wp\/v2\/types\/post"}],"author":[{"embeddable":true,"href":"https:\/\/masquenoticias.mx\/index.php\/wp-json\/wp\/v2\/users\/1"}],"replies":[{"embeddable":true,"href":"https:\/\/masquenoticias.mx\/index.php\/wp-json\/wp\/v2\/comments?post=22597"}],"version-history":[{"count":1,"href":"https:\/\/masquenoticias.mx\/index.php\/wp-json\/wp\/v2\/posts\/22597\/revisions"}],"predecessor-version":[{"id":22599,"href":"https:\/\/masquenoticias.mx\/index.php\/wp-json\/wp\/v2\/posts\/22597\/revisions\/22599"}],"wp:featuredmedia":[{"embeddable":true,"href":"https:\/\/masquenoticias.mx\/index.php\/wp-json\/wp\/v2\/media\/22598"}],"wp:attachment":[{"href":"https:\/\/masquenoticias.mx\/index.php\/wp-json\/wp\/v2\/media?parent=22597"}],"wp:term":[{"taxonomy":"category","embeddable":true,"href":"https:\/\/masquenoticias.mx\/index.php\/wp-json\/wp\/v2\/categories?post=22597"},{"taxonomy":"post_tag","embeddable":true,"href":"https:\/\/masquenoticias.mx\/index.php\/wp-json\/wp\/v2\/tags?post=22597"}],"curies":[{"name":"wp","href":"https:\/\/api.w.org\/{rel}","templated":true}]}}