{"id":22594,"date":"2026-04-28T18:34:49","date_gmt":"2026-04-29T00:34:49","guid":{"rendered":"https:\/\/masquenoticias.mx\/?p=22594"},"modified":"2026-04-28T18:34:49","modified_gmt":"2026-04-29T00:34:49","slug":"recibe-crum-colima-reconocimiento-internacional-diamond-status-por-excelencia-en-atencion-de-emergencias","status":"publish","type":"post","link":"https:\/\/masquenoticias.mx\/index.php\/2026\/04\/28\/recibe-crum-colima-reconocimiento-internacional-diamond-status-por-excelencia-en-atencion-de-emergencias\/","title":{"rendered":"Recibe CRUM Colima reconocimiento internacional Diamond Status, por excelencia en atenci\u00f3n de emergencias"},"content":{"rendered":"<p>La Unidad Estatal de Protecci\u00f3n Civil del Gobierno del Estado de Colima informa que el Centro Regulador de Urgencias M\u00e9dicas (CRUM) de la Secretar\u00eda de Salud en la entidad, fue distinguido con el reconocimiento internacional &#8216;Diamond Status&#8217; de los EMS Angels Awards, destacando la calidad, preparaci\u00f3n y compromiso del personal en la atenci\u00f3n prehospitalaria.<\/p>\n<p>Este logro refleja el trabajo coordinado del equipo del CRUM, encabezado por su coordinador Netzahualc\u00f3yotl Mor\u00e1n Soltero y un gran equipo de param\u00e9dicos. Gracias a su labor han impulsado la mejora continua en los protocolos de atenci\u00f3n a pacientes, especialmente en casos cr\u00edticos como el accidente cerebrovascular, donde la respuesta oportuna puede marcar la diferencia entre la vida y la discapacidad permanente.<\/p>\n<p>Con este avance, la administraci\u00f3n estatal que encabeza la gobernadora Indira Vizca\u00edno Silva reafirma su compromiso de continuar fortaleciendo los servicios de emergencia y salud, priorizando la atenci\u00f3n oportuna y profesional para toda la poblaci\u00f3n colimense. #Protecci\u00f3nCivilSomosTodasYTodos<\/p>\n","protected":false},"excerpt":{"rendered":"<p>La Unidad Estatal de Protecci\u00f3n Civil del Gobierno del Estado de Colima informa que el Centro Regulador de Urgencias M\u00e9dicas (CRUM) de la Secretar\u00eda de Salud en la entidad, fue distinguido con el reconocimiento internacional &#8216;Diamond Status&#8217; de los EMS Angels Awards, destacando la calidad, preparaci\u00f3n y compromiso del personal en la atenci\u00f3n prehospitalaria. Este [&hellip;]<\/p>\n","protected":false},"author":1,"featured_media":22595,"comment_status":"open","ping_status":"open","sticky":false,"template":"","format":"standard","meta":{"_jetpack_memberships_contains_paid_content":false,"footnotes":""},"categories":[24],"tags":[240],"class_list":["post-22594","post","type-post","status-publish","format-standard","has-post-thumbnail","hentry","category-estado","tag-pc-estatal"],"yoast_head":"<!-- This site is optimized with the Yoast SEO plugin v26.6 - https:\/\/yoast.com\/wordpress\/plugins\/seo\/ -->\n<title>Recibe CRUM Colima reconocimiento internacional Diamond Status, por excelencia en atenci\u00f3n de emergencias - M\u00e1s Que Noticias<\/title>\n<meta name=\"robots\" content=\"index, follow, max-snippet:-1, max-image-preview:large, max-video-preview:-1\" \/>\n<link rel=\"canonical\" href=\"https:\/\/masquenoticias.mx\/index.php\/2026\/04\/28\/recibe-crum-colima-reconocimiento-internacional-diamond-status-por-excelencia-en-atencion-de-emergencias\/\" \/>\n<meta property=\"og:locale\" content=\"es_MX\" \/>\n<meta property=\"og:type\" content=\"article\" \/>\n<meta property=\"og:title\" content=\"Recibe CRUM Colima reconocimiento internacional Diamond Status, por excelencia en atenci\u00f3n de emergencias - M\u00e1s Que Noticias\" \/>\n<meta property=\"og:description\" content=\"La Unidad Estatal de Protecci\u00f3n Civil del Gobierno del Estado de Colima informa que el Centro Regulador de Urgencias M\u00e9dicas (CRUM) de la Secretar\u00eda de Salud en la entidad, fue distinguido con el reconocimiento internacional &#8216;Diamond Status&#8217; de los EMS Angels Awards, destacando la calidad, preparaci\u00f3n y compromiso del personal en la atenci\u00f3n prehospitalaria. Este [&hellip;]\" \/>\n<meta property=\"og:url\" content=\"https:\/\/masquenoticias.mx\/index.php\/2026\/04\/28\/recibe-crum-colima-reconocimiento-internacional-diamond-status-por-excelencia-en-atencion-de-emergencias\/\" \/>\n<meta property=\"og:site_name\" content=\"M\u00e1s Que Noticias\" \/>\n<meta property=\"article:publisher\" content=\"https:\/\/www.facebook.com\/masquenoticiascolima\" \/>\n<meta property=\"article:published_time\" content=\"2026-04-29T00:34:49+00:00\" \/>\n<meta property=\"og:image\" content=\"https:\/\/masquenoticias.mx\/wp-content\/uploads\/2026\/04\/WhatsApp-Image-2026-04-28-at-2.34.57-PM.jpeg\" \/>\n\t<meta property=\"og:image:width\" content=\"1599\" \/>\n\t<meta property=\"og:image:height\" content=\"899\" \/>\n\t<meta property=\"og:image:type\" content=\"image\/jpeg\" \/>\n<meta name=\"author\" content=\"Redacci\u00f3n\" \/>\n<meta name=\"twitter:card\" content=\"summary_large_image\" \/>\n<meta name=\"twitter:creator\" content=\"@edgartove\" \/>\n<meta name=\"twitter:site\" content=\"@edgartove\" \/>\n<meta name=\"twitter:label1\" content=\"Escrito por\" \/>\n\t<meta name=\"twitter:data1\" content=\"Redacci\u00f3n\" \/>\n\t<meta name=\"twitter:label2\" content=\"Tiempo de lectura\" \/>\n\t<meta name=\"twitter:data2\" content=\"1 minuto\" \/>\n<script type=\"application\/ld+json\" class=\"yoast-schema-graph\">{\"@context\":\"https:\/\/schema.org\",\"@graph\":[{\"@type\":\"Article\",\"@id\":\"https:\/\/masquenoticias.mx\/index.php\/2026\/04\/28\/recibe-crum-colima-reconocimiento-internacional-diamond-status-por-excelencia-en-atencion-de-emergencias\/#article\",\"isPartOf\":{\"@id\":\"https:\/\/masquenoticias.mx\/index.php\/2026\/04\/28\/recibe-crum-colima-reconocimiento-internacional-diamond-status-por-excelencia-en-atencion-de-emergencias\/\"},\"author\":{\"name\":\"Redacci\u00f3n\",\"@id\":\"https:\/\/masquenoticias.mx\/#\/schema\/person\/544d19989ef23d34615f691f7a96e622\"},\"headline\":\"Recibe CRUM Colima reconocimiento internacional Diamond Status, por excelencia en atenci\u00f3n de emergencias\",\"datePublished\":\"2026-04-29T00:34:49+00:00\",\"mainEntityOfPage\":{\"@id\":\"https:\/\/masquenoticias.mx\/index.php\/2026\/04\/28\/recibe-crum-colima-reconocimiento-internacional-diamond-status-por-excelencia-en-atencion-de-emergencias\/\"},\"wordCount\":182,\"commentCount\":0,\"publisher\":{\"@id\":\"https:\/\/masquenoticias.mx\/#organization\"},\"image\":{\"@id\":\"https:\/\/masquenoticias.mx\/index.php\/2026\/04\/28\/recibe-crum-colima-reconocimiento-internacional-diamond-status-por-excelencia-en-atencion-de-emergencias\/#primaryimage\"},\"thumbnailUrl\":\"https:\/\/i0.wp.com\/masquenoticias.mx\/wp-content\/uploads\/2026\/04\/WhatsApp-Image-2026-04-28-at-2.34.57-PM.jpeg?fit=1599%2C899&ssl=1\",\"keywords\":[\"PC Estatal\"],\"articleSection\":[\"Estado\"],\"inLanguage\":\"es\",\"potentialAction\":[{\"@type\":\"CommentAction\",\"name\":\"Comment\",\"target\":[\"https:\/\/masquenoticias.mx\/index.php\/2026\/04\/28\/recibe-crum-colima-reconocimiento-internacional-diamond-status-por-excelencia-en-atencion-de-emergencias\/#respond\"]}]},{\"@type\":\"WebPage\",\"@id\":\"https:\/\/masquenoticias.mx\/index.php\/2026\/04\/28\/recibe-crum-colima-reconocimiento-internacional-diamond-status-por-excelencia-en-atencion-de-emergencias\/\",\"url\":\"https:\/\/masquenoticias.mx\/index.php\/2026\/04\/28\/recibe-crum-colima-reconocimiento-internacional-diamond-status-por-excelencia-en-atencion-de-emergencias\/\",\"name\":\"Recibe CRUM Colima reconocimiento internacional Diamond Status, por excelencia en atenci\u00f3n de emergencias - M\u00e1s Que Noticias\",\"isPartOf\":{\"@id\":\"https:\/\/masquenoticias.mx\/#website\"},\"primaryImageOfPage\":{\"@id\":\"https:\/\/masquenoticias.mx\/index.php\/2026\/04\/28\/recibe-crum-colima-reconocimiento-internacional-diamond-status-por-excelencia-en-atencion-de-emergencias\/#primaryimage\"},\"image\":{\"@id\":\"https:\/\/masquenoticias.mx\/index.php\/2026\/04\/28\/recibe-crum-colima-reconocimiento-internacional-diamond-status-por-excelencia-en-atencion-de-emergencias\/#primaryimage\"},\"thumbnailUrl\":\"https:\/\/i0.wp.com\/masquenoticias.mx\/wp-content\/uploads\/2026\/04\/WhatsApp-Image-2026-04-28-at-2.34.57-PM.jpeg?fit=1599%2C899&ssl=1\",\"datePublished\":\"2026-04-29T00:34:49+00:00\",\"breadcrumb\":{\"@id\":\"https:\/\/masquenoticias.mx\/index.php\/2026\/04\/28\/recibe-crum-colima-reconocimiento-internacional-diamond-status-por-excelencia-en-atencion-de-emergencias\/#breadcrumb\"},\"inLanguage\":\"es\",\"potentialAction\":[{\"@type\":\"ReadAction\",\"target\":[\"https:\/\/masquenoticias.mx\/index.php\/2026\/04\/28\/recibe-crum-colima-reconocimiento-internacional-diamond-status-por-excelencia-en-atencion-de-emergencias\/\"]}]},{\"@type\":\"ImageObject\",\"inLanguage\":\"es\",\"@id\":\"https:\/\/masquenoticias.mx\/index.php\/2026\/04\/28\/recibe-crum-colima-reconocimiento-internacional-diamond-status-por-excelencia-en-atencion-de-emergencias\/#primaryimage\",\"url\":\"https:\/\/i0.wp.com\/masquenoticias.mx\/wp-content\/uploads\/2026\/04\/WhatsApp-Image-2026-04-28-at-2.34.57-PM.jpeg?fit=1599%2C899&ssl=1\",\"contentUrl\":\"https:\/\/i0.wp.com\/masquenoticias.mx\/wp-content\/uploads\/2026\/04\/WhatsApp-Image-2026-04-28-at-2.34.57-PM.jpeg?fit=1599%2C899&ssl=1\",\"width\":1599,\"height\":899},{\"@type\":\"BreadcrumbList\",\"@id\":\"https:\/\/masquenoticias.mx\/index.php\/2026\/04\/28\/recibe-crum-colima-reconocimiento-internacional-diamond-status-por-excelencia-en-atencion-de-emergencias\/#breadcrumb\",\"itemListElement\":[{\"@type\":\"ListItem\",\"position\":1,\"name\":\"Inicio\",\"item\":\"https:\/\/masquenoticias.mx\/\"},{\"@type\":\"ListItem\",\"position\":2,\"name\":\"Recibe CRUM Colima reconocimiento internacional Diamond Status, por excelencia en atenci\u00f3n de emergencias\"}]},{\"@type\":\"WebSite\",\"@id\":\"https:\/\/masquenoticias.mx\/#website\",\"url\":\"https:\/\/masquenoticias.mx\/\",\"name\":\"M\u00e1s Que Noticias\",\"description\":\"Noticias de Colima, M\u00e9xico y el Mundo\",\"publisher\":{\"@id\":\"https:\/\/masquenoticias.mx\/#organization\"},\"potentialAction\":[{\"@type\":\"SearchAction\",\"target\":{\"@type\":\"EntryPoint\",\"urlTemplate\":\"https:\/\/masquenoticias.mx\/?s={search_term_string}\"},\"query-input\":{\"@type\":\"PropertyValueSpecification\",\"valueRequired\":true,\"valueName\":\"search_term_string\"}}],\"inLanguage\":\"es\"},{\"@type\":\"Organization\",\"@id\":\"https:\/\/masquenoticias.mx\/#organization\",\"name\":\"M\u00e1s Que Noticias\",\"url\":\"https:\/\/masquenoticias.mx\/\",\"logo\":{\"@type\":\"ImageObject\",\"inLanguage\":\"es\",\"@id\":\"https:\/\/masquenoticias.mx\/#\/schema\/logo\/image\/\",\"url\":\"https:\/\/i0.wp.com\/masquenoticias.mx\/wp-content\/uploads\/2024\/04\/IMG_0004.png?fit=2560%2C1656&ssl=1\",\"contentUrl\":\"https:\/\/i0.wp.com\/masquenoticias.mx\/wp-content\/uploads\/2024\/04\/IMG_0004.png?fit=2560%2C1656&ssl=1\",\"width\":2560,\"height\":1656,\"caption\":\"M\u00e1s Que Noticias\"},\"image\":{\"@id\":\"https:\/\/masquenoticias.mx\/#\/schema\/logo\/image\/\"},\"sameAs\":[\"https:\/\/www.facebook.com\/masquenoticiascolima\",\"https:\/\/x.com\/edgartove\",\"https:\/\/www.instagram.com\/masquenoticiascolima\/\"]},{\"@type\":\"Person\",\"@id\":\"https:\/\/masquenoticias.mx\/#\/schema\/person\/544d19989ef23d34615f691f7a96e622\",\"name\":\"Redacci\u00f3n\",\"image\":{\"@type\":\"ImageObject\",\"inLanguage\":\"es\",\"@id\":\"https:\/\/masquenoticias.mx\/#\/schema\/person\/image\/\",\"url\":\"https:\/\/secure.gravatar.com\/avatar\/7fcc926d5b058d3f3d52d95b4d05dd58?s=96&d=mm&r=g\",\"contentUrl\":\"https:\/\/secure.gravatar.com\/avatar\/7fcc926d5b058d3f3d52d95b4d05dd58?s=96&d=mm&r=g\",\"caption\":\"Redacci\u00f3n\"},\"sameAs\":[\"http:\/\/masquenoticias.mx\"],\"url\":\"https:\/\/masquenoticias.mx\/index.php\/author\/edgartovegmail-com\/\"}]}<\/script>\n<!-- \/ Yoast SEO plugin. -->","yoast_head_json":{"title":"Recibe CRUM Colima reconocimiento internacional Diamond Status, por excelencia en atenci\u00f3n de emergencias - M\u00e1s Que Noticias","robots":{"index":"index","follow":"follow","max-snippet":"max-snippet:-1","max-image-preview":"max-image-preview:large","max-video-preview":"max-video-preview:-1"},"canonical":"https:\/\/masquenoticias.mx\/index.php\/2026\/04\/28\/recibe-crum-colima-reconocimiento-internacional-diamond-status-por-excelencia-en-atencion-de-emergencias\/","og_locale":"es_MX","og_type":"article","og_title":"Recibe CRUM Colima reconocimiento internacional Diamond Status, por excelencia en atenci\u00f3n de emergencias - M\u00e1s Que Noticias","og_description":"La Unidad Estatal de Protecci\u00f3n Civil del Gobierno del Estado de Colima informa que el Centro Regulador de Urgencias M\u00e9dicas (CRUM) de la Secretar\u00eda de Salud en la entidad, fue distinguido con el reconocimiento internacional &#8216;Diamond Status&#8217; de los EMS Angels Awards, destacando la calidad, preparaci\u00f3n y compromiso del personal en la atenci\u00f3n prehospitalaria. Este [&hellip;]","og_url":"https:\/\/masquenoticias.mx\/index.php\/2026\/04\/28\/recibe-crum-colima-reconocimiento-internacional-diamond-status-por-excelencia-en-atencion-de-emergencias\/","og_site_name":"M\u00e1s Que Noticias","article_publisher":"https:\/\/www.facebook.com\/masquenoticiascolima","article_published_time":"2026-04-29T00:34:49+00:00","og_image":[{"width":1599,"height":899,"url":"https:\/\/masquenoticias.mx\/wp-content\/uploads\/2026\/04\/WhatsApp-Image-2026-04-28-at-2.34.57-PM.jpeg","type":"image\/jpeg"}],"author":"Redacci\u00f3n","twitter_card":"summary_large_image","twitter_creator":"@edgartove","twitter_site":"@edgartove","twitter_misc":{"Escrito por":"Redacci\u00f3n","Tiempo de lectura":"1 minuto"},"schema":{"@context":"https:\/\/schema.org","@graph":[{"@type":"Article","@id":"https:\/\/masquenoticias.mx\/index.php\/2026\/04\/28\/recibe-crum-colima-reconocimiento-internacional-diamond-status-por-excelencia-en-atencion-de-emergencias\/#article","isPartOf":{"@id":"https:\/\/masquenoticias.mx\/index.php\/2026\/04\/28\/recibe-crum-colima-reconocimiento-internacional-diamond-status-por-excelencia-en-atencion-de-emergencias\/"},"author":{"name":"Redacci\u00f3n","@id":"https:\/\/masquenoticias.mx\/#\/schema\/person\/544d19989ef23d34615f691f7a96e622"},"headline":"Recibe CRUM Colima reconocimiento internacional Diamond Status, por excelencia en atenci\u00f3n de emergencias","datePublished":"2026-04-29T00:34:49+00:00","mainEntityOfPage":{"@id":"https:\/\/masquenoticias.mx\/index.php\/2026\/04\/28\/recibe-crum-colima-reconocimiento-internacional-diamond-status-por-excelencia-en-atencion-de-emergencias\/"},"wordCount":182,"commentCount":0,"publisher":{"@id":"https:\/\/masquenoticias.mx\/#organization"},"image":{"@id":"https:\/\/masquenoticias.mx\/index.php\/2026\/04\/28\/recibe-crum-colima-reconocimiento-internacional-diamond-status-por-excelencia-en-atencion-de-emergencias\/#primaryimage"},"thumbnailUrl":"https:\/\/i0.wp.com\/masquenoticias.mx\/wp-content\/uploads\/2026\/04\/WhatsApp-Image-2026-04-28-at-2.34.57-PM.jpeg?fit=1599%2C899&ssl=1","keywords":["PC Estatal"],"articleSection":["Estado"],"inLanguage":"es","potentialAction":[{"@type":"CommentAction","name":"Comment","target":["https:\/\/masquenoticias.mx\/index.php\/2026\/04\/28\/recibe-crum-colima-reconocimiento-internacional-diamond-status-por-excelencia-en-atencion-de-emergencias\/#respond"]}]},{"@type":"WebPage","@id":"https:\/\/masquenoticias.mx\/index.php\/2026\/04\/28\/recibe-crum-colima-reconocimiento-internacional-diamond-status-por-excelencia-en-atencion-de-emergencias\/","url":"https:\/\/masquenoticias.mx\/index.php\/2026\/04\/28\/recibe-crum-colima-reconocimiento-internacional-diamond-status-por-excelencia-en-atencion-de-emergencias\/","name":"Recibe CRUM Colima reconocimiento internacional Diamond Status, por excelencia en atenci\u00f3n de emergencias - M\u00e1s Que Noticias","isPartOf":{"@id":"https:\/\/masquenoticias.mx\/#website"},"primaryImageOfPage":{"@id":"https:\/\/masquenoticias.mx\/index.php\/2026\/04\/28\/recibe-crum-colima-reconocimiento-internacional-diamond-status-por-excelencia-en-atencion-de-emergencias\/#primaryimage"},"image":{"@id":"https:\/\/masquenoticias.mx\/index.php\/2026\/04\/28\/recibe-crum-colima-reconocimiento-internacional-diamond-status-por-excelencia-en-atencion-de-emergencias\/#primaryimage"},"thumbnailUrl":"https:\/\/i0.wp.com\/masquenoticias.mx\/wp-content\/uploads\/2026\/04\/WhatsApp-Image-2026-04-28-at-2.34.57-PM.jpeg?fit=1599%2C899&ssl=1","datePublished":"2026-04-29T00:34:49+00:00","breadcrumb":{"@id":"https:\/\/masquenoticias.mx\/index.php\/2026\/04\/28\/recibe-crum-colima-reconocimiento-internacional-diamond-status-por-excelencia-en-atencion-de-emergencias\/#breadcrumb"},"inLanguage":"es","potentialAction":[{"@type":"ReadAction","target":["https:\/\/masquenoticias.mx\/index.php\/2026\/04\/28\/recibe-crum-colima-reconocimiento-internacional-diamond-status-por-excelencia-en-atencion-de-emergencias\/"]}]},{"@type":"ImageObject","inLanguage":"es","@id":"https:\/\/masquenoticias.mx\/index.php\/2026\/04\/28\/recibe-crum-colima-reconocimiento-internacional-diamond-status-por-excelencia-en-atencion-de-emergencias\/#primaryimage","url":"https:\/\/i0.wp.com\/masquenoticias.mx\/wp-content\/uploads\/2026\/04\/WhatsApp-Image-2026-04-28-at-2.34.57-PM.jpeg?fit=1599%2C899&ssl=1","contentUrl":"https:\/\/i0.wp.com\/masquenoticias.mx\/wp-content\/uploads\/2026\/04\/WhatsApp-Image-2026-04-28-at-2.34.57-PM.jpeg?fit=1599%2C899&ssl=1","width":1599,"height":899},{"@type":"BreadcrumbList","@id":"https:\/\/masquenoticias.mx\/index.php\/2026\/04\/28\/recibe-crum-colima-reconocimiento-internacional-diamond-status-por-excelencia-en-atencion-de-emergencias\/#breadcrumb","itemListElement":[{"@type":"ListItem","position":1,"name":"Inicio","item":"https:\/\/masquenoticias.mx\/"},{"@type":"ListItem","position":2,"name":"Recibe CRUM Colima reconocimiento internacional Diamond Status, por excelencia en atenci\u00f3n de emergencias"}]},{"@type":"WebSite","@id":"https:\/\/masquenoticias.mx\/#website","url":"https:\/\/masquenoticias.mx\/","name":"M\u00e1s Que Noticias","description":"Noticias de Colima, M\u00e9xico y el Mundo","publisher":{"@id":"https:\/\/masquenoticias.mx\/#organization"},"potentialAction":[{"@type":"SearchAction","target":{"@type":"EntryPoint","urlTemplate":"https:\/\/masquenoticias.mx\/?s={search_term_string}"},"query-input":{"@type":"PropertyValueSpecification","valueRequired":true,"valueName":"search_term_string"}}],"inLanguage":"es"},{"@type":"Organization","@id":"https:\/\/masquenoticias.mx\/#organization","name":"M\u00e1s Que Noticias","url":"https:\/\/masquenoticias.mx\/","logo":{"@type":"ImageObject","inLanguage":"es","@id":"https:\/\/masquenoticias.mx\/#\/schema\/logo\/image\/","url":"https:\/\/i0.wp.com\/masquenoticias.mx\/wp-content\/uploads\/2024\/04\/IMG_0004.png?fit=2560%2C1656&ssl=1","contentUrl":"https:\/\/i0.wp.com\/masquenoticias.mx\/wp-content\/uploads\/2024\/04\/IMG_0004.png?fit=2560%2C1656&ssl=1","width":2560,"height":1656,"caption":"M\u00e1s Que Noticias"},"image":{"@id":"https:\/\/masquenoticias.mx\/#\/schema\/logo\/image\/"},"sameAs":["https:\/\/www.facebook.com\/masquenoticiascolima","https:\/\/x.com\/edgartove","https:\/\/www.instagram.com\/masquenoticiascolima\/"]},{"@type":"Person","@id":"https:\/\/masquenoticias.mx\/#\/schema\/person\/544d19989ef23d34615f691f7a96e622","name":"Redacci\u00f3n","image":{"@type":"ImageObject","inLanguage":"es","@id":"https:\/\/masquenoticias.mx\/#\/schema\/person\/image\/","url":"https:\/\/secure.gravatar.com\/avatar\/7fcc926d5b058d3f3d52d95b4d05dd58?s=96&d=mm&r=g","contentUrl":"https:\/\/secure.gravatar.com\/avatar\/7fcc926d5b058d3f3d52d95b4d05dd58?s=96&d=mm&r=g","caption":"Redacci\u00f3n"},"sameAs":["http:\/\/masquenoticias.mx"],"url":"https:\/\/masquenoticias.mx\/index.php\/author\/edgartovegmail-com\/"}]}},"jetpack_featured_media_url":"https:\/\/i0.wp.com\/masquenoticias.mx\/wp-content\/uploads\/2026\/04\/WhatsApp-Image-2026-04-28-at-2.34.57-PM.jpeg?fit=1599%2C899&ssl=1","blog_post_layout_featured_media_urls":{"thumbnail":["https:\/\/i0.wp.com\/masquenoticias.mx\/wp-content\/uploads\/2026\/04\/WhatsApp-Image-2026-04-28-at-2.34.57-PM.jpeg?resize=150%2C150&ssl=1",150,150,true],"full":["https:\/\/i0.wp.com\/masquenoticias.mx\/wp-content\/uploads\/2026\/04\/WhatsApp-Image-2026-04-28-at-2.34.57-PM.jpeg?fit=1599%2C899&ssl=1",1599,899,false]},"categories_names":{"24":{"name":"Estado","link":"https:\/\/masquenoticias.mx\/index.php\/category\/estado\/"}},"tags_names":{"240":{"name":"PC Estatal","link":"https:\/\/masquenoticias.mx\/index.php\/tag\/pc-estatal\/"}},"comments_number":"0","wpmagazine_modules_lite_featured_media_urls":{"thumbnail":["https:\/\/i0.wp.com\/masquenoticias.mx\/wp-content\/uploads\/2026\/04\/WhatsApp-Image-2026-04-28-at-2.34.57-PM.jpeg?resize=150%2C150&ssl=1",150,150,true],"cvmm-medium":["https:\/\/i0.wp.com\/masquenoticias.mx\/wp-content\/uploads\/2026\/04\/WhatsApp-Image-2026-04-28-at-2.34.57-PM.jpeg?resize=300%2C300&ssl=1",300,300,true],"cvmm-medium-plus":["https:\/\/i0.wp.com\/masquenoticias.mx\/wp-content\/uploads\/2026\/04\/WhatsApp-Image-2026-04-28-at-2.34.57-PM.jpeg?resize=305%2C207&ssl=1",305,207,true],"cvmm-portrait":["https:\/\/i0.wp.com\/masquenoticias.mx\/wp-content\/uploads\/2026\/04\/WhatsApp-Image-2026-04-28-at-2.34.57-PM.jpeg?resize=400%2C600&ssl=1",400,600,true],"cvmm-medium-square":["https:\/\/i0.wp.com\/masquenoticias.mx\/wp-content\/uploads\/2026\/04\/WhatsApp-Image-2026-04-28-at-2.34.57-PM.jpeg?resize=600%2C600&ssl=1",600,600,true],"cvmm-large":["https:\/\/i0.wp.com\/masquenoticias.mx\/wp-content\/uploads\/2026\/04\/WhatsApp-Image-2026-04-28-at-2.34.57-PM.jpeg?resize=1024%2C899&ssl=1",1024,899,true],"cvmm-small":["https:\/\/i0.wp.com\/masquenoticias.mx\/wp-content\/uploads\/2026\/04\/WhatsApp-Image-2026-04-28-at-2.34.57-PM.jpeg?resize=130%2C95&ssl=1",130,95,true],"full":["https:\/\/i0.wp.com\/masquenoticias.mx\/wp-content\/uploads\/2026\/04\/WhatsApp-Image-2026-04-28-at-2.34.57-PM.jpeg?fit=1599%2C899&ssl=1",1599,899,false]},"jetpack-related-posts":[],"jetpack_sharing_enabled":true,"jetpack_likes_enabled":true,"jetpack_shortlink":"https:\/\/wp.me\/pf7pkt-5Sq","_links":{"self":[{"href":"https:\/\/masquenoticias.mx\/index.php\/wp-json\/wp\/v2\/posts\/22594","targetHints":{"allow":["GET"]}}],"collection":[{"href":"https:\/\/masquenoticias.mx\/index.php\/wp-json\/wp\/v2\/posts"}],"about":[{"href":"https:\/\/masquenoticias.mx\/index.php\/wp-json\/wp\/v2\/types\/post"}],"author":[{"embeddable":true,"href":"https:\/\/masquenoticias.mx\/index.php\/wp-json\/wp\/v2\/users\/1"}],"replies":[{"embeddable":true,"href":"https:\/\/masquenoticias.mx\/index.php\/wp-json\/wp\/v2\/comments?post=22594"}],"version-history":[{"count":1,"href":"https:\/\/masquenoticias.mx\/index.php\/wp-json\/wp\/v2\/posts\/22594\/revisions"}],"predecessor-version":[{"id":22596,"href":"https:\/\/masquenoticias.mx\/index.php\/wp-json\/wp\/v2\/posts\/22594\/revisions\/22596"}],"wp:featuredmedia":[{"embeddable":true,"href":"https:\/\/masquenoticias.mx\/index.php\/wp-json\/wp\/v2\/media\/22595"}],"wp:attachment":[{"href":"https:\/\/masquenoticias.mx\/index.php\/wp-json\/wp\/v2\/media?parent=22594"}],"wp:term":[{"taxonomy":"category","embeddable":true,"href":"https:\/\/masquenoticias.mx\/index.php\/wp-json\/wp\/v2\/categories?post=22594"},{"taxonomy":"post_tag","embeddable":true,"href":"https:\/\/masquenoticias.mx\/index.php\/wp-json\/wp\/v2\/tags?post=22594"}],"curies":[{"name":"wp","href":"https:\/\/api.w.org\/{rel}","templated":true}]}}