{"id":22591,"date":"2026-04-28T18:32:42","date_gmt":"2026-04-29T00:32:42","guid":{"rendered":"https:\/\/masquenoticias.mx\/?p=22591"},"modified":"2026-04-28T18:32:42","modified_gmt":"2026-04-29T00:32:42","slug":"gobierno-del-estado-de-colima-exhorta-a-ganaderos-a-no-bajar-la-guardia-respecto-al-gusano-barrenador-del-ganado","status":"publish","type":"post","link":"https:\/\/masquenoticias.mx\/index.php\/2026\/04\/28\/gobierno-del-estado-de-colima-exhorta-a-ganaderos-a-no-bajar-la-guardia-respecto-al-gusano-barrenador-del-ganado\/","title":{"rendered":"Gobierno del Estado de Colima exhorta a ganaderos a no bajar la guardia respecto al Gusano Barrenador del Ganado"},"content":{"rendered":"<p>El Gobierno del Estado de Colima, a trav\u00e9s de la Subsecretar\u00eda de Desarrollo Rural (Subseder), record\u00f3 a las y los propietarios de animales de sangre caliente, la importancia de reportar a las autoridades cualquier herida encontrada en algunos de sus animales, pues podr\u00eda tratarse de la presencia del Gusano Barrenador del Ganado (GBG).<\/p>\n<p>La dependencia estatal recomienda a las productoras y los productores realizar las notificaciones con el objetivo de que personal de la Comisi\u00f3n M\u00e9xico-Estados Unidos para la Prevenci\u00f3n de la Fiebre Aftosa y Otras Enfermedades Ex\u00f3ticas de los Animales (CPA), levante la muestra para su an\u00e1lisis y diagn\u00f3stico correspondiente.<\/p>\n<p>Tras la identificaci\u00f3n de la herida en el semoviente, personal operativo de la Subseder asiste al productor en el ba\u00f1o y desparasitaci\u00f3n de sus animales, como medida de prevenci\u00f3n.<\/p>\n<p>Cabe recordar que las y los productores deben de mantener estrecha vigilancia en sus animales, realizar las notificaciones en caso de la aparici\u00f3n de alguna herida y ejecutar las medidas de prevenci\u00f3n y reacci\u00f3n, para evitar la dispersi\u00f3n de la mosca del Gusano Barrenador del Ganado (Cochliomyia Hominivorax).<\/p>\n","protected":false},"excerpt":{"rendered":"<p>El Gobierno del Estado de Colima, a trav\u00e9s de la Subsecretar\u00eda de Desarrollo Rural (Subseder), record\u00f3 a las y los propietarios de animales de sangre caliente, la importancia de reportar a las autoridades cualquier herida encontrada en algunos de sus animales, pues podr\u00eda tratarse de la presencia del Gusano Barrenador del Ganado (GBG). La dependencia [&hellip;]<\/p>\n","protected":false},"author":1,"featured_media":22592,"comment_status":"open","ping_status":"open","sticky":false,"template":"","format":"standard","meta":{"_jetpack_memberships_contains_paid_content":false,"footnotes":""},"categories":[24],"tags":[218],"class_list":["post-22591","post","type-post","status-publish","format-standard","has-post-thumbnail","hentry","category-estado","tag-subseder"],"yoast_head":"<!-- This site is optimized with the Yoast SEO plugin v26.6 - https:\/\/yoast.com\/wordpress\/plugins\/seo\/ -->\n<title>Gobierno del Estado de Colima exhorta a ganaderos a no bajar la guardia respecto al Gusano Barrenador del Ganado - M\u00e1s Que Noticias<\/title>\n<meta name=\"robots\" content=\"index, follow, max-snippet:-1, max-image-preview:large, max-video-preview:-1\" \/>\n<link rel=\"canonical\" href=\"https:\/\/masquenoticias.mx\/index.php\/2026\/04\/28\/gobierno-del-estado-de-colima-exhorta-a-ganaderos-a-no-bajar-la-guardia-respecto-al-gusano-barrenador-del-ganado\/\" \/>\n<meta property=\"og:locale\" content=\"es_MX\" \/>\n<meta property=\"og:type\" content=\"article\" \/>\n<meta property=\"og:title\" content=\"Gobierno del Estado de Colima exhorta a ganaderos a no bajar la guardia respecto al Gusano Barrenador del Ganado - M\u00e1s Que Noticias\" \/>\n<meta property=\"og:description\" content=\"El Gobierno del Estado de Colima, a trav\u00e9s de la Subsecretar\u00eda de Desarrollo Rural (Subseder), record\u00f3 a las y los propietarios de animales de sangre caliente, la importancia de reportar a las autoridades cualquier herida encontrada en algunos de sus animales, pues podr\u00eda tratarse de la presencia del Gusano Barrenador del Ganado (GBG). La dependencia [&hellip;]\" \/>\n<meta property=\"og:url\" content=\"https:\/\/masquenoticias.mx\/index.php\/2026\/04\/28\/gobierno-del-estado-de-colima-exhorta-a-ganaderos-a-no-bajar-la-guardia-respecto-al-gusano-barrenador-del-ganado\/\" \/>\n<meta property=\"og:site_name\" content=\"M\u00e1s Que Noticias\" \/>\n<meta property=\"article:publisher\" content=\"https:\/\/www.facebook.com\/masquenoticiascolima\" \/>\n<meta property=\"article:published_time\" content=\"2026-04-29T00:32:42+00:00\" \/>\n<meta property=\"og:image\" content=\"https:\/\/masquenoticias.mx\/wp-content\/uploads\/2026\/04\/WhatsApp-Image-2026-04-28-at-12.51.22-PM-1.jpeg\" \/>\n\t<meta property=\"og:image:width\" content=\"1599\" \/>\n\t<meta property=\"og:image:height\" content=\"1066\" \/>\n\t<meta property=\"og:image:type\" content=\"image\/jpeg\" \/>\n<meta name=\"author\" content=\"Redacci\u00f3n\" \/>\n<meta name=\"twitter:card\" content=\"summary_large_image\" \/>\n<meta name=\"twitter:creator\" content=\"@edgartove\" \/>\n<meta name=\"twitter:site\" content=\"@edgartove\" \/>\n<meta name=\"twitter:label1\" content=\"Escrito por\" \/>\n\t<meta name=\"twitter:data1\" content=\"Redacci\u00f3n\" \/>\n\t<meta name=\"twitter:label2\" content=\"Tiempo de lectura\" \/>\n\t<meta name=\"twitter:data2\" content=\"2 minutos\" \/>\n<script type=\"application\/ld+json\" class=\"yoast-schema-graph\">{\"@context\":\"https:\/\/schema.org\",\"@graph\":[{\"@type\":\"Article\",\"@id\":\"https:\/\/masquenoticias.mx\/index.php\/2026\/04\/28\/gobierno-del-estado-de-colima-exhorta-a-ganaderos-a-no-bajar-la-guardia-respecto-al-gusano-barrenador-del-ganado\/#article\",\"isPartOf\":{\"@id\":\"https:\/\/masquenoticias.mx\/index.php\/2026\/04\/28\/gobierno-del-estado-de-colima-exhorta-a-ganaderos-a-no-bajar-la-guardia-respecto-al-gusano-barrenador-del-ganado\/\"},\"author\":{\"name\":\"Redacci\u00f3n\",\"@id\":\"https:\/\/masquenoticias.mx\/#\/schema\/person\/544d19989ef23d34615f691f7a96e622\"},\"headline\":\"Gobierno del Estado de Colima exhorta a ganaderos a no bajar la guardia respecto al Gusano Barrenador del Ganado\",\"datePublished\":\"2026-04-29T00:32:42+00:00\",\"mainEntityOfPage\":{\"@id\":\"https:\/\/masquenoticias.mx\/index.php\/2026\/04\/28\/gobierno-del-estado-de-colima-exhorta-a-ganaderos-a-no-bajar-la-guardia-respecto-al-gusano-barrenador-del-ganado\/\"},\"wordCount\":214,\"commentCount\":0,\"publisher\":{\"@id\":\"https:\/\/masquenoticias.mx\/#organization\"},\"image\":{\"@id\":\"https:\/\/masquenoticias.mx\/index.php\/2026\/04\/28\/gobierno-del-estado-de-colima-exhorta-a-ganaderos-a-no-bajar-la-guardia-respecto-al-gusano-barrenador-del-ganado\/#primaryimage\"},\"thumbnailUrl\":\"https:\/\/i0.wp.com\/masquenoticias.mx\/wp-content\/uploads\/2026\/04\/WhatsApp-Image-2026-04-28-at-12.51.22-PM-1.jpeg?fit=1599%2C1066&ssl=1\",\"keywords\":[\"Subseder\"],\"articleSection\":[\"Estado\"],\"inLanguage\":\"es\",\"potentialAction\":[{\"@type\":\"CommentAction\",\"name\":\"Comment\",\"target\":[\"https:\/\/masquenoticias.mx\/index.php\/2026\/04\/28\/gobierno-del-estado-de-colima-exhorta-a-ganaderos-a-no-bajar-la-guardia-respecto-al-gusano-barrenador-del-ganado\/#respond\"]}]},{\"@type\":\"WebPage\",\"@id\":\"https:\/\/masquenoticias.mx\/index.php\/2026\/04\/28\/gobierno-del-estado-de-colima-exhorta-a-ganaderos-a-no-bajar-la-guardia-respecto-al-gusano-barrenador-del-ganado\/\",\"url\":\"https:\/\/masquenoticias.mx\/index.php\/2026\/04\/28\/gobierno-del-estado-de-colima-exhorta-a-ganaderos-a-no-bajar-la-guardia-respecto-al-gusano-barrenador-del-ganado\/\",\"name\":\"Gobierno del Estado de Colima exhorta a ganaderos a no bajar la guardia respecto al Gusano Barrenador del Ganado - M\u00e1s Que Noticias\",\"isPartOf\":{\"@id\":\"https:\/\/masquenoticias.mx\/#website\"},\"primaryImageOfPage\":{\"@id\":\"https:\/\/masquenoticias.mx\/index.php\/2026\/04\/28\/gobierno-del-estado-de-colima-exhorta-a-ganaderos-a-no-bajar-la-guardia-respecto-al-gusano-barrenador-del-ganado\/#primaryimage\"},\"image\":{\"@id\":\"https:\/\/masquenoticias.mx\/index.php\/2026\/04\/28\/gobierno-del-estado-de-colima-exhorta-a-ganaderos-a-no-bajar-la-guardia-respecto-al-gusano-barrenador-del-ganado\/#primaryimage\"},\"thumbnailUrl\":\"https:\/\/i0.wp.com\/masquenoticias.mx\/wp-content\/uploads\/2026\/04\/WhatsApp-Image-2026-04-28-at-12.51.22-PM-1.jpeg?fit=1599%2C1066&ssl=1\",\"datePublished\":\"2026-04-29T00:32:42+00:00\",\"breadcrumb\":{\"@id\":\"https:\/\/masquenoticias.mx\/index.php\/2026\/04\/28\/gobierno-del-estado-de-colima-exhorta-a-ganaderos-a-no-bajar-la-guardia-respecto-al-gusano-barrenador-del-ganado\/#breadcrumb\"},\"inLanguage\":\"es\",\"potentialAction\":[{\"@type\":\"ReadAction\",\"target\":[\"https:\/\/masquenoticias.mx\/index.php\/2026\/04\/28\/gobierno-del-estado-de-colima-exhorta-a-ganaderos-a-no-bajar-la-guardia-respecto-al-gusano-barrenador-del-ganado\/\"]}]},{\"@type\":\"ImageObject\",\"inLanguage\":\"es\",\"@id\":\"https:\/\/masquenoticias.mx\/index.php\/2026\/04\/28\/gobierno-del-estado-de-colima-exhorta-a-ganaderos-a-no-bajar-la-guardia-respecto-al-gusano-barrenador-del-ganado\/#primaryimage\",\"url\":\"https:\/\/i0.wp.com\/masquenoticias.mx\/wp-content\/uploads\/2026\/04\/WhatsApp-Image-2026-04-28-at-12.51.22-PM-1.jpeg?fit=1599%2C1066&ssl=1\",\"contentUrl\":\"https:\/\/i0.wp.com\/masquenoticias.mx\/wp-content\/uploads\/2026\/04\/WhatsApp-Image-2026-04-28-at-12.51.22-PM-1.jpeg?fit=1599%2C1066&ssl=1\",\"width\":1599,\"height\":1066},{\"@type\":\"BreadcrumbList\",\"@id\":\"https:\/\/masquenoticias.mx\/index.php\/2026\/04\/28\/gobierno-del-estado-de-colima-exhorta-a-ganaderos-a-no-bajar-la-guardia-respecto-al-gusano-barrenador-del-ganado\/#breadcrumb\",\"itemListElement\":[{\"@type\":\"ListItem\",\"position\":1,\"name\":\"Inicio\",\"item\":\"https:\/\/masquenoticias.mx\/\"},{\"@type\":\"ListItem\",\"position\":2,\"name\":\"Gobierno del Estado de Colima exhorta a ganaderos a no bajar la guardia respecto al Gusano Barrenador del Ganado\"}]},{\"@type\":\"WebSite\",\"@id\":\"https:\/\/masquenoticias.mx\/#website\",\"url\":\"https:\/\/masquenoticias.mx\/\",\"name\":\"M\u00e1s Que Noticias\",\"description\":\"Noticias de Colima, M\u00e9xico y el Mundo\",\"publisher\":{\"@id\":\"https:\/\/masquenoticias.mx\/#organization\"},\"potentialAction\":[{\"@type\":\"SearchAction\",\"target\":{\"@type\":\"EntryPoint\",\"urlTemplate\":\"https:\/\/masquenoticias.mx\/?s={search_term_string}\"},\"query-input\":{\"@type\":\"PropertyValueSpecification\",\"valueRequired\":true,\"valueName\":\"search_term_string\"}}],\"inLanguage\":\"es\"},{\"@type\":\"Organization\",\"@id\":\"https:\/\/masquenoticias.mx\/#organization\",\"name\":\"M\u00e1s Que Noticias\",\"url\":\"https:\/\/masquenoticias.mx\/\",\"logo\":{\"@type\":\"ImageObject\",\"inLanguage\":\"es\",\"@id\":\"https:\/\/masquenoticias.mx\/#\/schema\/logo\/image\/\",\"url\":\"https:\/\/i0.wp.com\/masquenoticias.mx\/wp-content\/uploads\/2024\/04\/IMG_0004.png?fit=2560%2C1656&ssl=1\",\"contentUrl\":\"https:\/\/i0.wp.com\/masquenoticias.mx\/wp-content\/uploads\/2024\/04\/IMG_0004.png?fit=2560%2C1656&ssl=1\",\"width\":2560,\"height\":1656,\"caption\":\"M\u00e1s Que Noticias\"},\"image\":{\"@id\":\"https:\/\/masquenoticias.mx\/#\/schema\/logo\/image\/\"},\"sameAs\":[\"https:\/\/www.facebook.com\/masquenoticiascolima\",\"https:\/\/x.com\/edgartove\",\"https:\/\/www.instagram.com\/masquenoticiascolima\/\"]},{\"@type\":\"Person\",\"@id\":\"https:\/\/masquenoticias.mx\/#\/schema\/person\/544d19989ef23d34615f691f7a96e622\",\"name\":\"Redacci\u00f3n\",\"image\":{\"@type\":\"ImageObject\",\"inLanguage\":\"es\",\"@id\":\"https:\/\/masquenoticias.mx\/#\/schema\/person\/image\/\",\"url\":\"https:\/\/secure.gravatar.com\/avatar\/7fcc926d5b058d3f3d52d95b4d05dd58?s=96&d=mm&r=g\",\"contentUrl\":\"https:\/\/secure.gravatar.com\/avatar\/7fcc926d5b058d3f3d52d95b4d05dd58?s=96&d=mm&r=g\",\"caption\":\"Redacci\u00f3n\"},\"sameAs\":[\"http:\/\/masquenoticias.mx\"],\"url\":\"https:\/\/masquenoticias.mx\/index.php\/author\/edgartovegmail-com\/\"}]}<\/script>\n<!-- \/ Yoast SEO plugin. -->","yoast_head_json":{"title":"Gobierno del Estado de Colima exhorta a ganaderos a no bajar la guardia respecto al Gusano Barrenador del Ganado - M\u00e1s Que Noticias","robots":{"index":"index","follow":"follow","max-snippet":"max-snippet:-1","max-image-preview":"max-image-preview:large","max-video-preview":"max-video-preview:-1"},"canonical":"https:\/\/masquenoticias.mx\/index.php\/2026\/04\/28\/gobierno-del-estado-de-colima-exhorta-a-ganaderos-a-no-bajar-la-guardia-respecto-al-gusano-barrenador-del-ganado\/","og_locale":"es_MX","og_type":"article","og_title":"Gobierno del Estado de Colima exhorta a ganaderos a no bajar la guardia respecto al Gusano Barrenador del Ganado - M\u00e1s Que Noticias","og_description":"El Gobierno del Estado de Colima, a trav\u00e9s de la Subsecretar\u00eda de Desarrollo Rural (Subseder), record\u00f3 a las y los propietarios de animales de sangre caliente, la importancia de reportar a las autoridades cualquier herida encontrada en algunos de sus animales, pues podr\u00eda tratarse de la presencia del Gusano Barrenador del Ganado (GBG). La dependencia [&hellip;]","og_url":"https:\/\/masquenoticias.mx\/index.php\/2026\/04\/28\/gobierno-del-estado-de-colima-exhorta-a-ganaderos-a-no-bajar-la-guardia-respecto-al-gusano-barrenador-del-ganado\/","og_site_name":"M\u00e1s Que Noticias","article_publisher":"https:\/\/www.facebook.com\/masquenoticiascolima","article_published_time":"2026-04-29T00:32:42+00:00","og_image":[{"width":1599,"height":1066,"url":"https:\/\/masquenoticias.mx\/wp-content\/uploads\/2026\/04\/WhatsApp-Image-2026-04-28-at-12.51.22-PM-1.jpeg","type":"image\/jpeg"}],"author":"Redacci\u00f3n","twitter_card":"summary_large_image","twitter_creator":"@edgartove","twitter_site":"@edgartove","twitter_misc":{"Escrito por":"Redacci\u00f3n","Tiempo de lectura":"2 minutos"},"schema":{"@context":"https:\/\/schema.org","@graph":[{"@type":"Article","@id":"https:\/\/masquenoticias.mx\/index.php\/2026\/04\/28\/gobierno-del-estado-de-colima-exhorta-a-ganaderos-a-no-bajar-la-guardia-respecto-al-gusano-barrenador-del-ganado\/#article","isPartOf":{"@id":"https:\/\/masquenoticias.mx\/index.php\/2026\/04\/28\/gobierno-del-estado-de-colima-exhorta-a-ganaderos-a-no-bajar-la-guardia-respecto-al-gusano-barrenador-del-ganado\/"},"author":{"name":"Redacci\u00f3n","@id":"https:\/\/masquenoticias.mx\/#\/schema\/person\/544d19989ef23d34615f691f7a96e622"},"headline":"Gobierno del Estado de Colima exhorta a ganaderos a no bajar la guardia respecto al Gusano Barrenador del Ganado","datePublished":"2026-04-29T00:32:42+00:00","mainEntityOfPage":{"@id":"https:\/\/masquenoticias.mx\/index.php\/2026\/04\/28\/gobierno-del-estado-de-colima-exhorta-a-ganaderos-a-no-bajar-la-guardia-respecto-al-gusano-barrenador-del-ganado\/"},"wordCount":214,"commentCount":0,"publisher":{"@id":"https:\/\/masquenoticias.mx\/#organization"},"image":{"@id":"https:\/\/masquenoticias.mx\/index.php\/2026\/04\/28\/gobierno-del-estado-de-colima-exhorta-a-ganaderos-a-no-bajar-la-guardia-respecto-al-gusano-barrenador-del-ganado\/#primaryimage"},"thumbnailUrl":"https:\/\/i0.wp.com\/masquenoticias.mx\/wp-content\/uploads\/2026\/04\/WhatsApp-Image-2026-04-28-at-12.51.22-PM-1.jpeg?fit=1599%2C1066&ssl=1","keywords":["Subseder"],"articleSection":["Estado"],"inLanguage":"es","potentialAction":[{"@type":"CommentAction","name":"Comment","target":["https:\/\/masquenoticias.mx\/index.php\/2026\/04\/28\/gobierno-del-estado-de-colima-exhorta-a-ganaderos-a-no-bajar-la-guardia-respecto-al-gusano-barrenador-del-ganado\/#respond"]}]},{"@type":"WebPage","@id":"https:\/\/masquenoticias.mx\/index.php\/2026\/04\/28\/gobierno-del-estado-de-colima-exhorta-a-ganaderos-a-no-bajar-la-guardia-respecto-al-gusano-barrenador-del-ganado\/","url":"https:\/\/masquenoticias.mx\/index.php\/2026\/04\/28\/gobierno-del-estado-de-colima-exhorta-a-ganaderos-a-no-bajar-la-guardia-respecto-al-gusano-barrenador-del-ganado\/","name":"Gobierno del Estado de Colima exhorta a ganaderos a no bajar la guardia respecto al Gusano Barrenador del Ganado - M\u00e1s Que Noticias","isPartOf":{"@id":"https:\/\/masquenoticias.mx\/#website"},"primaryImageOfPage":{"@id":"https:\/\/masquenoticias.mx\/index.php\/2026\/04\/28\/gobierno-del-estado-de-colima-exhorta-a-ganaderos-a-no-bajar-la-guardia-respecto-al-gusano-barrenador-del-ganado\/#primaryimage"},"image":{"@id":"https:\/\/masquenoticias.mx\/index.php\/2026\/04\/28\/gobierno-del-estado-de-colima-exhorta-a-ganaderos-a-no-bajar-la-guardia-respecto-al-gusano-barrenador-del-ganado\/#primaryimage"},"thumbnailUrl":"https:\/\/i0.wp.com\/masquenoticias.mx\/wp-content\/uploads\/2026\/04\/WhatsApp-Image-2026-04-28-at-12.51.22-PM-1.jpeg?fit=1599%2C1066&ssl=1","datePublished":"2026-04-29T00:32:42+00:00","breadcrumb":{"@id":"https:\/\/masquenoticias.mx\/index.php\/2026\/04\/28\/gobierno-del-estado-de-colima-exhorta-a-ganaderos-a-no-bajar-la-guardia-respecto-al-gusano-barrenador-del-ganado\/#breadcrumb"},"inLanguage":"es","potentialAction":[{"@type":"ReadAction","target":["https:\/\/masquenoticias.mx\/index.php\/2026\/04\/28\/gobierno-del-estado-de-colima-exhorta-a-ganaderos-a-no-bajar-la-guardia-respecto-al-gusano-barrenador-del-ganado\/"]}]},{"@type":"ImageObject","inLanguage":"es","@id":"https:\/\/masquenoticias.mx\/index.php\/2026\/04\/28\/gobierno-del-estado-de-colima-exhorta-a-ganaderos-a-no-bajar-la-guardia-respecto-al-gusano-barrenador-del-ganado\/#primaryimage","url":"https:\/\/i0.wp.com\/masquenoticias.mx\/wp-content\/uploads\/2026\/04\/WhatsApp-Image-2026-04-28-at-12.51.22-PM-1.jpeg?fit=1599%2C1066&ssl=1","contentUrl":"https:\/\/i0.wp.com\/masquenoticias.mx\/wp-content\/uploads\/2026\/04\/WhatsApp-Image-2026-04-28-at-12.51.22-PM-1.jpeg?fit=1599%2C1066&ssl=1","width":1599,"height":1066},{"@type":"BreadcrumbList","@id":"https:\/\/masquenoticias.mx\/index.php\/2026\/04\/28\/gobierno-del-estado-de-colima-exhorta-a-ganaderos-a-no-bajar-la-guardia-respecto-al-gusano-barrenador-del-ganado\/#breadcrumb","itemListElement":[{"@type":"ListItem","position":1,"name":"Inicio","item":"https:\/\/masquenoticias.mx\/"},{"@type":"ListItem","position":2,"name":"Gobierno del Estado de Colima exhorta a ganaderos a no bajar la guardia respecto al Gusano Barrenador del Ganado"}]},{"@type":"WebSite","@id":"https:\/\/masquenoticias.mx\/#website","url":"https:\/\/masquenoticias.mx\/","name":"M\u00e1s Que Noticias","description":"Noticias de Colima, M\u00e9xico y el Mundo","publisher":{"@id":"https:\/\/masquenoticias.mx\/#organization"},"potentialAction":[{"@type":"SearchAction","target":{"@type":"EntryPoint","urlTemplate":"https:\/\/masquenoticias.mx\/?s={search_term_string}"},"query-input":{"@type":"PropertyValueSpecification","valueRequired":true,"valueName":"search_term_string"}}],"inLanguage":"es"},{"@type":"Organization","@id":"https:\/\/masquenoticias.mx\/#organization","name":"M\u00e1s Que Noticias","url":"https:\/\/masquenoticias.mx\/","logo":{"@type":"ImageObject","inLanguage":"es","@id":"https:\/\/masquenoticias.mx\/#\/schema\/logo\/image\/","url":"https:\/\/i0.wp.com\/masquenoticias.mx\/wp-content\/uploads\/2024\/04\/IMG_0004.png?fit=2560%2C1656&ssl=1","contentUrl":"https:\/\/i0.wp.com\/masquenoticias.mx\/wp-content\/uploads\/2024\/04\/IMG_0004.png?fit=2560%2C1656&ssl=1","width":2560,"height":1656,"caption":"M\u00e1s Que Noticias"},"image":{"@id":"https:\/\/masquenoticias.mx\/#\/schema\/logo\/image\/"},"sameAs":["https:\/\/www.facebook.com\/masquenoticiascolima","https:\/\/x.com\/edgartove","https:\/\/www.instagram.com\/masquenoticiascolima\/"]},{"@type":"Person","@id":"https:\/\/masquenoticias.mx\/#\/schema\/person\/544d19989ef23d34615f691f7a96e622","name":"Redacci\u00f3n","image":{"@type":"ImageObject","inLanguage":"es","@id":"https:\/\/masquenoticias.mx\/#\/schema\/person\/image\/","url":"https:\/\/secure.gravatar.com\/avatar\/7fcc926d5b058d3f3d52d95b4d05dd58?s=96&d=mm&r=g","contentUrl":"https:\/\/secure.gravatar.com\/avatar\/7fcc926d5b058d3f3d52d95b4d05dd58?s=96&d=mm&r=g","caption":"Redacci\u00f3n"},"sameAs":["http:\/\/masquenoticias.mx"],"url":"https:\/\/masquenoticias.mx\/index.php\/author\/edgartovegmail-com\/"}]}},"jetpack_featured_media_url":"https:\/\/i0.wp.com\/masquenoticias.mx\/wp-content\/uploads\/2026\/04\/WhatsApp-Image-2026-04-28-at-12.51.22-PM-1.jpeg?fit=1599%2C1066&ssl=1","blog_post_layout_featured_media_urls":{"thumbnail":["https:\/\/i0.wp.com\/masquenoticias.mx\/wp-content\/uploads\/2026\/04\/WhatsApp-Image-2026-04-28-at-12.51.22-PM-1.jpeg?resize=150%2C150&ssl=1",150,150,true],"full":["https:\/\/i0.wp.com\/masquenoticias.mx\/wp-content\/uploads\/2026\/04\/WhatsApp-Image-2026-04-28-at-12.51.22-PM-1.jpeg?fit=1599%2C1066&ssl=1",1599,1066,false]},"categories_names":{"24":{"name":"Estado","link":"https:\/\/masquenoticias.mx\/index.php\/category\/estado\/"}},"tags_names":{"218":{"name":"Subseder","link":"https:\/\/masquenoticias.mx\/index.php\/tag\/subseder\/"}},"comments_number":"0","wpmagazine_modules_lite_featured_media_urls":{"thumbnail":["https:\/\/i0.wp.com\/masquenoticias.mx\/wp-content\/uploads\/2026\/04\/WhatsApp-Image-2026-04-28-at-12.51.22-PM-1.jpeg?resize=150%2C150&ssl=1",150,150,true],"cvmm-medium":["https:\/\/i0.wp.com\/masquenoticias.mx\/wp-content\/uploads\/2026\/04\/WhatsApp-Image-2026-04-28-at-12.51.22-PM-1.jpeg?resize=300%2C300&ssl=1",300,300,true],"cvmm-medium-plus":["https:\/\/i0.wp.com\/masquenoticias.mx\/wp-content\/uploads\/2026\/04\/WhatsApp-Image-2026-04-28-at-12.51.22-PM-1.jpeg?resize=305%2C207&ssl=1",305,207,true],"cvmm-portrait":["https:\/\/i0.wp.com\/masquenoticias.mx\/wp-content\/uploads\/2026\/04\/WhatsApp-Image-2026-04-28-at-12.51.22-PM-1.jpeg?resize=400%2C600&ssl=1",400,600,true],"cvmm-medium-square":["https:\/\/i0.wp.com\/masquenoticias.mx\/wp-content\/uploads\/2026\/04\/WhatsApp-Image-2026-04-28-at-12.51.22-PM-1.jpeg?resize=600%2C600&ssl=1",600,600,true],"cvmm-large":["https:\/\/i0.wp.com\/masquenoticias.mx\/wp-content\/uploads\/2026\/04\/WhatsApp-Image-2026-04-28-at-12.51.22-PM-1.jpeg?resize=1024%2C1024&ssl=1",1024,1024,true],"cvmm-small":["https:\/\/i0.wp.com\/masquenoticias.mx\/wp-content\/uploads\/2026\/04\/WhatsApp-Image-2026-04-28-at-12.51.22-PM-1.jpeg?resize=130%2C95&ssl=1",130,95,true],"full":["https:\/\/i0.wp.com\/masquenoticias.mx\/wp-content\/uploads\/2026\/04\/WhatsApp-Image-2026-04-28-at-12.51.22-PM-1.jpeg?fit=1599%2C1066&ssl=1",1599,1066,false]},"jetpack-related-posts":[],"jetpack_sharing_enabled":true,"jetpack_likes_enabled":true,"jetpack_shortlink":"https:\/\/wp.me\/pf7pkt-5Sn","_links":{"self":[{"href":"https:\/\/masquenoticias.mx\/index.php\/wp-json\/wp\/v2\/posts\/22591","targetHints":{"allow":["GET"]}}],"collection":[{"href":"https:\/\/masquenoticias.mx\/index.php\/wp-json\/wp\/v2\/posts"}],"about":[{"href":"https:\/\/masquenoticias.mx\/index.php\/wp-json\/wp\/v2\/types\/post"}],"author":[{"embeddable":true,"href":"https:\/\/masquenoticias.mx\/index.php\/wp-json\/wp\/v2\/users\/1"}],"replies":[{"embeddable":true,"href":"https:\/\/masquenoticias.mx\/index.php\/wp-json\/wp\/v2\/comments?post=22591"}],"version-history":[{"count":1,"href":"https:\/\/masquenoticias.mx\/index.php\/wp-json\/wp\/v2\/posts\/22591\/revisions"}],"predecessor-version":[{"id":22593,"href":"https:\/\/masquenoticias.mx\/index.php\/wp-json\/wp\/v2\/posts\/22591\/revisions\/22593"}],"wp:featuredmedia":[{"embeddable":true,"href":"https:\/\/masquenoticias.mx\/index.php\/wp-json\/wp\/v2\/media\/22592"}],"wp:attachment":[{"href":"https:\/\/masquenoticias.mx\/index.php\/wp-json\/wp\/v2\/media?parent=22591"}],"wp:term":[{"taxonomy":"category","embeddable":true,"href":"https:\/\/masquenoticias.mx\/index.php\/wp-json\/wp\/v2\/categories?post=22591"},{"taxonomy":"post_tag","embeddable":true,"href":"https:\/\/masquenoticias.mx\/index.php\/wp-json\/wp\/v2\/tags?post=22591"}],"curies":[{"name":"wp","href":"https:\/\/api.w.org\/{rel}","templated":true}]}}