{"id":22588,"date":"2026-04-28T18:30:16","date_gmt":"2026-04-29T00:30:16","guid":{"rendered":"https:\/\/masquenoticias.mx\/?p=22588"},"modified":"2026-04-28T18:30:16","modified_gmt":"2026-04-29T00:30:16","slug":"el-8-de-mayo-estrenaran-en-el-teatro-hidalgo-efimero-obra-beneficiaria-del-sistema-de-apoyos-a-proyectos-culturales","status":"publish","type":"post","link":"https:\/\/masquenoticias.mx\/index.php\/2026\/04\/28\/el-8-de-mayo-estrenaran-en-el-teatro-hidalgo-efimero-obra-beneficiaria-del-sistema-de-apoyos-a-proyectos-culturales\/","title":{"rendered":"El 8 de mayo estrenar\u00e1n en el teatro Hidalgo \u2018Ef\u00edmero\u2019, obra beneficiaria del Sistema de Apoyos a Proyectos Culturales"},"content":{"rendered":"<p>En coordinaci\u00f3n con el Gobierno del Estado de Colima que preside la mandataria Indira Vizca\u00edno Silva, a trav\u00e9s de la Subsecretar\u00eda de Cultura, la compa\u00f1\u00eda danzante Experiencias Est\u00e9ticas del Cuerpo estrenar\u00e1 en el teatro Hidalgo la obra \u2018Ef\u00edmero\u2019, propuesta danc\u00edstica dirigida por Rafael Hern\u00e1ndez, beneficiaria del Sistema de Apoyos a la Creaci\u00f3n y Proyectos Culturales de la Secretar\u00eda de Cultura del Gobierno de M\u00e9xico, a trav\u00e9s de la convocatoria M\u00e9xico: Encuentro de las Artes Esc\u00e9nicas 2025.<\/p>\n<p>Estrenado en Montevideo Uruguay en 2023, este unipersonal interdisciplinario toma elementos de la danza y teatro, y usa el cuerpo como principal recurso esc\u00e9nico, para hablar sobre el duelo migratorio que padecen los pueblos que han tenido que migrar por obligaci\u00f3n, e invita a reflexionar sobre conceptos como \u2018frontera\u2019 y \u2018otredad\u2019. Es una propuesta inmersiva que se vale de proyecciones multimedia y tecnolog\u00edas interactivas para hacer al p\u00fablico parte de la construcci\u00f3n est\u00e9tica de la obra.<\/p>\n<p>\u2018Ef\u00edmero&#8221; se ha presentado en festivales de Sonora y Veracruz, adem\u00e1s de participar en el Encuentro Nacional de la Danza 2024. Tambi\u00e9n form\u00f3 parte de la programaci\u00f3n del Festival Internacional de Teatro y Danza 2025 de Chile y lleg\u00f3 al teatro independiente Espacio Callej\u00f3n de Buenos Aires, Argentina.<\/p>\n<p>El viernes 8 de mayo a las 20:00 horas, \u2018Ef\u00edmero\u2019 ofrecer\u00e1 por primera vez una funci\u00f3n especial en el teatro Hidalgo. La obra es recomendada s\u00f3lo para personas mayores de quince a\u00f1os. La aportaci\u00f3n solidaria en beneficio de la compa\u00f1\u00eda ser\u00e1 de 150 pesos. Para m\u00e1s informes, el p\u00fablico puede comunicarse al tel\u00e9fono 312-198-44-55.<\/p>\n","protected":false},"excerpt":{"rendered":"<p>En coordinaci\u00f3n con el Gobierno del Estado de Colima que preside la mandataria Indira Vizca\u00edno Silva, a trav\u00e9s de la Subsecretar\u00eda de Cultura, la compa\u00f1\u00eda danzante Experiencias Est\u00e9ticas del Cuerpo estrenar\u00e1 en el teatro Hidalgo la obra \u2018Ef\u00edmero\u2019, propuesta danc\u00edstica dirigida por Rafael Hern\u00e1ndez, beneficiaria del Sistema de Apoyos a la Creaci\u00f3n y Proyectos Culturales [&hellip;]<\/p>\n","protected":false},"author":1,"featured_media":22589,"comment_status":"open","ping_status":"open","sticky":false,"template":"","format":"standard","meta":{"_jetpack_memberships_contains_paid_content":false,"footnotes":""},"categories":[24],"tags":[118],"class_list":["post-22588","post","type-post","status-publish","format-standard","has-post-thumbnail","hentry","category-estado","tag-cultura"],"yoast_head":"<!-- This site is optimized with the Yoast SEO plugin v26.6 - https:\/\/yoast.com\/wordpress\/plugins\/seo\/ -->\n<title>El 8 de mayo estrenar\u00e1n en el teatro Hidalgo \u2018Ef\u00edmero\u2019, obra beneficiaria del Sistema de Apoyos a Proyectos Culturales - M\u00e1s Que Noticias<\/title>\n<meta name=\"robots\" content=\"index, follow, max-snippet:-1, max-image-preview:large, max-video-preview:-1\" \/>\n<link rel=\"canonical\" href=\"https:\/\/masquenoticias.mx\/index.php\/2026\/04\/28\/el-8-de-mayo-estrenaran-en-el-teatro-hidalgo-efimero-obra-beneficiaria-del-sistema-de-apoyos-a-proyectos-culturales\/\" \/>\n<meta property=\"og:locale\" content=\"es_MX\" \/>\n<meta property=\"og:type\" content=\"article\" \/>\n<meta property=\"og:title\" content=\"El 8 de mayo estrenar\u00e1n en el teatro Hidalgo \u2018Ef\u00edmero\u2019, obra beneficiaria del Sistema de Apoyos a Proyectos Culturales - M\u00e1s Que Noticias\" \/>\n<meta property=\"og:description\" content=\"En coordinaci\u00f3n con el Gobierno del Estado de Colima que preside la mandataria Indira Vizca\u00edno Silva, a trav\u00e9s de la Subsecretar\u00eda de Cultura, la compa\u00f1\u00eda danzante Experiencias Est\u00e9ticas del Cuerpo estrenar\u00e1 en el teatro Hidalgo la obra \u2018Ef\u00edmero\u2019, propuesta danc\u00edstica dirigida por Rafael Hern\u00e1ndez, beneficiaria del Sistema de Apoyos a la Creaci\u00f3n y Proyectos Culturales [&hellip;]\" \/>\n<meta property=\"og:url\" content=\"https:\/\/masquenoticias.mx\/index.php\/2026\/04\/28\/el-8-de-mayo-estrenaran-en-el-teatro-hidalgo-efimero-obra-beneficiaria-del-sistema-de-apoyos-a-proyectos-culturales\/\" \/>\n<meta property=\"og:site_name\" content=\"M\u00e1s Que Noticias\" \/>\n<meta property=\"article:publisher\" content=\"https:\/\/www.facebook.com\/masquenoticiascolima\" \/>\n<meta property=\"article:published_time\" content=\"2026-04-29T00:30:16+00:00\" \/>\n<meta property=\"og:image\" content=\"https:\/\/masquenoticias.mx\/wp-content\/uploads\/2026\/04\/WhatsApp-Image-2026-04-28-at-12.27.46-PM.jpeg\" \/>\n\t<meta property=\"og:image:width\" content=\"1600\" \/>\n\t<meta property=\"og:image:height\" content=\"1066\" \/>\n\t<meta property=\"og:image:type\" content=\"image\/jpeg\" \/>\n<meta name=\"author\" content=\"Redacci\u00f3n\" \/>\n<meta name=\"twitter:card\" content=\"summary_large_image\" \/>\n<meta name=\"twitter:creator\" content=\"@edgartove\" \/>\n<meta name=\"twitter:site\" content=\"@edgartove\" \/>\n<meta name=\"twitter:label1\" content=\"Escrito por\" \/>\n\t<meta name=\"twitter:data1\" content=\"Redacci\u00f3n\" \/>\n\t<meta name=\"twitter:label2\" content=\"Tiempo de lectura\" \/>\n\t<meta name=\"twitter:data2\" content=\"2 minutos\" \/>\n<script type=\"application\/ld+json\" class=\"yoast-schema-graph\">{\"@context\":\"https:\/\/schema.org\",\"@graph\":[{\"@type\":\"Article\",\"@id\":\"https:\/\/masquenoticias.mx\/index.php\/2026\/04\/28\/el-8-de-mayo-estrenaran-en-el-teatro-hidalgo-efimero-obra-beneficiaria-del-sistema-de-apoyos-a-proyectos-culturales\/#article\",\"isPartOf\":{\"@id\":\"https:\/\/masquenoticias.mx\/index.php\/2026\/04\/28\/el-8-de-mayo-estrenaran-en-el-teatro-hidalgo-efimero-obra-beneficiaria-del-sistema-de-apoyos-a-proyectos-culturales\/\"},\"author\":{\"name\":\"Redacci\u00f3n\",\"@id\":\"https:\/\/masquenoticias.mx\/#\/schema\/person\/544d19989ef23d34615f691f7a96e622\"},\"headline\":\"El 8 de mayo estrenar\u00e1n en el teatro Hidalgo \u2018Ef\u00edmero\u2019, obra beneficiaria del Sistema de Apoyos a Proyectos Culturales\",\"datePublished\":\"2026-04-29T00:30:16+00:00\",\"mainEntityOfPage\":{\"@id\":\"https:\/\/masquenoticias.mx\/index.php\/2026\/04\/28\/el-8-de-mayo-estrenaran-en-el-teatro-hidalgo-efimero-obra-beneficiaria-del-sistema-de-apoyos-a-proyectos-culturales\/\"},\"wordCount\":304,\"commentCount\":0,\"publisher\":{\"@id\":\"https:\/\/masquenoticias.mx\/#organization\"},\"image\":{\"@id\":\"https:\/\/masquenoticias.mx\/index.php\/2026\/04\/28\/el-8-de-mayo-estrenaran-en-el-teatro-hidalgo-efimero-obra-beneficiaria-del-sistema-de-apoyos-a-proyectos-culturales\/#primaryimage\"},\"thumbnailUrl\":\"https:\/\/i0.wp.com\/masquenoticias.mx\/wp-content\/uploads\/2026\/04\/WhatsApp-Image-2026-04-28-at-12.27.46-PM.jpeg?fit=1600%2C1066&ssl=1\",\"keywords\":[\"Cultura\"],\"articleSection\":[\"Estado\"],\"inLanguage\":\"es\",\"potentialAction\":[{\"@type\":\"CommentAction\",\"name\":\"Comment\",\"target\":[\"https:\/\/masquenoticias.mx\/index.php\/2026\/04\/28\/el-8-de-mayo-estrenaran-en-el-teatro-hidalgo-efimero-obra-beneficiaria-del-sistema-de-apoyos-a-proyectos-culturales\/#respond\"]}]},{\"@type\":\"WebPage\",\"@id\":\"https:\/\/masquenoticias.mx\/index.php\/2026\/04\/28\/el-8-de-mayo-estrenaran-en-el-teatro-hidalgo-efimero-obra-beneficiaria-del-sistema-de-apoyos-a-proyectos-culturales\/\",\"url\":\"https:\/\/masquenoticias.mx\/index.php\/2026\/04\/28\/el-8-de-mayo-estrenaran-en-el-teatro-hidalgo-efimero-obra-beneficiaria-del-sistema-de-apoyos-a-proyectos-culturales\/\",\"name\":\"El 8 de mayo estrenar\u00e1n en el teatro Hidalgo \u2018Ef\u00edmero\u2019, obra beneficiaria del Sistema de Apoyos a Proyectos Culturales - M\u00e1s Que Noticias\",\"isPartOf\":{\"@id\":\"https:\/\/masquenoticias.mx\/#website\"},\"primaryImageOfPage\":{\"@id\":\"https:\/\/masquenoticias.mx\/index.php\/2026\/04\/28\/el-8-de-mayo-estrenaran-en-el-teatro-hidalgo-efimero-obra-beneficiaria-del-sistema-de-apoyos-a-proyectos-culturales\/#primaryimage\"},\"image\":{\"@id\":\"https:\/\/masquenoticias.mx\/index.php\/2026\/04\/28\/el-8-de-mayo-estrenaran-en-el-teatro-hidalgo-efimero-obra-beneficiaria-del-sistema-de-apoyos-a-proyectos-culturales\/#primaryimage\"},\"thumbnailUrl\":\"https:\/\/i0.wp.com\/masquenoticias.mx\/wp-content\/uploads\/2026\/04\/WhatsApp-Image-2026-04-28-at-12.27.46-PM.jpeg?fit=1600%2C1066&ssl=1\",\"datePublished\":\"2026-04-29T00:30:16+00:00\",\"breadcrumb\":{\"@id\":\"https:\/\/masquenoticias.mx\/index.php\/2026\/04\/28\/el-8-de-mayo-estrenaran-en-el-teatro-hidalgo-efimero-obra-beneficiaria-del-sistema-de-apoyos-a-proyectos-culturales\/#breadcrumb\"},\"inLanguage\":\"es\",\"potentialAction\":[{\"@type\":\"ReadAction\",\"target\":[\"https:\/\/masquenoticias.mx\/index.php\/2026\/04\/28\/el-8-de-mayo-estrenaran-en-el-teatro-hidalgo-efimero-obra-beneficiaria-del-sistema-de-apoyos-a-proyectos-culturales\/\"]}]},{\"@type\":\"ImageObject\",\"inLanguage\":\"es\",\"@id\":\"https:\/\/masquenoticias.mx\/index.php\/2026\/04\/28\/el-8-de-mayo-estrenaran-en-el-teatro-hidalgo-efimero-obra-beneficiaria-del-sistema-de-apoyos-a-proyectos-culturales\/#primaryimage\",\"url\":\"https:\/\/i0.wp.com\/masquenoticias.mx\/wp-content\/uploads\/2026\/04\/WhatsApp-Image-2026-04-28-at-12.27.46-PM.jpeg?fit=1600%2C1066&ssl=1\",\"contentUrl\":\"https:\/\/i0.wp.com\/masquenoticias.mx\/wp-content\/uploads\/2026\/04\/WhatsApp-Image-2026-04-28-at-12.27.46-PM.jpeg?fit=1600%2C1066&ssl=1\",\"width\":1600,\"height\":1066},{\"@type\":\"BreadcrumbList\",\"@id\":\"https:\/\/masquenoticias.mx\/index.php\/2026\/04\/28\/el-8-de-mayo-estrenaran-en-el-teatro-hidalgo-efimero-obra-beneficiaria-del-sistema-de-apoyos-a-proyectos-culturales\/#breadcrumb\",\"itemListElement\":[{\"@type\":\"ListItem\",\"position\":1,\"name\":\"Inicio\",\"item\":\"https:\/\/masquenoticias.mx\/\"},{\"@type\":\"ListItem\",\"position\":2,\"name\":\"El 8 de mayo estrenar\u00e1n en el teatro Hidalgo \u2018Ef\u00edmero\u2019, obra beneficiaria del Sistema de Apoyos a Proyectos Culturales\"}]},{\"@type\":\"WebSite\",\"@id\":\"https:\/\/masquenoticias.mx\/#website\",\"url\":\"https:\/\/masquenoticias.mx\/\",\"name\":\"M\u00e1s Que Noticias\",\"description\":\"Noticias de Colima, M\u00e9xico y el Mundo\",\"publisher\":{\"@id\":\"https:\/\/masquenoticias.mx\/#organization\"},\"potentialAction\":[{\"@type\":\"SearchAction\",\"target\":{\"@type\":\"EntryPoint\",\"urlTemplate\":\"https:\/\/masquenoticias.mx\/?s={search_term_string}\"},\"query-input\":{\"@type\":\"PropertyValueSpecification\",\"valueRequired\":true,\"valueName\":\"search_term_string\"}}],\"inLanguage\":\"es\"},{\"@type\":\"Organization\",\"@id\":\"https:\/\/masquenoticias.mx\/#organization\",\"name\":\"M\u00e1s Que Noticias\",\"url\":\"https:\/\/masquenoticias.mx\/\",\"logo\":{\"@type\":\"ImageObject\",\"inLanguage\":\"es\",\"@id\":\"https:\/\/masquenoticias.mx\/#\/schema\/logo\/image\/\",\"url\":\"https:\/\/i0.wp.com\/masquenoticias.mx\/wp-content\/uploads\/2024\/04\/IMG_0004.png?fit=2560%2C1656&ssl=1\",\"contentUrl\":\"https:\/\/i0.wp.com\/masquenoticias.mx\/wp-content\/uploads\/2024\/04\/IMG_0004.png?fit=2560%2C1656&ssl=1\",\"width\":2560,\"height\":1656,\"caption\":\"M\u00e1s Que Noticias\"},\"image\":{\"@id\":\"https:\/\/masquenoticias.mx\/#\/schema\/logo\/image\/\"},\"sameAs\":[\"https:\/\/www.facebook.com\/masquenoticiascolima\",\"https:\/\/x.com\/edgartove\",\"https:\/\/www.instagram.com\/masquenoticiascolima\/\"]},{\"@type\":\"Person\",\"@id\":\"https:\/\/masquenoticias.mx\/#\/schema\/person\/544d19989ef23d34615f691f7a96e622\",\"name\":\"Redacci\u00f3n\",\"image\":{\"@type\":\"ImageObject\",\"inLanguage\":\"es\",\"@id\":\"https:\/\/masquenoticias.mx\/#\/schema\/person\/image\/\",\"url\":\"https:\/\/secure.gravatar.com\/avatar\/7fcc926d5b058d3f3d52d95b4d05dd58?s=96&d=mm&r=g\",\"contentUrl\":\"https:\/\/secure.gravatar.com\/avatar\/7fcc926d5b058d3f3d52d95b4d05dd58?s=96&d=mm&r=g\",\"caption\":\"Redacci\u00f3n\"},\"sameAs\":[\"http:\/\/masquenoticias.mx\"],\"url\":\"https:\/\/masquenoticias.mx\/index.php\/author\/edgartovegmail-com\/\"}]}<\/script>\n<!-- \/ Yoast SEO plugin. -->","yoast_head_json":{"title":"El 8 de mayo estrenar\u00e1n en el teatro Hidalgo \u2018Ef\u00edmero\u2019, obra beneficiaria del Sistema de Apoyos a Proyectos Culturales - M\u00e1s Que Noticias","robots":{"index":"index","follow":"follow","max-snippet":"max-snippet:-1","max-image-preview":"max-image-preview:large","max-video-preview":"max-video-preview:-1"},"canonical":"https:\/\/masquenoticias.mx\/index.php\/2026\/04\/28\/el-8-de-mayo-estrenaran-en-el-teatro-hidalgo-efimero-obra-beneficiaria-del-sistema-de-apoyos-a-proyectos-culturales\/","og_locale":"es_MX","og_type":"article","og_title":"El 8 de mayo estrenar\u00e1n en el teatro Hidalgo \u2018Ef\u00edmero\u2019, obra beneficiaria del Sistema de Apoyos a Proyectos Culturales - M\u00e1s Que Noticias","og_description":"En coordinaci\u00f3n con el Gobierno del Estado de Colima que preside la mandataria Indira Vizca\u00edno Silva, a trav\u00e9s de la Subsecretar\u00eda de Cultura, la compa\u00f1\u00eda danzante Experiencias Est\u00e9ticas del Cuerpo estrenar\u00e1 en el teatro Hidalgo la obra \u2018Ef\u00edmero\u2019, propuesta danc\u00edstica dirigida por Rafael Hern\u00e1ndez, beneficiaria del Sistema de Apoyos a la Creaci\u00f3n y Proyectos Culturales [&hellip;]","og_url":"https:\/\/masquenoticias.mx\/index.php\/2026\/04\/28\/el-8-de-mayo-estrenaran-en-el-teatro-hidalgo-efimero-obra-beneficiaria-del-sistema-de-apoyos-a-proyectos-culturales\/","og_site_name":"M\u00e1s Que Noticias","article_publisher":"https:\/\/www.facebook.com\/masquenoticiascolima","article_published_time":"2026-04-29T00:30:16+00:00","og_image":[{"width":1600,"height":1066,"url":"https:\/\/masquenoticias.mx\/wp-content\/uploads\/2026\/04\/WhatsApp-Image-2026-04-28-at-12.27.46-PM.jpeg","type":"image\/jpeg"}],"author":"Redacci\u00f3n","twitter_card":"summary_large_image","twitter_creator":"@edgartove","twitter_site":"@edgartove","twitter_misc":{"Escrito por":"Redacci\u00f3n","Tiempo de lectura":"2 minutos"},"schema":{"@context":"https:\/\/schema.org","@graph":[{"@type":"Article","@id":"https:\/\/masquenoticias.mx\/index.php\/2026\/04\/28\/el-8-de-mayo-estrenaran-en-el-teatro-hidalgo-efimero-obra-beneficiaria-del-sistema-de-apoyos-a-proyectos-culturales\/#article","isPartOf":{"@id":"https:\/\/masquenoticias.mx\/index.php\/2026\/04\/28\/el-8-de-mayo-estrenaran-en-el-teatro-hidalgo-efimero-obra-beneficiaria-del-sistema-de-apoyos-a-proyectos-culturales\/"},"author":{"name":"Redacci\u00f3n","@id":"https:\/\/masquenoticias.mx\/#\/schema\/person\/544d19989ef23d34615f691f7a96e622"},"headline":"El 8 de mayo estrenar\u00e1n en el teatro Hidalgo \u2018Ef\u00edmero\u2019, obra beneficiaria del Sistema de Apoyos a Proyectos Culturales","datePublished":"2026-04-29T00:30:16+00:00","mainEntityOfPage":{"@id":"https:\/\/masquenoticias.mx\/index.php\/2026\/04\/28\/el-8-de-mayo-estrenaran-en-el-teatro-hidalgo-efimero-obra-beneficiaria-del-sistema-de-apoyos-a-proyectos-culturales\/"},"wordCount":304,"commentCount":0,"publisher":{"@id":"https:\/\/masquenoticias.mx\/#organization"},"image":{"@id":"https:\/\/masquenoticias.mx\/index.php\/2026\/04\/28\/el-8-de-mayo-estrenaran-en-el-teatro-hidalgo-efimero-obra-beneficiaria-del-sistema-de-apoyos-a-proyectos-culturales\/#primaryimage"},"thumbnailUrl":"https:\/\/i0.wp.com\/masquenoticias.mx\/wp-content\/uploads\/2026\/04\/WhatsApp-Image-2026-04-28-at-12.27.46-PM.jpeg?fit=1600%2C1066&ssl=1","keywords":["Cultura"],"articleSection":["Estado"],"inLanguage":"es","potentialAction":[{"@type":"CommentAction","name":"Comment","target":["https:\/\/masquenoticias.mx\/index.php\/2026\/04\/28\/el-8-de-mayo-estrenaran-en-el-teatro-hidalgo-efimero-obra-beneficiaria-del-sistema-de-apoyos-a-proyectos-culturales\/#respond"]}]},{"@type":"WebPage","@id":"https:\/\/masquenoticias.mx\/index.php\/2026\/04\/28\/el-8-de-mayo-estrenaran-en-el-teatro-hidalgo-efimero-obra-beneficiaria-del-sistema-de-apoyos-a-proyectos-culturales\/","url":"https:\/\/masquenoticias.mx\/index.php\/2026\/04\/28\/el-8-de-mayo-estrenaran-en-el-teatro-hidalgo-efimero-obra-beneficiaria-del-sistema-de-apoyos-a-proyectos-culturales\/","name":"El 8 de mayo estrenar\u00e1n en el teatro Hidalgo \u2018Ef\u00edmero\u2019, obra beneficiaria del Sistema de Apoyos a Proyectos Culturales - M\u00e1s Que Noticias","isPartOf":{"@id":"https:\/\/masquenoticias.mx\/#website"},"primaryImageOfPage":{"@id":"https:\/\/masquenoticias.mx\/index.php\/2026\/04\/28\/el-8-de-mayo-estrenaran-en-el-teatro-hidalgo-efimero-obra-beneficiaria-del-sistema-de-apoyos-a-proyectos-culturales\/#primaryimage"},"image":{"@id":"https:\/\/masquenoticias.mx\/index.php\/2026\/04\/28\/el-8-de-mayo-estrenaran-en-el-teatro-hidalgo-efimero-obra-beneficiaria-del-sistema-de-apoyos-a-proyectos-culturales\/#primaryimage"},"thumbnailUrl":"https:\/\/i0.wp.com\/masquenoticias.mx\/wp-content\/uploads\/2026\/04\/WhatsApp-Image-2026-04-28-at-12.27.46-PM.jpeg?fit=1600%2C1066&ssl=1","datePublished":"2026-04-29T00:30:16+00:00","breadcrumb":{"@id":"https:\/\/masquenoticias.mx\/index.php\/2026\/04\/28\/el-8-de-mayo-estrenaran-en-el-teatro-hidalgo-efimero-obra-beneficiaria-del-sistema-de-apoyos-a-proyectos-culturales\/#breadcrumb"},"inLanguage":"es","potentialAction":[{"@type":"ReadAction","target":["https:\/\/masquenoticias.mx\/index.php\/2026\/04\/28\/el-8-de-mayo-estrenaran-en-el-teatro-hidalgo-efimero-obra-beneficiaria-del-sistema-de-apoyos-a-proyectos-culturales\/"]}]},{"@type":"ImageObject","inLanguage":"es","@id":"https:\/\/masquenoticias.mx\/index.php\/2026\/04\/28\/el-8-de-mayo-estrenaran-en-el-teatro-hidalgo-efimero-obra-beneficiaria-del-sistema-de-apoyos-a-proyectos-culturales\/#primaryimage","url":"https:\/\/i0.wp.com\/masquenoticias.mx\/wp-content\/uploads\/2026\/04\/WhatsApp-Image-2026-04-28-at-12.27.46-PM.jpeg?fit=1600%2C1066&ssl=1","contentUrl":"https:\/\/i0.wp.com\/masquenoticias.mx\/wp-content\/uploads\/2026\/04\/WhatsApp-Image-2026-04-28-at-12.27.46-PM.jpeg?fit=1600%2C1066&ssl=1","width":1600,"height":1066},{"@type":"BreadcrumbList","@id":"https:\/\/masquenoticias.mx\/index.php\/2026\/04\/28\/el-8-de-mayo-estrenaran-en-el-teatro-hidalgo-efimero-obra-beneficiaria-del-sistema-de-apoyos-a-proyectos-culturales\/#breadcrumb","itemListElement":[{"@type":"ListItem","position":1,"name":"Inicio","item":"https:\/\/masquenoticias.mx\/"},{"@type":"ListItem","position":2,"name":"El 8 de mayo estrenar\u00e1n en el teatro Hidalgo \u2018Ef\u00edmero\u2019, obra beneficiaria del Sistema de Apoyos a Proyectos Culturales"}]},{"@type":"WebSite","@id":"https:\/\/masquenoticias.mx\/#website","url":"https:\/\/masquenoticias.mx\/","name":"M\u00e1s Que Noticias","description":"Noticias de Colima, M\u00e9xico y el Mundo","publisher":{"@id":"https:\/\/masquenoticias.mx\/#organization"},"potentialAction":[{"@type":"SearchAction","target":{"@type":"EntryPoint","urlTemplate":"https:\/\/masquenoticias.mx\/?s={search_term_string}"},"query-input":{"@type":"PropertyValueSpecification","valueRequired":true,"valueName":"search_term_string"}}],"inLanguage":"es"},{"@type":"Organization","@id":"https:\/\/masquenoticias.mx\/#organization","name":"M\u00e1s Que Noticias","url":"https:\/\/masquenoticias.mx\/","logo":{"@type":"ImageObject","inLanguage":"es","@id":"https:\/\/masquenoticias.mx\/#\/schema\/logo\/image\/","url":"https:\/\/i0.wp.com\/masquenoticias.mx\/wp-content\/uploads\/2024\/04\/IMG_0004.png?fit=2560%2C1656&ssl=1","contentUrl":"https:\/\/i0.wp.com\/masquenoticias.mx\/wp-content\/uploads\/2024\/04\/IMG_0004.png?fit=2560%2C1656&ssl=1","width":2560,"height":1656,"caption":"M\u00e1s Que Noticias"},"image":{"@id":"https:\/\/masquenoticias.mx\/#\/schema\/logo\/image\/"},"sameAs":["https:\/\/www.facebook.com\/masquenoticiascolima","https:\/\/x.com\/edgartove","https:\/\/www.instagram.com\/masquenoticiascolima\/"]},{"@type":"Person","@id":"https:\/\/masquenoticias.mx\/#\/schema\/person\/544d19989ef23d34615f691f7a96e622","name":"Redacci\u00f3n","image":{"@type":"ImageObject","inLanguage":"es","@id":"https:\/\/masquenoticias.mx\/#\/schema\/person\/image\/","url":"https:\/\/secure.gravatar.com\/avatar\/7fcc926d5b058d3f3d52d95b4d05dd58?s=96&d=mm&r=g","contentUrl":"https:\/\/secure.gravatar.com\/avatar\/7fcc926d5b058d3f3d52d95b4d05dd58?s=96&d=mm&r=g","caption":"Redacci\u00f3n"},"sameAs":["http:\/\/masquenoticias.mx"],"url":"https:\/\/masquenoticias.mx\/index.php\/author\/edgartovegmail-com\/"}]}},"jetpack_featured_media_url":"https:\/\/i0.wp.com\/masquenoticias.mx\/wp-content\/uploads\/2026\/04\/WhatsApp-Image-2026-04-28-at-12.27.46-PM.jpeg?fit=1600%2C1066&ssl=1","blog_post_layout_featured_media_urls":{"thumbnail":["https:\/\/i0.wp.com\/masquenoticias.mx\/wp-content\/uploads\/2026\/04\/WhatsApp-Image-2026-04-28-at-12.27.46-PM.jpeg?resize=150%2C150&ssl=1",150,150,true],"full":["https:\/\/i0.wp.com\/masquenoticias.mx\/wp-content\/uploads\/2026\/04\/WhatsApp-Image-2026-04-28-at-12.27.46-PM.jpeg?fit=1600%2C1066&ssl=1",1600,1066,false]},"categories_names":{"24":{"name":"Estado","link":"https:\/\/masquenoticias.mx\/index.php\/category\/estado\/"}},"tags_names":{"118":{"name":"Cultura","link":"https:\/\/masquenoticias.mx\/index.php\/tag\/cultura\/"}},"comments_number":"0","wpmagazine_modules_lite_featured_media_urls":{"thumbnail":["https:\/\/i0.wp.com\/masquenoticias.mx\/wp-content\/uploads\/2026\/04\/WhatsApp-Image-2026-04-28-at-12.27.46-PM.jpeg?resize=150%2C150&ssl=1",150,150,true],"cvmm-medium":["https:\/\/i0.wp.com\/masquenoticias.mx\/wp-content\/uploads\/2026\/04\/WhatsApp-Image-2026-04-28-at-12.27.46-PM.jpeg?resize=300%2C300&ssl=1",300,300,true],"cvmm-medium-plus":["https:\/\/i0.wp.com\/masquenoticias.mx\/wp-content\/uploads\/2026\/04\/WhatsApp-Image-2026-04-28-at-12.27.46-PM.jpeg?resize=305%2C207&ssl=1",305,207,true],"cvmm-portrait":["https:\/\/i0.wp.com\/masquenoticias.mx\/wp-content\/uploads\/2026\/04\/WhatsApp-Image-2026-04-28-at-12.27.46-PM.jpeg?resize=400%2C600&ssl=1",400,600,true],"cvmm-medium-square":["https:\/\/i0.wp.com\/masquenoticias.mx\/wp-content\/uploads\/2026\/04\/WhatsApp-Image-2026-04-28-at-12.27.46-PM.jpeg?resize=600%2C600&ssl=1",600,600,true],"cvmm-large":["https:\/\/i0.wp.com\/masquenoticias.mx\/wp-content\/uploads\/2026\/04\/WhatsApp-Image-2026-04-28-at-12.27.46-PM.jpeg?resize=1024%2C1024&ssl=1",1024,1024,true],"cvmm-small":["https:\/\/i0.wp.com\/masquenoticias.mx\/wp-content\/uploads\/2026\/04\/WhatsApp-Image-2026-04-28-at-12.27.46-PM.jpeg?resize=130%2C95&ssl=1",130,95,true],"full":["https:\/\/i0.wp.com\/masquenoticias.mx\/wp-content\/uploads\/2026\/04\/WhatsApp-Image-2026-04-28-at-12.27.46-PM.jpeg?fit=1600%2C1066&ssl=1",1600,1066,false]},"jetpack-related-posts":[],"jetpack_sharing_enabled":true,"jetpack_likes_enabled":true,"jetpack_shortlink":"https:\/\/wp.me\/pf7pkt-5Sk","_links":{"self":[{"href":"https:\/\/masquenoticias.mx\/index.php\/wp-json\/wp\/v2\/posts\/22588","targetHints":{"allow":["GET"]}}],"collection":[{"href":"https:\/\/masquenoticias.mx\/index.php\/wp-json\/wp\/v2\/posts"}],"about":[{"href":"https:\/\/masquenoticias.mx\/index.php\/wp-json\/wp\/v2\/types\/post"}],"author":[{"embeddable":true,"href":"https:\/\/masquenoticias.mx\/index.php\/wp-json\/wp\/v2\/users\/1"}],"replies":[{"embeddable":true,"href":"https:\/\/masquenoticias.mx\/index.php\/wp-json\/wp\/v2\/comments?post=22588"}],"version-history":[{"count":1,"href":"https:\/\/masquenoticias.mx\/index.php\/wp-json\/wp\/v2\/posts\/22588\/revisions"}],"predecessor-version":[{"id":22590,"href":"https:\/\/masquenoticias.mx\/index.php\/wp-json\/wp\/v2\/posts\/22588\/revisions\/22590"}],"wp:featuredmedia":[{"embeddable":true,"href":"https:\/\/masquenoticias.mx\/index.php\/wp-json\/wp\/v2\/media\/22589"}],"wp:attachment":[{"href":"https:\/\/masquenoticias.mx\/index.php\/wp-json\/wp\/v2\/media?parent=22588"}],"wp:term":[{"taxonomy":"category","embeddable":true,"href":"https:\/\/masquenoticias.mx\/index.php\/wp-json\/wp\/v2\/categories?post=22588"},{"taxonomy":"post_tag","embeddable":true,"href":"https:\/\/masquenoticias.mx\/index.php\/wp-json\/wp\/v2\/tags?post=22588"}],"curies":[{"name":"wp","href":"https:\/\/api.w.org\/{rel}","templated":true}]}}