{"id":22585,"date":"2026-04-28T18:27:56","date_gmt":"2026-04-29T00:27:56","guid":{"rendered":"https:\/\/masquenoticias.mx\/?p=22585"},"modified":"2026-04-28T18:27:56","modified_gmt":"2026-04-29T00:27:56","slug":"gobierno-del-estado-de-colima-inicia-participacion-en-el-tianguis-turistico-acapulco-2026","status":"publish","type":"post","link":"https:\/\/masquenoticias.mx\/index.php\/2026\/04\/28\/gobierno-del-estado-de-colima-inicia-participacion-en-el-tianguis-turistico-acapulco-2026\/","title":{"rendered":"Gobierno del Estado de Colima inicia participaci\u00f3n en el Tianguis Tur\u00edstico Acapulco 2026"},"content":{"rendered":"<p>La Subsecretar\u00eda de Turismo del Gobierno del Estado de Colima que encabeza la mandataria Indira Vizca\u00edno Silva inici\u00f3 su participaci\u00f3n en el Tianguis Tur\u00edstico Acapulco 2026, que se lleva a cabo del 28 al 30 de abril, consolidando la presencia del destino en el principal escaparate de promoci\u00f3n tur\u00edstica del pa\u00eds. En esta edici\u00f3n que celebra su 50 aniversario, la entidad presenta una agenda estrat\u00e9gica enfocada en posicionar sus atractivos ante mercados nacionales e internacionales.<\/p>\n<p>El estado de Colima participa con una nutrida delegaci\u00f3n de 48 personas, integrada por personal de la Subsectur, de los ayuntamientos de Manzanillo y Comala Pueblo M\u00e1gico, adem\u00e1s de representantes hoteleros, tour operadores, artesanos y el ballet folkl\u00f3rico de Villa de \u00c1lvarez. Esta diversidad permite mostrar la riqueza cultural, gastron\u00f3mica y natural colimense, fortaleciendo su identidad como un destino aut\u00e9ntico.<\/p>\n<p>El corte de list\u00f3n del m\u00f3dulo del estado de Colima estuvo a cargo de la secretaria de Turismo del Gobierno de M\u00e9xico, Josefina Rodr\u00edguez Zamora, quien destac\u00f3 la relevancia del Tianguis Tur\u00edstico como plataforma para generar alianzas comerciales y el impulso de los destinos. El subsecretario de Turismo estatal, Jorge Padilla Castillo, se\u00f1al\u00f3 que se espera una destacada participaci\u00f3n, respaldada por una agenda de citas de negocios que permitir\u00e1n fortalecer la presencia de Colima en el sector.<\/p>\n<p>El Tianguis Tur\u00edstico de Acapulco representa una oportunidad estrat\u00e9gica para promover la oferta tur\u00edstica de Colima, generar v\u00ednculos con compradores y consolidar su posici\u00f3n en el mercado. El Gobierno del Estado de Colima, encabezado por la gobernadora Indira Vizca\u00edno, a trav\u00e9s de la Subsectur, refrenda su compromiso con la promoci\u00f3n integral del destino, impulsando acciones que fortalezcan el desarrollo econ\u00f3mico y tur\u00edstico de la entidad #DelMarALaMonta\u00f1a.<\/p>\n","protected":false},"excerpt":{"rendered":"<p>La Subsecretar\u00eda de Turismo del Gobierno del Estado de Colima que encabeza la mandataria Indira Vizca\u00edno Silva inici\u00f3 su participaci\u00f3n en el Tianguis Tur\u00edstico Acapulco 2026, que se lleva a cabo del 28 al 30 de abril, consolidando la presencia del destino en el principal escaparate de promoci\u00f3n tur\u00edstica del pa\u00eds. En esta edici\u00f3n que [&hellip;]<\/p>\n","protected":false},"author":1,"featured_media":22586,"comment_status":"open","ping_status":"open","sticky":false,"template":"","format":"standard","meta":{"_jetpack_memberships_contains_paid_content":false,"footnotes":""},"categories":[24],"tags":[96],"class_list":["post-22585","post","type-post","status-publish","format-standard","has-post-thumbnail","hentry","category-estado","tag-turismo"],"yoast_head":"<!-- This site is optimized with the Yoast SEO plugin v26.6 - https:\/\/yoast.com\/wordpress\/plugins\/seo\/ -->\n<title>Gobierno del Estado de Colima inicia participaci\u00f3n en el Tianguis Tur\u00edstico Acapulco 2026 - M\u00e1s Que Noticias<\/title>\n<meta name=\"robots\" content=\"index, follow, max-snippet:-1, max-image-preview:large, max-video-preview:-1\" \/>\n<link rel=\"canonical\" href=\"https:\/\/masquenoticias.mx\/index.php\/2026\/04\/28\/gobierno-del-estado-de-colima-inicia-participacion-en-el-tianguis-turistico-acapulco-2026\/\" \/>\n<meta property=\"og:locale\" content=\"es_MX\" \/>\n<meta property=\"og:type\" content=\"article\" \/>\n<meta property=\"og:title\" content=\"Gobierno del Estado de Colima inicia participaci\u00f3n en el Tianguis Tur\u00edstico Acapulco 2026 - M\u00e1s Que Noticias\" \/>\n<meta property=\"og:description\" content=\"La Subsecretar\u00eda de Turismo del Gobierno del Estado de Colima que encabeza la mandataria Indira Vizca\u00edno Silva inici\u00f3 su participaci\u00f3n en el Tianguis Tur\u00edstico Acapulco 2026, que se lleva a cabo del 28 al 30 de abril, consolidando la presencia del destino en el principal escaparate de promoci\u00f3n tur\u00edstica del pa\u00eds. En esta edici\u00f3n que [&hellip;]\" \/>\n<meta property=\"og:url\" content=\"https:\/\/masquenoticias.mx\/index.php\/2026\/04\/28\/gobierno-del-estado-de-colima-inicia-participacion-en-el-tianguis-turistico-acapulco-2026\/\" \/>\n<meta property=\"og:site_name\" content=\"M\u00e1s Que Noticias\" \/>\n<meta property=\"article:publisher\" content=\"https:\/\/www.facebook.com\/masquenoticiascolima\" \/>\n<meta property=\"article:published_time\" content=\"2026-04-29T00:27:56+00:00\" \/>\n<meta property=\"og:image\" content=\"https:\/\/masquenoticias.mx\/wp-content\/uploads\/2026\/04\/WhatsApp-Image-2026-04-28-at-11.31.59-AM.jpeg\" \/>\n\t<meta property=\"og:image:width\" content=\"1600\" \/>\n\t<meta property=\"og:image:height\" content=\"1064\" \/>\n\t<meta property=\"og:image:type\" content=\"image\/jpeg\" \/>\n<meta name=\"author\" content=\"Redacci\u00f3n\" \/>\n<meta name=\"twitter:card\" content=\"summary_large_image\" \/>\n<meta name=\"twitter:creator\" content=\"@edgartove\" \/>\n<meta name=\"twitter:site\" content=\"@edgartove\" \/>\n<meta name=\"twitter:label1\" content=\"Escrito por\" \/>\n\t<meta name=\"twitter:data1\" content=\"Redacci\u00f3n\" \/>\n\t<meta name=\"twitter:label2\" content=\"Tiempo de lectura\" \/>\n\t<meta name=\"twitter:data2\" content=\"2 minutos\" \/>\n<script type=\"application\/ld+json\" class=\"yoast-schema-graph\">{\"@context\":\"https:\/\/schema.org\",\"@graph\":[{\"@type\":\"Article\",\"@id\":\"https:\/\/masquenoticias.mx\/index.php\/2026\/04\/28\/gobierno-del-estado-de-colima-inicia-participacion-en-el-tianguis-turistico-acapulco-2026\/#article\",\"isPartOf\":{\"@id\":\"https:\/\/masquenoticias.mx\/index.php\/2026\/04\/28\/gobierno-del-estado-de-colima-inicia-participacion-en-el-tianguis-turistico-acapulco-2026\/\"},\"author\":{\"name\":\"Redacci\u00f3n\",\"@id\":\"https:\/\/masquenoticias.mx\/#\/schema\/person\/544d19989ef23d34615f691f7a96e622\"},\"headline\":\"Gobierno del Estado de Colima inicia participaci\u00f3n en el Tianguis Tur\u00edstico Acapulco 2026\",\"datePublished\":\"2026-04-29T00:27:56+00:00\",\"mainEntityOfPage\":{\"@id\":\"https:\/\/masquenoticias.mx\/index.php\/2026\/04\/28\/gobierno-del-estado-de-colima-inicia-participacion-en-el-tianguis-turistico-acapulco-2026\/\"},\"wordCount\":321,\"commentCount\":0,\"publisher\":{\"@id\":\"https:\/\/masquenoticias.mx\/#organization\"},\"image\":{\"@id\":\"https:\/\/masquenoticias.mx\/index.php\/2026\/04\/28\/gobierno-del-estado-de-colima-inicia-participacion-en-el-tianguis-turistico-acapulco-2026\/#primaryimage\"},\"thumbnailUrl\":\"https:\/\/i0.wp.com\/masquenoticias.mx\/wp-content\/uploads\/2026\/04\/WhatsApp-Image-2026-04-28-at-11.31.59-AM.jpeg?fit=1600%2C1064&ssl=1\",\"keywords\":[\"Turismo\"],\"articleSection\":[\"Estado\"],\"inLanguage\":\"es\",\"potentialAction\":[{\"@type\":\"CommentAction\",\"name\":\"Comment\",\"target\":[\"https:\/\/masquenoticias.mx\/index.php\/2026\/04\/28\/gobierno-del-estado-de-colima-inicia-participacion-en-el-tianguis-turistico-acapulco-2026\/#respond\"]}]},{\"@type\":\"WebPage\",\"@id\":\"https:\/\/masquenoticias.mx\/index.php\/2026\/04\/28\/gobierno-del-estado-de-colima-inicia-participacion-en-el-tianguis-turistico-acapulco-2026\/\",\"url\":\"https:\/\/masquenoticias.mx\/index.php\/2026\/04\/28\/gobierno-del-estado-de-colima-inicia-participacion-en-el-tianguis-turistico-acapulco-2026\/\",\"name\":\"Gobierno del Estado de Colima inicia participaci\u00f3n en el Tianguis Tur\u00edstico Acapulco 2026 - M\u00e1s Que Noticias\",\"isPartOf\":{\"@id\":\"https:\/\/masquenoticias.mx\/#website\"},\"primaryImageOfPage\":{\"@id\":\"https:\/\/masquenoticias.mx\/index.php\/2026\/04\/28\/gobierno-del-estado-de-colima-inicia-participacion-en-el-tianguis-turistico-acapulco-2026\/#primaryimage\"},\"image\":{\"@id\":\"https:\/\/masquenoticias.mx\/index.php\/2026\/04\/28\/gobierno-del-estado-de-colima-inicia-participacion-en-el-tianguis-turistico-acapulco-2026\/#primaryimage\"},\"thumbnailUrl\":\"https:\/\/i0.wp.com\/masquenoticias.mx\/wp-content\/uploads\/2026\/04\/WhatsApp-Image-2026-04-28-at-11.31.59-AM.jpeg?fit=1600%2C1064&ssl=1\",\"datePublished\":\"2026-04-29T00:27:56+00:00\",\"breadcrumb\":{\"@id\":\"https:\/\/masquenoticias.mx\/index.php\/2026\/04\/28\/gobierno-del-estado-de-colima-inicia-participacion-en-el-tianguis-turistico-acapulco-2026\/#breadcrumb\"},\"inLanguage\":\"es\",\"potentialAction\":[{\"@type\":\"ReadAction\",\"target\":[\"https:\/\/masquenoticias.mx\/index.php\/2026\/04\/28\/gobierno-del-estado-de-colima-inicia-participacion-en-el-tianguis-turistico-acapulco-2026\/\"]}]},{\"@type\":\"ImageObject\",\"inLanguage\":\"es\",\"@id\":\"https:\/\/masquenoticias.mx\/index.php\/2026\/04\/28\/gobierno-del-estado-de-colima-inicia-participacion-en-el-tianguis-turistico-acapulco-2026\/#primaryimage\",\"url\":\"https:\/\/i0.wp.com\/masquenoticias.mx\/wp-content\/uploads\/2026\/04\/WhatsApp-Image-2026-04-28-at-11.31.59-AM.jpeg?fit=1600%2C1064&ssl=1\",\"contentUrl\":\"https:\/\/i0.wp.com\/masquenoticias.mx\/wp-content\/uploads\/2026\/04\/WhatsApp-Image-2026-04-28-at-11.31.59-AM.jpeg?fit=1600%2C1064&ssl=1\",\"width\":1600,\"height\":1064},{\"@type\":\"BreadcrumbList\",\"@id\":\"https:\/\/masquenoticias.mx\/index.php\/2026\/04\/28\/gobierno-del-estado-de-colima-inicia-participacion-en-el-tianguis-turistico-acapulco-2026\/#breadcrumb\",\"itemListElement\":[{\"@type\":\"ListItem\",\"position\":1,\"name\":\"Inicio\",\"item\":\"https:\/\/masquenoticias.mx\/\"},{\"@type\":\"ListItem\",\"position\":2,\"name\":\"Gobierno del Estado de Colima inicia participaci\u00f3n en el Tianguis Tur\u00edstico Acapulco 2026\"}]},{\"@type\":\"WebSite\",\"@id\":\"https:\/\/masquenoticias.mx\/#website\",\"url\":\"https:\/\/masquenoticias.mx\/\",\"name\":\"M\u00e1s Que Noticias\",\"description\":\"Noticias de Colima, M\u00e9xico y el Mundo\",\"publisher\":{\"@id\":\"https:\/\/masquenoticias.mx\/#organization\"},\"potentialAction\":[{\"@type\":\"SearchAction\",\"target\":{\"@type\":\"EntryPoint\",\"urlTemplate\":\"https:\/\/masquenoticias.mx\/?s={search_term_string}\"},\"query-input\":{\"@type\":\"PropertyValueSpecification\",\"valueRequired\":true,\"valueName\":\"search_term_string\"}}],\"inLanguage\":\"es\"},{\"@type\":\"Organization\",\"@id\":\"https:\/\/masquenoticias.mx\/#organization\",\"name\":\"M\u00e1s Que Noticias\",\"url\":\"https:\/\/masquenoticias.mx\/\",\"logo\":{\"@type\":\"ImageObject\",\"inLanguage\":\"es\",\"@id\":\"https:\/\/masquenoticias.mx\/#\/schema\/logo\/image\/\",\"url\":\"https:\/\/i0.wp.com\/masquenoticias.mx\/wp-content\/uploads\/2024\/04\/IMG_0004.png?fit=2560%2C1656&ssl=1\",\"contentUrl\":\"https:\/\/i0.wp.com\/masquenoticias.mx\/wp-content\/uploads\/2024\/04\/IMG_0004.png?fit=2560%2C1656&ssl=1\",\"width\":2560,\"height\":1656,\"caption\":\"M\u00e1s Que Noticias\"},\"image\":{\"@id\":\"https:\/\/masquenoticias.mx\/#\/schema\/logo\/image\/\"},\"sameAs\":[\"https:\/\/www.facebook.com\/masquenoticiascolima\",\"https:\/\/x.com\/edgartove\",\"https:\/\/www.instagram.com\/masquenoticiascolima\/\"]},{\"@type\":\"Person\",\"@id\":\"https:\/\/masquenoticias.mx\/#\/schema\/person\/544d19989ef23d34615f691f7a96e622\",\"name\":\"Redacci\u00f3n\",\"image\":{\"@type\":\"ImageObject\",\"inLanguage\":\"es\",\"@id\":\"https:\/\/masquenoticias.mx\/#\/schema\/person\/image\/\",\"url\":\"https:\/\/secure.gravatar.com\/avatar\/7fcc926d5b058d3f3d52d95b4d05dd58?s=96&d=mm&r=g\",\"contentUrl\":\"https:\/\/secure.gravatar.com\/avatar\/7fcc926d5b058d3f3d52d95b4d05dd58?s=96&d=mm&r=g\",\"caption\":\"Redacci\u00f3n\"},\"sameAs\":[\"http:\/\/masquenoticias.mx\"],\"url\":\"https:\/\/masquenoticias.mx\/index.php\/author\/edgartovegmail-com\/\"}]}<\/script>\n<!-- \/ Yoast SEO plugin. -->","yoast_head_json":{"title":"Gobierno del Estado de Colima inicia participaci\u00f3n en el Tianguis Tur\u00edstico Acapulco 2026 - M\u00e1s Que Noticias","robots":{"index":"index","follow":"follow","max-snippet":"max-snippet:-1","max-image-preview":"max-image-preview:large","max-video-preview":"max-video-preview:-1"},"canonical":"https:\/\/masquenoticias.mx\/index.php\/2026\/04\/28\/gobierno-del-estado-de-colima-inicia-participacion-en-el-tianguis-turistico-acapulco-2026\/","og_locale":"es_MX","og_type":"article","og_title":"Gobierno del Estado de Colima inicia participaci\u00f3n en el Tianguis Tur\u00edstico Acapulco 2026 - M\u00e1s Que Noticias","og_description":"La Subsecretar\u00eda de Turismo del Gobierno del Estado de Colima que encabeza la mandataria Indira Vizca\u00edno Silva inici\u00f3 su participaci\u00f3n en el Tianguis Tur\u00edstico Acapulco 2026, que se lleva a cabo del 28 al 30 de abril, consolidando la presencia del destino en el principal escaparate de promoci\u00f3n tur\u00edstica del pa\u00eds. En esta edici\u00f3n que [&hellip;]","og_url":"https:\/\/masquenoticias.mx\/index.php\/2026\/04\/28\/gobierno-del-estado-de-colima-inicia-participacion-en-el-tianguis-turistico-acapulco-2026\/","og_site_name":"M\u00e1s Que Noticias","article_publisher":"https:\/\/www.facebook.com\/masquenoticiascolima","article_published_time":"2026-04-29T00:27:56+00:00","og_image":[{"width":1600,"height":1064,"url":"https:\/\/masquenoticias.mx\/wp-content\/uploads\/2026\/04\/WhatsApp-Image-2026-04-28-at-11.31.59-AM.jpeg","type":"image\/jpeg"}],"author":"Redacci\u00f3n","twitter_card":"summary_large_image","twitter_creator":"@edgartove","twitter_site":"@edgartove","twitter_misc":{"Escrito por":"Redacci\u00f3n","Tiempo de lectura":"2 minutos"},"schema":{"@context":"https:\/\/schema.org","@graph":[{"@type":"Article","@id":"https:\/\/masquenoticias.mx\/index.php\/2026\/04\/28\/gobierno-del-estado-de-colima-inicia-participacion-en-el-tianguis-turistico-acapulco-2026\/#article","isPartOf":{"@id":"https:\/\/masquenoticias.mx\/index.php\/2026\/04\/28\/gobierno-del-estado-de-colima-inicia-participacion-en-el-tianguis-turistico-acapulco-2026\/"},"author":{"name":"Redacci\u00f3n","@id":"https:\/\/masquenoticias.mx\/#\/schema\/person\/544d19989ef23d34615f691f7a96e622"},"headline":"Gobierno del Estado de Colima inicia participaci\u00f3n en el Tianguis Tur\u00edstico Acapulco 2026","datePublished":"2026-04-29T00:27:56+00:00","mainEntityOfPage":{"@id":"https:\/\/masquenoticias.mx\/index.php\/2026\/04\/28\/gobierno-del-estado-de-colima-inicia-participacion-en-el-tianguis-turistico-acapulco-2026\/"},"wordCount":321,"commentCount":0,"publisher":{"@id":"https:\/\/masquenoticias.mx\/#organization"},"image":{"@id":"https:\/\/masquenoticias.mx\/index.php\/2026\/04\/28\/gobierno-del-estado-de-colima-inicia-participacion-en-el-tianguis-turistico-acapulco-2026\/#primaryimage"},"thumbnailUrl":"https:\/\/i0.wp.com\/masquenoticias.mx\/wp-content\/uploads\/2026\/04\/WhatsApp-Image-2026-04-28-at-11.31.59-AM.jpeg?fit=1600%2C1064&ssl=1","keywords":["Turismo"],"articleSection":["Estado"],"inLanguage":"es","potentialAction":[{"@type":"CommentAction","name":"Comment","target":["https:\/\/masquenoticias.mx\/index.php\/2026\/04\/28\/gobierno-del-estado-de-colima-inicia-participacion-en-el-tianguis-turistico-acapulco-2026\/#respond"]}]},{"@type":"WebPage","@id":"https:\/\/masquenoticias.mx\/index.php\/2026\/04\/28\/gobierno-del-estado-de-colima-inicia-participacion-en-el-tianguis-turistico-acapulco-2026\/","url":"https:\/\/masquenoticias.mx\/index.php\/2026\/04\/28\/gobierno-del-estado-de-colima-inicia-participacion-en-el-tianguis-turistico-acapulco-2026\/","name":"Gobierno del Estado de Colima inicia participaci\u00f3n en el Tianguis Tur\u00edstico Acapulco 2026 - M\u00e1s Que Noticias","isPartOf":{"@id":"https:\/\/masquenoticias.mx\/#website"},"primaryImageOfPage":{"@id":"https:\/\/masquenoticias.mx\/index.php\/2026\/04\/28\/gobierno-del-estado-de-colima-inicia-participacion-en-el-tianguis-turistico-acapulco-2026\/#primaryimage"},"image":{"@id":"https:\/\/masquenoticias.mx\/index.php\/2026\/04\/28\/gobierno-del-estado-de-colima-inicia-participacion-en-el-tianguis-turistico-acapulco-2026\/#primaryimage"},"thumbnailUrl":"https:\/\/i0.wp.com\/masquenoticias.mx\/wp-content\/uploads\/2026\/04\/WhatsApp-Image-2026-04-28-at-11.31.59-AM.jpeg?fit=1600%2C1064&ssl=1","datePublished":"2026-04-29T00:27:56+00:00","breadcrumb":{"@id":"https:\/\/masquenoticias.mx\/index.php\/2026\/04\/28\/gobierno-del-estado-de-colima-inicia-participacion-en-el-tianguis-turistico-acapulco-2026\/#breadcrumb"},"inLanguage":"es","potentialAction":[{"@type":"ReadAction","target":["https:\/\/masquenoticias.mx\/index.php\/2026\/04\/28\/gobierno-del-estado-de-colima-inicia-participacion-en-el-tianguis-turistico-acapulco-2026\/"]}]},{"@type":"ImageObject","inLanguage":"es","@id":"https:\/\/masquenoticias.mx\/index.php\/2026\/04\/28\/gobierno-del-estado-de-colima-inicia-participacion-en-el-tianguis-turistico-acapulco-2026\/#primaryimage","url":"https:\/\/i0.wp.com\/masquenoticias.mx\/wp-content\/uploads\/2026\/04\/WhatsApp-Image-2026-04-28-at-11.31.59-AM.jpeg?fit=1600%2C1064&ssl=1","contentUrl":"https:\/\/i0.wp.com\/masquenoticias.mx\/wp-content\/uploads\/2026\/04\/WhatsApp-Image-2026-04-28-at-11.31.59-AM.jpeg?fit=1600%2C1064&ssl=1","width":1600,"height":1064},{"@type":"BreadcrumbList","@id":"https:\/\/masquenoticias.mx\/index.php\/2026\/04\/28\/gobierno-del-estado-de-colima-inicia-participacion-en-el-tianguis-turistico-acapulco-2026\/#breadcrumb","itemListElement":[{"@type":"ListItem","position":1,"name":"Inicio","item":"https:\/\/masquenoticias.mx\/"},{"@type":"ListItem","position":2,"name":"Gobierno del Estado de Colima inicia participaci\u00f3n en el Tianguis Tur\u00edstico Acapulco 2026"}]},{"@type":"WebSite","@id":"https:\/\/masquenoticias.mx\/#website","url":"https:\/\/masquenoticias.mx\/","name":"M\u00e1s Que Noticias","description":"Noticias de Colima, M\u00e9xico y el Mundo","publisher":{"@id":"https:\/\/masquenoticias.mx\/#organization"},"potentialAction":[{"@type":"SearchAction","target":{"@type":"EntryPoint","urlTemplate":"https:\/\/masquenoticias.mx\/?s={search_term_string}"},"query-input":{"@type":"PropertyValueSpecification","valueRequired":true,"valueName":"search_term_string"}}],"inLanguage":"es"},{"@type":"Organization","@id":"https:\/\/masquenoticias.mx\/#organization","name":"M\u00e1s Que Noticias","url":"https:\/\/masquenoticias.mx\/","logo":{"@type":"ImageObject","inLanguage":"es","@id":"https:\/\/masquenoticias.mx\/#\/schema\/logo\/image\/","url":"https:\/\/i0.wp.com\/masquenoticias.mx\/wp-content\/uploads\/2024\/04\/IMG_0004.png?fit=2560%2C1656&ssl=1","contentUrl":"https:\/\/i0.wp.com\/masquenoticias.mx\/wp-content\/uploads\/2024\/04\/IMG_0004.png?fit=2560%2C1656&ssl=1","width":2560,"height":1656,"caption":"M\u00e1s Que Noticias"},"image":{"@id":"https:\/\/masquenoticias.mx\/#\/schema\/logo\/image\/"},"sameAs":["https:\/\/www.facebook.com\/masquenoticiascolima","https:\/\/x.com\/edgartove","https:\/\/www.instagram.com\/masquenoticiascolima\/"]},{"@type":"Person","@id":"https:\/\/masquenoticias.mx\/#\/schema\/person\/544d19989ef23d34615f691f7a96e622","name":"Redacci\u00f3n","image":{"@type":"ImageObject","inLanguage":"es","@id":"https:\/\/masquenoticias.mx\/#\/schema\/person\/image\/","url":"https:\/\/secure.gravatar.com\/avatar\/7fcc926d5b058d3f3d52d95b4d05dd58?s=96&d=mm&r=g","contentUrl":"https:\/\/secure.gravatar.com\/avatar\/7fcc926d5b058d3f3d52d95b4d05dd58?s=96&d=mm&r=g","caption":"Redacci\u00f3n"},"sameAs":["http:\/\/masquenoticias.mx"],"url":"https:\/\/masquenoticias.mx\/index.php\/author\/edgartovegmail-com\/"}]}},"jetpack_featured_media_url":"https:\/\/i0.wp.com\/masquenoticias.mx\/wp-content\/uploads\/2026\/04\/WhatsApp-Image-2026-04-28-at-11.31.59-AM.jpeg?fit=1600%2C1064&ssl=1","blog_post_layout_featured_media_urls":{"thumbnail":["https:\/\/i0.wp.com\/masquenoticias.mx\/wp-content\/uploads\/2026\/04\/WhatsApp-Image-2026-04-28-at-11.31.59-AM.jpeg?resize=150%2C150&ssl=1",150,150,true],"full":["https:\/\/i0.wp.com\/masquenoticias.mx\/wp-content\/uploads\/2026\/04\/WhatsApp-Image-2026-04-28-at-11.31.59-AM.jpeg?fit=1600%2C1064&ssl=1",1600,1064,false]},"categories_names":{"24":{"name":"Estado","link":"https:\/\/masquenoticias.mx\/index.php\/category\/estado\/"}},"tags_names":{"96":{"name":"Turismo","link":"https:\/\/masquenoticias.mx\/index.php\/tag\/turismo\/"}},"comments_number":"0","wpmagazine_modules_lite_featured_media_urls":{"thumbnail":["https:\/\/i0.wp.com\/masquenoticias.mx\/wp-content\/uploads\/2026\/04\/WhatsApp-Image-2026-04-28-at-11.31.59-AM.jpeg?resize=150%2C150&ssl=1",150,150,true],"cvmm-medium":["https:\/\/i0.wp.com\/masquenoticias.mx\/wp-content\/uploads\/2026\/04\/WhatsApp-Image-2026-04-28-at-11.31.59-AM.jpeg?resize=300%2C300&ssl=1",300,300,true],"cvmm-medium-plus":["https:\/\/i0.wp.com\/masquenoticias.mx\/wp-content\/uploads\/2026\/04\/WhatsApp-Image-2026-04-28-at-11.31.59-AM.jpeg?resize=305%2C207&ssl=1",305,207,true],"cvmm-portrait":["https:\/\/i0.wp.com\/masquenoticias.mx\/wp-content\/uploads\/2026\/04\/WhatsApp-Image-2026-04-28-at-11.31.59-AM.jpeg?resize=400%2C600&ssl=1",400,600,true],"cvmm-medium-square":["https:\/\/i0.wp.com\/masquenoticias.mx\/wp-content\/uploads\/2026\/04\/WhatsApp-Image-2026-04-28-at-11.31.59-AM.jpeg?resize=600%2C600&ssl=1",600,600,true],"cvmm-large":["https:\/\/i0.wp.com\/masquenoticias.mx\/wp-content\/uploads\/2026\/04\/WhatsApp-Image-2026-04-28-at-11.31.59-AM.jpeg?resize=1024%2C1024&ssl=1",1024,1024,true],"cvmm-small":["https:\/\/i0.wp.com\/masquenoticias.mx\/wp-content\/uploads\/2026\/04\/WhatsApp-Image-2026-04-28-at-11.31.59-AM.jpeg?resize=130%2C95&ssl=1",130,95,true],"full":["https:\/\/i0.wp.com\/masquenoticias.mx\/wp-content\/uploads\/2026\/04\/WhatsApp-Image-2026-04-28-at-11.31.59-AM.jpeg?fit=1600%2C1064&ssl=1",1600,1064,false]},"jetpack-related-posts":[],"jetpack_sharing_enabled":true,"jetpack_likes_enabled":true,"jetpack_shortlink":"https:\/\/wp.me\/pf7pkt-5Sh","_links":{"self":[{"href":"https:\/\/masquenoticias.mx\/index.php\/wp-json\/wp\/v2\/posts\/22585","targetHints":{"allow":["GET"]}}],"collection":[{"href":"https:\/\/masquenoticias.mx\/index.php\/wp-json\/wp\/v2\/posts"}],"about":[{"href":"https:\/\/masquenoticias.mx\/index.php\/wp-json\/wp\/v2\/types\/post"}],"author":[{"embeddable":true,"href":"https:\/\/masquenoticias.mx\/index.php\/wp-json\/wp\/v2\/users\/1"}],"replies":[{"embeddable":true,"href":"https:\/\/masquenoticias.mx\/index.php\/wp-json\/wp\/v2\/comments?post=22585"}],"version-history":[{"count":1,"href":"https:\/\/masquenoticias.mx\/index.php\/wp-json\/wp\/v2\/posts\/22585\/revisions"}],"predecessor-version":[{"id":22587,"href":"https:\/\/masquenoticias.mx\/index.php\/wp-json\/wp\/v2\/posts\/22585\/revisions\/22587"}],"wp:featuredmedia":[{"embeddable":true,"href":"https:\/\/masquenoticias.mx\/index.php\/wp-json\/wp\/v2\/media\/22586"}],"wp:attachment":[{"href":"https:\/\/masquenoticias.mx\/index.php\/wp-json\/wp\/v2\/media?parent=22585"}],"wp:term":[{"taxonomy":"category","embeddable":true,"href":"https:\/\/masquenoticias.mx\/index.php\/wp-json\/wp\/v2\/categories?post=22585"},{"taxonomy":"post_tag","embeddable":true,"href":"https:\/\/masquenoticias.mx\/index.php\/wp-json\/wp\/v2\/tags?post=22585"}],"curies":[{"name":"wp","href":"https:\/\/api.w.org\/{rel}","templated":true}]}}