{"id":22582,"date":"2026-04-28T18:16:06","date_gmt":"2026-04-29T00:16:06","guid":{"rendered":"https:\/\/masquenoticias.mx\/?p=22582"},"modified":"2026-04-28T18:16:06","modified_gmt":"2026-04-29T00:16:06","slug":"salud-colima-refuerza-prevencion-contra-el-virus-sincitial-respiratorio-en-la-semana-nacional-de-vacunacion-2026","status":"publish","type":"post","link":"https:\/\/masquenoticias.mx\/index.php\/2026\/04\/28\/salud-colima-refuerza-prevencion-contra-el-virus-sincitial-respiratorio-en-la-semana-nacional-de-vacunacion-2026\/","title":{"rendered":"Salud Colima refuerza prevenci\u00f3n contra el Virus Sincitial Respiratorio en la Semana Nacional de Vacunaci\u00f3n 2026"},"content":{"rendered":"<p>En la Semana Nacional de Vacunaci\u00f3n que se realiza del 25 de abril al 2 de mayo, la Secretar\u00eda de Salud del Gobierno del Estado de Colima recomienda a personas gestantes acudir a unidad m\u00e9dica para la aplicaci\u00f3n de la vacuna contra el Virus Sincitial Respiratorio (VSR) entre la semana 32 y 36 de gestaci\u00f3n y prevenir casos graves en lactantes durante sus primeros meses de vida.<\/p>\n<p>El VSR es una de las principales causas virales de infecciones en v\u00edas respiratorias, particularmente en poblaci\u00f3n lactante y menores de edad; es causa relevante de bronquitis y bronquiolitis, adem\u00e1s de ubicarse entre las principales causas de mortalidad en este grupo a nivel mundial. Puede generar cuadros graves en beb\u00e9s prematuros. La transmisi\u00f3n es estacional con mayor incidencia en invierno, principalmente a trav\u00e9s de gotitas respiratorias expulsadas al toser o estornudar y por contacto indirecto con superficies contaminadas.<\/p>\n<p>Durante la infecci\u00f3n pueden presentarse complicaciones como insuficiencia, especialmente en lactantes menores de dos meses o prematuros, deshidrataci\u00f3n por dificultad para la alimentaci\u00f3n y sobreinfecciones bacterianas que pueden derivar en neumon\u00eda y que en casos graves puede requerir ventilaci\u00f3n mec\u00e1nica. El VSR puede dejar secuelas a mediano y largo plazo, entre las que destacan la hiperreactividad bronquial y las sibilancias recurrentes, un mayor riesgo de desarrollar asma en edad escolar, deterioro de la funci\u00f3n pulmonar y posibles alteraciones en el neurodesarrollo asociadas a hipoxia prolongada.<\/p>\n<p>Es fundamental que madres y padres identifiquen oportunamente la enfermedad en ni\u00f1as y ni\u00f1os para evitar complicaciones y acudir de inmediato a atenci\u00f3n m\u00e9dica. Se recomienda reforzar la prevenci\u00f3n con lavado frecuente de manos y evitar lugares concurridos en periodos de alta circulaci\u00f3n viral. La vacunaci\u00f3n materna es clave para proteger a reci\u00e9n nacidos, pues les brinda inmunidad desde el nacimiento y durante sus primeros meses de vida, ayudando a prevenir complicaciones por VSR. Puedes acudir a los m\u00f3dulos en hospitales, donde es segura, efectiva y gratuita. #Operaci\u00f3nSaludColima<\/p>\n","protected":false},"excerpt":{"rendered":"<p>En la Semana Nacional de Vacunaci\u00f3n que se realiza del 25 de abril al 2 de mayo, la Secretar\u00eda de Salud del Gobierno del Estado de Colima recomienda a personas gestantes acudir a unidad m\u00e9dica para la aplicaci\u00f3n de la vacuna contra el Virus Sincitial Respiratorio (VSR) entre la semana 32 y 36 de gestaci\u00f3n [&hellip;]<\/p>\n","protected":false},"author":1,"featured_media":22583,"comment_status":"open","ping_status":"open","sticky":false,"template":"","format":"standard","meta":{"_jetpack_memberships_contains_paid_content":false,"footnotes":""},"categories":[24],"tags":[63],"class_list":["post-22582","post","type-post","status-publish","format-standard","has-post-thumbnail","hentry","category-estado","tag-salud"],"yoast_head":"<!-- This site is optimized with the Yoast SEO plugin v26.6 - https:\/\/yoast.com\/wordpress\/plugins\/seo\/ -->\n<title>Salud Colima refuerza prevenci\u00f3n contra el Virus Sincitial Respiratorio en la Semana Nacional de Vacunaci\u00f3n 2026 - M\u00e1s Que Noticias<\/title>\n<meta name=\"robots\" content=\"index, follow, max-snippet:-1, max-image-preview:large, max-video-preview:-1\" \/>\n<link rel=\"canonical\" href=\"https:\/\/masquenoticias.mx\/index.php\/2026\/04\/28\/salud-colima-refuerza-prevencion-contra-el-virus-sincitial-respiratorio-en-la-semana-nacional-de-vacunacion-2026\/\" \/>\n<meta property=\"og:locale\" content=\"es_MX\" \/>\n<meta property=\"og:type\" content=\"article\" \/>\n<meta property=\"og:title\" content=\"Salud Colima refuerza prevenci\u00f3n contra el Virus Sincitial Respiratorio en la Semana Nacional de Vacunaci\u00f3n 2026 - M\u00e1s Que Noticias\" \/>\n<meta property=\"og:description\" content=\"En la Semana Nacional de Vacunaci\u00f3n que se realiza del 25 de abril al 2 de mayo, la Secretar\u00eda de Salud del Gobierno del Estado de Colima recomienda a personas gestantes acudir a unidad m\u00e9dica para la aplicaci\u00f3n de la vacuna contra el Virus Sincitial Respiratorio (VSR) entre la semana 32 y 36 de gestaci\u00f3n [&hellip;]\" \/>\n<meta property=\"og:url\" content=\"https:\/\/masquenoticias.mx\/index.php\/2026\/04\/28\/salud-colima-refuerza-prevencion-contra-el-virus-sincitial-respiratorio-en-la-semana-nacional-de-vacunacion-2026\/\" \/>\n<meta property=\"og:site_name\" content=\"M\u00e1s Que Noticias\" \/>\n<meta property=\"article:publisher\" content=\"https:\/\/www.facebook.com\/masquenoticiascolima\" \/>\n<meta property=\"article:published_time\" content=\"2026-04-29T00:16:06+00:00\" \/>\n<meta property=\"og:image\" content=\"https:\/\/masquenoticias.mx\/wp-content\/uploads\/2026\/04\/WhatsApp-Image-2026-04-28-at-10.47.53-AM.jpeg\" \/>\n\t<meta property=\"og:image:width\" content=\"1600\" \/>\n\t<meta property=\"og:image:height\" content=\"1066\" \/>\n\t<meta property=\"og:image:type\" content=\"image\/jpeg\" \/>\n<meta name=\"author\" content=\"Redacci\u00f3n\" \/>\n<meta name=\"twitter:card\" content=\"summary_large_image\" \/>\n<meta name=\"twitter:creator\" content=\"@edgartove\" \/>\n<meta name=\"twitter:site\" content=\"@edgartove\" \/>\n<meta name=\"twitter:label1\" content=\"Escrito por\" \/>\n\t<meta name=\"twitter:data1\" content=\"Redacci\u00f3n\" \/>\n\t<meta name=\"twitter:label2\" content=\"Tiempo de lectura\" \/>\n\t<meta name=\"twitter:data2\" content=\"2 minutos\" \/>\n<script type=\"application\/ld+json\" class=\"yoast-schema-graph\">{\"@context\":\"https:\/\/schema.org\",\"@graph\":[{\"@type\":\"Article\",\"@id\":\"https:\/\/masquenoticias.mx\/index.php\/2026\/04\/28\/salud-colima-refuerza-prevencion-contra-el-virus-sincitial-respiratorio-en-la-semana-nacional-de-vacunacion-2026\/#article\",\"isPartOf\":{\"@id\":\"https:\/\/masquenoticias.mx\/index.php\/2026\/04\/28\/salud-colima-refuerza-prevencion-contra-el-virus-sincitial-respiratorio-en-la-semana-nacional-de-vacunacion-2026\/\"},\"author\":{\"name\":\"Redacci\u00f3n\",\"@id\":\"https:\/\/masquenoticias.mx\/#\/schema\/person\/544d19989ef23d34615f691f7a96e622\"},\"headline\":\"Salud Colima refuerza prevenci\u00f3n contra el Virus Sincitial Respiratorio en la Semana Nacional de Vacunaci\u00f3n 2026\",\"datePublished\":\"2026-04-29T00:16:06+00:00\",\"mainEntityOfPage\":{\"@id\":\"https:\/\/masquenoticias.mx\/index.php\/2026\/04\/28\/salud-colima-refuerza-prevencion-contra-el-virus-sincitial-respiratorio-en-la-semana-nacional-de-vacunacion-2026\/\"},\"wordCount\":359,\"commentCount\":0,\"publisher\":{\"@id\":\"https:\/\/masquenoticias.mx\/#organization\"},\"image\":{\"@id\":\"https:\/\/masquenoticias.mx\/index.php\/2026\/04\/28\/salud-colima-refuerza-prevencion-contra-el-virus-sincitial-respiratorio-en-la-semana-nacional-de-vacunacion-2026\/#primaryimage\"},\"thumbnailUrl\":\"https:\/\/i0.wp.com\/masquenoticias.mx\/wp-content\/uploads\/2026\/04\/WhatsApp-Image-2026-04-28-at-10.47.53-AM.jpeg?fit=1600%2C1066&ssl=1\",\"keywords\":[\"Salud\"],\"articleSection\":[\"Estado\"],\"inLanguage\":\"es\",\"potentialAction\":[{\"@type\":\"CommentAction\",\"name\":\"Comment\",\"target\":[\"https:\/\/masquenoticias.mx\/index.php\/2026\/04\/28\/salud-colima-refuerza-prevencion-contra-el-virus-sincitial-respiratorio-en-la-semana-nacional-de-vacunacion-2026\/#respond\"]}]},{\"@type\":\"WebPage\",\"@id\":\"https:\/\/masquenoticias.mx\/index.php\/2026\/04\/28\/salud-colima-refuerza-prevencion-contra-el-virus-sincitial-respiratorio-en-la-semana-nacional-de-vacunacion-2026\/\",\"url\":\"https:\/\/masquenoticias.mx\/index.php\/2026\/04\/28\/salud-colima-refuerza-prevencion-contra-el-virus-sincitial-respiratorio-en-la-semana-nacional-de-vacunacion-2026\/\",\"name\":\"Salud Colima refuerza prevenci\u00f3n contra el Virus Sincitial Respiratorio en la Semana Nacional de Vacunaci\u00f3n 2026 - M\u00e1s Que Noticias\",\"isPartOf\":{\"@id\":\"https:\/\/masquenoticias.mx\/#website\"},\"primaryImageOfPage\":{\"@id\":\"https:\/\/masquenoticias.mx\/index.php\/2026\/04\/28\/salud-colima-refuerza-prevencion-contra-el-virus-sincitial-respiratorio-en-la-semana-nacional-de-vacunacion-2026\/#primaryimage\"},\"image\":{\"@id\":\"https:\/\/masquenoticias.mx\/index.php\/2026\/04\/28\/salud-colima-refuerza-prevencion-contra-el-virus-sincitial-respiratorio-en-la-semana-nacional-de-vacunacion-2026\/#primaryimage\"},\"thumbnailUrl\":\"https:\/\/i0.wp.com\/masquenoticias.mx\/wp-content\/uploads\/2026\/04\/WhatsApp-Image-2026-04-28-at-10.47.53-AM.jpeg?fit=1600%2C1066&ssl=1\",\"datePublished\":\"2026-04-29T00:16:06+00:00\",\"breadcrumb\":{\"@id\":\"https:\/\/masquenoticias.mx\/index.php\/2026\/04\/28\/salud-colima-refuerza-prevencion-contra-el-virus-sincitial-respiratorio-en-la-semana-nacional-de-vacunacion-2026\/#breadcrumb\"},\"inLanguage\":\"es\",\"potentialAction\":[{\"@type\":\"ReadAction\",\"target\":[\"https:\/\/masquenoticias.mx\/index.php\/2026\/04\/28\/salud-colima-refuerza-prevencion-contra-el-virus-sincitial-respiratorio-en-la-semana-nacional-de-vacunacion-2026\/\"]}]},{\"@type\":\"ImageObject\",\"inLanguage\":\"es\",\"@id\":\"https:\/\/masquenoticias.mx\/index.php\/2026\/04\/28\/salud-colima-refuerza-prevencion-contra-el-virus-sincitial-respiratorio-en-la-semana-nacional-de-vacunacion-2026\/#primaryimage\",\"url\":\"https:\/\/i0.wp.com\/masquenoticias.mx\/wp-content\/uploads\/2026\/04\/WhatsApp-Image-2026-04-28-at-10.47.53-AM.jpeg?fit=1600%2C1066&ssl=1\",\"contentUrl\":\"https:\/\/i0.wp.com\/masquenoticias.mx\/wp-content\/uploads\/2026\/04\/WhatsApp-Image-2026-04-28-at-10.47.53-AM.jpeg?fit=1600%2C1066&ssl=1\",\"width\":1600,\"height\":1066},{\"@type\":\"BreadcrumbList\",\"@id\":\"https:\/\/masquenoticias.mx\/index.php\/2026\/04\/28\/salud-colima-refuerza-prevencion-contra-el-virus-sincitial-respiratorio-en-la-semana-nacional-de-vacunacion-2026\/#breadcrumb\",\"itemListElement\":[{\"@type\":\"ListItem\",\"position\":1,\"name\":\"Inicio\",\"item\":\"https:\/\/masquenoticias.mx\/\"},{\"@type\":\"ListItem\",\"position\":2,\"name\":\"Salud Colima refuerza prevenci\u00f3n contra el Virus Sincitial Respiratorio en la Semana Nacional de Vacunaci\u00f3n 2026\"}]},{\"@type\":\"WebSite\",\"@id\":\"https:\/\/masquenoticias.mx\/#website\",\"url\":\"https:\/\/masquenoticias.mx\/\",\"name\":\"M\u00e1s Que Noticias\",\"description\":\"Noticias de Colima, M\u00e9xico y el Mundo\",\"publisher\":{\"@id\":\"https:\/\/masquenoticias.mx\/#organization\"},\"potentialAction\":[{\"@type\":\"SearchAction\",\"target\":{\"@type\":\"EntryPoint\",\"urlTemplate\":\"https:\/\/masquenoticias.mx\/?s={search_term_string}\"},\"query-input\":{\"@type\":\"PropertyValueSpecification\",\"valueRequired\":true,\"valueName\":\"search_term_string\"}}],\"inLanguage\":\"es\"},{\"@type\":\"Organization\",\"@id\":\"https:\/\/masquenoticias.mx\/#organization\",\"name\":\"M\u00e1s Que Noticias\",\"url\":\"https:\/\/masquenoticias.mx\/\",\"logo\":{\"@type\":\"ImageObject\",\"inLanguage\":\"es\",\"@id\":\"https:\/\/masquenoticias.mx\/#\/schema\/logo\/image\/\",\"url\":\"https:\/\/i0.wp.com\/masquenoticias.mx\/wp-content\/uploads\/2024\/04\/IMG_0004.png?fit=2560%2C1656&ssl=1\",\"contentUrl\":\"https:\/\/i0.wp.com\/masquenoticias.mx\/wp-content\/uploads\/2024\/04\/IMG_0004.png?fit=2560%2C1656&ssl=1\",\"width\":2560,\"height\":1656,\"caption\":\"M\u00e1s Que Noticias\"},\"image\":{\"@id\":\"https:\/\/masquenoticias.mx\/#\/schema\/logo\/image\/\"},\"sameAs\":[\"https:\/\/www.facebook.com\/masquenoticiascolima\",\"https:\/\/x.com\/edgartove\",\"https:\/\/www.instagram.com\/masquenoticiascolima\/\"]},{\"@type\":\"Person\",\"@id\":\"https:\/\/masquenoticias.mx\/#\/schema\/person\/544d19989ef23d34615f691f7a96e622\",\"name\":\"Redacci\u00f3n\",\"image\":{\"@type\":\"ImageObject\",\"inLanguage\":\"es\",\"@id\":\"https:\/\/masquenoticias.mx\/#\/schema\/person\/image\/\",\"url\":\"https:\/\/secure.gravatar.com\/avatar\/7fcc926d5b058d3f3d52d95b4d05dd58?s=96&d=mm&r=g\",\"contentUrl\":\"https:\/\/secure.gravatar.com\/avatar\/7fcc926d5b058d3f3d52d95b4d05dd58?s=96&d=mm&r=g\",\"caption\":\"Redacci\u00f3n\"},\"sameAs\":[\"http:\/\/masquenoticias.mx\"],\"url\":\"https:\/\/masquenoticias.mx\/index.php\/author\/edgartovegmail-com\/\"}]}<\/script>\n<!-- \/ Yoast SEO plugin. -->","yoast_head_json":{"title":"Salud Colima refuerza prevenci\u00f3n contra el Virus Sincitial Respiratorio en la Semana Nacional de Vacunaci\u00f3n 2026 - M\u00e1s Que Noticias","robots":{"index":"index","follow":"follow","max-snippet":"max-snippet:-1","max-image-preview":"max-image-preview:large","max-video-preview":"max-video-preview:-1"},"canonical":"https:\/\/masquenoticias.mx\/index.php\/2026\/04\/28\/salud-colima-refuerza-prevencion-contra-el-virus-sincitial-respiratorio-en-la-semana-nacional-de-vacunacion-2026\/","og_locale":"es_MX","og_type":"article","og_title":"Salud Colima refuerza prevenci\u00f3n contra el Virus Sincitial Respiratorio en la Semana Nacional de Vacunaci\u00f3n 2026 - M\u00e1s Que Noticias","og_description":"En la Semana Nacional de Vacunaci\u00f3n que se realiza del 25 de abril al 2 de mayo, la Secretar\u00eda de Salud del Gobierno del Estado de Colima recomienda a personas gestantes acudir a unidad m\u00e9dica para la aplicaci\u00f3n de la vacuna contra el Virus Sincitial Respiratorio (VSR) entre la semana 32 y 36 de gestaci\u00f3n [&hellip;]","og_url":"https:\/\/masquenoticias.mx\/index.php\/2026\/04\/28\/salud-colima-refuerza-prevencion-contra-el-virus-sincitial-respiratorio-en-la-semana-nacional-de-vacunacion-2026\/","og_site_name":"M\u00e1s Que Noticias","article_publisher":"https:\/\/www.facebook.com\/masquenoticiascolima","article_published_time":"2026-04-29T00:16:06+00:00","og_image":[{"width":1600,"height":1066,"url":"https:\/\/masquenoticias.mx\/wp-content\/uploads\/2026\/04\/WhatsApp-Image-2026-04-28-at-10.47.53-AM.jpeg","type":"image\/jpeg"}],"author":"Redacci\u00f3n","twitter_card":"summary_large_image","twitter_creator":"@edgartove","twitter_site":"@edgartove","twitter_misc":{"Escrito por":"Redacci\u00f3n","Tiempo de lectura":"2 minutos"},"schema":{"@context":"https:\/\/schema.org","@graph":[{"@type":"Article","@id":"https:\/\/masquenoticias.mx\/index.php\/2026\/04\/28\/salud-colima-refuerza-prevencion-contra-el-virus-sincitial-respiratorio-en-la-semana-nacional-de-vacunacion-2026\/#article","isPartOf":{"@id":"https:\/\/masquenoticias.mx\/index.php\/2026\/04\/28\/salud-colima-refuerza-prevencion-contra-el-virus-sincitial-respiratorio-en-la-semana-nacional-de-vacunacion-2026\/"},"author":{"name":"Redacci\u00f3n","@id":"https:\/\/masquenoticias.mx\/#\/schema\/person\/544d19989ef23d34615f691f7a96e622"},"headline":"Salud Colima refuerza prevenci\u00f3n contra el Virus Sincitial Respiratorio en la Semana Nacional de Vacunaci\u00f3n 2026","datePublished":"2026-04-29T00:16:06+00:00","mainEntityOfPage":{"@id":"https:\/\/masquenoticias.mx\/index.php\/2026\/04\/28\/salud-colima-refuerza-prevencion-contra-el-virus-sincitial-respiratorio-en-la-semana-nacional-de-vacunacion-2026\/"},"wordCount":359,"commentCount":0,"publisher":{"@id":"https:\/\/masquenoticias.mx\/#organization"},"image":{"@id":"https:\/\/masquenoticias.mx\/index.php\/2026\/04\/28\/salud-colima-refuerza-prevencion-contra-el-virus-sincitial-respiratorio-en-la-semana-nacional-de-vacunacion-2026\/#primaryimage"},"thumbnailUrl":"https:\/\/i0.wp.com\/masquenoticias.mx\/wp-content\/uploads\/2026\/04\/WhatsApp-Image-2026-04-28-at-10.47.53-AM.jpeg?fit=1600%2C1066&ssl=1","keywords":["Salud"],"articleSection":["Estado"],"inLanguage":"es","potentialAction":[{"@type":"CommentAction","name":"Comment","target":["https:\/\/masquenoticias.mx\/index.php\/2026\/04\/28\/salud-colima-refuerza-prevencion-contra-el-virus-sincitial-respiratorio-en-la-semana-nacional-de-vacunacion-2026\/#respond"]}]},{"@type":"WebPage","@id":"https:\/\/masquenoticias.mx\/index.php\/2026\/04\/28\/salud-colima-refuerza-prevencion-contra-el-virus-sincitial-respiratorio-en-la-semana-nacional-de-vacunacion-2026\/","url":"https:\/\/masquenoticias.mx\/index.php\/2026\/04\/28\/salud-colima-refuerza-prevencion-contra-el-virus-sincitial-respiratorio-en-la-semana-nacional-de-vacunacion-2026\/","name":"Salud Colima refuerza prevenci\u00f3n contra el Virus Sincitial Respiratorio en la Semana Nacional de Vacunaci\u00f3n 2026 - M\u00e1s Que Noticias","isPartOf":{"@id":"https:\/\/masquenoticias.mx\/#website"},"primaryImageOfPage":{"@id":"https:\/\/masquenoticias.mx\/index.php\/2026\/04\/28\/salud-colima-refuerza-prevencion-contra-el-virus-sincitial-respiratorio-en-la-semana-nacional-de-vacunacion-2026\/#primaryimage"},"image":{"@id":"https:\/\/masquenoticias.mx\/index.php\/2026\/04\/28\/salud-colima-refuerza-prevencion-contra-el-virus-sincitial-respiratorio-en-la-semana-nacional-de-vacunacion-2026\/#primaryimage"},"thumbnailUrl":"https:\/\/i0.wp.com\/masquenoticias.mx\/wp-content\/uploads\/2026\/04\/WhatsApp-Image-2026-04-28-at-10.47.53-AM.jpeg?fit=1600%2C1066&ssl=1","datePublished":"2026-04-29T00:16:06+00:00","breadcrumb":{"@id":"https:\/\/masquenoticias.mx\/index.php\/2026\/04\/28\/salud-colima-refuerza-prevencion-contra-el-virus-sincitial-respiratorio-en-la-semana-nacional-de-vacunacion-2026\/#breadcrumb"},"inLanguage":"es","potentialAction":[{"@type":"ReadAction","target":["https:\/\/masquenoticias.mx\/index.php\/2026\/04\/28\/salud-colima-refuerza-prevencion-contra-el-virus-sincitial-respiratorio-en-la-semana-nacional-de-vacunacion-2026\/"]}]},{"@type":"ImageObject","inLanguage":"es","@id":"https:\/\/masquenoticias.mx\/index.php\/2026\/04\/28\/salud-colima-refuerza-prevencion-contra-el-virus-sincitial-respiratorio-en-la-semana-nacional-de-vacunacion-2026\/#primaryimage","url":"https:\/\/i0.wp.com\/masquenoticias.mx\/wp-content\/uploads\/2026\/04\/WhatsApp-Image-2026-04-28-at-10.47.53-AM.jpeg?fit=1600%2C1066&ssl=1","contentUrl":"https:\/\/i0.wp.com\/masquenoticias.mx\/wp-content\/uploads\/2026\/04\/WhatsApp-Image-2026-04-28-at-10.47.53-AM.jpeg?fit=1600%2C1066&ssl=1","width":1600,"height":1066},{"@type":"BreadcrumbList","@id":"https:\/\/masquenoticias.mx\/index.php\/2026\/04\/28\/salud-colima-refuerza-prevencion-contra-el-virus-sincitial-respiratorio-en-la-semana-nacional-de-vacunacion-2026\/#breadcrumb","itemListElement":[{"@type":"ListItem","position":1,"name":"Inicio","item":"https:\/\/masquenoticias.mx\/"},{"@type":"ListItem","position":2,"name":"Salud Colima refuerza prevenci\u00f3n contra el Virus Sincitial Respiratorio en la Semana Nacional de Vacunaci\u00f3n 2026"}]},{"@type":"WebSite","@id":"https:\/\/masquenoticias.mx\/#website","url":"https:\/\/masquenoticias.mx\/","name":"M\u00e1s Que Noticias","description":"Noticias de Colima, M\u00e9xico y el Mundo","publisher":{"@id":"https:\/\/masquenoticias.mx\/#organization"},"potentialAction":[{"@type":"SearchAction","target":{"@type":"EntryPoint","urlTemplate":"https:\/\/masquenoticias.mx\/?s={search_term_string}"},"query-input":{"@type":"PropertyValueSpecification","valueRequired":true,"valueName":"search_term_string"}}],"inLanguage":"es"},{"@type":"Organization","@id":"https:\/\/masquenoticias.mx\/#organization","name":"M\u00e1s Que Noticias","url":"https:\/\/masquenoticias.mx\/","logo":{"@type":"ImageObject","inLanguage":"es","@id":"https:\/\/masquenoticias.mx\/#\/schema\/logo\/image\/","url":"https:\/\/i0.wp.com\/masquenoticias.mx\/wp-content\/uploads\/2024\/04\/IMG_0004.png?fit=2560%2C1656&ssl=1","contentUrl":"https:\/\/i0.wp.com\/masquenoticias.mx\/wp-content\/uploads\/2024\/04\/IMG_0004.png?fit=2560%2C1656&ssl=1","width":2560,"height":1656,"caption":"M\u00e1s Que Noticias"},"image":{"@id":"https:\/\/masquenoticias.mx\/#\/schema\/logo\/image\/"},"sameAs":["https:\/\/www.facebook.com\/masquenoticiascolima","https:\/\/x.com\/edgartove","https:\/\/www.instagram.com\/masquenoticiascolima\/"]},{"@type":"Person","@id":"https:\/\/masquenoticias.mx\/#\/schema\/person\/544d19989ef23d34615f691f7a96e622","name":"Redacci\u00f3n","image":{"@type":"ImageObject","inLanguage":"es","@id":"https:\/\/masquenoticias.mx\/#\/schema\/person\/image\/","url":"https:\/\/secure.gravatar.com\/avatar\/7fcc926d5b058d3f3d52d95b4d05dd58?s=96&d=mm&r=g","contentUrl":"https:\/\/secure.gravatar.com\/avatar\/7fcc926d5b058d3f3d52d95b4d05dd58?s=96&d=mm&r=g","caption":"Redacci\u00f3n"},"sameAs":["http:\/\/masquenoticias.mx"],"url":"https:\/\/masquenoticias.mx\/index.php\/author\/edgartovegmail-com\/"}]}},"jetpack_featured_media_url":"https:\/\/i0.wp.com\/masquenoticias.mx\/wp-content\/uploads\/2026\/04\/WhatsApp-Image-2026-04-28-at-10.47.53-AM.jpeg?fit=1600%2C1066&ssl=1","blog_post_layout_featured_media_urls":{"thumbnail":["https:\/\/i0.wp.com\/masquenoticias.mx\/wp-content\/uploads\/2026\/04\/WhatsApp-Image-2026-04-28-at-10.47.53-AM.jpeg?resize=150%2C150&ssl=1",150,150,true],"full":["https:\/\/i0.wp.com\/masquenoticias.mx\/wp-content\/uploads\/2026\/04\/WhatsApp-Image-2026-04-28-at-10.47.53-AM.jpeg?fit=1600%2C1066&ssl=1",1600,1066,false]},"categories_names":{"24":{"name":"Estado","link":"https:\/\/masquenoticias.mx\/index.php\/category\/estado\/"}},"tags_names":{"63":{"name":"Salud","link":"https:\/\/masquenoticias.mx\/index.php\/tag\/salud\/"}},"comments_number":"0","wpmagazine_modules_lite_featured_media_urls":{"thumbnail":["https:\/\/i0.wp.com\/masquenoticias.mx\/wp-content\/uploads\/2026\/04\/WhatsApp-Image-2026-04-28-at-10.47.53-AM.jpeg?resize=150%2C150&ssl=1",150,150,true],"cvmm-medium":["https:\/\/i0.wp.com\/masquenoticias.mx\/wp-content\/uploads\/2026\/04\/WhatsApp-Image-2026-04-28-at-10.47.53-AM.jpeg?resize=300%2C300&ssl=1",300,300,true],"cvmm-medium-plus":["https:\/\/i0.wp.com\/masquenoticias.mx\/wp-content\/uploads\/2026\/04\/WhatsApp-Image-2026-04-28-at-10.47.53-AM.jpeg?resize=305%2C207&ssl=1",305,207,true],"cvmm-portrait":["https:\/\/i0.wp.com\/masquenoticias.mx\/wp-content\/uploads\/2026\/04\/WhatsApp-Image-2026-04-28-at-10.47.53-AM.jpeg?resize=400%2C600&ssl=1",400,600,true],"cvmm-medium-square":["https:\/\/i0.wp.com\/masquenoticias.mx\/wp-content\/uploads\/2026\/04\/WhatsApp-Image-2026-04-28-at-10.47.53-AM.jpeg?resize=600%2C600&ssl=1",600,600,true],"cvmm-large":["https:\/\/i0.wp.com\/masquenoticias.mx\/wp-content\/uploads\/2026\/04\/WhatsApp-Image-2026-04-28-at-10.47.53-AM.jpeg?resize=1024%2C1024&ssl=1",1024,1024,true],"cvmm-small":["https:\/\/i0.wp.com\/masquenoticias.mx\/wp-content\/uploads\/2026\/04\/WhatsApp-Image-2026-04-28-at-10.47.53-AM.jpeg?resize=130%2C95&ssl=1",130,95,true],"full":["https:\/\/i0.wp.com\/masquenoticias.mx\/wp-content\/uploads\/2026\/04\/WhatsApp-Image-2026-04-28-at-10.47.53-AM.jpeg?fit=1600%2C1066&ssl=1",1600,1066,false]},"jetpack-related-posts":[],"jetpack_sharing_enabled":true,"jetpack_likes_enabled":true,"jetpack_shortlink":"https:\/\/wp.me\/pf7pkt-5Se","_links":{"self":[{"href":"https:\/\/masquenoticias.mx\/index.php\/wp-json\/wp\/v2\/posts\/22582","targetHints":{"allow":["GET"]}}],"collection":[{"href":"https:\/\/masquenoticias.mx\/index.php\/wp-json\/wp\/v2\/posts"}],"about":[{"href":"https:\/\/masquenoticias.mx\/index.php\/wp-json\/wp\/v2\/types\/post"}],"author":[{"embeddable":true,"href":"https:\/\/masquenoticias.mx\/index.php\/wp-json\/wp\/v2\/users\/1"}],"replies":[{"embeddable":true,"href":"https:\/\/masquenoticias.mx\/index.php\/wp-json\/wp\/v2\/comments?post=22582"}],"version-history":[{"count":1,"href":"https:\/\/masquenoticias.mx\/index.php\/wp-json\/wp\/v2\/posts\/22582\/revisions"}],"predecessor-version":[{"id":22584,"href":"https:\/\/masquenoticias.mx\/index.php\/wp-json\/wp\/v2\/posts\/22582\/revisions\/22584"}],"wp:featuredmedia":[{"embeddable":true,"href":"https:\/\/masquenoticias.mx\/index.php\/wp-json\/wp\/v2\/media\/22583"}],"wp:attachment":[{"href":"https:\/\/masquenoticias.mx\/index.php\/wp-json\/wp\/v2\/media?parent=22582"}],"wp:term":[{"taxonomy":"category","embeddable":true,"href":"https:\/\/masquenoticias.mx\/index.php\/wp-json\/wp\/v2\/categories?post=22582"},{"taxonomy":"post_tag","embeddable":true,"href":"https:\/\/masquenoticias.mx\/index.php\/wp-json\/wp\/v2\/tags?post=22582"}],"curies":[{"name":"wp","href":"https:\/\/api.w.org\/{rel}","templated":true}]}}