{"id":22576,"date":"2026-04-27T16:23:42","date_gmt":"2026-04-27T22:23:42","guid":{"rendered":"https:\/\/masquenoticias.mx\/?p=22576"},"modified":"2026-04-27T16:23:42","modified_gmt":"2026-04-27T22:23:42","slug":"folkloristas-unidos-de-colima-celebra-10-aniversario-ante-un-teatro-hidalgo-lleno","status":"publish","type":"post","link":"https:\/\/masquenoticias.mx\/index.php\/2026\/04\/27\/folkloristas-unidos-de-colima-celebra-10-aniversario-ante-un-teatro-hidalgo-lleno\/","title":{"rendered":"Folkloristas Unidos de Colima celebra 10\u00b0 aniversario ante un teatro Hidalgo lleno"},"content":{"rendered":"<p>Con apoyo de la Subsecretar\u00eda de Cultura del Gobierno del Estado de Colima, la asociaci\u00f3n de Folkloristas Unidos que preside C\u00e9sar C\u00e1rdenas L\u00f3pez, celebr\u00f3 su d\u00e9cimo aniversario con una funci\u00f3n especial que llen\u00f3 el teatro Hidalgo. En el evento se entreg\u00f3 la Presea al M\u00e9rito Danc\u00edstico \u2018Manuel Hern\u00e1ndez Luna\u2019 a Rosa Margarita C\u00e1rdenas, en reconocimiento por sus 50 a\u00f1os de trayectoria contribuyendo a la promoci\u00f3n y difusi\u00f3n de la danza en la entidad.<\/p>\n<p>Realizada en el marco del D\u00eda Internacional de la Danza que se celebra este mi\u00e9rcoles 29 de abril, la funci\u00f3n de aniversario de Folkloristas Unidos present\u00f3 un programa integrado por catorce agrupaciones colimenses, con danzas tradicionales como la de Apaches de Tecom\u00e1n y bailes que retratan pr\u00e1cticas ancestrales de Colima, y diferentes piezas folcl\u00f3ricas de distintas regiones de la Rep\u00fablica Mexicana.<\/p>\n<p>El subsecretario de Cultura, Juan Jos\u00e9 Arias Orozco, destac\u00f3 la visi\u00f3n que ha caracterizado a la asociaci\u00f3n durante sus diez a\u00f1os de historia, generando encuentros y eventos que propician que las y los bailarines colimenses se sigan capacitando, adem\u00e1s de enaltecer y revalorar los acervos danc\u00edsticos del estado.<\/p>\n<p>La velada concluy\u00f3 con el mensaje de la homenajeada Rosa Margarita C\u00e1rdenas, quien agradeci\u00f3 a Folkloristas Unidos de Colima y a su fundador Manuel Hern\u00e1ndez Luna, por la distinci\u00f3n recibida y exhort\u00f3 a las instituciones p\u00fablicas, planteles educativos y asociaciones civiles a seguir trabajando de manera coordinada para incentivar la formaci\u00f3n art\u00edstica en las nuevas generaciones.<\/p>\n","protected":false},"excerpt":{"rendered":"<p>Con apoyo de la Subsecretar\u00eda de Cultura del Gobierno del Estado de Colima, la asociaci\u00f3n de Folkloristas Unidos que preside C\u00e9sar C\u00e1rdenas L\u00f3pez, celebr\u00f3 su d\u00e9cimo aniversario con una funci\u00f3n especial que llen\u00f3 el teatro Hidalgo. En el evento se entreg\u00f3 la Presea al M\u00e9rito Danc\u00edstico \u2018Manuel Hern\u00e1ndez Luna\u2019 a Rosa Margarita C\u00e1rdenas, en reconocimiento [&hellip;]<\/p>\n","protected":false},"author":1,"featured_media":22577,"comment_status":"open","ping_status":"open","sticky":false,"template":"","format":"standard","meta":{"_jetpack_memberships_contains_paid_content":false,"footnotes":""},"categories":[24],"tags":[118],"class_list":["post-22576","post","type-post","status-publish","format-standard","has-post-thumbnail","hentry","category-estado","tag-cultura"],"yoast_head":"<!-- This site is optimized with the Yoast SEO plugin v26.6 - https:\/\/yoast.com\/wordpress\/plugins\/seo\/ -->\n<title>Folkloristas Unidos de Colima celebra 10\u00b0 aniversario ante un teatro Hidalgo lleno - M\u00e1s Que Noticias<\/title>\n<meta name=\"robots\" content=\"index, follow, max-snippet:-1, max-image-preview:large, max-video-preview:-1\" \/>\n<link rel=\"canonical\" href=\"https:\/\/masquenoticias.mx\/index.php\/2026\/04\/27\/folkloristas-unidos-de-colima-celebra-10-aniversario-ante-un-teatro-hidalgo-lleno\/\" \/>\n<meta property=\"og:locale\" content=\"es_MX\" \/>\n<meta property=\"og:type\" content=\"article\" \/>\n<meta property=\"og:title\" content=\"Folkloristas Unidos de Colima celebra 10\u00b0 aniversario ante un teatro Hidalgo lleno - M\u00e1s Que Noticias\" \/>\n<meta property=\"og:description\" content=\"Con apoyo de la Subsecretar\u00eda de Cultura del Gobierno del Estado de Colima, la asociaci\u00f3n de Folkloristas Unidos que preside C\u00e9sar C\u00e1rdenas L\u00f3pez, celebr\u00f3 su d\u00e9cimo aniversario con una funci\u00f3n especial que llen\u00f3 el teatro Hidalgo. En el evento se entreg\u00f3 la Presea al M\u00e9rito Danc\u00edstico \u2018Manuel Hern\u00e1ndez Luna\u2019 a Rosa Margarita C\u00e1rdenas, en reconocimiento [&hellip;]\" \/>\n<meta property=\"og:url\" content=\"https:\/\/masquenoticias.mx\/index.php\/2026\/04\/27\/folkloristas-unidos-de-colima-celebra-10-aniversario-ante-un-teatro-hidalgo-lleno\/\" \/>\n<meta property=\"og:site_name\" content=\"M\u00e1s Que Noticias\" \/>\n<meta property=\"article:publisher\" content=\"https:\/\/www.facebook.com\/masquenoticiascolima\" \/>\n<meta property=\"article:published_time\" content=\"2026-04-27T22:23:42+00:00\" \/>\n<meta property=\"og:image\" content=\"https:\/\/masquenoticias.mx\/wp-content\/uploads\/2026\/04\/WhatsApp-Image-2026-04-27-at-4.03.17-PM.jpeg\" \/>\n\t<meta property=\"og:image:width\" content=\"1280\" \/>\n\t<meta property=\"og:image:height\" content=\"852\" \/>\n\t<meta property=\"og:image:type\" content=\"image\/jpeg\" \/>\n<meta name=\"author\" content=\"Redacci\u00f3n\" \/>\n<meta name=\"twitter:card\" content=\"summary_large_image\" \/>\n<meta name=\"twitter:creator\" content=\"@edgartove\" \/>\n<meta name=\"twitter:site\" content=\"@edgartove\" \/>\n<meta name=\"twitter:label1\" content=\"Escrito por\" \/>\n\t<meta name=\"twitter:data1\" content=\"Redacci\u00f3n\" \/>\n\t<meta name=\"twitter:label2\" content=\"Tiempo de lectura\" \/>\n\t<meta name=\"twitter:data2\" content=\"2 minutos\" \/>\n<script type=\"application\/ld+json\" class=\"yoast-schema-graph\">{\"@context\":\"https:\/\/schema.org\",\"@graph\":[{\"@type\":\"Article\",\"@id\":\"https:\/\/masquenoticias.mx\/index.php\/2026\/04\/27\/folkloristas-unidos-de-colima-celebra-10-aniversario-ante-un-teatro-hidalgo-lleno\/#article\",\"isPartOf\":{\"@id\":\"https:\/\/masquenoticias.mx\/index.php\/2026\/04\/27\/folkloristas-unidos-de-colima-celebra-10-aniversario-ante-un-teatro-hidalgo-lleno\/\"},\"author\":{\"name\":\"Redacci\u00f3n\",\"@id\":\"https:\/\/masquenoticias.mx\/#\/schema\/person\/544d19989ef23d34615f691f7a96e622\"},\"headline\":\"Folkloristas Unidos de Colima celebra 10\u00b0 aniversario ante un teatro Hidalgo lleno\",\"datePublished\":\"2026-04-27T22:23:42+00:00\",\"mainEntityOfPage\":{\"@id\":\"https:\/\/masquenoticias.mx\/index.php\/2026\/04\/27\/folkloristas-unidos-de-colima-celebra-10-aniversario-ante-un-teatro-hidalgo-lleno\/\"},\"wordCount\":279,\"commentCount\":0,\"publisher\":{\"@id\":\"https:\/\/masquenoticias.mx\/#organization\"},\"image\":{\"@id\":\"https:\/\/masquenoticias.mx\/index.php\/2026\/04\/27\/folkloristas-unidos-de-colima-celebra-10-aniversario-ante-un-teatro-hidalgo-lleno\/#primaryimage\"},\"thumbnailUrl\":\"https:\/\/i0.wp.com\/masquenoticias.mx\/wp-content\/uploads\/2026\/04\/WhatsApp-Image-2026-04-27-at-4.03.17-PM.jpeg?fit=1280%2C852&ssl=1\",\"keywords\":[\"Cultura\"],\"articleSection\":[\"Estado\"],\"inLanguage\":\"es\",\"potentialAction\":[{\"@type\":\"CommentAction\",\"name\":\"Comment\",\"target\":[\"https:\/\/masquenoticias.mx\/index.php\/2026\/04\/27\/folkloristas-unidos-de-colima-celebra-10-aniversario-ante-un-teatro-hidalgo-lleno\/#respond\"]}]},{\"@type\":\"WebPage\",\"@id\":\"https:\/\/masquenoticias.mx\/index.php\/2026\/04\/27\/folkloristas-unidos-de-colima-celebra-10-aniversario-ante-un-teatro-hidalgo-lleno\/\",\"url\":\"https:\/\/masquenoticias.mx\/index.php\/2026\/04\/27\/folkloristas-unidos-de-colima-celebra-10-aniversario-ante-un-teatro-hidalgo-lleno\/\",\"name\":\"Folkloristas Unidos de Colima celebra 10\u00b0 aniversario ante un teatro Hidalgo lleno - M\u00e1s Que Noticias\",\"isPartOf\":{\"@id\":\"https:\/\/masquenoticias.mx\/#website\"},\"primaryImageOfPage\":{\"@id\":\"https:\/\/masquenoticias.mx\/index.php\/2026\/04\/27\/folkloristas-unidos-de-colima-celebra-10-aniversario-ante-un-teatro-hidalgo-lleno\/#primaryimage\"},\"image\":{\"@id\":\"https:\/\/masquenoticias.mx\/index.php\/2026\/04\/27\/folkloristas-unidos-de-colima-celebra-10-aniversario-ante-un-teatro-hidalgo-lleno\/#primaryimage\"},\"thumbnailUrl\":\"https:\/\/i0.wp.com\/masquenoticias.mx\/wp-content\/uploads\/2026\/04\/WhatsApp-Image-2026-04-27-at-4.03.17-PM.jpeg?fit=1280%2C852&ssl=1\",\"datePublished\":\"2026-04-27T22:23:42+00:00\",\"breadcrumb\":{\"@id\":\"https:\/\/masquenoticias.mx\/index.php\/2026\/04\/27\/folkloristas-unidos-de-colima-celebra-10-aniversario-ante-un-teatro-hidalgo-lleno\/#breadcrumb\"},\"inLanguage\":\"es\",\"potentialAction\":[{\"@type\":\"ReadAction\",\"target\":[\"https:\/\/masquenoticias.mx\/index.php\/2026\/04\/27\/folkloristas-unidos-de-colima-celebra-10-aniversario-ante-un-teatro-hidalgo-lleno\/\"]}]},{\"@type\":\"ImageObject\",\"inLanguage\":\"es\",\"@id\":\"https:\/\/masquenoticias.mx\/index.php\/2026\/04\/27\/folkloristas-unidos-de-colima-celebra-10-aniversario-ante-un-teatro-hidalgo-lleno\/#primaryimage\",\"url\":\"https:\/\/i0.wp.com\/masquenoticias.mx\/wp-content\/uploads\/2026\/04\/WhatsApp-Image-2026-04-27-at-4.03.17-PM.jpeg?fit=1280%2C852&ssl=1\",\"contentUrl\":\"https:\/\/i0.wp.com\/masquenoticias.mx\/wp-content\/uploads\/2026\/04\/WhatsApp-Image-2026-04-27-at-4.03.17-PM.jpeg?fit=1280%2C852&ssl=1\",\"width\":1280,\"height\":852},{\"@type\":\"BreadcrumbList\",\"@id\":\"https:\/\/masquenoticias.mx\/index.php\/2026\/04\/27\/folkloristas-unidos-de-colima-celebra-10-aniversario-ante-un-teatro-hidalgo-lleno\/#breadcrumb\",\"itemListElement\":[{\"@type\":\"ListItem\",\"position\":1,\"name\":\"Inicio\",\"item\":\"https:\/\/masquenoticias.mx\/\"},{\"@type\":\"ListItem\",\"position\":2,\"name\":\"Folkloristas Unidos de Colima celebra 10\u00b0 aniversario ante un teatro Hidalgo lleno\"}]},{\"@type\":\"WebSite\",\"@id\":\"https:\/\/masquenoticias.mx\/#website\",\"url\":\"https:\/\/masquenoticias.mx\/\",\"name\":\"M\u00e1s Que Noticias\",\"description\":\"Noticias de Colima, M\u00e9xico y el Mundo\",\"publisher\":{\"@id\":\"https:\/\/masquenoticias.mx\/#organization\"},\"potentialAction\":[{\"@type\":\"SearchAction\",\"target\":{\"@type\":\"EntryPoint\",\"urlTemplate\":\"https:\/\/masquenoticias.mx\/?s={search_term_string}\"},\"query-input\":{\"@type\":\"PropertyValueSpecification\",\"valueRequired\":true,\"valueName\":\"search_term_string\"}}],\"inLanguage\":\"es\"},{\"@type\":\"Organization\",\"@id\":\"https:\/\/masquenoticias.mx\/#organization\",\"name\":\"M\u00e1s Que Noticias\",\"url\":\"https:\/\/masquenoticias.mx\/\",\"logo\":{\"@type\":\"ImageObject\",\"inLanguage\":\"es\",\"@id\":\"https:\/\/masquenoticias.mx\/#\/schema\/logo\/image\/\",\"url\":\"https:\/\/i0.wp.com\/masquenoticias.mx\/wp-content\/uploads\/2024\/04\/IMG_0004.png?fit=2560%2C1656&ssl=1\",\"contentUrl\":\"https:\/\/i0.wp.com\/masquenoticias.mx\/wp-content\/uploads\/2024\/04\/IMG_0004.png?fit=2560%2C1656&ssl=1\",\"width\":2560,\"height\":1656,\"caption\":\"M\u00e1s Que Noticias\"},\"image\":{\"@id\":\"https:\/\/masquenoticias.mx\/#\/schema\/logo\/image\/\"},\"sameAs\":[\"https:\/\/www.facebook.com\/masquenoticiascolima\",\"https:\/\/x.com\/edgartove\",\"https:\/\/www.instagram.com\/masquenoticiascolima\/\"]},{\"@type\":\"Person\",\"@id\":\"https:\/\/masquenoticias.mx\/#\/schema\/person\/544d19989ef23d34615f691f7a96e622\",\"name\":\"Redacci\u00f3n\",\"image\":{\"@type\":\"ImageObject\",\"inLanguage\":\"es\",\"@id\":\"https:\/\/masquenoticias.mx\/#\/schema\/person\/image\/\",\"url\":\"https:\/\/secure.gravatar.com\/avatar\/7fcc926d5b058d3f3d52d95b4d05dd58?s=96&d=mm&r=g\",\"contentUrl\":\"https:\/\/secure.gravatar.com\/avatar\/7fcc926d5b058d3f3d52d95b4d05dd58?s=96&d=mm&r=g\",\"caption\":\"Redacci\u00f3n\"},\"sameAs\":[\"http:\/\/masquenoticias.mx\"],\"url\":\"https:\/\/masquenoticias.mx\/index.php\/author\/edgartovegmail-com\/\"}]}<\/script>\n<!-- \/ Yoast SEO plugin. -->","yoast_head_json":{"title":"Folkloristas Unidos de Colima celebra 10\u00b0 aniversario ante un teatro Hidalgo lleno - M\u00e1s Que Noticias","robots":{"index":"index","follow":"follow","max-snippet":"max-snippet:-1","max-image-preview":"max-image-preview:large","max-video-preview":"max-video-preview:-1"},"canonical":"https:\/\/masquenoticias.mx\/index.php\/2026\/04\/27\/folkloristas-unidos-de-colima-celebra-10-aniversario-ante-un-teatro-hidalgo-lleno\/","og_locale":"es_MX","og_type":"article","og_title":"Folkloristas Unidos de Colima celebra 10\u00b0 aniversario ante un teatro Hidalgo lleno - M\u00e1s Que Noticias","og_description":"Con apoyo de la Subsecretar\u00eda de Cultura del Gobierno del Estado de Colima, la asociaci\u00f3n de Folkloristas Unidos que preside C\u00e9sar C\u00e1rdenas L\u00f3pez, celebr\u00f3 su d\u00e9cimo aniversario con una funci\u00f3n especial que llen\u00f3 el teatro Hidalgo. En el evento se entreg\u00f3 la Presea al M\u00e9rito Danc\u00edstico \u2018Manuel Hern\u00e1ndez Luna\u2019 a Rosa Margarita C\u00e1rdenas, en reconocimiento [&hellip;]","og_url":"https:\/\/masquenoticias.mx\/index.php\/2026\/04\/27\/folkloristas-unidos-de-colima-celebra-10-aniversario-ante-un-teatro-hidalgo-lleno\/","og_site_name":"M\u00e1s Que Noticias","article_publisher":"https:\/\/www.facebook.com\/masquenoticiascolima","article_published_time":"2026-04-27T22:23:42+00:00","og_image":[{"width":1280,"height":852,"url":"https:\/\/masquenoticias.mx\/wp-content\/uploads\/2026\/04\/WhatsApp-Image-2026-04-27-at-4.03.17-PM.jpeg","type":"image\/jpeg"}],"author":"Redacci\u00f3n","twitter_card":"summary_large_image","twitter_creator":"@edgartove","twitter_site":"@edgartove","twitter_misc":{"Escrito por":"Redacci\u00f3n","Tiempo de lectura":"2 minutos"},"schema":{"@context":"https:\/\/schema.org","@graph":[{"@type":"Article","@id":"https:\/\/masquenoticias.mx\/index.php\/2026\/04\/27\/folkloristas-unidos-de-colima-celebra-10-aniversario-ante-un-teatro-hidalgo-lleno\/#article","isPartOf":{"@id":"https:\/\/masquenoticias.mx\/index.php\/2026\/04\/27\/folkloristas-unidos-de-colima-celebra-10-aniversario-ante-un-teatro-hidalgo-lleno\/"},"author":{"name":"Redacci\u00f3n","@id":"https:\/\/masquenoticias.mx\/#\/schema\/person\/544d19989ef23d34615f691f7a96e622"},"headline":"Folkloristas Unidos de Colima celebra 10\u00b0 aniversario ante un teatro Hidalgo lleno","datePublished":"2026-04-27T22:23:42+00:00","mainEntityOfPage":{"@id":"https:\/\/masquenoticias.mx\/index.php\/2026\/04\/27\/folkloristas-unidos-de-colima-celebra-10-aniversario-ante-un-teatro-hidalgo-lleno\/"},"wordCount":279,"commentCount":0,"publisher":{"@id":"https:\/\/masquenoticias.mx\/#organization"},"image":{"@id":"https:\/\/masquenoticias.mx\/index.php\/2026\/04\/27\/folkloristas-unidos-de-colima-celebra-10-aniversario-ante-un-teatro-hidalgo-lleno\/#primaryimage"},"thumbnailUrl":"https:\/\/i0.wp.com\/masquenoticias.mx\/wp-content\/uploads\/2026\/04\/WhatsApp-Image-2026-04-27-at-4.03.17-PM.jpeg?fit=1280%2C852&ssl=1","keywords":["Cultura"],"articleSection":["Estado"],"inLanguage":"es","potentialAction":[{"@type":"CommentAction","name":"Comment","target":["https:\/\/masquenoticias.mx\/index.php\/2026\/04\/27\/folkloristas-unidos-de-colima-celebra-10-aniversario-ante-un-teatro-hidalgo-lleno\/#respond"]}]},{"@type":"WebPage","@id":"https:\/\/masquenoticias.mx\/index.php\/2026\/04\/27\/folkloristas-unidos-de-colima-celebra-10-aniversario-ante-un-teatro-hidalgo-lleno\/","url":"https:\/\/masquenoticias.mx\/index.php\/2026\/04\/27\/folkloristas-unidos-de-colima-celebra-10-aniversario-ante-un-teatro-hidalgo-lleno\/","name":"Folkloristas Unidos de Colima celebra 10\u00b0 aniversario ante un teatro Hidalgo lleno - M\u00e1s Que Noticias","isPartOf":{"@id":"https:\/\/masquenoticias.mx\/#website"},"primaryImageOfPage":{"@id":"https:\/\/masquenoticias.mx\/index.php\/2026\/04\/27\/folkloristas-unidos-de-colima-celebra-10-aniversario-ante-un-teatro-hidalgo-lleno\/#primaryimage"},"image":{"@id":"https:\/\/masquenoticias.mx\/index.php\/2026\/04\/27\/folkloristas-unidos-de-colima-celebra-10-aniversario-ante-un-teatro-hidalgo-lleno\/#primaryimage"},"thumbnailUrl":"https:\/\/i0.wp.com\/masquenoticias.mx\/wp-content\/uploads\/2026\/04\/WhatsApp-Image-2026-04-27-at-4.03.17-PM.jpeg?fit=1280%2C852&ssl=1","datePublished":"2026-04-27T22:23:42+00:00","breadcrumb":{"@id":"https:\/\/masquenoticias.mx\/index.php\/2026\/04\/27\/folkloristas-unidos-de-colima-celebra-10-aniversario-ante-un-teatro-hidalgo-lleno\/#breadcrumb"},"inLanguage":"es","potentialAction":[{"@type":"ReadAction","target":["https:\/\/masquenoticias.mx\/index.php\/2026\/04\/27\/folkloristas-unidos-de-colima-celebra-10-aniversario-ante-un-teatro-hidalgo-lleno\/"]}]},{"@type":"ImageObject","inLanguage":"es","@id":"https:\/\/masquenoticias.mx\/index.php\/2026\/04\/27\/folkloristas-unidos-de-colima-celebra-10-aniversario-ante-un-teatro-hidalgo-lleno\/#primaryimage","url":"https:\/\/i0.wp.com\/masquenoticias.mx\/wp-content\/uploads\/2026\/04\/WhatsApp-Image-2026-04-27-at-4.03.17-PM.jpeg?fit=1280%2C852&ssl=1","contentUrl":"https:\/\/i0.wp.com\/masquenoticias.mx\/wp-content\/uploads\/2026\/04\/WhatsApp-Image-2026-04-27-at-4.03.17-PM.jpeg?fit=1280%2C852&ssl=1","width":1280,"height":852},{"@type":"BreadcrumbList","@id":"https:\/\/masquenoticias.mx\/index.php\/2026\/04\/27\/folkloristas-unidos-de-colima-celebra-10-aniversario-ante-un-teatro-hidalgo-lleno\/#breadcrumb","itemListElement":[{"@type":"ListItem","position":1,"name":"Inicio","item":"https:\/\/masquenoticias.mx\/"},{"@type":"ListItem","position":2,"name":"Folkloristas Unidos de Colima celebra 10\u00b0 aniversario ante un teatro Hidalgo lleno"}]},{"@type":"WebSite","@id":"https:\/\/masquenoticias.mx\/#website","url":"https:\/\/masquenoticias.mx\/","name":"M\u00e1s Que Noticias","description":"Noticias de Colima, M\u00e9xico y el Mundo","publisher":{"@id":"https:\/\/masquenoticias.mx\/#organization"},"potentialAction":[{"@type":"SearchAction","target":{"@type":"EntryPoint","urlTemplate":"https:\/\/masquenoticias.mx\/?s={search_term_string}"},"query-input":{"@type":"PropertyValueSpecification","valueRequired":true,"valueName":"search_term_string"}}],"inLanguage":"es"},{"@type":"Organization","@id":"https:\/\/masquenoticias.mx\/#organization","name":"M\u00e1s Que Noticias","url":"https:\/\/masquenoticias.mx\/","logo":{"@type":"ImageObject","inLanguage":"es","@id":"https:\/\/masquenoticias.mx\/#\/schema\/logo\/image\/","url":"https:\/\/i0.wp.com\/masquenoticias.mx\/wp-content\/uploads\/2024\/04\/IMG_0004.png?fit=2560%2C1656&ssl=1","contentUrl":"https:\/\/i0.wp.com\/masquenoticias.mx\/wp-content\/uploads\/2024\/04\/IMG_0004.png?fit=2560%2C1656&ssl=1","width":2560,"height":1656,"caption":"M\u00e1s Que Noticias"},"image":{"@id":"https:\/\/masquenoticias.mx\/#\/schema\/logo\/image\/"},"sameAs":["https:\/\/www.facebook.com\/masquenoticiascolima","https:\/\/x.com\/edgartove","https:\/\/www.instagram.com\/masquenoticiascolima\/"]},{"@type":"Person","@id":"https:\/\/masquenoticias.mx\/#\/schema\/person\/544d19989ef23d34615f691f7a96e622","name":"Redacci\u00f3n","image":{"@type":"ImageObject","inLanguage":"es","@id":"https:\/\/masquenoticias.mx\/#\/schema\/person\/image\/","url":"https:\/\/secure.gravatar.com\/avatar\/7fcc926d5b058d3f3d52d95b4d05dd58?s=96&d=mm&r=g","contentUrl":"https:\/\/secure.gravatar.com\/avatar\/7fcc926d5b058d3f3d52d95b4d05dd58?s=96&d=mm&r=g","caption":"Redacci\u00f3n"},"sameAs":["http:\/\/masquenoticias.mx"],"url":"https:\/\/masquenoticias.mx\/index.php\/author\/edgartovegmail-com\/"}]}},"jetpack_featured_media_url":"https:\/\/i0.wp.com\/masquenoticias.mx\/wp-content\/uploads\/2026\/04\/WhatsApp-Image-2026-04-27-at-4.03.17-PM.jpeg?fit=1280%2C852&ssl=1","blog_post_layout_featured_media_urls":{"thumbnail":["https:\/\/i0.wp.com\/masquenoticias.mx\/wp-content\/uploads\/2026\/04\/WhatsApp-Image-2026-04-27-at-4.03.17-PM.jpeg?resize=150%2C150&ssl=1",150,150,true],"full":["https:\/\/i0.wp.com\/masquenoticias.mx\/wp-content\/uploads\/2026\/04\/WhatsApp-Image-2026-04-27-at-4.03.17-PM.jpeg?fit=1280%2C852&ssl=1",1280,852,false]},"categories_names":{"24":{"name":"Estado","link":"https:\/\/masquenoticias.mx\/index.php\/category\/estado\/"}},"tags_names":{"118":{"name":"Cultura","link":"https:\/\/masquenoticias.mx\/index.php\/tag\/cultura\/"}},"comments_number":"0","wpmagazine_modules_lite_featured_media_urls":{"thumbnail":["https:\/\/i0.wp.com\/masquenoticias.mx\/wp-content\/uploads\/2026\/04\/WhatsApp-Image-2026-04-27-at-4.03.17-PM.jpeg?resize=150%2C150&ssl=1",150,150,true],"cvmm-medium":["https:\/\/i0.wp.com\/masquenoticias.mx\/wp-content\/uploads\/2026\/04\/WhatsApp-Image-2026-04-27-at-4.03.17-PM.jpeg?resize=300%2C300&ssl=1",300,300,true],"cvmm-medium-plus":["https:\/\/i0.wp.com\/masquenoticias.mx\/wp-content\/uploads\/2026\/04\/WhatsApp-Image-2026-04-27-at-4.03.17-PM.jpeg?resize=305%2C207&ssl=1",305,207,true],"cvmm-portrait":["https:\/\/i0.wp.com\/masquenoticias.mx\/wp-content\/uploads\/2026\/04\/WhatsApp-Image-2026-04-27-at-4.03.17-PM.jpeg?resize=400%2C600&ssl=1",400,600,true],"cvmm-medium-square":["https:\/\/i0.wp.com\/masquenoticias.mx\/wp-content\/uploads\/2026\/04\/WhatsApp-Image-2026-04-27-at-4.03.17-PM.jpeg?resize=600%2C600&ssl=1",600,600,true],"cvmm-large":["https:\/\/i0.wp.com\/masquenoticias.mx\/wp-content\/uploads\/2026\/04\/WhatsApp-Image-2026-04-27-at-4.03.17-PM.jpeg?resize=1024%2C852&ssl=1",1024,852,true],"cvmm-small":["https:\/\/i0.wp.com\/masquenoticias.mx\/wp-content\/uploads\/2026\/04\/WhatsApp-Image-2026-04-27-at-4.03.17-PM.jpeg?resize=130%2C95&ssl=1",130,95,true],"full":["https:\/\/i0.wp.com\/masquenoticias.mx\/wp-content\/uploads\/2026\/04\/WhatsApp-Image-2026-04-27-at-4.03.17-PM.jpeg?fit=1280%2C852&ssl=1",1280,852,false]},"jetpack-related-posts":[],"jetpack_sharing_enabled":true,"jetpack_likes_enabled":true,"jetpack_shortlink":"https:\/\/wp.me\/pf7pkt-5S8","_links":{"self":[{"href":"https:\/\/masquenoticias.mx\/index.php\/wp-json\/wp\/v2\/posts\/22576","targetHints":{"allow":["GET"]}}],"collection":[{"href":"https:\/\/masquenoticias.mx\/index.php\/wp-json\/wp\/v2\/posts"}],"about":[{"href":"https:\/\/masquenoticias.mx\/index.php\/wp-json\/wp\/v2\/types\/post"}],"author":[{"embeddable":true,"href":"https:\/\/masquenoticias.mx\/index.php\/wp-json\/wp\/v2\/users\/1"}],"replies":[{"embeddable":true,"href":"https:\/\/masquenoticias.mx\/index.php\/wp-json\/wp\/v2\/comments?post=22576"}],"version-history":[{"count":1,"href":"https:\/\/masquenoticias.mx\/index.php\/wp-json\/wp\/v2\/posts\/22576\/revisions"}],"predecessor-version":[{"id":22578,"href":"https:\/\/masquenoticias.mx\/index.php\/wp-json\/wp\/v2\/posts\/22576\/revisions\/22578"}],"wp:featuredmedia":[{"embeddable":true,"href":"https:\/\/masquenoticias.mx\/index.php\/wp-json\/wp\/v2\/media\/22577"}],"wp:attachment":[{"href":"https:\/\/masquenoticias.mx\/index.php\/wp-json\/wp\/v2\/media?parent=22576"}],"wp:term":[{"taxonomy":"category","embeddable":true,"href":"https:\/\/masquenoticias.mx\/index.php\/wp-json\/wp\/v2\/categories?post=22576"},{"taxonomy":"post_tag","embeddable":true,"href":"https:\/\/masquenoticias.mx\/index.php\/wp-json\/wp\/v2\/tags?post=22576"}],"curies":[{"name":"wp","href":"https:\/\/api.w.org\/{rel}","templated":true}]}}