{"id":22573,"date":"2026-04-27T16:12:55","date_gmt":"2026-04-27T22:12:55","guid":{"rendered":"https:\/\/masquenoticias.mx\/?p=22573"},"modified":"2026-04-27T16:12:55","modified_gmt":"2026-04-27T22:12:55","slug":"dif-estatal-colima-llevara-a-municipios-los-modulos-de-credencializacion-para-personas-con-discapacidad","status":"publish","type":"post","link":"https:\/\/masquenoticias.mx\/index.php\/2026\/04\/27\/dif-estatal-colima-llevara-a-municipios-los-modulos-de-credencializacion-para-personas-con-discapacidad\/","title":{"rendered":"DIF Estatal Colima llevar\u00e1 a municipios los m\u00f3dulos de credencializaci\u00f3n para personas con discapacidad"},"content":{"rendered":"<p>El DIF Estatal Colima acercar\u00e1 a la poblaci\u00f3n los m\u00f3dulos de credencializaci\u00f3n para la emisi\u00f3n de certificados de discapacidad en los diez municipios de la entidad, inform\u00f3 la directora general Diana Zepeda Figueroa, quien explic\u00f3 que esto facilita el acceso a este documento oficial a las personas que lo requieren, evitando traslados y gastos, adem\u00e1s de promover la inclusi\u00f3n y el ejercicio de sus derechos.<\/p>\n<p>Los certificados de discapacidad tienen vigencia de cinco a\u00f1os y permiten acreditar de manera oficial la condici\u00f3n de discapacidad permanente o el grado de la misma. Es un documento indispensable para acceder a diversos apoyos, programas y beneficios. Existen distintos tipos de discapacidad, entre ellas f\u00edsica o motora, sensorial, intelectual, psicosocial (mental) y m\u00faltiple.<\/p>\n<p>Los m\u00f3dulos se instalar\u00e1n en las Unidades de Rehabilitaci\u00f3n de cada municipio o en los Centros de Salud, donde participa personal especializado del Centro de Rehabilitaci\u00f3n y Educaci\u00f3n Especial (CREE), encargado de la emisi\u00f3n de los certificados. En caso de que alguna persona requiera valoraci\u00f3n m\u00e9dica, se le programar\u00e1 una cita. Las fechas y sedes de atenci\u00f3n se dar\u00e1n a conocer a trav\u00e9s de la p\u00e1gina oficial del DIF Estatal Colima en Facebook.<\/p>\n<p>Diana Zepeda se\u00f1al\u00f3 que para obtener este certificado es necesario presentar identificaci\u00f3n oficial, comprobante de domicilio la C\u00e9dula \u00danica del Registro de Poblaci\u00f3n (CURP) y resumen m\u00e9dico o dictamen relacionado con la discapacidad. En el caso de menores de edad, deber\u00e1n acudir acompa\u00f1ados de su mam\u00e1, pap\u00e1 o la persona tutora.<\/p>\n","protected":false},"excerpt":{"rendered":"<p>El DIF Estatal Colima acercar\u00e1 a la poblaci\u00f3n los m\u00f3dulos de credencializaci\u00f3n para la emisi\u00f3n de certificados de discapacidad en los diez municipios de la entidad, inform\u00f3 la directora general Diana Zepeda Figueroa, quien explic\u00f3 que esto facilita el acceso a este documento oficial a las personas que lo requieren, evitando traslados y gastos, adem\u00e1s [&hellip;]<\/p>\n","protected":false},"author":1,"featured_media":22574,"comment_status":"open","ping_status":"open","sticky":false,"template":"","format":"standard","meta":{"_jetpack_memberships_contains_paid_content":false,"footnotes":""},"categories":[24],"tags":[107],"class_list":["post-22573","post","type-post","status-publish","format-standard","has-post-thumbnail","hentry","category-estado","tag-dif-estatal"],"yoast_head":"<!-- This site is optimized with the Yoast SEO plugin v26.6 - https:\/\/yoast.com\/wordpress\/plugins\/seo\/ -->\n<title>DIF Estatal Colima llevar\u00e1 a municipios los m\u00f3dulos de credencializaci\u00f3n para personas con discapacidad - M\u00e1s Que Noticias<\/title>\n<meta name=\"robots\" content=\"index, follow, max-snippet:-1, max-image-preview:large, max-video-preview:-1\" \/>\n<link rel=\"canonical\" href=\"https:\/\/masquenoticias.mx\/index.php\/2026\/04\/27\/dif-estatal-colima-llevara-a-municipios-los-modulos-de-credencializacion-para-personas-con-discapacidad\/\" \/>\n<meta property=\"og:locale\" content=\"es_MX\" \/>\n<meta property=\"og:type\" content=\"article\" \/>\n<meta property=\"og:title\" content=\"DIF Estatal Colima llevar\u00e1 a municipios los m\u00f3dulos de credencializaci\u00f3n para personas con discapacidad - M\u00e1s Que Noticias\" \/>\n<meta property=\"og:description\" content=\"El DIF Estatal Colima acercar\u00e1 a la poblaci\u00f3n los m\u00f3dulos de credencializaci\u00f3n para la emisi\u00f3n de certificados de discapacidad en los diez municipios de la entidad, inform\u00f3 la directora general Diana Zepeda Figueroa, quien explic\u00f3 que esto facilita el acceso a este documento oficial a las personas que lo requieren, evitando traslados y gastos, adem\u00e1s [&hellip;]\" \/>\n<meta property=\"og:url\" content=\"https:\/\/masquenoticias.mx\/index.php\/2026\/04\/27\/dif-estatal-colima-llevara-a-municipios-los-modulos-de-credencializacion-para-personas-con-discapacidad\/\" \/>\n<meta property=\"og:site_name\" content=\"M\u00e1s Que Noticias\" \/>\n<meta property=\"article:publisher\" content=\"https:\/\/www.facebook.com\/masquenoticiascolima\" \/>\n<meta property=\"article:published_time\" content=\"2026-04-27T22:12:55+00:00\" \/>\n<meta property=\"og:image\" content=\"https:\/\/masquenoticias.mx\/wp-content\/uploads\/2026\/04\/WhatsApp-Image-2026-04-27-at-3.37.43-PM-2.jpeg\" \/>\n\t<meta property=\"og:image:width\" content=\"1600\" \/>\n\t<meta property=\"og:image:height\" content=\"1066\" \/>\n\t<meta property=\"og:image:type\" content=\"image\/jpeg\" \/>\n<meta name=\"author\" content=\"Redacci\u00f3n\" \/>\n<meta name=\"twitter:card\" content=\"summary_large_image\" \/>\n<meta name=\"twitter:creator\" content=\"@edgartove\" \/>\n<meta name=\"twitter:site\" content=\"@edgartove\" \/>\n<meta name=\"twitter:label1\" content=\"Escrito por\" \/>\n\t<meta name=\"twitter:data1\" content=\"Redacci\u00f3n\" \/>\n\t<meta name=\"twitter:label2\" content=\"Tiempo de lectura\" \/>\n\t<meta name=\"twitter:data2\" content=\"2 minutos\" \/>\n<script type=\"application\/ld+json\" class=\"yoast-schema-graph\">{\"@context\":\"https:\/\/schema.org\",\"@graph\":[{\"@type\":\"Article\",\"@id\":\"https:\/\/masquenoticias.mx\/index.php\/2026\/04\/27\/dif-estatal-colima-llevara-a-municipios-los-modulos-de-credencializacion-para-personas-con-discapacidad\/#article\",\"isPartOf\":{\"@id\":\"https:\/\/masquenoticias.mx\/index.php\/2026\/04\/27\/dif-estatal-colima-llevara-a-municipios-los-modulos-de-credencializacion-para-personas-con-discapacidad\/\"},\"author\":{\"name\":\"Redacci\u00f3n\",\"@id\":\"https:\/\/masquenoticias.mx\/#\/schema\/person\/544d19989ef23d34615f691f7a96e622\"},\"headline\":\"DIF Estatal Colima llevar\u00e1 a municipios los m\u00f3dulos de credencializaci\u00f3n para personas con discapacidad\",\"datePublished\":\"2026-04-27T22:12:55+00:00\",\"mainEntityOfPage\":{\"@id\":\"https:\/\/masquenoticias.mx\/index.php\/2026\/04\/27\/dif-estatal-colima-llevara-a-municipios-los-modulos-de-credencializacion-para-personas-con-discapacidad\/\"},\"wordCount\":288,\"commentCount\":0,\"publisher\":{\"@id\":\"https:\/\/masquenoticias.mx\/#organization\"},\"image\":{\"@id\":\"https:\/\/masquenoticias.mx\/index.php\/2026\/04\/27\/dif-estatal-colima-llevara-a-municipios-los-modulos-de-credencializacion-para-personas-con-discapacidad\/#primaryimage\"},\"thumbnailUrl\":\"https:\/\/i0.wp.com\/masquenoticias.mx\/wp-content\/uploads\/2026\/04\/WhatsApp-Image-2026-04-27-at-3.37.43-PM-2.jpeg?fit=1600%2C1066&ssl=1\",\"keywords\":[\"DIF Estatal\"],\"articleSection\":[\"Estado\"],\"inLanguage\":\"es\",\"potentialAction\":[{\"@type\":\"CommentAction\",\"name\":\"Comment\",\"target\":[\"https:\/\/masquenoticias.mx\/index.php\/2026\/04\/27\/dif-estatal-colima-llevara-a-municipios-los-modulos-de-credencializacion-para-personas-con-discapacidad\/#respond\"]}]},{\"@type\":\"WebPage\",\"@id\":\"https:\/\/masquenoticias.mx\/index.php\/2026\/04\/27\/dif-estatal-colima-llevara-a-municipios-los-modulos-de-credencializacion-para-personas-con-discapacidad\/\",\"url\":\"https:\/\/masquenoticias.mx\/index.php\/2026\/04\/27\/dif-estatal-colima-llevara-a-municipios-los-modulos-de-credencializacion-para-personas-con-discapacidad\/\",\"name\":\"DIF Estatal Colima llevar\u00e1 a municipios los m\u00f3dulos de credencializaci\u00f3n para personas con discapacidad - M\u00e1s Que Noticias\",\"isPartOf\":{\"@id\":\"https:\/\/masquenoticias.mx\/#website\"},\"primaryImageOfPage\":{\"@id\":\"https:\/\/masquenoticias.mx\/index.php\/2026\/04\/27\/dif-estatal-colima-llevara-a-municipios-los-modulos-de-credencializacion-para-personas-con-discapacidad\/#primaryimage\"},\"image\":{\"@id\":\"https:\/\/masquenoticias.mx\/index.php\/2026\/04\/27\/dif-estatal-colima-llevara-a-municipios-los-modulos-de-credencializacion-para-personas-con-discapacidad\/#primaryimage\"},\"thumbnailUrl\":\"https:\/\/i0.wp.com\/masquenoticias.mx\/wp-content\/uploads\/2026\/04\/WhatsApp-Image-2026-04-27-at-3.37.43-PM-2.jpeg?fit=1600%2C1066&ssl=1\",\"datePublished\":\"2026-04-27T22:12:55+00:00\",\"breadcrumb\":{\"@id\":\"https:\/\/masquenoticias.mx\/index.php\/2026\/04\/27\/dif-estatal-colima-llevara-a-municipios-los-modulos-de-credencializacion-para-personas-con-discapacidad\/#breadcrumb\"},\"inLanguage\":\"es\",\"potentialAction\":[{\"@type\":\"ReadAction\",\"target\":[\"https:\/\/masquenoticias.mx\/index.php\/2026\/04\/27\/dif-estatal-colima-llevara-a-municipios-los-modulos-de-credencializacion-para-personas-con-discapacidad\/\"]}]},{\"@type\":\"ImageObject\",\"inLanguage\":\"es\",\"@id\":\"https:\/\/masquenoticias.mx\/index.php\/2026\/04\/27\/dif-estatal-colima-llevara-a-municipios-los-modulos-de-credencializacion-para-personas-con-discapacidad\/#primaryimage\",\"url\":\"https:\/\/i0.wp.com\/masquenoticias.mx\/wp-content\/uploads\/2026\/04\/WhatsApp-Image-2026-04-27-at-3.37.43-PM-2.jpeg?fit=1600%2C1066&ssl=1\",\"contentUrl\":\"https:\/\/i0.wp.com\/masquenoticias.mx\/wp-content\/uploads\/2026\/04\/WhatsApp-Image-2026-04-27-at-3.37.43-PM-2.jpeg?fit=1600%2C1066&ssl=1\",\"width\":1600,\"height\":1066},{\"@type\":\"BreadcrumbList\",\"@id\":\"https:\/\/masquenoticias.mx\/index.php\/2026\/04\/27\/dif-estatal-colima-llevara-a-municipios-los-modulos-de-credencializacion-para-personas-con-discapacidad\/#breadcrumb\",\"itemListElement\":[{\"@type\":\"ListItem\",\"position\":1,\"name\":\"Inicio\",\"item\":\"https:\/\/masquenoticias.mx\/\"},{\"@type\":\"ListItem\",\"position\":2,\"name\":\"DIF Estatal Colima llevar\u00e1 a municipios los m\u00f3dulos de credencializaci\u00f3n para personas con discapacidad\"}]},{\"@type\":\"WebSite\",\"@id\":\"https:\/\/masquenoticias.mx\/#website\",\"url\":\"https:\/\/masquenoticias.mx\/\",\"name\":\"M\u00e1s Que Noticias\",\"description\":\"Noticias de Colima, M\u00e9xico y el Mundo\",\"publisher\":{\"@id\":\"https:\/\/masquenoticias.mx\/#organization\"},\"potentialAction\":[{\"@type\":\"SearchAction\",\"target\":{\"@type\":\"EntryPoint\",\"urlTemplate\":\"https:\/\/masquenoticias.mx\/?s={search_term_string}\"},\"query-input\":{\"@type\":\"PropertyValueSpecification\",\"valueRequired\":true,\"valueName\":\"search_term_string\"}}],\"inLanguage\":\"es\"},{\"@type\":\"Organization\",\"@id\":\"https:\/\/masquenoticias.mx\/#organization\",\"name\":\"M\u00e1s Que Noticias\",\"url\":\"https:\/\/masquenoticias.mx\/\",\"logo\":{\"@type\":\"ImageObject\",\"inLanguage\":\"es\",\"@id\":\"https:\/\/masquenoticias.mx\/#\/schema\/logo\/image\/\",\"url\":\"https:\/\/i0.wp.com\/masquenoticias.mx\/wp-content\/uploads\/2024\/04\/IMG_0004.png?fit=2560%2C1656&ssl=1\",\"contentUrl\":\"https:\/\/i0.wp.com\/masquenoticias.mx\/wp-content\/uploads\/2024\/04\/IMG_0004.png?fit=2560%2C1656&ssl=1\",\"width\":2560,\"height\":1656,\"caption\":\"M\u00e1s Que Noticias\"},\"image\":{\"@id\":\"https:\/\/masquenoticias.mx\/#\/schema\/logo\/image\/\"},\"sameAs\":[\"https:\/\/www.facebook.com\/masquenoticiascolima\",\"https:\/\/x.com\/edgartove\",\"https:\/\/www.instagram.com\/masquenoticiascolima\/\"]},{\"@type\":\"Person\",\"@id\":\"https:\/\/masquenoticias.mx\/#\/schema\/person\/544d19989ef23d34615f691f7a96e622\",\"name\":\"Redacci\u00f3n\",\"image\":{\"@type\":\"ImageObject\",\"inLanguage\":\"es\",\"@id\":\"https:\/\/masquenoticias.mx\/#\/schema\/person\/image\/\",\"url\":\"https:\/\/secure.gravatar.com\/avatar\/7fcc926d5b058d3f3d52d95b4d05dd58?s=96&d=mm&r=g\",\"contentUrl\":\"https:\/\/secure.gravatar.com\/avatar\/7fcc926d5b058d3f3d52d95b4d05dd58?s=96&d=mm&r=g\",\"caption\":\"Redacci\u00f3n\"},\"sameAs\":[\"http:\/\/masquenoticias.mx\"],\"url\":\"https:\/\/masquenoticias.mx\/index.php\/author\/edgartovegmail-com\/\"}]}<\/script>\n<!-- \/ Yoast SEO plugin. -->","yoast_head_json":{"title":"DIF Estatal Colima llevar\u00e1 a municipios los m\u00f3dulos de credencializaci\u00f3n para personas con discapacidad - M\u00e1s Que Noticias","robots":{"index":"index","follow":"follow","max-snippet":"max-snippet:-1","max-image-preview":"max-image-preview:large","max-video-preview":"max-video-preview:-1"},"canonical":"https:\/\/masquenoticias.mx\/index.php\/2026\/04\/27\/dif-estatal-colima-llevara-a-municipios-los-modulos-de-credencializacion-para-personas-con-discapacidad\/","og_locale":"es_MX","og_type":"article","og_title":"DIF Estatal Colima llevar\u00e1 a municipios los m\u00f3dulos de credencializaci\u00f3n para personas con discapacidad - M\u00e1s Que Noticias","og_description":"El DIF Estatal Colima acercar\u00e1 a la poblaci\u00f3n los m\u00f3dulos de credencializaci\u00f3n para la emisi\u00f3n de certificados de discapacidad en los diez municipios de la entidad, inform\u00f3 la directora general Diana Zepeda Figueroa, quien explic\u00f3 que esto facilita el acceso a este documento oficial a las personas que lo requieren, evitando traslados y gastos, adem\u00e1s [&hellip;]","og_url":"https:\/\/masquenoticias.mx\/index.php\/2026\/04\/27\/dif-estatal-colima-llevara-a-municipios-los-modulos-de-credencializacion-para-personas-con-discapacidad\/","og_site_name":"M\u00e1s Que Noticias","article_publisher":"https:\/\/www.facebook.com\/masquenoticiascolima","article_published_time":"2026-04-27T22:12:55+00:00","og_image":[{"width":1600,"height":1066,"url":"https:\/\/masquenoticias.mx\/wp-content\/uploads\/2026\/04\/WhatsApp-Image-2026-04-27-at-3.37.43-PM-2.jpeg","type":"image\/jpeg"}],"author":"Redacci\u00f3n","twitter_card":"summary_large_image","twitter_creator":"@edgartove","twitter_site":"@edgartove","twitter_misc":{"Escrito por":"Redacci\u00f3n","Tiempo de lectura":"2 minutos"},"schema":{"@context":"https:\/\/schema.org","@graph":[{"@type":"Article","@id":"https:\/\/masquenoticias.mx\/index.php\/2026\/04\/27\/dif-estatal-colima-llevara-a-municipios-los-modulos-de-credencializacion-para-personas-con-discapacidad\/#article","isPartOf":{"@id":"https:\/\/masquenoticias.mx\/index.php\/2026\/04\/27\/dif-estatal-colima-llevara-a-municipios-los-modulos-de-credencializacion-para-personas-con-discapacidad\/"},"author":{"name":"Redacci\u00f3n","@id":"https:\/\/masquenoticias.mx\/#\/schema\/person\/544d19989ef23d34615f691f7a96e622"},"headline":"DIF Estatal Colima llevar\u00e1 a municipios los m\u00f3dulos de credencializaci\u00f3n para personas con discapacidad","datePublished":"2026-04-27T22:12:55+00:00","mainEntityOfPage":{"@id":"https:\/\/masquenoticias.mx\/index.php\/2026\/04\/27\/dif-estatal-colima-llevara-a-municipios-los-modulos-de-credencializacion-para-personas-con-discapacidad\/"},"wordCount":288,"commentCount":0,"publisher":{"@id":"https:\/\/masquenoticias.mx\/#organization"},"image":{"@id":"https:\/\/masquenoticias.mx\/index.php\/2026\/04\/27\/dif-estatal-colima-llevara-a-municipios-los-modulos-de-credencializacion-para-personas-con-discapacidad\/#primaryimage"},"thumbnailUrl":"https:\/\/i0.wp.com\/masquenoticias.mx\/wp-content\/uploads\/2026\/04\/WhatsApp-Image-2026-04-27-at-3.37.43-PM-2.jpeg?fit=1600%2C1066&ssl=1","keywords":["DIF Estatal"],"articleSection":["Estado"],"inLanguage":"es","potentialAction":[{"@type":"CommentAction","name":"Comment","target":["https:\/\/masquenoticias.mx\/index.php\/2026\/04\/27\/dif-estatal-colima-llevara-a-municipios-los-modulos-de-credencializacion-para-personas-con-discapacidad\/#respond"]}]},{"@type":"WebPage","@id":"https:\/\/masquenoticias.mx\/index.php\/2026\/04\/27\/dif-estatal-colima-llevara-a-municipios-los-modulos-de-credencializacion-para-personas-con-discapacidad\/","url":"https:\/\/masquenoticias.mx\/index.php\/2026\/04\/27\/dif-estatal-colima-llevara-a-municipios-los-modulos-de-credencializacion-para-personas-con-discapacidad\/","name":"DIF Estatal Colima llevar\u00e1 a municipios los m\u00f3dulos de credencializaci\u00f3n para personas con discapacidad - M\u00e1s Que Noticias","isPartOf":{"@id":"https:\/\/masquenoticias.mx\/#website"},"primaryImageOfPage":{"@id":"https:\/\/masquenoticias.mx\/index.php\/2026\/04\/27\/dif-estatal-colima-llevara-a-municipios-los-modulos-de-credencializacion-para-personas-con-discapacidad\/#primaryimage"},"image":{"@id":"https:\/\/masquenoticias.mx\/index.php\/2026\/04\/27\/dif-estatal-colima-llevara-a-municipios-los-modulos-de-credencializacion-para-personas-con-discapacidad\/#primaryimage"},"thumbnailUrl":"https:\/\/i0.wp.com\/masquenoticias.mx\/wp-content\/uploads\/2026\/04\/WhatsApp-Image-2026-04-27-at-3.37.43-PM-2.jpeg?fit=1600%2C1066&ssl=1","datePublished":"2026-04-27T22:12:55+00:00","breadcrumb":{"@id":"https:\/\/masquenoticias.mx\/index.php\/2026\/04\/27\/dif-estatal-colima-llevara-a-municipios-los-modulos-de-credencializacion-para-personas-con-discapacidad\/#breadcrumb"},"inLanguage":"es","potentialAction":[{"@type":"ReadAction","target":["https:\/\/masquenoticias.mx\/index.php\/2026\/04\/27\/dif-estatal-colima-llevara-a-municipios-los-modulos-de-credencializacion-para-personas-con-discapacidad\/"]}]},{"@type":"ImageObject","inLanguage":"es","@id":"https:\/\/masquenoticias.mx\/index.php\/2026\/04\/27\/dif-estatal-colima-llevara-a-municipios-los-modulos-de-credencializacion-para-personas-con-discapacidad\/#primaryimage","url":"https:\/\/i0.wp.com\/masquenoticias.mx\/wp-content\/uploads\/2026\/04\/WhatsApp-Image-2026-04-27-at-3.37.43-PM-2.jpeg?fit=1600%2C1066&ssl=1","contentUrl":"https:\/\/i0.wp.com\/masquenoticias.mx\/wp-content\/uploads\/2026\/04\/WhatsApp-Image-2026-04-27-at-3.37.43-PM-2.jpeg?fit=1600%2C1066&ssl=1","width":1600,"height":1066},{"@type":"BreadcrumbList","@id":"https:\/\/masquenoticias.mx\/index.php\/2026\/04\/27\/dif-estatal-colima-llevara-a-municipios-los-modulos-de-credencializacion-para-personas-con-discapacidad\/#breadcrumb","itemListElement":[{"@type":"ListItem","position":1,"name":"Inicio","item":"https:\/\/masquenoticias.mx\/"},{"@type":"ListItem","position":2,"name":"DIF Estatal Colima llevar\u00e1 a municipios los m\u00f3dulos de credencializaci\u00f3n para personas con discapacidad"}]},{"@type":"WebSite","@id":"https:\/\/masquenoticias.mx\/#website","url":"https:\/\/masquenoticias.mx\/","name":"M\u00e1s Que Noticias","description":"Noticias de Colima, M\u00e9xico y el Mundo","publisher":{"@id":"https:\/\/masquenoticias.mx\/#organization"},"potentialAction":[{"@type":"SearchAction","target":{"@type":"EntryPoint","urlTemplate":"https:\/\/masquenoticias.mx\/?s={search_term_string}"},"query-input":{"@type":"PropertyValueSpecification","valueRequired":true,"valueName":"search_term_string"}}],"inLanguage":"es"},{"@type":"Organization","@id":"https:\/\/masquenoticias.mx\/#organization","name":"M\u00e1s Que Noticias","url":"https:\/\/masquenoticias.mx\/","logo":{"@type":"ImageObject","inLanguage":"es","@id":"https:\/\/masquenoticias.mx\/#\/schema\/logo\/image\/","url":"https:\/\/i0.wp.com\/masquenoticias.mx\/wp-content\/uploads\/2024\/04\/IMG_0004.png?fit=2560%2C1656&ssl=1","contentUrl":"https:\/\/i0.wp.com\/masquenoticias.mx\/wp-content\/uploads\/2024\/04\/IMG_0004.png?fit=2560%2C1656&ssl=1","width":2560,"height":1656,"caption":"M\u00e1s Que Noticias"},"image":{"@id":"https:\/\/masquenoticias.mx\/#\/schema\/logo\/image\/"},"sameAs":["https:\/\/www.facebook.com\/masquenoticiascolima","https:\/\/x.com\/edgartove","https:\/\/www.instagram.com\/masquenoticiascolima\/"]},{"@type":"Person","@id":"https:\/\/masquenoticias.mx\/#\/schema\/person\/544d19989ef23d34615f691f7a96e622","name":"Redacci\u00f3n","image":{"@type":"ImageObject","inLanguage":"es","@id":"https:\/\/masquenoticias.mx\/#\/schema\/person\/image\/","url":"https:\/\/secure.gravatar.com\/avatar\/7fcc926d5b058d3f3d52d95b4d05dd58?s=96&d=mm&r=g","contentUrl":"https:\/\/secure.gravatar.com\/avatar\/7fcc926d5b058d3f3d52d95b4d05dd58?s=96&d=mm&r=g","caption":"Redacci\u00f3n"},"sameAs":["http:\/\/masquenoticias.mx"],"url":"https:\/\/masquenoticias.mx\/index.php\/author\/edgartovegmail-com\/"}]}},"jetpack_featured_media_url":"https:\/\/i0.wp.com\/masquenoticias.mx\/wp-content\/uploads\/2026\/04\/WhatsApp-Image-2026-04-27-at-3.37.43-PM-2.jpeg?fit=1600%2C1066&ssl=1","blog_post_layout_featured_media_urls":{"thumbnail":["https:\/\/i0.wp.com\/masquenoticias.mx\/wp-content\/uploads\/2026\/04\/WhatsApp-Image-2026-04-27-at-3.37.43-PM-2.jpeg?resize=150%2C150&ssl=1",150,150,true],"full":["https:\/\/i0.wp.com\/masquenoticias.mx\/wp-content\/uploads\/2026\/04\/WhatsApp-Image-2026-04-27-at-3.37.43-PM-2.jpeg?fit=1600%2C1066&ssl=1",1600,1066,false]},"categories_names":{"24":{"name":"Estado","link":"https:\/\/masquenoticias.mx\/index.php\/category\/estado\/"}},"tags_names":{"107":{"name":"DIF Estatal","link":"https:\/\/masquenoticias.mx\/index.php\/tag\/dif-estatal\/"}},"comments_number":"0","wpmagazine_modules_lite_featured_media_urls":{"thumbnail":["https:\/\/i0.wp.com\/masquenoticias.mx\/wp-content\/uploads\/2026\/04\/WhatsApp-Image-2026-04-27-at-3.37.43-PM-2.jpeg?resize=150%2C150&ssl=1",150,150,true],"cvmm-medium":["https:\/\/i0.wp.com\/masquenoticias.mx\/wp-content\/uploads\/2026\/04\/WhatsApp-Image-2026-04-27-at-3.37.43-PM-2.jpeg?resize=300%2C300&ssl=1",300,300,true],"cvmm-medium-plus":["https:\/\/i0.wp.com\/masquenoticias.mx\/wp-content\/uploads\/2026\/04\/WhatsApp-Image-2026-04-27-at-3.37.43-PM-2.jpeg?resize=305%2C207&ssl=1",305,207,true],"cvmm-portrait":["https:\/\/i0.wp.com\/masquenoticias.mx\/wp-content\/uploads\/2026\/04\/WhatsApp-Image-2026-04-27-at-3.37.43-PM-2.jpeg?resize=400%2C600&ssl=1",400,600,true],"cvmm-medium-square":["https:\/\/i0.wp.com\/masquenoticias.mx\/wp-content\/uploads\/2026\/04\/WhatsApp-Image-2026-04-27-at-3.37.43-PM-2.jpeg?resize=600%2C600&ssl=1",600,600,true],"cvmm-large":["https:\/\/i0.wp.com\/masquenoticias.mx\/wp-content\/uploads\/2026\/04\/WhatsApp-Image-2026-04-27-at-3.37.43-PM-2.jpeg?resize=1024%2C1024&ssl=1",1024,1024,true],"cvmm-small":["https:\/\/i0.wp.com\/masquenoticias.mx\/wp-content\/uploads\/2026\/04\/WhatsApp-Image-2026-04-27-at-3.37.43-PM-2.jpeg?resize=130%2C95&ssl=1",130,95,true],"full":["https:\/\/i0.wp.com\/masquenoticias.mx\/wp-content\/uploads\/2026\/04\/WhatsApp-Image-2026-04-27-at-3.37.43-PM-2.jpeg?fit=1600%2C1066&ssl=1",1600,1066,false]},"jetpack-related-posts":[],"jetpack_sharing_enabled":true,"jetpack_likes_enabled":true,"jetpack_shortlink":"https:\/\/wp.me\/pf7pkt-5S5","_links":{"self":[{"href":"https:\/\/masquenoticias.mx\/index.php\/wp-json\/wp\/v2\/posts\/22573","targetHints":{"allow":["GET"]}}],"collection":[{"href":"https:\/\/masquenoticias.mx\/index.php\/wp-json\/wp\/v2\/posts"}],"about":[{"href":"https:\/\/masquenoticias.mx\/index.php\/wp-json\/wp\/v2\/types\/post"}],"author":[{"embeddable":true,"href":"https:\/\/masquenoticias.mx\/index.php\/wp-json\/wp\/v2\/users\/1"}],"replies":[{"embeddable":true,"href":"https:\/\/masquenoticias.mx\/index.php\/wp-json\/wp\/v2\/comments?post=22573"}],"version-history":[{"count":1,"href":"https:\/\/masquenoticias.mx\/index.php\/wp-json\/wp\/v2\/posts\/22573\/revisions"}],"predecessor-version":[{"id":22575,"href":"https:\/\/masquenoticias.mx\/index.php\/wp-json\/wp\/v2\/posts\/22573\/revisions\/22575"}],"wp:featuredmedia":[{"embeddable":true,"href":"https:\/\/masquenoticias.mx\/index.php\/wp-json\/wp\/v2\/media\/22574"}],"wp:attachment":[{"href":"https:\/\/masquenoticias.mx\/index.php\/wp-json\/wp\/v2\/media?parent=22573"}],"wp:term":[{"taxonomy":"category","embeddable":true,"href":"https:\/\/masquenoticias.mx\/index.php\/wp-json\/wp\/v2\/categories?post=22573"},{"taxonomy":"post_tag","embeddable":true,"href":"https:\/\/masquenoticias.mx\/index.php\/wp-json\/wp\/v2\/tags?post=22573"}],"curies":[{"name":"wp","href":"https:\/\/api.w.org\/{rel}","templated":true}]}}