{"id":22567,"date":"2026-04-27T14:33:57","date_gmt":"2026-04-27T20:33:57","guid":{"rendered":"https:\/\/masquenoticias.mx\/?p=22567"},"modified":"2026-04-27T14:33:57","modified_gmt":"2026-04-27T20:33:57","slug":"colima-en-cuartos-de-final-del-futbol-sub-15-varonil-en-la-olimpiada-nacional","status":"publish","type":"post","link":"https:\/\/masquenoticias.mx\/index.php\/2026\/04\/27\/colima-en-cuartos-de-final-del-futbol-sub-15-varonil-en-la-olimpiada-nacional\/","title":{"rendered":"Colima en cuartos de final del futbol Sub-15 varonil en la Olimpiada Nacional"},"content":{"rendered":"<p>La selecci\u00f3n Colima de futbol categor\u00eda Sub15 varonil (nacidos en 2011), que participa con apoyo de Gobierno del Estado de Colima en la Olimpiada Nacional Conade 2026, jugar\u00e1 este martes los cuartos de final a las 11:30 horas contra uno de los equipos entre Coahuila y Chihuahua, en los campos de la Benem\u00e9rita Universidad Aut\u00f3noma de Puebla (BUAP); en caso de lograr la victoria en este duelo, jugar\u00edan semifinales el mi\u00e9rcoles 30 a las 8:00 de la ma\u00f1ana.<\/p>\n<p>Con gran hegemon\u00eda y mejor control de juego, la selecci\u00f3n colimense Sub15 varonil logr\u00f3 la victoria 2-1 al equipo invicto de Quintana Roo, para de esta manera obtener su segundo triunfo, luego de derrotar 5-4 a Sonora en penales, tras empatar a dos goles en tiempo reglamentario.<\/p>\n<p>Las dos anotaciones fueron por conducto de Al\u00e1n Emmanuel Far\u00edas Olivares y Axel Cristiano Castillo C\u00e1rdenas en el segundo tiempo del encuentro que concluy\u00f3 con victoria para los colimenses sumando un total de seis puntos igualando a Quintana Roo en unidades dentro del Grupo C, para avanzar a los cuartos de final que se juegan este martes.<\/p>\n<p>El director general del Instituto Colimense del Deporte, Alejandro Rodr\u00edguez Alvarado, reconoci\u00f3 el talento de los jugadores colimenses para obtener el triunfo contra sus rivales quintanarroenses, asimismo felicit\u00f3 a los entrenadores C\u00e9sar Macedo y Salvador Ram\u00edrez por conducir a este grupo de j\u00f3venes a la victoria.<\/p>\n","protected":false},"excerpt":{"rendered":"<p>La selecci\u00f3n Colima de futbol categor\u00eda Sub15 varonil (nacidos en 2011), que participa con apoyo de Gobierno del Estado de Colima en la Olimpiada Nacional Conade 2026, jugar\u00e1 este martes los cuartos de final a las 11:30 horas contra uno de los equipos entre Coahuila y Chihuahua, en los campos de la Benem\u00e9rita Universidad Aut\u00f3noma [&hellip;]<\/p>\n","protected":false},"author":1,"featured_media":22568,"comment_status":"open","ping_status":"open","sticky":false,"template":"","format":"standard","meta":{"_jetpack_memberships_contains_paid_content":false,"footnotes":""},"categories":[24],"tags":[83],"class_list":["post-22567","post","type-post","status-publish","format-standard","has-post-thumbnail","hentry","category-estado","tag-incode"],"yoast_head":"<!-- This site is optimized with the Yoast SEO plugin v26.6 - https:\/\/yoast.com\/wordpress\/plugins\/seo\/ -->\n<title>Colima en cuartos de final del futbol Sub-15 varonil en la Olimpiada Nacional - M\u00e1s Que Noticias<\/title>\n<meta name=\"robots\" content=\"index, follow, max-snippet:-1, max-image-preview:large, max-video-preview:-1\" \/>\n<link rel=\"canonical\" href=\"https:\/\/masquenoticias.mx\/index.php\/2026\/04\/27\/colima-en-cuartos-de-final-del-futbol-sub-15-varonil-en-la-olimpiada-nacional\/\" \/>\n<meta property=\"og:locale\" content=\"es_MX\" \/>\n<meta property=\"og:type\" content=\"article\" \/>\n<meta property=\"og:title\" content=\"Colima en cuartos de final del futbol Sub-15 varonil en la Olimpiada Nacional - M\u00e1s Que Noticias\" \/>\n<meta property=\"og:description\" content=\"La selecci\u00f3n Colima de futbol categor\u00eda Sub15 varonil (nacidos en 2011), que participa con apoyo de Gobierno del Estado de Colima en la Olimpiada Nacional Conade 2026, jugar\u00e1 este martes los cuartos de final a las 11:30 horas contra uno de los equipos entre Coahuila y Chihuahua, en los campos de la Benem\u00e9rita Universidad Aut\u00f3noma [&hellip;]\" \/>\n<meta property=\"og:url\" content=\"https:\/\/masquenoticias.mx\/index.php\/2026\/04\/27\/colima-en-cuartos-de-final-del-futbol-sub-15-varonil-en-la-olimpiada-nacional\/\" \/>\n<meta property=\"og:site_name\" content=\"M\u00e1s Que Noticias\" \/>\n<meta property=\"article:publisher\" content=\"https:\/\/www.facebook.com\/masquenoticiascolima\" \/>\n<meta property=\"article:published_time\" content=\"2026-04-27T20:33:57+00:00\" \/>\n<meta property=\"og:image\" content=\"https:\/\/masquenoticias.mx\/wp-content\/uploads\/2026\/04\/WhatsApp-Image-2026-04-27-at-1.45.35-PM.jpeg\" \/>\n\t<meta property=\"og:image:width\" content=\"1511\" \/>\n\t<meta property=\"og:image:height\" content=\"943\" \/>\n\t<meta property=\"og:image:type\" content=\"image\/jpeg\" \/>\n<meta name=\"author\" content=\"Redacci\u00f3n\" \/>\n<meta name=\"twitter:card\" content=\"summary_large_image\" \/>\n<meta name=\"twitter:creator\" content=\"@edgartove\" \/>\n<meta name=\"twitter:site\" content=\"@edgartove\" \/>\n<meta name=\"twitter:label1\" content=\"Escrito por\" \/>\n\t<meta name=\"twitter:data1\" content=\"Redacci\u00f3n\" \/>\n\t<meta name=\"twitter:label2\" content=\"Tiempo de lectura\" \/>\n\t<meta name=\"twitter:data2\" content=\"2 minutos\" \/>\n<script type=\"application\/ld+json\" class=\"yoast-schema-graph\">{\"@context\":\"https:\/\/schema.org\",\"@graph\":[{\"@type\":\"Article\",\"@id\":\"https:\/\/masquenoticias.mx\/index.php\/2026\/04\/27\/colima-en-cuartos-de-final-del-futbol-sub-15-varonil-en-la-olimpiada-nacional\/#article\",\"isPartOf\":{\"@id\":\"https:\/\/masquenoticias.mx\/index.php\/2026\/04\/27\/colima-en-cuartos-de-final-del-futbol-sub-15-varonil-en-la-olimpiada-nacional\/\"},\"author\":{\"name\":\"Redacci\u00f3n\",\"@id\":\"https:\/\/masquenoticias.mx\/#\/schema\/person\/544d19989ef23d34615f691f7a96e622\"},\"headline\":\"Colima en cuartos de final del futbol Sub-15 varonil en la Olimpiada Nacional\",\"datePublished\":\"2026-04-27T20:33:57+00:00\",\"mainEntityOfPage\":{\"@id\":\"https:\/\/masquenoticias.mx\/index.php\/2026\/04\/27\/colima-en-cuartos-de-final-del-futbol-sub-15-varonil-en-la-olimpiada-nacional\/\"},\"wordCount\":252,\"commentCount\":0,\"publisher\":{\"@id\":\"https:\/\/masquenoticias.mx\/#organization\"},\"image\":{\"@id\":\"https:\/\/masquenoticias.mx\/index.php\/2026\/04\/27\/colima-en-cuartos-de-final-del-futbol-sub-15-varonil-en-la-olimpiada-nacional\/#primaryimage\"},\"thumbnailUrl\":\"https:\/\/i0.wp.com\/masquenoticias.mx\/wp-content\/uploads\/2026\/04\/WhatsApp-Image-2026-04-27-at-1.45.35-PM.jpeg?fit=1511%2C943&ssl=1\",\"keywords\":[\"Incode\"],\"articleSection\":[\"Estado\"],\"inLanguage\":\"es\",\"potentialAction\":[{\"@type\":\"CommentAction\",\"name\":\"Comment\",\"target\":[\"https:\/\/masquenoticias.mx\/index.php\/2026\/04\/27\/colima-en-cuartos-de-final-del-futbol-sub-15-varonil-en-la-olimpiada-nacional\/#respond\"]}]},{\"@type\":\"WebPage\",\"@id\":\"https:\/\/masquenoticias.mx\/index.php\/2026\/04\/27\/colima-en-cuartos-de-final-del-futbol-sub-15-varonil-en-la-olimpiada-nacional\/\",\"url\":\"https:\/\/masquenoticias.mx\/index.php\/2026\/04\/27\/colima-en-cuartos-de-final-del-futbol-sub-15-varonil-en-la-olimpiada-nacional\/\",\"name\":\"Colima en cuartos de final del futbol Sub-15 varonil en la Olimpiada Nacional - M\u00e1s Que Noticias\",\"isPartOf\":{\"@id\":\"https:\/\/masquenoticias.mx\/#website\"},\"primaryImageOfPage\":{\"@id\":\"https:\/\/masquenoticias.mx\/index.php\/2026\/04\/27\/colima-en-cuartos-de-final-del-futbol-sub-15-varonil-en-la-olimpiada-nacional\/#primaryimage\"},\"image\":{\"@id\":\"https:\/\/masquenoticias.mx\/index.php\/2026\/04\/27\/colima-en-cuartos-de-final-del-futbol-sub-15-varonil-en-la-olimpiada-nacional\/#primaryimage\"},\"thumbnailUrl\":\"https:\/\/i0.wp.com\/masquenoticias.mx\/wp-content\/uploads\/2026\/04\/WhatsApp-Image-2026-04-27-at-1.45.35-PM.jpeg?fit=1511%2C943&ssl=1\",\"datePublished\":\"2026-04-27T20:33:57+00:00\",\"breadcrumb\":{\"@id\":\"https:\/\/masquenoticias.mx\/index.php\/2026\/04\/27\/colima-en-cuartos-de-final-del-futbol-sub-15-varonil-en-la-olimpiada-nacional\/#breadcrumb\"},\"inLanguage\":\"es\",\"potentialAction\":[{\"@type\":\"ReadAction\",\"target\":[\"https:\/\/masquenoticias.mx\/index.php\/2026\/04\/27\/colima-en-cuartos-de-final-del-futbol-sub-15-varonil-en-la-olimpiada-nacional\/\"]}]},{\"@type\":\"ImageObject\",\"inLanguage\":\"es\",\"@id\":\"https:\/\/masquenoticias.mx\/index.php\/2026\/04\/27\/colima-en-cuartos-de-final-del-futbol-sub-15-varonil-en-la-olimpiada-nacional\/#primaryimage\",\"url\":\"https:\/\/i0.wp.com\/masquenoticias.mx\/wp-content\/uploads\/2026\/04\/WhatsApp-Image-2026-04-27-at-1.45.35-PM.jpeg?fit=1511%2C943&ssl=1\",\"contentUrl\":\"https:\/\/i0.wp.com\/masquenoticias.mx\/wp-content\/uploads\/2026\/04\/WhatsApp-Image-2026-04-27-at-1.45.35-PM.jpeg?fit=1511%2C943&ssl=1\",\"width\":1511,\"height\":943},{\"@type\":\"BreadcrumbList\",\"@id\":\"https:\/\/masquenoticias.mx\/index.php\/2026\/04\/27\/colima-en-cuartos-de-final-del-futbol-sub-15-varonil-en-la-olimpiada-nacional\/#breadcrumb\",\"itemListElement\":[{\"@type\":\"ListItem\",\"position\":1,\"name\":\"Inicio\",\"item\":\"https:\/\/masquenoticias.mx\/\"},{\"@type\":\"ListItem\",\"position\":2,\"name\":\"Colima en cuartos de final del futbol Sub-15 varonil en la Olimpiada Nacional\"}]},{\"@type\":\"WebSite\",\"@id\":\"https:\/\/masquenoticias.mx\/#website\",\"url\":\"https:\/\/masquenoticias.mx\/\",\"name\":\"M\u00e1s Que Noticias\",\"description\":\"Noticias de Colima, M\u00e9xico y el Mundo\",\"publisher\":{\"@id\":\"https:\/\/masquenoticias.mx\/#organization\"},\"potentialAction\":[{\"@type\":\"SearchAction\",\"target\":{\"@type\":\"EntryPoint\",\"urlTemplate\":\"https:\/\/masquenoticias.mx\/?s={search_term_string}\"},\"query-input\":{\"@type\":\"PropertyValueSpecification\",\"valueRequired\":true,\"valueName\":\"search_term_string\"}}],\"inLanguage\":\"es\"},{\"@type\":\"Organization\",\"@id\":\"https:\/\/masquenoticias.mx\/#organization\",\"name\":\"M\u00e1s Que Noticias\",\"url\":\"https:\/\/masquenoticias.mx\/\",\"logo\":{\"@type\":\"ImageObject\",\"inLanguage\":\"es\",\"@id\":\"https:\/\/masquenoticias.mx\/#\/schema\/logo\/image\/\",\"url\":\"https:\/\/i0.wp.com\/masquenoticias.mx\/wp-content\/uploads\/2024\/04\/IMG_0004.png?fit=2560%2C1656&ssl=1\",\"contentUrl\":\"https:\/\/i0.wp.com\/masquenoticias.mx\/wp-content\/uploads\/2024\/04\/IMG_0004.png?fit=2560%2C1656&ssl=1\",\"width\":2560,\"height\":1656,\"caption\":\"M\u00e1s Que Noticias\"},\"image\":{\"@id\":\"https:\/\/masquenoticias.mx\/#\/schema\/logo\/image\/\"},\"sameAs\":[\"https:\/\/www.facebook.com\/masquenoticiascolima\",\"https:\/\/x.com\/edgartove\",\"https:\/\/www.instagram.com\/masquenoticiascolima\/\"]},{\"@type\":\"Person\",\"@id\":\"https:\/\/masquenoticias.mx\/#\/schema\/person\/544d19989ef23d34615f691f7a96e622\",\"name\":\"Redacci\u00f3n\",\"image\":{\"@type\":\"ImageObject\",\"inLanguage\":\"es\",\"@id\":\"https:\/\/masquenoticias.mx\/#\/schema\/person\/image\/\",\"url\":\"https:\/\/secure.gravatar.com\/avatar\/7fcc926d5b058d3f3d52d95b4d05dd58?s=96&d=mm&r=g\",\"contentUrl\":\"https:\/\/secure.gravatar.com\/avatar\/7fcc926d5b058d3f3d52d95b4d05dd58?s=96&d=mm&r=g\",\"caption\":\"Redacci\u00f3n\"},\"sameAs\":[\"http:\/\/masquenoticias.mx\"],\"url\":\"https:\/\/masquenoticias.mx\/index.php\/author\/edgartovegmail-com\/\"}]}<\/script>\n<!-- \/ Yoast SEO plugin. -->","yoast_head_json":{"title":"Colima en cuartos de final del futbol Sub-15 varonil en la Olimpiada Nacional - M\u00e1s Que Noticias","robots":{"index":"index","follow":"follow","max-snippet":"max-snippet:-1","max-image-preview":"max-image-preview:large","max-video-preview":"max-video-preview:-1"},"canonical":"https:\/\/masquenoticias.mx\/index.php\/2026\/04\/27\/colima-en-cuartos-de-final-del-futbol-sub-15-varonil-en-la-olimpiada-nacional\/","og_locale":"es_MX","og_type":"article","og_title":"Colima en cuartos de final del futbol Sub-15 varonil en la Olimpiada Nacional - M\u00e1s Que Noticias","og_description":"La selecci\u00f3n Colima de futbol categor\u00eda Sub15 varonil (nacidos en 2011), que participa con apoyo de Gobierno del Estado de Colima en la Olimpiada Nacional Conade 2026, jugar\u00e1 este martes los cuartos de final a las 11:30 horas contra uno de los equipos entre Coahuila y Chihuahua, en los campos de la Benem\u00e9rita Universidad Aut\u00f3noma [&hellip;]","og_url":"https:\/\/masquenoticias.mx\/index.php\/2026\/04\/27\/colima-en-cuartos-de-final-del-futbol-sub-15-varonil-en-la-olimpiada-nacional\/","og_site_name":"M\u00e1s Que Noticias","article_publisher":"https:\/\/www.facebook.com\/masquenoticiascolima","article_published_time":"2026-04-27T20:33:57+00:00","og_image":[{"width":1511,"height":943,"url":"https:\/\/masquenoticias.mx\/wp-content\/uploads\/2026\/04\/WhatsApp-Image-2026-04-27-at-1.45.35-PM.jpeg","type":"image\/jpeg"}],"author":"Redacci\u00f3n","twitter_card":"summary_large_image","twitter_creator":"@edgartove","twitter_site":"@edgartove","twitter_misc":{"Escrito por":"Redacci\u00f3n","Tiempo de lectura":"2 minutos"},"schema":{"@context":"https:\/\/schema.org","@graph":[{"@type":"Article","@id":"https:\/\/masquenoticias.mx\/index.php\/2026\/04\/27\/colima-en-cuartos-de-final-del-futbol-sub-15-varonil-en-la-olimpiada-nacional\/#article","isPartOf":{"@id":"https:\/\/masquenoticias.mx\/index.php\/2026\/04\/27\/colima-en-cuartos-de-final-del-futbol-sub-15-varonil-en-la-olimpiada-nacional\/"},"author":{"name":"Redacci\u00f3n","@id":"https:\/\/masquenoticias.mx\/#\/schema\/person\/544d19989ef23d34615f691f7a96e622"},"headline":"Colima en cuartos de final del futbol Sub-15 varonil en la Olimpiada Nacional","datePublished":"2026-04-27T20:33:57+00:00","mainEntityOfPage":{"@id":"https:\/\/masquenoticias.mx\/index.php\/2026\/04\/27\/colima-en-cuartos-de-final-del-futbol-sub-15-varonil-en-la-olimpiada-nacional\/"},"wordCount":252,"commentCount":0,"publisher":{"@id":"https:\/\/masquenoticias.mx\/#organization"},"image":{"@id":"https:\/\/masquenoticias.mx\/index.php\/2026\/04\/27\/colima-en-cuartos-de-final-del-futbol-sub-15-varonil-en-la-olimpiada-nacional\/#primaryimage"},"thumbnailUrl":"https:\/\/i0.wp.com\/masquenoticias.mx\/wp-content\/uploads\/2026\/04\/WhatsApp-Image-2026-04-27-at-1.45.35-PM.jpeg?fit=1511%2C943&ssl=1","keywords":["Incode"],"articleSection":["Estado"],"inLanguage":"es","potentialAction":[{"@type":"CommentAction","name":"Comment","target":["https:\/\/masquenoticias.mx\/index.php\/2026\/04\/27\/colima-en-cuartos-de-final-del-futbol-sub-15-varonil-en-la-olimpiada-nacional\/#respond"]}]},{"@type":"WebPage","@id":"https:\/\/masquenoticias.mx\/index.php\/2026\/04\/27\/colima-en-cuartos-de-final-del-futbol-sub-15-varonil-en-la-olimpiada-nacional\/","url":"https:\/\/masquenoticias.mx\/index.php\/2026\/04\/27\/colima-en-cuartos-de-final-del-futbol-sub-15-varonil-en-la-olimpiada-nacional\/","name":"Colima en cuartos de final del futbol Sub-15 varonil en la Olimpiada Nacional - M\u00e1s Que Noticias","isPartOf":{"@id":"https:\/\/masquenoticias.mx\/#website"},"primaryImageOfPage":{"@id":"https:\/\/masquenoticias.mx\/index.php\/2026\/04\/27\/colima-en-cuartos-de-final-del-futbol-sub-15-varonil-en-la-olimpiada-nacional\/#primaryimage"},"image":{"@id":"https:\/\/masquenoticias.mx\/index.php\/2026\/04\/27\/colima-en-cuartos-de-final-del-futbol-sub-15-varonil-en-la-olimpiada-nacional\/#primaryimage"},"thumbnailUrl":"https:\/\/i0.wp.com\/masquenoticias.mx\/wp-content\/uploads\/2026\/04\/WhatsApp-Image-2026-04-27-at-1.45.35-PM.jpeg?fit=1511%2C943&ssl=1","datePublished":"2026-04-27T20:33:57+00:00","breadcrumb":{"@id":"https:\/\/masquenoticias.mx\/index.php\/2026\/04\/27\/colima-en-cuartos-de-final-del-futbol-sub-15-varonil-en-la-olimpiada-nacional\/#breadcrumb"},"inLanguage":"es","potentialAction":[{"@type":"ReadAction","target":["https:\/\/masquenoticias.mx\/index.php\/2026\/04\/27\/colima-en-cuartos-de-final-del-futbol-sub-15-varonil-en-la-olimpiada-nacional\/"]}]},{"@type":"ImageObject","inLanguage":"es","@id":"https:\/\/masquenoticias.mx\/index.php\/2026\/04\/27\/colima-en-cuartos-de-final-del-futbol-sub-15-varonil-en-la-olimpiada-nacional\/#primaryimage","url":"https:\/\/i0.wp.com\/masquenoticias.mx\/wp-content\/uploads\/2026\/04\/WhatsApp-Image-2026-04-27-at-1.45.35-PM.jpeg?fit=1511%2C943&ssl=1","contentUrl":"https:\/\/i0.wp.com\/masquenoticias.mx\/wp-content\/uploads\/2026\/04\/WhatsApp-Image-2026-04-27-at-1.45.35-PM.jpeg?fit=1511%2C943&ssl=1","width":1511,"height":943},{"@type":"BreadcrumbList","@id":"https:\/\/masquenoticias.mx\/index.php\/2026\/04\/27\/colima-en-cuartos-de-final-del-futbol-sub-15-varonil-en-la-olimpiada-nacional\/#breadcrumb","itemListElement":[{"@type":"ListItem","position":1,"name":"Inicio","item":"https:\/\/masquenoticias.mx\/"},{"@type":"ListItem","position":2,"name":"Colima en cuartos de final del futbol Sub-15 varonil en la Olimpiada Nacional"}]},{"@type":"WebSite","@id":"https:\/\/masquenoticias.mx\/#website","url":"https:\/\/masquenoticias.mx\/","name":"M\u00e1s Que Noticias","description":"Noticias de Colima, M\u00e9xico y el Mundo","publisher":{"@id":"https:\/\/masquenoticias.mx\/#organization"},"potentialAction":[{"@type":"SearchAction","target":{"@type":"EntryPoint","urlTemplate":"https:\/\/masquenoticias.mx\/?s={search_term_string}"},"query-input":{"@type":"PropertyValueSpecification","valueRequired":true,"valueName":"search_term_string"}}],"inLanguage":"es"},{"@type":"Organization","@id":"https:\/\/masquenoticias.mx\/#organization","name":"M\u00e1s Que Noticias","url":"https:\/\/masquenoticias.mx\/","logo":{"@type":"ImageObject","inLanguage":"es","@id":"https:\/\/masquenoticias.mx\/#\/schema\/logo\/image\/","url":"https:\/\/i0.wp.com\/masquenoticias.mx\/wp-content\/uploads\/2024\/04\/IMG_0004.png?fit=2560%2C1656&ssl=1","contentUrl":"https:\/\/i0.wp.com\/masquenoticias.mx\/wp-content\/uploads\/2024\/04\/IMG_0004.png?fit=2560%2C1656&ssl=1","width":2560,"height":1656,"caption":"M\u00e1s Que Noticias"},"image":{"@id":"https:\/\/masquenoticias.mx\/#\/schema\/logo\/image\/"},"sameAs":["https:\/\/www.facebook.com\/masquenoticiascolima","https:\/\/x.com\/edgartove","https:\/\/www.instagram.com\/masquenoticiascolima\/"]},{"@type":"Person","@id":"https:\/\/masquenoticias.mx\/#\/schema\/person\/544d19989ef23d34615f691f7a96e622","name":"Redacci\u00f3n","image":{"@type":"ImageObject","inLanguage":"es","@id":"https:\/\/masquenoticias.mx\/#\/schema\/person\/image\/","url":"https:\/\/secure.gravatar.com\/avatar\/7fcc926d5b058d3f3d52d95b4d05dd58?s=96&d=mm&r=g","contentUrl":"https:\/\/secure.gravatar.com\/avatar\/7fcc926d5b058d3f3d52d95b4d05dd58?s=96&d=mm&r=g","caption":"Redacci\u00f3n"},"sameAs":["http:\/\/masquenoticias.mx"],"url":"https:\/\/masquenoticias.mx\/index.php\/author\/edgartovegmail-com\/"}]}},"jetpack_featured_media_url":"https:\/\/i0.wp.com\/masquenoticias.mx\/wp-content\/uploads\/2026\/04\/WhatsApp-Image-2026-04-27-at-1.45.35-PM.jpeg?fit=1511%2C943&ssl=1","blog_post_layout_featured_media_urls":{"thumbnail":["https:\/\/i0.wp.com\/masquenoticias.mx\/wp-content\/uploads\/2026\/04\/WhatsApp-Image-2026-04-27-at-1.45.35-PM.jpeg?resize=150%2C150&ssl=1",150,150,true],"full":["https:\/\/i0.wp.com\/masquenoticias.mx\/wp-content\/uploads\/2026\/04\/WhatsApp-Image-2026-04-27-at-1.45.35-PM.jpeg?fit=1511%2C943&ssl=1",1511,943,false]},"categories_names":{"24":{"name":"Estado","link":"https:\/\/masquenoticias.mx\/index.php\/category\/estado\/"}},"tags_names":{"83":{"name":"Incode","link":"https:\/\/masquenoticias.mx\/index.php\/tag\/incode\/"}},"comments_number":"0","wpmagazine_modules_lite_featured_media_urls":{"thumbnail":["https:\/\/i0.wp.com\/masquenoticias.mx\/wp-content\/uploads\/2026\/04\/WhatsApp-Image-2026-04-27-at-1.45.35-PM.jpeg?resize=150%2C150&ssl=1",150,150,true],"cvmm-medium":["https:\/\/i0.wp.com\/masquenoticias.mx\/wp-content\/uploads\/2026\/04\/WhatsApp-Image-2026-04-27-at-1.45.35-PM.jpeg?resize=300%2C300&ssl=1",300,300,true],"cvmm-medium-plus":["https:\/\/i0.wp.com\/masquenoticias.mx\/wp-content\/uploads\/2026\/04\/WhatsApp-Image-2026-04-27-at-1.45.35-PM.jpeg?resize=305%2C207&ssl=1",305,207,true],"cvmm-portrait":["https:\/\/i0.wp.com\/masquenoticias.mx\/wp-content\/uploads\/2026\/04\/WhatsApp-Image-2026-04-27-at-1.45.35-PM.jpeg?resize=400%2C600&ssl=1",400,600,true],"cvmm-medium-square":["https:\/\/i0.wp.com\/masquenoticias.mx\/wp-content\/uploads\/2026\/04\/WhatsApp-Image-2026-04-27-at-1.45.35-PM.jpeg?resize=600%2C600&ssl=1",600,600,true],"cvmm-large":["https:\/\/i0.wp.com\/masquenoticias.mx\/wp-content\/uploads\/2026\/04\/WhatsApp-Image-2026-04-27-at-1.45.35-PM.jpeg?resize=1024%2C943&ssl=1",1024,943,true],"cvmm-small":["https:\/\/i0.wp.com\/masquenoticias.mx\/wp-content\/uploads\/2026\/04\/WhatsApp-Image-2026-04-27-at-1.45.35-PM.jpeg?resize=130%2C95&ssl=1",130,95,true],"full":["https:\/\/i0.wp.com\/masquenoticias.mx\/wp-content\/uploads\/2026\/04\/WhatsApp-Image-2026-04-27-at-1.45.35-PM.jpeg?fit=1511%2C943&ssl=1",1511,943,false]},"jetpack-related-posts":[],"jetpack_sharing_enabled":true,"jetpack_likes_enabled":true,"jetpack_shortlink":"https:\/\/wp.me\/pf7pkt-5RZ","_links":{"self":[{"href":"https:\/\/masquenoticias.mx\/index.php\/wp-json\/wp\/v2\/posts\/22567","targetHints":{"allow":["GET"]}}],"collection":[{"href":"https:\/\/masquenoticias.mx\/index.php\/wp-json\/wp\/v2\/posts"}],"about":[{"href":"https:\/\/masquenoticias.mx\/index.php\/wp-json\/wp\/v2\/types\/post"}],"author":[{"embeddable":true,"href":"https:\/\/masquenoticias.mx\/index.php\/wp-json\/wp\/v2\/users\/1"}],"replies":[{"embeddable":true,"href":"https:\/\/masquenoticias.mx\/index.php\/wp-json\/wp\/v2\/comments?post=22567"}],"version-history":[{"count":1,"href":"https:\/\/masquenoticias.mx\/index.php\/wp-json\/wp\/v2\/posts\/22567\/revisions"}],"predecessor-version":[{"id":22569,"href":"https:\/\/masquenoticias.mx\/index.php\/wp-json\/wp\/v2\/posts\/22567\/revisions\/22569"}],"wp:featuredmedia":[{"embeddable":true,"href":"https:\/\/masquenoticias.mx\/index.php\/wp-json\/wp\/v2\/media\/22568"}],"wp:attachment":[{"href":"https:\/\/masquenoticias.mx\/index.php\/wp-json\/wp\/v2\/media?parent=22567"}],"wp:term":[{"taxonomy":"category","embeddable":true,"href":"https:\/\/masquenoticias.mx\/index.php\/wp-json\/wp\/v2\/categories?post=22567"},{"taxonomy":"post_tag","embeddable":true,"href":"https:\/\/masquenoticias.mx\/index.php\/wp-json\/wp\/v2\/tags?post=22567"}],"curies":[{"name":"wp","href":"https:\/\/api.w.org\/{rel}","templated":true}]}}