{"id":22558,"date":"2026-04-27T12:35:40","date_gmt":"2026-04-27T18:35:40","guid":{"rendered":"https:\/\/masquenoticias.mx\/?p=22558"},"modified":"2026-04-27T12:35:40","modified_gmt":"2026-04-27T18:35:40","slug":"subsemov-colima-anuncia-programa-de-regularizacion-para-transporte-por-plataformas","status":"publish","type":"post","link":"https:\/\/masquenoticias.mx\/index.php\/2026\/04\/27\/subsemov-colima-anuncia-programa-de-regularizacion-para-transporte-por-plataformas\/","title":{"rendered":"Subsemov Colima anuncia Programa de Regularizaci\u00f3n para Transporte por Plataformas"},"content":{"rendered":"<p>Con el objetivo de garantizar la seguridad de las personas usuarias de transporte por aplicaci\u00f3n, la subsecretaria de Movilidad (Subsemov) del Gobierno del Estado de Colima, Blanca Ciria Ballesteros Uribe, dio a conocer en conferencia de prensa el proceso de regularizaci\u00f3n para el transporte privado por arrendamiento a trav\u00e9s de plataformas tecnol\u00f3gicas.<\/p>\n<p>La funcionaria estatal destac\u00f3 que este esquema busca identificar y formalizar a los veh\u00edculos que operan bajo aplicaciones digitales, asegurando que cumplan con los est\u00e1ndares de calidad y seguridad que marca la Ley de Movilidad del Estado de Colima; enfatiz\u00f3 que no todos los veh\u00edculos son aptos para este servicio y record\u00f3 que existen l\u00edmites de antig\u00fcedad seg\u00fan el tipo de motor.<\/p>\n<p>El tr\u00e1mite debe ser realizado por el propietario del veh\u00edculo, no por el chofer, y el permiso ampara la operaci\u00f3n en una o varias plataformas. El costo se mantiene en treinta UMA\u2019s (Unidades de Medida y Actualizaci\u00f3n) -aproximadamente 3 mil 519 pesos- y se debe cumplir con la entrega de documentos por veh\u00edculos. El periodo de regularizaci\u00f3n voluntaria concluye el 31 de mayo.<\/p>\n<p>Blanca Ballesteros record\u00f3 a la poblaci\u00f3n colimense que el registro puede realizarse de manera presencial en las oficinas de la Subsecretar\u00eda de Movilidad (9:00 de la ma\u00f1ana a 2:00 de la tarde) o a trav\u00e9s del portal oficial de la dependencia, en el apartado de tr\u00e1mites en l\u00ednea.<\/p>\n","protected":false},"excerpt":{"rendered":"<p>Con el objetivo de garantizar la seguridad de las personas usuarias de transporte por aplicaci\u00f3n, la subsecretaria de Movilidad (Subsemov) del Gobierno del Estado de Colima, Blanca Ciria Ballesteros Uribe, dio a conocer en conferencia de prensa el proceso de regularizaci\u00f3n para el transporte privado por arrendamiento a trav\u00e9s de plataformas tecnol\u00f3gicas. La funcionaria estatal [&hellip;]<\/p>\n","protected":false},"author":1,"featured_media":22559,"comment_status":"open","ping_status":"open","sticky":false,"template":"","format":"standard","meta":{"_jetpack_memberships_contains_paid_content":false,"footnotes":""},"categories":[24],"tags":[191],"class_list":["post-22558","post","type-post","status-publish","format-standard","has-post-thumbnail","hentry","category-estado","tag-subsemov"],"yoast_head":"<!-- This site is optimized with the Yoast SEO plugin v26.6 - https:\/\/yoast.com\/wordpress\/plugins\/seo\/ -->\n<title>Subsemov Colima anuncia Programa de Regularizaci\u00f3n para Transporte por Plataformas - M\u00e1s Que Noticias<\/title>\n<meta name=\"robots\" content=\"index, follow, max-snippet:-1, max-image-preview:large, max-video-preview:-1\" \/>\n<link rel=\"canonical\" href=\"https:\/\/masquenoticias.mx\/index.php\/2026\/04\/27\/subsemov-colima-anuncia-programa-de-regularizacion-para-transporte-por-plataformas\/\" \/>\n<meta property=\"og:locale\" content=\"es_MX\" \/>\n<meta property=\"og:type\" content=\"article\" \/>\n<meta property=\"og:title\" content=\"Subsemov Colima anuncia Programa de Regularizaci\u00f3n para Transporte por Plataformas - M\u00e1s Que Noticias\" \/>\n<meta property=\"og:description\" content=\"Con el objetivo de garantizar la seguridad de las personas usuarias de transporte por aplicaci\u00f3n, la subsecretaria de Movilidad (Subsemov) del Gobierno del Estado de Colima, Blanca Ciria Ballesteros Uribe, dio a conocer en conferencia de prensa el proceso de regularizaci\u00f3n para el transporte privado por arrendamiento a trav\u00e9s de plataformas tecnol\u00f3gicas. La funcionaria estatal [&hellip;]\" \/>\n<meta property=\"og:url\" content=\"https:\/\/masquenoticias.mx\/index.php\/2026\/04\/27\/subsemov-colima-anuncia-programa-de-regularizacion-para-transporte-por-plataformas\/\" \/>\n<meta property=\"og:site_name\" content=\"M\u00e1s Que Noticias\" \/>\n<meta property=\"article:publisher\" content=\"https:\/\/www.facebook.com\/masquenoticiascolima\" \/>\n<meta property=\"article:published_time\" content=\"2026-04-27T18:35:40+00:00\" \/>\n<meta property=\"og:image\" content=\"https:\/\/masquenoticias.mx\/wp-content\/uploads\/2026\/04\/WhatsApp-Image-2026-04-27-at-12.18.07-PM-1.jpeg\" \/>\n\t<meta property=\"og:image:width\" content=\"1600\" \/>\n\t<meta property=\"og:image:height\" content=\"1066\" \/>\n\t<meta property=\"og:image:type\" content=\"image\/jpeg\" \/>\n<meta name=\"author\" content=\"Redacci\u00f3n\" \/>\n<meta name=\"twitter:card\" content=\"summary_large_image\" \/>\n<meta name=\"twitter:creator\" content=\"@edgartove\" \/>\n<meta name=\"twitter:site\" content=\"@edgartove\" \/>\n<meta name=\"twitter:label1\" content=\"Escrito por\" \/>\n\t<meta name=\"twitter:data1\" content=\"Redacci\u00f3n\" \/>\n\t<meta name=\"twitter:label2\" content=\"Tiempo de lectura\" \/>\n\t<meta name=\"twitter:data2\" content=\"2 minutos\" \/>\n<script type=\"application\/ld+json\" class=\"yoast-schema-graph\">{\"@context\":\"https:\/\/schema.org\",\"@graph\":[{\"@type\":\"Article\",\"@id\":\"https:\/\/masquenoticias.mx\/index.php\/2026\/04\/27\/subsemov-colima-anuncia-programa-de-regularizacion-para-transporte-por-plataformas\/#article\",\"isPartOf\":{\"@id\":\"https:\/\/masquenoticias.mx\/index.php\/2026\/04\/27\/subsemov-colima-anuncia-programa-de-regularizacion-para-transporte-por-plataformas\/\"},\"author\":{\"name\":\"Redacci\u00f3n\",\"@id\":\"https:\/\/masquenoticias.mx\/#\/schema\/person\/544d19989ef23d34615f691f7a96e622\"},\"headline\":\"Subsemov Colima anuncia Programa de Regularizaci\u00f3n para Transporte por Plataformas\",\"datePublished\":\"2026-04-27T18:35:40+00:00\",\"mainEntityOfPage\":{\"@id\":\"https:\/\/masquenoticias.mx\/index.php\/2026\/04\/27\/subsemov-colima-anuncia-programa-de-regularizacion-para-transporte-por-plataformas\/\"},\"wordCount\":254,\"commentCount\":0,\"publisher\":{\"@id\":\"https:\/\/masquenoticias.mx\/#organization\"},\"image\":{\"@id\":\"https:\/\/masquenoticias.mx\/index.php\/2026\/04\/27\/subsemov-colima-anuncia-programa-de-regularizacion-para-transporte-por-plataformas\/#primaryimage\"},\"thumbnailUrl\":\"https:\/\/i0.wp.com\/masquenoticias.mx\/wp-content\/uploads\/2026\/04\/WhatsApp-Image-2026-04-27-at-12.18.07-PM-1.jpeg?fit=1600%2C1066&ssl=1\",\"keywords\":[\"Subsemov\"],\"articleSection\":[\"Estado\"],\"inLanguage\":\"es\",\"potentialAction\":[{\"@type\":\"CommentAction\",\"name\":\"Comment\",\"target\":[\"https:\/\/masquenoticias.mx\/index.php\/2026\/04\/27\/subsemov-colima-anuncia-programa-de-regularizacion-para-transporte-por-plataformas\/#respond\"]}]},{\"@type\":\"WebPage\",\"@id\":\"https:\/\/masquenoticias.mx\/index.php\/2026\/04\/27\/subsemov-colima-anuncia-programa-de-regularizacion-para-transporte-por-plataformas\/\",\"url\":\"https:\/\/masquenoticias.mx\/index.php\/2026\/04\/27\/subsemov-colima-anuncia-programa-de-regularizacion-para-transporte-por-plataformas\/\",\"name\":\"Subsemov Colima anuncia Programa de Regularizaci\u00f3n para Transporte por Plataformas - M\u00e1s Que Noticias\",\"isPartOf\":{\"@id\":\"https:\/\/masquenoticias.mx\/#website\"},\"primaryImageOfPage\":{\"@id\":\"https:\/\/masquenoticias.mx\/index.php\/2026\/04\/27\/subsemov-colima-anuncia-programa-de-regularizacion-para-transporte-por-plataformas\/#primaryimage\"},\"image\":{\"@id\":\"https:\/\/masquenoticias.mx\/index.php\/2026\/04\/27\/subsemov-colima-anuncia-programa-de-regularizacion-para-transporte-por-plataformas\/#primaryimage\"},\"thumbnailUrl\":\"https:\/\/i0.wp.com\/masquenoticias.mx\/wp-content\/uploads\/2026\/04\/WhatsApp-Image-2026-04-27-at-12.18.07-PM-1.jpeg?fit=1600%2C1066&ssl=1\",\"datePublished\":\"2026-04-27T18:35:40+00:00\",\"breadcrumb\":{\"@id\":\"https:\/\/masquenoticias.mx\/index.php\/2026\/04\/27\/subsemov-colima-anuncia-programa-de-regularizacion-para-transporte-por-plataformas\/#breadcrumb\"},\"inLanguage\":\"es\",\"potentialAction\":[{\"@type\":\"ReadAction\",\"target\":[\"https:\/\/masquenoticias.mx\/index.php\/2026\/04\/27\/subsemov-colima-anuncia-programa-de-regularizacion-para-transporte-por-plataformas\/\"]}]},{\"@type\":\"ImageObject\",\"inLanguage\":\"es\",\"@id\":\"https:\/\/masquenoticias.mx\/index.php\/2026\/04\/27\/subsemov-colima-anuncia-programa-de-regularizacion-para-transporte-por-plataformas\/#primaryimage\",\"url\":\"https:\/\/i0.wp.com\/masquenoticias.mx\/wp-content\/uploads\/2026\/04\/WhatsApp-Image-2026-04-27-at-12.18.07-PM-1.jpeg?fit=1600%2C1066&ssl=1\",\"contentUrl\":\"https:\/\/i0.wp.com\/masquenoticias.mx\/wp-content\/uploads\/2026\/04\/WhatsApp-Image-2026-04-27-at-12.18.07-PM-1.jpeg?fit=1600%2C1066&ssl=1\",\"width\":1600,\"height\":1066},{\"@type\":\"BreadcrumbList\",\"@id\":\"https:\/\/masquenoticias.mx\/index.php\/2026\/04\/27\/subsemov-colima-anuncia-programa-de-regularizacion-para-transporte-por-plataformas\/#breadcrumb\",\"itemListElement\":[{\"@type\":\"ListItem\",\"position\":1,\"name\":\"Inicio\",\"item\":\"https:\/\/masquenoticias.mx\/\"},{\"@type\":\"ListItem\",\"position\":2,\"name\":\"Subsemov Colima anuncia Programa de Regularizaci\u00f3n para Transporte por Plataformas\"}]},{\"@type\":\"WebSite\",\"@id\":\"https:\/\/masquenoticias.mx\/#website\",\"url\":\"https:\/\/masquenoticias.mx\/\",\"name\":\"M\u00e1s Que Noticias\",\"description\":\"Noticias de Colima, M\u00e9xico y el Mundo\",\"publisher\":{\"@id\":\"https:\/\/masquenoticias.mx\/#organization\"},\"potentialAction\":[{\"@type\":\"SearchAction\",\"target\":{\"@type\":\"EntryPoint\",\"urlTemplate\":\"https:\/\/masquenoticias.mx\/?s={search_term_string}\"},\"query-input\":{\"@type\":\"PropertyValueSpecification\",\"valueRequired\":true,\"valueName\":\"search_term_string\"}}],\"inLanguage\":\"es\"},{\"@type\":\"Organization\",\"@id\":\"https:\/\/masquenoticias.mx\/#organization\",\"name\":\"M\u00e1s Que Noticias\",\"url\":\"https:\/\/masquenoticias.mx\/\",\"logo\":{\"@type\":\"ImageObject\",\"inLanguage\":\"es\",\"@id\":\"https:\/\/masquenoticias.mx\/#\/schema\/logo\/image\/\",\"url\":\"https:\/\/i0.wp.com\/masquenoticias.mx\/wp-content\/uploads\/2024\/04\/IMG_0004.png?fit=2560%2C1656&ssl=1\",\"contentUrl\":\"https:\/\/i0.wp.com\/masquenoticias.mx\/wp-content\/uploads\/2024\/04\/IMG_0004.png?fit=2560%2C1656&ssl=1\",\"width\":2560,\"height\":1656,\"caption\":\"M\u00e1s Que Noticias\"},\"image\":{\"@id\":\"https:\/\/masquenoticias.mx\/#\/schema\/logo\/image\/\"},\"sameAs\":[\"https:\/\/www.facebook.com\/masquenoticiascolima\",\"https:\/\/x.com\/edgartove\",\"https:\/\/www.instagram.com\/masquenoticiascolima\/\"]},{\"@type\":\"Person\",\"@id\":\"https:\/\/masquenoticias.mx\/#\/schema\/person\/544d19989ef23d34615f691f7a96e622\",\"name\":\"Redacci\u00f3n\",\"image\":{\"@type\":\"ImageObject\",\"inLanguage\":\"es\",\"@id\":\"https:\/\/masquenoticias.mx\/#\/schema\/person\/image\/\",\"url\":\"https:\/\/secure.gravatar.com\/avatar\/7fcc926d5b058d3f3d52d95b4d05dd58?s=96&d=mm&r=g\",\"contentUrl\":\"https:\/\/secure.gravatar.com\/avatar\/7fcc926d5b058d3f3d52d95b4d05dd58?s=96&d=mm&r=g\",\"caption\":\"Redacci\u00f3n\"},\"sameAs\":[\"http:\/\/masquenoticias.mx\"],\"url\":\"https:\/\/masquenoticias.mx\/index.php\/author\/edgartovegmail-com\/\"}]}<\/script>\n<!-- \/ Yoast SEO plugin. -->","yoast_head_json":{"title":"Subsemov Colima anuncia Programa de Regularizaci\u00f3n para Transporte por Plataformas - M\u00e1s Que Noticias","robots":{"index":"index","follow":"follow","max-snippet":"max-snippet:-1","max-image-preview":"max-image-preview:large","max-video-preview":"max-video-preview:-1"},"canonical":"https:\/\/masquenoticias.mx\/index.php\/2026\/04\/27\/subsemov-colima-anuncia-programa-de-regularizacion-para-transporte-por-plataformas\/","og_locale":"es_MX","og_type":"article","og_title":"Subsemov Colima anuncia Programa de Regularizaci\u00f3n para Transporte por Plataformas - M\u00e1s Que Noticias","og_description":"Con el objetivo de garantizar la seguridad de las personas usuarias de transporte por aplicaci\u00f3n, la subsecretaria de Movilidad (Subsemov) del Gobierno del Estado de Colima, Blanca Ciria Ballesteros Uribe, dio a conocer en conferencia de prensa el proceso de regularizaci\u00f3n para el transporte privado por arrendamiento a trav\u00e9s de plataformas tecnol\u00f3gicas. La funcionaria estatal [&hellip;]","og_url":"https:\/\/masquenoticias.mx\/index.php\/2026\/04\/27\/subsemov-colima-anuncia-programa-de-regularizacion-para-transporte-por-plataformas\/","og_site_name":"M\u00e1s Que Noticias","article_publisher":"https:\/\/www.facebook.com\/masquenoticiascolima","article_published_time":"2026-04-27T18:35:40+00:00","og_image":[{"width":1600,"height":1066,"url":"https:\/\/masquenoticias.mx\/wp-content\/uploads\/2026\/04\/WhatsApp-Image-2026-04-27-at-12.18.07-PM-1.jpeg","type":"image\/jpeg"}],"author":"Redacci\u00f3n","twitter_card":"summary_large_image","twitter_creator":"@edgartove","twitter_site":"@edgartove","twitter_misc":{"Escrito por":"Redacci\u00f3n","Tiempo de lectura":"2 minutos"},"schema":{"@context":"https:\/\/schema.org","@graph":[{"@type":"Article","@id":"https:\/\/masquenoticias.mx\/index.php\/2026\/04\/27\/subsemov-colima-anuncia-programa-de-regularizacion-para-transporte-por-plataformas\/#article","isPartOf":{"@id":"https:\/\/masquenoticias.mx\/index.php\/2026\/04\/27\/subsemov-colima-anuncia-programa-de-regularizacion-para-transporte-por-plataformas\/"},"author":{"name":"Redacci\u00f3n","@id":"https:\/\/masquenoticias.mx\/#\/schema\/person\/544d19989ef23d34615f691f7a96e622"},"headline":"Subsemov Colima anuncia Programa de Regularizaci\u00f3n para Transporte por Plataformas","datePublished":"2026-04-27T18:35:40+00:00","mainEntityOfPage":{"@id":"https:\/\/masquenoticias.mx\/index.php\/2026\/04\/27\/subsemov-colima-anuncia-programa-de-regularizacion-para-transporte-por-plataformas\/"},"wordCount":254,"commentCount":0,"publisher":{"@id":"https:\/\/masquenoticias.mx\/#organization"},"image":{"@id":"https:\/\/masquenoticias.mx\/index.php\/2026\/04\/27\/subsemov-colima-anuncia-programa-de-regularizacion-para-transporte-por-plataformas\/#primaryimage"},"thumbnailUrl":"https:\/\/i0.wp.com\/masquenoticias.mx\/wp-content\/uploads\/2026\/04\/WhatsApp-Image-2026-04-27-at-12.18.07-PM-1.jpeg?fit=1600%2C1066&ssl=1","keywords":["Subsemov"],"articleSection":["Estado"],"inLanguage":"es","potentialAction":[{"@type":"CommentAction","name":"Comment","target":["https:\/\/masquenoticias.mx\/index.php\/2026\/04\/27\/subsemov-colima-anuncia-programa-de-regularizacion-para-transporte-por-plataformas\/#respond"]}]},{"@type":"WebPage","@id":"https:\/\/masquenoticias.mx\/index.php\/2026\/04\/27\/subsemov-colima-anuncia-programa-de-regularizacion-para-transporte-por-plataformas\/","url":"https:\/\/masquenoticias.mx\/index.php\/2026\/04\/27\/subsemov-colima-anuncia-programa-de-regularizacion-para-transporte-por-plataformas\/","name":"Subsemov Colima anuncia Programa de Regularizaci\u00f3n para Transporte por Plataformas - M\u00e1s Que Noticias","isPartOf":{"@id":"https:\/\/masquenoticias.mx\/#website"},"primaryImageOfPage":{"@id":"https:\/\/masquenoticias.mx\/index.php\/2026\/04\/27\/subsemov-colima-anuncia-programa-de-regularizacion-para-transporte-por-plataformas\/#primaryimage"},"image":{"@id":"https:\/\/masquenoticias.mx\/index.php\/2026\/04\/27\/subsemov-colima-anuncia-programa-de-regularizacion-para-transporte-por-plataformas\/#primaryimage"},"thumbnailUrl":"https:\/\/i0.wp.com\/masquenoticias.mx\/wp-content\/uploads\/2026\/04\/WhatsApp-Image-2026-04-27-at-12.18.07-PM-1.jpeg?fit=1600%2C1066&ssl=1","datePublished":"2026-04-27T18:35:40+00:00","breadcrumb":{"@id":"https:\/\/masquenoticias.mx\/index.php\/2026\/04\/27\/subsemov-colima-anuncia-programa-de-regularizacion-para-transporte-por-plataformas\/#breadcrumb"},"inLanguage":"es","potentialAction":[{"@type":"ReadAction","target":["https:\/\/masquenoticias.mx\/index.php\/2026\/04\/27\/subsemov-colima-anuncia-programa-de-regularizacion-para-transporte-por-plataformas\/"]}]},{"@type":"ImageObject","inLanguage":"es","@id":"https:\/\/masquenoticias.mx\/index.php\/2026\/04\/27\/subsemov-colima-anuncia-programa-de-regularizacion-para-transporte-por-plataformas\/#primaryimage","url":"https:\/\/i0.wp.com\/masquenoticias.mx\/wp-content\/uploads\/2026\/04\/WhatsApp-Image-2026-04-27-at-12.18.07-PM-1.jpeg?fit=1600%2C1066&ssl=1","contentUrl":"https:\/\/i0.wp.com\/masquenoticias.mx\/wp-content\/uploads\/2026\/04\/WhatsApp-Image-2026-04-27-at-12.18.07-PM-1.jpeg?fit=1600%2C1066&ssl=1","width":1600,"height":1066},{"@type":"BreadcrumbList","@id":"https:\/\/masquenoticias.mx\/index.php\/2026\/04\/27\/subsemov-colima-anuncia-programa-de-regularizacion-para-transporte-por-plataformas\/#breadcrumb","itemListElement":[{"@type":"ListItem","position":1,"name":"Inicio","item":"https:\/\/masquenoticias.mx\/"},{"@type":"ListItem","position":2,"name":"Subsemov Colima anuncia Programa de Regularizaci\u00f3n para Transporte por Plataformas"}]},{"@type":"WebSite","@id":"https:\/\/masquenoticias.mx\/#website","url":"https:\/\/masquenoticias.mx\/","name":"M\u00e1s Que Noticias","description":"Noticias de Colima, M\u00e9xico y el Mundo","publisher":{"@id":"https:\/\/masquenoticias.mx\/#organization"},"potentialAction":[{"@type":"SearchAction","target":{"@type":"EntryPoint","urlTemplate":"https:\/\/masquenoticias.mx\/?s={search_term_string}"},"query-input":{"@type":"PropertyValueSpecification","valueRequired":true,"valueName":"search_term_string"}}],"inLanguage":"es"},{"@type":"Organization","@id":"https:\/\/masquenoticias.mx\/#organization","name":"M\u00e1s Que Noticias","url":"https:\/\/masquenoticias.mx\/","logo":{"@type":"ImageObject","inLanguage":"es","@id":"https:\/\/masquenoticias.mx\/#\/schema\/logo\/image\/","url":"https:\/\/i0.wp.com\/masquenoticias.mx\/wp-content\/uploads\/2024\/04\/IMG_0004.png?fit=2560%2C1656&ssl=1","contentUrl":"https:\/\/i0.wp.com\/masquenoticias.mx\/wp-content\/uploads\/2024\/04\/IMG_0004.png?fit=2560%2C1656&ssl=1","width":2560,"height":1656,"caption":"M\u00e1s Que Noticias"},"image":{"@id":"https:\/\/masquenoticias.mx\/#\/schema\/logo\/image\/"},"sameAs":["https:\/\/www.facebook.com\/masquenoticiascolima","https:\/\/x.com\/edgartove","https:\/\/www.instagram.com\/masquenoticiascolima\/"]},{"@type":"Person","@id":"https:\/\/masquenoticias.mx\/#\/schema\/person\/544d19989ef23d34615f691f7a96e622","name":"Redacci\u00f3n","image":{"@type":"ImageObject","inLanguage":"es","@id":"https:\/\/masquenoticias.mx\/#\/schema\/person\/image\/","url":"https:\/\/secure.gravatar.com\/avatar\/7fcc926d5b058d3f3d52d95b4d05dd58?s=96&d=mm&r=g","contentUrl":"https:\/\/secure.gravatar.com\/avatar\/7fcc926d5b058d3f3d52d95b4d05dd58?s=96&d=mm&r=g","caption":"Redacci\u00f3n"},"sameAs":["http:\/\/masquenoticias.mx"],"url":"https:\/\/masquenoticias.mx\/index.php\/author\/edgartovegmail-com\/"}]}},"jetpack_featured_media_url":"https:\/\/i0.wp.com\/masquenoticias.mx\/wp-content\/uploads\/2026\/04\/WhatsApp-Image-2026-04-27-at-12.18.07-PM-1.jpeg?fit=1600%2C1066&ssl=1","blog_post_layout_featured_media_urls":{"thumbnail":["https:\/\/i0.wp.com\/masquenoticias.mx\/wp-content\/uploads\/2026\/04\/WhatsApp-Image-2026-04-27-at-12.18.07-PM-1.jpeg?resize=150%2C150&ssl=1",150,150,true],"full":["https:\/\/i0.wp.com\/masquenoticias.mx\/wp-content\/uploads\/2026\/04\/WhatsApp-Image-2026-04-27-at-12.18.07-PM-1.jpeg?fit=1600%2C1066&ssl=1",1600,1066,false]},"categories_names":{"24":{"name":"Estado","link":"https:\/\/masquenoticias.mx\/index.php\/category\/estado\/"}},"tags_names":{"191":{"name":"Subsemov","link":"https:\/\/masquenoticias.mx\/index.php\/tag\/subsemov\/"}},"comments_number":"0","wpmagazine_modules_lite_featured_media_urls":{"thumbnail":["https:\/\/i0.wp.com\/masquenoticias.mx\/wp-content\/uploads\/2026\/04\/WhatsApp-Image-2026-04-27-at-12.18.07-PM-1.jpeg?resize=150%2C150&ssl=1",150,150,true],"cvmm-medium":["https:\/\/i0.wp.com\/masquenoticias.mx\/wp-content\/uploads\/2026\/04\/WhatsApp-Image-2026-04-27-at-12.18.07-PM-1.jpeg?resize=300%2C300&ssl=1",300,300,true],"cvmm-medium-plus":["https:\/\/i0.wp.com\/masquenoticias.mx\/wp-content\/uploads\/2026\/04\/WhatsApp-Image-2026-04-27-at-12.18.07-PM-1.jpeg?resize=305%2C207&ssl=1",305,207,true],"cvmm-portrait":["https:\/\/i0.wp.com\/masquenoticias.mx\/wp-content\/uploads\/2026\/04\/WhatsApp-Image-2026-04-27-at-12.18.07-PM-1.jpeg?resize=400%2C600&ssl=1",400,600,true],"cvmm-medium-square":["https:\/\/i0.wp.com\/masquenoticias.mx\/wp-content\/uploads\/2026\/04\/WhatsApp-Image-2026-04-27-at-12.18.07-PM-1.jpeg?resize=600%2C600&ssl=1",600,600,true],"cvmm-large":["https:\/\/i0.wp.com\/masquenoticias.mx\/wp-content\/uploads\/2026\/04\/WhatsApp-Image-2026-04-27-at-12.18.07-PM-1.jpeg?resize=1024%2C1024&ssl=1",1024,1024,true],"cvmm-small":["https:\/\/i0.wp.com\/masquenoticias.mx\/wp-content\/uploads\/2026\/04\/WhatsApp-Image-2026-04-27-at-12.18.07-PM-1.jpeg?resize=130%2C95&ssl=1",130,95,true],"full":["https:\/\/i0.wp.com\/masquenoticias.mx\/wp-content\/uploads\/2026\/04\/WhatsApp-Image-2026-04-27-at-12.18.07-PM-1.jpeg?fit=1600%2C1066&ssl=1",1600,1066,false]},"jetpack-related-posts":[],"jetpack_sharing_enabled":true,"jetpack_likes_enabled":true,"jetpack_shortlink":"https:\/\/wp.me\/pf7pkt-5RQ","_links":{"self":[{"href":"https:\/\/masquenoticias.mx\/index.php\/wp-json\/wp\/v2\/posts\/22558","targetHints":{"allow":["GET"]}}],"collection":[{"href":"https:\/\/masquenoticias.mx\/index.php\/wp-json\/wp\/v2\/posts"}],"about":[{"href":"https:\/\/masquenoticias.mx\/index.php\/wp-json\/wp\/v2\/types\/post"}],"author":[{"embeddable":true,"href":"https:\/\/masquenoticias.mx\/index.php\/wp-json\/wp\/v2\/users\/1"}],"replies":[{"embeddable":true,"href":"https:\/\/masquenoticias.mx\/index.php\/wp-json\/wp\/v2\/comments?post=22558"}],"version-history":[{"count":1,"href":"https:\/\/masquenoticias.mx\/index.php\/wp-json\/wp\/v2\/posts\/22558\/revisions"}],"predecessor-version":[{"id":22560,"href":"https:\/\/masquenoticias.mx\/index.php\/wp-json\/wp\/v2\/posts\/22558\/revisions\/22560"}],"wp:featuredmedia":[{"embeddable":true,"href":"https:\/\/masquenoticias.mx\/index.php\/wp-json\/wp\/v2\/media\/22559"}],"wp:attachment":[{"href":"https:\/\/masquenoticias.mx\/index.php\/wp-json\/wp\/v2\/media?parent=22558"}],"wp:term":[{"taxonomy":"category","embeddable":true,"href":"https:\/\/masquenoticias.mx\/index.php\/wp-json\/wp\/v2\/categories?post=22558"},{"taxonomy":"post_tag","embeddable":true,"href":"https:\/\/masquenoticias.mx\/index.php\/wp-json\/wp\/v2\/tags?post=22558"}],"curies":[{"name":"wp","href":"https:\/\/api.w.org\/{rel}","templated":true}]}}