{"id":22552,"date":"2026-04-27T12:30:48","date_gmt":"2026-04-27T18:30:48","guid":{"rendered":"https:\/\/masquenoticias.mx\/?p=22552"},"modified":"2026-04-27T12:30:48","modified_gmt":"2026-04-27T18:30:48","slug":"secretaria-de-salud-refuerza-acciones-sanitarias-en-colima-por-el-mundial-de-futbol-2026","status":"publish","type":"post","link":"https:\/\/masquenoticias.mx\/index.php\/2026\/04\/27\/secretaria-de-salud-refuerza-acciones-sanitarias-en-colima-por-el-mundial-de-futbol-2026\/","title":{"rendered":"Secretar\u00eda de Salud refuerza acciones sanitarias en Colima por el Mundial de Futbol 2026"},"content":{"rendered":"<p>La Secretar\u00eda de Salud del Gobierno del Estado de Colima, a trav\u00e9s de la Comisi\u00f3n Estatal para la Protecci\u00f3n contra Riesgos Sanitarios (Coespris), en coordinaci\u00f3n con la C\u00e1mara Nacional de la Industria Restaurantera y Alimentos Condimentados (Canirac), estableci\u00f3 un protocolo integral de acciones para garantizar la protecci\u00f3n contra riesgos sanitarios durante la Copa Mundial de Futbol 2026. Aunque la entidad no es sede, por su cercan\u00eda con Guadalajara se suma a esta estrategia para asegurar condiciones seguras en espacios tur\u00edsticos, establecimientos de alimentos y puntos de concentraci\u00f3n masiva.<\/p>\n<p>En reuni\u00f3n de trabajo con las y los subcomisionados de la Coespris y personal operativo, en la que particip\u00f3 el presidente de Canirac Colima, Rodrigo Ram\u00edrez Vargas, junto con el comit\u00e9 directivo de esta c\u00e1mara empresarial, se acord\u00f3 compartir el padr\u00f3n de establecimientos afiliados para fortalecer la vigilancia sanitaria y la coordinaci\u00f3n institucional.<\/p>\n<p>Entre las acciones definidas por Coespris destacan la impartici\u00f3n de cursos de capacitaci\u00f3n, incluidos esquemas masivos, dirigidos a responsables de restaurantes y negocios de alimentos, la difusi\u00f3n oportuna de festivales y actividades de concentraci\u00f3n masiva para reforzar medidas de fomento sanitario y la retroalimentaci\u00f3n sobre niveles de cloro residual en agua, a fin de garantizar est\u00e1ndares de calidad.<\/p>\n<p>El protocolo contempla acciones de control, vigilancia y atenci\u00f3n m\u00e9dica en los diez municipios del estado, con \u00e9nfasis en zonas tur\u00edsticas de Colima, Comala, Manzanillo, Tecom\u00e1n y Armer\u00eda, incluyendo vigilancia en aeropuertos, centrales camioneras, muelles tur\u00edsticos y terminales; verificaciones en restaurantes y purificadoras; as\u00ed como monitoreo digital y capacitaci\u00f3n del personal, reafirmando el compromiso de la administraci\u00f3n de la gobernadora Indira Vizca\u00edno con la protecci\u00f3n de la salud p\u00fablica. #Operaci\u00f3nSaludColima<\/p>\n","protected":false},"excerpt":{"rendered":"<p>La Secretar\u00eda de Salud del Gobierno del Estado de Colima, a trav\u00e9s de la Comisi\u00f3n Estatal para la Protecci\u00f3n contra Riesgos Sanitarios (Coespris), en coordinaci\u00f3n con la C\u00e1mara Nacional de la Industria Restaurantera y Alimentos Condimentados (Canirac), estableci\u00f3 un protocolo integral de acciones para garantizar la protecci\u00f3n contra riesgos sanitarios durante la Copa Mundial de [&hellip;]<\/p>\n","protected":false},"author":1,"featured_media":22553,"comment_status":"open","ping_status":"open","sticky":false,"template":"","format":"standard","meta":{"_jetpack_memberships_contains_paid_content":false,"footnotes":""},"categories":[24],"tags":[63],"class_list":["post-22552","post","type-post","status-publish","format-standard","has-post-thumbnail","hentry","category-estado","tag-salud"],"yoast_head":"<!-- This site is optimized with the Yoast SEO plugin v26.6 - https:\/\/yoast.com\/wordpress\/plugins\/seo\/ -->\n<title>Secretar\u00eda de Salud refuerza acciones sanitarias en Colima por el Mundial de Futbol 2026 - M\u00e1s Que Noticias<\/title>\n<meta name=\"robots\" content=\"index, follow, max-snippet:-1, max-image-preview:large, max-video-preview:-1\" \/>\n<link rel=\"canonical\" href=\"https:\/\/masquenoticias.mx\/index.php\/2026\/04\/27\/secretaria-de-salud-refuerza-acciones-sanitarias-en-colima-por-el-mundial-de-futbol-2026\/\" \/>\n<meta property=\"og:locale\" content=\"es_MX\" \/>\n<meta property=\"og:type\" content=\"article\" \/>\n<meta property=\"og:title\" content=\"Secretar\u00eda de Salud refuerza acciones sanitarias en Colima por el Mundial de Futbol 2026 - M\u00e1s Que Noticias\" \/>\n<meta property=\"og:description\" content=\"La Secretar\u00eda de Salud del Gobierno del Estado de Colima, a trav\u00e9s de la Comisi\u00f3n Estatal para la Protecci\u00f3n contra Riesgos Sanitarios (Coespris), en coordinaci\u00f3n con la C\u00e1mara Nacional de la Industria Restaurantera y Alimentos Condimentados (Canirac), estableci\u00f3 un protocolo integral de acciones para garantizar la protecci\u00f3n contra riesgos sanitarios durante la Copa Mundial de [&hellip;]\" \/>\n<meta property=\"og:url\" content=\"https:\/\/masquenoticias.mx\/index.php\/2026\/04\/27\/secretaria-de-salud-refuerza-acciones-sanitarias-en-colima-por-el-mundial-de-futbol-2026\/\" \/>\n<meta property=\"og:site_name\" content=\"M\u00e1s Que Noticias\" \/>\n<meta property=\"article:publisher\" content=\"https:\/\/www.facebook.com\/masquenoticiascolima\" \/>\n<meta property=\"article:published_time\" content=\"2026-04-27T18:30:48+00:00\" \/>\n<meta property=\"og:image\" content=\"https:\/\/masquenoticias.mx\/wp-content\/uploads\/2026\/04\/WhatsApp-Image-2026-04-27-at-11.31.12-AM.jpeg\" \/>\n\t<meta property=\"og:image:width\" content=\"1243\" \/>\n\t<meta property=\"og:image:height\" content=\"893\" \/>\n\t<meta property=\"og:image:type\" content=\"image\/jpeg\" \/>\n<meta name=\"author\" content=\"Redacci\u00f3n\" \/>\n<meta name=\"twitter:card\" content=\"summary_large_image\" \/>\n<meta name=\"twitter:creator\" content=\"@edgartove\" \/>\n<meta name=\"twitter:site\" content=\"@edgartove\" \/>\n<meta name=\"twitter:label1\" content=\"Escrito por\" \/>\n\t<meta name=\"twitter:data1\" content=\"Redacci\u00f3n\" \/>\n\t<meta name=\"twitter:label2\" content=\"Tiempo de lectura\" \/>\n\t<meta name=\"twitter:data2\" content=\"2 minutos\" \/>\n<script type=\"application\/ld+json\" class=\"yoast-schema-graph\">{\"@context\":\"https:\/\/schema.org\",\"@graph\":[{\"@type\":\"Article\",\"@id\":\"https:\/\/masquenoticias.mx\/index.php\/2026\/04\/27\/secretaria-de-salud-refuerza-acciones-sanitarias-en-colima-por-el-mundial-de-futbol-2026\/#article\",\"isPartOf\":{\"@id\":\"https:\/\/masquenoticias.mx\/index.php\/2026\/04\/27\/secretaria-de-salud-refuerza-acciones-sanitarias-en-colima-por-el-mundial-de-futbol-2026\/\"},\"author\":{\"name\":\"Redacci\u00f3n\",\"@id\":\"https:\/\/masquenoticias.mx\/#\/schema\/person\/544d19989ef23d34615f691f7a96e622\"},\"headline\":\"Secretar\u00eda de Salud refuerza acciones sanitarias en Colima por el Mundial de Futbol 2026\",\"datePublished\":\"2026-04-27T18:30:48+00:00\",\"mainEntityOfPage\":{\"@id\":\"https:\/\/masquenoticias.mx\/index.php\/2026\/04\/27\/secretaria-de-salud-refuerza-acciones-sanitarias-en-colima-por-el-mundial-de-futbol-2026\/\"},\"wordCount\":315,\"commentCount\":0,\"publisher\":{\"@id\":\"https:\/\/masquenoticias.mx\/#organization\"},\"image\":{\"@id\":\"https:\/\/masquenoticias.mx\/index.php\/2026\/04\/27\/secretaria-de-salud-refuerza-acciones-sanitarias-en-colima-por-el-mundial-de-futbol-2026\/#primaryimage\"},\"thumbnailUrl\":\"https:\/\/i0.wp.com\/masquenoticias.mx\/wp-content\/uploads\/2026\/04\/WhatsApp-Image-2026-04-27-at-11.31.12-AM.jpeg?fit=1243%2C893&ssl=1\",\"keywords\":[\"Salud\"],\"articleSection\":[\"Estado\"],\"inLanguage\":\"es\",\"potentialAction\":[{\"@type\":\"CommentAction\",\"name\":\"Comment\",\"target\":[\"https:\/\/masquenoticias.mx\/index.php\/2026\/04\/27\/secretaria-de-salud-refuerza-acciones-sanitarias-en-colima-por-el-mundial-de-futbol-2026\/#respond\"]}]},{\"@type\":\"WebPage\",\"@id\":\"https:\/\/masquenoticias.mx\/index.php\/2026\/04\/27\/secretaria-de-salud-refuerza-acciones-sanitarias-en-colima-por-el-mundial-de-futbol-2026\/\",\"url\":\"https:\/\/masquenoticias.mx\/index.php\/2026\/04\/27\/secretaria-de-salud-refuerza-acciones-sanitarias-en-colima-por-el-mundial-de-futbol-2026\/\",\"name\":\"Secretar\u00eda de Salud refuerza acciones sanitarias en Colima por el Mundial de Futbol 2026 - M\u00e1s Que Noticias\",\"isPartOf\":{\"@id\":\"https:\/\/masquenoticias.mx\/#website\"},\"primaryImageOfPage\":{\"@id\":\"https:\/\/masquenoticias.mx\/index.php\/2026\/04\/27\/secretaria-de-salud-refuerza-acciones-sanitarias-en-colima-por-el-mundial-de-futbol-2026\/#primaryimage\"},\"image\":{\"@id\":\"https:\/\/masquenoticias.mx\/index.php\/2026\/04\/27\/secretaria-de-salud-refuerza-acciones-sanitarias-en-colima-por-el-mundial-de-futbol-2026\/#primaryimage\"},\"thumbnailUrl\":\"https:\/\/i0.wp.com\/masquenoticias.mx\/wp-content\/uploads\/2026\/04\/WhatsApp-Image-2026-04-27-at-11.31.12-AM.jpeg?fit=1243%2C893&ssl=1\",\"datePublished\":\"2026-04-27T18:30:48+00:00\",\"breadcrumb\":{\"@id\":\"https:\/\/masquenoticias.mx\/index.php\/2026\/04\/27\/secretaria-de-salud-refuerza-acciones-sanitarias-en-colima-por-el-mundial-de-futbol-2026\/#breadcrumb\"},\"inLanguage\":\"es\",\"potentialAction\":[{\"@type\":\"ReadAction\",\"target\":[\"https:\/\/masquenoticias.mx\/index.php\/2026\/04\/27\/secretaria-de-salud-refuerza-acciones-sanitarias-en-colima-por-el-mundial-de-futbol-2026\/\"]}]},{\"@type\":\"ImageObject\",\"inLanguage\":\"es\",\"@id\":\"https:\/\/masquenoticias.mx\/index.php\/2026\/04\/27\/secretaria-de-salud-refuerza-acciones-sanitarias-en-colima-por-el-mundial-de-futbol-2026\/#primaryimage\",\"url\":\"https:\/\/i0.wp.com\/masquenoticias.mx\/wp-content\/uploads\/2026\/04\/WhatsApp-Image-2026-04-27-at-11.31.12-AM.jpeg?fit=1243%2C893&ssl=1\",\"contentUrl\":\"https:\/\/i0.wp.com\/masquenoticias.mx\/wp-content\/uploads\/2026\/04\/WhatsApp-Image-2026-04-27-at-11.31.12-AM.jpeg?fit=1243%2C893&ssl=1\",\"width\":1243,\"height\":893},{\"@type\":\"BreadcrumbList\",\"@id\":\"https:\/\/masquenoticias.mx\/index.php\/2026\/04\/27\/secretaria-de-salud-refuerza-acciones-sanitarias-en-colima-por-el-mundial-de-futbol-2026\/#breadcrumb\",\"itemListElement\":[{\"@type\":\"ListItem\",\"position\":1,\"name\":\"Inicio\",\"item\":\"https:\/\/masquenoticias.mx\/\"},{\"@type\":\"ListItem\",\"position\":2,\"name\":\"Secretar\u00eda de Salud refuerza acciones sanitarias en Colima por el Mundial de Futbol 2026\"}]},{\"@type\":\"WebSite\",\"@id\":\"https:\/\/masquenoticias.mx\/#website\",\"url\":\"https:\/\/masquenoticias.mx\/\",\"name\":\"M\u00e1s Que Noticias\",\"description\":\"Noticias de Colima, M\u00e9xico y el Mundo\",\"publisher\":{\"@id\":\"https:\/\/masquenoticias.mx\/#organization\"},\"potentialAction\":[{\"@type\":\"SearchAction\",\"target\":{\"@type\":\"EntryPoint\",\"urlTemplate\":\"https:\/\/masquenoticias.mx\/?s={search_term_string}\"},\"query-input\":{\"@type\":\"PropertyValueSpecification\",\"valueRequired\":true,\"valueName\":\"search_term_string\"}}],\"inLanguage\":\"es\"},{\"@type\":\"Organization\",\"@id\":\"https:\/\/masquenoticias.mx\/#organization\",\"name\":\"M\u00e1s Que Noticias\",\"url\":\"https:\/\/masquenoticias.mx\/\",\"logo\":{\"@type\":\"ImageObject\",\"inLanguage\":\"es\",\"@id\":\"https:\/\/masquenoticias.mx\/#\/schema\/logo\/image\/\",\"url\":\"https:\/\/i0.wp.com\/masquenoticias.mx\/wp-content\/uploads\/2024\/04\/IMG_0004.png?fit=2560%2C1656&ssl=1\",\"contentUrl\":\"https:\/\/i0.wp.com\/masquenoticias.mx\/wp-content\/uploads\/2024\/04\/IMG_0004.png?fit=2560%2C1656&ssl=1\",\"width\":2560,\"height\":1656,\"caption\":\"M\u00e1s Que Noticias\"},\"image\":{\"@id\":\"https:\/\/masquenoticias.mx\/#\/schema\/logo\/image\/\"},\"sameAs\":[\"https:\/\/www.facebook.com\/masquenoticiascolima\",\"https:\/\/x.com\/edgartove\",\"https:\/\/www.instagram.com\/masquenoticiascolima\/\"]},{\"@type\":\"Person\",\"@id\":\"https:\/\/masquenoticias.mx\/#\/schema\/person\/544d19989ef23d34615f691f7a96e622\",\"name\":\"Redacci\u00f3n\",\"image\":{\"@type\":\"ImageObject\",\"inLanguage\":\"es\",\"@id\":\"https:\/\/masquenoticias.mx\/#\/schema\/person\/image\/\",\"url\":\"https:\/\/secure.gravatar.com\/avatar\/7fcc926d5b058d3f3d52d95b4d05dd58?s=96&d=mm&r=g\",\"contentUrl\":\"https:\/\/secure.gravatar.com\/avatar\/7fcc926d5b058d3f3d52d95b4d05dd58?s=96&d=mm&r=g\",\"caption\":\"Redacci\u00f3n\"},\"sameAs\":[\"http:\/\/masquenoticias.mx\"],\"url\":\"https:\/\/masquenoticias.mx\/index.php\/author\/edgartovegmail-com\/\"}]}<\/script>\n<!-- \/ Yoast SEO plugin. -->","yoast_head_json":{"title":"Secretar\u00eda de Salud refuerza acciones sanitarias en Colima por el Mundial de Futbol 2026 - M\u00e1s Que Noticias","robots":{"index":"index","follow":"follow","max-snippet":"max-snippet:-1","max-image-preview":"max-image-preview:large","max-video-preview":"max-video-preview:-1"},"canonical":"https:\/\/masquenoticias.mx\/index.php\/2026\/04\/27\/secretaria-de-salud-refuerza-acciones-sanitarias-en-colima-por-el-mundial-de-futbol-2026\/","og_locale":"es_MX","og_type":"article","og_title":"Secretar\u00eda de Salud refuerza acciones sanitarias en Colima por el Mundial de Futbol 2026 - M\u00e1s Que Noticias","og_description":"La Secretar\u00eda de Salud del Gobierno del Estado de Colima, a trav\u00e9s de la Comisi\u00f3n Estatal para la Protecci\u00f3n contra Riesgos Sanitarios (Coespris), en coordinaci\u00f3n con la C\u00e1mara Nacional de la Industria Restaurantera y Alimentos Condimentados (Canirac), estableci\u00f3 un protocolo integral de acciones para garantizar la protecci\u00f3n contra riesgos sanitarios durante la Copa Mundial de [&hellip;]","og_url":"https:\/\/masquenoticias.mx\/index.php\/2026\/04\/27\/secretaria-de-salud-refuerza-acciones-sanitarias-en-colima-por-el-mundial-de-futbol-2026\/","og_site_name":"M\u00e1s Que Noticias","article_publisher":"https:\/\/www.facebook.com\/masquenoticiascolima","article_published_time":"2026-04-27T18:30:48+00:00","og_image":[{"width":1243,"height":893,"url":"https:\/\/masquenoticias.mx\/wp-content\/uploads\/2026\/04\/WhatsApp-Image-2026-04-27-at-11.31.12-AM.jpeg","type":"image\/jpeg"}],"author":"Redacci\u00f3n","twitter_card":"summary_large_image","twitter_creator":"@edgartove","twitter_site":"@edgartove","twitter_misc":{"Escrito por":"Redacci\u00f3n","Tiempo de lectura":"2 minutos"},"schema":{"@context":"https:\/\/schema.org","@graph":[{"@type":"Article","@id":"https:\/\/masquenoticias.mx\/index.php\/2026\/04\/27\/secretaria-de-salud-refuerza-acciones-sanitarias-en-colima-por-el-mundial-de-futbol-2026\/#article","isPartOf":{"@id":"https:\/\/masquenoticias.mx\/index.php\/2026\/04\/27\/secretaria-de-salud-refuerza-acciones-sanitarias-en-colima-por-el-mundial-de-futbol-2026\/"},"author":{"name":"Redacci\u00f3n","@id":"https:\/\/masquenoticias.mx\/#\/schema\/person\/544d19989ef23d34615f691f7a96e622"},"headline":"Secretar\u00eda de Salud refuerza acciones sanitarias en Colima por el Mundial de Futbol 2026","datePublished":"2026-04-27T18:30:48+00:00","mainEntityOfPage":{"@id":"https:\/\/masquenoticias.mx\/index.php\/2026\/04\/27\/secretaria-de-salud-refuerza-acciones-sanitarias-en-colima-por-el-mundial-de-futbol-2026\/"},"wordCount":315,"commentCount":0,"publisher":{"@id":"https:\/\/masquenoticias.mx\/#organization"},"image":{"@id":"https:\/\/masquenoticias.mx\/index.php\/2026\/04\/27\/secretaria-de-salud-refuerza-acciones-sanitarias-en-colima-por-el-mundial-de-futbol-2026\/#primaryimage"},"thumbnailUrl":"https:\/\/i0.wp.com\/masquenoticias.mx\/wp-content\/uploads\/2026\/04\/WhatsApp-Image-2026-04-27-at-11.31.12-AM.jpeg?fit=1243%2C893&ssl=1","keywords":["Salud"],"articleSection":["Estado"],"inLanguage":"es","potentialAction":[{"@type":"CommentAction","name":"Comment","target":["https:\/\/masquenoticias.mx\/index.php\/2026\/04\/27\/secretaria-de-salud-refuerza-acciones-sanitarias-en-colima-por-el-mundial-de-futbol-2026\/#respond"]}]},{"@type":"WebPage","@id":"https:\/\/masquenoticias.mx\/index.php\/2026\/04\/27\/secretaria-de-salud-refuerza-acciones-sanitarias-en-colima-por-el-mundial-de-futbol-2026\/","url":"https:\/\/masquenoticias.mx\/index.php\/2026\/04\/27\/secretaria-de-salud-refuerza-acciones-sanitarias-en-colima-por-el-mundial-de-futbol-2026\/","name":"Secretar\u00eda de Salud refuerza acciones sanitarias en Colima por el Mundial de Futbol 2026 - M\u00e1s Que Noticias","isPartOf":{"@id":"https:\/\/masquenoticias.mx\/#website"},"primaryImageOfPage":{"@id":"https:\/\/masquenoticias.mx\/index.php\/2026\/04\/27\/secretaria-de-salud-refuerza-acciones-sanitarias-en-colima-por-el-mundial-de-futbol-2026\/#primaryimage"},"image":{"@id":"https:\/\/masquenoticias.mx\/index.php\/2026\/04\/27\/secretaria-de-salud-refuerza-acciones-sanitarias-en-colima-por-el-mundial-de-futbol-2026\/#primaryimage"},"thumbnailUrl":"https:\/\/i0.wp.com\/masquenoticias.mx\/wp-content\/uploads\/2026\/04\/WhatsApp-Image-2026-04-27-at-11.31.12-AM.jpeg?fit=1243%2C893&ssl=1","datePublished":"2026-04-27T18:30:48+00:00","breadcrumb":{"@id":"https:\/\/masquenoticias.mx\/index.php\/2026\/04\/27\/secretaria-de-salud-refuerza-acciones-sanitarias-en-colima-por-el-mundial-de-futbol-2026\/#breadcrumb"},"inLanguage":"es","potentialAction":[{"@type":"ReadAction","target":["https:\/\/masquenoticias.mx\/index.php\/2026\/04\/27\/secretaria-de-salud-refuerza-acciones-sanitarias-en-colima-por-el-mundial-de-futbol-2026\/"]}]},{"@type":"ImageObject","inLanguage":"es","@id":"https:\/\/masquenoticias.mx\/index.php\/2026\/04\/27\/secretaria-de-salud-refuerza-acciones-sanitarias-en-colima-por-el-mundial-de-futbol-2026\/#primaryimage","url":"https:\/\/i0.wp.com\/masquenoticias.mx\/wp-content\/uploads\/2026\/04\/WhatsApp-Image-2026-04-27-at-11.31.12-AM.jpeg?fit=1243%2C893&ssl=1","contentUrl":"https:\/\/i0.wp.com\/masquenoticias.mx\/wp-content\/uploads\/2026\/04\/WhatsApp-Image-2026-04-27-at-11.31.12-AM.jpeg?fit=1243%2C893&ssl=1","width":1243,"height":893},{"@type":"BreadcrumbList","@id":"https:\/\/masquenoticias.mx\/index.php\/2026\/04\/27\/secretaria-de-salud-refuerza-acciones-sanitarias-en-colima-por-el-mundial-de-futbol-2026\/#breadcrumb","itemListElement":[{"@type":"ListItem","position":1,"name":"Inicio","item":"https:\/\/masquenoticias.mx\/"},{"@type":"ListItem","position":2,"name":"Secretar\u00eda de Salud refuerza acciones sanitarias en Colima por el Mundial de Futbol 2026"}]},{"@type":"WebSite","@id":"https:\/\/masquenoticias.mx\/#website","url":"https:\/\/masquenoticias.mx\/","name":"M\u00e1s Que Noticias","description":"Noticias de Colima, M\u00e9xico y el Mundo","publisher":{"@id":"https:\/\/masquenoticias.mx\/#organization"},"potentialAction":[{"@type":"SearchAction","target":{"@type":"EntryPoint","urlTemplate":"https:\/\/masquenoticias.mx\/?s={search_term_string}"},"query-input":{"@type":"PropertyValueSpecification","valueRequired":true,"valueName":"search_term_string"}}],"inLanguage":"es"},{"@type":"Organization","@id":"https:\/\/masquenoticias.mx\/#organization","name":"M\u00e1s Que Noticias","url":"https:\/\/masquenoticias.mx\/","logo":{"@type":"ImageObject","inLanguage":"es","@id":"https:\/\/masquenoticias.mx\/#\/schema\/logo\/image\/","url":"https:\/\/i0.wp.com\/masquenoticias.mx\/wp-content\/uploads\/2024\/04\/IMG_0004.png?fit=2560%2C1656&ssl=1","contentUrl":"https:\/\/i0.wp.com\/masquenoticias.mx\/wp-content\/uploads\/2024\/04\/IMG_0004.png?fit=2560%2C1656&ssl=1","width":2560,"height":1656,"caption":"M\u00e1s Que Noticias"},"image":{"@id":"https:\/\/masquenoticias.mx\/#\/schema\/logo\/image\/"},"sameAs":["https:\/\/www.facebook.com\/masquenoticiascolima","https:\/\/x.com\/edgartove","https:\/\/www.instagram.com\/masquenoticiascolima\/"]},{"@type":"Person","@id":"https:\/\/masquenoticias.mx\/#\/schema\/person\/544d19989ef23d34615f691f7a96e622","name":"Redacci\u00f3n","image":{"@type":"ImageObject","inLanguage":"es","@id":"https:\/\/masquenoticias.mx\/#\/schema\/person\/image\/","url":"https:\/\/secure.gravatar.com\/avatar\/7fcc926d5b058d3f3d52d95b4d05dd58?s=96&d=mm&r=g","contentUrl":"https:\/\/secure.gravatar.com\/avatar\/7fcc926d5b058d3f3d52d95b4d05dd58?s=96&d=mm&r=g","caption":"Redacci\u00f3n"},"sameAs":["http:\/\/masquenoticias.mx"],"url":"https:\/\/masquenoticias.mx\/index.php\/author\/edgartovegmail-com\/"}]}},"jetpack_featured_media_url":"https:\/\/i0.wp.com\/masquenoticias.mx\/wp-content\/uploads\/2026\/04\/WhatsApp-Image-2026-04-27-at-11.31.12-AM.jpeg?fit=1243%2C893&ssl=1","blog_post_layout_featured_media_urls":{"thumbnail":["https:\/\/i0.wp.com\/masquenoticias.mx\/wp-content\/uploads\/2026\/04\/WhatsApp-Image-2026-04-27-at-11.31.12-AM.jpeg?resize=150%2C150&ssl=1",150,150,true],"full":["https:\/\/i0.wp.com\/masquenoticias.mx\/wp-content\/uploads\/2026\/04\/WhatsApp-Image-2026-04-27-at-11.31.12-AM.jpeg?fit=1243%2C893&ssl=1",1243,893,false]},"categories_names":{"24":{"name":"Estado","link":"https:\/\/masquenoticias.mx\/index.php\/category\/estado\/"}},"tags_names":{"63":{"name":"Salud","link":"https:\/\/masquenoticias.mx\/index.php\/tag\/salud\/"}},"comments_number":"0","wpmagazine_modules_lite_featured_media_urls":{"thumbnail":["https:\/\/i0.wp.com\/masquenoticias.mx\/wp-content\/uploads\/2026\/04\/WhatsApp-Image-2026-04-27-at-11.31.12-AM.jpeg?resize=150%2C150&ssl=1",150,150,true],"cvmm-medium":["https:\/\/i0.wp.com\/masquenoticias.mx\/wp-content\/uploads\/2026\/04\/WhatsApp-Image-2026-04-27-at-11.31.12-AM.jpeg?resize=300%2C300&ssl=1",300,300,true],"cvmm-medium-plus":["https:\/\/i0.wp.com\/masquenoticias.mx\/wp-content\/uploads\/2026\/04\/WhatsApp-Image-2026-04-27-at-11.31.12-AM.jpeg?resize=305%2C207&ssl=1",305,207,true],"cvmm-portrait":["https:\/\/i0.wp.com\/masquenoticias.mx\/wp-content\/uploads\/2026\/04\/WhatsApp-Image-2026-04-27-at-11.31.12-AM.jpeg?resize=400%2C600&ssl=1",400,600,true],"cvmm-medium-square":["https:\/\/i0.wp.com\/masquenoticias.mx\/wp-content\/uploads\/2026\/04\/WhatsApp-Image-2026-04-27-at-11.31.12-AM.jpeg?resize=600%2C600&ssl=1",600,600,true],"cvmm-large":["https:\/\/i0.wp.com\/masquenoticias.mx\/wp-content\/uploads\/2026\/04\/WhatsApp-Image-2026-04-27-at-11.31.12-AM.jpeg?resize=1024%2C893&ssl=1",1024,893,true],"cvmm-small":["https:\/\/i0.wp.com\/masquenoticias.mx\/wp-content\/uploads\/2026\/04\/WhatsApp-Image-2026-04-27-at-11.31.12-AM.jpeg?resize=130%2C95&ssl=1",130,95,true],"full":["https:\/\/i0.wp.com\/masquenoticias.mx\/wp-content\/uploads\/2026\/04\/WhatsApp-Image-2026-04-27-at-11.31.12-AM.jpeg?fit=1243%2C893&ssl=1",1243,893,false]},"jetpack-related-posts":[],"jetpack_sharing_enabled":true,"jetpack_likes_enabled":true,"jetpack_shortlink":"https:\/\/wp.me\/pf7pkt-5RK","_links":{"self":[{"href":"https:\/\/masquenoticias.mx\/index.php\/wp-json\/wp\/v2\/posts\/22552","targetHints":{"allow":["GET"]}}],"collection":[{"href":"https:\/\/masquenoticias.mx\/index.php\/wp-json\/wp\/v2\/posts"}],"about":[{"href":"https:\/\/masquenoticias.mx\/index.php\/wp-json\/wp\/v2\/types\/post"}],"author":[{"embeddable":true,"href":"https:\/\/masquenoticias.mx\/index.php\/wp-json\/wp\/v2\/users\/1"}],"replies":[{"embeddable":true,"href":"https:\/\/masquenoticias.mx\/index.php\/wp-json\/wp\/v2\/comments?post=22552"}],"version-history":[{"count":1,"href":"https:\/\/masquenoticias.mx\/index.php\/wp-json\/wp\/v2\/posts\/22552\/revisions"}],"predecessor-version":[{"id":22554,"href":"https:\/\/masquenoticias.mx\/index.php\/wp-json\/wp\/v2\/posts\/22552\/revisions\/22554"}],"wp:featuredmedia":[{"embeddable":true,"href":"https:\/\/masquenoticias.mx\/index.php\/wp-json\/wp\/v2\/media\/22553"}],"wp:attachment":[{"href":"https:\/\/masquenoticias.mx\/index.php\/wp-json\/wp\/v2\/media?parent=22552"}],"wp:term":[{"taxonomy":"category","embeddable":true,"href":"https:\/\/masquenoticias.mx\/index.php\/wp-json\/wp\/v2\/categories?post=22552"},{"taxonomy":"post_tag","embeddable":true,"href":"https:\/\/masquenoticias.mx\/index.php\/wp-json\/wp\/v2\/tags?post=22552"}],"curies":[{"name":"wp","href":"https:\/\/api.w.org\/{rel}","templated":true}]}}