{"id":22549,"date":"2026-04-27T12:27:33","date_gmt":"2026-04-27T18:27:33","guid":{"rendered":"https:\/\/masquenoticias.mx\/?p=22549"},"modified":"2026-04-27T12:27:33","modified_gmt":"2026-04-27T18:27:33","slug":"record-de-participantes-en-torneo-internacional-infantil-de-pesca-en-manzanillo-fueron-casi-750-menores","status":"publish","type":"post","link":"https:\/\/masquenoticias.mx\/index.php\/2026\/04\/27\/record-de-participantes-en-torneo-internacional-infantil-de-pesca-en-manzanillo-fueron-casi-750-menores\/","title":{"rendered":"R\u00e9cord de participantes en torneo internacional infantil de pesca en Manzanillo; fueron casi 750 menores"},"content":{"rendered":"<p>Con una participaci\u00f3n hist\u00f3rica de 745 ni\u00f1as y ni\u00f1os, el 42\u00b0 torneo internacional infantil de pesca \u2018Guillermo Adachi Naitoh\u2019 se consolida como uno de los eventos emblem\u00e1ticos de Manzanillo, al reunir a cientos de familias en el muelle de cruceros del centro hist\u00f3rico, generando un ambiente de convivencia y entusiasmo en torno a la pesca deportiva, destac\u00f3 la Subsecretar\u00eda de Turismo (Subsectur) del Gobierno del Estado de Colima que preside la mandataria Indira Vizca\u00edno Silva.<\/p>\n<p>Durante esta jornada, las y los participantes vivieron una experiencia enfocada en fomentar la pasi\u00f3n por el mar y el respeto por los ecosistemas, bajo la modalidad de pesca y libera. Como parte del reconocimiento a su esfuerzo, las y los ganadores recibieron diversos premios, entre ellos bicicletas y tours de pesca, incentivando su desarrollo en esta disciplina.<\/p>\n<p>El Deportivo de Pesca Manzanillo inform\u00f3 que la edici\u00f3n 2026 super\u00f3 ampliamente la participaci\u00f3n del a\u00f1o anterior, que registr\u00f3 420 menores, as\u00ed como el r\u00e9cord hist\u00f3rico previo de 710 participantes alcanzado en 2016, reflejando el renovado inter\u00e9s por este torneo tradicional.<\/p>\n<p>Subsectur destac\u00f3 el trabajo de la nueva directiva del club y su colaboraci\u00f3n con la gesti\u00f3n de la gobernadora Indira Vizca\u00edno para reactivar los eventos que resaltan la identidad de Manzanillo. El Gobierno del Estado reafirma su compromiso con el impulso a actividades que fortalecen el tejido social, promueven la cultura mar\u00edtima y consolidan al destino como referente tur\u00edstico #DelMarALaMonta\u00f1a<\/p>\n","protected":false},"excerpt":{"rendered":"<p>Con una participaci\u00f3n hist\u00f3rica de 745 ni\u00f1as y ni\u00f1os, el 42\u00b0 torneo internacional infantil de pesca \u2018Guillermo Adachi Naitoh\u2019 se consolida como uno de los eventos emblem\u00e1ticos de Manzanillo, al reunir a cientos de familias en el muelle de cruceros del centro hist\u00f3rico, generando un ambiente de convivencia y entusiasmo en torno a la pesca [&hellip;]<\/p>\n","protected":false},"author":1,"featured_media":22550,"comment_status":"open","ping_status":"open","sticky":false,"template":"","format":"standard","meta":{"_jetpack_memberships_contains_paid_content":false,"footnotes":""},"categories":[24],"tags":[96],"class_list":["post-22549","post","type-post","status-publish","format-standard","has-post-thumbnail","hentry","category-estado","tag-turismo"],"yoast_head":"<!-- This site is optimized with the Yoast SEO plugin v26.6 - https:\/\/yoast.com\/wordpress\/plugins\/seo\/ -->\n<title>R\u00e9cord de participantes en torneo internacional infantil de pesca en Manzanillo; fueron casi 750 menores - M\u00e1s Que Noticias<\/title>\n<meta name=\"robots\" content=\"index, follow, max-snippet:-1, max-image-preview:large, max-video-preview:-1\" \/>\n<link rel=\"canonical\" href=\"https:\/\/masquenoticias.mx\/index.php\/2026\/04\/27\/record-de-participantes-en-torneo-internacional-infantil-de-pesca-en-manzanillo-fueron-casi-750-menores\/\" \/>\n<meta property=\"og:locale\" content=\"es_MX\" \/>\n<meta property=\"og:type\" content=\"article\" \/>\n<meta property=\"og:title\" content=\"R\u00e9cord de participantes en torneo internacional infantil de pesca en Manzanillo; fueron casi 750 menores - M\u00e1s Que Noticias\" \/>\n<meta property=\"og:description\" content=\"Con una participaci\u00f3n hist\u00f3rica de 745 ni\u00f1as y ni\u00f1os, el 42\u00b0 torneo internacional infantil de pesca \u2018Guillermo Adachi Naitoh\u2019 se consolida como uno de los eventos emblem\u00e1ticos de Manzanillo, al reunir a cientos de familias en el muelle de cruceros del centro hist\u00f3rico, generando un ambiente de convivencia y entusiasmo en torno a la pesca [&hellip;]\" \/>\n<meta property=\"og:url\" content=\"https:\/\/masquenoticias.mx\/index.php\/2026\/04\/27\/record-de-participantes-en-torneo-internacional-infantil-de-pesca-en-manzanillo-fueron-casi-750-menores\/\" \/>\n<meta property=\"og:site_name\" content=\"M\u00e1s Que Noticias\" \/>\n<meta property=\"article:publisher\" content=\"https:\/\/www.facebook.com\/masquenoticiascolima\" \/>\n<meta property=\"article:published_time\" content=\"2026-04-27T18:27:33+00:00\" \/>\n<meta property=\"og:image\" content=\"https:\/\/masquenoticias.mx\/wp-content\/uploads\/2026\/04\/WhatsApp-Image-2026-04-27-at-10.39.50-AM-1.jpeg\" \/>\n\t<meta property=\"og:image:width\" content=\"1245\" \/>\n\t<meta property=\"og:image:height\" content=\"880\" \/>\n\t<meta property=\"og:image:type\" content=\"image\/jpeg\" \/>\n<meta name=\"author\" content=\"Redacci\u00f3n\" \/>\n<meta name=\"twitter:card\" content=\"summary_large_image\" \/>\n<meta name=\"twitter:creator\" content=\"@edgartove\" \/>\n<meta name=\"twitter:site\" content=\"@edgartove\" \/>\n<meta name=\"twitter:label1\" content=\"Escrito por\" \/>\n\t<meta name=\"twitter:data1\" content=\"Redacci\u00f3n\" \/>\n\t<meta name=\"twitter:label2\" content=\"Tiempo de lectura\" \/>\n\t<meta name=\"twitter:data2\" content=\"2 minutos\" \/>\n<script type=\"application\/ld+json\" class=\"yoast-schema-graph\">{\"@context\":\"https:\/\/schema.org\",\"@graph\":[{\"@type\":\"Article\",\"@id\":\"https:\/\/masquenoticias.mx\/index.php\/2026\/04\/27\/record-de-participantes-en-torneo-internacional-infantil-de-pesca-en-manzanillo-fueron-casi-750-menores\/#article\",\"isPartOf\":{\"@id\":\"https:\/\/masquenoticias.mx\/index.php\/2026\/04\/27\/record-de-participantes-en-torneo-internacional-infantil-de-pesca-en-manzanillo-fueron-casi-750-menores\/\"},\"author\":{\"name\":\"Redacci\u00f3n\",\"@id\":\"https:\/\/masquenoticias.mx\/#\/schema\/person\/544d19989ef23d34615f691f7a96e622\"},\"headline\":\"R\u00e9cord de participantes en torneo internacional infantil de pesca en Manzanillo; fueron casi 750 menores\",\"datePublished\":\"2026-04-27T18:27:33+00:00\",\"mainEntityOfPage\":{\"@id\":\"https:\/\/masquenoticias.mx\/index.php\/2026\/04\/27\/record-de-participantes-en-torneo-internacional-infantil-de-pesca-en-manzanillo-fueron-casi-750-menores\/\"},\"wordCount\":264,\"commentCount\":0,\"publisher\":{\"@id\":\"https:\/\/masquenoticias.mx\/#organization\"},\"image\":{\"@id\":\"https:\/\/masquenoticias.mx\/index.php\/2026\/04\/27\/record-de-participantes-en-torneo-internacional-infantil-de-pesca-en-manzanillo-fueron-casi-750-menores\/#primaryimage\"},\"thumbnailUrl\":\"https:\/\/i0.wp.com\/masquenoticias.mx\/wp-content\/uploads\/2026\/04\/WhatsApp-Image-2026-04-27-at-10.39.50-AM-1.jpeg?fit=1245%2C880&ssl=1\",\"keywords\":[\"Turismo\"],\"articleSection\":[\"Estado\"],\"inLanguage\":\"es\",\"potentialAction\":[{\"@type\":\"CommentAction\",\"name\":\"Comment\",\"target\":[\"https:\/\/masquenoticias.mx\/index.php\/2026\/04\/27\/record-de-participantes-en-torneo-internacional-infantil-de-pesca-en-manzanillo-fueron-casi-750-menores\/#respond\"]}]},{\"@type\":\"WebPage\",\"@id\":\"https:\/\/masquenoticias.mx\/index.php\/2026\/04\/27\/record-de-participantes-en-torneo-internacional-infantil-de-pesca-en-manzanillo-fueron-casi-750-menores\/\",\"url\":\"https:\/\/masquenoticias.mx\/index.php\/2026\/04\/27\/record-de-participantes-en-torneo-internacional-infantil-de-pesca-en-manzanillo-fueron-casi-750-menores\/\",\"name\":\"R\u00e9cord de participantes en torneo internacional infantil de pesca en Manzanillo; fueron casi 750 menores - M\u00e1s Que Noticias\",\"isPartOf\":{\"@id\":\"https:\/\/masquenoticias.mx\/#website\"},\"primaryImageOfPage\":{\"@id\":\"https:\/\/masquenoticias.mx\/index.php\/2026\/04\/27\/record-de-participantes-en-torneo-internacional-infantil-de-pesca-en-manzanillo-fueron-casi-750-menores\/#primaryimage\"},\"image\":{\"@id\":\"https:\/\/masquenoticias.mx\/index.php\/2026\/04\/27\/record-de-participantes-en-torneo-internacional-infantil-de-pesca-en-manzanillo-fueron-casi-750-menores\/#primaryimage\"},\"thumbnailUrl\":\"https:\/\/i0.wp.com\/masquenoticias.mx\/wp-content\/uploads\/2026\/04\/WhatsApp-Image-2026-04-27-at-10.39.50-AM-1.jpeg?fit=1245%2C880&ssl=1\",\"datePublished\":\"2026-04-27T18:27:33+00:00\",\"breadcrumb\":{\"@id\":\"https:\/\/masquenoticias.mx\/index.php\/2026\/04\/27\/record-de-participantes-en-torneo-internacional-infantil-de-pesca-en-manzanillo-fueron-casi-750-menores\/#breadcrumb\"},\"inLanguage\":\"es\",\"potentialAction\":[{\"@type\":\"ReadAction\",\"target\":[\"https:\/\/masquenoticias.mx\/index.php\/2026\/04\/27\/record-de-participantes-en-torneo-internacional-infantil-de-pesca-en-manzanillo-fueron-casi-750-menores\/\"]}]},{\"@type\":\"ImageObject\",\"inLanguage\":\"es\",\"@id\":\"https:\/\/masquenoticias.mx\/index.php\/2026\/04\/27\/record-de-participantes-en-torneo-internacional-infantil-de-pesca-en-manzanillo-fueron-casi-750-menores\/#primaryimage\",\"url\":\"https:\/\/i0.wp.com\/masquenoticias.mx\/wp-content\/uploads\/2026\/04\/WhatsApp-Image-2026-04-27-at-10.39.50-AM-1.jpeg?fit=1245%2C880&ssl=1\",\"contentUrl\":\"https:\/\/i0.wp.com\/masquenoticias.mx\/wp-content\/uploads\/2026\/04\/WhatsApp-Image-2026-04-27-at-10.39.50-AM-1.jpeg?fit=1245%2C880&ssl=1\",\"width\":1245,\"height\":880},{\"@type\":\"BreadcrumbList\",\"@id\":\"https:\/\/masquenoticias.mx\/index.php\/2026\/04\/27\/record-de-participantes-en-torneo-internacional-infantil-de-pesca-en-manzanillo-fueron-casi-750-menores\/#breadcrumb\",\"itemListElement\":[{\"@type\":\"ListItem\",\"position\":1,\"name\":\"Inicio\",\"item\":\"https:\/\/masquenoticias.mx\/\"},{\"@type\":\"ListItem\",\"position\":2,\"name\":\"R\u00e9cord de participantes en torneo internacional infantil de pesca en Manzanillo; fueron casi 750 menores\"}]},{\"@type\":\"WebSite\",\"@id\":\"https:\/\/masquenoticias.mx\/#website\",\"url\":\"https:\/\/masquenoticias.mx\/\",\"name\":\"M\u00e1s Que Noticias\",\"description\":\"Noticias de Colima, M\u00e9xico y el Mundo\",\"publisher\":{\"@id\":\"https:\/\/masquenoticias.mx\/#organization\"},\"potentialAction\":[{\"@type\":\"SearchAction\",\"target\":{\"@type\":\"EntryPoint\",\"urlTemplate\":\"https:\/\/masquenoticias.mx\/?s={search_term_string}\"},\"query-input\":{\"@type\":\"PropertyValueSpecification\",\"valueRequired\":true,\"valueName\":\"search_term_string\"}}],\"inLanguage\":\"es\"},{\"@type\":\"Organization\",\"@id\":\"https:\/\/masquenoticias.mx\/#organization\",\"name\":\"M\u00e1s Que Noticias\",\"url\":\"https:\/\/masquenoticias.mx\/\",\"logo\":{\"@type\":\"ImageObject\",\"inLanguage\":\"es\",\"@id\":\"https:\/\/masquenoticias.mx\/#\/schema\/logo\/image\/\",\"url\":\"https:\/\/i0.wp.com\/masquenoticias.mx\/wp-content\/uploads\/2024\/04\/IMG_0004.png?fit=2560%2C1656&ssl=1\",\"contentUrl\":\"https:\/\/i0.wp.com\/masquenoticias.mx\/wp-content\/uploads\/2024\/04\/IMG_0004.png?fit=2560%2C1656&ssl=1\",\"width\":2560,\"height\":1656,\"caption\":\"M\u00e1s Que Noticias\"},\"image\":{\"@id\":\"https:\/\/masquenoticias.mx\/#\/schema\/logo\/image\/\"},\"sameAs\":[\"https:\/\/www.facebook.com\/masquenoticiascolima\",\"https:\/\/x.com\/edgartove\",\"https:\/\/www.instagram.com\/masquenoticiascolima\/\"]},{\"@type\":\"Person\",\"@id\":\"https:\/\/masquenoticias.mx\/#\/schema\/person\/544d19989ef23d34615f691f7a96e622\",\"name\":\"Redacci\u00f3n\",\"image\":{\"@type\":\"ImageObject\",\"inLanguage\":\"es\",\"@id\":\"https:\/\/masquenoticias.mx\/#\/schema\/person\/image\/\",\"url\":\"https:\/\/secure.gravatar.com\/avatar\/7fcc926d5b058d3f3d52d95b4d05dd58?s=96&d=mm&r=g\",\"contentUrl\":\"https:\/\/secure.gravatar.com\/avatar\/7fcc926d5b058d3f3d52d95b4d05dd58?s=96&d=mm&r=g\",\"caption\":\"Redacci\u00f3n\"},\"sameAs\":[\"http:\/\/masquenoticias.mx\"],\"url\":\"https:\/\/masquenoticias.mx\/index.php\/author\/edgartovegmail-com\/\"}]}<\/script>\n<!-- \/ Yoast SEO plugin. -->","yoast_head_json":{"title":"R\u00e9cord de participantes en torneo internacional infantil de pesca en Manzanillo; fueron casi 750 menores - M\u00e1s Que Noticias","robots":{"index":"index","follow":"follow","max-snippet":"max-snippet:-1","max-image-preview":"max-image-preview:large","max-video-preview":"max-video-preview:-1"},"canonical":"https:\/\/masquenoticias.mx\/index.php\/2026\/04\/27\/record-de-participantes-en-torneo-internacional-infantil-de-pesca-en-manzanillo-fueron-casi-750-menores\/","og_locale":"es_MX","og_type":"article","og_title":"R\u00e9cord de participantes en torneo internacional infantil de pesca en Manzanillo; fueron casi 750 menores - M\u00e1s Que Noticias","og_description":"Con una participaci\u00f3n hist\u00f3rica de 745 ni\u00f1as y ni\u00f1os, el 42\u00b0 torneo internacional infantil de pesca \u2018Guillermo Adachi Naitoh\u2019 se consolida como uno de los eventos emblem\u00e1ticos de Manzanillo, al reunir a cientos de familias en el muelle de cruceros del centro hist\u00f3rico, generando un ambiente de convivencia y entusiasmo en torno a la pesca [&hellip;]","og_url":"https:\/\/masquenoticias.mx\/index.php\/2026\/04\/27\/record-de-participantes-en-torneo-internacional-infantil-de-pesca-en-manzanillo-fueron-casi-750-menores\/","og_site_name":"M\u00e1s Que Noticias","article_publisher":"https:\/\/www.facebook.com\/masquenoticiascolima","article_published_time":"2026-04-27T18:27:33+00:00","og_image":[{"width":1245,"height":880,"url":"https:\/\/masquenoticias.mx\/wp-content\/uploads\/2026\/04\/WhatsApp-Image-2026-04-27-at-10.39.50-AM-1.jpeg","type":"image\/jpeg"}],"author":"Redacci\u00f3n","twitter_card":"summary_large_image","twitter_creator":"@edgartove","twitter_site":"@edgartove","twitter_misc":{"Escrito por":"Redacci\u00f3n","Tiempo de lectura":"2 minutos"},"schema":{"@context":"https:\/\/schema.org","@graph":[{"@type":"Article","@id":"https:\/\/masquenoticias.mx\/index.php\/2026\/04\/27\/record-de-participantes-en-torneo-internacional-infantil-de-pesca-en-manzanillo-fueron-casi-750-menores\/#article","isPartOf":{"@id":"https:\/\/masquenoticias.mx\/index.php\/2026\/04\/27\/record-de-participantes-en-torneo-internacional-infantil-de-pesca-en-manzanillo-fueron-casi-750-menores\/"},"author":{"name":"Redacci\u00f3n","@id":"https:\/\/masquenoticias.mx\/#\/schema\/person\/544d19989ef23d34615f691f7a96e622"},"headline":"R\u00e9cord de participantes en torneo internacional infantil de pesca en Manzanillo; fueron casi 750 menores","datePublished":"2026-04-27T18:27:33+00:00","mainEntityOfPage":{"@id":"https:\/\/masquenoticias.mx\/index.php\/2026\/04\/27\/record-de-participantes-en-torneo-internacional-infantil-de-pesca-en-manzanillo-fueron-casi-750-menores\/"},"wordCount":264,"commentCount":0,"publisher":{"@id":"https:\/\/masquenoticias.mx\/#organization"},"image":{"@id":"https:\/\/masquenoticias.mx\/index.php\/2026\/04\/27\/record-de-participantes-en-torneo-internacional-infantil-de-pesca-en-manzanillo-fueron-casi-750-menores\/#primaryimage"},"thumbnailUrl":"https:\/\/i0.wp.com\/masquenoticias.mx\/wp-content\/uploads\/2026\/04\/WhatsApp-Image-2026-04-27-at-10.39.50-AM-1.jpeg?fit=1245%2C880&ssl=1","keywords":["Turismo"],"articleSection":["Estado"],"inLanguage":"es","potentialAction":[{"@type":"CommentAction","name":"Comment","target":["https:\/\/masquenoticias.mx\/index.php\/2026\/04\/27\/record-de-participantes-en-torneo-internacional-infantil-de-pesca-en-manzanillo-fueron-casi-750-menores\/#respond"]}]},{"@type":"WebPage","@id":"https:\/\/masquenoticias.mx\/index.php\/2026\/04\/27\/record-de-participantes-en-torneo-internacional-infantil-de-pesca-en-manzanillo-fueron-casi-750-menores\/","url":"https:\/\/masquenoticias.mx\/index.php\/2026\/04\/27\/record-de-participantes-en-torneo-internacional-infantil-de-pesca-en-manzanillo-fueron-casi-750-menores\/","name":"R\u00e9cord de participantes en torneo internacional infantil de pesca en Manzanillo; fueron casi 750 menores - M\u00e1s Que Noticias","isPartOf":{"@id":"https:\/\/masquenoticias.mx\/#website"},"primaryImageOfPage":{"@id":"https:\/\/masquenoticias.mx\/index.php\/2026\/04\/27\/record-de-participantes-en-torneo-internacional-infantil-de-pesca-en-manzanillo-fueron-casi-750-menores\/#primaryimage"},"image":{"@id":"https:\/\/masquenoticias.mx\/index.php\/2026\/04\/27\/record-de-participantes-en-torneo-internacional-infantil-de-pesca-en-manzanillo-fueron-casi-750-menores\/#primaryimage"},"thumbnailUrl":"https:\/\/i0.wp.com\/masquenoticias.mx\/wp-content\/uploads\/2026\/04\/WhatsApp-Image-2026-04-27-at-10.39.50-AM-1.jpeg?fit=1245%2C880&ssl=1","datePublished":"2026-04-27T18:27:33+00:00","breadcrumb":{"@id":"https:\/\/masquenoticias.mx\/index.php\/2026\/04\/27\/record-de-participantes-en-torneo-internacional-infantil-de-pesca-en-manzanillo-fueron-casi-750-menores\/#breadcrumb"},"inLanguage":"es","potentialAction":[{"@type":"ReadAction","target":["https:\/\/masquenoticias.mx\/index.php\/2026\/04\/27\/record-de-participantes-en-torneo-internacional-infantil-de-pesca-en-manzanillo-fueron-casi-750-menores\/"]}]},{"@type":"ImageObject","inLanguage":"es","@id":"https:\/\/masquenoticias.mx\/index.php\/2026\/04\/27\/record-de-participantes-en-torneo-internacional-infantil-de-pesca-en-manzanillo-fueron-casi-750-menores\/#primaryimage","url":"https:\/\/i0.wp.com\/masquenoticias.mx\/wp-content\/uploads\/2026\/04\/WhatsApp-Image-2026-04-27-at-10.39.50-AM-1.jpeg?fit=1245%2C880&ssl=1","contentUrl":"https:\/\/i0.wp.com\/masquenoticias.mx\/wp-content\/uploads\/2026\/04\/WhatsApp-Image-2026-04-27-at-10.39.50-AM-1.jpeg?fit=1245%2C880&ssl=1","width":1245,"height":880},{"@type":"BreadcrumbList","@id":"https:\/\/masquenoticias.mx\/index.php\/2026\/04\/27\/record-de-participantes-en-torneo-internacional-infantil-de-pesca-en-manzanillo-fueron-casi-750-menores\/#breadcrumb","itemListElement":[{"@type":"ListItem","position":1,"name":"Inicio","item":"https:\/\/masquenoticias.mx\/"},{"@type":"ListItem","position":2,"name":"R\u00e9cord de participantes en torneo internacional infantil de pesca en Manzanillo; fueron casi 750 menores"}]},{"@type":"WebSite","@id":"https:\/\/masquenoticias.mx\/#website","url":"https:\/\/masquenoticias.mx\/","name":"M\u00e1s Que Noticias","description":"Noticias de Colima, M\u00e9xico y el Mundo","publisher":{"@id":"https:\/\/masquenoticias.mx\/#organization"},"potentialAction":[{"@type":"SearchAction","target":{"@type":"EntryPoint","urlTemplate":"https:\/\/masquenoticias.mx\/?s={search_term_string}"},"query-input":{"@type":"PropertyValueSpecification","valueRequired":true,"valueName":"search_term_string"}}],"inLanguage":"es"},{"@type":"Organization","@id":"https:\/\/masquenoticias.mx\/#organization","name":"M\u00e1s Que Noticias","url":"https:\/\/masquenoticias.mx\/","logo":{"@type":"ImageObject","inLanguage":"es","@id":"https:\/\/masquenoticias.mx\/#\/schema\/logo\/image\/","url":"https:\/\/i0.wp.com\/masquenoticias.mx\/wp-content\/uploads\/2024\/04\/IMG_0004.png?fit=2560%2C1656&ssl=1","contentUrl":"https:\/\/i0.wp.com\/masquenoticias.mx\/wp-content\/uploads\/2024\/04\/IMG_0004.png?fit=2560%2C1656&ssl=1","width":2560,"height":1656,"caption":"M\u00e1s Que Noticias"},"image":{"@id":"https:\/\/masquenoticias.mx\/#\/schema\/logo\/image\/"},"sameAs":["https:\/\/www.facebook.com\/masquenoticiascolima","https:\/\/x.com\/edgartove","https:\/\/www.instagram.com\/masquenoticiascolima\/"]},{"@type":"Person","@id":"https:\/\/masquenoticias.mx\/#\/schema\/person\/544d19989ef23d34615f691f7a96e622","name":"Redacci\u00f3n","image":{"@type":"ImageObject","inLanguage":"es","@id":"https:\/\/masquenoticias.mx\/#\/schema\/person\/image\/","url":"https:\/\/secure.gravatar.com\/avatar\/7fcc926d5b058d3f3d52d95b4d05dd58?s=96&d=mm&r=g","contentUrl":"https:\/\/secure.gravatar.com\/avatar\/7fcc926d5b058d3f3d52d95b4d05dd58?s=96&d=mm&r=g","caption":"Redacci\u00f3n"},"sameAs":["http:\/\/masquenoticias.mx"],"url":"https:\/\/masquenoticias.mx\/index.php\/author\/edgartovegmail-com\/"}]}},"jetpack_featured_media_url":"https:\/\/i0.wp.com\/masquenoticias.mx\/wp-content\/uploads\/2026\/04\/WhatsApp-Image-2026-04-27-at-10.39.50-AM-1.jpeg?fit=1245%2C880&ssl=1","blog_post_layout_featured_media_urls":{"thumbnail":["https:\/\/i0.wp.com\/masquenoticias.mx\/wp-content\/uploads\/2026\/04\/WhatsApp-Image-2026-04-27-at-10.39.50-AM-1.jpeg?resize=150%2C150&ssl=1",150,150,true],"full":["https:\/\/i0.wp.com\/masquenoticias.mx\/wp-content\/uploads\/2026\/04\/WhatsApp-Image-2026-04-27-at-10.39.50-AM-1.jpeg?fit=1245%2C880&ssl=1",1245,880,false]},"categories_names":{"24":{"name":"Estado","link":"https:\/\/masquenoticias.mx\/index.php\/category\/estado\/"}},"tags_names":{"96":{"name":"Turismo","link":"https:\/\/masquenoticias.mx\/index.php\/tag\/turismo\/"}},"comments_number":"0","wpmagazine_modules_lite_featured_media_urls":{"thumbnail":["https:\/\/i0.wp.com\/masquenoticias.mx\/wp-content\/uploads\/2026\/04\/WhatsApp-Image-2026-04-27-at-10.39.50-AM-1.jpeg?resize=150%2C150&ssl=1",150,150,true],"cvmm-medium":["https:\/\/i0.wp.com\/masquenoticias.mx\/wp-content\/uploads\/2026\/04\/WhatsApp-Image-2026-04-27-at-10.39.50-AM-1.jpeg?resize=300%2C300&ssl=1",300,300,true],"cvmm-medium-plus":["https:\/\/i0.wp.com\/masquenoticias.mx\/wp-content\/uploads\/2026\/04\/WhatsApp-Image-2026-04-27-at-10.39.50-AM-1.jpeg?resize=305%2C207&ssl=1",305,207,true],"cvmm-portrait":["https:\/\/i0.wp.com\/masquenoticias.mx\/wp-content\/uploads\/2026\/04\/WhatsApp-Image-2026-04-27-at-10.39.50-AM-1.jpeg?resize=400%2C600&ssl=1",400,600,true],"cvmm-medium-square":["https:\/\/i0.wp.com\/masquenoticias.mx\/wp-content\/uploads\/2026\/04\/WhatsApp-Image-2026-04-27-at-10.39.50-AM-1.jpeg?resize=600%2C600&ssl=1",600,600,true],"cvmm-large":["https:\/\/i0.wp.com\/masquenoticias.mx\/wp-content\/uploads\/2026\/04\/WhatsApp-Image-2026-04-27-at-10.39.50-AM-1.jpeg?resize=1024%2C880&ssl=1",1024,880,true],"cvmm-small":["https:\/\/i0.wp.com\/masquenoticias.mx\/wp-content\/uploads\/2026\/04\/WhatsApp-Image-2026-04-27-at-10.39.50-AM-1.jpeg?resize=130%2C95&ssl=1",130,95,true],"full":["https:\/\/i0.wp.com\/masquenoticias.mx\/wp-content\/uploads\/2026\/04\/WhatsApp-Image-2026-04-27-at-10.39.50-AM-1.jpeg?fit=1245%2C880&ssl=1",1245,880,false]},"jetpack-related-posts":[],"jetpack_sharing_enabled":true,"jetpack_likes_enabled":true,"jetpack_shortlink":"https:\/\/wp.me\/pf7pkt-5RH","_links":{"self":[{"href":"https:\/\/masquenoticias.mx\/index.php\/wp-json\/wp\/v2\/posts\/22549","targetHints":{"allow":["GET"]}}],"collection":[{"href":"https:\/\/masquenoticias.mx\/index.php\/wp-json\/wp\/v2\/posts"}],"about":[{"href":"https:\/\/masquenoticias.mx\/index.php\/wp-json\/wp\/v2\/types\/post"}],"author":[{"embeddable":true,"href":"https:\/\/masquenoticias.mx\/index.php\/wp-json\/wp\/v2\/users\/1"}],"replies":[{"embeddable":true,"href":"https:\/\/masquenoticias.mx\/index.php\/wp-json\/wp\/v2\/comments?post=22549"}],"version-history":[{"count":1,"href":"https:\/\/masquenoticias.mx\/index.php\/wp-json\/wp\/v2\/posts\/22549\/revisions"}],"predecessor-version":[{"id":22551,"href":"https:\/\/masquenoticias.mx\/index.php\/wp-json\/wp\/v2\/posts\/22549\/revisions\/22551"}],"wp:featuredmedia":[{"embeddable":true,"href":"https:\/\/masquenoticias.mx\/index.php\/wp-json\/wp\/v2\/media\/22550"}],"wp:attachment":[{"href":"https:\/\/masquenoticias.mx\/index.php\/wp-json\/wp\/v2\/media?parent=22549"}],"wp:term":[{"taxonomy":"category","embeddable":true,"href":"https:\/\/masquenoticias.mx\/index.php\/wp-json\/wp\/v2\/categories?post=22549"},{"taxonomy":"post_tag","embeddable":true,"href":"https:\/\/masquenoticias.mx\/index.php\/wp-json\/wp\/v2\/tags?post=22549"}],"curies":[{"name":"wp","href":"https:\/\/api.w.org\/{rel}","templated":true}]}}